{"id":1812,"date":"2014-04-01T12:36:01","date_gmt":"2014-04-01T12:36:01","guid":{"rendered":"https:\/\/www.foodsovereignty.org\/declaration-civil-society-organizations-29th-fao-regional-conference-europe-central-asia-2\/"},"modified":"2024-01-30T23:03:06","modified_gmt":"2024-01-30T23:03:06","slug":"declaration-civil-society-organizations-29th-fao-regional-conference-europe-central-asia-2","status":"publish","type":"post","link":"https:\/\/www.foodsovereignty.org\/es\/declaration-civil-society-organizations-29th-fao-regional-conference-europe-central-asia-2\/","title":{"rendered":"DECLARACI\u00d3N DE LAS ORGANIZACIONES DE LA SOCIEDAD CIVIL EN LA 29.\u00aa CONFERENCIA REGIONAL DE LA FAO PARA EUROPA Y ASIA CENTRAL"},"content":{"rendered":"<p><strong>DECLARACI\u00d3N DE LAS ORGANIZACIONES DE LA SOCIEDAD CIVIL EN LA 29.\u00aa CONFERENCIA\u00a0<\/strong><strong>REGIONAL DE LA FAO PARA EUROPA Y ASIA CENTRAL<\/strong>  &nbsp;  Bucarest, 30 de marzo de 2014  Nosotros, los movimientos sociales e independientes de peque\u00f1os agricultores, trabajadores agr\u00edcolas, organizaciones no gubernamentales (ONG), pescadores y trabajadores del sector pesquero, pastores y ganaderos, consumidores, mujeres y j\u00f3venes de Europa, el C\u00e1ucaso meridional y Asia central, reunidos en Bucarest los d\u00edas 29 y 30 de marzo de 2014, para preparar nuestra contribuci\u00f3n a la 29.\u00aa Conferencia Regional de la Organizaci\u00f3n de las Naciones Unidas para la Alimentaci\u00f3n y la Agricultura (FAO) para Europa y Asia central.  Acogemos con benepl\u00e1cito la <em>Estrategia para las asociaciones con organizaciones de la sociedad civil<\/em> de la FAO, aprobada por los Estados Miembros en el Consejo en 2013. Reafirmamos nuestro compromiso con esta Estrategia; asumiremos nuestra responsabilidad a este respecto y estamos convencidos de que los gobiernos y la FAO sumar\u00e1n tambi\u00e9n sus esfuerzos a este fin. Esperamos vivamente poder colaborar con la FAO a todos los niveles, desde la Sede hasta las oficinas regionales y en los pa\u00edses. Haremos todo lo posible para aumentar la participaci\u00f3n de la sociedad civil en la regi\u00f3n, prestando especial atenci\u00f3n a Europa oriental y Asia central.  En este contexto, consideramos que el proceso de descentralizaci\u00f3n en curso en la FAO es una oportunidad para que la sociedad civil contribuya al establecimiento de prioridades en el plano regional y participe activamente en la aplicaci\u00f3n de las prioridades que compartimos. Este proceso ha de facilitar la aplicaci\u00f3n de la nueva <em>Estrategia para las asociaciones con organizaciones de la sociedad civil<\/em> de la FAO a nivel nacional y regional.  &nbsp; <\/p>\n<ol>\n<li><strong>El DERECHO A LA ALIMENTACI\u00d3N 10 A\u00d1OS DESPU\u00c9S <\/strong><\/li>\n<\/ol>\n<p> Hace 10 a\u00f1os, el Consejo de la FAO aprob\u00f3 las Directrices voluntarias en apoyo de la realizaci\u00f3n progresiva del derecho a una alimentaci\u00f3n adecuada en el contexto de la seguridad alimentaria nacional. Pedimos a la FAO y a sus Estados Miembros que redoblen sus esfuerzos a fin de que estas directrices sean, de hecho, uno de los elementos centrales de sus medidas en aras de lograr unos sistemas alimentarios sostenibles y democr\u00e1ticos que garanticen la realizaci\u00f3n del derecho a la alimentaci\u00f3n para todos. Instamos a la FAO a utilizar estas directrices como criterio para evaluar la situaci\u00f3n de la alimentaci\u00f3n y la seguridad alimentaria en la regi\u00f3n. Como hemos constatado en el informe presentado en la Conferencia sobre la situaci\u00f3n actual de la seguridad alimentaria y la pobreza en determinados pa\u00edses de la regi\u00f3n de Europa y Asia central, el marco para la seguridad alimentaria se centra en particular en el aumento de la producci\u00f3n alimentaria y no aborda de forma global las causas estructurales de la inseguridad alimentaria, como la situaci\u00f3n de los ingresos de la agricultura familiar, los trabajadores agr\u00edcolas, los ganaderos, los pescadores y los consumidores. Es absolutamente indispensable realizar una evaluaci\u00f3n multidimensional para comprender por qu\u00e9 las personas no disponen en todo momento de protecci\u00f3n social ni acceso f\u00edsico y econ\u00f3mico a suficientes alimentos inocuos y nutritivos que satisfagan sus necesidades alimenticias y sus preferencias en materia de alimentos a fin de llevar una vida activa y sana. Los trabajadores del sector agr\u00edcola y alimentario y sus familias se encuentran entre las poblaciones malnutridas y hambrientas de la regi\u00f3n puesto que no pueden permitirse adquirir alimentos adecuados con sus salarios. Si bien en las Directrices sobre el derecho a una alimentaci\u00f3n adecuada se estipula que las condiciones laborables deber\u00edan respetar las obligaciones contra\u00eddas por los Estados en virtud del Pacto Internacional de Derechos Econ\u00f3micos, Sociales y Culturales (PIDESC), los convenios de la Organizaci\u00f3n  Internacional del Trabajo (OIT) y los tratados en materia de derechos humanos, los derechos humanos de los trabajadores siguen siendo violados en las explotaciones agr\u00edcolas. Es particularmente preocupante la situaci\u00f3n de un n\u00famero creciente de trabajadores migrantes que pueden caer presa del trabajo forzado y cautivo. Cada vez se emplean a m\u00e1s trabajadores a trav\u00e9s de intermediarios y agencias de empleo privadas; estas, venden las\u00a0ofertas de trabajo a los trabajadores migrantes por cientos e incluso miles de euros, causando su endeudamiento y oblig\u00e1ndoles a trabajar 14 horas al d\u00eda, siete d\u00edas a la semana para saldar la deuda.  &nbsp; <\/p>\n<ol start=\"2\">\n<li><strong>AGENDA DESPU\u00c9S DE 2015 <\/strong><\/li>\n<\/ol>\n<p> Reconocemos que no se han logrado los Objetivos de Desarrollo del Milenio (ODM) cuya finalidad era reducir el hambre y la malnutrici\u00f3n un 50 %, con el consiguiente fracaso de todas las pol\u00edticas conexas. Los objetivos e indicadores para despu\u00e9s de 2015 hacia un desarrollo \u201csostenible\u201d han de fijarse sobre la base de los siguientes documentos, que ya han sido aprobados por los gobiernos si bien, lamentablemente, a\u00fan no se han llevado a la pr\u00e1ctica: <\/p>\n<ul>\n<li>Directrices voluntarias en apoyo de la realizaci\u00f3n progresiva del derecho a una alimentaci\u00f3n adecuada en el contexto de la seguridad alimentaria nacional,<\/li>\n<\/ul>\n<ul>\n<li>Tratado Internacional sobre los Recursos Fitogen\u00e9ticos para la Alimentaci\u00f3n y la Agricultura http:\/\/www.itpgrfa.net\/International\/.<\/li>\n<\/ul>\n<ul>\n<li><em>Directrices voluntarias sobre la gobernanza responsable de la tenencia de la tierra, la pesca y los bosques<\/em>.<\/li>\n<\/ul>\n<ul>\n<li>el Marco Estrat\u00e9gico Mundial del Comit\u00e9 de Seguridad Alimentaria Mundial (CSA);<\/li>\n<\/ul>\n<ul>\n<li>los resultados de la mesa redonda titulada \u201cInversi\u00f3n en la agricultura a peque\u00f1a escala en favor de la seguridad alimentaria y la nutrici\u00f3n\u201d, celebrada durante el 40.\u00ba per\u00edodo de sesiones del CSA (Roma\u00a0[Italia], 7-11 de octubre de 2013);<\/li>\n<\/ul>\n<ul>\n<li>La Evaluaci\u00f3n internacional del conocimiento, la ciencia y la tecnolog\u00eda en el desarrollo agr\u00edcola\u00a0(IAASTD)<\/li>\n<\/ul>\n<ul>\n<li>las Directrices internacionales para asegurar la pesca sostenible en peque\u00f1a escala;<\/li>\n<\/ul>\n<ul>\n<li>el Programa de Trabajo Decente de la OIT<\/li>\n<\/ul>\n<p> El enfoque inspirado en los derechos es el camino a seguir; es por ello que nos esforzamos para lograr el reconocimiento de la soberan\u00eda alimentaria<sup>1<\/sup> como marco general para todas las pol\u00edticas en materia de seguridad alimentaria destinadas a conseguir la realizaci\u00f3n del derecho a la alimentaci\u00f3n.  &nbsp; <\/p>\n<ol start=\"3\">\n<li><strong>A\u00d1O INTERNACIONAL DE LA AGRICULTURA FAMILIAR <\/strong><\/li>\n<\/ol>\n<p> Las familias de agricultores respetan sus animales y sus cultivos y no conciben la agricultura como una actividad industrial. Garantizan la innovaci\u00f3n y establecen sistemas agroecol\u00f3gicos para producir alimentos saludables y de calidad, velando al mismo tiempo por una ordenaci\u00f3n sostenible de los recursos naturales. Los campesinos tambi\u00e9n pueden fomentar relaciones de confianza con los consumidores, lo cual significa que es posible establecer sistemas alimentarios localizados.  Sin embargo, la celebraci\u00f3n del A\u00f1o Internacional de la Agricultura Familiar (AIAF) contrasta de forma directa con las pol\u00edticas adoptadas a escala mundial que no reconocen la funci\u00f3n esencial que desempe\u00f1a el modelo social de la producci\u00f3n agr\u00edcola en cuanto a la alimentaci\u00f3n, el empleo y el respeto de la naturaleza. Estas pol\u00edticas suelen conducir al desplazamiento de las familias de agricultores de sus zonas de residencia original y son un instrumento de especulaci\u00f3n financiera y de acumulaci\u00f3n de capital que fomenta las guerras econ\u00f3micas y la competencia. El acaparamiento de tierras debido a la miner\u00eda, la fracturaci\u00f3n hidr\u00e1ulica y las grandes inversiones agr\u00edcolas industriales en el monocultivo despojan r\u00e1pidamente a los campesinos y otros productores de alimentos en peque\u00f1a escala de sus recursos de tierras y aguas. El acceso a los recursos h\u00eddricos ya sea para obtener agua potable o para el riego tiene que garantizarse, respetando su ciclo natural, a todas las familias que viven en la zona. El agua es un derecho universal de todos los seres humanos y no puede ser propiedad privada de nadie. Los pescadores artesanales se enfrentan a las mismas dificultades, puesto que\u00a0el acaparamiento del mar tambi\u00e9n es una forma de privatizaci\u00f3n de los recursos marinos. Condenamos en\u00e9rgicamente estas formas no sostenibles de explotaci\u00f3n de los recursos naturales.  Los movimientos sociales y otras organizaciones de la sociedad civil (OSC) de nuestra regi\u00f3n est\u00e1n creando actualmente sistemas alimentarios basados en la soberan\u00eda alimentaria. En este contexto, las organizaciones participantes en la Consulta de OSC instan a todos los gobiernos nacionales, con el apoyo de la FAO, a: <\/p>\n<ol>\n<li>Velar por el estricto respeto de la igualdad de derechos de las mujeres en lo que respecta al acceso a la tierra, la financiaci\u00f3n y los recursos necesarios para la agricultura familiar.<\/li>\n<\/ol>\n<ol start=\"2\">\n<li>Aplicar las Directrices sobre la gobernanza responsable de la tenencia de la tierra, la pesca y los bosques adoptadas en 2012 por el CSA de las Naciones Unidas. Deber\u00eda otorgarse prioridad a detener el acaparamiento de tierras, revertir la concentraci\u00f3n de tierras y asegurar el acceso a la tierra a los agricultores j\u00f3venes y las familias de agricultores a fin de garantizar la renovaci\u00f3n de los sistemas agr\u00edcolas familiares y la vitalidad de las zonas rurales. En este mismo contexto, deber\u00eda detenerse el acaparamiento del mar y deber\u00edan garantizarse los derechos de los pescadores artesanales para que puedan faenar en las zonas tradicionales de pesca.<\/li>\n<\/ol>\n<ol start=\"3\">\n<li>Aumentar la protecci\u00f3n de los derechos humanos de los campesinos y otras personas que trabajan en las zonas rurales. Hacemos un llamamiento a los Estados de Europa y Asia central a fin de que participen y respalden de manera constructiva la labor del Consejo de Derechos Humanos de las\u00a0Naciones Unidas con vistas a elaborar un proyecto de Declaraci\u00f3n de las Naciones Unidas sobre los derechos de los campesinos y otras personas que trabajan en las zonas rurales.<\/li>\n<\/ol>\n<ol start=\"4\">\n<li>Los acuerdos denominados de \u201clibre comercio\u201d solo benefician, por su propia naturaleza, a las empresas transnacionales, en detrimento de los peque\u00f1os agricultores. Estos acuerdos se han adoptado de una forma poco transparente y no democr\u00e1tica, y tienen un efecto negativo sobre las normas alimentarias, por no mencionar los pa\u00edses del hemisferio sur. Por tanto, la Uni\u00f3n Europea (UE), entre otros, deber\u00eda interrumpir las negociaciones sobre los nuevos acuerdos de libre comercio, en particular el acuerdo de libre comercio transatl\u00e1ntico entre la UE y los Estados Unidos de Am\u00e9rica (la Asociaci\u00f3n Transatl\u00e1ntica de Comercio e Inversi\u00f3n), suspender la aplicaci\u00f3n de los acuerdos ya firmados y volver a negociar otros para garantizar que beneficien a las poblaciones. Deber\u00edan evaluarse las repercusiones del acuerdo propuesto sobre la Uni\u00f3n Aduanera Rusa; asimismo, deber\u00eda formularse un plan de mitigaci\u00f3n de sus efectos para proteger la producci\u00f3n alimentaria local. La agricultura deber\u00eda excluirse de la Organizaci\u00f3n Mundial de Comercio (OMC). La FAO deber\u00eda elaborar nuevas normas que regulen el comercio de productos alimenticios y agr\u00edcolas, otorgando prioridad a la satisfacci\u00f3n de las necesidades alimentarias en los planos local y nacional, en consonancia con las obligaciones contra\u00eddas por los Estados en virtud del derecho a la alimentaci\u00f3n.<\/li>\n<\/ol>\n<ol start=\"5\">\n<li>En cuanto a la pol\u00edtica agr\u00edcola com\u00fan (PAC), las decisiones finales sobre la misma y su transposici\u00f3n a nivel nacional y regional deber\u00edan contemplar las necesidades de los peque\u00f1os agricultores. En particular, ello se puede lograr a trav\u00e9s del m\u00e1ximo acoplamiento de las ayudas vinculadas a la producci\u00f3n, eliminando los niveles m\u00ednimos en cuanto a superficie o inversi\u00f3n para tener acceso a las subvenciones (en particular, para la ayuda a la instalaci\u00f3n), aplicando al mismo tiempo l\u00edmites m\u00e1ximos para redistribuir las ayudas en favor de la agricultura familiar. Deber\u00eda adaptarse el principio de la condicionalidad para evitar medidas il\u00f3gicas y discriminatorias en lo relativo a la ganader\u00eda y agricultura familiar.<\/li>\n<\/ol>\n<ol start=\"6\">\n<li>En cuanto a la pol\u00edtica de ampliaci\u00f3n de la UE y la adhesi\u00f3n de pa\u00edses que todav\u00eda no son miembros de la UE, es preciso reconocer que los acuerdos de estabilizaci\u00f3n y asociaci\u00f3n (AEA) contribuyen a la apropiaci\u00f3n de tierras y a la p\u00e9rdida del derecho de acceso a ellas por parte de los peque\u00f1os agricultores. A trav\u00e9s de estos acuerdos, no deber\u00eda permitirse, utilizando para ello la amenaza de las posibles consecuencias penales, que las empresas extranjeras acaparen terrenos agr\u00edcolas por medio de la corrupci\u00f3n. De lo contrario, los AEA podr\u00edan contribuir a encubrir y a legitimar la sustracci\u00f3n derivada de los procesos de privatizaci\u00f3n llevados a cabo en los pa\u00edses que est\u00e1n en el proceso de adhesi\u00f3n a la UE. Si se aplicaran unos m\u00e9todos m\u00e1s flexibles en la renegociaci\u00f3n de los AEA, los\u00a0Estados candidatos a la adhesi\u00f3n a la UE podr\u00edan defender el derecho de acceso a la tierra de los peque\u00f1os agricultores y evitar el acaparamiento de terrenos.<\/li>\n<\/ol>\n<ol start=\"7\">\n<li>Garantizar los derechos inalienables de los agricultores a producir, reproducir, intercambiar y vender sus semillas, salvaguardando la protecci\u00f3n de la biodiversidad cultivada y la autonom\u00eda de los agricultores, reconocidos en el Tratado Internacional sobre los Recursos Fitogen\u00e9ticos para la Alimentaci\u00f3n y la Agricultura. Deber\u00edan prohibirse los cultivos modificados gen\u00e9ticamente en todas las zonas.<\/li>\n<\/ol>\n<ol start=\"8\">\n<li>Promover la producci\u00f3n local en cadenas de suministro de alimentos cortas, o en la distribuci\u00f3n directa de los mismos, que sean accesibles para todos, incluidas las poblaciones m\u00e1s vulnerables. Deber\u00edan promoverse asimismo las compras locales de los peque\u00f1os productores a trav\u00e9s de mecanismos institucionales.<\/li>\n<\/ol>\n<ol start=\"9\">\n<li>Deber\u00edan incluirse expresamente los puntos de venta y de elaboraci\u00f3n de alimentos locales y artesanales en peque\u00f1a escala en las normas de higiene establecidas por los Estados de Europa y Asia central.<\/li>\n<\/ol>\n<ol start=\"10\">\n<li>Los Estados tienen que otorgar prioridad a la instalaci\u00f3n de los j\u00f3venes, garantizando su formaci\u00f3n, as\u00ed como el acceso a la tierra y el apoyo financiero en programas de revitalizaci\u00f3n de zonas rurales que puedan aumentar su atractivo para los j\u00f3venes.<\/li>\n<\/ol>\n<p> &nbsp;  &nbsp; <\/p>\n<ol start=\"4\">\n<li><strong>LAS P\u00c9RDIDAS Y EL DESPERDICIO DE ALIMENTOS <\/strong><\/li>\n<\/ol>\n<p> Es imposible abordar la cuesti\u00f3n de las p\u00e9rdidas y el desperdicio de alimentos sin examinar primero las causas profundas de una producci\u00f3n industrial de alimentos insostenible que predomina en los sistemas alimentarios de Europa y Asia central, que est\u00e1n controlados por los intereses de las empresas y se basan en la concentraci\u00f3n de poder, el monocultivo, las patentes de semillas y razas de ganado, la imposici\u00f3n de plaguicidas y la exclusi\u00f3n de los agricultores y los pescadores en peque\u00f1a escala de las nuevas relaciones y el intercambio de servicios y productos con las comunidades. Recomendamos a la FAO que examine de nuevo y promueva a todos los niveles la necesidad de cambiar de sistema de producci\u00f3n alimentaria para tomar en consideraci\u00f3n el hecho de que los sistemas alimentarios sostenibles se basan en realidad en la agricultura familiar que, por su propia naturaleza, reduce las p\u00e9rdidas y el desperdicio de alimentos. Para ello, es necesario en primer lugar establecer v\u00ednculos entre los peque\u00f1os productores y los mercados locales y fomentar una producci\u00f3n y consumo de alimentos sobre la base de modelos agroecol\u00f3gicos. Recomendamos a la FAO que se realicen estudios independientes con el compromiso de respaldar la evaluaci\u00f3n de los efectos negativos de los modelos agroindustriales.  Debe alentarse a las autoridades locales a incluir a m\u00e1s productores de alimentos en peque\u00f1a escala en las licitaciones para el suministro de alimentos locales saludables a escuelas, hospitales y otros servicios colectivos de restauraci\u00f3n y refrigerio. Adem\u00e1s, deber\u00edan respaldarse canales que garanticen el acceso a productos agr\u00edcolas locales saludables a las poblaciones excluidas socialmente, por ejemplo, mediante la agricultura basada en las comunidades.  Hacemos hincapi\u00e9 en la necesidad de sensibilizar a los consumidores acerca de que ello comporta el pago de un precio justo a los productores locales, as\u00ed como sueldos justos y la protecci\u00f3n social los agricultores (tanto en las explotaciones como en las unidades de elaboraci\u00f3n, junto con el movimiento cooperativista).  Un modo de recabar la participaci\u00f3n de los gobiernos locales es a trav\u00e9s de los consejos de pol\u00edticas alimentarias y centros de alimentos locales; estos \u00f3rganos podr\u00edan proporcionar el v\u00ednculo necesario entre las oficinas de la FAO regionales y en los pa\u00edses con un sistema sostenible que, por su propia naturaleza, reducir\u00e1 las p\u00e9rdidas y el desperdicio de alimentos.  &nbsp; <\/p>\n<ol start=\"5\">\n<li><strong>PRIORIDADES RELATIVAS A LAS ACTIVIDADES DE LA FAO EN LA REGI\u00d3N <\/strong><\/li>\n<\/ol>\n<p> <strong>\u00a0<\/strong> <\/p>\n<ol>\n<li>Llevar a cabo evaluaciones sobre la situaci\u00f3n de la seguridad alimentaria utilizando las Directrices sobre el derecho a la alimentaci\u00f3n. Respaldar a los gobiernos en el proceso de examen de sus pol\u00edticas sobre seguridad alimentaria a la luz de estas Directrices.<\/li>\n<\/ol>\n<ol start=\"2\">\n<li>Coadyuvar a los gobiernos en la realizaci\u00f3n efectiva del derecho de los trabajadores en las explotaciones agr\u00edcolas, estipulado en los principales convenios b\u00e1sicos de la OIT, as\u00ed como garantizar la realizaci\u00f3n de inspecciones laborales adecuadas. Debe otorgarse prioridad a garantizar que los trabajadores sean empleados directamente y no sean tratados como mercanc\u00edas por los intermediarios y las agencias de trabajo temporal. Promover el trabajo decente para todos los trabajadores y detener la precarizaci\u00f3n del empleo a trav\u00e9s de la subcontrataci\u00f3n.<\/li>\n<\/ol>\n<ol start=\"3\">\n<li>Apoyar a los pa\u00edses a fin de que apliquen sin demoras las Directrices internacionales para asegurar la pesca sostenible en peque\u00f1a escala. Instamos a los Estados de Europa y Asia central a que adopten estas directrices en el pr\u00f3ximo per\u00edodo de sesiones del Comit\u00e9 de Pesca.<\/li>\n<\/ol>\n<ol start=\"4\">\n<li>Coadyuvar a los Estados Miembros en la aplicaci\u00f3n de las recomendaciones formuladas por el CSA en la mesa redonda en materia de pol\u00edticas sobre la Inversi\u00f3n en la agricultura a peque\u00f1a escala en favor de la seguridad alimentaria y la nutrici\u00f3n.<\/li>\n<\/ol>\n<ol start=\"5\">\n<li>Apoyar a los gobiernos de Europa y Asia central para garantizar los derechos inalienables de los agricultores a producir, reproducir, intercambiar y vender sus semillas, salvaguardando la protecci\u00f3n de la biodiversidad cultivada y la autonom\u00eda de los agricultores, tal y como se reconoce en el Tratado Internacional sobre los Recursos Fitogen\u00e9ticos para la Alimentaci\u00f3n y la Agricultura.<\/li>\n<\/ol>\n<ol start=\"6\">\n<li>Promover la producci\u00f3n local en cadenas de suministro de alimentos cortas, accesibles a todos, incluidas las poblaciones m\u00e1s vulnerables de Europa y Asia central. Respaldar la adopci\u00f3n de pol\u00edticas de compras locales de los peque\u00f1os agricultores a trav\u00e9s de sistemas de contrataci\u00f3n p\u00fablica.<\/li>\n<\/ol>\n<ol start=\"7\">\n<li>Apoyar a todos los Estados en la elaboraci\u00f3n de normas espec\u00edficas de higiene en relaci\u00f3n con los puntos de venta y de elaboraci\u00f3n de alimentos locales y artesanales en peque\u00f1a escala.<\/li>\n<\/ol>\n<ol start=\"8\">\n<li>Apoyar a los gobiernos a fin de motivar a la juventud, garantizar su formaci\u00f3n, el acceso a la tierra y el apoyo financiero en el marco de programas de revitalizaci\u00f3n de las zonas rurales que aumenten su atractivo para los j\u00f3venes.<\/li>\n<\/ol>\n<ol start=\"9\">\n<li>Coadyuvar a los gobiernos en la aplicaci\u00f3n de las Directrices sobre la gobernanza responsable de la tenencia de la tierra, la pesca y los bosques, adoptadas por el CSA en 2012. Debe otorgarse prioridad a detener el acaparamiento de la tierra y el mar, revertir la concentraci\u00f3n de tierras y asegurar el acceso a la tierra a los agricultores j\u00f3venes y a las familias de agricultores con objeto de garantizar la renovaci\u00f3n de los sistemas agr\u00edcolas familiares y la vitalidad de las zonas rurales.<\/li>\n<\/ol>\n<ol start=\"10\">\n<li>Apoyar a los gobiernos para garantizar la estricta observancia de la igualdad de derechos para las mujeres en lo que respecta al acceso a la tierra, la financiaci\u00f3n y los recursos necesarios para el trabajo campesino.<\/li>\n<\/ol>\n","protected":false},"excerpt":{"rendered":"<p>DECLARACI\u00d3N DE LAS ORGANIZACIONES DE LA SOCIEDAD CIVIL EN LA 29.\u00aa CONFERENCIA\u00a0REGIONAL DE LA FAO PARA EUROPA Y ASIA CENTRAL &nbsp; Bucarest, 30 de marzo de 2014 Nosotros, los movimientos sociales e independientes de peque\u00f1os agricultores, trabajadores agr\u00edcolas, organizaciones no gubernamentales (ONG), pescadores y trabajadores del sector pesquero, pastores y ganaderos, consumidores, mujeres y j\u00f3venes [&hellip;]<\/p>\n","protected":false},"author":1,"featured_media":0,"comment_status":"closed","ping_status":"open","sticky":false,"template":"","format":"standard","meta":{"_acf_changed":false,"footnotes":""},"categories":[61],"tags":[81,78,82,83,79,80],"class_list":["post-1812","post","type-post","status-publish","format-standard","hentry","category-eventos","tag-civil-society","tag-conference","tag-declaration","tag-europe-central-asia","tag-fao","tag-regional-conference"],"acf":[],"yoast_head":"<!-- This site is optimized with the Yoast SEO plugin v27.4 - https:\/\/yoast.com\/product\/yoast-seo-wordpress\/ -->\n<title>DECLARACI\u00d3N DE LAS ORGANIZACIONES DE LA SOCIEDAD CIVIL EN LA 29.\u00aa CONFERENCIA REGIONAL DE LA FAO PARA EUROPA Y ASIA CENTRAL - International Planning Committee for Food Sovereignty (IPC)<\/title>\n<meta name=\"description\" content=\"Bucharest, 30 March 2014 We, European, South Caucasus and Central Asian independent social movements of small farmers, agricultural workers, NGOs, fishers and fish workers, pastoralists and herders, consumers, women and youth, gathered in Bucharest, on 29-30 March 2014, to prepare our contribution to the 29th FAO&#039;s Regional Conference for Europe and Central Asia.\" \/>\n<meta name=\"robots\" content=\"index, follow, max-snippet:-1, max-image-preview:large, max-video-preview:-1\" \/>\n<link rel=\"canonical\" href=\"https:\/\/www.foodsovereignty.org\/es\/declaration-civil-society-organizations-29th-fao-regional-conference-europe-central-asia-2\/\" \/>\n<meta property=\"og:locale\" content=\"es_ES\" \/>\n<meta property=\"og:type\" content=\"article\" \/>\n<meta property=\"og:title\" content=\"DECLARACI\u00d3N DE LAS ORGANIZACIONES DE LA SOCIEDAD CIVIL EN LA 29.\u00aa CONFERENCIA REGIONAL DE LA FAO PARA EUROPA Y ASIA CENTRAL - International Planning Committee for Food Sovereignty (IPC)\" \/>\n<meta property=\"og:description\" content=\"Bucharest, 30 March 2014 We, European, South Caucasus and Central Asian independent social movements of small farmers, agricultural workers, NGOs, fishers and fish workers, pastoralists and herders, consumers, women and youth, gathered in Bucharest, on 29-30 March 2014, to prepare our contribution to the 29th FAO&#039;s Regional Conference for Europe and Central Asia.\" \/>\n<meta property=\"og:url\" content=\"https:\/\/www.foodsovereignty.org\/es\/declaration-civil-society-organizations-29th-fao-regional-conference-europe-central-asia-2\/\" \/>\n<meta property=\"og:site_name\" content=\"International Planning Committee for Food Sovereignty (IPC)\" \/>\n<meta property=\"article:published_time\" content=\"2014-04-01T12:36:01+00:00\" \/>\n<meta property=\"article:modified_time\" content=\"2024-01-30T23:03:06+00:00\" \/>\n<meta name=\"author\" content=\"ipc_staging\" \/>\n<meta name=\"twitter:card\" content=\"summary_large_image\" \/>\n<meta name=\"twitter:label1\" content=\"Escrito por\" \/>\n\t<meta name=\"twitter:data1\" content=\"ipc_staging\" \/>\n\t<meta name=\"twitter:label2\" content=\"Tiempo de lectura\" \/>\n\t<meta name=\"twitter:data2\" content=\"17 minutos\" \/>\n<script type=\"application\/ld+json\" class=\"yoast-schema-graph\">{\"@context\":\"https:\\\/\\\/schema.org\",\"@graph\":[{\"@type\":\"Article\",\"@id\":\"https:\\\/\\\/www.foodsovereignty.org\\\/es\\\/declaration-civil-society-organizations-29th-fao-regional-conference-europe-central-asia-2\\\/#article\",\"isPartOf\":{\"@id\":\"https:\\\/\\\/www.foodsovereignty.org\\\/es\\\/declaration-civil-society-organizations-29th-fao-regional-conference-europe-central-asia-2\\\/\"},\"author\":{\"name\":\"ipc_staging\",\"@id\":\"https:\\\/\\\/www.foodsovereignty.org\\\/es\\\/#\\\/schema\\\/person\\\/2022da6fc0f89b23596d0a63d82b61e1\"},\"headline\":\"DECLARACI\u00d3N DE LAS ORGANIZACIONES DE LA SOCIEDAD CIVIL EN LA 29.\u00aa CONFERENCIA REGIONAL DE LA FAO PARA EUROPA Y ASIA CENTRAL\",\"datePublished\":\"2014-04-01T12:36:01+00:00\",\"dateModified\":\"2024-01-30T23:03:06+00:00\",\"mainEntityOfPage\":{\"@id\":\"https:\\\/\\\/www.foodsovereignty.org\\\/es\\\/declaration-civil-society-organizations-29th-fao-regional-conference-europe-central-asia-2\\\/\"},\"wordCount\":3349,\"keywords\":[\"civil society\",\"conference\",\"declaration\",\"europe central asia\",\"fao\",\"regional conference\"],\"articleSection\":[\"Eventos\"],\"inLanguage\":\"es\"},{\"@type\":\"WebPage\",\"@id\":\"https:\\\/\\\/www.foodsovereignty.org\\\/es\\\/declaration-civil-society-organizations-29th-fao-regional-conference-europe-central-asia-2\\\/\",\"url\":\"https:\\\/\\\/www.foodsovereignty.org\\\/es\\\/declaration-civil-society-organizations-29th-fao-regional-conference-europe-central-asia-2\\\/\",\"name\":\"DECLARACI\u00d3N DE LAS ORGANIZACIONES DE LA SOCIEDAD CIVIL EN LA 29.\u00aa CONFERENCIA REGIONAL DE LA FAO PARA EUROPA Y ASIA CENTRAL - International Planning Committee for Food Sovereignty (IPC)\",\"isPartOf\":{\"@id\":\"https:\\\/\\\/www.foodsovereignty.org\\\/es\\\/#website\"},\"datePublished\":\"2014-04-01T12:36:01+00:00\",\"dateModified\":\"2024-01-30T23:03:06+00:00\",\"author\":{\"@id\":\"https:\\\/\\\/www.foodsovereignty.org\\\/es\\\/#\\\/schema\\\/person\\\/2022da6fc0f89b23596d0a63d82b61e1\"},\"description\":\"Bucharest, 30 March 2014 We, European, South Caucasus and Central Asian independent social movements of small farmers, agricultural workers, NGOs, fishers and fish workers, pastoralists and herders, consumers, women and youth, gathered in Bucharest, on 29-30 March 2014, to prepare our contribution to the 29th FAO's Regional Conference for Europe and Central Asia.\",\"breadcrumb\":{\"@id\":\"https:\\\/\\\/www.foodsovereignty.org\\\/es\\\/declaration-civil-society-organizations-29th-fao-regional-conference-europe-central-asia-2\\\/#breadcrumb\"},\"inLanguage\":\"es\",\"potentialAction\":[{\"@type\":\"ReadAction\",\"target\":[\"https:\\\/\\\/www.foodsovereignty.org\\\/es\\\/declaration-civil-society-organizations-29th-fao-regional-conference-europe-central-asia-2\\\/\"]}]},{\"@type\":\"BreadcrumbList\",\"@id\":\"https:\\\/\\\/www.foodsovereignty.org\\\/es\\\/declaration-civil-society-organizations-29th-fao-regional-conference-europe-central-asia-2\\\/#breadcrumb\",\"itemListElement\":[{\"@type\":\"ListItem\",\"position\":1,\"name\":\"Home\",\"item\":\"https:\\\/\\\/www.foodsovereignty.org\\\/es\\\/\"},{\"@type\":\"ListItem\",\"position\":2,\"name\":\"DECLARACI\u00d3N DE LAS ORGANIZACIONES DE LA SOCIEDAD CIVIL EN LA 29.\u00aa CONFERENCIA REGIONAL DE LA FAO PARA EUROPA Y ASIA CENTRAL\"}]},{\"@type\":\"WebSite\",\"@id\":\"https:\\\/\\\/www.foodsovereignty.org\\\/es\\\/#website\",\"url\":\"https:\\\/\\\/www.foodsovereignty.org\\\/es\\\/\",\"name\":\"International Planning Committee for Food Sovereignty (IPC)\",\"description\":\"\",\"potentialAction\":[{\"@type\":\"SearchAction\",\"target\":{\"@type\":\"EntryPoint\",\"urlTemplate\":\"https:\\\/\\\/www.foodsovereignty.org\\\/es\\\/?s={search_term_string}\"},\"query-input\":{\"@type\":\"PropertyValueSpecification\",\"valueRequired\":true,\"valueName\":\"search_term_string\"}}],\"inLanguage\":\"es\"},{\"@type\":\"Person\",\"@id\":\"https:\\\/\\\/www.foodsovereignty.org\\\/es\\\/#\\\/schema\\\/person\\\/2022da6fc0f89b23596d0a63d82b61e1\",\"name\":\"ipc_staging\",\"image\":{\"@type\":\"ImageObject\",\"inLanguage\":\"es\",\"@id\":\"https:\\\/\\\/secure.gravatar.com\\\/avatar\\\/fce93258e0a23ad6ba66052185f81fce65925c41d889b9d1b920a76951c434af?s=96&d=mm&r=g\",\"url\":\"https:\\\/\\\/secure.gravatar.com\\\/avatar\\\/fce93258e0a23ad6ba66052185f81fce65925c41d889b9d1b920a76951c434af?s=96&d=mm&r=g\",\"contentUrl\":\"https:\\\/\\\/secure.gravatar.com\\\/avatar\\\/fce93258e0a23ad6ba66052185f81fce65925c41d889b9d1b920a76951c434af?s=96&d=mm&r=g\",\"caption\":\"ipc_staging\"},\"sameAs\":[\"http:\\\/\\\/_\"],\"url\":\"https:\\\/\\\/www.foodsovereignty.org\\\/es\\\/author\\\/ipc_staging\\\/\"}]}<\/script>\n<!-- \/ Yoast SEO plugin. -->","yoast_head_json":{"title":"DECLARACI\u00d3N DE LAS ORGANIZACIONES DE LA SOCIEDAD CIVIL EN LA 29.\u00aa CONFERENCIA REGIONAL DE LA FAO PARA EUROPA Y ASIA CENTRAL - International Planning Committee for Food Sovereignty (IPC)","description":"Bucharest, 30 March 2014 We, European, South Caucasus and Central Asian independent social movements of small farmers, agricultural workers, NGOs, fishers and fish workers, pastoralists and herders, consumers, women and youth, gathered in Bucharest, on 29-30 March 2014, to prepare our contribution to the 29th FAO's Regional Conference for Europe and Central Asia.","robots":{"index":"index","follow":"follow","max-snippet":"max-snippet:-1","max-image-preview":"max-image-preview:large","max-video-preview":"max-video-preview:-1"},"canonical":"https:\/\/www.foodsovereignty.org\/es\/declaration-civil-society-organizations-29th-fao-regional-conference-europe-central-asia-2\/","og_locale":"es_ES","og_type":"article","og_title":"DECLARACI\u00d3N DE LAS ORGANIZACIONES DE LA SOCIEDAD CIVIL EN LA 29.\u00aa CONFERENCIA REGIONAL DE LA FAO PARA EUROPA Y ASIA CENTRAL - International Planning Committee for Food Sovereignty (IPC)","og_description":"Bucharest, 30 March 2014 We, European, South Caucasus and Central Asian independent social movements of small farmers, agricultural workers, NGOs, fishers and fish workers, pastoralists and herders, consumers, women and youth, gathered in Bucharest, on 29-30 March 2014, to prepare our contribution to the 29th FAO's Regional Conference for Europe and Central Asia.","og_url":"https:\/\/www.foodsovereignty.org\/es\/declaration-civil-society-organizations-29th-fao-regional-conference-europe-central-asia-2\/","og_site_name":"International Planning Committee for Food Sovereignty (IPC)","article_published_time":"2014-04-01T12:36:01+00:00","article_modified_time":"2024-01-30T23:03:06+00:00","author":"ipc_staging","twitter_card":"summary_large_image","twitter_misc":{"Escrito por":"ipc_staging","Tiempo de lectura":"17 minutos"},"schema":{"@context":"https:\/\/schema.org","@graph":[{"@type":"Article","@id":"https:\/\/www.foodsovereignty.org\/es\/declaration-civil-society-organizations-29th-fao-regional-conference-europe-central-asia-2\/#article","isPartOf":{"@id":"https:\/\/www.foodsovereignty.org\/es\/declaration-civil-society-organizations-29th-fao-regional-conference-europe-central-asia-2\/"},"author":{"name":"ipc_staging","@id":"https:\/\/www.foodsovereignty.org\/es\/#\/schema\/person\/2022da6fc0f89b23596d0a63d82b61e1"},"headline":"DECLARACI\u00d3N DE LAS ORGANIZACIONES DE LA SOCIEDAD CIVIL EN LA 29.\u00aa CONFERENCIA REGIONAL DE LA FAO PARA EUROPA Y ASIA CENTRAL","datePublished":"2014-04-01T12:36:01+00:00","dateModified":"2024-01-30T23:03:06+00:00","mainEntityOfPage":{"@id":"https:\/\/www.foodsovereignty.org\/es\/declaration-civil-society-organizations-29th-fao-regional-conference-europe-central-asia-2\/"},"wordCount":3349,"keywords":["civil society","conference","declaration","europe central asia","fao","regional conference"],"articleSection":["Eventos"],"inLanguage":"es"},{"@type":"WebPage","@id":"https:\/\/www.foodsovereignty.org\/es\/declaration-civil-society-organizations-29th-fao-regional-conference-europe-central-asia-2\/","url":"https:\/\/www.foodsovereignty.org\/es\/declaration-civil-society-organizations-29th-fao-regional-conference-europe-central-asia-2\/","name":"DECLARACI\u00d3N DE LAS ORGANIZACIONES DE LA SOCIEDAD CIVIL EN LA 29.\u00aa CONFERENCIA REGIONAL DE LA FAO PARA EUROPA Y ASIA CENTRAL - International Planning Committee for Food Sovereignty (IPC)","isPartOf":{"@id":"https:\/\/www.foodsovereignty.org\/es\/#website"},"datePublished":"2014-04-01T12:36:01+00:00","dateModified":"2024-01-30T23:03:06+00:00","author":{"@id":"https:\/\/www.foodsovereignty.org\/es\/#\/schema\/person\/2022da6fc0f89b23596d0a63d82b61e1"},"description":"Bucharest, 30 March 2014 We, European, South Caucasus and Central Asian independent social movements of small farmers, agricultural workers, NGOs, fishers and fish workers, pastoralists and herders, consumers, women and youth, gathered in Bucharest, on 29-30 March 2014, to prepare our contribution to the 29th FAO's Regional Conference for Europe and Central Asia.","breadcrumb":{"@id":"https:\/\/www.foodsovereignty.org\/es\/declaration-civil-society-organizations-29th-fao-regional-conference-europe-central-asia-2\/#breadcrumb"},"inLanguage":"es","potentialAction":[{"@type":"ReadAction","target":["https:\/\/www.foodsovereignty.org\/es\/declaration-civil-society-organizations-29th-fao-regional-conference-europe-central-asia-2\/"]}]},{"@type":"BreadcrumbList","@id":"https:\/\/www.foodsovereignty.org\/es\/declaration-civil-society-organizations-29th-fao-regional-conference-europe-central-asia-2\/#breadcrumb","itemListElement":[{"@type":"ListItem","position":1,"name":"Home","item":"https:\/\/www.foodsovereignty.org\/es\/"},{"@type":"ListItem","position":2,"name":"DECLARACI\u00d3N DE LAS ORGANIZACIONES DE LA SOCIEDAD CIVIL EN LA 29.\u00aa CONFERENCIA REGIONAL DE LA FAO PARA EUROPA Y ASIA CENTRAL"}]},{"@type":"WebSite","@id":"https:\/\/www.foodsovereignty.org\/es\/#website","url":"https:\/\/www.foodsovereignty.org\/es\/","name":"International Planning Committee for Food Sovereignty (IPC)","description":"","potentialAction":[{"@type":"SearchAction","target":{"@type":"EntryPoint","urlTemplate":"https:\/\/www.foodsovereignty.org\/es\/?s={search_term_string}"},"query-input":{"@type":"PropertyValueSpecification","valueRequired":true,"valueName":"search_term_string"}}],"inLanguage":"es"},{"@type":"Person","@id":"https:\/\/www.foodsovereignty.org\/es\/#\/schema\/person\/2022da6fc0f89b23596d0a63d82b61e1","name":"ipc_staging","image":{"@type":"ImageObject","inLanguage":"es","@id":"https:\/\/secure.gravatar.com\/avatar\/fce93258e0a23ad6ba66052185f81fce65925c41d889b9d1b920a76951c434af?s=96&d=mm&r=g","url":"https:\/\/secure.gravatar.com\/avatar\/fce93258e0a23ad6ba66052185f81fce65925c41d889b9d1b920a76951c434af?s=96&d=mm&r=g","contentUrl":"https:\/\/secure.gravatar.com\/avatar\/fce93258e0a23ad6ba66052185f81fce65925c41d889b9d1b920a76951c434af?s=96&d=mm&r=g","caption":"ipc_staging"},"sameAs":["http:\/\/_"],"url":"https:\/\/www.foodsovereignty.org\/es\/author\/ipc_staging\/"}]}},"_links":{"self":[{"href":"https:\/\/www.foodsovereignty.org\/es\/wp-json\/wp\/v2\/posts\/1812","targetHints":{"allow":["GET"]}}],"collection":[{"href":"https:\/\/www.foodsovereignty.org\/es\/wp-json\/wp\/v2\/posts"}],"about":[{"href":"https:\/\/www.foodsovereignty.org\/es\/wp-json\/wp\/v2\/types\/post"}],"author":[{"embeddable":true,"href":"https:\/\/www.foodsovereignty.org\/es\/wp-json\/wp\/v2\/users\/1"}],"replies":[{"embeddable":true,"href":"https:\/\/www.foodsovereignty.org\/es\/wp-json\/wp\/v2\/comments?post=1812"}],"version-history":[{"count":1,"href":"https:\/\/www.foodsovereignty.org\/es\/wp-json\/wp\/v2\/posts\/1812\/revisions"}],"predecessor-version":[{"id":2700,"href":"https:\/\/www.foodsovereignty.org\/es\/wp-json\/wp\/v2\/posts\/1812\/revisions\/2700"}],"wp:attachment":[{"href":"https:\/\/www.foodsovereignty.org\/es\/wp-json\/wp\/v2\/media?parent=1812"}],"wp:term":[{"taxonomy":"category","embeddable":true,"href":"https:\/\/www.foodsovereignty.org\/es\/wp-json\/wp\/v2\/categories?post=1812"},{"taxonomy":"post_tag","embeddable":true,"href":"https:\/\/www.foodsovereignty.org\/es\/wp-json\/wp\/v2\/tags?post=1812"}],"curies":[{"name":"wp","href":"https:\/\/api.w.org\/{rel}","templated":true}]}}