{"id":1816,"date":"2014-03-27T13:17:41","date_gmt":"2014-03-27T13:17:41","guid":{"rendered":"https:\/\/www.foodsovereignty.org\/declaration-civil-society-organizations-28th-fao-regional-conference-africa\/"},"modified":"2024-01-30T23:03:16","modified_gmt":"2024-01-30T23:03:16","slug":"declaration-civil-society-organizations-28th-fao-regional-conference-africa","status":"publish","type":"post","link":"https:\/\/www.foodsovereignty.org\/es\/declaration-civil-society-organizations-28th-fao-regional-conference-africa\/","title":{"rendered":"DECLARACI\u00d3N DE LA SOCIEDAD CIVIL EN LA 28\u00aa CONFERENCIA REGIONAL DE LA FAO PARA \u00c1FRICA"},"content":{"rendered":"<p>DECLARACI\u00d3N DE LA SOCIEDAD CIVIL EN LA 28\u00aa CONFERENCIA REGIONAL DE LA FAO PARA \u00c1FRICA  Nosotros, las organizaciones de la sociedad civil africana compuestas de agricultores, pastores \/ los pastores, pescadores artesanales, consumidores, organizaciones no gubernamentales, movimientos de derechos humanos, mujeres, j\u00f3venes, acad\u00e9micos, artesanos, ind\u00edgenas pobres urbanos, nos reunimos en T\u00fanez el 21 y 22 de marzo 2014, como parte de la 28\u00aa Conferencia Regional de la FAO para \u00c1frica, y despu\u00e9s de discutir la situaci\u00f3n en el desarrollo agr\u00edcola de \u00c1frica, la seguridad alimentaria y la nutrici\u00f3n, la agricultura familiar, los recursos naturales (tierra, agua, pastos, bosques, etc.), hacemos las siguientes observaciones:  Los participantes aprecian:  &nbsp;  1- el establecimiento del marco estrat\u00e9gico de la FAO para la cooperaci\u00f3n con la sociedad civil. Ellos aprecian los esfuerzos de Pafo y su miembro UMNAGRI para la organizaci\u00f3n de esta consulta que reuni\u00f3 a participantes de 35 pa\u00edses africanos con una representaci\u00f3n del 47% de mujeres;  2- los esfuerzos de la CSA a trav\u00e9s de la adopci\u00f3n de las Directrices voluntarias sobre la gobernanza responsable de la tenencia de la tierra, la pesca y los bosques;  3- los esfuerzos de la Uni\u00f3n Africana, la NEPAD y las instituciones de integraci\u00f3n regional para mantener y fortalecer los procesos participativos e inclusivos en la formulaci\u00f3n y aplicaci\u00f3n de pol\u00edticas y programas;  4- la aplicaci\u00f3n efectiva del fondo fiduciario decidido en la 27\u00aa Conferencia Regional de la FAO para las actividades de los Estados. Anime a los participantes a continuar sus esfuerzos para consolidar este contexto, y a tener en cuenta la \u00a0financiaci\u00f3n \u00a0de los proyectos juveniles de la agricultura en la cartera de este fondo de proyectos elegibles;  &nbsp;  Sin embargo, los participantes se\u00f1alaron:  &nbsp;  1- marcos legales y regulatorios d\u00e9biles en \u00c1frica para apoyar proyectos agr\u00edcolas para los j\u00f3venes;  2- insuficiente consideraci\u00f3n por las pol\u00edticas agrarias de las necesidades de acceso y seguridad de la tenencia de los grupos vulnerables, como los j\u00f3venes, las mujeres, los pueblos ind\u00edgenas, etc..  3- inconsistencia en las pol\u00edticas, programas y proyectos a diferentes niveles (local, nacional, regional y continental), a menudo creando grandes lagunas en su aplicaci\u00f3n, poniendo en peligro el logro de la seguridad alimentaria y la nutrici\u00f3n, as\u00ed como acciones en materia de reducci\u00f3n de la pobreza en los pa\u00edses;  4- brecha de comunicaci\u00f3n entre los actores de la seguridad alimentaria para la descentralizaci\u00f3n de la FAO;  &nbsp;  Adem\u00e1s, este a\u00f1o 2014 fue declarado por la Asamblea General de la ONU el 22 de diciembre de 2011 en Nueva York como el A\u00f1o Internacional de la Agricultura Familiar.  Los participantes se\u00f1alaron:  &nbsp;  1- baja inversi\u00f3n p\u00fablica en favor de la agricultura familiar y esto se manifiesta, entre otras cosas, por el historial mixto de los compromisos de Maputo despu\u00e9s de 11 a\u00f1os y el bajo nivel de ejecuci\u00f3n del CAADP;  2- insuficiencia de mecanismos y herramientas de financiaci\u00f3n adaptados a las necesidades y realidades de la agricultura familiar;  3- orientaci\u00f3n de la financiaci\u00f3n de la agricultura industrial con los \/ asociaciones p\u00fablico-privadas no siempre es un instrumento adecuado para apoyar el enfoque de la agricultura familiar;  &nbsp;  Para tener en cuenta estos hallazgos, que fueron objeto de nuestras discusiones durante dos d\u00edas, nos preguntamos:  &nbsp;  1- En cuanto a la juventud africana en la iniciativa empresarial agr\u00edcola y rural:  &nbsp;  1-Elaborar y adoptar pol\u00edticas coherentes que promuevan la integraci\u00f3n de los j\u00f3venes en la agricultura en lugar de apoyar las fuentes de las empresas agr\u00edcolas industriales de acaparamiento de tierras en diferentes pa\u00edses;  2- Poner en marcha en todos los pa\u00edses los mecanismos de financiamiento y la inversi\u00f3n a la medida de la capacidad empresarial de los j\u00f3venes en el sector agr\u00edcola, principalmente establecer en cada pa\u00eds los fondos especiales para proyectos agr\u00edcolas de los j\u00f3venes;  3- Poner en marcha en todos los pa\u00edses suficientes mecanismos de formaci\u00f3n profesional adaptada a la agricultura y empresarial de los j\u00f3venes rurales de calidad donde no existen, consolidando los ya existentes.  4-Desarrollar un mecanismo integrador de di\u00e1logo que involucre a gobiernos, organizaciones de j\u00f3venes y otros grupos de inter\u00e9s.  2- Con respecto a la situaci\u00f3n de la alimentaci\u00f3n y la agricultura y la aplicaci\u00f3n del CAADP  &nbsp;  1- Establecer marcos y mecanismos inclusivos para el seguimiento, la evaluaci\u00f3n y la capitalizaci\u00f3n de todos los compromisos en materia de pol\u00edticas, programas y proyectos p\u00fablicos;  2-Mejor orientaci\u00f3n de las necesidades de apoyo a la agricultura familiar en el marco del CAADP para asegurar su modernizaci\u00f3n y su sostenibilidad en el largo plazo;  3-Fortalecer la protecci\u00f3n de los mercados agr\u00edcolas y de alimentos para apoyar el proceso de integraci\u00f3n regional y continental a trav\u00e9s de la aplicaci\u00f3n de la libre circulaci\u00f3n de personas y \u00a0 \u00a0 \u00a0mercanc\u00edas;  4-Promover los sistemas de gesti\u00f3n de riesgos agr\u00edcolas seguros;  &nbsp;  3- En cuanto a los CFS, los participantes valoran los diversos informes tem\u00e1ticos preparados por el CSA y disfrutan del \u00faltimo informe especial de la ONU sobre el derecho a la alimentaci\u00f3n, y:  &nbsp; <\/p>\n<ol>\n<li>alentar a los Estados a participar en las decisiones para aplicar las recomendaciones;<\/li>\n<li>solicitar que el proceso de trabajo del CFS se implementa en todos los niveles de las regiones y pa\u00edses;<\/li>\n<li>instar a los gobiernos a aplicar las Directrices voluntarias en su contexto nacional mediante la implementaci\u00f3n de enfoques inclusivos, como la creaci\u00f3n de espacios de di\u00e1logo formal que participen todas las partes interesadas, con especial atenci\u00f3n a los peque\u00f1os productores y empresarios agr\u00edcolas j\u00f3venes, el fortalecimiento de la aplicaci\u00f3n de las directrices y el seguimiento y evaluaci\u00f3n de todas las acciones emprendidas ;<\/li>\n<li>exigir la rendici\u00f3n de cuentas de los Estados en relaci\u00f3n con las inversiones agr\u00edcolas \u00fatiles y pertinentes, teniendo en cuenta el punto de vista de las pol\u00edticas agr\u00edcolas ya desarrolladas o en desarrollo;<\/li>\n<li>condenar en\u00e9rgicamente el acaparamiento de tierras y exigir una moratoria en la producci\u00f3n de combustibles agroindustriales en el continente.<\/li>\n<\/ol>\n<p> 4- En cuanto al proceso de descentralizaci\u00f3n de la FAO, mientras que el apoyo que, los participantes:  &nbsp;  1. recomienda que el proceso sea inclusivo, transparente y coherente;  2. solicitan que las pol\u00edticas y los programas de las oficinas regionales se definen a trav\u00e9s de un espacio de di\u00e1logo con todos los grupos de actores;  3. aprobar la propuesta de consolidar oficinas regionales en dos entidades, pero esto debe ir acompa\u00f1ado de medidas apropiadas, incluyendo el fortalecimiento de las oficinas nacionales;  4. creen que este empoderamiento requiere un aumento de los recursos humanos y financieros, incluyendo el nombramiento de un coordinador dedicado a las asociaciones con la sociedad civil en todas las oficinas de la FAO y el poder de toma de decisiones mejorada de estas oficinas para determinadas actividades;  5. exigir a los Estados para comunicarse regularmente sobre la descentralizaci\u00f3n de la FAO para abordar las deficiencias en el tiempo.  &nbsp;  5- Adem\u00e1s, los participantes recomiendan encarecidamente:  1. que la investigaci\u00f3n agr\u00edcola est\u00e1 financiado por el sector p\u00fablico como una prioridad y que se basan en el conocimiento local;  2. Los gobiernos y la FAO para contribuir positivamente a las iniciativas emprendidas por la sociedad civil, incluidas las organizaciones de agricultores en el marco del A\u00f1o Internacional de la Agricultura Familiar en el a\u00f1o 2014;  3. para apoyar el proceso del Foro de Mujeres Rurales de \u00c1frica  &nbsp;  6- Por \u00faltimo, en lo que respecta m\u00e1s espec\u00edficamente a la pesca, consideramos que una visi\u00f3n com\u00fan y el enfoque de las pesquer\u00edas africanas abordar\u00edan muchos retos transfronterizos y de los recursos marinos y de agua dulce compartidos, especialmente los que se accede por las comunidades pesqueras en peque\u00f1a escala. A este respecto, los participantes:  1.\u00a0se\u00f1alaron que la Uni\u00f3n Africana y la NEPAD est\u00e1n ocupados realizando una importante revisi\u00f3n de la pesca en el continente para desarrollar un plan estrat\u00e9gico para la pesca de \u00c1frica en la pr\u00f3xima Conferencia de Ministros Africanos de Pesca y de la acuicultura;  2. instar a la participaci\u00f3n activa de las organizaciones de pescadores de todo el continente, en el proceso mencionado anteriormente para que sus preocupaciones se integran en sus resultados, y para que esta discusi\u00f3n m\u00e1s significativa y productiva.  &nbsp;  La consulta a las organizaciones de la sociedad civil en \u00c1frica (OSC): <\/p>\n<ul>\n<li>\u00a0es totalmente compatible con la FAO y su enfoque de gesti\u00f3n renovado sobre la erradicaci\u00f3n del hambre en estrecha colaboraci\u00f3n con la sociedad civil y otros actores no estatales;<\/li>\n<li>apoyar las transformaciones de la FAO que se han llevado durante los \u00faltimos dos a\u00f1os, bajo la direcci\u00f3n del General Jos\u00e9 Graziano da Silva;<\/li>\n<li>la bienvenida a la oportunidad brindada por la FAO para contribuir eficazmente a la Conferencia Regional y participar plenamente en las actividades de la FAO a nivel nacional, regional e internacional<\/li>\n<\/ul>\n<p> Por lo tanto, las OSC de bienvenida y alentar a la FAO a continuar de la misma manera en los a\u00f1os venideros.  Nosotros, las organizaciones de la sociedad civil, estamos comprometidos a continuar nuestra estructuraci\u00f3n para afrontar los retos de profesionalizaci\u00f3n. Adem\u00e1s, estamos listos para liderar la defensa y vigilancia ciudadana para lograr nuestras demandas a los diferentes fabricantes de los actores en los diferentes niveles.  Hecho en T\u00fanez, 22 de marzo 2014  La consulta con las organizaciones de la sociedad civil africana en el contexto de la Conferencia Regional para \u00c1frica 28.<\/p>\n","protected":false},"excerpt":{"rendered":"<p>DECLARACI\u00d3N DE LA SOCIEDAD CIVIL EN LA 28\u00aa CONFERENCIA REGIONAL DE LA FAO PARA \u00c1FRICA Nosotros, las organizaciones de la sociedad civil africana compuestas de agricultores, pastores \/ los pastores, pescadores artesanales, consumidores, organizaciones no gubernamentales, movimientos de derechos humanos, mujeres, j\u00f3venes, acad\u00e9micos, artesanos, ind\u00edgenas pobres urbanos, nos reunimos en T\u00fanez el 21 y 22 [&hellip;]<\/p>\n","protected":false},"author":1,"featured_media":0,"comment_status":"closed","ping_status":"open","sticky":false,"template":"","format":"standard","meta":{"_acf_changed":false,"footnotes":""},"categories":[61],"tags":[79,80],"class_list":["post-1816","post","type-post","status-publish","format-standard","hentry","category-eventos","tag-fao","tag-regional-conference"],"acf":[],"yoast_head":"<!-- This site is optimized with the Yoast SEO plugin v27.4 - https:\/\/yoast.com\/product\/yoast-seo-wordpress\/ -->\n<title>DECLARACI\u00d3N DE LA SOCIEDAD CIVIL EN LA 28\u00aa CONFERENCIA REGIONAL DE LA FAO PARA \u00c1FRICA - International Planning Committee for Food Sovereignty (IPC)<\/title>\n<meta name=\"description\" content=\"We, African civil society organizations composed of farmers, herders\/pastoralists, artisanal fisherfolk, consumers, NGOs, human rights movements, women, youth, academics, artisans, indigenous people urban poor, we met in Tunis on 21 and 22 March 2014 as part of the 28th FAO Regional Conference for Africa\" \/>\n<meta name=\"robots\" content=\"index, follow, max-snippet:-1, max-image-preview:large, max-video-preview:-1\" \/>\n<link rel=\"canonical\" href=\"https:\/\/www.foodsovereignty.org\/es\/declaration-civil-society-organizations-28th-fao-regional-conference-africa\/\" \/>\n<meta property=\"og:locale\" content=\"es_ES\" \/>\n<meta property=\"og:type\" content=\"article\" \/>\n<meta property=\"og:title\" content=\"DECLARACI\u00d3N DE LA SOCIEDAD CIVIL EN LA 28\u00aa CONFERENCIA REGIONAL DE LA FAO PARA \u00c1FRICA - International Planning Committee for Food Sovereignty (IPC)\" \/>\n<meta property=\"og:description\" content=\"We, African civil society organizations composed of farmers, herders\/pastoralists, artisanal fisherfolk, consumers, NGOs, human rights movements, women, youth, academics, artisans, indigenous people urban poor, we met in Tunis on 21 and 22 March 2014 as part of the 28th FAO Regional Conference for Africa\" \/>\n<meta property=\"og:url\" content=\"https:\/\/www.foodsovereignty.org\/es\/declaration-civil-society-organizations-28th-fao-regional-conference-africa\/\" \/>\n<meta property=\"og:site_name\" content=\"International Planning Committee for Food Sovereignty (IPC)\" \/>\n<meta property=\"article:published_time\" content=\"2014-03-27T13:17:41+00:00\" \/>\n<meta property=\"article:modified_time\" content=\"2024-01-30T23:03:16+00:00\" \/>\n<meta name=\"author\" content=\"ipc_staging\" \/>\n<meta name=\"twitter:card\" content=\"summary_large_image\" \/>\n<meta name=\"twitter:label1\" content=\"Escrito por\" \/>\n\t<meta name=\"twitter:data1\" content=\"ipc_staging\" \/>\n\t<meta name=\"twitter:label2\" content=\"Tiempo de lectura\" \/>\n\t<meta name=\"twitter:data2\" content=\"8 minutos\" \/>\n<script type=\"application\/ld+json\" class=\"yoast-schema-graph\">{\"@context\":\"https:\\\/\\\/schema.org\",\"@graph\":[{\"@type\":\"Article\",\"@id\":\"https:\\\/\\\/www.foodsovereignty.org\\\/es\\\/declaration-civil-society-organizations-28th-fao-regional-conference-africa\\\/#article\",\"isPartOf\":{\"@id\":\"https:\\\/\\\/www.foodsovereignty.org\\\/es\\\/declaration-civil-society-organizations-28th-fao-regional-conference-africa\\\/\"},\"author\":{\"name\":\"ipc_staging\",\"@id\":\"https:\\\/\\\/www.foodsovereignty.org\\\/es\\\/#\\\/schema\\\/person\\\/2022da6fc0f89b23596d0a63d82b61e1\"},\"headline\":\"DECLARACI\u00d3N DE LA SOCIEDAD CIVIL EN LA 28\u00aa CONFERENCIA REGIONAL DE LA FAO PARA \u00c1FRICA\",\"datePublished\":\"2014-03-27T13:17:41+00:00\",\"dateModified\":\"2024-01-30T23:03:16+00:00\",\"mainEntityOfPage\":{\"@id\":\"https:\\\/\\\/www.foodsovereignty.org\\\/es\\\/declaration-civil-society-organizations-28th-fao-regional-conference-africa\\\/\"},\"wordCount\":1653,\"keywords\":[\"fao\",\"regional conference\"],\"articleSection\":[\"Eventos\"],\"inLanguage\":\"es\"},{\"@type\":\"WebPage\",\"@id\":\"https:\\\/\\\/www.foodsovereignty.org\\\/es\\\/declaration-civil-society-organizations-28th-fao-regional-conference-africa\\\/\",\"url\":\"https:\\\/\\\/www.foodsovereignty.org\\\/es\\\/declaration-civil-society-organizations-28th-fao-regional-conference-africa\\\/\",\"name\":\"DECLARACI\u00d3N DE LA SOCIEDAD CIVIL EN LA 28\u00aa CONFERENCIA REGIONAL DE LA FAO PARA \u00c1FRICA - International Planning Committee for Food Sovereignty (IPC)\",\"isPartOf\":{\"@id\":\"https:\\\/\\\/www.foodsovereignty.org\\\/es\\\/#website\"},\"datePublished\":\"2014-03-27T13:17:41+00:00\",\"dateModified\":\"2024-01-30T23:03:16+00:00\",\"author\":{\"@id\":\"https:\\\/\\\/www.foodsovereignty.org\\\/es\\\/#\\\/schema\\\/person\\\/2022da6fc0f89b23596d0a63d82b61e1\"},\"description\":\"We, African civil society organizations composed of farmers, herders\\\/pastoralists, artisanal fisherfolk, consumers, NGOs, human rights movements, women, youth, academics, artisans, indigenous people urban poor, we met in Tunis on 21 and 22 March 2014 as part of the 28th FAO Regional Conference for Africa\",\"breadcrumb\":{\"@id\":\"https:\\\/\\\/www.foodsovereignty.org\\\/es\\\/declaration-civil-society-organizations-28th-fao-regional-conference-africa\\\/#breadcrumb\"},\"inLanguage\":\"es\",\"potentialAction\":[{\"@type\":\"ReadAction\",\"target\":[\"https:\\\/\\\/www.foodsovereignty.org\\\/es\\\/declaration-civil-society-organizations-28th-fao-regional-conference-africa\\\/\"]}]},{\"@type\":\"BreadcrumbList\",\"@id\":\"https:\\\/\\\/www.foodsovereignty.org\\\/es\\\/declaration-civil-society-organizations-28th-fao-regional-conference-africa\\\/#breadcrumb\",\"itemListElement\":[{\"@type\":\"ListItem\",\"position\":1,\"name\":\"Home\",\"item\":\"https:\\\/\\\/www.foodsovereignty.org\\\/es\\\/\"},{\"@type\":\"ListItem\",\"position\":2,\"name\":\"DECLARACI\u00d3N DE LA SOCIEDAD CIVIL EN LA 28\u00aa CONFERENCIA REGIONAL DE LA FAO PARA \u00c1FRICA\"}]},{\"@type\":\"WebSite\",\"@id\":\"https:\\\/\\\/www.foodsovereignty.org\\\/es\\\/#website\",\"url\":\"https:\\\/\\\/www.foodsovereignty.org\\\/es\\\/\",\"name\":\"International Planning Committee for Food Sovereignty (IPC)\",\"description\":\"\",\"potentialAction\":[{\"@type\":\"SearchAction\",\"target\":{\"@type\":\"EntryPoint\",\"urlTemplate\":\"https:\\\/\\\/www.foodsovereignty.org\\\/es\\\/?s={search_term_string}\"},\"query-input\":{\"@type\":\"PropertyValueSpecification\",\"valueRequired\":true,\"valueName\":\"search_term_string\"}}],\"inLanguage\":\"es\"},{\"@type\":\"Person\",\"@id\":\"https:\\\/\\\/www.foodsovereignty.org\\\/es\\\/#\\\/schema\\\/person\\\/2022da6fc0f89b23596d0a63d82b61e1\",\"name\":\"ipc_staging\",\"image\":{\"@type\":\"ImageObject\",\"inLanguage\":\"es\",\"@id\":\"https:\\\/\\\/secure.gravatar.com\\\/avatar\\\/fce93258e0a23ad6ba66052185f81fce65925c41d889b9d1b920a76951c434af?s=96&d=mm&r=g\",\"url\":\"https:\\\/\\\/secure.gravatar.com\\\/avatar\\\/fce93258e0a23ad6ba66052185f81fce65925c41d889b9d1b920a76951c434af?s=96&d=mm&r=g\",\"contentUrl\":\"https:\\\/\\\/secure.gravatar.com\\\/avatar\\\/fce93258e0a23ad6ba66052185f81fce65925c41d889b9d1b920a76951c434af?s=96&d=mm&r=g\",\"caption\":\"ipc_staging\"},\"sameAs\":[\"http:\\\/\\\/_\"],\"url\":\"https:\\\/\\\/www.foodsovereignty.org\\\/es\\\/author\\\/ipc_staging\\\/\"}]}<\/script>\n<!-- \/ Yoast SEO plugin. -->","yoast_head_json":{"title":"DECLARACI\u00d3N DE LA SOCIEDAD CIVIL EN LA 28\u00aa CONFERENCIA REGIONAL DE LA FAO PARA \u00c1FRICA - International Planning Committee for Food Sovereignty (IPC)","description":"We, African civil society organizations composed of farmers, herders\/pastoralists, artisanal fisherfolk, consumers, NGOs, human rights movements, women, youth, academics, artisans, indigenous people urban poor, we met in Tunis on 21 and 22 March 2014 as part of the 28th FAO Regional Conference for Africa","robots":{"index":"index","follow":"follow","max-snippet":"max-snippet:-1","max-image-preview":"max-image-preview:large","max-video-preview":"max-video-preview:-1"},"canonical":"https:\/\/www.foodsovereignty.org\/es\/declaration-civil-society-organizations-28th-fao-regional-conference-africa\/","og_locale":"es_ES","og_type":"article","og_title":"DECLARACI\u00d3N DE LA SOCIEDAD CIVIL EN LA 28\u00aa CONFERENCIA REGIONAL DE LA FAO PARA \u00c1FRICA - International Planning Committee for Food Sovereignty (IPC)","og_description":"We, African civil society organizations composed of farmers, herders\/pastoralists, artisanal fisherfolk, consumers, NGOs, human rights movements, women, youth, academics, artisans, indigenous people urban poor, we met in Tunis on 21 and 22 March 2014 as part of the 28th FAO Regional Conference for Africa","og_url":"https:\/\/www.foodsovereignty.org\/es\/declaration-civil-society-organizations-28th-fao-regional-conference-africa\/","og_site_name":"International Planning Committee for Food Sovereignty (IPC)","article_published_time":"2014-03-27T13:17:41+00:00","article_modified_time":"2024-01-30T23:03:16+00:00","author":"ipc_staging","twitter_card":"summary_large_image","twitter_misc":{"Escrito por":"ipc_staging","Tiempo de lectura":"8 minutos"},"schema":{"@context":"https:\/\/schema.org","@graph":[{"@type":"Article","@id":"https:\/\/www.foodsovereignty.org\/es\/declaration-civil-society-organizations-28th-fao-regional-conference-africa\/#article","isPartOf":{"@id":"https:\/\/www.foodsovereignty.org\/es\/declaration-civil-society-organizations-28th-fao-regional-conference-africa\/"},"author":{"name":"ipc_staging","@id":"https:\/\/www.foodsovereignty.org\/es\/#\/schema\/person\/2022da6fc0f89b23596d0a63d82b61e1"},"headline":"DECLARACI\u00d3N DE LA SOCIEDAD CIVIL EN LA 28\u00aa CONFERENCIA REGIONAL DE LA FAO PARA \u00c1FRICA","datePublished":"2014-03-27T13:17:41+00:00","dateModified":"2024-01-30T23:03:16+00:00","mainEntityOfPage":{"@id":"https:\/\/www.foodsovereignty.org\/es\/declaration-civil-society-organizations-28th-fao-regional-conference-africa\/"},"wordCount":1653,"keywords":["fao","regional conference"],"articleSection":["Eventos"],"inLanguage":"es"},{"@type":"WebPage","@id":"https:\/\/www.foodsovereignty.org\/es\/declaration-civil-society-organizations-28th-fao-regional-conference-africa\/","url":"https:\/\/www.foodsovereignty.org\/es\/declaration-civil-society-organizations-28th-fao-regional-conference-africa\/","name":"DECLARACI\u00d3N DE LA SOCIEDAD CIVIL EN LA 28\u00aa CONFERENCIA REGIONAL DE LA FAO PARA \u00c1FRICA - International Planning Committee for Food Sovereignty (IPC)","isPartOf":{"@id":"https:\/\/www.foodsovereignty.org\/es\/#website"},"datePublished":"2014-03-27T13:17:41+00:00","dateModified":"2024-01-30T23:03:16+00:00","author":{"@id":"https:\/\/www.foodsovereignty.org\/es\/#\/schema\/person\/2022da6fc0f89b23596d0a63d82b61e1"},"description":"We, African civil society organizations composed of farmers, herders\/pastoralists, artisanal fisherfolk, consumers, NGOs, human rights movements, women, youth, academics, artisans, indigenous people urban poor, we met in Tunis on 21 and 22 March 2014 as part of the 28th FAO Regional Conference for Africa","breadcrumb":{"@id":"https:\/\/www.foodsovereignty.org\/es\/declaration-civil-society-organizations-28th-fao-regional-conference-africa\/#breadcrumb"},"inLanguage":"es","potentialAction":[{"@type":"ReadAction","target":["https:\/\/www.foodsovereignty.org\/es\/declaration-civil-society-organizations-28th-fao-regional-conference-africa\/"]}]},{"@type":"BreadcrumbList","@id":"https:\/\/www.foodsovereignty.org\/es\/declaration-civil-society-organizations-28th-fao-regional-conference-africa\/#breadcrumb","itemListElement":[{"@type":"ListItem","position":1,"name":"Home","item":"https:\/\/www.foodsovereignty.org\/es\/"},{"@type":"ListItem","position":2,"name":"DECLARACI\u00d3N DE LA SOCIEDAD CIVIL EN LA 28\u00aa CONFERENCIA REGIONAL DE LA FAO PARA \u00c1FRICA"}]},{"@type":"WebSite","@id":"https:\/\/www.foodsovereignty.org\/es\/#website","url":"https:\/\/www.foodsovereignty.org\/es\/","name":"International Planning Committee for Food Sovereignty (IPC)","description":"","potentialAction":[{"@type":"SearchAction","target":{"@type":"EntryPoint","urlTemplate":"https:\/\/www.foodsovereignty.org\/es\/?s={search_term_string}"},"query-input":{"@type":"PropertyValueSpecification","valueRequired":true,"valueName":"search_term_string"}}],"inLanguage":"es"},{"@type":"Person","@id":"https:\/\/www.foodsovereignty.org\/es\/#\/schema\/person\/2022da6fc0f89b23596d0a63d82b61e1","name":"ipc_staging","image":{"@type":"ImageObject","inLanguage":"es","@id":"https:\/\/secure.gravatar.com\/avatar\/fce93258e0a23ad6ba66052185f81fce65925c41d889b9d1b920a76951c434af?s=96&d=mm&r=g","url":"https:\/\/secure.gravatar.com\/avatar\/fce93258e0a23ad6ba66052185f81fce65925c41d889b9d1b920a76951c434af?s=96&d=mm&r=g","contentUrl":"https:\/\/secure.gravatar.com\/avatar\/fce93258e0a23ad6ba66052185f81fce65925c41d889b9d1b920a76951c434af?s=96&d=mm&r=g","caption":"ipc_staging"},"sameAs":["http:\/\/_"],"url":"https:\/\/www.foodsovereignty.org\/es\/author\/ipc_staging\/"}]}},"_links":{"self":[{"href":"https:\/\/www.foodsovereignty.org\/es\/wp-json\/wp\/v2\/posts\/1816","targetHints":{"allow":["GET"]}}],"collection":[{"href":"https:\/\/www.foodsovereignty.org\/es\/wp-json\/wp\/v2\/posts"}],"about":[{"href":"https:\/\/www.foodsovereignty.org\/es\/wp-json\/wp\/v2\/types\/post"}],"author":[{"embeddable":true,"href":"https:\/\/www.foodsovereignty.org\/es\/wp-json\/wp\/v2\/users\/1"}],"replies":[{"embeddable":true,"href":"https:\/\/www.foodsovereignty.org\/es\/wp-json\/wp\/v2\/comments?post=1816"}],"version-history":[{"count":1,"href":"https:\/\/www.foodsovereignty.org\/es\/wp-json\/wp\/v2\/posts\/1816\/revisions"}],"predecessor-version":[{"id":2704,"href":"https:\/\/www.foodsovereignty.org\/es\/wp-json\/wp\/v2\/posts\/1816\/revisions\/2704"}],"wp:attachment":[{"href":"https:\/\/www.foodsovereignty.org\/es\/wp-json\/wp\/v2\/media?parent=1816"}],"wp:term":[{"taxonomy":"category","embeddable":true,"href":"https:\/\/www.foodsovereignty.org\/es\/wp-json\/wp\/v2\/categories?post=1816"},{"taxonomy":"post_tag","embeddable":true,"href":"https:\/\/www.foodsovereignty.org\/es\/wp-json\/wp\/v2\/tags?post=1816"}],"curies":[{"name":"wp","href":"https:\/\/api.w.org\/{rel}","templated":true}]}}