{"id":1824,"date":"2016-03-03T14:37:49","date_gmt":"2016-03-03T14:37:49","guid":{"rendered":"https:\/\/www.foodsovereignty.org\/v-consulta-regional-de-los-pueblos-movimientos-sociales-y-organizaciones-de-la-sociedad-civil-por-la-soberania-alimentaria-y-la-justicia-social-hacia-la-34-conferencia-regional-de-la-fao-para\/"},"modified":"2024-01-30T23:03:36","modified_gmt":"2024-01-30T23:03:36","slug":"v-consulta-regional-de-los-pueblos-movimientos-sociales-y-organizaciones-de-la-sociedad-civil-por-la-soberania-alimentaria-y-la-justicia-social-hacia-la-34-conferencia-regional-de-la-fao-para","status":"publish","type":"post","link":"https:\/\/www.foodsovereignty.org\/es\/v-consulta-regional-de-los-pueblos-movimientos-sociales-y-organizaciones-de-la-sociedad-civil-por-la-soberania-alimentaria-y-la-justicia-social-hacia-la-34-conferencia-regional-de-la-fao-para\/","title":{"rendered":"V Consulta Regional de los Pueblos, Movimientos Sociales y Organizaciones de la Sociedad Civil por la Soberan\u00eda Alimentaria y la Justicia Social. Hacia la 34\u00b0 Conferencia Regional de la FAO, para Am\u00e9rica latina y el Caribe"},"content":{"rendered":"<p><em>La unidad y la organizaci\u00f3n en torno al principio pol\u00edtico de la Soberan\u00eda Alimentaria es hoy m\u00e1s necesario que nunca en el contexto continental y mundial<\/em>  Nosotras y nosotros, mujeres y hombres, representantes de 20 pa\u00edses y 14 redes articuladas en plataformas sociales, regionales y sub-regionales integradas por <em>productoras y productores de alimentos, habitantes de campos, costas, sierras, islas, estepas, pastizales y monta\u00f1as de Am\u00e9rica Latina y Caribe, <\/em>reunidos en esta consulta, camino hacia la 34<sup>ava<\/sup> Conferencia Regional de FAO, que se realizara en la ciudad de M\u00e9xico los d\u00edas 29 de febrero al 03 de marzo del corriente a\u00f1o.  &nbsp;  Nos solidarizamos con el pueblo de M\u00e9xico y las luchas de los movimientos campesinos, tambi\u00e9n con las familias de los estudiantes normalistas rurales desaparecidos de Ayotzinapa. Con las personas privadas de su libertad por las luchas del territorio, bienes naturales y por la Soberan\u00eda Alimentaria. Nos oponemos a las pr\u00e1cticas de erradicaci\u00f3n de las familias campesinas e ind\u00edgenas en la regi\u00f3n como ha sucedido recientemente en la provincia de Mendoza, Argentina, con el desalojo de los peque\u00f1os agricultores.  Celebramos los avances de algunos gobiernos en acciones positivas hacia la Soberan\u00eda Alimentaria integr\u00e1ndolas en las pol\u00edticas p\u00fablicas en sus respectivos pa\u00edses y agradecemos el espacio que nos han brindado, esperando que los Estados Miembros presentes consideren esta declaraci\u00f3n para definici\u00f3n de la agenda FAO para el pr\u00f3ximo bienio.  Siguiendo el proceso iniciado en las anteriores consultas a las plataformas y movimientos sociales previas a las conferencias regionales de la FAO, reafirmamos nuestros compromisos en la lucha para continuar desarrollando la producci\u00f3n a peque\u00f1a escala de alimentos saludables y culturalmente apropiados, contribuyendo a erradicar el hambre y la pobreza en el marco de los Objetivos del Desarrollo Sostenible de la agenda de desarrollo 2030, considerando los Tratados y Acuerdos Regionales e Internacionales<a href=\"#_ftn1\" name=\"_ftnref1\">[1]<\/a>. Este es un punto de encuentro y acci\u00f3n para los Pueblos Ind\u00edgenas, Agricultura Campesina, Trabajadoras y Trabajadores Rurales, Pastoriles, Defensores Ambientales, Pescadores Artesanales al tiempo que se abre un campo de di\u00e1logo y encuentro con poblaciones urbanas, trabajadores y pueblo en general.  &nbsp;  Al mismo tiempo nuestra experiencia como organizaciones y redes continentales, articuladas en la Alianza para la Soberan\u00eda Alimentaria junto a otras plataformas, ratifican que no hay pol\u00edticas p\u00fablicas inclusivas ni acciones efectivas hacia los Objetivos de Desarrollo Sostenible si no se jerarquiza el principio de Soberan\u00eda Alimentaria a trav\u00e9s de la Agroecolog\u00eda en su construcci\u00f3n. Y esta nueva consulta previa a la 34 Conferencia Regional de FAO es una ratificaci\u00f3n de ello. No renunciaremos a nuestros principios y derechos, en los cuales confluimos desde nuestras identidades, y desde este mismo principio denunciamos las falsas soluciones al hambre y la pobreza rural: los mercados de carbono, la econom\u00eda verde, la biotecnolog\u00eda y la \u00abagricultura clim\u00e1ticamente inteligente\u00bb.  &nbsp;  Por lo tanto cuestionamos las propuestas que incrementan la dependencia de la producci\u00f3n de alimentos del capitalismo, explotando a poblaciones, trabajadores\/as y ecosistemas bajo la pol\u00edtica y estrategias de mercantilizaci\u00f3n y lucro en contraposici\u00f3n al derecho a la alimentaci\u00f3n y la Soberan\u00eda Alimentaria como un derecho humano fundamental, contribuyendo a la autonom\u00eda, a la paz, a la nutrici\u00f3n apropiada libre de transg\u00e9nicos para la vida digna de poblaciones rurales y urbanas.  &nbsp;  El Acuerdo de Paris no representa para nosotros un hito para combatir el cambio clim\u00e1tico. Este acuerdo no tiene car\u00e1cter obligatorio, plantea solo una adaptaci\u00f3n y no combate las causas reales que agudizan el cambio clim\u00e1tico. Se presenta como un \u00e9xito pero, en realidad, fue un retroceso, ya que se quit\u00f3 el car\u00e1cter vinculante emanado del Protocolo de Kioto que llamaba a los pa\u00edses m\u00e1s contaminantes a reducir sus emisiones; y se sustituy\u00f3 por un sistema de compensaci\u00f3n basado en el mercado de carbono vinculado a los monocultivos y plantaciones forestales.  &nbsp;  Estos mecanismos son Falsas Soluciones al Cambio Clim\u00e1tico. Por esta raz\u00f3n, rechazamos la introducci\u00f3n del concepto de agricultura clim\u00e1ticamente inteligente y la definici\u00f3n de bosques de la FAO y su programa ONU REDD como la soluci\u00f3n al problema de cambio clim\u00e1tico. Hoy, el sistema agroalimentario a gran escala es el responsable de entre el 41 y el 54% de los gases de efecto invernadero.  &nbsp;  <span style=\"text-decoration: underline;\">Por eso proponemos que: <\/span>  &nbsp;  Se reconozca el papel de la Pesca Artesanal y la acuicultura en el consumo de los productos hidrobiol\u00f3gicos para garantizar la seguridad y la soberan\u00eda alimentaria en las comunidades del mundo. Los Estados deben promover pol\u00edticas p\u00fablicas para la preservaci\u00f3n y el ordenamiento de una pesca responsable y sostenible incluyendo el consumo de nuestros recursos para la nutrici\u00f3n; aportando con financiamiento e infraestructura, con acceso a los mercados, seguridad social e incentivos para mejorar un desarrollo productivo, con la participaci\u00f3n del sector pesquero mundial ya que somos un complemento importante en la cultura familiar  &nbsp;  Pedimos el reconocimiento, fortalecimiento y acompa\u00f1amiento de los gobiernos y organismos internacionales de la FAO y el FIDA a los Comit\u00e9s Nacionales que participaron en las acciones al calor del A\u00f1o Internacional de la Agricultura Familiar AIAF 2014, como espacios nacionales de di\u00e1logo e interlocuci\u00f3n entre los agricultores familiares, campesinos e ind\u00edgenas, pesca artesanal y pastoralistas con los gobiernos, m\u00e1s aun por el compromiso global de la d\u00e9cada de la agricultura familiar AIAF+10.  &nbsp;  Sobre los desaf\u00edos para la implementaci\u00f3n de los Objetivos de Desarrollo Sostenible declaramos que los impactos de las industrias extractivas vienen siendo negativos para los pueblos ind\u00edgenas, situaci\u00f3n que se ha agudizado en las \u00faltimas d\u00e9cadas. Las empresas tienen las mismas obligaciones y responsabilidades en la protecci\u00f3n de los derechos de los pueblos y de respetar nuestros derechos fundamentales como el Consentimiento Libre, Previo e Informado, como un marco sin precedente, a favor de las mujeres, la juventud y la adultez de estos Impactos negativos que sufren m\u00e1s las mujeres producto del extractivismo y la depredaci\u00f3n de los recursos naturales en los territorios ancestrales afectados, es necesario tambi\u00e9n erradicar la militarizaci\u00f3n y el desplazamiento forzado<a href=\"#_ftn2\" name=\"_ftnref2\">[2]<\/a>  &nbsp;  Sobre la educaci\u00f3n, proponemos y exigimos que la inversi\u00f3n y el acceso a la tierra de atenci\u00f3n espec\u00edfica a la inserci\u00f3n de los j\u00f3venes para que puedan quedarse en los pueblos rurales y territorios ind\u00edgenas, promoviendo los incentivos de tecnolog\u00edas apropiadas con investigaci\u00f3n, acci\u00f3n participativa y respeto de los saberes de las distintas generaciones en los territorios para las nuevas generaciones en el campo, a trav\u00e9s de la producci\u00f3n agroecol\u00f3gica de alimentos.  &nbsp;  Las comunidades pastoriles pedimos la inclusi\u00f3n de medios de consulta participativos de acuerdo a la realidad de aislamiento de nuestras comunidades y de los ambientes donde viven nuestras familias. Asegurando la presencia de pol\u00edticas diferenciadas para la tenencia de la tierra, programas de desarrollo y acceso a servicios.  &nbsp;  Entendemos y defendemos la agroecolog\u00eda como una forma clave de resistencia a un sistema econ\u00f3mico que antepone la ganancia a la vida. Nuestras diversas formas de producci\u00f3n de alimentos a peque\u00f1a escala basados en la agroecolog\u00eda generan conocimientos locales, promueven la justicia social; alimentan la identidad, la cultura y refuerzan la viabilidad econ\u00f3mica de las zonas rurales. Declaraci\u00f3n de Nyeleny en 2015, Mali.  &nbsp;  Proponemos evaluar el impacto que tendr\u00e1 el Acuerdo de Par\u00eds en la agricultura de peque\u00f1a escala por el \u00e9nfasis que tiene este en la mercantilizaci\u00f3n del clima. Se debe reconocer el rol de los productores de alimento a peque\u00f1a escala y la agricultura familiar no como poblaciones vulnerables ni una parte interesada m\u00e1s, sino como los titulares de derechos y actores fundamentales para enfriar el planeta. Si los Estados proponen mecanismos de adaptaci\u00f3n y mitigaci\u00f3n al cambio clim\u00e1tico, estos se deben construir sobre la base de conocimiento tradicional y ancestral.  Instamos a los Estados y a la FAO a seguir avanzando en la construcci\u00f3n de di\u00e1logos con la participaci\u00f3n de movimientos y plataformas sociales. La agroecolog\u00eda es un derecho de los pueblos, por la Soberan\u00eda Alimentaria YA.  <em>\u00a0<\/em>  Ciudad de Panam\u00e1,  19, 20 de febrero de 2016.  <a href=\"#_ftnref1\" name=\"_ftn1\">[1]<\/a> La Declaraci\u00f3n Universal de Derechos Humanos (10 de diciembre de 1948), El Pacto Internacional de Derechos Econ\u00f3micos, Sociales y Culturales (3 de enero de 1976), La Declaraci\u00f3n de los Pueblos Ind\u00edgenas (13.09.2007), La Carta de los Derechos Campesinos en discusi\u00f3n, adem\u00e1s las Directrices voluntarias sobre la gobernanza responsable de la tenencia de la tierra, la pesca y los bosques en el contexto de la seguridad alimentaria (11.05 2012), las Directrices Voluntarias para Asegurar la Pesca Sostenible en Peque\u00f1a Escala (10 de junio 2014), la Declaraci\u00f3n de la D\u00e9cada de la Agricultura Familiar (2015 \u2013 2025) y la CEDAW (18 diciembre de 1979), que nos respalda sobre la eliminaci\u00f3n de toda forma de violencia contra las mujeres. CARICOM Food and Nutrition Policy (13.09. 2010), Climate Change of the Caribbean Regional Strategy for Agriculture Development Resilient to climate change (2009 \u2013 2015), Caribbean Community Common Fisheries Policy  <a href=\"#_ftnref2\" name=\"_ftn2\">[2]<\/a> Posicionamiento pol\u00edtico y plan de acci\u00f3n de las mujeres ind\u00edgenas del mundo, lima 2013)<\/p>\n","protected":false},"excerpt":{"rendered":"<p>La unidad y la organizaci\u00f3n en torno al principio pol\u00edtico de la Soberan\u00eda Alimentaria es hoy m\u00e1s necesario que nunca en el contexto continental y mundial Nosotras y nosotros, mujeres y hombres, representantes de 20 pa\u00edses y 14 redes articuladas en plataformas sociales, regionales y sub-regionales integradas por productoras y productores de alimentos, habitantes de [&hellip;]<\/p>\n","protected":false},"author":1,"featured_media":0,"comment_status":"closed","ping_status":"open","sticky":false,"template":"","format":"standard","meta":{"_acf_changed":false,"footnotes":""},"categories":[60],"tags":[],"class_list":["post-1824","post","type-post","status-publish","format-standard","hentry","category-noticias"],"acf":[],"yoast_head":"<!-- This site is optimized with the Yoast SEO plugin v27.4 - https:\/\/yoast.com\/product\/yoast-seo-wordpress\/ -->\n<title>V Consulta Regional de los Pueblos, Movimientos Sociales y Organizaciones de la Sociedad Civil por la Soberan\u00eda Alimentaria y la Justicia Social. Hacia la 34\u00b0 Conferencia Regional de la FAO, para Am\u00e9rica latina y el Caribe - International Planning Committee for Food Sovereignty (IPC)<\/title>\n<meta name=\"robots\" content=\"index, follow, max-snippet:-1, max-image-preview:large, max-video-preview:-1\" \/>\n<link rel=\"canonical\" href=\"https:\/\/www.foodsovereignty.org\/es\/v-consulta-regional-de-los-pueblos-movimientos-sociales-y-organizaciones-de-la-sociedad-civil-por-la-soberania-alimentaria-y-la-justicia-social-hacia-la-34-conferencia-regional-de-la-fao-para\/\" \/>\n<meta property=\"og:locale\" content=\"es_ES\" \/>\n<meta property=\"og:type\" content=\"article\" \/>\n<meta property=\"og:title\" content=\"V Consulta Regional de los Pueblos, Movimientos Sociales y Organizaciones de la Sociedad Civil por la Soberan\u00eda Alimentaria y la Justicia Social. Hacia la 34\u00b0 Conferencia Regional de la FAO, para Am\u00e9rica latina y el Caribe - International Planning Committee for Food Sovereignty (IPC)\" \/>\n<meta property=\"og:description\" content=\"La unidad y la organizaci\u00f3n en torno al principio pol\u00edtico de la Soberan\u00eda Alimentaria es hoy m\u00e1s necesario que nunca en el contexto continental y mundial Nosotras y nosotros, mujeres y hombres, representantes de 20 pa\u00edses y 14 redes articuladas en plataformas sociales, regionales y sub-regionales integradas por productoras y productores de alimentos, habitantes de [&hellip;]\" \/>\n<meta property=\"og:url\" content=\"https:\/\/www.foodsovereignty.org\/es\/v-consulta-regional-de-los-pueblos-movimientos-sociales-y-organizaciones-de-la-sociedad-civil-por-la-soberania-alimentaria-y-la-justicia-social-hacia-la-34-conferencia-regional-de-la-fao-para\/\" \/>\n<meta property=\"og:site_name\" content=\"International Planning Committee for Food Sovereignty (IPC)\" \/>\n<meta property=\"article:published_time\" content=\"2016-03-03T14:37:49+00:00\" \/>\n<meta property=\"article:modified_time\" content=\"2024-01-30T23:03:36+00:00\" \/>\n<meta name=\"author\" content=\"ipc_staging\" \/>\n<meta name=\"twitter:card\" content=\"summary_large_image\" \/>\n<meta name=\"twitter:label1\" content=\"Escrito por\" \/>\n\t<meta name=\"twitter:data1\" content=\"ipc_staging\" \/>\n\t<meta name=\"twitter:label2\" content=\"Tiempo de lectura\" \/>\n\t<meta name=\"twitter:data2\" content=\"8 minutos\" \/>\n<script type=\"application\/ld+json\" class=\"yoast-schema-graph\">{\"@context\":\"https:\\\/\\\/schema.org\",\"@graph\":[{\"@type\":\"Article\",\"@id\":\"https:\\\/\\\/www.foodsovereignty.org\\\/es\\\/v-consulta-regional-de-los-pueblos-movimientos-sociales-y-organizaciones-de-la-sociedad-civil-por-la-soberania-alimentaria-y-la-justicia-social-hacia-la-34-conferencia-regional-de-la-fao-para\\\/#article\",\"isPartOf\":{\"@id\":\"https:\\\/\\\/www.foodsovereignty.org\\\/es\\\/v-consulta-regional-de-los-pueblos-movimientos-sociales-y-organizaciones-de-la-sociedad-civil-por-la-soberania-alimentaria-y-la-justicia-social-hacia-la-34-conferencia-regional-de-la-fao-para\\\/\"},\"author\":{\"name\":\"ipc_staging\",\"@id\":\"https:\\\/\\\/www.foodsovereignty.org\\\/es\\\/#\\\/schema\\\/person\\\/2022da6fc0f89b23596d0a63d82b61e1\"},\"headline\":\"V Consulta Regional de los Pueblos, Movimientos Sociales y Organizaciones de la Sociedad Civil por la Soberan\u00eda Alimentaria y la Justicia Social. Hacia la 34\u00b0 Conferencia Regional de la FAO, para Am\u00e9rica latina y el Caribe\",\"datePublished\":\"2016-03-03T14:37:49+00:00\",\"dateModified\":\"2024-01-30T23:03:36+00:00\",\"mainEntityOfPage\":{\"@id\":\"https:\\\/\\\/www.foodsovereignty.org\\\/es\\\/v-consulta-regional-de-los-pueblos-movimientos-sociales-y-organizaciones-de-la-sociedad-civil-por-la-soberania-alimentaria-y-la-justicia-social-hacia-la-34-conferencia-regional-de-la-fao-para\\\/\"},\"wordCount\":1604,\"articleSection\":[\"Noticias\"],\"inLanguage\":\"es\"},{\"@type\":\"WebPage\",\"@id\":\"https:\\\/\\\/www.foodsovereignty.org\\\/es\\\/v-consulta-regional-de-los-pueblos-movimientos-sociales-y-organizaciones-de-la-sociedad-civil-por-la-soberania-alimentaria-y-la-justicia-social-hacia-la-34-conferencia-regional-de-la-fao-para\\\/\",\"url\":\"https:\\\/\\\/www.foodsovereignty.org\\\/es\\\/v-consulta-regional-de-los-pueblos-movimientos-sociales-y-organizaciones-de-la-sociedad-civil-por-la-soberania-alimentaria-y-la-justicia-social-hacia-la-34-conferencia-regional-de-la-fao-para\\\/\",\"name\":\"V Consulta Regional de los Pueblos, Movimientos Sociales y Organizaciones de la Sociedad Civil por la Soberan\u00eda Alimentaria y la Justicia Social. Hacia la 34\u00b0 Conferencia Regional de la FAO, para Am\u00e9rica latina y el Caribe - International Planning Committee for Food Sovereignty (IPC)\",\"isPartOf\":{\"@id\":\"https:\\\/\\\/www.foodsovereignty.org\\\/es\\\/#website\"},\"datePublished\":\"2016-03-03T14:37:49+00:00\",\"dateModified\":\"2024-01-30T23:03:36+00:00\",\"author\":{\"@id\":\"https:\\\/\\\/www.foodsovereignty.org\\\/es\\\/#\\\/schema\\\/person\\\/2022da6fc0f89b23596d0a63d82b61e1\"},\"breadcrumb\":{\"@id\":\"https:\\\/\\\/www.foodsovereignty.org\\\/es\\\/v-consulta-regional-de-los-pueblos-movimientos-sociales-y-organizaciones-de-la-sociedad-civil-por-la-soberania-alimentaria-y-la-justicia-social-hacia-la-34-conferencia-regional-de-la-fao-para\\\/#breadcrumb\"},\"inLanguage\":\"es\",\"potentialAction\":[{\"@type\":\"ReadAction\",\"target\":[\"https:\\\/\\\/www.foodsovereignty.org\\\/es\\\/v-consulta-regional-de-los-pueblos-movimientos-sociales-y-organizaciones-de-la-sociedad-civil-por-la-soberania-alimentaria-y-la-justicia-social-hacia-la-34-conferencia-regional-de-la-fao-para\\\/\"]}]},{\"@type\":\"BreadcrumbList\",\"@id\":\"https:\\\/\\\/www.foodsovereignty.org\\\/es\\\/v-consulta-regional-de-los-pueblos-movimientos-sociales-y-organizaciones-de-la-sociedad-civil-por-la-soberania-alimentaria-y-la-justicia-social-hacia-la-34-conferencia-regional-de-la-fao-para\\\/#breadcrumb\",\"itemListElement\":[{\"@type\":\"ListItem\",\"position\":1,\"name\":\"Home\",\"item\":\"https:\\\/\\\/www.foodsovereignty.org\\\/es\\\/\"},{\"@type\":\"ListItem\",\"position\":2,\"name\":\"V Consulta Regional de los Pueblos, Movimientos Sociales y Organizaciones de la Sociedad Civil por la Soberan\u00eda Alimentaria y la Justicia Social. Hacia la 34\u00b0 Conferencia Regional de la FAO, para Am\u00e9rica latina y el Caribe\"}]},{\"@type\":\"WebSite\",\"@id\":\"https:\\\/\\\/www.foodsovereignty.org\\\/es\\\/#website\",\"url\":\"https:\\\/\\\/www.foodsovereignty.org\\\/es\\\/\",\"name\":\"International Planning Committee for Food Sovereignty (IPC)\",\"description\":\"\",\"potentialAction\":[{\"@type\":\"SearchAction\",\"target\":{\"@type\":\"EntryPoint\",\"urlTemplate\":\"https:\\\/\\\/www.foodsovereignty.org\\\/es\\\/?s={search_term_string}\"},\"query-input\":{\"@type\":\"PropertyValueSpecification\",\"valueRequired\":true,\"valueName\":\"search_term_string\"}}],\"inLanguage\":\"es\"},{\"@type\":\"Person\",\"@id\":\"https:\\\/\\\/www.foodsovereignty.org\\\/es\\\/#\\\/schema\\\/person\\\/2022da6fc0f89b23596d0a63d82b61e1\",\"name\":\"ipc_staging\",\"image\":{\"@type\":\"ImageObject\",\"inLanguage\":\"es\",\"@id\":\"https:\\\/\\\/secure.gravatar.com\\\/avatar\\\/fce93258e0a23ad6ba66052185f81fce65925c41d889b9d1b920a76951c434af?s=96&d=mm&r=g\",\"url\":\"https:\\\/\\\/secure.gravatar.com\\\/avatar\\\/fce93258e0a23ad6ba66052185f81fce65925c41d889b9d1b920a76951c434af?s=96&d=mm&r=g\",\"contentUrl\":\"https:\\\/\\\/secure.gravatar.com\\\/avatar\\\/fce93258e0a23ad6ba66052185f81fce65925c41d889b9d1b920a76951c434af?s=96&d=mm&r=g\",\"caption\":\"ipc_staging\"},\"sameAs\":[\"http:\\\/\\\/_\"],\"url\":\"https:\\\/\\\/www.foodsovereignty.org\\\/es\\\/author\\\/ipc_staging\\\/\"}]}<\/script>\n<!-- \/ Yoast SEO plugin. -->","yoast_head_json":{"title":"V Consulta Regional de los Pueblos, Movimientos Sociales y Organizaciones de la Sociedad Civil por la Soberan\u00eda Alimentaria y la Justicia Social. Hacia la 34\u00b0 Conferencia Regional de la FAO, para Am\u00e9rica latina y el Caribe - International Planning Committee for Food Sovereignty (IPC)","robots":{"index":"index","follow":"follow","max-snippet":"max-snippet:-1","max-image-preview":"max-image-preview:large","max-video-preview":"max-video-preview:-1"},"canonical":"https:\/\/www.foodsovereignty.org\/es\/v-consulta-regional-de-los-pueblos-movimientos-sociales-y-organizaciones-de-la-sociedad-civil-por-la-soberania-alimentaria-y-la-justicia-social-hacia-la-34-conferencia-regional-de-la-fao-para\/","og_locale":"es_ES","og_type":"article","og_title":"V Consulta Regional de los Pueblos, Movimientos Sociales y Organizaciones de la Sociedad Civil por la Soberan\u00eda Alimentaria y la Justicia Social. Hacia la 34\u00b0 Conferencia Regional de la FAO, para Am\u00e9rica latina y el Caribe - International Planning Committee for Food Sovereignty (IPC)","og_description":"La unidad y la organizaci\u00f3n en torno al principio pol\u00edtico de la Soberan\u00eda Alimentaria es hoy m\u00e1s necesario que nunca en el contexto continental y mundial Nosotras y nosotros, mujeres y hombres, representantes de 20 pa\u00edses y 14 redes articuladas en plataformas sociales, regionales y sub-regionales integradas por productoras y productores de alimentos, habitantes de [&hellip;]","og_url":"https:\/\/www.foodsovereignty.org\/es\/v-consulta-regional-de-los-pueblos-movimientos-sociales-y-organizaciones-de-la-sociedad-civil-por-la-soberania-alimentaria-y-la-justicia-social-hacia-la-34-conferencia-regional-de-la-fao-para\/","og_site_name":"International Planning Committee for Food Sovereignty (IPC)","article_published_time":"2016-03-03T14:37:49+00:00","article_modified_time":"2024-01-30T23:03:36+00:00","author":"ipc_staging","twitter_card":"summary_large_image","twitter_misc":{"Escrito por":"ipc_staging","Tiempo de lectura":"8 minutos"},"schema":{"@context":"https:\/\/schema.org","@graph":[{"@type":"Article","@id":"https:\/\/www.foodsovereignty.org\/es\/v-consulta-regional-de-los-pueblos-movimientos-sociales-y-organizaciones-de-la-sociedad-civil-por-la-soberania-alimentaria-y-la-justicia-social-hacia-la-34-conferencia-regional-de-la-fao-para\/#article","isPartOf":{"@id":"https:\/\/www.foodsovereignty.org\/es\/v-consulta-regional-de-los-pueblos-movimientos-sociales-y-organizaciones-de-la-sociedad-civil-por-la-soberania-alimentaria-y-la-justicia-social-hacia-la-34-conferencia-regional-de-la-fao-para\/"},"author":{"name":"ipc_staging","@id":"https:\/\/www.foodsovereignty.org\/es\/#\/schema\/person\/2022da6fc0f89b23596d0a63d82b61e1"},"headline":"V Consulta Regional de los Pueblos, Movimientos Sociales y Organizaciones de la Sociedad Civil por la Soberan\u00eda Alimentaria y la Justicia Social. Hacia la 34\u00b0 Conferencia Regional de la FAO, para Am\u00e9rica latina y el Caribe","datePublished":"2016-03-03T14:37:49+00:00","dateModified":"2024-01-30T23:03:36+00:00","mainEntityOfPage":{"@id":"https:\/\/www.foodsovereignty.org\/es\/v-consulta-regional-de-los-pueblos-movimientos-sociales-y-organizaciones-de-la-sociedad-civil-por-la-soberania-alimentaria-y-la-justicia-social-hacia-la-34-conferencia-regional-de-la-fao-para\/"},"wordCount":1604,"articleSection":["Noticias"],"inLanguage":"es"},{"@type":"WebPage","@id":"https:\/\/www.foodsovereignty.org\/es\/v-consulta-regional-de-los-pueblos-movimientos-sociales-y-organizaciones-de-la-sociedad-civil-por-la-soberania-alimentaria-y-la-justicia-social-hacia-la-34-conferencia-regional-de-la-fao-para\/","url":"https:\/\/www.foodsovereignty.org\/es\/v-consulta-regional-de-los-pueblos-movimientos-sociales-y-organizaciones-de-la-sociedad-civil-por-la-soberania-alimentaria-y-la-justicia-social-hacia-la-34-conferencia-regional-de-la-fao-para\/","name":"V Consulta Regional de los Pueblos, Movimientos Sociales y Organizaciones de la Sociedad Civil por la Soberan\u00eda Alimentaria y la Justicia Social. Hacia la 34\u00b0 Conferencia Regional de la FAO, para Am\u00e9rica latina y el Caribe - International Planning Committee for Food Sovereignty (IPC)","isPartOf":{"@id":"https:\/\/www.foodsovereignty.org\/es\/#website"},"datePublished":"2016-03-03T14:37:49+00:00","dateModified":"2024-01-30T23:03:36+00:00","author":{"@id":"https:\/\/www.foodsovereignty.org\/es\/#\/schema\/person\/2022da6fc0f89b23596d0a63d82b61e1"},"breadcrumb":{"@id":"https:\/\/www.foodsovereignty.org\/es\/v-consulta-regional-de-los-pueblos-movimientos-sociales-y-organizaciones-de-la-sociedad-civil-por-la-soberania-alimentaria-y-la-justicia-social-hacia-la-34-conferencia-regional-de-la-fao-para\/#breadcrumb"},"inLanguage":"es","potentialAction":[{"@type":"ReadAction","target":["https:\/\/www.foodsovereignty.org\/es\/v-consulta-regional-de-los-pueblos-movimientos-sociales-y-organizaciones-de-la-sociedad-civil-por-la-soberania-alimentaria-y-la-justicia-social-hacia-la-34-conferencia-regional-de-la-fao-para\/"]}]},{"@type":"BreadcrumbList","@id":"https:\/\/www.foodsovereignty.org\/es\/v-consulta-regional-de-los-pueblos-movimientos-sociales-y-organizaciones-de-la-sociedad-civil-por-la-soberania-alimentaria-y-la-justicia-social-hacia-la-34-conferencia-regional-de-la-fao-para\/#breadcrumb","itemListElement":[{"@type":"ListItem","position":1,"name":"Home","item":"https:\/\/www.foodsovereignty.org\/es\/"},{"@type":"ListItem","position":2,"name":"V Consulta Regional de los Pueblos, Movimientos Sociales y Organizaciones de la Sociedad Civil por la Soberan\u00eda Alimentaria y la Justicia Social. Hacia la 34\u00b0 Conferencia Regional de la FAO, para Am\u00e9rica latina y el Caribe"}]},{"@type":"WebSite","@id":"https:\/\/www.foodsovereignty.org\/es\/#website","url":"https:\/\/www.foodsovereignty.org\/es\/","name":"International Planning Committee for Food Sovereignty (IPC)","description":"","potentialAction":[{"@type":"SearchAction","target":{"@type":"EntryPoint","urlTemplate":"https:\/\/www.foodsovereignty.org\/es\/?s={search_term_string}"},"query-input":{"@type":"PropertyValueSpecification","valueRequired":true,"valueName":"search_term_string"}}],"inLanguage":"es"},{"@type":"Person","@id":"https:\/\/www.foodsovereignty.org\/es\/#\/schema\/person\/2022da6fc0f89b23596d0a63d82b61e1","name":"ipc_staging","image":{"@type":"ImageObject","inLanguage":"es","@id":"https:\/\/secure.gravatar.com\/avatar\/fce93258e0a23ad6ba66052185f81fce65925c41d889b9d1b920a76951c434af?s=96&d=mm&r=g","url":"https:\/\/secure.gravatar.com\/avatar\/fce93258e0a23ad6ba66052185f81fce65925c41d889b9d1b920a76951c434af?s=96&d=mm&r=g","contentUrl":"https:\/\/secure.gravatar.com\/avatar\/fce93258e0a23ad6ba66052185f81fce65925c41d889b9d1b920a76951c434af?s=96&d=mm&r=g","caption":"ipc_staging"},"sameAs":["http:\/\/_"],"url":"https:\/\/www.foodsovereignty.org\/es\/author\/ipc_staging\/"}]}},"_links":{"self":[{"href":"https:\/\/www.foodsovereignty.org\/es\/wp-json\/wp\/v2\/posts\/1824","targetHints":{"allow":["GET"]}}],"collection":[{"href":"https:\/\/www.foodsovereignty.org\/es\/wp-json\/wp\/v2\/posts"}],"about":[{"href":"https:\/\/www.foodsovereignty.org\/es\/wp-json\/wp\/v2\/types\/post"}],"author":[{"embeddable":true,"href":"https:\/\/www.foodsovereignty.org\/es\/wp-json\/wp\/v2\/users\/1"}],"replies":[{"embeddable":true,"href":"https:\/\/www.foodsovereignty.org\/es\/wp-json\/wp\/v2\/comments?post=1824"}],"version-history":[{"count":1,"href":"https:\/\/www.foodsovereignty.org\/es\/wp-json\/wp\/v2\/posts\/1824\/revisions"}],"predecessor-version":[{"id":2711,"href":"https:\/\/www.foodsovereignty.org\/es\/wp-json\/wp\/v2\/posts\/1824\/revisions\/2711"}],"wp:attachment":[{"href":"https:\/\/www.foodsovereignty.org\/es\/wp-json\/wp\/v2\/media?parent=1824"}],"wp:term":[{"taxonomy":"category","embeddable":true,"href":"https:\/\/www.foodsovereignty.org\/es\/wp-json\/wp\/v2\/categories?post=1824"},{"taxonomy":"post_tag","embeddable":true,"href":"https:\/\/www.foodsovereignty.org\/es\/wp-json\/wp\/v2\/tags?post=1824"}],"curies":[{"name":"wp","href":"https:\/\/api.w.org\/{rel}","templated":true}]}}