{"id":1863,"date":"2018-05-15T10:35:38","date_gmt":"2018-05-15T10:35:38","guid":{"rendered":"https:\/\/www.foodsovereignty.org\/consulta-alc-tirfaa\/"},"modified":"2024-01-30T23:03:52","modified_gmt":"2024-01-30T23:03:52","slug":"consulta-alc-tirfaa","status":"publish","type":"post","link":"https:\/\/www.foodsovereignty.org\/es\/consulta-alc-tirfaa\/","title":{"rendered":"Declaraci\u00f3n de los participantes de la  Consulta Regional de America Latina y Caribe sobre la Implementacion de los Derechos del Agricultor \u2013 TIRFAA"},"content":{"rendered":"<h3><a href=\"https:\/\/www.foodsovereignty.org\/wp-content\/uploads\/2024\/01\/Header.png\"><img loading=\"lazy\" decoding=\"async\" class=\"aligncenter wp-image-2477 size-full\" src=\"https:\/\/www.foodsovereignty.org\/wp-content\/uploads\/2024\/01\/Header.png\" alt=\"\" width=\"1641\" height=\"251\" \/><\/a><\/h3>\n<h3 style=\"text-align: center;\"><strong>Declaraci\u00f3n de los participantes de la<\/strong> <strong> Consulta Regional de America Latina y Caribe sobre la Implementacion de los Derechos del Agricultor \u2013 TIRFAA<\/strong><\/h3>\n<h4 style=\"text-align: center;\"><strong>Seber\u00ed, Brasil, del 17 a 20 de abril de 2018<\/strong><\/h4>\n<h5><strong>Introducci\u00f3n<\/strong><\/h5>\n<p style=\"text-align: left;\">Las y los 40 participantes representantes de organizaciones campesinas, ind\u00edgenas, de mujeres y de pastores en la Consulta Regional de America Latina y el Caribe sobre la Implementaci\u00f3n de los Derechos del Agricultor, provenientes de 13 pa\u00edses de Am\u00e9rica Latina y el Caribe, reunidos en Seber\u00ed, R\u00edo Grande do Sul, Brasil entre los d\u00edas 17 y 20 de abril de 2018; celebramos la oportunidad de encontrarnos para seguir tejiendo alianzas, v\u00ednculos e intercambios, fortaleciendo nuestro compromiso con la defensa de las semillas para la Soberan\u00eda Alimentaria.<\/p>\n<p> En estos 4 d\u00edas compartidos reafirmamos una vez m\u00e1s el papel fundamental de los pueblos de America Latina y el Caribe como centro de origen en agrobiodiversidad y cultura, ya que desde aqu\u00ed han surgido buena parte de las semillas que hoy alimentan a la humanidad. El ma\u00edz, sagrado para los pueblos de Mesoam\u00e9rica, el frijol, el tomate y la papa son solo algunos de los cultivos que nuestros pueblos originarios criaron, domesticaron y legaron a los pueblos del mundo para su alimentaci\u00f3n.  Nos resulta claro que esta biodiversidad agr\u00edcola ha evolucionado y tiene una fuerte correlacion con la inmensa diversidad cultural que desde Alaska a Tierra del Fuego (PACHAMAMA) se gener\u00f3 por miles de a\u00f1os y hoy sigue viva en la resistencia de los pueblos originarios que a pesar de llevar m\u00e1s de 500 a\u00f1os de genocidio, despojo y persecuci\u00f3n alumbran llamas de esperanza para el futuro de todos los pueblos del mundo.  Sin embargo, en la actualidad, la imposici\u00f3n de sistemas industriales de producci\u00f3n agr\u00edcola, los proyectos extractivistas, megaproyectos de infraestructura y la criminalizaci\u00f3n de los pueblos est\u00e1 amenazando la posibilidad de subsitir en sus territorios, est\u00e1 devastando la biodiversidad en todas las regiones.  De esta manera no solo se ven amenazados nuestros pueblos si no tambi\u00e9n las semillas, los animales, plantas, bosques, selvas que pertenecen a ecosistemas \u00fanicos que est\u00e1n desapareciendo r\u00e1pidamente y al paso del tiempo se extingir\u00e1n para siempre afectando gravemente el entorno, el clima, el agua, incrementando el hambre, la pobreza la desigualdad amenazando la vida en el planeta al borde de la extinci\u00f3n.  Nuestras luchas se han visto alumbradas en los \u00faltimos a\u00f1os por la irrupci\u00f3n de la presencia de las mujeres en todos los espacios de construcci\u00f3n social cuestionando la violencia y el sistema patriarcal presente en todas las esferas de nuestra vida. Todas y todos hacemos nuestros estos cuestionamientos y de la mano de la construcci\u00f3n de otro tipo de v\u00ednculos proponemos que transformemos nuestros v\u00ednculos familiares, comunitarios y regionales e internacionales hacia relaciones de equidad, respeto y cooperaci\u00f3n. En ese sentido y viendo la necesidad de que estos cambios tambi\u00e9n se reflejen en el lenguaje es que utilizamos en todo el documento la expresi\u00f3n \u201cagricultoras y agricultores\u201d en lugar de \u201cagricultor\u201d.  Es importante recalcar que cuando hablamos de \u201cpueblos\u201d en este documento nos referimos a los pueblos originarios, ind\u00edgenas, campesinas y campesinos, comunidades afrodescendientes, pescadoras y pescadores artesanales, recolectoras y recolectores, pastoras y pastores, mujeres y a todas las comunidades locales que desde su trabajo producen alimentos y aportan al sostenimiento de la diversidad agr\u00edcola.  Tambi\u00e9n queremos recalcar que durante las \u00faltimas dos d\u00e9cadas Am\u00e9rica Latina a aportado a una nueva visi\u00f3n en relaci\u00f3n a la naturaleza construyendo un nuevo paradigma en torno a la misma que implica reconocerla como sujeto de derecho. En torno a este nuevo concepto se han desarrollado principios, legislaci\u00f3n (incluso a nivel constitucional como en el caso de Ecuador o en algunas sentencias de la Corte Constitucional en Colombia reconociendo al r\u00edo Atrato y mas recientemente la Amazonia) y luchas que hoy aportan a nuevas visiones en todo el mundo. Siendo las semillas, los animales el agua, el bosque parte de la naturaleza y sabiendo que los seres humanos tambien somos partes de ella, entendemos estas mismas como sujetos de derecho y nos comprometemos a defenderlas como tales.  Igualmente reiteramos nuestro rechazo a la utilizaci\u00f3n en toda circunstancia de las Tecnolog\u00edas de Restricci\u00f3n en el uso Gen\u00e9tico (semillas \u201cTerminator\u201d) que se encuentran en moratoria por el Convenio sobre la Diversidad Biol\u00f3gica y llamamos a su prohibici\u00f3n definitva.  Exigir que los Derechos de los Agricultores y Agricultoras reconozcan, protejan y fomenten la producci\u00f3n agroecol\u00f3gica de alimentos bajo sistemas de produccion familiar y de los Pueblos es el punto de partida de nuestro trabajo y exigimos que los Estados lo reconozcan y no impongan un \u00fanico modelo de producci\u00f3n y comercializaci\u00f3n sino que se abra la posibilidad a que los agricultores puedan comercializar sus semillas bajo sus propias condiciones.  Queremos en este momento tan especial para el pueblo venezolano expresar nuestra firme solidaridad con el Movimiento Semillas del Pueblo que tanto ha hecho por la construcci\u00f3n de la Ley de Semillas de Venezuela, ejemplo para el mundo, y su plan popular para la conservaci\u00f3n y rescate de variedades locales campesinas ind\u00edgenas y afrodescendientes.  Por \u00faltimo, reiteramos que nuestro compromiso en defensa de las semillas se enmarca en la b\u00fasqueda de la Soberan\u00eda Alimentaria a travez de la agroecolog\u00eda, convencidos que los pueblos podemos alimentar a toda la humanidad (como ya lo hacemos con la mayor parte de ella) terminando con el vergonzoso flagelo del hambre la pobreza, la desigualdad y continuando, como lo hemos hecho por miles de a\u00f1os, con una producci\u00f3n en armon\u00eda con la naturaleza. <\/p>\n<h5><strong>Principios fundamentales<\/strong><\/h5>\n<p> La Consulta Regional de America Latina y el Caribe sobre la Implementacion de los Derechos de los Agricultores y de las Agricultoras (en adelante denominada \u201cConsulta\u201d) reconoce las semillas como patrimonio biocultural de los pueblos al servicio de la humanidad y como Derechos Colectivos. Por lo tanto, expresa que las mismas no pueden ser objeto de ningun tipo de propriedad intelectual (sean derechos de obtentor o patentes).  Considerando que las mujeres han sido y son centrales en la creaci\u00f3n, co-evolucion y preservaci\u00f3n de la agrobiodiversidad , reconocemos su papel y exigimos su participaci\u00f3n en todas las instancias participativas y de toma de decisiones en nuestras organizaciones y en todos los procesos en que se invita a participar a nuestras organizaciones.  Otro principio es el reconocimiento de la cosmovisi\u00f3n de los Pueblos sobre las semillas, como sujeto de derecho y en el marco de los derechos de la naturaleza. Nos declaramos defensores y defensoras de estos derechos y exigimos que se respete su territorialidad y el control de los territorios y sus biodiversidad por parte de los Pueblos.  Otro principio b\u00e1sico es el Consentimiento Libre, Previo e Informado (CLPI) debe ser aplicado ante cualquier iniciativa que pueda afectar la biodiversidad agr\u00edcola, los conocimientos, la autonom\u00eda y los territorios de las comunidades locales y los pueblos ind\u00edgenas. Se aclara que el CLPI es un derecho que debe ser ejercido de manera leg\u00edtima, trasparente, efectiva, que respete las pr\u00e1cticas locales y que incluya la posibilidad de que el resultado sea la negaci\u00f3n a iniciativas externas.  Ninguna medida gubernamental que limite las formas propias de organizaci\u00f3n y el derecho de los agricultores y de las agricultoras a rescatar, proteger, multiplicar, mejorar, seleccionar, conservar, utilizar, intercambiar y vender (entre Pueblos y sus organizaciones) sus propias semillas.  Los sistemas tradicionales y ancestrales de manejo de semillas nativas y criollas no son ni deben considerarse \u201csistemas informales\u201d, sino que son un derecho consuetudinario y son los principales sistemas de creaci\u00f3n de biodiversidad agr\u00edcola.  Rechazamos a la agricultura industrial con sus semillas transg\u00e9nicas y el uso masivo de agrot\u00f3xicos. Tambi\u00e9n rechazamos las nuevas t\u00e9cnicas de manipulacion gen\u00e9tica propuestas por las corporaciones, que incluyen los nuevos transg\u00e9nicos, la biolog\u00eda sint\u00e9tica, la edici\u00f3n gen\u00e9tica (CRISP-R), semillas \u201cterminator\u201d y la desmaterializaci\u00f3n gen\u00e9tica de las semillas; porque representan una amenaza para nuestros pueblos.  Consideramos muy importante la implementaci\u00f3n de los Derechos de los Agricultores y de las Agricultoras, el apoyo del Tratado a la aprobaci\u00f3n de la Declaracion de los Derechos Campesinos y otras Personas que Trabajan en Zonas Rurales que se tratar\u00e1 en el Consejo de Derechos Humanos de las Naciones Unidas en junio del presente a\u00f1o. <\/p>\n<h5><strong>Nuestras Demandas<\/strong><\/h5>\n<ol>\n<li>Se demanda el reconocimiento de que todas las semillas que se utilizan tienen origen en las semillas nativas y criollas con las que los Pueblos coevolucionaron en los ultimos 10 mil a\u00f1os aproximadamente. Las variedades comerciales, industriales y uniformes que existen tambi\u00e9n provienen de las semillas nativas y criollas.<\/li>\n<li>Para implementar los Derechos de los Agricultores y de las Agricultoras a rescatar, proteger, multiplicar, mejorar, seleccionar, conservar, utilizar, intercambiar y vender (entre Pueblos y sus organizaciones) sus proprias semillas, los gobiernos deben revisar las leyes de semillas, patentes y otros sistemas de propiedad intelectual.\n<ol>\n<li>Replantear la manera como se han otorgados los derechos de propriedad intelectual sobre las variedades comerciales de acuerdo con lo planteado en el punto 1.<\/li>\n<li>El estado no deber\u00e1 favorecer o fomentar pol\u00edtica u econ\u00f3micamente aquellas empresas o instituciones cuyo objetivo sea utilizar econ\u00f3micamente las semillas nativas y criollas por sus propiedades industriales o medicinales.<\/li>\n<\/ol>\n<\/li>\n<li>Se exige reconocer el papel de las agricultoras y agricultores como sujetos de derechos en los estados nacionales y sus aportes al desarrollo, al mantenimiento de la agrobiodiversidad y la soberan\u00eda alimentaria de los pueblos.\n<ol>\n<li>Las organizaciones de los Pueblos participen activamente en la construcci\u00f3n, implementaci\u00f3n y seguimiento de leyes sobre los Derechos de los Agricultores y de las Agricultoras.<\/li>\n<li>No haya haber l\u00edmites territoriales y temporales en el ejercicio de los Derechos de los Agricultores y de las Agricultoras.<\/li>\n<li>No se puede criminalizar a las y los agricultores por el ejercicio de los Derechos de los Agricultores y de las Agricultoras.<\/li>\n<li>El Tratado debe establecer un mecanismo de monitoreo sobre la implementaci\u00f3n de los Derechos de los Agricultores y de las Agricultoras compuesto por las organizaciones de agricultores y agricultoras.<\/li>\n<li>La contaminaci\u00f3n gen\u00e9tica de las semillas nativas y criollas por transg\u00e9nicos y\/o nuevas tecnolog\u00edas es una amenaza que debe ser reconocida por el Tratado y sancionada por los Estados. En caso de concretarse estas amenazas, se garantiza la reparaci\u00f3n a las comunidades a travez del CLPI.<\/li>\n<li>Los Estados deben reconocer y respectar los conocimientos ancestrales de los Pueblos y no aplicar ninguna pol\u00edtica en detrimento de los mismos.<\/li>\n<\/ol>\n<\/li>\n<li>Las semillas nativas y criollas no deben ser incluidas en los registros de los Gobiernos u otros, si no solamente ser\u00e1n incluidas en los inventarios de las comunidades de acuerdo a las necesidades de las mismas y controladas por ellas, para:\n<ol>\n<li>la protecci\u00f3n frente a la biopirater\u00eda y apropiaci\u00f3n indebida;<\/li>\n<li>la conservaci\u00f3n y el rescate para garantizar los sistemas tradicionales y ancestrales del manejo de semillas;<\/li>\n<li>las informaciones de las investigaciones que se hagan o que se han hecho, sean devueltas a las comunidades y solo pueden ser utilizadas por las mismas. El inventario de la comunidad debe ser reconocido por el Estado como parte del derecho a la autodeterminaci\u00f3n de los pueblos.<\/li>\n<\/ol>\n<\/li>\n<li>El Fondo de distribuci\u00f3n de beneficios debe ser alimentado por los aportes de las empresas que comercializan las semillas comerciales, industriales y uniformes.\n<ol>\n<li>El pago de las empresas debe ser obligatorio.<\/li>\n<li>Para garantizar la implementacion de los Derechos de los Agricultores y de las Agricultoras, es necesaria la participacion de las organizaciones campesinas e indigenas en el manejo y rendici\u00f3n de cuentas del fondo.<\/li>\n<li>El destino del fondo debe ser dirigido \u00fanicamente a las organizaciones de agricultores para fortalecer sus propios programas de conservaci\u00f3n y multiplicaci\u00f3n de la biodiversidad agr\u00edcola (por ejemplo: casas de semillas, fitomejoramieto participativo, caracterizaci\u00f3n, ferias de semillas, emergencias, practicas agroecologicas, diversificacion de finca, etc.).<\/li>\n<\/ol>\n<\/li>\n<li>Las normas fitosanitarias no deben afectar el ejercicio de los Derechos de los Agricultores y de las Agricultoras.\n<ol>\n<li>Reconocer los sistemas locales participativos de garant\u00eda de calidad y otras formas de las comunidades.<\/li>\n<li>Las normas fitosanitarias no deben convertirse en obstaculos o ni en instrumentos para favorecer las semillas industriales bajo parametros y requerimientos dificiles de cumplir por parte de las y los agricultores.<\/li>\n<\/ol>\n<\/li>\n<li>Las organizaciones participantes exigen a los Gobiernos a ser transparentes en las informaciones y a crear espacios participativos para el CLPI con las organizaciones de agricultores y agricultoras en la discusi\u00f3n y tomas de decisiones de pol\u00edticas sobre semillas.<\/li>\n<\/ol>\n<h3 style=\"text-align: center;\">\u00a1Semillas en manos de los pueblos para la Soberan\u00eda Alimentaria!<\/h3>\n<p> &nbsp;  Para bajarlo en version PDF:\u00a0<a href=\"http:\/\/www.foodsovereignty.org\/wp-content\/uploads\/2018\/05\/Declaracion-Derechos-del-Agricultor-ALC-1.pdf\">Declaracion Derechos del Agricultor ALC<\/a>  &nbsp;  &nbsp;  &nbsp;  &nbsp;  <a href=\"https:\/\/www.foodsovereignty.org\/wp-content\/uploads\/2024\/01\/org-firmatarias-0.png\"><img loading=\"lazy\" decoding=\"async\" class=\"wp-image-2474 size-full aligncenter\" src=\"https:\/\/www.foodsovereignty.org\/wp-content\/uploads\/2024\/01\/org-firmatarias-0.png\" alt=\"\" width=\"750\" height=\"370\" \/><\/a><a href=\"https:\/\/www.foodsovereignty.org\/wp-content\/uploads\/2024\/01\/org-firmatarias-1-1.png\"><img loading=\"lazy\" decoding=\"async\" class=\"wp-image-2473 size-full aligncenter\" src=\"https:\/\/www.foodsovereignty.org\/wp-content\/uploads\/2024\/01\/org-firmatarias-1-1.png\" alt=\"\" width=\"755\" height=\"651\" \/><\/a>  <a href=\"https:\/\/www.foodsovereignty.org\/wp-content\/uploads\/2024\/01\/org-firmatarias-2-1.png\"><img loading=\"lazy\" decoding=\"async\" class=\"aligncenter wp-image-3324 size-full\" src=\"https:\/\/www.foodsovereignty.org\/wp-content\/uploads\/2024\/01\/org-firmatarias-2-1.png\" alt=\"\" width=\"757\" height=\"869\" \/><\/a>  <a href=\"https:\/\/www.foodsovereignty.org\/wp-content\/uploads\/2024\/01\/org-firmatarias-3.png\"><img loading=\"lazy\" decoding=\"async\" class=\"wp-image-2469 size-full aligncenter\" src=\"https:\/\/www.foodsovereignty.org\/wp-content\/uploads\/2024\/01\/org-firmatarias-3.png\" alt=\"\" width=\"761\" height=\"805\" \/><\/a> <a href=\"https:\/\/www.foodsovereignty.org\/wp-content\/uploads\/2024\/01\/org-firmatarias-4.png\"><img loading=\"lazy\" decoding=\"async\" class=\"wp-image-2470 size-full aligncenter\" src=\"https:\/\/www.foodsovereignty.org\/wp-content\/uploads\/2024\/01\/org-firmatarias-4.png\" alt=\"\" width=\"748\" height=\"167\" \/><\/a><\/p>\n","protected":false},"excerpt":{"rendered":"<p>Declaraci\u00f3n de los participantes de la Consulta Regional de America Latina y Caribe sobre la Implementacion de los Derechos del Agricultor \u2013 TIRFAA Seber\u00ed, Brasil, del 17 a 20 de abril de 2018 Introducci\u00f3n Las y los 40 participantes representantes de organizaciones campesinas, ind\u00edgenas, de mujeres y de pastores en la Consulta Regional de America [&hellip;]<\/p>\n","protected":false},"author":1,"featured_media":1864,"comment_status":"open","ping_status":"open","sticky":false,"template":"","format":"standard","meta":{"_acf_changed":false,"footnotes":""},"categories":[61,60],"tags":[313,314,298,252,81,315,82,316,79,85,303],"class_list":["post-1863","post","type-post","status-publish","format-standard","has-post-thumbnail","hentry","category-eventos","category-noticias","tag-articulo-6","tag-articulo-9","tag-biodiversidad","tag-cip","tag-civil-society","tag-consulta-alc-sobre-derechos-del-agricultor","tag-declaration","tag-derechos-del-agricultor","tag-fao","tag-food-sovereignty","tag-tirfaa"],"acf":[],"yoast_head":"<!-- This site is optimized with the Yoast SEO plugin v27.4 - https:\/\/yoast.com\/product\/yoast-seo-wordpress\/ -->\n<title>Declaraci\u00f3n de los participantes de la Consulta Regional de America Latina y Caribe sobre la Implementacion de los Derechos del Agricultor \u2013 TIRFAA - International Planning Committee for Food Sovereignty (IPC)<\/title>\n<meta name=\"robots\" content=\"index, follow, max-snippet:-1, max-image-preview:large, max-video-preview:-1\" \/>\n<link rel=\"canonical\" href=\"https:\/\/www.foodsovereignty.org\/es\/consulta-alc-tirfaa\/\" \/>\n<meta property=\"og:locale\" content=\"es_ES\" \/>\n<meta property=\"og:type\" content=\"article\" \/>\n<meta property=\"og:title\" content=\"Declaraci\u00f3n de los participantes de la Consulta Regional de America Latina y Caribe sobre la Implementacion de los Derechos del Agricultor \u2013 TIRFAA - International Planning Committee for Food Sovereignty (IPC)\" \/>\n<meta property=\"og:description\" content=\"Declaraci\u00f3n de los participantes de la Consulta Regional de America Latina y Caribe sobre la Implementacion de los Derechos del Agricultor \u2013 TIRFAA Seber\u00ed, Brasil, del 17 a 20 de abril de 2018 Introducci\u00f3n Las y los 40 participantes representantes de organizaciones campesinas, ind\u00edgenas, de mujeres y de pastores en la Consulta Regional de America [&hellip;]\" \/>\n<meta property=\"og:url\" content=\"https:\/\/www.foodsovereignty.org\/es\/consulta-alc-tirfaa\/\" \/>\n<meta property=\"og:site_name\" content=\"International Planning Committee for Food Sovereignty (IPC)\" \/>\n<meta property=\"article:published_time\" content=\"2018-05-15T10:35:38+00:00\" \/>\n<meta property=\"article:modified_time\" content=\"2024-01-30T23:03:52+00:00\" \/>\n<meta property=\"og:image\" content=\"https:\/\/www.foodsovereignty.org\/wp-content\/uploads\/2024\/01\/Header.png\" \/>\n\t<meta property=\"og:image:width\" content=\"1641\" \/>\n\t<meta property=\"og:image:height\" content=\"251\" \/>\n\t<meta property=\"og:image:type\" content=\"image\/png\" \/>\n<meta name=\"author\" content=\"ipc_staging\" \/>\n<meta name=\"twitter:card\" content=\"summary_large_image\" \/>\n<meta name=\"twitter:label1\" content=\"Escrito por\" \/>\n\t<meta name=\"twitter:data1\" content=\"ipc_staging\" \/>\n\t<meta name=\"twitter:label2\" content=\"Tiempo de lectura\" \/>\n\t<meta name=\"twitter:data2\" content=\"11 minutos\" \/>\n<script type=\"application\/ld+json\" class=\"yoast-schema-graph\">{\"@context\":\"https:\\\/\\\/schema.org\",\"@graph\":[{\"@type\":\"Article\",\"@id\":\"https:\\\/\\\/www.foodsovereignty.org\\\/es\\\/consulta-alc-tirfaa\\\/#article\",\"isPartOf\":{\"@id\":\"https:\\\/\\\/www.foodsovereignty.org\\\/es\\\/consulta-alc-tirfaa\\\/\"},\"author\":{\"name\":\"ipc_staging\",\"@id\":\"https:\\\/\\\/www.foodsovereignty.org\\\/es\\\/#\\\/schema\\\/person\\\/2022da6fc0f89b23596d0a63d82b61e1\"},\"headline\":\"Declaraci\u00f3n de los participantes de la Consulta Regional de America Latina y Caribe sobre la Implementacion de los Derechos del Agricultor \u2013 TIRFAA\",\"datePublished\":\"2018-05-15T10:35:38+00:00\",\"dateModified\":\"2024-01-30T23:03:52+00:00\",\"mainEntityOfPage\":{\"@id\":\"https:\\\/\\\/www.foodsovereignty.org\\\/es\\\/consulta-alc-tirfaa\\\/\"},\"wordCount\":2184,\"commentCount\":0,\"image\":{\"@id\":\"https:\\\/\\\/www.foodsovereignty.org\\\/es\\\/consulta-alc-tirfaa\\\/#primaryimage\"},\"thumbnailUrl\":\"https:\\\/\\\/www.foodsovereignty.org\\\/wp-content\\\/uploads\\\/2024\\\/01\\\/Header.png\",\"keywords\":[\"Articulo 6\",\"Articulo 9\",\"Biodiversidad\",\"CIP\",\"civil society\",\"Consulta ALC sobre Derechos del Agricultor\",\"declaration\",\"Derechos del Agricultor\",\"fao\",\"food sovereignty\",\"TIRFAA\"],\"articleSection\":[\"Eventos\",\"Noticias\"],\"inLanguage\":\"es\",\"potentialAction\":[{\"@type\":\"CommentAction\",\"name\":\"Comment\",\"target\":[\"https:\\\/\\\/www.foodsovereignty.org\\\/es\\\/consulta-alc-tirfaa\\\/#respond\"]}]},{\"@type\":\"WebPage\",\"@id\":\"https:\\\/\\\/www.foodsovereignty.org\\\/es\\\/consulta-alc-tirfaa\\\/\",\"url\":\"https:\\\/\\\/www.foodsovereignty.org\\\/es\\\/consulta-alc-tirfaa\\\/\",\"name\":\"Declaraci\u00f3n de los participantes de la Consulta Regional de America Latina y Caribe sobre la Implementacion de los Derechos del Agricultor \u2013 TIRFAA - International Planning Committee for Food Sovereignty (IPC)\",\"isPartOf\":{\"@id\":\"https:\\\/\\\/www.foodsovereignty.org\\\/es\\\/#website\"},\"primaryImageOfPage\":{\"@id\":\"https:\\\/\\\/www.foodsovereignty.org\\\/es\\\/consulta-alc-tirfaa\\\/#primaryimage\"},\"image\":{\"@id\":\"https:\\\/\\\/www.foodsovereignty.org\\\/es\\\/consulta-alc-tirfaa\\\/#primaryimage\"},\"thumbnailUrl\":\"https:\\\/\\\/www.foodsovereignty.org\\\/wp-content\\\/uploads\\\/2024\\\/01\\\/Header.png\",\"datePublished\":\"2018-05-15T10:35:38+00:00\",\"dateModified\":\"2024-01-30T23:03:52+00:00\",\"author\":{\"@id\":\"https:\\\/\\\/www.foodsovereignty.org\\\/es\\\/#\\\/schema\\\/person\\\/2022da6fc0f89b23596d0a63d82b61e1\"},\"breadcrumb\":{\"@id\":\"https:\\\/\\\/www.foodsovereignty.org\\\/es\\\/consulta-alc-tirfaa\\\/#breadcrumb\"},\"inLanguage\":\"es\",\"potentialAction\":[{\"@type\":\"ReadAction\",\"target\":[\"https:\\\/\\\/www.foodsovereignty.org\\\/es\\\/consulta-alc-tirfaa\\\/\"]}]},{\"@type\":\"ImageObject\",\"inLanguage\":\"es\",\"@id\":\"https:\\\/\\\/www.foodsovereignty.org\\\/es\\\/consulta-alc-tirfaa\\\/#primaryimage\",\"url\":\"https:\\\/\\\/www.foodsovereignty.org\\\/wp-content\\\/uploads\\\/2024\\\/01\\\/Header.png\",\"contentUrl\":\"https:\\\/\\\/www.foodsovereignty.org\\\/wp-content\\\/uploads\\\/2024\\\/01\\\/Header.png\",\"width\":1641,\"height\":251},{\"@type\":\"BreadcrumbList\",\"@id\":\"https:\\\/\\\/www.foodsovereignty.org\\\/es\\\/consulta-alc-tirfaa\\\/#breadcrumb\",\"itemListElement\":[{\"@type\":\"ListItem\",\"position\":1,\"name\":\"Home\",\"item\":\"https:\\\/\\\/www.foodsovereignty.org\\\/es\\\/\"},{\"@type\":\"ListItem\",\"position\":2,\"name\":\"Declaraci\u00f3n de los participantes de la Consulta Regional de America Latina y Caribe sobre la Implementacion de los Derechos del Agricultor \u2013 TIRFAA\"}]},{\"@type\":\"WebSite\",\"@id\":\"https:\\\/\\\/www.foodsovereignty.org\\\/es\\\/#website\",\"url\":\"https:\\\/\\\/www.foodsovereignty.org\\\/es\\\/\",\"name\":\"International Planning Committee for Food Sovereignty (IPC)\",\"description\":\"\",\"potentialAction\":[{\"@type\":\"SearchAction\",\"target\":{\"@type\":\"EntryPoint\",\"urlTemplate\":\"https:\\\/\\\/www.foodsovereignty.org\\\/es\\\/?s={search_term_string}\"},\"query-input\":{\"@type\":\"PropertyValueSpecification\",\"valueRequired\":true,\"valueName\":\"search_term_string\"}}],\"inLanguage\":\"es\"},{\"@type\":\"Person\",\"@id\":\"https:\\\/\\\/www.foodsovereignty.org\\\/es\\\/#\\\/schema\\\/person\\\/2022da6fc0f89b23596d0a63d82b61e1\",\"name\":\"ipc_staging\",\"image\":{\"@type\":\"ImageObject\",\"inLanguage\":\"es\",\"@id\":\"https:\\\/\\\/secure.gravatar.com\\\/avatar\\\/fce93258e0a23ad6ba66052185f81fce65925c41d889b9d1b920a76951c434af?s=96&d=mm&r=g\",\"url\":\"https:\\\/\\\/secure.gravatar.com\\\/avatar\\\/fce93258e0a23ad6ba66052185f81fce65925c41d889b9d1b920a76951c434af?s=96&d=mm&r=g\",\"contentUrl\":\"https:\\\/\\\/secure.gravatar.com\\\/avatar\\\/fce93258e0a23ad6ba66052185f81fce65925c41d889b9d1b920a76951c434af?s=96&d=mm&r=g\",\"caption\":\"ipc_staging\"},\"sameAs\":[\"http:\\\/\\\/_\"],\"url\":\"https:\\\/\\\/www.foodsovereignty.org\\\/es\\\/author\\\/ipc_staging\\\/\"}]}<\/script>\n<!-- \/ Yoast SEO plugin. -->","yoast_head_json":{"title":"Declaraci\u00f3n de los participantes de la Consulta Regional de America Latina y Caribe sobre la Implementacion de los Derechos del Agricultor \u2013 TIRFAA - International Planning Committee for Food Sovereignty (IPC)","robots":{"index":"index","follow":"follow","max-snippet":"max-snippet:-1","max-image-preview":"max-image-preview:large","max-video-preview":"max-video-preview:-1"},"canonical":"https:\/\/www.foodsovereignty.org\/es\/consulta-alc-tirfaa\/","og_locale":"es_ES","og_type":"article","og_title":"Declaraci\u00f3n de los participantes de la Consulta Regional de America Latina y Caribe sobre la Implementacion de los Derechos del Agricultor \u2013 TIRFAA - International Planning Committee for Food Sovereignty (IPC)","og_description":"Declaraci\u00f3n de los participantes de la Consulta Regional de America Latina y Caribe sobre la Implementacion de los Derechos del Agricultor \u2013 TIRFAA Seber\u00ed, Brasil, del 17 a 20 de abril de 2018 Introducci\u00f3n Las y los 40 participantes representantes de organizaciones campesinas, ind\u00edgenas, de mujeres y de pastores en la Consulta Regional de America [&hellip;]","og_url":"https:\/\/www.foodsovereignty.org\/es\/consulta-alc-tirfaa\/","og_site_name":"International Planning Committee for Food Sovereignty (IPC)","article_published_time":"2018-05-15T10:35:38+00:00","article_modified_time":"2024-01-30T23:03:52+00:00","og_image":[{"width":1641,"height":251,"url":"https:\/\/www.foodsovereignty.org\/wp-content\/uploads\/2024\/01\/Header.png","type":"image\/png"}],"author":"ipc_staging","twitter_card":"summary_large_image","twitter_misc":{"Escrito por":"ipc_staging","Tiempo de lectura":"11 minutos"},"schema":{"@context":"https:\/\/schema.org","@graph":[{"@type":"Article","@id":"https:\/\/www.foodsovereignty.org\/es\/consulta-alc-tirfaa\/#article","isPartOf":{"@id":"https:\/\/www.foodsovereignty.org\/es\/consulta-alc-tirfaa\/"},"author":{"name":"ipc_staging","@id":"https:\/\/www.foodsovereignty.org\/es\/#\/schema\/person\/2022da6fc0f89b23596d0a63d82b61e1"},"headline":"Declaraci\u00f3n de los participantes de la Consulta Regional de America Latina y Caribe sobre la Implementacion de los Derechos del Agricultor \u2013 TIRFAA","datePublished":"2018-05-15T10:35:38+00:00","dateModified":"2024-01-30T23:03:52+00:00","mainEntityOfPage":{"@id":"https:\/\/www.foodsovereignty.org\/es\/consulta-alc-tirfaa\/"},"wordCount":2184,"commentCount":0,"image":{"@id":"https:\/\/www.foodsovereignty.org\/es\/consulta-alc-tirfaa\/#primaryimage"},"thumbnailUrl":"https:\/\/www.foodsovereignty.org\/wp-content\/uploads\/2024\/01\/Header.png","keywords":["Articulo 6","Articulo 9","Biodiversidad","CIP","civil society","Consulta ALC sobre Derechos del Agricultor","declaration","Derechos del Agricultor","fao","food sovereignty","TIRFAA"],"articleSection":["Eventos","Noticias"],"inLanguage":"es","potentialAction":[{"@type":"CommentAction","name":"Comment","target":["https:\/\/www.foodsovereignty.org\/es\/consulta-alc-tirfaa\/#respond"]}]},{"@type":"WebPage","@id":"https:\/\/www.foodsovereignty.org\/es\/consulta-alc-tirfaa\/","url":"https:\/\/www.foodsovereignty.org\/es\/consulta-alc-tirfaa\/","name":"Declaraci\u00f3n de los participantes de la Consulta Regional de America Latina y Caribe sobre la Implementacion de los Derechos del Agricultor \u2013 TIRFAA - International Planning Committee for Food Sovereignty (IPC)","isPartOf":{"@id":"https:\/\/www.foodsovereignty.org\/es\/#website"},"primaryImageOfPage":{"@id":"https:\/\/www.foodsovereignty.org\/es\/consulta-alc-tirfaa\/#primaryimage"},"image":{"@id":"https:\/\/www.foodsovereignty.org\/es\/consulta-alc-tirfaa\/#primaryimage"},"thumbnailUrl":"https:\/\/www.foodsovereignty.org\/wp-content\/uploads\/2024\/01\/Header.png","datePublished":"2018-05-15T10:35:38+00:00","dateModified":"2024-01-30T23:03:52+00:00","author":{"@id":"https:\/\/www.foodsovereignty.org\/es\/#\/schema\/person\/2022da6fc0f89b23596d0a63d82b61e1"},"breadcrumb":{"@id":"https:\/\/www.foodsovereignty.org\/es\/consulta-alc-tirfaa\/#breadcrumb"},"inLanguage":"es","potentialAction":[{"@type":"ReadAction","target":["https:\/\/www.foodsovereignty.org\/es\/consulta-alc-tirfaa\/"]}]},{"@type":"ImageObject","inLanguage":"es","@id":"https:\/\/www.foodsovereignty.org\/es\/consulta-alc-tirfaa\/#primaryimage","url":"https:\/\/www.foodsovereignty.org\/wp-content\/uploads\/2024\/01\/Header.png","contentUrl":"https:\/\/www.foodsovereignty.org\/wp-content\/uploads\/2024\/01\/Header.png","width":1641,"height":251},{"@type":"BreadcrumbList","@id":"https:\/\/www.foodsovereignty.org\/es\/consulta-alc-tirfaa\/#breadcrumb","itemListElement":[{"@type":"ListItem","position":1,"name":"Home","item":"https:\/\/www.foodsovereignty.org\/es\/"},{"@type":"ListItem","position":2,"name":"Declaraci\u00f3n de los participantes de la Consulta Regional de America Latina y Caribe sobre la Implementacion de los Derechos del Agricultor \u2013 TIRFAA"}]},{"@type":"WebSite","@id":"https:\/\/www.foodsovereignty.org\/es\/#website","url":"https:\/\/www.foodsovereignty.org\/es\/","name":"International Planning Committee for Food Sovereignty (IPC)","description":"","potentialAction":[{"@type":"SearchAction","target":{"@type":"EntryPoint","urlTemplate":"https:\/\/www.foodsovereignty.org\/es\/?s={search_term_string}"},"query-input":{"@type":"PropertyValueSpecification","valueRequired":true,"valueName":"search_term_string"}}],"inLanguage":"es"},{"@type":"Person","@id":"https:\/\/www.foodsovereignty.org\/es\/#\/schema\/person\/2022da6fc0f89b23596d0a63d82b61e1","name":"ipc_staging","image":{"@type":"ImageObject","inLanguage":"es","@id":"https:\/\/secure.gravatar.com\/avatar\/fce93258e0a23ad6ba66052185f81fce65925c41d889b9d1b920a76951c434af?s=96&d=mm&r=g","url":"https:\/\/secure.gravatar.com\/avatar\/fce93258e0a23ad6ba66052185f81fce65925c41d889b9d1b920a76951c434af?s=96&d=mm&r=g","contentUrl":"https:\/\/secure.gravatar.com\/avatar\/fce93258e0a23ad6ba66052185f81fce65925c41d889b9d1b920a76951c434af?s=96&d=mm&r=g","caption":"ipc_staging"},"sameAs":["http:\/\/_"],"url":"https:\/\/www.foodsovereignty.org\/es\/author\/ipc_staging\/"}]}},"_links":{"self":[{"href":"https:\/\/www.foodsovereignty.org\/es\/wp-json\/wp\/v2\/posts\/1863","targetHints":{"allow":["GET"]}}],"collection":[{"href":"https:\/\/www.foodsovereignty.org\/es\/wp-json\/wp\/v2\/posts"}],"about":[{"href":"https:\/\/www.foodsovereignty.org\/es\/wp-json\/wp\/v2\/types\/post"}],"author":[{"embeddable":true,"href":"https:\/\/www.foodsovereignty.org\/es\/wp-json\/wp\/v2\/users\/1"}],"replies":[{"embeddable":true,"href":"https:\/\/www.foodsovereignty.org\/es\/wp-json\/wp\/v2\/comments?post=1863"}],"version-history":[{"count":1,"href":"https:\/\/www.foodsovereignty.org\/es\/wp-json\/wp\/v2\/posts\/1863\/revisions"}],"predecessor-version":[{"id":1882,"href":"https:\/\/www.foodsovereignty.org\/es\/wp-json\/wp\/v2\/posts\/1863\/revisions\/1882"}],"wp:featuredmedia":[{"embeddable":true,"href":"https:\/\/www.foodsovereignty.org\/es\/wp-json\/wp\/v2\/media\/1864"}],"wp:attachment":[{"href":"https:\/\/www.foodsovereignty.org\/es\/wp-json\/wp\/v2\/media?parent=1863"}],"wp:term":[{"taxonomy":"category","embeddable":true,"href":"https:\/\/www.foodsovereignty.org\/es\/wp-json\/wp\/v2\/categories?post=1863"},{"taxonomy":"post_tag","embeddable":true,"href":"https:\/\/www.foodsovereignty.org\/es\/wp-json\/wp\/v2\/tags?post=1863"}],"curies":[{"name":"wp","href":"https:\/\/api.w.org\/{rel}","templated":true}]}}