{"id":1955,"date":"2020-03-24T18:49:12","date_gmt":"2020-03-24T18:49:12","guid":{"rendered":"https:\/\/www.foodsovereignty.org\/quienes-sufren-hambre-y-malnutricion-han-de-liderar-la-cumbre-sobre-los-sistemas-de-alimentacion-de-la-onu\/"},"modified":"2024-01-30T23:04:06","modified_gmt":"2024-01-30T23:04:06","slug":"quienes-sufren-hambre-y-malnutricion-han-de-liderar-la-cumbre-sobre-los-sistemas-de-alimentacion-de-la-onu","status":"publish","type":"post","link":"https:\/\/www.foodsovereignty.org\/es\/quienes-sufren-hambre-y-malnutricion-han-de-liderar-la-cumbre-sobre-los-sistemas-de-alimentacion-de-la-onu\/","title":{"rendered":"Quienes sufren hambre y malnutrici\u00f3n han de liderar la Cumbre sobre los sistemas de Alimentaci\u00f3n de la ONU"},"content":{"rendered":"<p><em>En un momento en el que crece cada vez m\u00e1s la influencia del mundo corporativo en la toma de decisiones de la ONU, 550 OSC, movimientos sociales y universidades han entregado en mano una carta al secretario general de las Naciones Unidas reivindicando el papel de la sociedad civil en la transformaci\u00f3n de los sistemas alimentarios.<\/em>  Las corporaciones de la cadena de producci\u00f3n mundial son principales responsables de la destrucci\u00f3n ecol\u00f3gica, p\u00e9rdida de la biodiversidad y aumento de las tasas de hambre y malnutrici\u00f3n en el mundo. Estas compa\u00f1\u00edas <a href=\"https:\/\/www.etcgroup.org\/sites\/www.etcgroup.org\/files\/files\/etc-whowillfeedus-english-webshare.pdf#page=18\">est\u00e1n detr\u00e1s de la destrucci\u00f3n anual de 7500 millones de toneladas de tierra cultivable y controlan un mercado que es responsable de la tala de 7,5 millones de hect\u00e1reas de bosque<\/a>. A esto hay que sumar el uso de, al menos, un 90% de combustibles f\u00f3siles para la agricultura (y sus correspondientes emisiones GEI). Mientras tanto, las familias agricultoras y los productores\/as de alimentos a peque\u00f1a escala est\u00e1n detr\u00e1s del 75% de la producci\u00f3n mundial de alimentos (para consumo humano y no para biocombustibles) a trav\u00e9s de pr\u00e1cticas sostenibles ambientalmente.  Y a\u00fan as\u00ed, la ONU sigue contando con el sector privado para solucionar la crisis mundial.  En una <a href=\"https:\/\/www.foodsovereignty.org\/wp-content\/uploads\/2020\/02\/EN_Edited_draft-letter-UN-food-systems-summit_070220-4.pdf\">carta entregada la semana pasada al secretario general de las Naciones Unidas, Ant\u00f3nio Guterres,<\/a> 550 organizaciones de sociedad civil (OSC), universidades y movimientos sociales de todo el mundo piden a la ONU que reconsidere la manera en la cumbre ser\u00e1 organizada.  El Foro Econ\u00f3mico Mundial (FEM), <a href=\"https:\/\/www.fian.org\/es\/press-release\/articulo\/condena-firme-a-la-absorcion-de-la-onu-por-parte-del-fem-2273\">que firm\u00f3 un acuerdo estrat\u00e9gico con la ONU el pasado mes de junio<\/a>, pone las oportunidades de la revoluci\u00f3n industrial en beneficio de las corporaciones transnacionales y el capital financiero mundial. El papel del FEM como arquitecto de la cumbre s\u00f3lo nos alejar\u00e1 de las soluciones reales que son necesarias para salir de la actual crisis de los sistemas de alimentaci\u00f3n y el cambio clim\u00e1tico.  La Organizaci\u00f3n de las Naciones Unidas para la Alimentaci\u00f3n y la Nutrici\u00f3n (FAO) y el Comit\u00e9 Mundial de Seguridad Alimentaria (CSA) ofrecen un modelo diferente. El CSA es mundialmente conocido por ser el comit\u00e9 m\u00e1s inclusivo y participativo de la ONU, donde los grupos m\u00e1s afectados por el hambre y la malnutrici\u00f3n pueden participar en las decisiones intergubernamentales sobre las mejores pol\u00edticas del derecho a la alimentaci\u00f3n. El CSA est\u00e1 actualmente negociando la creaci\u00f3n de unas directrices para los sistemas de alimentaci\u00f3n y nutrici\u00f3n, as\u00ed como recomendaciones de pol\u00edticas agroecol\u00f3gicas. Ambas abordan seriamente las preocupaciones que persigue la cumbre propuesta por la ONU.  Por su parte, la FAO ha puesto en marcha pol\u00edticas claramente comprometidas con la sociedad civil, las comunidades ind\u00edgenas y los productores y productoras de alimentos a peque\u00f1a escala. Asimismo, la organizaci\u00f3n ha lanzado esenciales marcos normativos y procesos para transformar los sistemas alimentarios.  Colocar a estos dos organismos, as\u00ed como a los gobiernos \u2013 sobre todo aquellos de los pa\u00edses m\u00e1s afectados por la inseguridad alimentaria y la crisis clim\u00e1tica \u2013 al frente de la cumbre, garantizar\u00eda una gobernanza alimentaria multilateral e inclusiva.  Con la pandemia de COVID-19, las vulnerabilidades y los riesgos de un sistema alimentario industrial globalizado son m\u00e1s evidentes que nunca. Esto ya no se puede ignorar: la comunidad internacional debe abordar con urgencia los impactos a corto y largo plazo que se esperan sobre el derecho a la alimentaci\u00f3n y la nutrici\u00f3n de todos los pueblos, pero particularmente de los sectores m\u00e1s discriminados y marginados de las sociedades. La crisis actual evidencia a\u00fan m\u00e1s la necesidad de la transformaci\u00f3n de los sistemas alimentarios.  <a href=\"https:\/\/www.theguardian.com\/global-development\/2020\/mar\/12\/un-under-fire-over-choice-of-corporate-puppet-as-envoy-at-key-food-summit\">Las OSC han expresado su preocupaci\u00f3n por el nombramiento de Agnes Kalibata como enviada especial de la ONU para la cumbre<\/a>. Como presidenta de la alianza agroindustrial AGRA, su papel en la cumbre dar\u00eda lugar a un importante conflicto de intereses. Mientras tanto, aumenta el riesgo derivado de la influencia corporativa en la cumbre y se ignora el potencial del papel de los pueblos m\u00e1s afectados por el hambre y la malnutrici\u00f3n, lo que dirigir\u00e1 la gobernanza alimentaria a un punto antidemocr\u00e1tico.  Puedes <a href=\"https:\/\/www.foodsovereignty.org\/wp-content\/uploads\/2020\/03\/ES_Edited_draft-letter-UN-food-systems-summit_070220.pdf\">leer la carta aqui.<\/a>  Para cuestiones relacionadas con los medios, por favor, contacta con <a href=\"mailto:delrey@fian.org\">delrey@fian.org<\/a><\/p>\n","protected":false},"excerpt":{"rendered":"<p>En un momento en el que crece cada vez m\u00e1s la influencia del mundo corporativo en la toma de decisiones de la ONU, 550 OSC, movimientos sociales y universidades han entregado en mano una carta al secretario general de las Naciones Unidas reivindicando el papel de la sociedad civil en la transformaci\u00f3n de los sistemas [&hellip;]<\/p>\n","protected":false},"author":1,"featured_media":2180,"comment_status":"closed","ping_status":"open","sticky":false,"template":"","format":"standard","meta":{"_acf_changed":false,"footnotes":""},"categories":[61,60],"tags":[161,337,170,173],"class_list":["post-1955","post","type-post","status-publish","format-standard","has-post-thumbnail","hentry","category-eventos","category-noticias","tag-agnes-kalibata","tag-cumbre","tag-gutierres","tag-unfss"],"acf":[],"yoast_head":"<!-- This site is optimized with the Yoast SEO plugin v27.4 - https:\/\/yoast.com\/product\/yoast-seo-wordpress\/ -->\n<title>Quienes sufren hambre y malnutrici\u00f3n han de liderar la Cumbre sobre los sistemas de Alimentaci\u00f3n de la ONU - International Planning Committee for Food Sovereignty (IPC)<\/title>\n<meta name=\"robots\" content=\"index, follow, max-snippet:-1, max-image-preview:large, max-video-preview:-1\" \/>\n<link rel=\"canonical\" href=\"https:\/\/www.foodsovereignty.org\/es\/quienes-sufren-hambre-y-malnutricion-han-de-liderar-la-cumbre-sobre-los-sistemas-de-alimentacion-de-la-onu\/\" \/>\n<meta property=\"og:locale\" content=\"es_ES\" \/>\n<meta property=\"og:type\" content=\"article\" \/>\n<meta property=\"og:title\" content=\"Quienes sufren hambre y malnutrici\u00f3n han de liderar la Cumbre sobre los sistemas de Alimentaci\u00f3n de la ONU - International Planning Committee for Food Sovereignty (IPC)\" \/>\n<meta property=\"og:description\" content=\"En un momento en el que crece cada vez m\u00e1s la influencia del mundo corporativo en la toma de decisiones de la ONU, 550 OSC, movimientos sociales y universidades han entregado en mano una carta al secretario general de las Naciones Unidas reivindicando el papel de la sociedad civil en la transformaci\u00f3n de los sistemas [&hellip;]\" \/>\n<meta property=\"og:url\" content=\"https:\/\/www.foodsovereignty.org\/es\/quienes-sufren-hambre-y-malnutricion-han-de-liderar-la-cumbre-sobre-los-sistemas-de-alimentacion-de-la-onu\/\" \/>\n<meta property=\"og:site_name\" content=\"International Planning Committee for Food Sovereignty (IPC)\" \/>\n<meta property=\"article:published_time\" content=\"2020-03-24T18:49:12+00:00\" \/>\n<meta property=\"article:modified_time\" content=\"2024-01-30T23:04:06+00:00\" \/>\n<meta property=\"og:image\" content=\"https:\/\/www.foodsovereignty.org\/wp-content\/uploads\/2024\/01\/Progetto-senza-titolo-19-1.png\" \/>\n\t<meta property=\"og:image:width\" content=\"1920\" \/>\n\t<meta property=\"og:image:height\" content=\"714\" \/>\n\t<meta property=\"og:image:type\" content=\"image\/png\" \/>\n<meta name=\"author\" content=\"ipc_staging\" \/>\n<meta name=\"twitter:card\" content=\"summary_large_image\" \/>\n<meta name=\"twitter:label1\" content=\"Escrito por\" \/>\n\t<meta name=\"twitter:data1\" content=\"ipc_staging\" \/>\n\t<meta name=\"twitter:label2\" content=\"Tiempo de lectura\" \/>\n\t<meta name=\"twitter:data2\" content=\"4 minutos\" \/>\n<script type=\"application\/ld+json\" class=\"yoast-schema-graph\">{\"@context\":\"https:\\\/\\\/schema.org\",\"@graph\":[{\"@type\":\"Article\",\"@id\":\"https:\\\/\\\/www.foodsovereignty.org\\\/es\\\/quienes-sufren-hambre-y-malnutricion-han-de-liderar-la-cumbre-sobre-los-sistemas-de-alimentacion-de-la-onu\\\/#article\",\"isPartOf\":{\"@id\":\"https:\\\/\\\/www.foodsovereignty.org\\\/es\\\/quienes-sufren-hambre-y-malnutricion-han-de-liderar-la-cumbre-sobre-los-sistemas-de-alimentacion-de-la-onu\\\/\"},\"author\":{\"name\":\"ipc_staging\",\"@id\":\"https:\\\/\\\/www.foodsovereignty.org\\\/es\\\/#\\\/schema\\\/person\\\/2022da6fc0f89b23596d0a63d82b61e1\"},\"headline\":\"Quienes sufren hambre y malnutrici\u00f3n han de liderar la Cumbre sobre los sistemas de Alimentaci\u00f3n de la ONU\",\"datePublished\":\"2020-03-24T18:49:12+00:00\",\"dateModified\":\"2024-01-30T23:04:06+00:00\",\"mainEntityOfPage\":{\"@id\":\"https:\\\/\\\/www.foodsovereignty.org\\\/es\\\/quienes-sufren-hambre-y-malnutricion-han-de-liderar-la-cumbre-sobre-los-sistemas-de-alimentacion-de-la-onu\\\/\"},\"wordCount\":752,\"image\":{\"@id\":\"https:\\\/\\\/www.foodsovereignty.org\\\/es\\\/quienes-sufren-hambre-y-malnutricion-han-de-liderar-la-cumbre-sobre-los-sistemas-de-alimentacion-de-la-onu\\\/#primaryimage\"},\"thumbnailUrl\":\"https:\\\/\\\/www.foodsovereignty.org\\\/wp-content\\\/uploads\\\/2024\\\/01\\\/Progetto-senza-titolo-19-1.png\",\"keywords\":[\"Agnes Kalibata\",\"Cumbre\",\"Gutierres\",\"UNFSS\"],\"articleSection\":[\"Eventos\",\"Noticias\"],\"inLanguage\":\"es\"},{\"@type\":\"WebPage\",\"@id\":\"https:\\\/\\\/www.foodsovereignty.org\\\/es\\\/quienes-sufren-hambre-y-malnutricion-han-de-liderar-la-cumbre-sobre-los-sistemas-de-alimentacion-de-la-onu\\\/\",\"url\":\"https:\\\/\\\/www.foodsovereignty.org\\\/es\\\/quienes-sufren-hambre-y-malnutricion-han-de-liderar-la-cumbre-sobre-los-sistemas-de-alimentacion-de-la-onu\\\/\",\"name\":\"Quienes sufren hambre y malnutrici\u00f3n han de liderar la Cumbre sobre los sistemas de Alimentaci\u00f3n de la ONU - International Planning Committee for Food Sovereignty (IPC)\",\"isPartOf\":{\"@id\":\"https:\\\/\\\/www.foodsovereignty.org\\\/es\\\/#website\"},\"primaryImageOfPage\":{\"@id\":\"https:\\\/\\\/www.foodsovereignty.org\\\/es\\\/quienes-sufren-hambre-y-malnutricion-han-de-liderar-la-cumbre-sobre-los-sistemas-de-alimentacion-de-la-onu\\\/#primaryimage\"},\"image\":{\"@id\":\"https:\\\/\\\/www.foodsovereignty.org\\\/es\\\/quienes-sufren-hambre-y-malnutricion-han-de-liderar-la-cumbre-sobre-los-sistemas-de-alimentacion-de-la-onu\\\/#primaryimage\"},\"thumbnailUrl\":\"https:\\\/\\\/www.foodsovereignty.org\\\/wp-content\\\/uploads\\\/2024\\\/01\\\/Progetto-senza-titolo-19-1.png\",\"datePublished\":\"2020-03-24T18:49:12+00:00\",\"dateModified\":\"2024-01-30T23:04:06+00:00\",\"author\":{\"@id\":\"https:\\\/\\\/www.foodsovereignty.org\\\/es\\\/#\\\/schema\\\/person\\\/2022da6fc0f89b23596d0a63d82b61e1\"},\"breadcrumb\":{\"@id\":\"https:\\\/\\\/www.foodsovereignty.org\\\/es\\\/quienes-sufren-hambre-y-malnutricion-han-de-liderar-la-cumbre-sobre-los-sistemas-de-alimentacion-de-la-onu\\\/#breadcrumb\"},\"inLanguage\":\"es\",\"potentialAction\":[{\"@type\":\"ReadAction\",\"target\":[\"https:\\\/\\\/www.foodsovereignty.org\\\/es\\\/quienes-sufren-hambre-y-malnutricion-han-de-liderar-la-cumbre-sobre-los-sistemas-de-alimentacion-de-la-onu\\\/\"]}]},{\"@type\":\"ImageObject\",\"inLanguage\":\"es\",\"@id\":\"https:\\\/\\\/www.foodsovereignty.org\\\/es\\\/quienes-sufren-hambre-y-malnutricion-han-de-liderar-la-cumbre-sobre-los-sistemas-de-alimentacion-de-la-onu\\\/#primaryimage\",\"url\":\"https:\\\/\\\/www.foodsovereignty.org\\\/wp-content\\\/uploads\\\/2024\\\/01\\\/Progetto-senza-titolo-19-1.png\",\"contentUrl\":\"https:\\\/\\\/www.foodsovereignty.org\\\/wp-content\\\/uploads\\\/2024\\\/01\\\/Progetto-senza-titolo-19-1.png\",\"width\":1920,\"height\":714},{\"@type\":\"BreadcrumbList\",\"@id\":\"https:\\\/\\\/www.foodsovereignty.org\\\/es\\\/quienes-sufren-hambre-y-malnutricion-han-de-liderar-la-cumbre-sobre-los-sistemas-de-alimentacion-de-la-onu\\\/#breadcrumb\",\"itemListElement\":[{\"@type\":\"ListItem\",\"position\":1,\"name\":\"Home\",\"item\":\"https:\\\/\\\/www.foodsovereignty.org\\\/es\\\/\"},{\"@type\":\"ListItem\",\"position\":2,\"name\":\"Quienes sufren hambre y malnutrici\u00f3n han de liderar la Cumbre sobre los sistemas de Alimentaci\u00f3n de la ONU\"}]},{\"@type\":\"WebSite\",\"@id\":\"https:\\\/\\\/www.foodsovereignty.org\\\/es\\\/#website\",\"url\":\"https:\\\/\\\/www.foodsovereignty.org\\\/es\\\/\",\"name\":\"International Planning Committee for Food Sovereignty (IPC)\",\"description\":\"\",\"potentialAction\":[{\"@type\":\"SearchAction\",\"target\":{\"@type\":\"EntryPoint\",\"urlTemplate\":\"https:\\\/\\\/www.foodsovereignty.org\\\/es\\\/?s={search_term_string}\"},\"query-input\":{\"@type\":\"PropertyValueSpecification\",\"valueRequired\":true,\"valueName\":\"search_term_string\"}}],\"inLanguage\":\"es\"},{\"@type\":\"Person\",\"@id\":\"https:\\\/\\\/www.foodsovereignty.org\\\/es\\\/#\\\/schema\\\/person\\\/2022da6fc0f89b23596d0a63d82b61e1\",\"name\":\"ipc_staging\",\"image\":{\"@type\":\"ImageObject\",\"inLanguage\":\"es\",\"@id\":\"https:\\\/\\\/secure.gravatar.com\\\/avatar\\\/fce93258e0a23ad6ba66052185f81fce65925c41d889b9d1b920a76951c434af?s=96&d=mm&r=g\",\"url\":\"https:\\\/\\\/secure.gravatar.com\\\/avatar\\\/fce93258e0a23ad6ba66052185f81fce65925c41d889b9d1b920a76951c434af?s=96&d=mm&r=g\",\"contentUrl\":\"https:\\\/\\\/secure.gravatar.com\\\/avatar\\\/fce93258e0a23ad6ba66052185f81fce65925c41d889b9d1b920a76951c434af?s=96&d=mm&r=g\",\"caption\":\"ipc_staging\"},\"sameAs\":[\"http:\\\/\\\/_\"],\"url\":\"https:\\\/\\\/www.foodsovereignty.org\\\/es\\\/author\\\/ipc_staging\\\/\"}]}<\/script>\n<!-- \/ Yoast SEO plugin. -->","yoast_head_json":{"title":"Quienes sufren hambre y malnutrici\u00f3n han de liderar la Cumbre sobre los sistemas de Alimentaci\u00f3n de la ONU - International Planning Committee for Food Sovereignty (IPC)","robots":{"index":"index","follow":"follow","max-snippet":"max-snippet:-1","max-image-preview":"max-image-preview:large","max-video-preview":"max-video-preview:-1"},"canonical":"https:\/\/www.foodsovereignty.org\/es\/quienes-sufren-hambre-y-malnutricion-han-de-liderar-la-cumbre-sobre-los-sistemas-de-alimentacion-de-la-onu\/","og_locale":"es_ES","og_type":"article","og_title":"Quienes sufren hambre y malnutrici\u00f3n han de liderar la Cumbre sobre los sistemas de Alimentaci\u00f3n de la ONU - International Planning Committee for Food Sovereignty (IPC)","og_description":"En un momento en el que crece cada vez m\u00e1s la influencia del mundo corporativo en la toma de decisiones de la ONU, 550 OSC, movimientos sociales y universidades han entregado en mano una carta al secretario general de las Naciones Unidas reivindicando el papel de la sociedad civil en la transformaci\u00f3n de los sistemas [&hellip;]","og_url":"https:\/\/www.foodsovereignty.org\/es\/quienes-sufren-hambre-y-malnutricion-han-de-liderar-la-cumbre-sobre-los-sistemas-de-alimentacion-de-la-onu\/","og_site_name":"International Planning Committee for Food Sovereignty (IPC)","article_published_time":"2020-03-24T18:49:12+00:00","article_modified_time":"2024-01-30T23:04:06+00:00","og_image":[{"width":1920,"height":714,"url":"https:\/\/www.foodsovereignty.org\/wp-content\/uploads\/2024\/01\/Progetto-senza-titolo-19-1.png","type":"image\/png"}],"author":"ipc_staging","twitter_card":"summary_large_image","twitter_misc":{"Escrito por":"ipc_staging","Tiempo de lectura":"4 minutos"},"schema":{"@context":"https:\/\/schema.org","@graph":[{"@type":"Article","@id":"https:\/\/www.foodsovereignty.org\/es\/quienes-sufren-hambre-y-malnutricion-han-de-liderar-la-cumbre-sobre-los-sistemas-de-alimentacion-de-la-onu\/#article","isPartOf":{"@id":"https:\/\/www.foodsovereignty.org\/es\/quienes-sufren-hambre-y-malnutricion-han-de-liderar-la-cumbre-sobre-los-sistemas-de-alimentacion-de-la-onu\/"},"author":{"name":"ipc_staging","@id":"https:\/\/www.foodsovereignty.org\/es\/#\/schema\/person\/2022da6fc0f89b23596d0a63d82b61e1"},"headline":"Quienes sufren hambre y malnutrici\u00f3n han de liderar la Cumbre sobre los sistemas de Alimentaci\u00f3n de la ONU","datePublished":"2020-03-24T18:49:12+00:00","dateModified":"2024-01-30T23:04:06+00:00","mainEntityOfPage":{"@id":"https:\/\/www.foodsovereignty.org\/es\/quienes-sufren-hambre-y-malnutricion-han-de-liderar-la-cumbre-sobre-los-sistemas-de-alimentacion-de-la-onu\/"},"wordCount":752,"image":{"@id":"https:\/\/www.foodsovereignty.org\/es\/quienes-sufren-hambre-y-malnutricion-han-de-liderar-la-cumbre-sobre-los-sistemas-de-alimentacion-de-la-onu\/#primaryimage"},"thumbnailUrl":"https:\/\/www.foodsovereignty.org\/wp-content\/uploads\/2024\/01\/Progetto-senza-titolo-19-1.png","keywords":["Agnes Kalibata","Cumbre","Gutierres","UNFSS"],"articleSection":["Eventos","Noticias"],"inLanguage":"es"},{"@type":"WebPage","@id":"https:\/\/www.foodsovereignty.org\/es\/quienes-sufren-hambre-y-malnutricion-han-de-liderar-la-cumbre-sobre-los-sistemas-de-alimentacion-de-la-onu\/","url":"https:\/\/www.foodsovereignty.org\/es\/quienes-sufren-hambre-y-malnutricion-han-de-liderar-la-cumbre-sobre-los-sistemas-de-alimentacion-de-la-onu\/","name":"Quienes sufren hambre y malnutrici\u00f3n han de liderar la Cumbre sobre los sistemas de Alimentaci\u00f3n de la ONU - International Planning Committee for Food Sovereignty (IPC)","isPartOf":{"@id":"https:\/\/www.foodsovereignty.org\/es\/#website"},"primaryImageOfPage":{"@id":"https:\/\/www.foodsovereignty.org\/es\/quienes-sufren-hambre-y-malnutricion-han-de-liderar-la-cumbre-sobre-los-sistemas-de-alimentacion-de-la-onu\/#primaryimage"},"image":{"@id":"https:\/\/www.foodsovereignty.org\/es\/quienes-sufren-hambre-y-malnutricion-han-de-liderar-la-cumbre-sobre-los-sistemas-de-alimentacion-de-la-onu\/#primaryimage"},"thumbnailUrl":"https:\/\/www.foodsovereignty.org\/wp-content\/uploads\/2024\/01\/Progetto-senza-titolo-19-1.png","datePublished":"2020-03-24T18:49:12+00:00","dateModified":"2024-01-30T23:04:06+00:00","author":{"@id":"https:\/\/www.foodsovereignty.org\/es\/#\/schema\/person\/2022da6fc0f89b23596d0a63d82b61e1"},"breadcrumb":{"@id":"https:\/\/www.foodsovereignty.org\/es\/quienes-sufren-hambre-y-malnutricion-han-de-liderar-la-cumbre-sobre-los-sistemas-de-alimentacion-de-la-onu\/#breadcrumb"},"inLanguage":"es","potentialAction":[{"@type":"ReadAction","target":["https:\/\/www.foodsovereignty.org\/es\/quienes-sufren-hambre-y-malnutricion-han-de-liderar-la-cumbre-sobre-los-sistemas-de-alimentacion-de-la-onu\/"]}]},{"@type":"ImageObject","inLanguage":"es","@id":"https:\/\/www.foodsovereignty.org\/es\/quienes-sufren-hambre-y-malnutricion-han-de-liderar-la-cumbre-sobre-los-sistemas-de-alimentacion-de-la-onu\/#primaryimage","url":"https:\/\/www.foodsovereignty.org\/wp-content\/uploads\/2024\/01\/Progetto-senza-titolo-19-1.png","contentUrl":"https:\/\/www.foodsovereignty.org\/wp-content\/uploads\/2024\/01\/Progetto-senza-titolo-19-1.png","width":1920,"height":714},{"@type":"BreadcrumbList","@id":"https:\/\/www.foodsovereignty.org\/es\/quienes-sufren-hambre-y-malnutricion-han-de-liderar-la-cumbre-sobre-los-sistemas-de-alimentacion-de-la-onu\/#breadcrumb","itemListElement":[{"@type":"ListItem","position":1,"name":"Home","item":"https:\/\/www.foodsovereignty.org\/es\/"},{"@type":"ListItem","position":2,"name":"Quienes sufren hambre y malnutrici\u00f3n han de liderar la Cumbre sobre los sistemas de Alimentaci\u00f3n de la ONU"}]},{"@type":"WebSite","@id":"https:\/\/www.foodsovereignty.org\/es\/#website","url":"https:\/\/www.foodsovereignty.org\/es\/","name":"International Planning Committee for Food Sovereignty (IPC)","description":"","potentialAction":[{"@type":"SearchAction","target":{"@type":"EntryPoint","urlTemplate":"https:\/\/www.foodsovereignty.org\/es\/?s={search_term_string}"},"query-input":{"@type":"PropertyValueSpecification","valueRequired":true,"valueName":"search_term_string"}}],"inLanguage":"es"},{"@type":"Person","@id":"https:\/\/www.foodsovereignty.org\/es\/#\/schema\/person\/2022da6fc0f89b23596d0a63d82b61e1","name":"ipc_staging","image":{"@type":"ImageObject","inLanguage":"es","@id":"https:\/\/secure.gravatar.com\/avatar\/fce93258e0a23ad6ba66052185f81fce65925c41d889b9d1b920a76951c434af?s=96&d=mm&r=g","url":"https:\/\/secure.gravatar.com\/avatar\/fce93258e0a23ad6ba66052185f81fce65925c41d889b9d1b920a76951c434af?s=96&d=mm&r=g","contentUrl":"https:\/\/secure.gravatar.com\/avatar\/fce93258e0a23ad6ba66052185f81fce65925c41d889b9d1b920a76951c434af?s=96&d=mm&r=g","caption":"ipc_staging"},"sameAs":["http:\/\/_"],"url":"https:\/\/www.foodsovereignty.org\/es\/author\/ipc_staging\/"}]}},"_links":{"self":[{"href":"https:\/\/www.foodsovereignty.org\/es\/wp-json\/wp\/v2\/posts\/1955","targetHints":{"allow":["GET"]}}],"collection":[{"href":"https:\/\/www.foodsovereignty.org\/es\/wp-json\/wp\/v2\/posts"}],"about":[{"href":"https:\/\/www.foodsovereignty.org\/es\/wp-json\/wp\/v2\/types\/post"}],"author":[{"embeddable":true,"href":"https:\/\/www.foodsovereignty.org\/es\/wp-json\/wp\/v2\/users\/1"}],"replies":[{"embeddable":true,"href":"https:\/\/www.foodsovereignty.org\/es\/wp-json\/wp\/v2\/comments?post=1955"}],"version-history":[{"count":1,"href":"https:\/\/www.foodsovereignty.org\/es\/wp-json\/wp\/v2\/posts\/1955\/revisions"}],"predecessor-version":[{"id":2730,"href":"https:\/\/www.foodsovereignty.org\/es\/wp-json\/wp\/v2\/posts\/1955\/revisions\/2730"}],"wp:featuredmedia":[{"embeddable":true,"href":"https:\/\/www.foodsovereignty.org\/es\/wp-json\/wp\/v2\/media\/2180"}],"wp:attachment":[{"href":"https:\/\/www.foodsovereignty.org\/es\/wp-json\/wp\/v2\/media?parent=1955"}],"wp:term":[{"taxonomy":"category","embeddable":true,"href":"https:\/\/www.foodsovereignty.org\/es\/wp-json\/wp\/v2\/categories?post=1955"},{"taxonomy":"post_tag","embeddable":true,"href":"https:\/\/www.foodsovereignty.org\/es\/wp-json\/wp\/v2\/tags?post=1955"}],"curies":[{"name":"wp","href":"https:\/\/api.w.org\/{rel}","templated":true}]}}