{"id":1970,"date":"2020-09-30T09:02:44","date_gmt":"2020-09-30T09:02:44","guid":{"rendered":"https:\/\/www.foodsovereignty.org\/declaracion-del-cip-sobre-la-participacion-de-los-agricultores-en-el-tercer-grupo-especial-de-expertos-tecnicos-en-derechos-del-agricultor\/"},"modified":"2024-01-30T23:04:27","modified_gmt":"2024-01-30T23:04:27","slug":"declaracion-del-cip-sobre-la-participacion-de-los-agricultores-en-el-tercer-grupo-especial-de-expertos-tecnicos-en-derechos-del-agricultor","status":"publish","type":"post","link":"https:\/\/www.foodsovereignty.org\/es\/declaracion-del-cip-sobre-la-participacion-de-los-agricultores-en-el-tercer-grupo-especial-de-expertos-tecnicos-en-derechos-del-agricultor\/","title":{"rendered":"Declaraci\u00f3n del CIP sobre la participaci\u00f3n de los agricultores en el Tercer Grupo Especial de Expertos T\u00e9cnicos en Derechos del Agricultor"},"content":{"rendered":"<p>[vc_row][vc_column][vc_column_text]La tercera reuni\u00f3n del Grupo Especial de Expertos T\u00e9cnicos sobre los Derechos de los Agricultores<a href=\"#_ftn1\" name=\"_ftnref1\">[1]<\/a> del Tratado Internacional sobre los Recursos Fitogen\u00e9ticos para la Alimentaci\u00f3n y la Agricultura (TIRFAA) se celebr\u00f3 del 25 al 28 de agosto en modalidad virtual. El CIP particip\u00f3 a trav\u00e9s de 4 expertos miembros del CIP. El grupo de trabajo sobre diversidad biol\u00f3gica del CIP prest\u00f3 apoyo a estos expertos y colabor\u00f3 con otros expertos as\u00ed como con organizaciones de la sociedad civil.  Los debates se centraron en las \u00abopciones\u00bb que se han pedido al grupo de expertos que presenten a los gobiernos como orientaci\u00f3n sobre la forma de aplicar los derechos de los campesinos y los pueblos ind\u00edgenas a las semillas, que est\u00e1n consagrados en el art\u00edculo 9 del Tratado sobre las Semillas. Como observaron algunos expertos durante la Reuni\u00f3n, el lenguaje de las \u00abopciones\u00bb no debe interpretarse como un cuestionamiento del car\u00e1cter obligatorio de la aplicaci\u00f3n del art\u00edculo 9 del Tratado, que es vinculante en todas sus partes.  Como record\u00f3 Alimata Traor\u00e9 -una de las expertas del CIP- en su declaraci\u00f3n de apertura, el Grupo Especial de Expertos sobre los Derechos del Agricultor tuvo que abordar algunas cuestiones relativas a la pandemia de COVID-19. <em>\u00abEsta pandemia y las medidas que los gobiernos han adoptado para hacerle frente han tenido efectos devastadores para los campesinos, los pueblos ind\u00edgenas, los trabajadores agr\u00edcolas y otras personas y comunidades rurales. Nuestros medios de vida como peque\u00f1os productores de alimentos se han visto afectados negativamente y, en muchos casos, se han violado nuestros derechos. As\u00ed pues, la pandemia ha exacerbado a\u00fan m\u00e1s la discriminaci\u00f3n estructural, la marginaci\u00f3n y las violaciones generalizadas de nuestros derechos. El Grupo Especial de Expertos T\u00e9cnicos y esta reuni\u00f3n no pueden ser ciegos ante este contexto. Aunque el GEET y su mandato son anteriores a COVID, nuestros debates de esta semana no pueden permanecer en un mundo prepand\u00e9mico. La agricultura campesina y los sistemas alimentarios locales han demostrado su resistencia en el contexto de una crisis enorme y profunda como la causada por COVID-19\u00bb.<\/em>  Lamentablemente, pocos expertos se han referido a la necesidad urgente de examinar la situaci\u00f3n mundial actual en el debate, a pesar de que, debido a la pandemia mundial, la Reuni\u00f3n se celebr\u00f3 en modalidad virtual y algunos de los expertos, especialmente los que viven en zonas rurales o no tienen una conexi\u00f3n estable a Internet, tuvieron que hacer frente a problemas para asistir a la reuni\u00f3n con plena comprensi\u00f3n y capacidad para participar efectivamente en la discusi\u00f3n. De hecho, durante la reuni\u00f3n surgieron varios problemas t\u00e9cnicos, debido a las demoras y a la dificultad de varios expertos no angl\u00f3fonos para escuchar las interpretaciones. Adem\u00e1s, el horario diario de la reuni\u00f3n significaba que se celebraban todas las tardes de 3 a 6 del horario de verano de Europa central, con el resultado de que algunos Expertos, especialmente los que viven en Am\u00e9rica del Sur, ten\u00edan que hacer frente a horas dif\u00edciles, tambi\u00e9n en vista de la necesaria labor preparatoria, antes y despu\u00e9s de la reuni\u00f3n oficial, que toda reuni\u00f3n diaria requiere de los Expertos.  En el grupo surgieron debates controvertidos, en particular sobre las cuestiones de los derechos de propiedad intelectual y la necesidad de leyes que garanticen efectivamente los derechos de la poblaci\u00f3n rural sobre las semillas. Los representantes de los campesinos en el grupo de expertos destacaron que las medidas t\u00e9cnicas y administrativas en apoyo de los campesinos, los pueblos ind\u00edgenas y sus organizaciones deben complementarse con medidas jur\u00eddicas. <em>\u00abEste grupo de expertos ha recibido el mandato de examinar la aplicaci\u00f3n de los derechos de los agricultores. \u00c9stos no existen sin leyes que los protejan y garanticen, y que den a los titulares de los derechos la oportunidad de reclamarlos y hacerlos valer\u00bb,<\/em> dijo David Otieno, de la Liga de Campesinos de Kenya y uno de los campesinos miembros del grupo. Ali Razmkhah, uno de los expertos miembros del CIP, destac\u00f3 la necesidad de proporcionar una protecci\u00f3n y un apoyo eficaces a los sistemas de semillas campesinas mediante los cuales las comunidades rurales gestionan sus semillas.  Varios expertos representantes de los gobiernos del Norte Global y de la industria de las semillas ten\u00edan la intenci\u00f3n de limitar cualquier recomendaci\u00f3n al respeto de los derechos de propiedad intelectual. Esto fue fuertemente reprendido por los campesinos representados en el grupo que se\u00f1alaron las restricciones que esto conlleva para sus derechos. \u00ab<em>Para nosotros, los campesinos, las semillas no pueden estar sujetas a ning\u00fan derecho de exclusividad. Entrar en un r\u00e9gimen que permite que las semillas sean pose\u00eddas con exclusividad como una \u00abpropiedad\u00bb en lugar de un recurso p\u00fablico o un patrimonio cultural es en s\u00ed mismo un comienzo de la violaci\u00f3n de nuestros derechos colectivos\u00bb <\/em>dijo Tanmay Joshi de Karnataka Rajya Ryota Sangha que tambi\u00e9n es miembro del GEET.  Algunos expertos tambi\u00e9n cuestionaron el car\u00e1cter vinculante de las obligaciones que se derivan para los Estados del art\u00edculo 9 del Tratado sobre las semillas, mientras que los representantes de los campesinos se\u00f1alaron la Declaraci\u00f3n de las Naciones Unidas sobre los derechos de los campesinos y otras personas que trabajan en las zonas rurales, que reconoce claramente que los derechos de la poblaci\u00f3n rural a las semillas son derechos humanos.  Muchas cuestiones clave deben ser a\u00fan debatidas por los expertos en el cuarto y \u00faltimo GEET. Se trata de una reuni\u00f3n fundamental, que producir\u00e1 el documento final que luego ser\u00e1 objeto de negociaci\u00f3n durante el pr\u00f3ximo \u00d3rgano Rector del Tratado que se celebrar\u00e1 en la India en diciembre de 2021.  El CIP se ha comprometido a apoyar la labor del Grupo Especial de Expertos T\u00e9cnicos a fin de promover la aplicaci\u00f3n efectiva de los derechos de los campesinos y los pueblos ind\u00edgenas a las semillas y la diversidad biol\u00f3gica. <\/p>\n<h6><a href=\"#_ftnref1\" name=\"_ftn1\">[1]<\/a> El Grupo Especial de Expertos T\u00e9cnicos sobre los Derechos del Agricultor (GEET \u2013 AHTEG en ingl\u00e9s) es un grupo de 44 expertos, reconocidos a nivel nacional e internacional por sus conocimientos especializados, establecido por el \u00d3rgano Rector del Tratado Internacional en noviembre de 2017 en su s\u00e9ptima reuni\u00f3n. Los expertos tienen el objetivo de elaborar un inventario de las medidas nacionales que pueden adoptarse, las mejores pr\u00e1cticas y las lecciones aprendidas de la realizaci\u00f3n de los derechos del agricultor, tal como se establece en el art\u00edculo 9 del Tratado Internacional y, sobre la base de este inventario, desarrollar opciones para alentar, orientar y promover la realizaci\u00f3n de los derechos del agricultor de conformidad con el art\u00edculo 9 del Tratado Internacional. Los expertos participaron en la reuni\u00f3n a t\u00edtulo personal, sin un mandato espec\u00edfico de sus gobiernos, aunque muchos de ellos reiteraron en muchas ocasiones que ten\u00edan que consultar con su gobierno, antes de expresar una posici\u00f3n concreta.<\/h6>\n<p> [\/vc_column_text][\/vc_column][\/vc_row]<\/p>\n","protected":false},"excerpt":{"rendered":"<p>[vc_row][vc_column][vc_column_text]La tercera reuni\u00f3n del Grupo Especial de Expertos T\u00e9cnicos sobre los Derechos de los Agricultores[1] del Tratado Internacional sobre los Recursos Fitogen\u00e9ticos para la Alimentaci\u00f3n y la Agricultura (TIRFAA) se celebr\u00f3 del 25 al 28 de agosto en modalidad virtual. El CIP particip\u00f3 a trav\u00e9s de 4 expertos miembros del CIP. El grupo de trabajo [&hellip;]<\/p>\n","protected":false},"author":1,"featured_media":2208,"comment_status":"closed","ping_status":"open","sticky":false,"template":"","format":"standard","meta":{"_acf_changed":false,"footnotes":""},"categories":[60],"tags":[],"class_list":["post-1970","post","type-post","status-publish","format-standard","has-post-thumbnail","hentry","category-noticias","working_groups_tax-agricultural-biodiversity"],"acf":[],"yoast_head":"<!-- This site is optimized with the Yoast SEO plugin v27.4 - https:\/\/yoast.com\/product\/yoast-seo-wordpress\/ -->\n<title>Declaraci\u00f3n del CIP sobre la participaci\u00f3n de los agricultores en el Tercer Grupo Especial de Expertos T\u00e9cnicos en Derechos del Agricultor - International Planning Committee for Food Sovereignty (IPC)<\/title>\n<meta name=\"robots\" content=\"index, follow, max-snippet:-1, max-image-preview:large, max-video-preview:-1\" \/>\n<link rel=\"canonical\" href=\"https:\/\/www.foodsovereignty.org\/es\/declaracion-del-cip-sobre-la-participacion-de-los-agricultores-en-el-tercer-grupo-especial-de-expertos-tecnicos-en-derechos-del-agricultor\/\" \/>\n<meta property=\"og:locale\" content=\"es_ES\" \/>\n<meta property=\"og:type\" content=\"article\" \/>\n<meta property=\"og:title\" content=\"Declaraci\u00f3n del CIP sobre la participaci\u00f3n de los agricultores en el Tercer Grupo Especial de Expertos T\u00e9cnicos en Derechos del Agricultor - International Planning Committee for Food Sovereignty (IPC)\" \/>\n<meta property=\"og:description\" content=\"[vc_row][vc_column][vc_column_text]La tercera reuni\u00f3n del Grupo Especial de Expertos T\u00e9cnicos sobre los Derechos de los Agricultores[1] del Tratado Internacional sobre los Recursos Fitogen\u00e9ticos para la Alimentaci\u00f3n y la Agricultura (TIRFAA) se celebr\u00f3 del 25 al 28 de agosto en modalidad virtual. El CIP particip\u00f3 a trav\u00e9s de 4 expertos miembros del CIP. El grupo de trabajo [&hellip;]\" \/>\n<meta property=\"og:url\" content=\"https:\/\/www.foodsovereignty.org\/es\/declaracion-del-cip-sobre-la-participacion-de-los-agricultores-en-el-tercer-grupo-especial-de-expertos-tecnicos-en-derechos-del-agricultor\/\" \/>\n<meta property=\"og:site_name\" content=\"International Planning Committee for Food Sovereignty (IPC)\" \/>\n<meta property=\"article:published_time\" content=\"2020-09-30T09:02:44+00:00\" \/>\n<meta property=\"article:modified_time\" content=\"2024-01-30T23:04:27+00:00\" \/>\n<meta property=\"og:image\" content=\"https:\/\/www.foodsovereignty.org\/wp-content\/uploads\/2024\/01\/IPC-ITPGRFA_Declaration-1.png\" \/>\n\t<meta property=\"og:image:width\" content=\"3000\" \/>\n\t<meta property=\"og:image:height\" content=\"1055\" \/>\n\t<meta property=\"og:image:type\" content=\"image\/png\" \/>\n<meta name=\"author\" content=\"ipc_staging\" \/>\n<meta name=\"twitter:card\" content=\"summary_large_image\" \/>\n<meta name=\"twitter:label1\" content=\"Escrito por\" \/>\n\t<meta name=\"twitter:data1\" content=\"ipc_staging\" \/>\n\t<meta name=\"twitter:label2\" content=\"Tiempo de lectura\" \/>\n\t<meta name=\"twitter:data2\" content=\"6 minutos\" \/>\n<script type=\"application\/ld+json\" class=\"yoast-schema-graph\">{\"@context\":\"https:\\\/\\\/schema.org\",\"@graph\":[{\"@type\":\"Article\",\"@id\":\"https:\\\/\\\/www.foodsovereignty.org\\\/es\\\/declaracion-del-cip-sobre-la-participacion-de-los-agricultores-en-el-tercer-grupo-especial-de-expertos-tecnicos-en-derechos-del-agricultor\\\/#article\",\"isPartOf\":{\"@id\":\"https:\\\/\\\/www.foodsovereignty.org\\\/es\\\/declaracion-del-cip-sobre-la-participacion-de-los-agricultores-en-el-tercer-grupo-especial-de-expertos-tecnicos-en-derechos-del-agricultor\\\/\"},\"author\":{\"name\":\"ipc_staging\",\"@id\":\"https:\\\/\\\/www.foodsovereignty.org\\\/es\\\/#\\\/schema\\\/person\\\/2022da6fc0f89b23596d0a63d82b61e1\"},\"headline\":\"Declaraci\u00f3n del CIP sobre la participaci\u00f3n de los agricultores en el Tercer Grupo Especial de Expertos T\u00e9cnicos en Derechos del Agricultor\",\"datePublished\":\"2020-09-30T09:02:44+00:00\",\"dateModified\":\"2024-01-30T23:04:27+00:00\",\"mainEntityOfPage\":{\"@id\":\"https:\\\/\\\/www.foodsovereignty.org\\\/es\\\/declaracion-del-cip-sobre-la-participacion-de-los-agricultores-en-el-tercer-grupo-especial-de-expertos-tecnicos-en-derechos-del-agricultor\\\/\"},\"wordCount\":1223,\"image\":{\"@id\":\"https:\\\/\\\/www.foodsovereignty.org\\\/es\\\/declaracion-del-cip-sobre-la-participacion-de-los-agricultores-en-el-tercer-grupo-especial-de-expertos-tecnicos-en-derechos-del-agricultor\\\/#primaryimage\"},\"thumbnailUrl\":\"https:\\\/\\\/www.foodsovereignty.org\\\/wp-content\\\/uploads\\\/2024\\\/01\\\/IPC-ITPGRFA_Declaration-1.png\",\"articleSection\":[\"Noticias\"],\"inLanguage\":\"es\"},{\"@type\":\"WebPage\",\"@id\":\"https:\\\/\\\/www.foodsovereignty.org\\\/es\\\/declaracion-del-cip-sobre-la-participacion-de-los-agricultores-en-el-tercer-grupo-especial-de-expertos-tecnicos-en-derechos-del-agricultor\\\/\",\"url\":\"https:\\\/\\\/www.foodsovereignty.org\\\/es\\\/declaracion-del-cip-sobre-la-participacion-de-los-agricultores-en-el-tercer-grupo-especial-de-expertos-tecnicos-en-derechos-del-agricultor\\\/\",\"name\":\"Declaraci\u00f3n del CIP sobre la participaci\u00f3n de los agricultores en el Tercer Grupo Especial de Expertos T\u00e9cnicos en Derechos del Agricultor - International Planning Committee for Food Sovereignty (IPC)\",\"isPartOf\":{\"@id\":\"https:\\\/\\\/www.foodsovereignty.org\\\/es\\\/#website\"},\"primaryImageOfPage\":{\"@id\":\"https:\\\/\\\/www.foodsovereignty.org\\\/es\\\/declaracion-del-cip-sobre-la-participacion-de-los-agricultores-en-el-tercer-grupo-especial-de-expertos-tecnicos-en-derechos-del-agricultor\\\/#primaryimage\"},\"image\":{\"@id\":\"https:\\\/\\\/www.foodsovereignty.org\\\/es\\\/declaracion-del-cip-sobre-la-participacion-de-los-agricultores-en-el-tercer-grupo-especial-de-expertos-tecnicos-en-derechos-del-agricultor\\\/#primaryimage\"},\"thumbnailUrl\":\"https:\\\/\\\/www.foodsovereignty.org\\\/wp-content\\\/uploads\\\/2024\\\/01\\\/IPC-ITPGRFA_Declaration-1.png\",\"datePublished\":\"2020-09-30T09:02:44+00:00\",\"dateModified\":\"2024-01-30T23:04:27+00:00\",\"author\":{\"@id\":\"https:\\\/\\\/www.foodsovereignty.org\\\/es\\\/#\\\/schema\\\/person\\\/2022da6fc0f89b23596d0a63d82b61e1\"},\"breadcrumb\":{\"@id\":\"https:\\\/\\\/www.foodsovereignty.org\\\/es\\\/declaracion-del-cip-sobre-la-participacion-de-los-agricultores-en-el-tercer-grupo-especial-de-expertos-tecnicos-en-derechos-del-agricultor\\\/#breadcrumb\"},\"inLanguage\":\"es\",\"potentialAction\":[{\"@type\":\"ReadAction\",\"target\":[\"https:\\\/\\\/www.foodsovereignty.org\\\/es\\\/declaracion-del-cip-sobre-la-participacion-de-los-agricultores-en-el-tercer-grupo-especial-de-expertos-tecnicos-en-derechos-del-agricultor\\\/\"]}]},{\"@type\":\"ImageObject\",\"inLanguage\":\"es\",\"@id\":\"https:\\\/\\\/www.foodsovereignty.org\\\/es\\\/declaracion-del-cip-sobre-la-participacion-de-los-agricultores-en-el-tercer-grupo-especial-de-expertos-tecnicos-en-derechos-del-agricultor\\\/#primaryimage\",\"url\":\"https:\\\/\\\/www.foodsovereignty.org\\\/wp-content\\\/uploads\\\/2024\\\/01\\\/IPC-ITPGRFA_Declaration-1.png\",\"contentUrl\":\"https:\\\/\\\/www.foodsovereignty.org\\\/wp-content\\\/uploads\\\/2024\\\/01\\\/IPC-ITPGRFA_Declaration-1.png\",\"width\":3000,\"height\":1055},{\"@type\":\"BreadcrumbList\",\"@id\":\"https:\\\/\\\/www.foodsovereignty.org\\\/es\\\/declaracion-del-cip-sobre-la-participacion-de-los-agricultores-en-el-tercer-grupo-especial-de-expertos-tecnicos-en-derechos-del-agricultor\\\/#breadcrumb\",\"itemListElement\":[{\"@type\":\"ListItem\",\"position\":1,\"name\":\"Home\",\"item\":\"https:\\\/\\\/www.foodsovereignty.org\\\/es\\\/\"},{\"@type\":\"ListItem\",\"position\":2,\"name\":\"Declaraci\u00f3n del CIP sobre la participaci\u00f3n de los agricultores en el Tercer Grupo Especial de Expertos T\u00e9cnicos en Derechos del Agricultor\"}]},{\"@type\":\"WebSite\",\"@id\":\"https:\\\/\\\/www.foodsovereignty.org\\\/es\\\/#website\",\"url\":\"https:\\\/\\\/www.foodsovereignty.org\\\/es\\\/\",\"name\":\"International Planning Committee for Food Sovereignty (IPC)\",\"description\":\"\",\"potentialAction\":[{\"@type\":\"SearchAction\",\"target\":{\"@type\":\"EntryPoint\",\"urlTemplate\":\"https:\\\/\\\/www.foodsovereignty.org\\\/es\\\/?s={search_term_string}\"},\"query-input\":{\"@type\":\"PropertyValueSpecification\",\"valueRequired\":true,\"valueName\":\"search_term_string\"}}],\"inLanguage\":\"es\"},{\"@type\":\"Person\",\"@id\":\"https:\\\/\\\/www.foodsovereignty.org\\\/es\\\/#\\\/schema\\\/person\\\/2022da6fc0f89b23596d0a63d82b61e1\",\"name\":\"ipc_staging\",\"image\":{\"@type\":\"ImageObject\",\"inLanguage\":\"es\",\"@id\":\"https:\\\/\\\/secure.gravatar.com\\\/avatar\\\/fce93258e0a23ad6ba66052185f81fce65925c41d889b9d1b920a76951c434af?s=96&d=mm&r=g\",\"url\":\"https:\\\/\\\/secure.gravatar.com\\\/avatar\\\/fce93258e0a23ad6ba66052185f81fce65925c41d889b9d1b920a76951c434af?s=96&d=mm&r=g\",\"contentUrl\":\"https:\\\/\\\/secure.gravatar.com\\\/avatar\\\/fce93258e0a23ad6ba66052185f81fce65925c41d889b9d1b920a76951c434af?s=96&d=mm&r=g\",\"caption\":\"ipc_staging\"},\"sameAs\":[\"http:\\\/\\\/_\"],\"url\":\"https:\\\/\\\/www.foodsovereignty.org\\\/es\\\/author\\\/ipc_staging\\\/\"}]}<\/script>\n<!-- \/ Yoast SEO plugin. -->","yoast_head_json":{"title":"Declaraci\u00f3n del CIP sobre la participaci\u00f3n de los agricultores en el Tercer Grupo Especial de Expertos T\u00e9cnicos en Derechos del Agricultor - International Planning Committee for Food Sovereignty (IPC)","robots":{"index":"index","follow":"follow","max-snippet":"max-snippet:-1","max-image-preview":"max-image-preview:large","max-video-preview":"max-video-preview:-1"},"canonical":"https:\/\/www.foodsovereignty.org\/es\/declaracion-del-cip-sobre-la-participacion-de-los-agricultores-en-el-tercer-grupo-especial-de-expertos-tecnicos-en-derechos-del-agricultor\/","og_locale":"es_ES","og_type":"article","og_title":"Declaraci\u00f3n del CIP sobre la participaci\u00f3n de los agricultores en el Tercer Grupo Especial de Expertos T\u00e9cnicos en Derechos del Agricultor - International Planning Committee for Food Sovereignty (IPC)","og_description":"[vc_row][vc_column][vc_column_text]La tercera reuni\u00f3n del Grupo Especial de Expertos T\u00e9cnicos sobre los Derechos de los Agricultores[1] del Tratado Internacional sobre los Recursos Fitogen\u00e9ticos para la Alimentaci\u00f3n y la Agricultura (TIRFAA) se celebr\u00f3 del 25 al 28 de agosto en modalidad virtual. El CIP particip\u00f3 a trav\u00e9s de 4 expertos miembros del CIP. El grupo de trabajo [&hellip;]","og_url":"https:\/\/www.foodsovereignty.org\/es\/declaracion-del-cip-sobre-la-participacion-de-los-agricultores-en-el-tercer-grupo-especial-de-expertos-tecnicos-en-derechos-del-agricultor\/","og_site_name":"International Planning Committee for Food Sovereignty (IPC)","article_published_time":"2020-09-30T09:02:44+00:00","article_modified_time":"2024-01-30T23:04:27+00:00","og_image":[{"width":3000,"height":1055,"url":"https:\/\/www.foodsovereignty.org\/wp-content\/uploads\/2024\/01\/IPC-ITPGRFA_Declaration-1.png","type":"image\/png"}],"author":"ipc_staging","twitter_card":"summary_large_image","twitter_misc":{"Escrito por":"ipc_staging","Tiempo de lectura":"6 minutos"},"schema":{"@context":"https:\/\/schema.org","@graph":[{"@type":"Article","@id":"https:\/\/www.foodsovereignty.org\/es\/declaracion-del-cip-sobre-la-participacion-de-los-agricultores-en-el-tercer-grupo-especial-de-expertos-tecnicos-en-derechos-del-agricultor\/#article","isPartOf":{"@id":"https:\/\/www.foodsovereignty.org\/es\/declaracion-del-cip-sobre-la-participacion-de-los-agricultores-en-el-tercer-grupo-especial-de-expertos-tecnicos-en-derechos-del-agricultor\/"},"author":{"name":"ipc_staging","@id":"https:\/\/www.foodsovereignty.org\/es\/#\/schema\/person\/2022da6fc0f89b23596d0a63d82b61e1"},"headline":"Declaraci\u00f3n del CIP sobre la participaci\u00f3n de los agricultores en el Tercer Grupo Especial de Expertos T\u00e9cnicos en Derechos del Agricultor","datePublished":"2020-09-30T09:02:44+00:00","dateModified":"2024-01-30T23:04:27+00:00","mainEntityOfPage":{"@id":"https:\/\/www.foodsovereignty.org\/es\/declaracion-del-cip-sobre-la-participacion-de-los-agricultores-en-el-tercer-grupo-especial-de-expertos-tecnicos-en-derechos-del-agricultor\/"},"wordCount":1223,"image":{"@id":"https:\/\/www.foodsovereignty.org\/es\/declaracion-del-cip-sobre-la-participacion-de-los-agricultores-en-el-tercer-grupo-especial-de-expertos-tecnicos-en-derechos-del-agricultor\/#primaryimage"},"thumbnailUrl":"https:\/\/www.foodsovereignty.org\/wp-content\/uploads\/2024\/01\/IPC-ITPGRFA_Declaration-1.png","articleSection":["Noticias"],"inLanguage":"es"},{"@type":"WebPage","@id":"https:\/\/www.foodsovereignty.org\/es\/declaracion-del-cip-sobre-la-participacion-de-los-agricultores-en-el-tercer-grupo-especial-de-expertos-tecnicos-en-derechos-del-agricultor\/","url":"https:\/\/www.foodsovereignty.org\/es\/declaracion-del-cip-sobre-la-participacion-de-los-agricultores-en-el-tercer-grupo-especial-de-expertos-tecnicos-en-derechos-del-agricultor\/","name":"Declaraci\u00f3n del CIP sobre la participaci\u00f3n de los agricultores en el Tercer Grupo Especial de Expertos T\u00e9cnicos en Derechos del Agricultor - International Planning Committee for Food Sovereignty (IPC)","isPartOf":{"@id":"https:\/\/www.foodsovereignty.org\/es\/#website"},"primaryImageOfPage":{"@id":"https:\/\/www.foodsovereignty.org\/es\/declaracion-del-cip-sobre-la-participacion-de-los-agricultores-en-el-tercer-grupo-especial-de-expertos-tecnicos-en-derechos-del-agricultor\/#primaryimage"},"image":{"@id":"https:\/\/www.foodsovereignty.org\/es\/declaracion-del-cip-sobre-la-participacion-de-los-agricultores-en-el-tercer-grupo-especial-de-expertos-tecnicos-en-derechos-del-agricultor\/#primaryimage"},"thumbnailUrl":"https:\/\/www.foodsovereignty.org\/wp-content\/uploads\/2024\/01\/IPC-ITPGRFA_Declaration-1.png","datePublished":"2020-09-30T09:02:44+00:00","dateModified":"2024-01-30T23:04:27+00:00","author":{"@id":"https:\/\/www.foodsovereignty.org\/es\/#\/schema\/person\/2022da6fc0f89b23596d0a63d82b61e1"},"breadcrumb":{"@id":"https:\/\/www.foodsovereignty.org\/es\/declaracion-del-cip-sobre-la-participacion-de-los-agricultores-en-el-tercer-grupo-especial-de-expertos-tecnicos-en-derechos-del-agricultor\/#breadcrumb"},"inLanguage":"es","potentialAction":[{"@type":"ReadAction","target":["https:\/\/www.foodsovereignty.org\/es\/declaracion-del-cip-sobre-la-participacion-de-los-agricultores-en-el-tercer-grupo-especial-de-expertos-tecnicos-en-derechos-del-agricultor\/"]}]},{"@type":"ImageObject","inLanguage":"es","@id":"https:\/\/www.foodsovereignty.org\/es\/declaracion-del-cip-sobre-la-participacion-de-los-agricultores-en-el-tercer-grupo-especial-de-expertos-tecnicos-en-derechos-del-agricultor\/#primaryimage","url":"https:\/\/www.foodsovereignty.org\/wp-content\/uploads\/2024\/01\/IPC-ITPGRFA_Declaration-1.png","contentUrl":"https:\/\/www.foodsovereignty.org\/wp-content\/uploads\/2024\/01\/IPC-ITPGRFA_Declaration-1.png","width":3000,"height":1055},{"@type":"BreadcrumbList","@id":"https:\/\/www.foodsovereignty.org\/es\/declaracion-del-cip-sobre-la-participacion-de-los-agricultores-en-el-tercer-grupo-especial-de-expertos-tecnicos-en-derechos-del-agricultor\/#breadcrumb","itemListElement":[{"@type":"ListItem","position":1,"name":"Home","item":"https:\/\/www.foodsovereignty.org\/es\/"},{"@type":"ListItem","position":2,"name":"Declaraci\u00f3n del CIP sobre la participaci\u00f3n de los agricultores en el Tercer Grupo Especial de Expertos T\u00e9cnicos en Derechos del Agricultor"}]},{"@type":"WebSite","@id":"https:\/\/www.foodsovereignty.org\/es\/#website","url":"https:\/\/www.foodsovereignty.org\/es\/","name":"International Planning Committee for Food Sovereignty (IPC)","description":"","potentialAction":[{"@type":"SearchAction","target":{"@type":"EntryPoint","urlTemplate":"https:\/\/www.foodsovereignty.org\/es\/?s={search_term_string}"},"query-input":{"@type":"PropertyValueSpecification","valueRequired":true,"valueName":"search_term_string"}}],"inLanguage":"es"},{"@type":"Person","@id":"https:\/\/www.foodsovereignty.org\/es\/#\/schema\/person\/2022da6fc0f89b23596d0a63d82b61e1","name":"ipc_staging","image":{"@type":"ImageObject","inLanguage":"es","@id":"https:\/\/secure.gravatar.com\/avatar\/fce93258e0a23ad6ba66052185f81fce65925c41d889b9d1b920a76951c434af?s=96&d=mm&r=g","url":"https:\/\/secure.gravatar.com\/avatar\/fce93258e0a23ad6ba66052185f81fce65925c41d889b9d1b920a76951c434af?s=96&d=mm&r=g","contentUrl":"https:\/\/secure.gravatar.com\/avatar\/fce93258e0a23ad6ba66052185f81fce65925c41d889b9d1b920a76951c434af?s=96&d=mm&r=g","caption":"ipc_staging"},"sameAs":["http:\/\/_"],"url":"https:\/\/www.foodsovereignty.org\/es\/author\/ipc_staging\/"}]}},"_links":{"self":[{"href":"https:\/\/www.foodsovereignty.org\/es\/wp-json\/wp\/v2\/posts\/1970","targetHints":{"allow":["GET"]}}],"collection":[{"href":"https:\/\/www.foodsovereignty.org\/es\/wp-json\/wp\/v2\/posts"}],"about":[{"href":"https:\/\/www.foodsovereignty.org\/es\/wp-json\/wp\/v2\/types\/post"}],"author":[{"embeddable":true,"href":"https:\/\/www.foodsovereignty.org\/es\/wp-json\/wp\/v2\/users\/1"}],"replies":[{"embeddable":true,"href":"https:\/\/www.foodsovereignty.org\/es\/wp-json\/wp\/v2\/comments?post=1970"}],"version-history":[{"count":1,"href":"https:\/\/www.foodsovereignty.org\/es\/wp-json\/wp\/v2\/posts\/1970\/revisions"}],"predecessor-version":[{"id":2747,"href":"https:\/\/www.foodsovereignty.org\/es\/wp-json\/wp\/v2\/posts\/1970\/revisions\/2747"}],"wp:featuredmedia":[{"embeddable":true,"href":"https:\/\/www.foodsovereignty.org\/es\/wp-json\/wp\/v2\/media\/2208"}],"wp:attachment":[{"href":"https:\/\/www.foodsovereignty.org\/es\/wp-json\/wp\/v2\/media?parent=1970"}],"wp:term":[{"taxonomy":"category","embeddable":true,"href":"https:\/\/www.foodsovereignty.org\/es\/wp-json\/wp\/v2\/categories?post=1970"},{"taxonomy":"post_tag","embeddable":true,"href":"https:\/\/www.foodsovereignty.org\/es\/wp-json\/wp\/v2\/tags?post=1970"}],"curies":[{"name":"wp","href":"https:\/\/api.w.org\/{rel}","templated":true}]}}