{"id":1971,"date":"2020-10-02T18:38:22","date_gmt":"2020-10-02T18:38:22","guid":{"rendered":"https:\/\/www.foodsovereignty.org\/la-consulta-de-la-osc-se-celebrara-virtualmente-del-21-al-23-de-octubre-de-2020\/"},"modified":"2024-01-30T23:04:29","modified_gmt":"2024-01-30T23:04:29","slug":"la-consulta-de-la-osc-se-celebrara-virtualmente-del-21-al-23-de-octubre-de-2020","status":"publish","type":"post","link":"https:\/\/www.foodsovereignty.org\/es\/la-consulta-de-la-osc-se-celebrara-virtualmente-del-21-al-23-de-octubre-de-2020\/","title":{"rendered":"La consulta de la OSC se celebrar\u00e1 virtualmente del 21 al 23 de octubre de 2020"},"content":{"rendered":"<p>[vc_row][vc_column][vc_column_text]A la luz de la actual pandemia de la COVID-19, se ha decidido posponer la fecha de la 32\u00aa Conferencia Regional de la FAO para Europa a la segunda mitad de 2020. Por lo tanto, la Consulta de las Organizaciones de la Sociedad Civil (OSC) previa a la 32\u00aa Conferencia Regional tambi\u00e9n se ha pospuesto.  Despu\u00e9s de varias consultas, el Comit\u00e9 Directivo ad-hoc de Ny\u00e9l\u00e9ni ECA, junto con el Comit\u00e9 Facilitador, anunci\u00f3 que la Consulta de la OSC se celebrar\u00e1 el 21-23 de octubre de 2020, pero esta vez, virtualmente.  El Comit\u00e9 Directivo ad-hoc de Ny\u00e9l\u00e9ni ECA pide a la sociedad civil que haga circular<a href=\"https:\/\/www.eurovia.org\/wp-content\/uploads\/2020\/08\/ES_Convocatoria-de-expresio%CC%81n-de-intere%CC%81s-a-las-organizaciones-de-la-sociedad-civil.pdf\">\u00a0la convocatoria de expresi\u00f3n de inter\u00e9s<\/a>\u00a0e informaci\u00f3n en sus redes. Si desea que se le tenga en cuenta para participar en la consulta regional de la OSC, p\u00f3ngase en contacto con Olcay Bingol en nombre del Comit\u00e9 Directivo ad-hoc mediante <strong>info@nyeleni-eca.net<\/strong>. Tendr\u00e1 de plazo hasta el 7 de septiembre de 2020 y deber\u00e1 enviar un correo electr\u00f3nico con una breve descripci\u00f3n (m\u00e1x. 150 palabras) de:  &#8211; su organizaci\u00f3n y su v\u00ednculo con el movimiento de Soberan\u00eda Alimentaria;  &#8211; su papel personal dentro de su organizaci\u00f3n; y  &#8211; su inter\u00e9s en los temas que se discutir\u00e1n, incluyendo: la nutrici\u00f3n y los sistemas alimentarios, la juventud rural, la Cumbre de las Naciones Unidas sobre Sistemas Alimentarios, la Declaraci\u00f3n sobre los derechos de los campesinos y el Decenio de las Naciones Unidas de la Agricultura Familiar.[\/vc_column_text][vc_single_image image=\u00bb20483&#8243; img_size=\u00bblarge\u00bb alignment=\u00bbcenter\u00bb][\/vc_column][\/vc_row]<\/p>\n","protected":false},"excerpt":{"rendered":"<p>[vc_row][vc_column][vc_column_text]A la luz de la actual pandemia de la COVID-19, se ha decidido posponer la fecha de la 32\u00aa Conferencia Regional de la FAO para Europa a la segunda mitad de 2020. Por lo tanto, la Consulta de las Organizaciones de la Sociedad Civil (OSC) previa a la 32\u00aa Conferencia Regional tambi\u00e9n se ha pospuesto. [&hellip;]<\/p>\n","protected":false},"author":1,"featured_media":2212,"comment_status":"closed","ping_status":"open","sticky":false,"template":"","format":"standard","meta":{"_acf_changed":false,"footnotes":""},"categories":[61,60],"tags":[],"class_list":["post-1971","post","type-post","status-publish","format-standard","has-post-thumbnail","hentry","category-eventos","category-noticias","regional_processes_tax-europe-central-asia"],"acf":[],"yoast_head":"<!-- This site is optimized with the Yoast SEO plugin v27.4 - https:\/\/yoast.com\/product\/yoast-seo-wordpress\/ -->\n<title>La consulta de la OSC se celebrar\u00e1 virtualmente del 21 al 23 de octubre de 2020 - International Planning Committee for Food Sovereignty (IPC)<\/title>\n<meta name=\"robots\" content=\"index, follow, max-snippet:-1, max-image-preview:large, max-video-preview:-1\" \/>\n<link rel=\"canonical\" href=\"https:\/\/www.foodsovereignty.org\/es\/la-consulta-de-la-osc-se-celebrara-virtualmente-del-21-al-23-de-octubre-de-2020\/\" \/>\n<meta property=\"og:locale\" content=\"es_ES\" \/>\n<meta property=\"og:type\" content=\"article\" \/>\n<meta property=\"og:title\" content=\"La consulta de la OSC se celebrar\u00e1 virtualmente del 21 al 23 de octubre de 2020 - International Planning Committee for Food Sovereignty (IPC)\" \/>\n<meta property=\"og:description\" content=\"[vc_row][vc_column][vc_column_text]A la luz de la actual pandemia de la COVID-19, se ha decidido posponer la fecha de la 32\u00aa Conferencia Regional de la FAO para Europa a la segunda mitad de 2020. Por lo tanto, la Consulta de las Organizaciones de la Sociedad Civil (OSC) previa a la 32\u00aa Conferencia Regional tambi\u00e9n se ha pospuesto. [&hellip;]\" \/>\n<meta property=\"og:url\" content=\"https:\/\/www.foodsovereignty.org\/es\/la-consulta-de-la-osc-se-celebrara-virtualmente-del-21-al-23-de-octubre-de-2020\/\" \/>\n<meta property=\"og:site_name\" content=\"International Planning Committee for Food Sovereignty (IPC)\" \/>\n<meta property=\"article:published_time\" content=\"2020-10-02T18:38:22+00:00\" \/>\n<meta property=\"article:modified_time\" content=\"2024-01-30T23:04:29+00:00\" \/>\n<meta property=\"og:image\" content=\"https:\/\/www.foodsovereignty.org\/wp-content\/uploads\/2024\/01\/CSO_Consultation_ECA.png\" \/>\n\t<meta property=\"og:image:width\" content=\"3000\" \/>\n\t<meta property=\"og:image:height\" content=\"1055\" \/>\n\t<meta property=\"og:image:type\" content=\"image\/png\" \/>\n<meta name=\"author\" content=\"ipc_staging\" \/>\n<meta name=\"twitter:card\" content=\"summary_large_image\" \/>\n<meta name=\"twitter:label1\" content=\"Escrito por\" \/>\n\t<meta name=\"twitter:data1\" content=\"ipc_staging\" \/>\n\t<meta name=\"twitter:label2\" content=\"Tiempo de lectura\" \/>\n\t<meta name=\"twitter:data2\" content=\"1 minuto\" \/>\n<script type=\"application\/ld+json\" class=\"yoast-schema-graph\">{\"@context\":\"https:\\\/\\\/schema.org\",\"@graph\":[{\"@type\":\"Article\",\"@id\":\"https:\\\/\\\/www.foodsovereignty.org\\\/es\\\/la-consulta-de-la-osc-se-celebrara-virtualmente-del-21-al-23-de-octubre-de-2020\\\/#article\",\"isPartOf\":{\"@id\":\"https:\\\/\\\/www.foodsovereignty.org\\\/es\\\/la-consulta-de-la-osc-se-celebrara-virtualmente-del-21-al-23-de-octubre-de-2020\\\/\"},\"author\":{\"name\":\"ipc_staging\",\"@id\":\"https:\\\/\\\/www.foodsovereignty.org\\\/es\\\/#\\\/schema\\\/person\\\/2022da6fc0f89b23596d0a63d82b61e1\"},\"headline\":\"La consulta de la OSC se celebrar\u00e1 virtualmente del 21 al 23 de octubre de 2020\",\"datePublished\":\"2020-10-02T18:38:22+00:00\",\"dateModified\":\"2024-01-30T23:04:29+00:00\",\"mainEntityOfPage\":{\"@id\":\"https:\\\/\\\/www.foodsovereignty.org\\\/es\\\/la-consulta-de-la-osc-se-celebrara-virtualmente-del-21-al-23-de-octubre-de-2020\\\/\"},\"wordCount\":291,\"image\":{\"@id\":\"https:\\\/\\\/www.foodsovereignty.org\\\/es\\\/la-consulta-de-la-osc-se-celebrara-virtualmente-del-21-al-23-de-octubre-de-2020\\\/#primaryimage\"},\"thumbnailUrl\":\"https:\\\/\\\/www.foodsovereignty.org\\\/wp-content\\\/uploads\\\/2024\\\/01\\\/CSO_Consultation_ECA.png\",\"articleSection\":[\"Eventos\",\"Noticias\"],\"inLanguage\":\"es\"},{\"@type\":\"WebPage\",\"@id\":\"https:\\\/\\\/www.foodsovereignty.org\\\/es\\\/la-consulta-de-la-osc-se-celebrara-virtualmente-del-21-al-23-de-octubre-de-2020\\\/\",\"url\":\"https:\\\/\\\/www.foodsovereignty.org\\\/es\\\/la-consulta-de-la-osc-se-celebrara-virtualmente-del-21-al-23-de-octubre-de-2020\\\/\",\"name\":\"La consulta de la OSC se celebrar\u00e1 virtualmente del 21 al 23 de octubre de 2020 - International Planning Committee for Food Sovereignty (IPC)\",\"isPartOf\":{\"@id\":\"https:\\\/\\\/www.foodsovereignty.org\\\/es\\\/#website\"},\"primaryImageOfPage\":{\"@id\":\"https:\\\/\\\/www.foodsovereignty.org\\\/es\\\/la-consulta-de-la-osc-se-celebrara-virtualmente-del-21-al-23-de-octubre-de-2020\\\/#primaryimage\"},\"image\":{\"@id\":\"https:\\\/\\\/www.foodsovereignty.org\\\/es\\\/la-consulta-de-la-osc-se-celebrara-virtualmente-del-21-al-23-de-octubre-de-2020\\\/#primaryimage\"},\"thumbnailUrl\":\"https:\\\/\\\/www.foodsovereignty.org\\\/wp-content\\\/uploads\\\/2024\\\/01\\\/CSO_Consultation_ECA.png\",\"datePublished\":\"2020-10-02T18:38:22+00:00\",\"dateModified\":\"2024-01-30T23:04:29+00:00\",\"author\":{\"@id\":\"https:\\\/\\\/www.foodsovereignty.org\\\/es\\\/#\\\/schema\\\/person\\\/2022da6fc0f89b23596d0a63d82b61e1\"},\"breadcrumb\":{\"@id\":\"https:\\\/\\\/www.foodsovereignty.org\\\/es\\\/la-consulta-de-la-osc-se-celebrara-virtualmente-del-21-al-23-de-octubre-de-2020\\\/#breadcrumb\"},\"inLanguage\":\"es\",\"potentialAction\":[{\"@type\":\"ReadAction\",\"target\":[\"https:\\\/\\\/www.foodsovereignty.org\\\/es\\\/la-consulta-de-la-osc-se-celebrara-virtualmente-del-21-al-23-de-octubre-de-2020\\\/\"]}]},{\"@type\":\"ImageObject\",\"inLanguage\":\"es\",\"@id\":\"https:\\\/\\\/www.foodsovereignty.org\\\/es\\\/la-consulta-de-la-osc-se-celebrara-virtualmente-del-21-al-23-de-octubre-de-2020\\\/#primaryimage\",\"url\":\"https:\\\/\\\/www.foodsovereignty.org\\\/wp-content\\\/uploads\\\/2024\\\/01\\\/CSO_Consultation_ECA.png\",\"contentUrl\":\"https:\\\/\\\/www.foodsovereignty.org\\\/wp-content\\\/uploads\\\/2024\\\/01\\\/CSO_Consultation_ECA.png\",\"width\":3000,\"height\":1055},{\"@type\":\"BreadcrumbList\",\"@id\":\"https:\\\/\\\/www.foodsovereignty.org\\\/es\\\/la-consulta-de-la-osc-se-celebrara-virtualmente-del-21-al-23-de-octubre-de-2020\\\/#breadcrumb\",\"itemListElement\":[{\"@type\":\"ListItem\",\"position\":1,\"name\":\"Home\",\"item\":\"https:\\\/\\\/www.foodsovereignty.org\\\/es\\\/\"},{\"@type\":\"ListItem\",\"position\":2,\"name\":\"La consulta de la OSC se celebrar\u00e1 virtualmente del 21 al 23 de octubre de 2020\"}]},{\"@type\":\"WebSite\",\"@id\":\"https:\\\/\\\/www.foodsovereignty.org\\\/es\\\/#website\",\"url\":\"https:\\\/\\\/www.foodsovereignty.org\\\/es\\\/\",\"name\":\"International Planning Committee for Food Sovereignty (IPC)\",\"description\":\"\",\"potentialAction\":[{\"@type\":\"SearchAction\",\"target\":{\"@type\":\"EntryPoint\",\"urlTemplate\":\"https:\\\/\\\/www.foodsovereignty.org\\\/es\\\/?s={search_term_string}\"},\"query-input\":{\"@type\":\"PropertyValueSpecification\",\"valueRequired\":true,\"valueName\":\"search_term_string\"}}],\"inLanguage\":\"es\"},{\"@type\":\"Person\",\"@id\":\"https:\\\/\\\/www.foodsovereignty.org\\\/es\\\/#\\\/schema\\\/person\\\/2022da6fc0f89b23596d0a63d82b61e1\",\"name\":\"ipc_staging\",\"image\":{\"@type\":\"ImageObject\",\"inLanguage\":\"es\",\"@id\":\"https:\\\/\\\/secure.gravatar.com\\\/avatar\\\/fce93258e0a23ad6ba66052185f81fce65925c41d889b9d1b920a76951c434af?s=96&d=mm&r=g\",\"url\":\"https:\\\/\\\/secure.gravatar.com\\\/avatar\\\/fce93258e0a23ad6ba66052185f81fce65925c41d889b9d1b920a76951c434af?s=96&d=mm&r=g\",\"contentUrl\":\"https:\\\/\\\/secure.gravatar.com\\\/avatar\\\/fce93258e0a23ad6ba66052185f81fce65925c41d889b9d1b920a76951c434af?s=96&d=mm&r=g\",\"caption\":\"ipc_staging\"},\"sameAs\":[\"http:\\\/\\\/_\"],\"url\":\"https:\\\/\\\/www.foodsovereignty.org\\\/es\\\/author\\\/ipc_staging\\\/\"}]}<\/script>\n<!-- \/ Yoast SEO plugin. -->","yoast_head_json":{"title":"La consulta de la OSC se celebrar\u00e1 virtualmente del 21 al 23 de octubre de 2020 - International Planning Committee for Food Sovereignty (IPC)","robots":{"index":"index","follow":"follow","max-snippet":"max-snippet:-1","max-image-preview":"max-image-preview:large","max-video-preview":"max-video-preview:-1"},"canonical":"https:\/\/www.foodsovereignty.org\/es\/la-consulta-de-la-osc-se-celebrara-virtualmente-del-21-al-23-de-octubre-de-2020\/","og_locale":"es_ES","og_type":"article","og_title":"La consulta de la OSC se celebrar\u00e1 virtualmente del 21 al 23 de octubre de 2020 - International Planning Committee for Food Sovereignty (IPC)","og_description":"[vc_row][vc_column][vc_column_text]A la luz de la actual pandemia de la COVID-19, se ha decidido posponer la fecha de la 32\u00aa Conferencia Regional de la FAO para Europa a la segunda mitad de 2020. Por lo tanto, la Consulta de las Organizaciones de la Sociedad Civil (OSC) previa a la 32\u00aa Conferencia Regional tambi\u00e9n se ha pospuesto. [&hellip;]","og_url":"https:\/\/www.foodsovereignty.org\/es\/la-consulta-de-la-osc-se-celebrara-virtualmente-del-21-al-23-de-octubre-de-2020\/","og_site_name":"International Planning Committee for Food Sovereignty (IPC)","article_published_time":"2020-10-02T18:38:22+00:00","article_modified_time":"2024-01-30T23:04:29+00:00","og_image":[{"width":3000,"height":1055,"url":"https:\/\/www.foodsovereignty.org\/wp-content\/uploads\/2024\/01\/CSO_Consultation_ECA.png","type":"image\/png"}],"author":"ipc_staging","twitter_card":"summary_large_image","twitter_misc":{"Escrito por":"ipc_staging","Tiempo de lectura":"1 minuto"},"schema":{"@context":"https:\/\/schema.org","@graph":[{"@type":"Article","@id":"https:\/\/www.foodsovereignty.org\/es\/la-consulta-de-la-osc-se-celebrara-virtualmente-del-21-al-23-de-octubre-de-2020\/#article","isPartOf":{"@id":"https:\/\/www.foodsovereignty.org\/es\/la-consulta-de-la-osc-se-celebrara-virtualmente-del-21-al-23-de-octubre-de-2020\/"},"author":{"name":"ipc_staging","@id":"https:\/\/www.foodsovereignty.org\/es\/#\/schema\/person\/2022da6fc0f89b23596d0a63d82b61e1"},"headline":"La consulta de la OSC se celebrar\u00e1 virtualmente del 21 al 23 de octubre de 2020","datePublished":"2020-10-02T18:38:22+00:00","dateModified":"2024-01-30T23:04:29+00:00","mainEntityOfPage":{"@id":"https:\/\/www.foodsovereignty.org\/es\/la-consulta-de-la-osc-se-celebrara-virtualmente-del-21-al-23-de-octubre-de-2020\/"},"wordCount":291,"image":{"@id":"https:\/\/www.foodsovereignty.org\/es\/la-consulta-de-la-osc-se-celebrara-virtualmente-del-21-al-23-de-octubre-de-2020\/#primaryimage"},"thumbnailUrl":"https:\/\/www.foodsovereignty.org\/wp-content\/uploads\/2024\/01\/CSO_Consultation_ECA.png","articleSection":["Eventos","Noticias"],"inLanguage":"es"},{"@type":"WebPage","@id":"https:\/\/www.foodsovereignty.org\/es\/la-consulta-de-la-osc-se-celebrara-virtualmente-del-21-al-23-de-octubre-de-2020\/","url":"https:\/\/www.foodsovereignty.org\/es\/la-consulta-de-la-osc-se-celebrara-virtualmente-del-21-al-23-de-octubre-de-2020\/","name":"La consulta de la OSC se celebrar\u00e1 virtualmente del 21 al 23 de octubre de 2020 - International Planning Committee for Food Sovereignty (IPC)","isPartOf":{"@id":"https:\/\/www.foodsovereignty.org\/es\/#website"},"primaryImageOfPage":{"@id":"https:\/\/www.foodsovereignty.org\/es\/la-consulta-de-la-osc-se-celebrara-virtualmente-del-21-al-23-de-octubre-de-2020\/#primaryimage"},"image":{"@id":"https:\/\/www.foodsovereignty.org\/es\/la-consulta-de-la-osc-se-celebrara-virtualmente-del-21-al-23-de-octubre-de-2020\/#primaryimage"},"thumbnailUrl":"https:\/\/www.foodsovereignty.org\/wp-content\/uploads\/2024\/01\/CSO_Consultation_ECA.png","datePublished":"2020-10-02T18:38:22+00:00","dateModified":"2024-01-30T23:04:29+00:00","author":{"@id":"https:\/\/www.foodsovereignty.org\/es\/#\/schema\/person\/2022da6fc0f89b23596d0a63d82b61e1"},"breadcrumb":{"@id":"https:\/\/www.foodsovereignty.org\/es\/la-consulta-de-la-osc-se-celebrara-virtualmente-del-21-al-23-de-octubre-de-2020\/#breadcrumb"},"inLanguage":"es","potentialAction":[{"@type":"ReadAction","target":["https:\/\/www.foodsovereignty.org\/es\/la-consulta-de-la-osc-se-celebrara-virtualmente-del-21-al-23-de-octubre-de-2020\/"]}]},{"@type":"ImageObject","inLanguage":"es","@id":"https:\/\/www.foodsovereignty.org\/es\/la-consulta-de-la-osc-se-celebrara-virtualmente-del-21-al-23-de-octubre-de-2020\/#primaryimage","url":"https:\/\/www.foodsovereignty.org\/wp-content\/uploads\/2024\/01\/CSO_Consultation_ECA.png","contentUrl":"https:\/\/www.foodsovereignty.org\/wp-content\/uploads\/2024\/01\/CSO_Consultation_ECA.png","width":3000,"height":1055},{"@type":"BreadcrumbList","@id":"https:\/\/www.foodsovereignty.org\/es\/la-consulta-de-la-osc-se-celebrara-virtualmente-del-21-al-23-de-octubre-de-2020\/#breadcrumb","itemListElement":[{"@type":"ListItem","position":1,"name":"Home","item":"https:\/\/www.foodsovereignty.org\/es\/"},{"@type":"ListItem","position":2,"name":"La consulta de la OSC se celebrar\u00e1 virtualmente del 21 al 23 de octubre de 2020"}]},{"@type":"WebSite","@id":"https:\/\/www.foodsovereignty.org\/es\/#website","url":"https:\/\/www.foodsovereignty.org\/es\/","name":"International Planning Committee for Food Sovereignty (IPC)","description":"","potentialAction":[{"@type":"SearchAction","target":{"@type":"EntryPoint","urlTemplate":"https:\/\/www.foodsovereignty.org\/es\/?s={search_term_string}"},"query-input":{"@type":"PropertyValueSpecification","valueRequired":true,"valueName":"search_term_string"}}],"inLanguage":"es"},{"@type":"Person","@id":"https:\/\/www.foodsovereignty.org\/es\/#\/schema\/person\/2022da6fc0f89b23596d0a63d82b61e1","name":"ipc_staging","image":{"@type":"ImageObject","inLanguage":"es","@id":"https:\/\/secure.gravatar.com\/avatar\/fce93258e0a23ad6ba66052185f81fce65925c41d889b9d1b920a76951c434af?s=96&d=mm&r=g","url":"https:\/\/secure.gravatar.com\/avatar\/fce93258e0a23ad6ba66052185f81fce65925c41d889b9d1b920a76951c434af?s=96&d=mm&r=g","contentUrl":"https:\/\/secure.gravatar.com\/avatar\/fce93258e0a23ad6ba66052185f81fce65925c41d889b9d1b920a76951c434af?s=96&d=mm&r=g","caption":"ipc_staging"},"sameAs":["http:\/\/_"],"url":"https:\/\/www.foodsovereignty.org\/es\/author\/ipc_staging\/"}]}},"_links":{"self":[{"href":"https:\/\/www.foodsovereignty.org\/es\/wp-json\/wp\/v2\/posts\/1971","targetHints":{"allow":["GET"]}}],"collection":[{"href":"https:\/\/www.foodsovereignty.org\/es\/wp-json\/wp\/v2\/posts"}],"about":[{"href":"https:\/\/www.foodsovereignty.org\/es\/wp-json\/wp\/v2\/types\/post"}],"author":[{"embeddable":true,"href":"https:\/\/www.foodsovereignty.org\/es\/wp-json\/wp\/v2\/users\/1"}],"replies":[{"embeddable":true,"href":"https:\/\/www.foodsovereignty.org\/es\/wp-json\/wp\/v2\/comments?post=1971"}],"version-history":[{"count":1,"href":"https:\/\/www.foodsovereignty.org\/es\/wp-json\/wp\/v2\/posts\/1971\/revisions"}],"predecessor-version":[{"id":2751,"href":"https:\/\/www.foodsovereignty.org\/es\/wp-json\/wp\/v2\/posts\/1971\/revisions\/2751"}],"wp:featuredmedia":[{"embeddable":true,"href":"https:\/\/www.foodsovereignty.org\/es\/wp-json\/wp\/v2\/media\/2212"}],"wp:attachment":[{"href":"https:\/\/www.foodsovereignty.org\/es\/wp-json\/wp\/v2\/media?parent=1971"}],"wp:term":[{"taxonomy":"category","embeddable":true,"href":"https:\/\/www.foodsovereignty.org\/es\/wp-json\/wp\/v2\/categories?post=1971"},{"taxonomy":"post_tag","embeddable":true,"href":"https:\/\/www.foodsovereignty.org\/es\/wp-json\/wp\/v2\/tags?post=1971"}],"curies":[{"name":"wp","href":"https:\/\/api.w.org\/{rel}","templated":true}]}}