{"id":1973,"date":"2020-11-20T11:35:00","date_gmt":"2020-11-20T11:35:00","guid":{"rendered":"https:\/\/www.foodsovereignty.org\/mucho-mas-que-tierra-territorios-y-soberania-alimentaria\/"},"modified":"2024-01-30T23:04:34","modified_gmt":"2024-01-30T23:04:34","slug":"mucho-mas-que-tierra-territorios-y-soberania-alimentaria","status":"publish","type":"post","link":"https:\/\/www.foodsovereignty.org\/es\/mucho-mas-que-tierra-territorios-y-soberania-alimentaria\/","title":{"rendered":"Mucho m\u00e1s que tierra &#8211; Territorios y Soberan\u00eda Alimentaria"},"content":{"rendered":"<p>&nbsp; <\/p>\n<div>  <a href=\"http:\/\/www.nyeleni.org\/ccount\/click.php?id=150\"><span lang=\"es\"><span title=\"Fai clic per visualizzare le traduzioni alternative\"><b>La<\/b><\/span><b> <span title=\"Fai clic per visualizzare le traduzioni alternative\"><span style=\"font-size: large;\">nueva <\/span>edici\u00f3n<\/span> <span title=\"Fai clic per visualizzare le traduzioni alternative\">del<\/span> <span style=\"font-size: large;\"><span title=\"Fai clic per visualizzare le traduzioni alternative\">Bolet\u00edn <\/span><span title=\"Fai clic per visualizzare le traduzioni alternative\"><span id=\"m_2046819591022086408m_9002769539292288926m_-6046509654367105775m_3249687061702331747m_865799808704291227m_1276327742668597420m_-1484551551474788656gmail-m_2291110925261465261m_-7679965476606588266gmail-m_7150299976850769141m_4931635413100121997m_2923884768091817009gmail-m_7687194885501784341gmail-m_4716312504266044804m_1083352099574967701gmail-m_-6866369368263019514m_2180050951271948584:7zz.467\">Ny<\/span><span id=\"m_2046819591022086408m_9002769539292288926m_-6046509654367105775m_3249687061702331747m_865799808704291227m_1276327742668597420m_-1484551551474788656gmail-m_2291110925261465261m_-7679965476606588266gmail-m_7150299976850769141m_4931635413100121997m_2923884768091817009gmail-m_7687194885501784341gmail-m_4716312504266044804m_1083352099574967701gmail-m_-6866369368263019514m_2180050951271948584:7zz.468\">\u00e9l\u00e9ni<\/span><\/span> <\/span><span title=\"Fai clic per visualizzare le traduzioni alternative\">es<\/span> <span title=\"Fai clic per visualizzare le traduzioni alternative\">ahora <span style=\"font-size: large;\">en l\u00ednea<\/span><\/span><span style=\"font-size: large;\"><span title=\"Fai clic per visualizzare le traduzioni alternative\">!<\/span><\/span><\/b><\/span><b><\/b><span lang=\"es\"><b>\u00a0<\/b><\/span><\/a><b> <\/b>  <b><\/b><span style=\"font-size: small;\"><span lang=\"ES\"><a href=\"https:\/\/nyeleni.org\/DOWNLOADS\/newsletters\/Nyeleni_Newsletter_Num_41_FR.pdf\"><img loading=\"lazy\" decoding=\"async\" class=\"wp-image-20607 alignleft\" src=\"https:\/\/www.foodsovereignty.org\/wp-content\/uploads\/2024\/01\/Luisa-Rivera-Mastica-Primavera-3-207x300-4.jpg\" alt=\"\" width=\"353\" height=\"511\" \/><\/a>La tierra ha sido siempre un bien muy codiciado. El control de la tierra y de los recursos ligados a la misma, ilustran las relaciones de poder en un pa\u00eds o regi\u00f3n y son un indicador de las injusticias sociales existentes. Esos recursos, que han estado en el coraz\u00f3n del movimiento por la soberan\u00eda\u00a0 alimentaria desde sus inicios, al mismo tiempo son fundamentales para los derechos, los medios de subsistencia y la identidad de los peque\u00f1os productores de alimentos. <\/span><\/span> <span style=\"font-size: small;\"><span lang=\"ES\">\u00a0<\/span><\/span> <span style=\"font-size: small;\"><span lang=\"ES\"><a href=\"http:\/\/www.nyeleni.org\/ccount\/click.php?id=150\"><strong>Este n\u00famero del Bolet\u00edn Ny\u00e9l\u00e9ni es la segunda edici\u00f3n de este a\u00f1o dedicada al tema de la tierra<\/strong><\/a>. En los antecedentes hist\u00f3ricos analizamos c\u00f3mo han evolucionado las disputas relacionadas con la tierra en los \u00faltimos decenios, comenzando por las demandas para reformar la agricultura hacia un marco m\u00e1s amplio, que reivindique la estrecha y polifac\u00e9tica relaci\u00f3n de los pueblos y las comunidades con sus territorios. <\/span><\/span> <span style=\"font-size: small;\"><span lang=\"ES\">\u00a0<\/span><\/span> <span style=\"font-size: small;\"> <span lang=\"ES\">A pesar de los constantes desaf\u00edos que plantea la lucha de los pueblos por la tierra, en este n\u00famero celebramos importantes victorias y destacamos la ingeniosidad de las comunidades de todo el mundo para hacer valer sus derechos y gestionar sus territorios. Las organizaciones sociales est\u00e1n encontrando maneras de incluir en sus luchas ciertos problemas emergentes, como por ejemplo los desaf\u00edos del cambio clim\u00e1tico y las tecnolog\u00edas digitales. Ante la digitalizaci\u00f3n agresiva, la financierizaci\u00f3n y el autoritarismo, as\u00ed como del creciente solapamiento de las cuestiones agrarias y ecol\u00f3gicas, se\u00f1alamos la necesidad de que los movimientos intensifiquen y reorienten sus estrategias. <\/span><\/span>  <\/div>\n<p> <strong><em>\u00a0<\/em><\/strong>  &nbsp;  &nbsp;<\/p>\n","protected":false},"excerpt":{"rendered":"<p>&nbsp; La nueva edici\u00f3n del Bolet\u00edn Ny\u00e9l\u00e9ni es ahora en l\u00ednea!\u00a0 La tierra ha sido siempre un bien muy codiciado. El control de la tierra y de los recursos ligados a la misma, ilustran las relaciones de poder en un pa\u00eds o regi\u00f3n y son un indicador de las injusticias sociales existentes. Esos recursos, que [&hellip;]<\/p>\n","protected":false},"author":1,"featured_media":2219,"comment_status":"closed","ping_status":"open","sticky":false,"template":"","format":"standard","meta":{"_acf_changed":false,"footnotes":""},"categories":[62,60],"tags":[338,339,185,119,340],"class_list":["post-1973","post","type-post","status-publish","format-standard","has-post-thumbnail","hentry","category-multimedia-es","category-noticias","tag-digitalizacion","tag-luchas-agrarias-y-ecologicas","tag-newsletter","tag-nyeleni","tag-tierra","working_groups_tax-agricultural-biodiversity","working_groups_tax-agroecology","working_groups_tax-fisheries","working_groups_tax-indigenous-peoples","working_groups_tax-land-forests-water-and-territory"],"acf":[],"yoast_head":"<!-- This site is optimized with the Yoast SEO plugin v27.4 - https:\/\/yoast.com\/product\/yoast-seo-wordpress\/ -->\n<title>Mucho m\u00e1s que tierra - Territorios y Soberan\u00eda Alimentaria - International Planning Committee for Food Sovereignty (IPC)<\/title>\n<meta name=\"robots\" content=\"index, follow, max-snippet:-1, max-image-preview:large, max-video-preview:-1\" \/>\n<link rel=\"canonical\" href=\"https:\/\/www.foodsovereignty.org\/es\/mucho-mas-que-tierra-territorios-y-soberania-alimentaria\/\" \/>\n<meta property=\"og:locale\" content=\"es_ES\" \/>\n<meta property=\"og:type\" content=\"article\" \/>\n<meta property=\"og:title\" content=\"Mucho m\u00e1s que tierra - Territorios y Soberan\u00eda Alimentaria - International Planning Committee for Food Sovereignty (IPC)\" \/>\n<meta property=\"og:description\" content=\"&nbsp; La nueva edici\u00f3n del Bolet\u00edn Ny\u00e9l\u00e9ni es ahora en l\u00ednea!\u00a0 La tierra ha sido siempre un bien muy codiciado. El control de la tierra y de los recursos ligados a la misma, ilustran las relaciones de poder en un pa\u00eds o regi\u00f3n y son un indicador de las injusticias sociales existentes. Esos recursos, que [&hellip;]\" \/>\n<meta property=\"og:url\" content=\"https:\/\/www.foodsovereignty.org\/es\/mucho-mas-que-tierra-territorios-y-soberania-alimentaria\/\" \/>\n<meta property=\"og:site_name\" content=\"International Planning Committee for Food Sovereignty (IPC)\" \/>\n<meta property=\"article:published_time\" content=\"2020-11-20T11:35:00+00:00\" \/>\n<meta property=\"article:modified_time\" content=\"2024-01-30T23:04:34+00:00\" \/>\n<meta property=\"og:image\" content=\"https:\/\/www.foodsovereignty.org\/wp-content\/uploads\/2024\/01\/Luisa-Rivera-Mastica-Primavera-3.jpg\" \/>\n\t<meta property=\"og:image:width\" content=\"1000\" \/>\n\t<meta property=\"og:image:height\" content=\"1451\" \/>\n\t<meta property=\"og:image:type\" content=\"image\/jpeg\" \/>\n<meta name=\"author\" content=\"ipc_staging\" \/>\n<meta name=\"twitter:card\" content=\"summary_large_image\" \/>\n<meta name=\"twitter:label1\" content=\"Escrito por\" \/>\n\t<meta name=\"twitter:data1\" content=\"ipc_staging\" \/>\n\t<meta name=\"twitter:label2\" content=\"Tiempo de lectura\" \/>\n\t<meta name=\"twitter:data2\" content=\"1 minuto\" \/>\n<script type=\"application\/ld+json\" class=\"yoast-schema-graph\">{\"@context\":\"https:\\\/\\\/schema.org\",\"@graph\":[{\"@type\":\"Article\",\"@id\":\"https:\\\/\\\/www.foodsovereignty.org\\\/es\\\/mucho-mas-que-tierra-territorios-y-soberania-alimentaria\\\/#article\",\"isPartOf\":{\"@id\":\"https:\\\/\\\/www.foodsovereignty.org\\\/es\\\/mucho-mas-que-tierra-territorios-y-soberania-alimentaria\\\/\"},\"author\":{\"name\":\"ipc_staging\",\"@id\":\"https:\\\/\\\/www.foodsovereignty.org\\\/es\\\/#\\\/schema\\\/person\\\/2022da6fc0f89b23596d0a63d82b61e1\"},\"headline\":\"Mucho m\u00e1s que tierra &#8211; Territorios y Soberan\u00eda Alimentaria\",\"datePublished\":\"2020-11-20T11:35:00+00:00\",\"dateModified\":\"2024-01-30T23:04:34+00:00\",\"mainEntityOfPage\":{\"@id\":\"https:\\\/\\\/www.foodsovereignty.org\\\/es\\\/mucho-mas-que-tierra-territorios-y-soberania-alimentaria\\\/\"},\"wordCount\":299,\"image\":{\"@id\":\"https:\\\/\\\/www.foodsovereignty.org\\\/es\\\/mucho-mas-que-tierra-territorios-y-soberania-alimentaria\\\/#primaryimage\"},\"thumbnailUrl\":\"https:\\\/\\\/www.foodsovereignty.org\\\/wp-content\\\/uploads\\\/2024\\\/01\\\/Luisa-Rivera-Mastica-Primavera-3.jpg\",\"keywords\":[\"digitalizaci\u00f3n\",\"Luchas agrarias y ecol\u00f3gicas\",\"newsletter\",\"Ny\u00e9l\u00e9ni\",\"Tierra\"],\"articleSection\":[\"Multimedia\",\"Noticias\"],\"inLanguage\":\"es\"},{\"@type\":\"WebPage\",\"@id\":\"https:\\\/\\\/www.foodsovereignty.org\\\/es\\\/mucho-mas-que-tierra-territorios-y-soberania-alimentaria\\\/\",\"url\":\"https:\\\/\\\/www.foodsovereignty.org\\\/es\\\/mucho-mas-que-tierra-territorios-y-soberania-alimentaria\\\/\",\"name\":\"Mucho m\u00e1s que tierra - Territorios y Soberan\u00eda Alimentaria - International Planning Committee for Food Sovereignty (IPC)\",\"isPartOf\":{\"@id\":\"https:\\\/\\\/www.foodsovereignty.org\\\/es\\\/#website\"},\"primaryImageOfPage\":{\"@id\":\"https:\\\/\\\/www.foodsovereignty.org\\\/es\\\/mucho-mas-que-tierra-territorios-y-soberania-alimentaria\\\/#primaryimage\"},\"image\":{\"@id\":\"https:\\\/\\\/www.foodsovereignty.org\\\/es\\\/mucho-mas-que-tierra-territorios-y-soberania-alimentaria\\\/#primaryimage\"},\"thumbnailUrl\":\"https:\\\/\\\/www.foodsovereignty.org\\\/wp-content\\\/uploads\\\/2024\\\/01\\\/Luisa-Rivera-Mastica-Primavera-3.jpg\",\"datePublished\":\"2020-11-20T11:35:00+00:00\",\"dateModified\":\"2024-01-30T23:04:34+00:00\",\"author\":{\"@id\":\"https:\\\/\\\/www.foodsovereignty.org\\\/es\\\/#\\\/schema\\\/person\\\/2022da6fc0f89b23596d0a63d82b61e1\"},\"breadcrumb\":{\"@id\":\"https:\\\/\\\/www.foodsovereignty.org\\\/es\\\/mucho-mas-que-tierra-territorios-y-soberania-alimentaria\\\/#breadcrumb\"},\"inLanguage\":\"es\",\"potentialAction\":[{\"@type\":\"ReadAction\",\"target\":[\"https:\\\/\\\/www.foodsovereignty.org\\\/es\\\/mucho-mas-que-tierra-territorios-y-soberania-alimentaria\\\/\"]}]},{\"@type\":\"ImageObject\",\"inLanguage\":\"es\",\"@id\":\"https:\\\/\\\/www.foodsovereignty.org\\\/es\\\/mucho-mas-que-tierra-territorios-y-soberania-alimentaria\\\/#primaryimage\",\"url\":\"https:\\\/\\\/www.foodsovereignty.org\\\/wp-content\\\/uploads\\\/2024\\\/01\\\/Luisa-Rivera-Mastica-Primavera-3.jpg\",\"contentUrl\":\"https:\\\/\\\/www.foodsovereignty.org\\\/wp-content\\\/uploads\\\/2024\\\/01\\\/Luisa-Rivera-Mastica-Primavera-3.jpg\",\"width\":1000,\"height\":1451},{\"@type\":\"BreadcrumbList\",\"@id\":\"https:\\\/\\\/www.foodsovereignty.org\\\/es\\\/mucho-mas-que-tierra-territorios-y-soberania-alimentaria\\\/#breadcrumb\",\"itemListElement\":[{\"@type\":\"ListItem\",\"position\":1,\"name\":\"Home\",\"item\":\"https:\\\/\\\/www.foodsovereignty.org\\\/es\\\/\"},{\"@type\":\"ListItem\",\"position\":2,\"name\":\"Mucho m\u00e1s que tierra &#8211; Territorios y Soberan\u00eda Alimentaria\"}]},{\"@type\":\"WebSite\",\"@id\":\"https:\\\/\\\/www.foodsovereignty.org\\\/es\\\/#website\",\"url\":\"https:\\\/\\\/www.foodsovereignty.org\\\/es\\\/\",\"name\":\"International Planning Committee for Food Sovereignty (IPC)\",\"description\":\"\",\"potentialAction\":[{\"@type\":\"SearchAction\",\"target\":{\"@type\":\"EntryPoint\",\"urlTemplate\":\"https:\\\/\\\/www.foodsovereignty.org\\\/es\\\/?s={search_term_string}\"},\"query-input\":{\"@type\":\"PropertyValueSpecification\",\"valueRequired\":true,\"valueName\":\"search_term_string\"}}],\"inLanguage\":\"es\"},{\"@type\":\"Person\",\"@id\":\"https:\\\/\\\/www.foodsovereignty.org\\\/es\\\/#\\\/schema\\\/person\\\/2022da6fc0f89b23596d0a63d82b61e1\",\"name\":\"ipc_staging\",\"image\":{\"@type\":\"ImageObject\",\"inLanguage\":\"es\",\"@id\":\"https:\\\/\\\/secure.gravatar.com\\\/avatar\\\/fce93258e0a23ad6ba66052185f81fce65925c41d889b9d1b920a76951c434af?s=96&d=mm&r=g\",\"url\":\"https:\\\/\\\/secure.gravatar.com\\\/avatar\\\/fce93258e0a23ad6ba66052185f81fce65925c41d889b9d1b920a76951c434af?s=96&d=mm&r=g\",\"contentUrl\":\"https:\\\/\\\/secure.gravatar.com\\\/avatar\\\/fce93258e0a23ad6ba66052185f81fce65925c41d889b9d1b920a76951c434af?s=96&d=mm&r=g\",\"caption\":\"ipc_staging\"},\"sameAs\":[\"http:\\\/\\\/_\"],\"url\":\"https:\\\/\\\/www.foodsovereignty.org\\\/es\\\/author\\\/ipc_staging\\\/\"}]}<\/script>\n<!-- \/ Yoast SEO plugin. -->","yoast_head_json":{"title":"Mucho m\u00e1s que tierra - Territorios y Soberan\u00eda Alimentaria - International Planning Committee for Food Sovereignty (IPC)","robots":{"index":"index","follow":"follow","max-snippet":"max-snippet:-1","max-image-preview":"max-image-preview:large","max-video-preview":"max-video-preview:-1"},"canonical":"https:\/\/www.foodsovereignty.org\/es\/mucho-mas-que-tierra-territorios-y-soberania-alimentaria\/","og_locale":"es_ES","og_type":"article","og_title":"Mucho m\u00e1s que tierra - Territorios y Soberan\u00eda Alimentaria - International Planning Committee for Food Sovereignty (IPC)","og_description":"&nbsp; La nueva edici\u00f3n del Bolet\u00edn Ny\u00e9l\u00e9ni es ahora en l\u00ednea!\u00a0 La tierra ha sido siempre un bien muy codiciado. El control de la tierra y de los recursos ligados a la misma, ilustran las relaciones de poder en un pa\u00eds o regi\u00f3n y son un indicador de las injusticias sociales existentes. Esos recursos, que [&hellip;]","og_url":"https:\/\/www.foodsovereignty.org\/es\/mucho-mas-que-tierra-territorios-y-soberania-alimentaria\/","og_site_name":"International Planning Committee for Food Sovereignty (IPC)","article_published_time":"2020-11-20T11:35:00+00:00","article_modified_time":"2024-01-30T23:04:34+00:00","og_image":[{"width":1000,"height":1451,"url":"https:\/\/www.foodsovereignty.org\/wp-content\/uploads\/2024\/01\/Luisa-Rivera-Mastica-Primavera-3.jpg","type":"image\/jpeg"}],"author":"ipc_staging","twitter_card":"summary_large_image","twitter_misc":{"Escrito por":"ipc_staging","Tiempo de lectura":"1 minuto"},"schema":{"@context":"https:\/\/schema.org","@graph":[{"@type":"Article","@id":"https:\/\/www.foodsovereignty.org\/es\/mucho-mas-que-tierra-territorios-y-soberania-alimentaria\/#article","isPartOf":{"@id":"https:\/\/www.foodsovereignty.org\/es\/mucho-mas-que-tierra-territorios-y-soberania-alimentaria\/"},"author":{"name":"ipc_staging","@id":"https:\/\/www.foodsovereignty.org\/es\/#\/schema\/person\/2022da6fc0f89b23596d0a63d82b61e1"},"headline":"Mucho m\u00e1s que tierra &#8211; Territorios y Soberan\u00eda Alimentaria","datePublished":"2020-11-20T11:35:00+00:00","dateModified":"2024-01-30T23:04:34+00:00","mainEntityOfPage":{"@id":"https:\/\/www.foodsovereignty.org\/es\/mucho-mas-que-tierra-territorios-y-soberania-alimentaria\/"},"wordCount":299,"image":{"@id":"https:\/\/www.foodsovereignty.org\/es\/mucho-mas-que-tierra-territorios-y-soberania-alimentaria\/#primaryimage"},"thumbnailUrl":"https:\/\/www.foodsovereignty.org\/wp-content\/uploads\/2024\/01\/Luisa-Rivera-Mastica-Primavera-3.jpg","keywords":["digitalizaci\u00f3n","Luchas agrarias y ecol\u00f3gicas","newsletter","Ny\u00e9l\u00e9ni","Tierra"],"articleSection":["Multimedia","Noticias"],"inLanguage":"es"},{"@type":"WebPage","@id":"https:\/\/www.foodsovereignty.org\/es\/mucho-mas-que-tierra-territorios-y-soberania-alimentaria\/","url":"https:\/\/www.foodsovereignty.org\/es\/mucho-mas-que-tierra-territorios-y-soberania-alimentaria\/","name":"Mucho m\u00e1s que tierra - Territorios y Soberan\u00eda Alimentaria - International Planning Committee for Food Sovereignty (IPC)","isPartOf":{"@id":"https:\/\/www.foodsovereignty.org\/es\/#website"},"primaryImageOfPage":{"@id":"https:\/\/www.foodsovereignty.org\/es\/mucho-mas-que-tierra-territorios-y-soberania-alimentaria\/#primaryimage"},"image":{"@id":"https:\/\/www.foodsovereignty.org\/es\/mucho-mas-que-tierra-territorios-y-soberania-alimentaria\/#primaryimage"},"thumbnailUrl":"https:\/\/www.foodsovereignty.org\/wp-content\/uploads\/2024\/01\/Luisa-Rivera-Mastica-Primavera-3.jpg","datePublished":"2020-11-20T11:35:00+00:00","dateModified":"2024-01-30T23:04:34+00:00","author":{"@id":"https:\/\/www.foodsovereignty.org\/es\/#\/schema\/person\/2022da6fc0f89b23596d0a63d82b61e1"},"breadcrumb":{"@id":"https:\/\/www.foodsovereignty.org\/es\/mucho-mas-que-tierra-territorios-y-soberania-alimentaria\/#breadcrumb"},"inLanguage":"es","potentialAction":[{"@type":"ReadAction","target":["https:\/\/www.foodsovereignty.org\/es\/mucho-mas-que-tierra-territorios-y-soberania-alimentaria\/"]}]},{"@type":"ImageObject","inLanguage":"es","@id":"https:\/\/www.foodsovereignty.org\/es\/mucho-mas-que-tierra-territorios-y-soberania-alimentaria\/#primaryimage","url":"https:\/\/www.foodsovereignty.org\/wp-content\/uploads\/2024\/01\/Luisa-Rivera-Mastica-Primavera-3.jpg","contentUrl":"https:\/\/www.foodsovereignty.org\/wp-content\/uploads\/2024\/01\/Luisa-Rivera-Mastica-Primavera-3.jpg","width":1000,"height":1451},{"@type":"BreadcrumbList","@id":"https:\/\/www.foodsovereignty.org\/es\/mucho-mas-que-tierra-territorios-y-soberania-alimentaria\/#breadcrumb","itemListElement":[{"@type":"ListItem","position":1,"name":"Home","item":"https:\/\/www.foodsovereignty.org\/es\/"},{"@type":"ListItem","position":2,"name":"Mucho m\u00e1s que tierra &#8211; Territorios y Soberan\u00eda Alimentaria"}]},{"@type":"WebSite","@id":"https:\/\/www.foodsovereignty.org\/es\/#website","url":"https:\/\/www.foodsovereignty.org\/es\/","name":"International Planning Committee for Food Sovereignty (IPC)","description":"","potentialAction":[{"@type":"SearchAction","target":{"@type":"EntryPoint","urlTemplate":"https:\/\/www.foodsovereignty.org\/es\/?s={search_term_string}"},"query-input":{"@type":"PropertyValueSpecification","valueRequired":true,"valueName":"search_term_string"}}],"inLanguage":"es"},{"@type":"Person","@id":"https:\/\/www.foodsovereignty.org\/es\/#\/schema\/person\/2022da6fc0f89b23596d0a63d82b61e1","name":"ipc_staging","image":{"@type":"ImageObject","inLanguage":"es","@id":"https:\/\/secure.gravatar.com\/avatar\/fce93258e0a23ad6ba66052185f81fce65925c41d889b9d1b920a76951c434af?s=96&d=mm&r=g","url":"https:\/\/secure.gravatar.com\/avatar\/fce93258e0a23ad6ba66052185f81fce65925c41d889b9d1b920a76951c434af?s=96&d=mm&r=g","contentUrl":"https:\/\/secure.gravatar.com\/avatar\/fce93258e0a23ad6ba66052185f81fce65925c41d889b9d1b920a76951c434af?s=96&d=mm&r=g","caption":"ipc_staging"},"sameAs":["http:\/\/_"],"url":"https:\/\/www.foodsovereignty.org\/es\/author\/ipc_staging\/"}]}},"_links":{"self":[{"href":"https:\/\/www.foodsovereignty.org\/es\/wp-json\/wp\/v2\/posts\/1973","targetHints":{"allow":["GET"]}}],"collection":[{"href":"https:\/\/www.foodsovereignty.org\/es\/wp-json\/wp\/v2\/posts"}],"about":[{"href":"https:\/\/www.foodsovereignty.org\/es\/wp-json\/wp\/v2\/types\/post"}],"author":[{"embeddable":true,"href":"https:\/\/www.foodsovereignty.org\/es\/wp-json\/wp\/v2\/users\/1"}],"replies":[{"embeddable":true,"href":"https:\/\/www.foodsovereignty.org\/es\/wp-json\/wp\/v2\/comments?post=1973"}],"version-history":[{"count":1,"href":"https:\/\/www.foodsovereignty.org\/es\/wp-json\/wp\/v2\/posts\/1973\/revisions"}],"predecessor-version":[{"id":1977,"href":"https:\/\/www.foodsovereignty.org\/es\/wp-json\/wp\/v2\/posts\/1973\/revisions\/1977"}],"wp:featuredmedia":[{"embeddable":true,"href":"https:\/\/www.foodsovereignty.org\/es\/wp-json\/wp\/v2\/media\/2219"}],"wp:attachment":[{"href":"https:\/\/www.foodsovereignty.org\/es\/wp-json\/wp\/v2\/media?parent=1973"}],"wp:term":[{"taxonomy":"category","embeddable":true,"href":"https:\/\/www.foodsovereignty.org\/es\/wp-json\/wp\/v2\/categories?post=1973"},{"taxonomy":"post_tag","embeddable":true,"href":"https:\/\/www.foodsovereignty.org\/es\/wp-json\/wp\/v2\/tags?post=1973"}],"curies":[{"name":"wp","href":"https:\/\/api.w.org\/{rel}","templated":true}]}}