{"id":1978,"date":"2020-11-20T12:43:03","date_gmt":"2020-11-20T12:43:03","guid":{"rendered":"https:\/\/www.foodsovereignty.org\/comunicacion-de-las-osc-sobre-la-32a-conferencia-regional-de-la-fao-para-europa-y-asia-central\/"},"modified":"2024-01-30T23:04:34","modified_gmt":"2024-01-30T23:04:34","slug":"comunicacion-de-las-osc-sobre-la-32a-conferencia-regional-de-la-fao-para-europa-y-asia-central","status":"publish","type":"post","link":"https:\/\/www.foodsovereignty.org\/es\/comunicacion-de-las-osc-sobre-la-32a-conferencia-regional-de-la-fao-para-europa-y-asia-central\/","title":{"rendered":"Comunicaci\u00f3n de las OSC sobre la 32\u00aa Conferencia Regional de la FAO para Europa y Asia Central"},"content":{"rendered":"<p style=\"text-align: center;\"><strong>Comunicaci\u00f3n de las OSC sobre la 32\u00aa Conferencia Regional de la FAO para Europa y Asia Central<\/strong><\/p>\n<p style=\"text-align: center;\"><strong>eventos on-line del 21-23\/10\/2020<\/strong><\/p>\n<p> Ac\u00e1 puuede encontrar <a href=\"https:\/\/www.foodsovereignty.org\/wp-content\/uploads\/2020\/11\/2020-10-2123-CSO-Consultation_-FINAL-REPORT.pdf\">el informe completo en ingl\u00e9s<\/a>.  Ny\u00e9l\u00e9ni ECA ha concluido con \u00e9xito los talleres de preparaci\u00f3n de los d\u00edas 5 y 8 de octubre; la Consulta de las OSC, del 21 al 23 de noviembre, con su preciosa contribuci\u00f3n y participaci\u00f3n.  5 portavoces designados por la Consulta de OSC para participar y representar a la Consulta de OSC en la Regi\u00f3n de Europa y Asia Central. La contribuci\u00f3n y la influencia de nuestros portavoces fueron influyentes. Pueden encontrar las intervenciones, todas ellas basadas en <a href=\"https:\/\/www.foodsovereignty.org\/wp-content\/uploads\/2020\/11\/ES-CSO-speech.pdf\">las conclusiones de la Consulta de OSC<\/a>.  Tambi\u00e9n puede encontrar <a href=\"https:\/\/www.foodsovereignty.org\/wp-content\/uploads\/2020\/11\/Annex-III-CSOs-opening-speech_ERC-32.pdf\">el discurso de bienvenida (tambi\u00e9n es nuestra declaraci\u00f3n final<\/a> -solo EN) de las OSC en y el v\u00eddeo del discurso de Aida Jamangulova de ADI, Kirguist\u00e1n, en nombre de la Consulta de las OSC en la 32\u00aa Conferencia Regional de la FAO en el enlace que figura a continuaci\u00f3n (el discurso est\u00e1 en ruso): <strong><a href=\"https:\/\/www.youtube.com\/watch?v=J8lrJ9D7r6E&amp;t=29s\" data-saferedirecturl=\"https:\/\/www.google.com\/url?q=https:\/\/www.youtube.com\/watch?v%3DJ8lrJ9D7r6E%26t%3D29s&amp;source=gmail&amp;ust=1605947669124000&amp;usg=AOvVaw0sGTDTYzU32HncjsMeZcj5\">https:\/\/www.youtube.com\/watch?v=J8lrJ9D7r6E&amp;t=29s<\/a><\/strong>  Tambi\u00e9n puede encontrar los enlaces de los paneles a los que asistieron los oradores de las OSC como oradores:  &#8211; <strong>Isabel \u00c1lvarez <\/strong>en el panel sobre \u00absistemas alimentarios sostenibles y dietas saludables\u00bb ES <a href=\"https:\/\/www.youtube.com\/watch?v=toaO9fAVJ4w\" data-saferedirecturl=\"https:\/\/www.google.com\/url?q=https:\/\/www.youtube.com\/watch?v%3DtoaO9fAVJ4w&amp;source=gmail&amp;ust=1605947669125000&amp;usg=AOvVaw2OP2ifAeQKuc8Ai4Sv42Yl\">https:\/\/www.youtube.com\/watch?v=toaO9fAVJ4w<\/a>  &#8211; <strong>Ramona Duminicioiu<\/strong> en la mesa redonda sobre \u00abJuventud, empleo y desarrollo de las zonas rurales &#8211; Decenio de las Naciones Unidas de la Agricultura y la Alimentaci\u00f3n\u00bb. ES: <a href=\"https:\/\/www.youtube.com\/watch?v=z-sGDoA5WGY\" data-saferedirecturl=\"https:\/\/www.google.com\/url?q=https:\/\/www.youtube.com\/watch?v%3Dz-sGDoA5WGY&amp;source=gmail&amp;ust=1605947669125000&amp;usg=AOvVaw1UPbUsZxCP-wcgqolGO8Wy\">https:\/\/www.youtube.com\/watch?v=z-sGDoA5WGY<\/a>  &#8211; <strong>Andrea Ferrante<\/strong> en el evento especial sobre Innovaci\u00f3n y Digitalizaci\u00f3n de la 32\u00aa Conferencia Regional de la FAO (D\u00eda 3) S\u00f3lo EN: Enlace a ERC32 D\u00eda 3 y Evento Especial: <a href=\"http:\/\/www.fao.org\/webcast\/home\/en\/item\/5416\/icode\/\" data-saferedirecturl=\"https:\/\/www.google.com\/url?q=http:\/\/www.fao.org\/webcast\/home\/en\/item\/5416\/icode\/&amp;source=gmail&amp;ust=1605947669125000&amp;usg=AOvVaw0Bdu-iSHSzkjhXSH1IEPjL\">http:\/\/www.fao.org\/webcast\/home\/en\/item\/5416\/icode\/<\/a>  <strong>Adjunto tambi\u00e9n puede encontrar:<\/strong> &#8211; la lista de delegados y observadores de la Consulta de OSC <a href=\"https:\/\/www.foodsovereignty.org\/wp-content\/uploads\/2020\/11\/Annex-II-a.-CSO-Consultation-Participation-list-DELEGATES-21-23-October-2020.pdf\">Annex IIa<\/a> y <a href=\"https:\/\/www.foodsovereignty.org\/wp-content\/uploads\/2020\/11\/Annex-II-b.-CSO-Consultation-Participation-list-OBSERVERS-21-23-October-2020.pdf\">Annex IIb<\/a> &#8211; las i<a href=\"https:\/\/www.foodsovereignty.org\/wp-content\/uploads\/2020\/11\/ES-CSO-speech.pdf\">ntervenciones de los portavoces<\/a> durante la 32\u00aa Conferencia Regional de la FAO  Hemos discutido las prioridades y los pr\u00f3ximos pasos de la ECA de Ny\u00e9l\u00e9ni en la Consulta. P  <u>Las prioridades de las OSC en la regi\u00f3n \u00abNy\u00e9l\u00e9ni ECA\u00bb definidas en la Consulta de OSC de 2016 seguir\u00e1n siendo las mismas:<\/u> &#8211; Agroecolog\u00eda &#8211; El acceso a las fuentes naturales &#8211; el derecho a las semillas, el derecho a la tierra, el derecho al agua y a las poblaciones de peces y a los bosques. &#8211; Mercados territoriales y cadenas alimentarias cortas  <strong>En primer lugar<\/strong>, estableceremos y compartiremos ampliamente un centro regional de convergencia sobre experiencias innovadoras de sistemas alimentarios locales basados en la soberan\u00eda alimentaria y la agroecolog\u00eda en nuestras redes, prestando especial atenci\u00f3n y haciendo hincapi\u00e9 en el g\u00e9nero y la juventud. Creemos que es sumamente importante compartir conocimientos y experiencias para inspirar y potenciar a los productores de alimentos, as\u00ed como para conectarlos a nivel regional.  <strong>En segundo lugar,<\/strong> seguiremos dando a conocer la UNDROP, la UNDRIP, las Directrices Voluntarias sobre la Gobernanza de la Tenencia (VGTT) y las Directrices Voluntarias para Asegurar la Pesca Sostenible en Peque\u00f1a Escala (Directrices SSF) en la regi\u00f3n y tambi\u00e9n en todo el mundo y dentro de las instituciones, al tiempo que se fortalece el v\u00ednculo entre los derechos humanos y las cuestiones alimentarias y agr\u00edcolas, y se influye en las pol\u00edticas p\u00fablicas de apoyo a los peque\u00f1os productores sostenibles. Nos comprometemos a trabajar en pro de procesos legislativos y de aplicaci\u00f3n ulterior transparentes e inclusivos, centr\u00e1ndonos especialmente en los titulares de los derechos: peque\u00f1os agricultores familiares, campesinos, pescadores, pastores y otras personas que trabajan en zonas rurales, as\u00ed como el derecho general de los pueblos ind\u00edgenas a una alimentaci\u00f3n y una nutrici\u00f3n adecuadas y culturalmente apropiadas.  <strong>En tercer lugar<\/strong>, tenemos previsto poner en marcha un Observatorio sobre la criminalizaci\u00f3n de los dirigentes de los productores de alimentos y sus organizaciones, ya que con demasiada frecuencia los delitos y la represi\u00f3n contra ellos no se reconocen ni se les da suficiente seguimiento, lo que deja sin justicia a quienes los han perseguido.  <strong>En cuarto lugar<\/strong>, promoveremos la convergencia de diferentes actores (incluidas las organizaciones y personas que no pertenecen al movimiento de soberan\u00eda alimentaria) para proteger los conocimientos de los productores de alimentos a peque\u00f1a escala y los pueblos ind\u00edgenas de la apropiaci\u00f3n de datos, y mejorar la soberan\u00eda digital de los productores de alimentos y los pueblos ind\u00edgenas. <\/p>\n<p style=\"text-align: center;\">***<\/p>\n<p> Deseamos mantenernos en estrecho contacto y seguir trabajando juntos. Por favor, env\u00edennos actualizaciones de su trabajo desde sus regiones. Por favor contin\u00faen usando <strong><a href=\"mailto:info@nyeleni-eca.net\">info@nyeleni-eca.net<\/a> <\/strong>y sigan nuestra cuenta de facebook: Red Nyeleni de Soberan\u00eda Alimentaria en Europa y Asia Central. Nuestra p\u00e1gina web (<strong><a href=\"http:\/\/www.nyeleni-eca.net\" data-saferedirecturl=\"https:\/\/www.google.com\/url?q=http:\/\/www.nyeleni-eca.net&amp;source=gmail&amp;ust=1605947669125000&amp;usg=AOvVaw3Em_KUlqSxpWx-t2ZIV1nk\">www.nyeleni-eca.net<\/a><\/strong>) est\u00e1 en construcci\u00f3n pero pronto estaremos en l\u00ednea. Por favor, env\u00eden sus art\u00edculos, noticias, fotos para que podamos crear nuestro espacio com\u00fan como Ny\u00e9l\u00e9ni ECA!<\/p>\n","protected":false},"excerpt":{"rendered":"<p>Comunicaci\u00f3n de las OSC sobre la 32\u00aa Conferencia Regional de la FAO para Europa y Asia Central eventos on-line del 21-23\/10\/2020 Ac\u00e1 puuede encontrar el informe completo en ingl\u00e9s. Ny\u00e9l\u00e9ni ECA ha concluido con \u00e9xito los talleres de preparaci\u00f3n de los d\u00edas 5 y 8 de octubre; la Consulta de las OSC, del 21 al [&hellip;]<\/p>\n","protected":false},"author":1,"featured_media":2223,"comment_status":"closed","ping_status":"open","sticky":false,"template":"","format":"standard","meta":{"_acf_changed":false,"footnotes":""},"categories":[61,62,60],"tags":[186,187,80],"class_list":["post-1978","post","type-post","status-publish","format-standard","has-post-thumbnail","hentry","category-eventos","category-multimedia-es","category-noticias","tag-cso-consultation","tag-nyeleni-europe","tag-regional-conference","regional_processes_tax-europe-central-asia"],"acf":[],"yoast_head":"<!-- This site is optimized with the Yoast SEO plugin v27.4 - https:\/\/yoast.com\/product\/yoast-seo-wordpress\/ -->\n<title>Comunicaci\u00f3n de las OSC sobre la 32\u00aa Conferencia Regional de la FAO para Europa y Asia Central - International Planning Committee for Food Sovereignty (IPC)<\/title>\n<meta name=\"robots\" content=\"index, follow, max-snippet:-1, max-image-preview:large, max-video-preview:-1\" \/>\n<link rel=\"canonical\" href=\"https:\/\/www.foodsovereignty.org\/es\/comunicacion-de-las-osc-sobre-la-32a-conferencia-regional-de-la-fao-para-europa-y-asia-central\/\" \/>\n<meta property=\"og:locale\" content=\"es_ES\" \/>\n<meta property=\"og:type\" content=\"article\" \/>\n<meta property=\"og:title\" content=\"Comunicaci\u00f3n de las OSC sobre la 32\u00aa Conferencia Regional de la FAO para Europa y Asia Central - International Planning Committee for Food Sovereignty (IPC)\" \/>\n<meta property=\"og:description\" content=\"Comunicaci\u00f3n de las OSC sobre la 32\u00aa Conferencia Regional de la FAO para Europa y Asia Central eventos on-line del 21-23\/10\/2020 Ac\u00e1 puuede encontrar el informe completo en ingl\u00e9s. Ny\u00e9l\u00e9ni ECA ha concluido con \u00e9xito los talleres de preparaci\u00f3n de los d\u00edas 5 y 8 de octubre; la Consulta de las OSC, del 21 al [&hellip;]\" \/>\n<meta property=\"og:url\" content=\"https:\/\/www.foodsovereignty.org\/es\/comunicacion-de-las-osc-sobre-la-32a-conferencia-regional-de-la-fao-para-europa-y-asia-central\/\" \/>\n<meta property=\"og:site_name\" content=\"International Planning Committee for Food Sovereignty (IPC)\" \/>\n<meta property=\"article:published_time\" content=\"2020-11-20T12:43:03+00:00\" \/>\n<meta property=\"article:modified_time\" content=\"2024-01-30T23:04:34+00:00\" \/>\n<meta property=\"og:image\" content=\"https:\/\/www.foodsovereignty.org\/wp-content\/uploads\/2024\/01\/Immagine.png\" \/>\n\t<meta property=\"og:image:width\" content=\"1366\" \/>\n\t<meta property=\"og:image:height\" content=\"768\" \/>\n\t<meta property=\"og:image:type\" content=\"image\/png\" \/>\n<meta name=\"author\" content=\"ipc_staging\" \/>\n<meta name=\"twitter:card\" content=\"summary_large_image\" \/>\n<meta name=\"twitter:label1\" content=\"Escrito por\" \/>\n\t<meta name=\"twitter:data1\" content=\"ipc_staging\" \/>\n\t<meta name=\"twitter:label2\" content=\"Tiempo de lectura\" \/>\n\t<meta name=\"twitter:data2\" content=\"4 minutos\" \/>\n<script type=\"application\/ld+json\" class=\"yoast-schema-graph\">{\"@context\":\"https:\\\/\\\/schema.org\",\"@graph\":[{\"@type\":\"Article\",\"@id\":\"https:\\\/\\\/www.foodsovereignty.org\\\/es\\\/comunicacion-de-las-osc-sobre-la-32a-conferencia-regional-de-la-fao-para-europa-y-asia-central\\\/#article\",\"isPartOf\":{\"@id\":\"https:\\\/\\\/www.foodsovereignty.org\\\/es\\\/comunicacion-de-las-osc-sobre-la-32a-conferencia-regional-de-la-fao-para-europa-y-asia-central\\\/\"},\"author\":{\"name\":\"ipc_staging\",\"@id\":\"https:\\\/\\\/www.foodsovereignty.org\\\/es\\\/#\\\/schema\\\/person\\\/2022da6fc0f89b23596d0a63d82b61e1\"},\"headline\":\"Comunicaci\u00f3n de las OSC sobre la 32\u00aa Conferencia Regional de la FAO para Europa y Asia Central\",\"datePublished\":\"2020-11-20T12:43:03+00:00\",\"dateModified\":\"2024-01-30T23:04:34+00:00\",\"mainEntityOfPage\":{\"@id\":\"https:\\\/\\\/www.foodsovereignty.org\\\/es\\\/comunicacion-de-las-osc-sobre-la-32a-conferencia-regional-de-la-fao-para-europa-y-asia-central\\\/\"},\"wordCount\":882,\"image\":{\"@id\":\"https:\\\/\\\/www.foodsovereignty.org\\\/es\\\/comunicacion-de-las-osc-sobre-la-32a-conferencia-regional-de-la-fao-para-europa-y-asia-central\\\/#primaryimage\"},\"thumbnailUrl\":\"https:\\\/\\\/www.foodsovereignty.org\\\/wp-content\\\/uploads\\\/2024\\\/01\\\/Immagine.png\",\"keywords\":[\"CSO consultation\",\"Ny\u00e9l\u00e9ni Europe\",\"regional conference\"],\"articleSection\":[\"Eventos\",\"Multimedia\",\"Noticias\"],\"inLanguage\":\"es\"},{\"@type\":\"WebPage\",\"@id\":\"https:\\\/\\\/www.foodsovereignty.org\\\/es\\\/comunicacion-de-las-osc-sobre-la-32a-conferencia-regional-de-la-fao-para-europa-y-asia-central\\\/\",\"url\":\"https:\\\/\\\/www.foodsovereignty.org\\\/es\\\/comunicacion-de-las-osc-sobre-la-32a-conferencia-regional-de-la-fao-para-europa-y-asia-central\\\/\",\"name\":\"Comunicaci\u00f3n de las OSC sobre la 32\u00aa Conferencia Regional de la FAO para Europa y Asia Central - International Planning Committee for Food Sovereignty (IPC)\",\"isPartOf\":{\"@id\":\"https:\\\/\\\/www.foodsovereignty.org\\\/es\\\/#website\"},\"primaryImageOfPage\":{\"@id\":\"https:\\\/\\\/www.foodsovereignty.org\\\/es\\\/comunicacion-de-las-osc-sobre-la-32a-conferencia-regional-de-la-fao-para-europa-y-asia-central\\\/#primaryimage\"},\"image\":{\"@id\":\"https:\\\/\\\/www.foodsovereignty.org\\\/es\\\/comunicacion-de-las-osc-sobre-la-32a-conferencia-regional-de-la-fao-para-europa-y-asia-central\\\/#primaryimage\"},\"thumbnailUrl\":\"https:\\\/\\\/www.foodsovereignty.org\\\/wp-content\\\/uploads\\\/2024\\\/01\\\/Immagine.png\",\"datePublished\":\"2020-11-20T12:43:03+00:00\",\"dateModified\":\"2024-01-30T23:04:34+00:00\",\"author\":{\"@id\":\"https:\\\/\\\/www.foodsovereignty.org\\\/es\\\/#\\\/schema\\\/person\\\/2022da6fc0f89b23596d0a63d82b61e1\"},\"breadcrumb\":{\"@id\":\"https:\\\/\\\/www.foodsovereignty.org\\\/es\\\/comunicacion-de-las-osc-sobre-la-32a-conferencia-regional-de-la-fao-para-europa-y-asia-central\\\/#breadcrumb\"},\"inLanguage\":\"es\",\"potentialAction\":[{\"@type\":\"ReadAction\",\"target\":[\"https:\\\/\\\/www.foodsovereignty.org\\\/es\\\/comunicacion-de-las-osc-sobre-la-32a-conferencia-regional-de-la-fao-para-europa-y-asia-central\\\/\"]}]},{\"@type\":\"ImageObject\",\"inLanguage\":\"es\",\"@id\":\"https:\\\/\\\/www.foodsovereignty.org\\\/es\\\/comunicacion-de-las-osc-sobre-la-32a-conferencia-regional-de-la-fao-para-europa-y-asia-central\\\/#primaryimage\",\"url\":\"https:\\\/\\\/www.foodsovereignty.org\\\/wp-content\\\/uploads\\\/2024\\\/01\\\/Immagine.png\",\"contentUrl\":\"https:\\\/\\\/www.foodsovereignty.org\\\/wp-content\\\/uploads\\\/2024\\\/01\\\/Immagine.png\",\"width\":1366,\"height\":768},{\"@type\":\"BreadcrumbList\",\"@id\":\"https:\\\/\\\/www.foodsovereignty.org\\\/es\\\/comunicacion-de-las-osc-sobre-la-32a-conferencia-regional-de-la-fao-para-europa-y-asia-central\\\/#breadcrumb\",\"itemListElement\":[{\"@type\":\"ListItem\",\"position\":1,\"name\":\"Home\",\"item\":\"https:\\\/\\\/www.foodsovereignty.org\\\/es\\\/\"},{\"@type\":\"ListItem\",\"position\":2,\"name\":\"Comunicaci\u00f3n de las OSC sobre la 32\u00aa Conferencia Regional de la FAO para Europa y Asia Central\"}]},{\"@type\":\"WebSite\",\"@id\":\"https:\\\/\\\/www.foodsovereignty.org\\\/es\\\/#website\",\"url\":\"https:\\\/\\\/www.foodsovereignty.org\\\/es\\\/\",\"name\":\"International Planning Committee for Food Sovereignty (IPC)\",\"description\":\"\",\"potentialAction\":[{\"@type\":\"SearchAction\",\"target\":{\"@type\":\"EntryPoint\",\"urlTemplate\":\"https:\\\/\\\/www.foodsovereignty.org\\\/es\\\/?s={search_term_string}\"},\"query-input\":{\"@type\":\"PropertyValueSpecification\",\"valueRequired\":true,\"valueName\":\"search_term_string\"}}],\"inLanguage\":\"es\"},{\"@type\":\"Person\",\"@id\":\"https:\\\/\\\/www.foodsovereignty.org\\\/es\\\/#\\\/schema\\\/person\\\/2022da6fc0f89b23596d0a63d82b61e1\",\"name\":\"ipc_staging\",\"image\":{\"@type\":\"ImageObject\",\"inLanguage\":\"es\",\"@id\":\"https:\\\/\\\/secure.gravatar.com\\\/avatar\\\/fce93258e0a23ad6ba66052185f81fce65925c41d889b9d1b920a76951c434af?s=96&d=mm&r=g\",\"url\":\"https:\\\/\\\/secure.gravatar.com\\\/avatar\\\/fce93258e0a23ad6ba66052185f81fce65925c41d889b9d1b920a76951c434af?s=96&d=mm&r=g\",\"contentUrl\":\"https:\\\/\\\/secure.gravatar.com\\\/avatar\\\/fce93258e0a23ad6ba66052185f81fce65925c41d889b9d1b920a76951c434af?s=96&d=mm&r=g\",\"caption\":\"ipc_staging\"},\"sameAs\":[\"http:\\\/\\\/_\"],\"url\":\"https:\\\/\\\/www.foodsovereignty.org\\\/es\\\/author\\\/ipc_staging\\\/\"}]}<\/script>\n<!-- \/ Yoast SEO plugin. -->","yoast_head_json":{"title":"Comunicaci\u00f3n de las OSC sobre la 32\u00aa Conferencia Regional de la FAO para Europa y Asia Central - International Planning Committee for Food Sovereignty (IPC)","robots":{"index":"index","follow":"follow","max-snippet":"max-snippet:-1","max-image-preview":"max-image-preview:large","max-video-preview":"max-video-preview:-1"},"canonical":"https:\/\/www.foodsovereignty.org\/es\/comunicacion-de-las-osc-sobre-la-32a-conferencia-regional-de-la-fao-para-europa-y-asia-central\/","og_locale":"es_ES","og_type":"article","og_title":"Comunicaci\u00f3n de las OSC sobre la 32\u00aa Conferencia Regional de la FAO para Europa y Asia Central - International Planning Committee for Food Sovereignty (IPC)","og_description":"Comunicaci\u00f3n de las OSC sobre la 32\u00aa Conferencia Regional de la FAO para Europa y Asia Central eventos on-line del 21-23\/10\/2020 Ac\u00e1 puuede encontrar el informe completo en ingl\u00e9s. Ny\u00e9l\u00e9ni ECA ha concluido con \u00e9xito los talleres de preparaci\u00f3n de los d\u00edas 5 y 8 de octubre; la Consulta de las OSC, del 21 al [&hellip;]","og_url":"https:\/\/www.foodsovereignty.org\/es\/comunicacion-de-las-osc-sobre-la-32a-conferencia-regional-de-la-fao-para-europa-y-asia-central\/","og_site_name":"International Planning Committee for Food Sovereignty (IPC)","article_published_time":"2020-11-20T12:43:03+00:00","article_modified_time":"2024-01-30T23:04:34+00:00","og_image":[{"width":1366,"height":768,"url":"https:\/\/www.foodsovereignty.org\/wp-content\/uploads\/2024\/01\/Immagine.png","type":"image\/png"}],"author":"ipc_staging","twitter_card":"summary_large_image","twitter_misc":{"Escrito por":"ipc_staging","Tiempo de lectura":"4 minutos"},"schema":{"@context":"https:\/\/schema.org","@graph":[{"@type":"Article","@id":"https:\/\/www.foodsovereignty.org\/es\/comunicacion-de-las-osc-sobre-la-32a-conferencia-regional-de-la-fao-para-europa-y-asia-central\/#article","isPartOf":{"@id":"https:\/\/www.foodsovereignty.org\/es\/comunicacion-de-las-osc-sobre-la-32a-conferencia-regional-de-la-fao-para-europa-y-asia-central\/"},"author":{"name":"ipc_staging","@id":"https:\/\/www.foodsovereignty.org\/es\/#\/schema\/person\/2022da6fc0f89b23596d0a63d82b61e1"},"headline":"Comunicaci\u00f3n de las OSC sobre la 32\u00aa Conferencia Regional de la FAO para Europa y Asia Central","datePublished":"2020-11-20T12:43:03+00:00","dateModified":"2024-01-30T23:04:34+00:00","mainEntityOfPage":{"@id":"https:\/\/www.foodsovereignty.org\/es\/comunicacion-de-las-osc-sobre-la-32a-conferencia-regional-de-la-fao-para-europa-y-asia-central\/"},"wordCount":882,"image":{"@id":"https:\/\/www.foodsovereignty.org\/es\/comunicacion-de-las-osc-sobre-la-32a-conferencia-regional-de-la-fao-para-europa-y-asia-central\/#primaryimage"},"thumbnailUrl":"https:\/\/www.foodsovereignty.org\/wp-content\/uploads\/2024\/01\/Immagine.png","keywords":["CSO consultation","Ny\u00e9l\u00e9ni Europe","regional conference"],"articleSection":["Eventos","Multimedia","Noticias"],"inLanguage":"es"},{"@type":"WebPage","@id":"https:\/\/www.foodsovereignty.org\/es\/comunicacion-de-las-osc-sobre-la-32a-conferencia-regional-de-la-fao-para-europa-y-asia-central\/","url":"https:\/\/www.foodsovereignty.org\/es\/comunicacion-de-las-osc-sobre-la-32a-conferencia-regional-de-la-fao-para-europa-y-asia-central\/","name":"Comunicaci\u00f3n de las OSC sobre la 32\u00aa Conferencia Regional de la FAO para Europa y Asia Central - International Planning Committee for Food Sovereignty (IPC)","isPartOf":{"@id":"https:\/\/www.foodsovereignty.org\/es\/#website"},"primaryImageOfPage":{"@id":"https:\/\/www.foodsovereignty.org\/es\/comunicacion-de-las-osc-sobre-la-32a-conferencia-regional-de-la-fao-para-europa-y-asia-central\/#primaryimage"},"image":{"@id":"https:\/\/www.foodsovereignty.org\/es\/comunicacion-de-las-osc-sobre-la-32a-conferencia-regional-de-la-fao-para-europa-y-asia-central\/#primaryimage"},"thumbnailUrl":"https:\/\/www.foodsovereignty.org\/wp-content\/uploads\/2024\/01\/Immagine.png","datePublished":"2020-11-20T12:43:03+00:00","dateModified":"2024-01-30T23:04:34+00:00","author":{"@id":"https:\/\/www.foodsovereignty.org\/es\/#\/schema\/person\/2022da6fc0f89b23596d0a63d82b61e1"},"breadcrumb":{"@id":"https:\/\/www.foodsovereignty.org\/es\/comunicacion-de-las-osc-sobre-la-32a-conferencia-regional-de-la-fao-para-europa-y-asia-central\/#breadcrumb"},"inLanguage":"es","potentialAction":[{"@type":"ReadAction","target":["https:\/\/www.foodsovereignty.org\/es\/comunicacion-de-las-osc-sobre-la-32a-conferencia-regional-de-la-fao-para-europa-y-asia-central\/"]}]},{"@type":"ImageObject","inLanguage":"es","@id":"https:\/\/www.foodsovereignty.org\/es\/comunicacion-de-las-osc-sobre-la-32a-conferencia-regional-de-la-fao-para-europa-y-asia-central\/#primaryimage","url":"https:\/\/www.foodsovereignty.org\/wp-content\/uploads\/2024\/01\/Immagine.png","contentUrl":"https:\/\/www.foodsovereignty.org\/wp-content\/uploads\/2024\/01\/Immagine.png","width":1366,"height":768},{"@type":"BreadcrumbList","@id":"https:\/\/www.foodsovereignty.org\/es\/comunicacion-de-las-osc-sobre-la-32a-conferencia-regional-de-la-fao-para-europa-y-asia-central\/#breadcrumb","itemListElement":[{"@type":"ListItem","position":1,"name":"Home","item":"https:\/\/www.foodsovereignty.org\/es\/"},{"@type":"ListItem","position":2,"name":"Comunicaci\u00f3n de las OSC sobre la 32\u00aa Conferencia Regional de la FAO para Europa y Asia Central"}]},{"@type":"WebSite","@id":"https:\/\/www.foodsovereignty.org\/es\/#website","url":"https:\/\/www.foodsovereignty.org\/es\/","name":"International Planning Committee for Food Sovereignty (IPC)","description":"","potentialAction":[{"@type":"SearchAction","target":{"@type":"EntryPoint","urlTemplate":"https:\/\/www.foodsovereignty.org\/es\/?s={search_term_string}"},"query-input":{"@type":"PropertyValueSpecification","valueRequired":true,"valueName":"search_term_string"}}],"inLanguage":"es"},{"@type":"Person","@id":"https:\/\/www.foodsovereignty.org\/es\/#\/schema\/person\/2022da6fc0f89b23596d0a63d82b61e1","name":"ipc_staging","image":{"@type":"ImageObject","inLanguage":"es","@id":"https:\/\/secure.gravatar.com\/avatar\/fce93258e0a23ad6ba66052185f81fce65925c41d889b9d1b920a76951c434af?s=96&d=mm&r=g","url":"https:\/\/secure.gravatar.com\/avatar\/fce93258e0a23ad6ba66052185f81fce65925c41d889b9d1b920a76951c434af?s=96&d=mm&r=g","contentUrl":"https:\/\/secure.gravatar.com\/avatar\/fce93258e0a23ad6ba66052185f81fce65925c41d889b9d1b920a76951c434af?s=96&d=mm&r=g","caption":"ipc_staging"},"sameAs":["http:\/\/_"],"url":"https:\/\/www.foodsovereignty.org\/es\/author\/ipc_staging\/"}]}},"_links":{"self":[{"href":"https:\/\/www.foodsovereignty.org\/es\/wp-json\/wp\/v2\/posts\/1978","targetHints":{"allow":["GET"]}}],"collection":[{"href":"https:\/\/www.foodsovereignty.org\/es\/wp-json\/wp\/v2\/posts"}],"about":[{"href":"https:\/\/www.foodsovereignty.org\/es\/wp-json\/wp\/v2\/types\/post"}],"author":[{"embeddable":true,"href":"https:\/\/www.foodsovereignty.org\/es\/wp-json\/wp\/v2\/users\/1"}],"replies":[{"embeddable":true,"href":"https:\/\/www.foodsovereignty.org\/es\/wp-json\/wp\/v2\/comments?post=1978"}],"version-history":[{"count":1,"href":"https:\/\/www.foodsovereignty.org\/es\/wp-json\/wp\/v2\/posts\/1978\/revisions"}],"predecessor-version":[{"id":2759,"href":"https:\/\/www.foodsovereignty.org\/es\/wp-json\/wp\/v2\/posts\/1978\/revisions\/2759"}],"wp:featuredmedia":[{"embeddable":true,"href":"https:\/\/www.foodsovereignty.org\/es\/wp-json\/wp\/v2\/media\/2223"}],"wp:attachment":[{"href":"https:\/\/www.foodsovereignty.org\/es\/wp-json\/wp\/v2\/media?parent=1978"}],"wp:term":[{"taxonomy":"category","embeddable":true,"href":"https:\/\/www.foodsovereignty.org\/es\/wp-json\/wp\/v2\/categories?post=1978"},{"taxonomy":"post_tag","embeddable":true,"href":"https:\/\/www.foodsovereignty.org\/es\/wp-json\/wp\/v2\/tags?post=1978"}],"curies":[{"name":"wp","href":"https:\/\/api.w.org\/{rel}","templated":true}]}}