{"id":1991,"date":"2021-01-21T10:57:55","date_gmt":"2021-01-21T10:57:55","guid":{"rendered":"https:\/\/www.foodsovereignty.org\/sesion-virtual-especial-para-el-osactt-24-y-el-ose-03-sobre-biodiversidad-una-salud-y-covid-19\/"},"modified":"2024-01-30T23:04:41","modified_gmt":"2024-01-30T23:04:41","slug":"sesion-virtual-especial-para-el-osactt-24-y-el-ose-03-sobre-biodiversidad-una-salud-y-covid-19","status":"publish","type":"post","link":"https:\/\/www.foodsovereignty.org\/es\/sesion-virtual-especial-para-el-osactt-24-y-el-ose-03-sobre-biodiversidad-una-salud-y-covid-19\/","title":{"rendered":"Sesi\u00f3n virtual especial para el OSACTT-24 y el OSE-03 sobre biodiversidad, Una Salud y COVID-19"},"content":{"rendered":"<p>[vc_row][vc_column][\/vc_column][\/vc_row][vc_row][vc_column][vc_column_text]El CIP particip\u00f3 en la sesi\u00f3n virtual especial para el OSACTT-24 y el OSE-03 sobre biodiversidad, \u00bb Una Salud\u00bb y COVID-19, organizada para mantener el impulso hacia la COP 15 y facilitar los preparativos para la 24\u00aa reuni\u00f3n del \u00d3rgano Subsidiario de Asesoramiento Cient\u00edfico, T\u00e9cnico y Tecnol\u00f3gico (OSACTT 24) y la 3\u00aa reuni\u00f3n del \u00d3rgano Subsidiario de Ejecuci\u00f3n (OSE 3).  La sesi\u00f3n especial ofreci\u00f3 a las Partes y a los observadores la oportunidad de examinar los v\u00ednculos entre la biodiversidad y la salud, incluidos los v\u00ednculos entre la p\u00e9rdida de biodiversidad y la aparici\u00f3n de enfermedades zoon\u00f3ticas, el enfoque de \u00abUna salud\u00bb y la respuesta al COVID-19.  La reuni\u00f3n virtual tuvo lugar los d\u00edas 15 y 16 de diciembre de 2020.[\/vc_column_text][\/vc_column][\/vc_row][vc_row][vc_column][vc_column_text] <\/p>\n<p style=\"text-align: right;\"><b><i><span lang=\"ES\">16 de diciembre de 2020<\/span><\/i><\/b><\/p>\n<p> <span lang=\"ES\">\u00a0<\/span> <\/p>\n<p style=\"text-align: center;\"><b><i><span lang=\"ES\">Declaraci\u00f3n del Comit\u00e9 Internacional de Planificaci\u00f3n para la Soberan\u00eda Alimentaria (CIP) en ocasi\u00f3n de la Sesi\u00f3n\u00a0<span class=\"il\">Virtual<\/span>\u00a0Especial del OSACTT\u00a0<span class=\"il\">24<\/span>\u00a0y del OSE\u00a0<span class=\"il\">3<\/span>\u00a0sobre Biodiversidad, Una Salud y\u00a0<span class=\"il\">COVID<\/span>&#8211;<span class=\"il\">19<\/span><\/span><\/i><\/b><\/p>\n<p> <span lang=\"ES\">\u00a0<\/span> <\/p>\n<blockquote><p><span lang=\"ES\">El Comit\u00e9 Internacional de Planificaci\u00f3n para la Soberan\u00eda Alimentaria (CIP) es una plataforma mundial aut\u00f3noma y auto-organizada de m\u00e1s de 6000 organizaciones y 300 millones de peque\u00f1os productores de alimentos y trabajadores rurales, pueblos ind\u00edgenas y movimientos sociales de base o comunitarios cuyo objetivo es hacer avanzar el programa de soberan\u00eda alimentaria a nivel mundial y regional.<\/span>  <span lang=\"ES\">El Marco Mundial para\u00a0la\u00a0Diversidad Biol\u00f3gica post 2020 es\u00a0la\u00a0respuesta clave a\u00a0la\u00a0pandemia mundial resultante de\u00a0la\u00a0disminuci\u00f3n de\u00a0la\u00a0diversidad biol\u00f3gica mundial y de las actividades humanas invasivas que siguen, sin disminuir, da\u00f1ando ecosistemas cada vez\u00a0m\u00e1s\u00a0comprometidos. La urgencia de un enfoque \u00fanico de\u00a0la\u00a0salud es evidente, reconociendo que el bienestar de los seres humanos est\u00e1 indisolublemente entrelazado con\u00a0la\u00a0salud de los animales y\u00a0la\u00a0naturaleza.<\/span>  <span lang=\"ES\">Las metas del GBF\u00a0propuestas\u00a0no\u00a0ser\u00e1n eficaces para aumentar\u00a0la\u00a0diversidad biol\u00f3gica mundial, a menos que se aborden las verdaderas causas de\u00a0la\u00a0destrucci\u00f3n y\u00a0la\u00a0p\u00e9rdida de\u00a0la\u00a0diversidad biol\u00f3gica\u00a0del\u00a0mundo, y entre\u00a0ellas\u00a0el sistema agr\u00edcola industrial y las industrias extractivas. Por\u00a0lo\u00a0tanto, es urgente e impostergable una transici\u00f3n hacia una producci\u00f3n de sistemas agr\u00edcolas m\u00e1s diversificada y sostenible. A\u00a0medida\u00a0que los ecosistemas se van destruyendo, fragmentando, homogeneizando y estresando cada vez\u00a0m\u00e1s\u00a0debido al impacto industrial, los cient\u00edficos han documentado un aumento en\u00a0la\u00a0incidencia de los brotes de enfermedades. A medida que las zonas forestales son destruidos por incendios criminales o se dividen y se transforman en ciudades peque\u00f1as y grandes, zonas industriales o grandes plantaciones,\u00a0las\u00a0interacciones\u00a0entre\u00a0animales y seres humanos pasan por cambios fundamentales y que traen, entre otros efectos, tambi\u00e9n\u00a0pandemias.<\/span>  <span lang=\"ES\">Si\u00a0<\/span><span lang=\"ES\">las\u00a0<\/span><span lang=\"ES\">peores condiciones persisten y se profundizan en los pr\u00f3ximos\u00a0meses,\u00a0a\u00f1os y decenios, los peque\u00f1os agricultores seguir\u00e1n en primera l\u00ednea tanto para proporcionar alimentos\u00a0como\u00a0para controlar\u00a0las\u00a0enfermedades. Como\u00a0lo\u00a0han hecho durante siglos, aquellos que tienen\u00a0la\u00a0autonom\u00eda para ejercer el control comunitario continuar\u00e1n apuntando a mantener los ecosistemas biodiversos que proporcionan\u00a0el\u00a0sustento fuera de\u00a0las\u00a0l\u00f3gicas patol\u00f3gicas de los productos b\u00e1sicos.\u00a0<b>Quedar\u00e1 claro que nuestro objetivo\u00a0no\u00a0es el 2030, el objetivo es hoy,\u00a0ya\u00a0fue\u00a0ayer.<\/b><\/span>  <span lang=\"ES\">Durante el segundo Grupo de Trabajo de composici\u00f3n abierta, celebrado en Roma el pasado mes de febrero, muchas Partes reconocieron el papel de la agroecolog\u00eda como el medio m\u00e1s sostenible de proporcionar alimentos biodiversos, nutritivos y culturalmente determinados a millones de personas y comunidades de todo el mundo. En esta situaci\u00f3n de pandemia, esto ha quedado claro, ya que los productores de alimentos en peque\u00f1a escala han proporcionado alimentos localmente cuando las largas cadenas de producci\u00f3n y suministro de alimentos no pod\u00edan hacerlo.<\/span>  <span lang=\"ES\">Por lo tanto, el GBF debe arrojar luz sobre el papel de la agroecolog\u00eda y reconocer a los productores de alimentos en peque\u00f1a escala como principales actores en la gesti\u00f3n y el uso sostenible de los ecosistemas biodiversos, incluida la biodiversidad silvestre.<\/span><\/p><\/blockquote>\n<p> [\/vc_column_text][\/vc_column][\/vc_row][vc_row][vc_column][vc_column_text]Aqu\u00ed puede descargar la <a href=\"https:\/\/www.foodsovereignty.org\/wp-content\/uploads\/2021\/01\/2020_12_10_IPC-Declaration_Biodiversity-One-Health-Covid19_esp.pdf\">versi\u00f3n PDF<\/a> de la declaraci\u00f3n[\/vc_column_text][\/vc_column][\/vc_row]<\/p>\n","protected":false},"excerpt":{"rendered":"<p>[vc_row][vc_column][\/vc_column][\/vc_row][vc_row][vc_column][vc_column_text]El CIP particip\u00f3 en la sesi\u00f3n virtual especial para el OSACTT-24 y el OSE-03 sobre biodiversidad, \u00bb Una Salud\u00bb y COVID-19, organizada para mantener el impulso hacia la COP 15 y facilitar los preparativos para la 24\u00aa reuni\u00f3n del \u00d3rgano Subsidiario de Asesoramiento Cient\u00edfico, T\u00e9cnico y Tecnol\u00f3gico (OSACTT 24) y la 3\u00aa reuni\u00f3n del \u00d3rgano [&hellip;]<\/p>\n","protected":false},"author":1,"featured_media":2593,"comment_status":"closed","ping_status":"open","sticky":false,"template":"","format":"standard","meta":{"_acf_changed":false,"footnotes":""},"categories":[60],"tags":[118,87],"class_list":["post-1991","post","type-post","status-publish","format-standard","has-post-thumbnail","hentry","category-noticias","tag-biodiversity","tag-cbd","working_groups_tax-agricultural-biodiversity"],"acf":[],"yoast_head":"<!-- This site is optimized with the Yoast SEO plugin v27.4 - https:\/\/yoast.com\/product\/yoast-seo-wordpress\/ -->\n<title>Sesi\u00f3n virtual especial para el OSACTT-24 y el OSE-03 sobre biodiversidad, Una Salud y COVID-19 - International Planning Committee for Food Sovereignty (IPC)<\/title>\n<meta name=\"robots\" content=\"index, follow, max-snippet:-1, max-image-preview:large, max-video-preview:-1\" \/>\n<link rel=\"canonical\" href=\"https:\/\/www.foodsovereignty.org\/es\/sesion-virtual-especial-para-el-osactt-24-y-el-ose-03-sobre-biodiversidad-una-salud-y-covid-19\/\" \/>\n<meta property=\"og:locale\" content=\"es_ES\" \/>\n<meta property=\"og:type\" content=\"article\" \/>\n<meta property=\"og:title\" content=\"Sesi\u00f3n virtual especial para el OSACTT-24 y el OSE-03 sobre biodiversidad, Una Salud y COVID-19 - International Planning Committee for Food Sovereignty (IPC)\" \/>\n<meta property=\"og:description\" content=\"[vc_row][vc_column][\/vc_column][\/vc_row][vc_row][vc_column][vc_column_text]El CIP particip\u00f3 en la sesi\u00f3n virtual especial para el OSACTT-24 y el OSE-03 sobre biodiversidad, \u00bb Una Salud\u00bb y COVID-19, organizada para mantener el impulso hacia la COP 15 y facilitar los preparativos para la 24\u00aa reuni\u00f3n del \u00d3rgano Subsidiario de Asesoramiento Cient\u00edfico, T\u00e9cnico y Tecnol\u00f3gico (OSACTT 24) y la 3\u00aa reuni\u00f3n del \u00d3rgano [&hellip;]\" \/>\n<meta property=\"og:url\" content=\"https:\/\/www.foodsovereignty.org\/es\/sesion-virtual-especial-para-el-osactt-24-y-el-ose-03-sobre-biodiversidad-una-salud-y-covid-19\/\" \/>\n<meta property=\"og:site_name\" content=\"International Planning Committee for Food Sovereignty (IPC)\" \/>\n<meta property=\"article:published_time\" content=\"2021-01-21T10:57:55+00:00\" \/>\n<meta property=\"article:modified_time\" content=\"2024-01-30T23:04:41+00:00\" \/>\n<meta property=\"og:image\" content=\"https:\/\/www.foodsovereignty.org\/wp-content\/uploads\/2024\/01\/Post-2020-Global-Biodiversity-Framework-1.png\" \/>\n\t<meta property=\"og:image:width\" content=\"3000\" \/>\n\t<meta property=\"og:image:height\" content=\"1055\" \/>\n\t<meta property=\"og:image:type\" content=\"image\/png\" \/>\n<meta name=\"author\" content=\"ipc_staging\" \/>\n<meta name=\"twitter:card\" content=\"summary_large_image\" \/>\n<meta name=\"twitter:label1\" content=\"Escrito por\" \/>\n\t<meta name=\"twitter:data1\" content=\"ipc_staging\" \/>\n\t<meta name=\"twitter:label2\" content=\"Tiempo de lectura\" \/>\n\t<meta name=\"twitter:data2\" content=\"4 minutos\" \/>\n<script type=\"application\/ld+json\" class=\"yoast-schema-graph\">{\"@context\":\"https:\\\/\\\/schema.org\",\"@graph\":[{\"@type\":\"Article\",\"@id\":\"https:\\\/\\\/www.foodsovereignty.org\\\/es\\\/sesion-virtual-especial-para-el-osactt-24-y-el-ose-03-sobre-biodiversidad-una-salud-y-covid-19\\\/#article\",\"isPartOf\":{\"@id\":\"https:\\\/\\\/www.foodsovereignty.org\\\/es\\\/sesion-virtual-especial-para-el-osactt-24-y-el-ose-03-sobre-biodiversidad-una-salud-y-covid-19\\\/\"},\"author\":{\"name\":\"ipc_staging\",\"@id\":\"https:\\\/\\\/www.foodsovereignty.org\\\/es\\\/#\\\/schema\\\/person\\\/2022da6fc0f89b23596d0a63d82b61e1\"},\"headline\":\"Sesi\u00f3n virtual especial para el OSACTT-24 y el OSE-03 sobre biodiversidad, Una Salud y COVID-19\",\"datePublished\":\"2021-01-21T10:57:55+00:00\",\"dateModified\":\"2024-01-30T23:04:41+00:00\",\"mainEntityOfPage\":{\"@id\":\"https:\\\/\\\/www.foodsovereignty.org\\\/es\\\/sesion-virtual-especial-para-el-osactt-24-y-el-ose-03-sobre-biodiversidad-una-salud-y-covid-19\\\/\"},\"wordCount\":764,\"image\":{\"@id\":\"https:\\\/\\\/www.foodsovereignty.org\\\/es\\\/sesion-virtual-especial-para-el-osactt-24-y-el-ose-03-sobre-biodiversidad-una-salud-y-covid-19\\\/#primaryimage\"},\"thumbnailUrl\":\"https:\\\/\\\/www.foodsovereignty.org\\\/wp-content\\\/uploads\\\/2024\\\/01\\\/Post-2020-Global-Biodiversity-Framework-1.png\",\"keywords\":[\"Biodiversity\",\"CBD\"],\"articleSection\":[\"Noticias\"],\"inLanguage\":\"es\"},{\"@type\":\"WebPage\",\"@id\":\"https:\\\/\\\/www.foodsovereignty.org\\\/es\\\/sesion-virtual-especial-para-el-osactt-24-y-el-ose-03-sobre-biodiversidad-una-salud-y-covid-19\\\/\",\"url\":\"https:\\\/\\\/www.foodsovereignty.org\\\/es\\\/sesion-virtual-especial-para-el-osactt-24-y-el-ose-03-sobre-biodiversidad-una-salud-y-covid-19\\\/\",\"name\":\"Sesi\u00f3n virtual especial para el OSACTT-24 y el OSE-03 sobre biodiversidad, Una Salud y COVID-19 - International Planning Committee for Food Sovereignty (IPC)\",\"isPartOf\":{\"@id\":\"https:\\\/\\\/www.foodsovereignty.org\\\/es\\\/#website\"},\"primaryImageOfPage\":{\"@id\":\"https:\\\/\\\/www.foodsovereignty.org\\\/es\\\/sesion-virtual-especial-para-el-osactt-24-y-el-ose-03-sobre-biodiversidad-una-salud-y-covid-19\\\/#primaryimage\"},\"image\":{\"@id\":\"https:\\\/\\\/www.foodsovereignty.org\\\/es\\\/sesion-virtual-especial-para-el-osactt-24-y-el-ose-03-sobre-biodiversidad-una-salud-y-covid-19\\\/#primaryimage\"},\"thumbnailUrl\":\"https:\\\/\\\/www.foodsovereignty.org\\\/wp-content\\\/uploads\\\/2024\\\/01\\\/Post-2020-Global-Biodiversity-Framework-1.png\",\"datePublished\":\"2021-01-21T10:57:55+00:00\",\"dateModified\":\"2024-01-30T23:04:41+00:00\",\"author\":{\"@id\":\"https:\\\/\\\/www.foodsovereignty.org\\\/es\\\/#\\\/schema\\\/person\\\/2022da6fc0f89b23596d0a63d82b61e1\"},\"breadcrumb\":{\"@id\":\"https:\\\/\\\/www.foodsovereignty.org\\\/es\\\/sesion-virtual-especial-para-el-osactt-24-y-el-ose-03-sobre-biodiversidad-una-salud-y-covid-19\\\/#breadcrumb\"},\"inLanguage\":\"es\",\"potentialAction\":[{\"@type\":\"ReadAction\",\"target\":[\"https:\\\/\\\/www.foodsovereignty.org\\\/es\\\/sesion-virtual-especial-para-el-osactt-24-y-el-ose-03-sobre-biodiversidad-una-salud-y-covid-19\\\/\"]}]},{\"@type\":\"ImageObject\",\"inLanguage\":\"es\",\"@id\":\"https:\\\/\\\/www.foodsovereignty.org\\\/es\\\/sesion-virtual-especial-para-el-osactt-24-y-el-ose-03-sobre-biodiversidad-una-salud-y-covid-19\\\/#primaryimage\",\"url\":\"https:\\\/\\\/www.foodsovereignty.org\\\/wp-content\\\/uploads\\\/2024\\\/01\\\/Post-2020-Global-Biodiversity-Framework-1.png\",\"contentUrl\":\"https:\\\/\\\/www.foodsovereignty.org\\\/wp-content\\\/uploads\\\/2024\\\/01\\\/Post-2020-Global-Biodiversity-Framework-1.png\",\"width\":3000,\"height\":1055},{\"@type\":\"BreadcrumbList\",\"@id\":\"https:\\\/\\\/www.foodsovereignty.org\\\/es\\\/sesion-virtual-especial-para-el-osactt-24-y-el-ose-03-sobre-biodiversidad-una-salud-y-covid-19\\\/#breadcrumb\",\"itemListElement\":[{\"@type\":\"ListItem\",\"position\":1,\"name\":\"Home\",\"item\":\"https:\\\/\\\/www.foodsovereignty.org\\\/es\\\/\"},{\"@type\":\"ListItem\",\"position\":2,\"name\":\"Sesi\u00f3n virtual especial para el OSACTT-24 y el OSE-03 sobre biodiversidad, Una Salud y COVID-19\"}]},{\"@type\":\"WebSite\",\"@id\":\"https:\\\/\\\/www.foodsovereignty.org\\\/es\\\/#website\",\"url\":\"https:\\\/\\\/www.foodsovereignty.org\\\/es\\\/\",\"name\":\"International Planning Committee for Food Sovereignty (IPC)\",\"description\":\"\",\"potentialAction\":[{\"@type\":\"SearchAction\",\"target\":{\"@type\":\"EntryPoint\",\"urlTemplate\":\"https:\\\/\\\/www.foodsovereignty.org\\\/es\\\/?s={search_term_string}\"},\"query-input\":{\"@type\":\"PropertyValueSpecification\",\"valueRequired\":true,\"valueName\":\"search_term_string\"}}],\"inLanguage\":\"es\"},{\"@type\":\"Person\",\"@id\":\"https:\\\/\\\/www.foodsovereignty.org\\\/es\\\/#\\\/schema\\\/person\\\/2022da6fc0f89b23596d0a63d82b61e1\",\"name\":\"ipc_staging\",\"image\":{\"@type\":\"ImageObject\",\"inLanguage\":\"es\",\"@id\":\"https:\\\/\\\/secure.gravatar.com\\\/avatar\\\/fce93258e0a23ad6ba66052185f81fce65925c41d889b9d1b920a76951c434af?s=96&d=mm&r=g\",\"url\":\"https:\\\/\\\/secure.gravatar.com\\\/avatar\\\/fce93258e0a23ad6ba66052185f81fce65925c41d889b9d1b920a76951c434af?s=96&d=mm&r=g\",\"contentUrl\":\"https:\\\/\\\/secure.gravatar.com\\\/avatar\\\/fce93258e0a23ad6ba66052185f81fce65925c41d889b9d1b920a76951c434af?s=96&d=mm&r=g\",\"caption\":\"ipc_staging\"},\"sameAs\":[\"http:\\\/\\\/_\"],\"url\":\"https:\\\/\\\/www.foodsovereignty.org\\\/es\\\/author\\\/ipc_staging\\\/\"}]}<\/script>\n<!-- \/ Yoast SEO plugin. -->","yoast_head_json":{"title":"Sesi\u00f3n virtual especial para el OSACTT-24 y el OSE-03 sobre biodiversidad, Una Salud y COVID-19 - International Planning Committee for Food Sovereignty (IPC)","robots":{"index":"index","follow":"follow","max-snippet":"max-snippet:-1","max-image-preview":"max-image-preview:large","max-video-preview":"max-video-preview:-1"},"canonical":"https:\/\/www.foodsovereignty.org\/es\/sesion-virtual-especial-para-el-osactt-24-y-el-ose-03-sobre-biodiversidad-una-salud-y-covid-19\/","og_locale":"es_ES","og_type":"article","og_title":"Sesi\u00f3n virtual especial para el OSACTT-24 y el OSE-03 sobre biodiversidad, Una Salud y COVID-19 - International Planning Committee for Food Sovereignty (IPC)","og_description":"[vc_row][vc_column][\/vc_column][\/vc_row][vc_row][vc_column][vc_column_text]El CIP particip\u00f3 en la sesi\u00f3n virtual especial para el OSACTT-24 y el OSE-03 sobre biodiversidad, \u00bb Una Salud\u00bb y COVID-19, organizada para mantener el impulso hacia la COP 15 y facilitar los preparativos para la 24\u00aa reuni\u00f3n del \u00d3rgano Subsidiario de Asesoramiento Cient\u00edfico, T\u00e9cnico y Tecnol\u00f3gico (OSACTT 24) y la 3\u00aa reuni\u00f3n del \u00d3rgano [&hellip;]","og_url":"https:\/\/www.foodsovereignty.org\/es\/sesion-virtual-especial-para-el-osactt-24-y-el-ose-03-sobre-biodiversidad-una-salud-y-covid-19\/","og_site_name":"International Planning Committee for Food Sovereignty (IPC)","article_published_time":"2021-01-21T10:57:55+00:00","article_modified_time":"2024-01-30T23:04:41+00:00","og_image":[{"width":3000,"height":1055,"url":"https:\/\/www.foodsovereignty.org\/wp-content\/uploads\/2024\/01\/Post-2020-Global-Biodiversity-Framework-1.png","type":"image\/png"}],"author":"ipc_staging","twitter_card":"summary_large_image","twitter_misc":{"Escrito por":"ipc_staging","Tiempo de lectura":"4 minutos"},"schema":{"@context":"https:\/\/schema.org","@graph":[{"@type":"Article","@id":"https:\/\/www.foodsovereignty.org\/es\/sesion-virtual-especial-para-el-osactt-24-y-el-ose-03-sobre-biodiversidad-una-salud-y-covid-19\/#article","isPartOf":{"@id":"https:\/\/www.foodsovereignty.org\/es\/sesion-virtual-especial-para-el-osactt-24-y-el-ose-03-sobre-biodiversidad-una-salud-y-covid-19\/"},"author":{"name":"ipc_staging","@id":"https:\/\/www.foodsovereignty.org\/es\/#\/schema\/person\/2022da6fc0f89b23596d0a63d82b61e1"},"headline":"Sesi\u00f3n virtual especial para el OSACTT-24 y el OSE-03 sobre biodiversidad, Una Salud y COVID-19","datePublished":"2021-01-21T10:57:55+00:00","dateModified":"2024-01-30T23:04:41+00:00","mainEntityOfPage":{"@id":"https:\/\/www.foodsovereignty.org\/es\/sesion-virtual-especial-para-el-osactt-24-y-el-ose-03-sobre-biodiversidad-una-salud-y-covid-19\/"},"wordCount":764,"image":{"@id":"https:\/\/www.foodsovereignty.org\/es\/sesion-virtual-especial-para-el-osactt-24-y-el-ose-03-sobre-biodiversidad-una-salud-y-covid-19\/#primaryimage"},"thumbnailUrl":"https:\/\/www.foodsovereignty.org\/wp-content\/uploads\/2024\/01\/Post-2020-Global-Biodiversity-Framework-1.png","keywords":["Biodiversity","CBD"],"articleSection":["Noticias"],"inLanguage":"es"},{"@type":"WebPage","@id":"https:\/\/www.foodsovereignty.org\/es\/sesion-virtual-especial-para-el-osactt-24-y-el-ose-03-sobre-biodiversidad-una-salud-y-covid-19\/","url":"https:\/\/www.foodsovereignty.org\/es\/sesion-virtual-especial-para-el-osactt-24-y-el-ose-03-sobre-biodiversidad-una-salud-y-covid-19\/","name":"Sesi\u00f3n virtual especial para el OSACTT-24 y el OSE-03 sobre biodiversidad, Una Salud y COVID-19 - International Planning Committee for Food Sovereignty (IPC)","isPartOf":{"@id":"https:\/\/www.foodsovereignty.org\/es\/#website"},"primaryImageOfPage":{"@id":"https:\/\/www.foodsovereignty.org\/es\/sesion-virtual-especial-para-el-osactt-24-y-el-ose-03-sobre-biodiversidad-una-salud-y-covid-19\/#primaryimage"},"image":{"@id":"https:\/\/www.foodsovereignty.org\/es\/sesion-virtual-especial-para-el-osactt-24-y-el-ose-03-sobre-biodiversidad-una-salud-y-covid-19\/#primaryimage"},"thumbnailUrl":"https:\/\/www.foodsovereignty.org\/wp-content\/uploads\/2024\/01\/Post-2020-Global-Biodiversity-Framework-1.png","datePublished":"2021-01-21T10:57:55+00:00","dateModified":"2024-01-30T23:04:41+00:00","author":{"@id":"https:\/\/www.foodsovereignty.org\/es\/#\/schema\/person\/2022da6fc0f89b23596d0a63d82b61e1"},"breadcrumb":{"@id":"https:\/\/www.foodsovereignty.org\/es\/sesion-virtual-especial-para-el-osactt-24-y-el-ose-03-sobre-biodiversidad-una-salud-y-covid-19\/#breadcrumb"},"inLanguage":"es","potentialAction":[{"@type":"ReadAction","target":["https:\/\/www.foodsovereignty.org\/es\/sesion-virtual-especial-para-el-osactt-24-y-el-ose-03-sobre-biodiversidad-una-salud-y-covid-19\/"]}]},{"@type":"ImageObject","inLanguage":"es","@id":"https:\/\/www.foodsovereignty.org\/es\/sesion-virtual-especial-para-el-osactt-24-y-el-ose-03-sobre-biodiversidad-una-salud-y-covid-19\/#primaryimage","url":"https:\/\/www.foodsovereignty.org\/wp-content\/uploads\/2024\/01\/Post-2020-Global-Biodiversity-Framework-1.png","contentUrl":"https:\/\/www.foodsovereignty.org\/wp-content\/uploads\/2024\/01\/Post-2020-Global-Biodiversity-Framework-1.png","width":3000,"height":1055},{"@type":"BreadcrumbList","@id":"https:\/\/www.foodsovereignty.org\/es\/sesion-virtual-especial-para-el-osactt-24-y-el-ose-03-sobre-biodiversidad-una-salud-y-covid-19\/#breadcrumb","itemListElement":[{"@type":"ListItem","position":1,"name":"Home","item":"https:\/\/www.foodsovereignty.org\/es\/"},{"@type":"ListItem","position":2,"name":"Sesi\u00f3n virtual especial para el OSACTT-24 y el OSE-03 sobre biodiversidad, Una Salud y COVID-19"}]},{"@type":"WebSite","@id":"https:\/\/www.foodsovereignty.org\/es\/#website","url":"https:\/\/www.foodsovereignty.org\/es\/","name":"International Planning Committee for Food Sovereignty (IPC)","description":"","potentialAction":[{"@type":"SearchAction","target":{"@type":"EntryPoint","urlTemplate":"https:\/\/www.foodsovereignty.org\/es\/?s={search_term_string}"},"query-input":{"@type":"PropertyValueSpecification","valueRequired":true,"valueName":"search_term_string"}}],"inLanguage":"es"},{"@type":"Person","@id":"https:\/\/www.foodsovereignty.org\/es\/#\/schema\/person\/2022da6fc0f89b23596d0a63d82b61e1","name":"ipc_staging","image":{"@type":"ImageObject","inLanguage":"es","@id":"https:\/\/secure.gravatar.com\/avatar\/fce93258e0a23ad6ba66052185f81fce65925c41d889b9d1b920a76951c434af?s=96&d=mm&r=g","url":"https:\/\/secure.gravatar.com\/avatar\/fce93258e0a23ad6ba66052185f81fce65925c41d889b9d1b920a76951c434af?s=96&d=mm&r=g","contentUrl":"https:\/\/secure.gravatar.com\/avatar\/fce93258e0a23ad6ba66052185f81fce65925c41d889b9d1b920a76951c434af?s=96&d=mm&r=g","caption":"ipc_staging"},"sameAs":["http:\/\/_"],"url":"https:\/\/www.foodsovereignty.org\/es\/author\/ipc_staging\/"}]}},"_links":{"self":[{"href":"https:\/\/www.foodsovereignty.org\/es\/wp-json\/wp\/v2\/posts\/1991","targetHints":{"allow":["GET"]}}],"collection":[{"href":"https:\/\/www.foodsovereignty.org\/es\/wp-json\/wp\/v2\/posts"}],"about":[{"href":"https:\/\/www.foodsovereignty.org\/es\/wp-json\/wp\/v2\/types\/post"}],"author":[{"embeddable":true,"href":"https:\/\/www.foodsovereignty.org\/es\/wp-json\/wp\/v2\/users\/1"}],"replies":[{"embeddable":true,"href":"https:\/\/www.foodsovereignty.org\/es\/wp-json\/wp\/v2\/comments?post=1991"}],"version-history":[{"count":1,"href":"https:\/\/www.foodsovereignty.org\/es\/wp-json\/wp\/v2\/posts\/1991\/revisions"}],"predecessor-version":[{"id":2768,"href":"https:\/\/www.foodsovereignty.org\/es\/wp-json\/wp\/v2\/posts\/1991\/revisions\/2768"}],"wp:featuredmedia":[{"embeddable":true,"href":"https:\/\/www.foodsovereignty.org\/es\/wp-json\/wp\/v2\/media\/2593"}],"wp:attachment":[{"href":"https:\/\/www.foodsovereignty.org\/es\/wp-json\/wp\/v2\/media?parent=1991"}],"wp:term":[{"taxonomy":"category","embeddable":true,"href":"https:\/\/www.foodsovereignty.org\/es\/wp-json\/wp\/v2\/categories?post=1991"},{"taxonomy":"post_tag","embeddable":true,"href":"https:\/\/www.foodsovereignty.org\/es\/wp-json\/wp\/v2\/tags?post=1991"}],"curies":[{"name":"wp","href":"https:\/\/api.w.org\/{rel}","templated":true}]}}