{"id":2009,"date":"2021-05-05T10:00:59","date_gmt":"2021-05-05T10:00:59","guid":{"rendered":"https:\/\/www.foodsovereignty.org\/sesion-de-apertura-cuarta-reunion-del-grupo-especial-de-expertos-tecnicos-sobre-los-derechos-del-agricultor\/"},"modified":"2024-01-30T23:04:53","modified_gmt":"2024-01-30T23:04:53","slug":"sesion-de-apertura-cuarta-reunion-del-grupo-especial-de-expertos-tecnicos-sobre-los-derechos-del-agricultor","status":"publish","type":"post","link":"https:\/\/www.foodsovereignty.org\/es\/sesion-de-apertura-cuarta-reunion-del-grupo-especial-de-expertos-tecnicos-sobre-los-derechos-del-agricultor\/","title":{"rendered":"Sesi\u00f3n de apertura: Cuarta reuni\u00f3n del Grupo especial de expertos t\u00e9cnicos sobre los derechos del agricultor"},"content":{"rendered":"<p>La <strong>cuarta reuni\u00f3n del Grupo de Expertos T\u00e9cnicos Ad Hoc (AHTEG) sobre los Derechos del Agricultor<\/strong> del Tratado Internacional sobre los Recursos Fitogen\u00e9ticos para la Alimentaci\u00f3n y la Agricultura (ITPGRFA) comenz\u00f3 oficialmente ayer 4 de mayo, con una agenda diaria de debates que se finalizar\u00e1 el 7 de mayo. El CIP participa en este importante encuentro virtual atreves de la participaci\u00f3n de cuatro expertos de las organizaciones miembros del CIP. Esta ser\u00e1 una semana importante, en la que el Grupo de Trabajo de la CIP sobre Agrobiodiversidad apoyar\u00e1 a los expertos de las organizaciones de agricultores y la sociedad civil en la discusi\u00f3n de las opciones que los pa\u00edses podr\u00edan adoptar para la implementaci\u00f3n de los derechos de los agricultores a nivel nacional.  En la sesi\u00f3n de apertura de ayer, la <strong>experta del CIP, Alimata Traor\u00e9<\/strong>, inici\u00f3 su discurso de apertura resaltando su profunda preocupaci\u00f3n por un proceso que a\u00fan lucha por facilitar la participaci\u00f3n de los campesinos en las discusiones de esta reuni\u00f3n. Contin\u00faa afirmando que \u201cRecibimos los documentos demasiado tarde, solo unos d\u00edas antes del inicio de esta reuni\u00f3n. El documento que se supone que guiar\u00e1 nuestras discusiones esta semana es muy complejo y todos deber\u00edamos tener tiempo suficiente para estudiarlo antes de la reuni\u00f3n y prepararnos\u201d.  Alimata Traor\u00e9 tambi\u00e9n subraya la dificultad t\u00e9cnica que enfrentan los agricultores al tener que asistir a esta reuni\u00f3n virtual con conexiones a Internet a menudo inestables. Esta es la segunda edici\u00f3n virtual, despu\u00e9s de la tercera reuni\u00f3n del Grupo Especial de Expertos T\u00e9cnicos del 25 al 28 de agosto de 2020. \u201cEn estas circunstancias, nos reservamos el derecho de no aceptar el informe de esta reuni\u00f3n del grupo de expertos o un documento de Opciones final, si los representantes de los agricultores tienen dificultades para participar de manera efectiva y justa debido a la falta de disponibilidad oportuna de los documentos de trabajo en los cuatro idiomas y la modalidad virtual\u201d, afirma Traor\u00e9. Afirma que la validaci\u00f3n del documento final de opciones, que se presentar\u00e1 en la novena reuni\u00f3n del \u00d3rgano Rector, solo debe realizarse sobre la base de un documento recibido al menos seis semanas antes de la reuni\u00f3n, traducido a todos los idiomas de trabajo y para lo cual se evaluar\u00e1n previamente las opciones viables de asistencia f\u00edsica.  Su declaraci\u00f3n de apertura cierra con un mensaje final, afirmando que \u201cNuestras discusiones son sobre derechos que solo se hacen efectivos si son reconocidos y exigibles en forma de leyes. Es fundamental que esto se refleje en las opciones, y la Categor\u00eda 10 es clave para este proceso y el mandato que nos ha confiado el \u00d3rgano Rector. Por lo tanto, me gustar\u00eda que nuestras discusiones se organizaran de tal manera que nos aseguremos de poder abordar la Categor\u00eda 10 en profundidad para aprovechar al m\u00e1ximo nuestro tiempo juntos\u00bb.  Hoy, los expertos continuar\u00e1n discutiendo el documento de Opciones en el que est\u00e1 trabajando el Grupo. Durante la reuni\u00f3n de ayer, se abordaron varios temas fundamentales y cr\u00edticos, como el car\u00e1cter colectivo de los derechos de los agricultores y la importancia de identificar a los agricultores y los pueblos ind\u00edgenas como titulares de derechos y no como partes interesadas. Si bien es importante recordar que esta reuni\u00f3n no es una negociaci\u00f3n, hoy los Expertos entrar\u00e1n al coraz\u00f3n del proceso discutiendo el contenido de las Opciones; Esperamos que todos los expertos participen en un debate constructivo dirigido a la realizaci\u00f3n y aplicaci\u00f3n de los derechos de los agricultores a nivel nacional, y no a proteger las posiciones del sector privado y la industria de semillas.<\/p>\n","protected":false},"excerpt":{"rendered":"<p>La cuarta reuni\u00f3n del Grupo de Expertos T\u00e9cnicos Ad Hoc (AHTEG) sobre los Derechos del Agricultor del Tratado Internacional sobre los Recursos Fitogen\u00e9ticos para la Alimentaci\u00f3n y la Agricultura (ITPGRFA) comenz\u00f3 oficialmente ayer 4 de mayo, con una agenda diaria de debates que se finalizar\u00e1 el 7 de mayo. El CIP participa en este importante [&hellip;]<\/p>\n","protected":false},"author":1,"featured_media":2318,"comment_status":"closed","ping_status":"open","sticky":false,"template":"","format":"standard","meta":{"_acf_changed":false,"footnotes":""},"categories":[60],"tags":[],"class_list":["post-2009","post","type-post","status-publish","format-standard","has-post-thumbnail","hentry","category-noticias","working_groups_tax-agricultural-biodiversity"],"acf":[],"yoast_head":"<!-- This site is optimized with the Yoast SEO plugin v27.4 - https:\/\/yoast.com\/product\/yoast-seo-wordpress\/ -->\n<title>Sesi\u00f3n de apertura: Cuarta reuni\u00f3n del Grupo especial de expertos t\u00e9cnicos sobre los derechos del agricultor - International Planning Committee for Food Sovereignty (IPC)<\/title>\n<meta name=\"robots\" content=\"index, follow, max-snippet:-1, max-image-preview:large, max-video-preview:-1\" \/>\n<link rel=\"canonical\" href=\"https:\/\/www.foodsovereignty.org\/es\/sesion-de-apertura-cuarta-reunion-del-grupo-especial-de-expertos-tecnicos-sobre-los-derechos-del-agricultor\/\" \/>\n<meta property=\"og:locale\" content=\"es_ES\" \/>\n<meta property=\"og:type\" content=\"article\" \/>\n<meta property=\"og:title\" content=\"Sesi\u00f3n de apertura: Cuarta reuni\u00f3n del Grupo especial de expertos t\u00e9cnicos sobre los derechos del agricultor - International Planning Committee for Food Sovereignty (IPC)\" \/>\n<meta property=\"og:description\" content=\"La cuarta reuni\u00f3n del Grupo de Expertos T\u00e9cnicos Ad Hoc (AHTEG) sobre los Derechos del Agricultor del Tratado Internacional sobre los Recursos Fitogen\u00e9ticos para la Alimentaci\u00f3n y la Agricultura (ITPGRFA) comenz\u00f3 oficialmente ayer 4 de mayo, con una agenda diaria de debates que se finalizar\u00e1 el 7 de mayo. El CIP participa en este importante [&hellip;]\" \/>\n<meta property=\"og:url\" content=\"https:\/\/www.foodsovereignty.org\/es\/sesion-de-apertura-cuarta-reunion-del-grupo-especial-de-expertos-tecnicos-sobre-los-derechos-del-agricultor\/\" \/>\n<meta property=\"og:site_name\" content=\"International Planning Committee for Food Sovereignty (IPC)\" \/>\n<meta property=\"article:published_time\" content=\"2021-05-05T10:00:59+00:00\" \/>\n<meta property=\"article:modified_time\" content=\"2024-01-30T23:04:53+00:00\" \/>\n<meta property=\"og:image\" content=\"https:\/\/www.foodsovereignty.org\/wp-content\/uploads\/2024\/01\/IPC-ITPGRFA_Declaration.png\" \/>\n\t<meta property=\"og:image:width\" content=\"9000\" \/>\n\t<meta property=\"og:image:height\" content=\"3165\" \/>\n\t<meta property=\"og:image:type\" content=\"image\/png\" \/>\n<meta name=\"author\" content=\"ipc_staging\" \/>\n<meta name=\"twitter:card\" content=\"summary_large_image\" \/>\n<meta name=\"twitter:label1\" content=\"Escrito por\" \/>\n\t<meta name=\"twitter:data1\" content=\"ipc_staging\" \/>\n\t<meta name=\"twitter:label2\" content=\"Tiempo de lectura\" \/>\n\t<meta name=\"twitter:data2\" content=\"3 minutos\" \/>\n<script type=\"application\/ld+json\" class=\"yoast-schema-graph\">{\"@context\":\"https:\\\/\\\/schema.org\",\"@graph\":[{\"@type\":\"Article\",\"@id\":\"https:\\\/\\\/www.foodsovereignty.org\\\/es\\\/sesion-de-apertura-cuarta-reunion-del-grupo-especial-de-expertos-tecnicos-sobre-los-derechos-del-agricultor\\\/#article\",\"isPartOf\":{\"@id\":\"https:\\\/\\\/www.foodsovereignty.org\\\/es\\\/sesion-de-apertura-cuarta-reunion-del-grupo-especial-de-expertos-tecnicos-sobre-los-derechos-del-agricultor\\\/\"},\"author\":{\"name\":\"ipc_staging\",\"@id\":\"https:\\\/\\\/www.foodsovereignty.org\\\/es\\\/#\\\/schema\\\/person\\\/2022da6fc0f89b23596d0a63d82b61e1\"},\"headline\":\"Sesi\u00f3n de apertura: Cuarta reuni\u00f3n del Grupo especial de expertos t\u00e9cnicos sobre los derechos del agricultor\",\"datePublished\":\"2021-05-05T10:00:59+00:00\",\"dateModified\":\"2024-01-30T23:04:53+00:00\",\"mainEntityOfPage\":{\"@id\":\"https:\\\/\\\/www.foodsovereignty.org\\\/es\\\/sesion-de-apertura-cuarta-reunion-del-grupo-especial-de-expertos-tecnicos-sobre-los-derechos-del-agricultor\\\/\"},\"wordCount\":652,\"image\":{\"@id\":\"https:\\\/\\\/www.foodsovereignty.org\\\/es\\\/sesion-de-apertura-cuarta-reunion-del-grupo-especial-de-expertos-tecnicos-sobre-los-derechos-del-agricultor\\\/#primaryimage\"},\"thumbnailUrl\":\"https:\\\/\\\/www.foodsovereignty.org\\\/wp-content\\\/uploads\\\/2024\\\/01\\\/IPC-ITPGRFA_Declaration.png\",\"articleSection\":[\"Noticias\"],\"inLanguage\":\"es\"},{\"@type\":\"WebPage\",\"@id\":\"https:\\\/\\\/www.foodsovereignty.org\\\/es\\\/sesion-de-apertura-cuarta-reunion-del-grupo-especial-de-expertos-tecnicos-sobre-los-derechos-del-agricultor\\\/\",\"url\":\"https:\\\/\\\/www.foodsovereignty.org\\\/es\\\/sesion-de-apertura-cuarta-reunion-del-grupo-especial-de-expertos-tecnicos-sobre-los-derechos-del-agricultor\\\/\",\"name\":\"Sesi\u00f3n de apertura: Cuarta reuni\u00f3n del Grupo especial de expertos t\u00e9cnicos sobre los derechos del agricultor - International Planning Committee for Food Sovereignty (IPC)\",\"isPartOf\":{\"@id\":\"https:\\\/\\\/www.foodsovereignty.org\\\/es\\\/#website\"},\"primaryImageOfPage\":{\"@id\":\"https:\\\/\\\/www.foodsovereignty.org\\\/es\\\/sesion-de-apertura-cuarta-reunion-del-grupo-especial-de-expertos-tecnicos-sobre-los-derechos-del-agricultor\\\/#primaryimage\"},\"image\":{\"@id\":\"https:\\\/\\\/www.foodsovereignty.org\\\/es\\\/sesion-de-apertura-cuarta-reunion-del-grupo-especial-de-expertos-tecnicos-sobre-los-derechos-del-agricultor\\\/#primaryimage\"},\"thumbnailUrl\":\"https:\\\/\\\/www.foodsovereignty.org\\\/wp-content\\\/uploads\\\/2024\\\/01\\\/IPC-ITPGRFA_Declaration.png\",\"datePublished\":\"2021-05-05T10:00:59+00:00\",\"dateModified\":\"2024-01-30T23:04:53+00:00\",\"author\":{\"@id\":\"https:\\\/\\\/www.foodsovereignty.org\\\/es\\\/#\\\/schema\\\/person\\\/2022da6fc0f89b23596d0a63d82b61e1\"},\"breadcrumb\":{\"@id\":\"https:\\\/\\\/www.foodsovereignty.org\\\/es\\\/sesion-de-apertura-cuarta-reunion-del-grupo-especial-de-expertos-tecnicos-sobre-los-derechos-del-agricultor\\\/#breadcrumb\"},\"inLanguage\":\"es\",\"potentialAction\":[{\"@type\":\"ReadAction\",\"target\":[\"https:\\\/\\\/www.foodsovereignty.org\\\/es\\\/sesion-de-apertura-cuarta-reunion-del-grupo-especial-de-expertos-tecnicos-sobre-los-derechos-del-agricultor\\\/\"]}]},{\"@type\":\"ImageObject\",\"inLanguage\":\"es\",\"@id\":\"https:\\\/\\\/www.foodsovereignty.org\\\/es\\\/sesion-de-apertura-cuarta-reunion-del-grupo-especial-de-expertos-tecnicos-sobre-los-derechos-del-agricultor\\\/#primaryimage\",\"url\":\"https:\\\/\\\/www.foodsovereignty.org\\\/wp-content\\\/uploads\\\/2024\\\/01\\\/IPC-ITPGRFA_Declaration.png\",\"contentUrl\":\"https:\\\/\\\/www.foodsovereignty.org\\\/wp-content\\\/uploads\\\/2024\\\/01\\\/IPC-ITPGRFA_Declaration.png\",\"width\":9000,\"height\":3165},{\"@type\":\"BreadcrumbList\",\"@id\":\"https:\\\/\\\/www.foodsovereignty.org\\\/es\\\/sesion-de-apertura-cuarta-reunion-del-grupo-especial-de-expertos-tecnicos-sobre-los-derechos-del-agricultor\\\/#breadcrumb\",\"itemListElement\":[{\"@type\":\"ListItem\",\"position\":1,\"name\":\"Home\",\"item\":\"https:\\\/\\\/www.foodsovereignty.org\\\/es\\\/\"},{\"@type\":\"ListItem\",\"position\":2,\"name\":\"Sesi\u00f3n de apertura: Cuarta reuni\u00f3n del Grupo especial de expertos t\u00e9cnicos sobre los derechos del agricultor\"}]},{\"@type\":\"WebSite\",\"@id\":\"https:\\\/\\\/www.foodsovereignty.org\\\/es\\\/#website\",\"url\":\"https:\\\/\\\/www.foodsovereignty.org\\\/es\\\/\",\"name\":\"International Planning Committee for Food Sovereignty (IPC)\",\"description\":\"\",\"potentialAction\":[{\"@type\":\"SearchAction\",\"target\":{\"@type\":\"EntryPoint\",\"urlTemplate\":\"https:\\\/\\\/www.foodsovereignty.org\\\/es\\\/?s={search_term_string}\"},\"query-input\":{\"@type\":\"PropertyValueSpecification\",\"valueRequired\":true,\"valueName\":\"search_term_string\"}}],\"inLanguage\":\"es\"},{\"@type\":\"Person\",\"@id\":\"https:\\\/\\\/www.foodsovereignty.org\\\/es\\\/#\\\/schema\\\/person\\\/2022da6fc0f89b23596d0a63d82b61e1\",\"name\":\"ipc_staging\",\"image\":{\"@type\":\"ImageObject\",\"inLanguage\":\"es\",\"@id\":\"https:\\\/\\\/secure.gravatar.com\\\/avatar\\\/fce93258e0a23ad6ba66052185f81fce65925c41d889b9d1b920a76951c434af?s=96&d=mm&r=g\",\"url\":\"https:\\\/\\\/secure.gravatar.com\\\/avatar\\\/fce93258e0a23ad6ba66052185f81fce65925c41d889b9d1b920a76951c434af?s=96&d=mm&r=g\",\"contentUrl\":\"https:\\\/\\\/secure.gravatar.com\\\/avatar\\\/fce93258e0a23ad6ba66052185f81fce65925c41d889b9d1b920a76951c434af?s=96&d=mm&r=g\",\"caption\":\"ipc_staging\"},\"sameAs\":[\"http:\\\/\\\/_\"],\"url\":\"https:\\\/\\\/www.foodsovereignty.org\\\/es\\\/author\\\/ipc_staging\\\/\"}]}<\/script>\n<!-- \/ Yoast SEO plugin. -->","yoast_head_json":{"title":"Sesi\u00f3n de apertura: Cuarta reuni\u00f3n del Grupo especial de expertos t\u00e9cnicos sobre los derechos del agricultor - International Planning Committee for Food Sovereignty (IPC)","robots":{"index":"index","follow":"follow","max-snippet":"max-snippet:-1","max-image-preview":"max-image-preview:large","max-video-preview":"max-video-preview:-1"},"canonical":"https:\/\/www.foodsovereignty.org\/es\/sesion-de-apertura-cuarta-reunion-del-grupo-especial-de-expertos-tecnicos-sobre-los-derechos-del-agricultor\/","og_locale":"es_ES","og_type":"article","og_title":"Sesi\u00f3n de apertura: Cuarta reuni\u00f3n del Grupo especial de expertos t\u00e9cnicos sobre los derechos del agricultor - International Planning Committee for Food Sovereignty (IPC)","og_description":"La cuarta reuni\u00f3n del Grupo de Expertos T\u00e9cnicos Ad Hoc (AHTEG) sobre los Derechos del Agricultor del Tratado Internacional sobre los Recursos Fitogen\u00e9ticos para la Alimentaci\u00f3n y la Agricultura (ITPGRFA) comenz\u00f3 oficialmente ayer 4 de mayo, con una agenda diaria de debates que se finalizar\u00e1 el 7 de mayo. El CIP participa en este importante [&hellip;]","og_url":"https:\/\/www.foodsovereignty.org\/es\/sesion-de-apertura-cuarta-reunion-del-grupo-especial-de-expertos-tecnicos-sobre-los-derechos-del-agricultor\/","og_site_name":"International Planning Committee for Food Sovereignty (IPC)","article_published_time":"2021-05-05T10:00:59+00:00","article_modified_time":"2024-01-30T23:04:53+00:00","og_image":[{"width":9000,"height":3165,"url":"https:\/\/www.foodsovereignty.org\/wp-content\/uploads\/2024\/01\/IPC-ITPGRFA_Declaration.png","type":"image\/png"}],"author":"ipc_staging","twitter_card":"summary_large_image","twitter_misc":{"Escrito por":"ipc_staging","Tiempo de lectura":"3 minutos"},"schema":{"@context":"https:\/\/schema.org","@graph":[{"@type":"Article","@id":"https:\/\/www.foodsovereignty.org\/es\/sesion-de-apertura-cuarta-reunion-del-grupo-especial-de-expertos-tecnicos-sobre-los-derechos-del-agricultor\/#article","isPartOf":{"@id":"https:\/\/www.foodsovereignty.org\/es\/sesion-de-apertura-cuarta-reunion-del-grupo-especial-de-expertos-tecnicos-sobre-los-derechos-del-agricultor\/"},"author":{"name":"ipc_staging","@id":"https:\/\/www.foodsovereignty.org\/es\/#\/schema\/person\/2022da6fc0f89b23596d0a63d82b61e1"},"headline":"Sesi\u00f3n de apertura: Cuarta reuni\u00f3n del Grupo especial de expertos t\u00e9cnicos sobre los derechos del agricultor","datePublished":"2021-05-05T10:00:59+00:00","dateModified":"2024-01-30T23:04:53+00:00","mainEntityOfPage":{"@id":"https:\/\/www.foodsovereignty.org\/es\/sesion-de-apertura-cuarta-reunion-del-grupo-especial-de-expertos-tecnicos-sobre-los-derechos-del-agricultor\/"},"wordCount":652,"image":{"@id":"https:\/\/www.foodsovereignty.org\/es\/sesion-de-apertura-cuarta-reunion-del-grupo-especial-de-expertos-tecnicos-sobre-los-derechos-del-agricultor\/#primaryimage"},"thumbnailUrl":"https:\/\/www.foodsovereignty.org\/wp-content\/uploads\/2024\/01\/IPC-ITPGRFA_Declaration.png","articleSection":["Noticias"],"inLanguage":"es"},{"@type":"WebPage","@id":"https:\/\/www.foodsovereignty.org\/es\/sesion-de-apertura-cuarta-reunion-del-grupo-especial-de-expertos-tecnicos-sobre-los-derechos-del-agricultor\/","url":"https:\/\/www.foodsovereignty.org\/es\/sesion-de-apertura-cuarta-reunion-del-grupo-especial-de-expertos-tecnicos-sobre-los-derechos-del-agricultor\/","name":"Sesi\u00f3n de apertura: Cuarta reuni\u00f3n del Grupo especial de expertos t\u00e9cnicos sobre los derechos del agricultor - International Planning Committee for Food Sovereignty (IPC)","isPartOf":{"@id":"https:\/\/www.foodsovereignty.org\/es\/#website"},"primaryImageOfPage":{"@id":"https:\/\/www.foodsovereignty.org\/es\/sesion-de-apertura-cuarta-reunion-del-grupo-especial-de-expertos-tecnicos-sobre-los-derechos-del-agricultor\/#primaryimage"},"image":{"@id":"https:\/\/www.foodsovereignty.org\/es\/sesion-de-apertura-cuarta-reunion-del-grupo-especial-de-expertos-tecnicos-sobre-los-derechos-del-agricultor\/#primaryimage"},"thumbnailUrl":"https:\/\/www.foodsovereignty.org\/wp-content\/uploads\/2024\/01\/IPC-ITPGRFA_Declaration.png","datePublished":"2021-05-05T10:00:59+00:00","dateModified":"2024-01-30T23:04:53+00:00","author":{"@id":"https:\/\/www.foodsovereignty.org\/es\/#\/schema\/person\/2022da6fc0f89b23596d0a63d82b61e1"},"breadcrumb":{"@id":"https:\/\/www.foodsovereignty.org\/es\/sesion-de-apertura-cuarta-reunion-del-grupo-especial-de-expertos-tecnicos-sobre-los-derechos-del-agricultor\/#breadcrumb"},"inLanguage":"es","potentialAction":[{"@type":"ReadAction","target":["https:\/\/www.foodsovereignty.org\/es\/sesion-de-apertura-cuarta-reunion-del-grupo-especial-de-expertos-tecnicos-sobre-los-derechos-del-agricultor\/"]}]},{"@type":"ImageObject","inLanguage":"es","@id":"https:\/\/www.foodsovereignty.org\/es\/sesion-de-apertura-cuarta-reunion-del-grupo-especial-de-expertos-tecnicos-sobre-los-derechos-del-agricultor\/#primaryimage","url":"https:\/\/www.foodsovereignty.org\/wp-content\/uploads\/2024\/01\/IPC-ITPGRFA_Declaration.png","contentUrl":"https:\/\/www.foodsovereignty.org\/wp-content\/uploads\/2024\/01\/IPC-ITPGRFA_Declaration.png","width":9000,"height":3165},{"@type":"BreadcrumbList","@id":"https:\/\/www.foodsovereignty.org\/es\/sesion-de-apertura-cuarta-reunion-del-grupo-especial-de-expertos-tecnicos-sobre-los-derechos-del-agricultor\/#breadcrumb","itemListElement":[{"@type":"ListItem","position":1,"name":"Home","item":"https:\/\/www.foodsovereignty.org\/es\/"},{"@type":"ListItem","position":2,"name":"Sesi\u00f3n de apertura: Cuarta reuni\u00f3n del Grupo especial de expertos t\u00e9cnicos sobre los derechos del agricultor"}]},{"@type":"WebSite","@id":"https:\/\/www.foodsovereignty.org\/es\/#website","url":"https:\/\/www.foodsovereignty.org\/es\/","name":"International Planning Committee for Food Sovereignty (IPC)","description":"","potentialAction":[{"@type":"SearchAction","target":{"@type":"EntryPoint","urlTemplate":"https:\/\/www.foodsovereignty.org\/es\/?s={search_term_string}"},"query-input":{"@type":"PropertyValueSpecification","valueRequired":true,"valueName":"search_term_string"}}],"inLanguage":"es"},{"@type":"Person","@id":"https:\/\/www.foodsovereignty.org\/es\/#\/schema\/person\/2022da6fc0f89b23596d0a63d82b61e1","name":"ipc_staging","image":{"@type":"ImageObject","inLanguage":"es","@id":"https:\/\/secure.gravatar.com\/avatar\/fce93258e0a23ad6ba66052185f81fce65925c41d889b9d1b920a76951c434af?s=96&d=mm&r=g","url":"https:\/\/secure.gravatar.com\/avatar\/fce93258e0a23ad6ba66052185f81fce65925c41d889b9d1b920a76951c434af?s=96&d=mm&r=g","contentUrl":"https:\/\/secure.gravatar.com\/avatar\/fce93258e0a23ad6ba66052185f81fce65925c41d889b9d1b920a76951c434af?s=96&d=mm&r=g","caption":"ipc_staging"},"sameAs":["http:\/\/_"],"url":"https:\/\/www.foodsovereignty.org\/es\/author\/ipc_staging\/"}]}},"_links":{"self":[{"href":"https:\/\/www.foodsovereignty.org\/es\/wp-json\/wp\/v2\/posts\/2009","targetHints":{"allow":["GET"]}}],"collection":[{"href":"https:\/\/www.foodsovereignty.org\/es\/wp-json\/wp\/v2\/posts"}],"about":[{"href":"https:\/\/www.foodsovereignty.org\/es\/wp-json\/wp\/v2\/types\/post"}],"author":[{"embeddable":true,"href":"https:\/\/www.foodsovereignty.org\/es\/wp-json\/wp\/v2\/users\/1"}],"replies":[{"embeddable":true,"href":"https:\/\/www.foodsovereignty.org\/es\/wp-json\/wp\/v2\/comments?post=2009"}],"version-history":[{"count":1,"href":"https:\/\/www.foodsovereignty.org\/es\/wp-json\/wp\/v2\/posts\/2009\/revisions"}],"predecessor-version":[{"id":2791,"href":"https:\/\/www.foodsovereignty.org\/es\/wp-json\/wp\/v2\/posts\/2009\/revisions\/2791"}],"wp:featuredmedia":[{"embeddable":true,"href":"https:\/\/www.foodsovereignty.org\/es\/wp-json\/wp\/v2\/media\/2318"}],"wp:attachment":[{"href":"https:\/\/www.foodsovereignty.org\/es\/wp-json\/wp\/v2\/media?parent=2009"}],"wp:term":[{"taxonomy":"category","embeddable":true,"href":"https:\/\/www.foodsovereignty.org\/es\/wp-json\/wp\/v2\/categories?post=2009"},{"taxonomy":"post_tag","embeddable":true,"href":"https:\/\/www.foodsovereignty.org\/es\/wp-json\/wp\/v2\/tags?post=2009"}],"curies":[{"name":"wp","href":"https:\/\/api.w.org\/{rel}","templated":true}]}}