{"id":2016,"date":"2021-07-12T12:12:20","date_gmt":"2021-07-12T12:12:20","guid":{"rendered":"https:\/\/www.foodsovereignty.org\/declaracion-tras-la-asamblea-general-virtual\/"},"modified":"2024-01-30T23:05:11","modified_gmt":"2024-01-30T23:05:11","slug":"declaracion-tras-la-asamblea-general-virtual","status":"publish","type":"post","link":"https:\/\/www.foodsovereignty.org\/es\/declaracion-tras-la-asamblea-general-virtual\/","title":{"rendered":"Declaraci\u00f3n tras la Asamblea General Virtual"},"content":{"rendered":"<p><em>Como resultado de la Asamblea General Virtual del Comit\u00e9 Internacional de Planificaci\u00f3n para la Soberan\u00eda Alimentaria (IPC), realizada digitalmente los d\u00edas 21 y 28 de abril, 11 y 18 de mayo de 2021, la siguiente declaraci\u00f3n representa las opiniones de lxs peque\u00f1xs productorxs de alimentos y organizaciones de trabajadorxs rurales y movimientos sociales de base comunitaria que forman parte de la plataforma del CIP:<\/em>  &nbsp;  \u00abNosotros, les representantes de les campesinos y les agricultores familiares, les sin tierra, las mujeres y les j\u00f3venes rurales, les pescadores y les trabajadores de la pesca, los trabajadores agr\u00edcolas, les cazadores y les recolectores, les pastores y les ganaderos, los pueblos ind\u00edgenas y les consumidores de alimentos de todo el mundo, todos ellos miembros del CIP, nos hemos reunido virtualmente para avanzar en nuestra lucha por la soberan\u00eda alimentaria y la agroecolog\u00eda.  Esta asamblea general virtual marc\u00f3 un momento clave en nuestro compromiso.  Esta fue nuestra primera asamblea general que no pudimos celebrar f\u00edsicamente con nuestros compa\u00f1eros y compa\u00f1eras, hermanas y hermanos. Estas modalidades virtuales no son el m\u00e9rito de una tecnolog\u00eda innovadora, sino la consecuencia de la pandemia catastr\u00f3fica causada por el abuso del patriarcado capitalista y sus industrias extractivas sobre nuestros ecosistemas, nuestras sociedades y nuestras vidas.  En estos tiempos revueltos, las instituciones del mundo financiero e industrial, incapaces y sin voluntad de aprender, recuperar y mejorar de sus errores hist\u00f3ricos, est\u00e1n criminalizando y reprimiendo con sangre las leg\u00edtimas luchas de los pueblos por el acceso a los recursos y por los derechos humanos inalienables.  Nosotros, el CIP, sabemos que detr\u00e1s del grotesco impulso por m\u00e1s digitalizaci\u00f3n y m\u00e1s innovaci\u00f3n, est\u00e1 el crudo ataque del sector financiero, privado e industrial por el acaparamiento del capital, de los recursos, de los oc\u00e9anos y de la tierra.  Se ha demostrado que los sistemas alimentarios locales resilientes alimentan, dignifican y curan a la humanidad y a la naturaleza; pero, en lugar de avanzar hacia la transformaci\u00f3n necesaria, las \u00e9lites siguen ampliando su distancia con lo vivo. Aunque las clases dominantes del capitalismo se benefician de la desigualdad, la opresi\u00f3n y la muerte, y se esconden detr\u00e1s de sus privilegios y de la codicia(avidez?) del sistema que han creado, el camino hacia la transformaci\u00f3n necesaria es tan sencillo como revolucionario: la redistribuci\u00f3n de los recursos y la tierra al pueblo, la desmercantilizaci\u00f3n de los alimentos y el respeto de los derechos humanos.  Sabemos que no somos los \u00fanicos que nos oponemos a este statu quo mortal. La soberan\u00eda alimentaria y la agroecolog\u00eda son pr\u00e1cticas transformadoras fundamentales para los sistemas inclusivos, justos y resilientes. Por lo tanto, nuestra lucha por la transformaci\u00f3n sist\u00e9mica progresiva debe ser interseccional y coordinada dentro de las fuerzas aliadas.  Esta primera asamblea general virtual se convirti\u00f3 as\u00ed en una oportunidad para adoptar una nueva estrategia que va m\u00e1s all\u00e1 de los l\u00edmites de las instituciones agr\u00edcolas y alimentarias y de la lucha por la soberan\u00eda alimentaria y la propia agroecolog\u00eda.  Para ello, lanzamos un proceso de convergencia abierto, inclusivo, representativo y popular con otros movimientos que luchan por la justicia ambiental y social. Nos involucramos en estrategias colectivas para proponer la Soberan\u00eda Alimentaria y una visi\u00f3n renovada de las sociedades basadas en la soberan\u00eda alimentaria y popular, as\u00ed como v\u00edas para el cambio transformador, al tiempo que hacemos frente al capital global.  Reclamamos el espacio p\u00fablico como espacio colectivo donde podemos reunirnos, intercambiar, aprender y apoyarnos. El CIP est\u00e1 lanzando un proceso hacia el Encuentro Mundial de Soberan\u00eda Alimentaria de Ny\u00e9l\u00e9ni sobre soluciones basadas en la soberan\u00eda alimentaria para un cambio transformador, con nuestros aliados para la justicia social y medioambiental.  Mientras tanto, somos conscientes de que la financiaci\u00f3n de los movimientos sociales est\u00e1 disminuyendo y de que nuestros espacios institucionales leg\u00edtimos de participaci\u00f3n se est\u00e1n reduciendo: las empresas y las fundaciones filantr\u00f3picas est\u00e1n aumentando su influencia pol\u00edtica sobre las agendas de la ONU y de la FAO, mientras que los Estados miembros est\u00e1n abandonando progresivamente sus funciones, marginando a las instituciones multilaterales <em>de facto <\/em>y legitimando el cambio de un sistema de gobernanza multilateral a uno de m\u00faltiples partes interesadas.  En este contexto, las organizaciones miembros del CIP representan un activo clave para la experiencia de la FAO, el seguimiento local y la implementaci\u00f3n de programas, y nuestra colaboraci\u00f3n debe articularse en todos los espacios donde podemos y debemos tener el impacto m\u00e1s relevante en su lucha por apoyar la soberan\u00eda alimentaria, la agroecolog\u00eda y los peque\u00f1os productores de alimentos. Por lo tanto, el CIP reafirma con fuerza su compromiso de trabajar en colaboraci\u00f3n con la sede central y las oficinas regionales de la FAO.  &nbsp;  El CIP expresa su deseo de comprometerse con m\u00e1s impulso con el Decenio de las Naciones Unidas para la Agricultura Familiar (UNDAF) y reafirma su compromiso de defender y promover el Comit\u00e9 de Seguridad Alimentaria Mundial (CSA) de las Naciones Unidas con su Mecanismo para la Sociedad Civil y los Pueblos Ind\u00edgenas (MSC), y el Convenio sobre la Diversidad Biol\u00f3gica (CDB), as\u00ed como su voluntad de trabajar con otras agencias con sede en Roma (RBA) y en otros espacios institucionales y estrat\u00e9gicos.  En este contexto, el CIP se une al MSC y a otros actores cr\u00edticos contra la amenaza que supone la Cumbre de los Sistemas Alimentarios de la ONU de 2021. Por lo tanto, el CIP apoya la contra-cumbre del MSC en Roma en julio de 2021 y unir\u00e1 sus fuerzas para denunciar el intento de las corporaciones de cooptar los espacios internacionales de pol\u00edticas alimentarias y agr\u00edcolas, los movimientos sociales, sus personas y su lenguaje. Adem\u00e1s, el CIP denuncia la organizaci\u00f3n de espacios privados no democr\u00e1ticos paralelos para desvincular y subvertir el sistema multilateral representado por los RBA y el MSC.  Para garantizar que nuestras voces de base(grassroot) se escuchen y que se tenga en cuenta nuestras experiencias en la toma de decisiones, combinaremos nuestras luchas a nivel mundial con una mayor atenci\u00f3n a la gobernanza a nivel local, nacional y regional. Para hacer frente a estos retos, nos comprometemos a mejorar la comunicaci\u00f3n dentro y entre nuestros movimientos.  Por \u00faltimo, nos solidarizamos y rendimos homenaje a las luchas y sufrimientos de les campesinos indios, del pueblo colombiano y del pueblo palestino. Luchamos juntos contra la opresi\u00f3n neoliberal, neocolonial y racista, la limpieza \u00e9tnica y todas las formas de represi\u00f3n brutal a las que se enfrentan estos pueblos y comunidades que luchan por sus derechos y por un futuro justo para la naturaleza, para nosotros y para las generaciones futuras.  Poder para el pueblo y soberan\u00eda alimentaria, \u00a1ya!\u00bb<\/p>\n","protected":false},"excerpt":{"rendered":"<p>Como resultado de la Asamblea General Virtual del Comit\u00e9 Internacional de Planificaci\u00f3n para la Soberan\u00eda Alimentaria (IPC), realizada digitalmente los d\u00edas 21 y 28 de abril, 11 y 18 de mayo de 2021, la siguiente declaraci\u00f3n representa las opiniones de lxs peque\u00f1xs productorxs de alimentos y organizaciones de trabajadorxs rurales y movimientos sociales de base [&hellip;]<\/p>\n","protected":false},"author":1,"featured_media":2340,"comment_status":"closed","ping_status":"open","sticky":false,"template":"","format":"standard","meta":{"_acf_changed":false,"footnotes":""},"categories":[60],"tags":[],"class_list":["post-2016","post","type-post","status-publish","format-standard","has-post-thumbnail","hentry","category-noticias"],"acf":[],"yoast_head":"<!-- This site is optimized with the Yoast SEO plugin v27.4 - https:\/\/yoast.com\/product\/yoast-seo-wordpress\/ -->\n<title>Declaraci\u00f3n tras la Asamblea General Virtual - International Planning Committee for Food Sovereignty (IPC)<\/title>\n<meta name=\"robots\" content=\"index, follow, max-snippet:-1, max-image-preview:large, max-video-preview:-1\" \/>\n<link rel=\"canonical\" href=\"https:\/\/www.foodsovereignty.org\/es\/declaracion-tras-la-asamblea-general-virtual\/\" \/>\n<meta property=\"og:locale\" content=\"es_ES\" \/>\n<meta property=\"og:type\" content=\"article\" \/>\n<meta property=\"og:title\" content=\"Declaraci\u00f3n tras la Asamblea General Virtual - International Planning Committee for Food Sovereignty (IPC)\" \/>\n<meta property=\"og:description\" content=\"Como resultado de la Asamblea General Virtual del Comit\u00e9 Internacional de Planificaci\u00f3n para la Soberan\u00eda Alimentaria (IPC), realizada digitalmente los d\u00edas 21 y 28 de abril, 11 y 18 de mayo de 2021, la siguiente declaraci\u00f3n representa las opiniones de lxs peque\u00f1xs productorxs de alimentos y organizaciones de trabajadorxs rurales y movimientos sociales de base [&hellip;]\" \/>\n<meta property=\"og:url\" content=\"https:\/\/www.foodsovereignty.org\/es\/declaracion-tras-la-asamblea-general-virtual\/\" \/>\n<meta property=\"og:site_name\" content=\"International Planning Committee for Food Sovereignty (IPC)\" \/>\n<meta property=\"article:published_time\" content=\"2021-07-12T12:12:20+00:00\" \/>\n<meta property=\"article:modified_time\" content=\"2024-01-30T23:05:11+00:00\" \/>\n<meta property=\"og:image\" content=\"https:\/\/www.foodsovereignty.org\/wp-content\/uploads\/2024\/01\/VGM-statement-website.png\" \/>\n\t<meta property=\"og:image:width\" content=\"9000\" \/>\n\t<meta property=\"og:image:height\" content=\"3165\" \/>\n\t<meta property=\"og:image:type\" content=\"image\/png\" \/>\n<meta name=\"author\" content=\"ipc_staging\" \/>\n<meta name=\"twitter:card\" content=\"summary_large_image\" \/>\n<meta name=\"twitter:label1\" content=\"Escrito por\" \/>\n\t<meta name=\"twitter:data1\" content=\"ipc_staging\" \/>\n\t<meta name=\"twitter:label2\" content=\"Tiempo de lectura\" \/>\n\t<meta name=\"twitter:data2\" content=\"6 minutos\" \/>\n<script type=\"application\/ld+json\" class=\"yoast-schema-graph\">{\"@context\":\"https:\\\/\\\/schema.org\",\"@graph\":[{\"@type\":\"Article\",\"@id\":\"https:\\\/\\\/www.foodsovereignty.org\\\/es\\\/declaracion-tras-la-asamblea-general-virtual\\\/#article\",\"isPartOf\":{\"@id\":\"https:\\\/\\\/www.foodsovereignty.org\\\/es\\\/declaracion-tras-la-asamblea-general-virtual\\\/\"},\"author\":{\"name\":\"ipc_staging\",\"@id\":\"https:\\\/\\\/www.foodsovereignty.org\\\/es\\\/#\\\/schema\\\/person\\\/2022da6fc0f89b23596d0a63d82b61e1\"},\"headline\":\"Declaraci\u00f3n tras la Asamblea General Virtual\",\"datePublished\":\"2021-07-12T12:12:20+00:00\",\"dateModified\":\"2024-01-30T23:05:11+00:00\",\"mainEntityOfPage\":{\"@id\":\"https:\\\/\\\/www.foodsovereignty.org\\\/es\\\/declaracion-tras-la-asamblea-general-virtual\\\/\"},\"wordCount\":1168,\"image\":{\"@id\":\"https:\\\/\\\/www.foodsovereignty.org\\\/es\\\/declaracion-tras-la-asamblea-general-virtual\\\/#primaryimage\"},\"thumbnailUrl\":\"https:\\\/\\\/www.foodsovereignty.org\\\/wp-content\\\/uploads\\\/2024\\\/01\\\/VGM-statement-website.png\",\"articleSection\":[\"Noticias\"],\"inLanguage\":\"es\"},{\"@type\":\"WebPage\",\"@id\":\"https:\\\/\\\/www.foodsovereignty.org\\\/es\\\/declaracion-tras-la-asamblea-general-virtual\\\/\",\"url\":\"https:\\\/\\\/www.foodsovereignty.org\\\/es\\\/declaracion-tras-la-asamblea-general-virtual\\\/\",\"name\":\"Declaraci\u00f3n tras la Asamblea General Virtual - International Planning Committee for Food Sovereignty (IPC)\",\"isPartOf\":{\"@id\":\"https:\\\/\\\/www.foodsovereignty.org\\\/es\\\/#website\"},\"primaryImageOfPage\":{\"@id\":\"https:\\\/\\\/www.foodsovereignty.org\\\/es\\\/declaracion-tras-la-asamblea-general-virtual\\\/#primaryimage\"},\"image\":{\"@id\":\"https:\\\/\\\/www.foodsovereignty.org\\\/es\\\/declaracion-tras-la-asamblea-general-virtual\\\/#primaryimage\"},\"thumbnailUrl\":\"https:\\\/\\\/www.foodsovereignty.org\\\/wp-content\\\/uploads\\\/2024\\\/01\\\/VGM-statement-website.png\",\"datePublished\":\"2021-07-12T12:12:20+00:00\",\"dateModified\":\"2024-01-30T23:05:11+00:00\",\"author\":{\"@id\":\"https:\\\/\\\/www.foodsovereignty.org\\\/es\\\/#\\\/schema\\\/person\\\/2022da6fc0f89b23596d0a63d82b61e1\"},\"breadcrumb\":{\"@id\":\"https:\\\/\\\/www.foodsovereignty.org\\\/es\\\/declaracion-tras-la-asamblea-general-virtual\\\/#breadcrumb\"},\"inLanguage\":\"es\",\"potentialAction\":[{\"@type\":\"ReadAction\",\"target\":[\"https:\\\/\\\/www.foodsovereignty.org\\\/es\\\/declaracion-tras-la-asamblea-general-virtual\\\/\"]}]},{\"@type\":\"ImageObject\",\"inLanguage\":\"es\",\"@id\":\"https:\\\/\\\/www.foodsovereignty.org\\\/es\\\/declaracion-tras-la-asamblea-general-virtual\\\/#primaryimage\",\"url\":\"https:\\\/\\\/www.foodsovereignty.org\\\/wp-content\\\/uploads\\\/2024\\\/01\\\/VGM-statement-website.png\",\"contentUrl\":\"https:\\\/\\\/www.foodsovereignty.org\\\/wp-content\\\/uploads\\\/2024\\\/01\\\/VGM-statement-website.png\",\"width\":9000,\"height\":3165},{\"@type\":\"BreadcrumbList\",\"@id\":\"https:\\\/\\\/www.foodsovereignty.org\\\/es\\\/declaracion-tras-la-asamblea-general-virtual\\\/#breadcrumb\",\"itemListElement\":[{\"@type\":\"ListItem\",\"position\":1,\"name\":\"Home\",\"item\":\"https:\\\/\\\/www.foodsovereignty.org\\\/es\\\/\"},{\"@type\":\"ListItem\",\"position\":2,\"name\":\"Declaraci\u00f3n tras la Asamblea General Virtual\"}]},{\"@type\":\"WebSite\",\"@id\":\"https:\\\/\\\/www.foodsovereignty.org\\\/es\\\/#website\",\"url\":\"https:\\\/\\\/www.foodsovereignty.org\\\/es\\\/\",\"name\":\"International Planning Committee for Food Sovereignty (IPC)\",\"description\":\"\",\"potentialAction\":[{\"@type\":\"SearchAction\",\"target\":{\"@type\":\"EntryPoint\",\"urlTemplate\":\"https:\\\/\\\/www.foodsovereignty.org\\\/es\\\/?s={search_term_string}\"},\"query-input\":{\"@type\":\"PropertyValueSpecification\",\"valueRequired\":true,\"valueName\":\"search_term_string\"}}],\"inLanguage\":\"es\"},{\"@type\":\"Person\",\"@id\":\"https:\\\/\\\/www.foodsovereignty.org\\\/es\\\/#\\\/schema\\\/person\\\/2022da6fc0f89b23596d0a63d82b61e1\",\"name\":\"ipc_staging\",\"image\":{\"@type\":\"ImageObject\",\"inLanguage\":\"es\",\"@id\":\"https:\\\/\\\/secure.gravatar.com\\\/avatar\\\/fce93258e0a23ad6ba66052185f81fce65925c41d889b9d1b920a76951c434af?s=96&d=mm&r=g\",\"url\":\"https:\\\/\\\/secure.gravatar.com\\\/avatar\\\/fce93258e0a23ad6ba66052185f81fce65925c41d889b9d1b920a76951c434af?s=96&d=mm&r=g\",\"contentUrl\":\"https:\\\/\\\/secure.gravatar.com\\\/avatar\\\/fce93258e0a23ad6ba66052185f81fce65925c41d889b9d1b920a76951c434af?s=96&d=mm&r=g\",\"caption\":\"ipc_staging\"},\"sameAs\":[\"http:\\\/\\\/_\"],\"url\":\"https:\\\/\\\/www.foodsovereignty.org\\\/es\\\/author\\\/ipc_staging\\\/\"}]}<\/script>\n<!-- \/ Yoast SEO plugin. -->","yoast_head_json":{"title":"Declaraci\u00f3n tras la Asamblea General Virtual - International Planning Committee for Food Sovereignty (IPC)","robots":{"index":"index","follow":"follow","max-snippet":"max-snippet:-1","max-image-preview":"max-image-preview:large","max-video-preview":"max-video-preview:-1"},"canonical":"https:\/\/www.foodsovereignty.org\/es\/declaracion-tras-la-asamblea-general-virtual\/","og_locale":"es_ES","og_type":"article","og_title":"Declaraci\u00f3n tras la Asamblea General Virtual - International Planning Committee for Food Sovereignty (IPC)","og_description":"Como resultado de la Asamblea General Virtual del Comit\u00e9 Internacional de Planificaci\u00f3n para la Soberan\u00eda Alimentaria (IPC), realizada digitalmente los d\u00edas 21 y 28 de abril, 11 y 18 de mayo de 2021, la siguiente declaraci\u00f3n representa las opiniones de lxs peque\u00f1xs productorxs de alimentos y organizaciones de trabajadorxs rurales y movimientos sociales de base [&hellip;]","og_url":"https:\/\/www.foodsovereignty.org\/es\/declaracion-tras-la-asamblea-general-virtual\/","og_site_name":"International Planning Committee for Food Sovereignty (IPC)","article_published_time":"2021-07-12T12:12:20+00:00","article_modified_time":"2024-01-30T23:05:11+00:00","og_image":[{"width":9000,"height":3165,"url":"https:\/\/www.foodsovereignty.org\/wp-content\/uploads\/2024\/01\/VGM-statement-website.png","type":"image\/png"}],"author":"ipc_staging","twitter_card":"summary_large_image","twitter_misc":{"Escrito por":"ipc_staging","Tiempo de lectura":"6 minutos"},"schema":{"@context":"https:\/\/schema.org","@graph":[{"@type":"Article","@id":"https:\/\/www.foodsovereignty.org\/es\/declaracion-tras-la-asamblea-general-virtual\/#article","isPartOf":{"@id":"https:\/\/www.foodsovereignty.org\/es\/declaracion-tras-la-asamblea-general-virtual\/"},"author":{"name":"ipc_staging","@id":"https:\/\/www.foodsovereignty.org\/es\/#\/schema\/person\/2022da6fc0f89b23596d0a63d82b61e1"},"headline":"Declaraci\u00f3n tras la Asamblea General Virtual","datePublished":"2021-07-12T12:12:20+00:00","dateModified":"2024-01-30T23:05:11+00:00","mainEntityOfPage":{"@id":"https:\/\/www.foodsovereignty.org\/es\/declaracion-tras-la-asamblea-general-virtual\/"},"wordCount":1168,"image":{"@id":"https:\/\/www.foodsovereignty.org\/es\/declaracion-tras-la-asamblea-general-virtual\/#primaryimage"},"thumbnailUrl":"https:\/\/www.foodsovereignty.org\/wp-content\/uploads\/2024\/01\/VGM-statement-website.png","articleSection":["Noticias"],"inLanguage":"es"},{"@type":"WebPage","@id":"https:\/\/www.foodsovereignty.org\/es\/declaracion-tras-la-asamblea-general-virtual\/","url":"https:\/\/www.foodsovereignty.org\/es\/declaracion-tras-la-asamblea-general-virtual\/","name":"Declaraci\u00f3n tras la Asamblea General Virtual - International Planning Committee for Food Sovereignty (IPC)","isPartOf":{"@id":"https:\/\/www.foodsovereignty.org\/es\/#website"},"primaryImageOfPage":{"@id":"https:\/\/www.foodsovereignty.org\/es\/declaracion-tras-la-asamblea-general-virtual\/#primaryimage"},"image":{"@id":"https:\/\/www.foodsovereignty.org\/es\/declaracion-tras-la-asamblea-general-virtual\/#primaryimage"},"thumbnailUrl":"https:\/\/www.foodsovereignty.org\/wp-content\/uploads\/2024\/01\/VGM-statement-website.png","datePublished":"2021-07-12T12:12:20+00:00","dateModified":"2024-01-30T23:05:11+00:00","author":{"@id":"https:\/\/www.foodsovereignty.org\/es\/#\/schema\/person\/2022da6fc0f89b23596d0a63d82b61e1"},"breadcrumb":{"@id":"https:\/\/www.foodsovereignty.org\/es\/declaracion-tras-la-asamblea-general-virtual\/#breadcrumb"},"inLanguage":"es","potentialAction":[{"@type":"ReadAction","target":["https:\/\/www.foodsovereignty.org\/es\/declaracion-tras-la-asamblea-general-virtual\/"]}]},{"@type":"ImageObject","inLanguage":"es","@id":"https:\/\/www.foodsovereignty.org\/es\/declaracion-tras-la-asamblea-general-virtual\/#primaryimage","url":"https:\/\/www.foodsovereignty.org\/wp-content\/uploads\/2024\/01\/VGM-statement-website.png","contentUrl":"https:\/\/www.foodsovereignty.org\/wp-content\/uploads\/2024\/01\/VGM-statement-website.png","width":9000,"height":3165},{"@type":"BreadcrumbList","@id":"https:\/\/www.foodsovereignty.org\/es\/declaracion-tras-la-asamblea-general-virtual\/#breadcrumb","itemListElement":[{"@type":"ListItem","position":1,"name":"Home","item":"https:\/\/www.foodsovereignty.org\/es\/"},{"@type":"ListItem","position":2,"name":"Declaraci\u00f3n tras la Asamblea General Virtual"}]},{"@type":"WebSite","@id":"https:\/\/www.foodsovereignty.org\/es\/#website","url":"https:\/\/www.foodsovereignty.org\/es\/","name":"International Planning Committee for Food Sovereignty (IPC)","description":"","potentialAction":[{"@type":"SearchAction","target":{"@type":"EntryPoint","urlTemplate":"https:\/\/www.foodsovereignty.org\/es\/?s={search_term_string}"},"query-input":{"@type":"PropertyValueSpecification","valueRequired":true,"valueName":"search_term_string"}}],"inLanguage":"es"},{"@type":"Person","@id":"https:\/\/www.foodsovereignty.org\/es\/#\/schema\/person\/2022da6fc0f89b23596d0a63d82b61e1","name":"ipc_staging","image":{"@type":"ImageObject","inLanguage":"es","@id":"https:\/\/secure.gravatar.com\/avatar\/fce93258e0a23ad6ba66052185f81fce65925c41d889b9d1b920a76951c434af?s=96&d=mm&r=g","url":"https:\/\/secure.gravatar.com\/avatar\/fce93258e0a23ad6ba66052185f81fce65925c41d889b9d1b920a76951c434af?s=96&d=mm&r=g","contentUrl":"https:\/\/secure.gravatar.com\/avatar\/fce93258e0a23ad6ba66052185f81fce65925c41d889b9d1b920a76951c434af?s=96&d=mm&r=g","caption":"ipc_staging"},"sameAs":["http:\/\/_"],"url":"https:\/\/www.foodsovereignty.org\/es\/author\/ipc_staging\/"}]}},"_links":{"self":[{"href":"https:\/\/www.foodsovereignty.org\/es\/wp-json\/wp\/v2\/posts\/2016","targetHints":{"allow":["GET"]}}],"collection":[{"href":"https:\/\/www.foodsovereignty.org\/es\/wp-json\/wp\/v2\/posts"}],"about":[{"href":"https:\/\/www.foodsovereignty.org\/es\/wp-json\/wp\/v2\/types\/post"}],"author":[{"embeddable":true,"href":"https:\/\/www.foodsovereignty.org\/es\/wp-json\/wp\/v2\/users\/1"}],"replies":[{"embeddable":true,"href":"https:\/\/www.foodsovereignty.org\/es\/wp-json\/wp\/v2\/comments?post=2016"}],"version-history":[{"count":1,"href":"https:\/\/www.foodsovereignty.org\/es\/wp-json\/wp\/v2\/posts\/2016\/revisions"}],"predecessor-version":[{"id":2807,"href":"https:\/\/www.foodsovereignty.org\/es\/wp-json\/wp\/v2\/posts\/2016\/revisions\/2807"}],"wp:featuredmedia":[{"embeddable":true,"href":"https:\/\/www.foodsovereignty.org\/es\/wp-json\/wp\/v2\/media\/2340"}],"wp:attachment":[{"href":"https:\/\/www.foodsovereignty.org\/es\/wp-json\/wp\/v2\/media?parent=2016"}],"wp:term":[{"taxonomy":"category","embeddable":true,"href":"https:\/\/www.foodsovereignty.org\/es\/wp-json\/wp\/v2\/categories?post=2016"},{"taxonomy":"post_tag","embeddable":true,"href":"https:\/\/www.foodsovereignty.org\/es\/wp-json\/wp\/v2\/tags?post=2016"}],"curies":[{"name":"wp","href":"https:\/\/api.w.org\/{rel}","templated":true}]}}