{"id":2022,"date":"2021-08-03T15:07:32","date_gmt":"2021-08-03T15:07:32","guid":{"rendered":"https:\/\/www.foodsovereignty.org\/21603\/"},"modified":"2024-01-30T23:05:17","modified_gmt":"2024-01-30T23:05:17","slug":"21603","status":"publish","type":"post","link":"https:\/\/www.foodsovereignty.org\/es\/21603\/","title":{"rendered":"El movimiento por la Soberan\u00eda Alimentaria pierde a uno de sus principales impulsores: Mario Ahumada"},"content":{"rendered":"<p>Hermanas y hermanos, hace apenas un mes que nuestro hermano Mario Ahumada nos escribi\u00f3 el siguiente mensaje, con motivo de su cumplea\u00f1os: <\/p>\n<blockquote><p><em>\u00abA mis especiales y queridos amigos\/as, colegas veterinarios, compa\u00f1eros\/as de la Universidad de Chile, compa\u00f1eros\/as de trabajo y alumnos\/as de la U. Vi\u00f1a del Mar, mi mam\u00e1 y Maru que est\u00e1n en el cielo, a mis hermanas, primas, primos, sobrinas\/os, nietos, yernos, nueras, cu\u00f1ados y en especial a Eduardo, Mario, Jacqueline, Carla, Cami y Bety, muchas gracias por el maravilloso d\u00eda que me han brindado con sus saludos, atenciones y regalos. Me he sentido muy acompa\u00f1ado a pesar de las dif\u00edciles circunstancias de salud por las que estoy pasando y tratando de asumir y vivir con el mejor \u00e1nimo, gracias, gracias, gracias, los quiero mucho y su cari\u00f1o y preocupaci\u00f3n me ayudan much\u00edsimo!!!!!!\u00bb <\/em><\/p><\/blockquote>\n<p> Ahora, nos enteramos de su lamentable fallecimiento. Nos encontramos con profundo dolor, consternaci\u00f3n y tristeza por su irreparable p\u00e9rdida. El movimiento por la Soberan\u00eda Alimentaria pierde a uno de sus principales impulsores. Mario Ahumada fue parte importante en la construcci\u00f3n del Comit\u00e9 Internacional de Planificaci\u00f3n por la Soberan\u00eda Alimentaria (CIP) y de la lucha por la Agroecolog\u00eda en Am\u00e9rica Latina y a nivel Global.  Las semillas de sue\u00f1os y esperanzas que sembr\u00f3, seguir\u00e1n germinando en muchas partes del mundo y en especial en Latinoam\u00e9rica.  &nbsp; <\/p>\n<h3 style=\"text-align: center;\">\u00a1Hasta siempre compa\u00f1ero Mario Ahumada!. Que en paz descanse!<\/h3>\n","protected":false},"excerpt":{"rendered":"<p>Hermanas y hermanos, hace apenas un mes que nuestro hermano Mario Ahumada nos escribi\u00f3 el siguiente mensaje, con motivo de su cumplea\u00f1os: \u00abA mis especiales y queridos amigos\/as, colegas veterinarios, compa\u00f1eros\/as de la Universidad de Chile, compa\u00f1eros\/as de trabajo y alumnos\/as de la U. Vi\u00f1a del Mar, mi mam\u00e1 y Maru que est\u00e1n en el [&hellip;]<\/p>\n","protected":false},"author":1,"featured_media":2344,"comment_status":"closed","ping_status":"open","sticky":false,"template":"","format":"standard","meta":{"_acf_changed":false,"footnotes":""},"categories":[61,60],"tags":[],"class_list":["post-2022","post","type-post","status-publish","format-standard","has-post-thumbnail","hentry","category-eventos","category-noticias","regional_processes_tax-latin-america-caribbean"],"acf":[],"yoast_head":"<!-- This site is optimized with the Yoast SEO plugin v27.4 - https:\/\/yoast.com\/product\/yoast-seo-wordpress\/ -->\n<title>El movimiento por la Soberan\u00eda Alimentaria pierde a uno de sus principales impulsores: Mario Ahumada - International Planning Committee for Food Sovereignty (IPC)<\/title>\n<meta name=\"robots\" content=\"index, follow, max-snippet:-1, max-image-preview:large, max-video-preview:-1\" \/>\n<link rel=\"canonical\" href=\"https:\/\/www.foodsovereignty.org\/es\/21603\/\" \/>\n<meta property=\"og:locale\" content=\"es_ES\" \/>\n<meta property=\"og:type\" content=\"article\" \/>\n<meta property=\"og:title\" content=\"El movimiento por la Soberan\u00eda Alimentaria pierde a uno de sus principales impulsores: Mario Ahumada - International Planning Committee for Food Sovereignty (IPC)\" \/>\n<meta property=\"og:description\" content=\"Hermanas y hermanos, hace apenas un mes que nuestro hermano Mario Ahumada nos escribi\u00f3 el siguiente mensaje, con motivo de su cumplea\u00f1os: \u00abA mis especiales y queridos amigos\/as, colegas veterinarios, compa\u00f1eros\/as de la Universidad de Chile, compa\u00f1eros\/as de trabajo y alumnos\/as de la U. Vi\u00f1a del Mar, mi mam\u00e1 y Maru que est\u00e1n en el [&hellip;]\" \/>\n<meta property=\"og:url\" content=\"https:\/\/www.foodsovereignty.org\/es\/21603\/\" \/>\n<meta property=\"og:site_name\" content=\"International Planning Committee for Food Sovereignty (IPC)\" \/>\n<meta property=\"article:published_time\" content=\"2021-08-03T15:07:32+00:00\" \/>\n<meta property=\"article:modified_time\" content=\"2024-01-30T23:05:17+00:00\" \/>\n<meta property=\"og:image\" content=\"https:\/\/www.foodsovereignty.org\/wp-content\/uploads\/2024\/01\/candle.jpg\" \/>\n\t<meta property=\"og:image:width\" content=\"612\" \/>\n\t<meta property=\"og:image:height\" content=\"408\" \/>\n\t<meta property=\"og:image:type\" content=\"image\/jpeg\" \/>\n<meta name=\"author\" content=\"ipc_staging\" \/>\n<meta name=\"twitter:card\" content=\"summary_large_image\" \/>\n<meta name=\"twitter:label1\" content=\"Escrito por\" \/>\n\t<meta name=\"twitter:data1\" content=\"ipc_staging\" \/>\n\t<meta name=\"twitter:label2\" content=\"Tiempo de lectura\" \/>\n\t<meta name=\"twitter:data2\" content=\"1 minuto\" \/>\n<script type=\"application\/ld+json\" class=\"yoast-schema-graph\">{\"@context\":\"https:\\\/\\\/schema.org\",\"@graph\":[{\"@type\":\"Article\",\"@id\":\"https:\\\/\\\/www.foodsovereignty.org\\\/es\\\/21603\\\/#article\",\"isPartOf\":{\"@id\":\"https:\\\/\\\/www.foodsovereignty.org\\\/es\\\/21603\\\/\"},\"author\":{\"name\":\"ipc_staging\",\"@id\":\"https:\\\/\\\/www.foodsovereignty.org\\\/es\\\/#\\\/schema\\\/person\\\/2022da6fc0f89b23596d0a63d82b61e1\"},\"headline\":\"El movimiento por la Soberan\u00eda Alimentaria pierde a uno de sus principales impulsores: Mario Ahumada\",\"datePublished\":\"2021-08-03T15:07:32+00:00\",\"dateModified\":\"2024-01-30T23:05:17+00:00\",\"mainEntityOfPage\":{\"@id\":\"https:\\\/\\\/www.foodsovereignty.org\\\/es\\\/21603\\\/\"},\"wordCount\":274,\"image\":{\"@id\":\"https:\\\/\\\/www.foodsovereignty.org\\\/es\\\/21603\\\/#primaryimage\"},\"thumbnailUrl\":\"https:\\\/\\\/www.foodsovereignty.org\\\/wp-content\\\/uploads\\\/2024\\\/01\\\/candle.jpg\",\"articleSection\":[\"Eventos\",\"Noticias\"],\"inLanguage\":\"es\"},{\"@type\":\"WebPage\",\"@id\":\"https:\\\/\\\/www.foodsovereignty.org\\\/es\\\/21603\\\/\",\"url\":\"https:\\\/\\\/www.foodsovereignty.org\\\/es\\\/21603\\\/\",\"name\":\"El movimiento por la Soberan\u00eda Alimentaria pierde a uno de sus principales impulsores: Mario Ahumada - International Planning Committee for Food Sovereignty (IPC)\",\"isPartOf\":{\"@id\":\"https:\\\/\\\/www.foodsovereignty.org\\\/es\\\/#website\"},\"primaryImageOfPage\":{\"@id\":\"https:\\\/\\\/www.foodsovereignty.org\\\/es\\\/21603\\\/#primaryimage\"},\"image\":{\"@id\":\"https:\\\/\\\/www.foodsovereignty.org\\\/es\\\/21603\\\/#primaryimage\"},\"thumbnailUrl\":\"https:\\\/\\\/www.foodsovereignty.org\\\/wp-content\\\/uploads\\\/2024\\\/01\\\/candle.jpg\",\"datePublished\":\"2021-08-03T15:07:32+00:00\",\"dateModified\":\"2024-01-30T23:05:17+00:00\",\"author\":{\"@id\":\"https:\\\/\\\/www.foodsovereignty.org\\\/es\\\/#\\\/schema\\\/person\\\/2022da6fc0f89b23596d0a63d82b61e1\"},\"breadcrumb\":{\"@id\":\"https:\\\/\\\/www.foodsovereignty.org\\\/es\\\/21603\\\/#breadcrumb\"},\"inLanguage\":\"es\",\"potentialAction\":[{\"@type\":\"ReadAction\",\"target\":[\"https:\\\/\\\/www.foodsovereignty.org\\\/es\\\/21603\\\/\"]}]},{\"@type\":\"ImageObject\",\"inLanguage\":\"es\",\"@id\":\"https:\\\/\\\/www.foodsovereignty.org\\\/es\\\/21603\\\/#primaryimage\",\"url\":\"https:\\\/\\\/www.foodsovereignty.org\\\/wp-content\\\/uploads\\\/2024\\\/01\\\/candle.jpg\",\"contentUrl\":\"https:\\\/\\\/www.foodsovereignty.org\\\/wp-content\\\/uploads\\\/2024\\\/01\\\/candle.jpg\",\"width\":612,\"height\":408},{\"@type\":\"BreadcrumbList\",\"@id\":\"https:\\\/\\\/www.foodsovereignty.org\\\/es\\\/21603\\\/#breadcrumb\",\"itemListElement\":[{\"@type\":\"ListItem\",\"position\":1,\"name\":\"Home\",\"item\":\"https:\\\/\\\/www.foodsovereignty.org\\\/es\\\/\"},{\"@type\":\"ListItem\",\"position\":2,\"name\":\"El movimiento por la Soberan\u00eda Alimentaria pierde a uno de sus principales impulsores: Mario Ahumada\"}]},{\"@type\":\"WebSite\",\"@id\":\"https:\\\/\\\/www.foodsovereignty.org\\\/es\\\/#website\",\"url\":\"https:\\\/\\\/www.foodsovereignty.org\\\/es\\\/\",\"name\":\"International Planning Committee for Food Sovereignty (IPC)\",\"description\":\"\",\"potentialAction\":[{\"@type\":\"SearchAction\",\"target\":{\"@type\":\"EntryPoint\",\"urlTemplate\":\"https:\\\/\\\/www.foodsovereignty.org\\\/es\\\/?s={search_term_string}\"},\"query-input\":{\"@type\":\"PropertyValueSpecification\",\"valueRequired\":true,\"valueName\":\"search_term_string\"}}],\"inLanguage\":\"es\"},{\"@type\":\"Person\",\"@id\":\"https:\\\/\\\/www.foodsovereignty.org\\\/es\\\/#\\\/schema\\\/person\\\/2022da6fc0f89b23596d0a63d82b61e1\",\"name\":\"ipc_staging\",\"image\":{\"@type\":\"ImageObject\",\"inLanguage\":\"es\",\"@id\":\"https:\\\/\\\/secure.gravatar.com\\\/avatar\\\/fce93258e0a23ad6ba66052185f81fce65925c41d889b9d1b920a76951c434af?s=96&d=mm&r=g\",\"url\":\"https:\\\/\\\/secure.gravatar.com\\\/avatar\\\/fce93258e0a23ad6ba66052185f81fce65925c41d889b9d1b920a76951c434af?s=96&d=mm&r=g\",\"contentUrl\":\"https:\\\/\\\/secure.gravatar.com\\\/avatar\\\/fce93258e0a23ad6ba66052185f81fce65925c41d889b9d1b920a76951c434af?s=96&d=mm&r=g\",\"caption\":\"ipc_staging\"},\"sameAs\":[\"http:\\\/\\\/_\"],\"url\":\"https:\\\/\\\/www.foodsovereignty.org\\\/es\\\/author\\\/ipc_staging\\\/\"}]}<\/script>\n<!-- \/ Yoast SEO plugin. -->","yoast_head_json":{"title":"El movimiento por la Soberan\u00eda Alimentaria pierde a uno de sus principales impulsores: Mario Ahumada - International Planning Committee for Food Sovereignty (IPC)","robots":{"index":"index","follow":"follow","max-snippet":"max-snippet:-1","max-image-preview":"max-image-preview:large","max-video-preview":"max-video-preview:-1"},"canonical":"https:\/\/www.foodsovereignty.org\/es\/21603\/","og_locale":"es_ES","og_type":"article","og_title":"El movimiento por la Soberan\u00eda Alimentaria pierde a uno de sus principales impulsores: Mario Ahumada - International Planning Committee for Food Sovereignty (IPC)","og_description":"Hermanas y hermanos, hace apenas un mes que nuestro hermano Mario Ahumada nos escribi\u00f3 el siguiente mensaje, con motivo de su cumplea\u00f1os: \u00abA mis especiales y queridos amigos\/as, colegas veterinarios, compa\u00f1eros\/as de la Universidad de Chile, compa\u00f1eros\/as de trabajo y alumnos\/as de la U. Vi\u00f1a del Mar, mi mam\u00e1 y Maru que est\u00e1n en el [&hellip;]","og_url":"https:\/\/www.foodsovereignty.org\/es\/21603\/","og_site_name":"International Planning Committee for Food Sovereignty (IPC)","article_published_time":"2021-08-03T15:07:32+00:00","article_modified_time":"2024-01-30T23:05:17+00:00","og_image":[{"width":612,"height":408,"url":"https:\/\/www.foodsovereignty.org\/wp-content\/uploads\/2024\/01\/candle.jpg","type":"image\/jpeg"}],"author":"ipc_staging","twitter_card":"summary_large_image","twitter_misc":{"Escrito por":"ipc_staging","Tiempo de lectura":"1 minuto"},"schema":{"@context":"https:\/\/schema.org","@graph":[{"@type":"Article","@id":"https:\/\/www.foodsovereignty.org\/es\/21603\/#article","isPartOf":{"@id":"https:\/\/www.foodsovereignty.org\/es\/21603\/"},"author":{"name":"ipc_staging","@id":"https:\/\/www.foodsovereignty.org\/es\/#\/schema\/person\/2022da6fc0f89b23596d0a63d82b61e1"},"headline":"El movimiento por la Soberan\u00eda Alimentaria pierde a uno de sus principales impulsores: Mario Ahumada","datePublished":"2021-08-03T15:07:32+00:00","dateModified":"2024-01-30T23:05:17+00:00","mainEntityOfPage":{"@id":"https:\/\/www.foodsovereignty.org\/es\/21603\/"},"wordCount":274,"image":{"@id":"https:\/\/www.foodsovereignty.org\/es\/21603\/#primaryimage"},"thumbnailUrl":"https:\/\/www.foodsovereignty.org\/wp-content\/uploads\/2024\/01\/candle.jpg","articleSection":["Eventos","Noticias"],"inLanguage":"es"},{"@type":"WebPage","@id":"https:\/\/www.foodsovereignty.org\/es\/21603\/","url":"https:\/\/www.foodsovereignty.org\/es\/21603\/","name":"El movimiento por la Soberan\u00eda Alimentaria pierde a uno de sus principales impulsores: Mario Ahumada - International Planning Committee for Food Sovereignty (IPC)","isPartOf":{"@id":"https:\/\/www.foodsovereignty.org\/es\/#website"},"primaryImageOfPage":{"@id":"https:\/\/www.foodsovereignty.org\/es\/21603\/#primaryimage"},"image":{"@id":"https:\/\/www.foodsovereignty.org\/es\/21603\/#primaryimage"},"thumbnailUrl":"https:\/\/www.foodsovereignty.org\/wp-content\/uploads\/2024\/01\/candle.jpg","datePublished":"2021-08-03T15:07:32+00:00","dateModified":"2024-01-30T23:05:17+00:00","author":{"@id":"https:\/\/www.foodsovereignty.org\/es\/#\/schema\/person\/2022da6fc0f89b23596d0a63d82b61e1"},"breadcrumb":{"@id":"https:\/\/www.foodsovereignty.org\/es\/21603\/#breadcrumb"},"inLanguage":"es","potentialAction":[{"@type":"ReadAction","target":["https:\/\/www.foodsovereignty.org\/es\/21603\/"]}]},{"@type":"ImageObject","inLanguage":"es","@id":"https:\/\/www.foodsovereignty.org\/es\/21603\/#primaryimage","url":"https:\/\/www.foodsovereignty.org\/wp-content\/uploads\/2024\/01\/candle.jpg","contentUrl":"https:\/\/www.foodsovereignty.org\/wp-content\/uploads\/2024\/01\/candle.jpg","width":612,"height":408},{"@type":"BreadcrumbList","@id":"https:\/\/www.foodsovereignty.org\/es\/21603\/#breadcrumb","itemListElement":[{"@type":"ListItem","position":1,"name":"Home","item":"https:\/\/www.foodsovereignty.org\/es\/"},{"@type":"ListItem","position":2,"name":"El movimiento por la Soberan\u00eda Alimentaria pierde a uno de sus principales impulsores: Mario Ahumada"}]},{"@type":"WebSite","@id":"https:\/\/www.foodsovereignty.org\/es\/#website","url":"https:\/\/www.foodsovereignty.org\/es\/","name":"International Planning Committee for Food Sovereignty (IPC)","description":"","potentialAction":[{"@type":"SearchAction","target":{"@type":"EntryPoint","urlTemplate":"https:\/\/www.foodsovereignty.org\/es\/?s={search_term_string}"},"query-input":{"@type":"PropertyValueSpecification","valueRequired":true,"valueName":"search_term_string"}}],"inLanguage":"es"},{"@type":"Person","@id":"https:\/\/www.foodsovereignty.org\/es\/#\/schema\/person\/2022da6fc0f89b23596d0a63d82b61e1","name":"ipc_staging","image":{"@type":"ImageObject","inLanguage":"es","@id":"https:\/\/secure.gravatar.com\/avatar\/fce93258e0a23ad6ba66052185f81fce65925c41d889b9d1b920a76951c434af?s=96&d=mm&r=g","url":"https:\/\/secure.gravatar.com\/avatar\/fce93258e0a23ad6ba66052185f81fce65925c41d889b9d1b920a76951c434af?s=96&d=mm&r=g","contentUrl":"https:\/\/secure.gravatar.com\/avatar\/fce93258e0a23ad6ba66052185f81fce65925c41d889b9d1b920a76951c434af?s=96&d=mm&r=g","caption":"ipc_staging"},"sameAs":["http:\/\/_"],"url":"https:\/\/www.foodsovereignty.org\/es\/author\/ipc_staging\/"}]}},"_links":{"self":[{"href":"https:\/\/www.foodsovereignty.org\/es\/wp-json\/wp\/v2\/posts\/2022","targetHints":{"allow":["GET"]}}],"collection":[{"href":"https:\/\/www.foodsovereignty.org\/es\/wp-json\/wp\/v2\/posts"}],"about":[{"href":"https:\/\/www.foodsovereignty.org\/es\/wp-json\/wp\/v2\/types\/post"}],"author":[{"embeddable":true,"href":"https:\/\/www.foodsovereignty.org\/es\/wp-json\/wp\/v2\/users\/1"}],"replies":[{"embeddable":true,"href":"https:\/\/www.foodsovereignty.org\/es\/wp-json\/wp\/v2\/comments?post=2022"}],"version-history":[{"count":1,"href":"https:\/\/www.foodsovereignty.org\/es\/wp-json\/wp\/v2\/posts\/2022\/revisions"}],"predecessor-version":[{"id":2811,"href":"https:\/\/www.foodsovereignty.org\/es\/wp-json\/wp\/v2\/posts\/2022\/revisions\/2811"}],"wp:featuredmedia":[{"embeddable":true,"href":"https:\/\/www.foodsovereignty.org\/es\/wp-json\/wp\/v2\/media\/2344"}],"wp:attachment":[{"href":"https:\/\/www.foodsovereignty.org\/es\/wp-json\/wp\/v2\/media?parent=2022"}],"wp:term":[{"taxonomy":"category","embeddable":true,"href":"https:\/\/www.foodsovereignty.org\/es\/wp-json\/wp\/v2\/categories?post=2022"},{"taxonomy":"post_tag","embeddable":true,"href":"https:\/\/www.foodsovereignty.org\/es\/wp-json\/wp\/v2\/tags?post=2022"}],"curies":[{"name":"wp","href":"https:\/\/api.w.org\/{rel}","templated":true}]}}