{"id":2059,"date":"2022-03-14T10:28:28","date_gmt":"2022-03-14T10:28:28","guid":{"rendered":"https:\/\/www.foodsovereignty.org\/se-reanudan-las-conversaciones-sobre-biodiversidad-de-la-onu-en-ginebra-que-esta-en-juego\/"},"modified":"2024-01-30T23:05:33","modified_gmt":"2024-01-30T23:05:33","slug":"se-reanudan-las-conversaciones-sobre-biodiversidad-de-la-onu-en-ginebra-que-esta-en-juego","status":"publish","type":"post","link":"https:\/\/www.foodsovereignty.org\/es\/se-reanudan-las-conversaciones-sobre-biodiversidad-de-la-onu-en-ginebra-que-esta-en-juego\/","title":{"rendered":"Se reanudan las conversaciones sobre biodiversidad de la ONU en Ginebra: \u00bfQu\u00e9 est\u00e1 en juego?"},"content":{"rendered":"<p><em><strong>Por Mariapaola Boselli, facilitadora del grupo de trabajo del CIP sobre agrobiodiversidad<\/strong><\/em>  &nbsp; <\/p>\n<h4>16 de marzo de 2022<\/h4>\n<p style=\"text-align: justify;\">En el orden del d\u00eda del tercer d\u00eda de la reuni\u00f3n, el mi\u00e9rcoles 16 de marzo de 2022, se debatieron cuestiones clave para el Grupo de Trabajo del CIF sobre Biodiversidad Agr\u00edcola.<\/p>\n<p style=\"text-align: justify;\">Por la ma\u00f1ana, los delegados debatieron el segundo conjunto de objetivos del Marco Global de Biodiversidad, es decir, los objetivos 9 a 13, que se supone que deben \u00ab<strong>satisfacer las necesidades de las personas mediante el uso sostenible y la participaci\u00f3n en los beneficios<\/strong>\u00ab.<\/p>\n<p style=\"text-align: justify;\"><strong>Es poco probable que los objetivos actuales establezcan las condiciones para satisfacer las necesidades de la poblaci\u00f3n<\/strong>, especialmente en lo que respecta a la seguridad alimentaria.<\/p>\n<p style=\"text-align: justify;\"><strong>El CIP tambi\u00e9n ha colaborado en esta ocasi\u00f3n con muchos aliados de la Alianza del CDB<\/strong>, un grupo que est\u00e1 dando un gran apoyo a los delegados del CIP que siempre se enfrentan a varias dificultades relacionadas con la falta total de interpretaci\u00f3n en la mayor\u00eda de las reuniones. Gracias a un gran trabajo en equipo, la delegada del CIP <strong>Gisela Illescas Palma<\/strong>, una peque\u00f1a productora de M\u00e9xico cuya cooperativa produce caf\u00e9 con <strong>un enfoque agroecol\u00f3gico y feminista<\/strong>, expres\u00f3 con fuerza las posiciones del CIP sobre la meta 10 del CDB, relativa a la agricultura, la acuicultura y la silvicultura.<\/p>\n<p style=\"text-align: justify;\">El CIP y las dem\u00e1s organizaciones de la Alianza recordaron a todas las partes presentes que la agricultura, la acuicultura, la pesca y la silvicultura deben gestionarse de forma sostenible. La agroecolog\u00eda debe ser el enfoque principal, ya que apoya los sistemas que utilizan semillas, variedades y razas aut\u00f3ctonas, en particular los gestionados por los <strong>peque\u00f1os agricultores, los Pueblos Ind\u00edgenas y las comunidades locales, las mujeres y los j\u00f3venes<\/strong>. Sus derechos deben ser protegidos, incluyendo el acceso seguro a la tierra, el agua y el mar.<\/p>\n<p style=\"text-align: justify;\">Tambi\u00e9n pedimos que se reduzcan las \u00e1reas dedicadas al monocultivo y la producci\u00f3n industrial en la agricultura y la silvicultura, y que <strong>el concepto de intensificaci\u00f3n sostenible o ecol\u00f3gica no sea realmente aceptable<\/strong>.<\/p>\n<p style=\"text-align: justify;\">Por la tarde, los delegados se enfrentaron a otro importante debate sobre Agricultura y Biodiversidad en el \u00d3rgano Subsidiario de Asesoramiento Cient\u00edfico, T\u00e9cnico y Tecnol\u00f3gico (OSACTT).<\/p>\n<p style=\"text-align: justify;\">Tambi\u00e9n en este caso, la posici\u00f3n del CIP es clara: en el documento que la Secretar\u00eda del CDB proporcion\u00f3, relativo al plan de acci\u00f3n 2020-2030 para la Iniciativa Internacional para la Conservaci\u00f3n y el Uso Sostenible de la Biodiversidad del Suelo, <strong>no se menciona la agroecolog\u00eda<\/strong>; en segundo lugar, <strong>no se reconoce a los peque\u00f1os productores de alimentos<\/strong>, como los identificados por UNDROP.<\/p>\n<p style=\"text-align: justify;\">El Plan de Acci\u00f3n deber\u00eda enfatizar el papel fundamental de la Agroecolog\u00eda y la gesti\u00f3n din\u00e1mica del suelo, que los peque\u00f1os productores y los Pueblos Ind\u00edgenas han llevado a cabo durante milenios y que son clave para restaurar, mantener y desarrollar la biodiversidad del suelo.<\/p>\n<p style=\"text-align: justify;\"><strong>Ma\u00f1ana ser\u00e1 el \u00faltimo d\u00eda que los delegados del CIP estar\u00e1n en Ginebra para luchar por la biodiversidad<\/strong>, los derechos de los Pueblos Ind\u00edgenas y de los peque\u00f1os productores de alimentos, y la soberan\u00eda alimentaria, pero nuestro trabajo no termina ma\u00f1ana: la reuni\u00f3n se prolongar\u00e1 hasta el 29 de marzo y la seguiremos virtualmente, confiando en que los compa\u00f1eros con los que hemos trabajado y apoyado esta semana seguir\u00e1n trabajando con nosotros, aunque estemos de vuelta en nuestras casas, campos y oficinas.<\/p>\n<p> &nbsp; <\/p>\n<p style=\"text-align: center;\">***<\/p>\n<p> &nbsp; <\/p>\n<h4>15 de marzo 2022<\/h4>\n<p style=\"text-align: justify;\">El Grupo de Trabajo de la CIP sobre Biodiversidad Agr\u00edcola entr\u00f3 de lleno en la \u00faltima negociaci\u00f3n antes de la CoP15 y de la aprobaci\u00f3n del pr\u00f3ximo Marco Global de Biodiversidad post-2020 que, durante los pr\u00f3ximos 10 a\u00f1os, ser\u00e1 el instrumento internacional al que las Partes deber\u00e1n remitirse y aplicar a nivel nacional para alcanzar los objetivos globales de protecci\u00f3n y conservaci\u00f3n de la biodiversidad.<\/p>\n<p style=\"text-align: justify;\">Ya en estos primeros d\u00edas, se evidencian algunos problemas en cuanto al proceso: las Partes y los Observadores se encuentran negociando un texto que fue presentado por los Copresidentes del proceso en los \u00faltimos meses y que recog\u00eda las distintas posiciones que las Partes presentaron en los \u00faltimos meses, aunque con un car\u00e1cter no definitivo dada la decisi\u00f3n de proceder a las negociaciones reales s\u00f3lo de forma presencial y no a trav\u00e9s de herramientas online que, de hecho, <strong>han limitado profundamente la participaci\u00f3n de muchas Partes, especialmente de la regi\u00f3n africana<\/strong>, y de muchos observadores, como tambi\u00e9n ocurri\u00f3 en el CIP. Ni el texto ni la metodolog\u00eda utilizada pueden considerarse adheridos a las verdaderas negociaciones de estos \u00faltimos meses.<\/p>\n<p style=\"text-align: justify;\">Al igual que hace dos a\u00f1os, asistimos tambi\u00e9n a<strong> intentos deliberados de algunas Partes de la Convenci\u00f3n de ralentizar el proceso<\/strong>, para no tener una verdadera negociaci\u00f3n sobre los objetivos y llegar a la COP con un documento que no ha sido realmente negociado y que, con toda probabilidad, reflejar\u00e1 las posiciones de las Partes que, por razones pol\u00edticas y econ\u00f3micas, tienen el poder de dirigir los procesos en la direcci\u00f3n que m\u00e1s les favorece.<\/p>\n<p style=\"text-align: justify;\">Durante el Grupo de Contacto sobre los Objetivos 1 a 8 del Marco Global de Biodiversidad, se discutieron algunos temas cruciales, pero ni siquiera las Partes tuvieron la oportunidad de hablar, ya que a m\u00e1s de 10 Partes se les pospuso su derecho a hablar hasta la pr\u00f3xima reuni\u00f3n del Grupo de Contacto, prevista para el s\u00e1bado 19 de marzo.<\/p>\n<p style=\"text-align: justify;\">Entre los temas m\u00e1s problem\u00e1ticos que se trataron ayer, se encuentra el intento de aumentar el n\u00famero de \u00e1reas protegidas, hasta el 30% de las zonas marinas o terrestres colocadas bajo esta protecci\u00f3n.<\/p>\n<p style=\"text-align: justify;\">Si bien esto puede parecer muy positivo a primera vista, en realidad estas \u00e1reas se convierten a menudo en lugares administrados por el Estado que, como suele ser el caso, utilizan este pretexto para <strong>expulsar a los Pueblos Ind\u00edgenas, Comunidades Locales y peque\u00f1os productores de alimentos que han habitado estas \u00e1reas durante milenios<\/strong> y han protegido y fortalecido su biodiversidad a trav\u00e9s de sus sistemas de semillas y conocimientos tradicionales.<\/p>\n<p style=\"text-align: justify;\">El CIP quiere recordar que es crucial reconocer y apoyar el papel de los pueblos ind\u00edgenas y las comunidades locales como guardianes de los ecosistemas, aumentando la superficie bajo su gesti\u00f3n. Es necesario ampliar las zonas gestionadas de forma sostenible por los pueblos ind\u00edgenas y las comunidades locales productoras de alimentos, garantizando el respeto y la protecci\u00f3n de sus derechos humanos, culturales, sociales, econ\u00f3micos y medioambientales. Las \u00e1reas protegidas a menudo provocan el acaparamiento de tierras o la exclusi\u00f3n de zonas que son fundamentales para el suministro de alimentos de muchos, como las \u00e1reas marinas protegidas que excluyen a los pescadores a peque\u00f1a escala.<\/p>\n<p style=\"text-align: justify;\"><strong>Lamentablemente, el CIP, ni otras organizaciones aliadas, tuvieron la oportunidad de intervenir.<\/strong><\/p>\n<p style=\"text-align: justify;\">Seguiremos estableciendo relaciones con aliados y Partes que nos apoyan para seguir avanzando en las posiciones de los productores de alimentos a peque\u00f1a escala y de los Pueblos Ind\u00edgenas, que no s\u00f3lo tienen derecho a seguir viviendo donde siempre han vivido, sino que deber\u00edan tener acceso a \u00e1reas adicionales debido a su papel insustituible en la protecci\u00f3n de la biodiversidad y, por tanto, de la seguridad alimentaria mundial.<\/p>\n<p> &nbsp; <\/p>\n<p style=\"text-align: center;\">***<\/p>\n<p> &nbsp; <\/p>\n<h4>14 de marzo 2022<\/h4>\n<p style=\"text-align: justify;\">Han pasado m\u00e1s de dos a\u00f1os desde que una delegaci\u00f3n del CIP se reuni\u00f3 en persona. Eso fue a finales de febrero de 2020, en Roma, para el segundo grupo de trabajo sobre el Marco Global de Biodiversidad (GBF) posterior a 2020, el marco pol\u00edtico global para la protecci\u00f3n de la biodiversidad que debe ser aprobado por las Partes del Convenio sobre la Diversidad Biol\u00f3gica (CDB) a finales de este a\u00f1o, y aplicado en las pol\u00edticas nacionales para tratar de detener la enorme p\u00e9rdida de biodiversidad a la que nos enfrentamos.<\/p>\n<p style=\"text-align: justify;\">El Grupo de Trabajo sobre Biodiversidad Agr\u00edcola se encuentra ahora en Ginebra (Suiza) para asistir a la <strong>tercera reuni\u00f3n del Grupo de Trabajo del Marco Global de la Biodiversidad<\/strong>. Tambi\u00e9n asistiremos a la 24\u00aa reuni\u00f3n del \u00d3rgano Subsidiario de Asesoramiento Cient\u00edfico, T\u00e9cnico y Tecnol\u00f3gico, un \u00f3rgano subsidiario encargado de proporcionar evaluaciones sobre el estado de la biodiversidad y la conformidad de las pol\u00edticas adoptadas con el Convenio, y a la tercera reuni\u00f3n del \u00d3rgano Subsidiario de Ejecuci\u00f3n, un \u00f3rgano cuyo objetivo es supervisar la aplicaci\u00f3n efectiva del Convenio y sus Protocolos.<\/p>\n<p style=\"text-align: justify;\"><strong>La delegaci\u00f3n del CIP en esta primera ocasi\u00f3n estar\u00e1 compuesta principalmente por representantes de organizaciones campesinas e ind\u00edgenas de Am\u00e9rica Latina y el Caribe, concretamente de M\u00e9xico, Guatemala y Brasil<\/strong>. Lamentablemente, las dificultades que a\u00fan afectan a los viajes han impedido que nuestro delegado de la regi\u00f3n africana (Burundi) se una al equipo.<\/p>\n<p style=\"text-align: justify;\">Hay mucho en juego en esta reuni\u00f3n: los resultados de estas reuniones de consulta y revisi\u00f3n se comunicar\u00e1n a la <strong>COP15 del CDB<\/strong>, prevista para el pr\u00f3ximo mes de agosto en <strong>Kunming (China)<\/strong>. Nuestra delegaci\u00f3n trabajar\u00e1 duro en los pr\u00f3ximos d\u00edas, incluso con nuestros aliados, para asegurar el apoyo y las garant\u00edas de que el pr\u00f3ximo marco global de biodiversidad no siga el camino fallido de <strong>las metas de Aichi<\/strong>.<\/p>\n<p style=\"text-align: justify;\">Trabajaremos en el Marco Mundial de la Biodiversidad para <strong>garantizar que las posiciones de los movimientos campesinos e ind\u00edgenas sean reconocidas y tenidas en cuenta<\/strong>. Los productores de alimentos a peque\u00f1a escala y los Pueblos Ind\u00edgenas han estado protegiendo y mejorando la biodiversidad global durante miles de a\u00f1os, mientras que sabemos con certeza que <strong>entre los principales impulsores de la p\u00e9rdida de biodiversidad est\u00e1n la agroindustria y la pesca industrial<\/strong>, actividades humanas que no s\u00f3lo han devastado la biodiversidad global, eliminado ecosistemas \u00fanicos y contaminado la tierra y el agua, sino que tambi\u00e9n son la causa de la represi\u00f3n continua de los derechos humanos, la negaci\u00f3n y la apropiaci\u00f3n cultural de los Pueblos Ind\u00edgenas y las comunidades locales, y el robo de lugares ancestrales y sagrados. Adem\u00e1s, los sistemas industriales de producci\u00f3n de alimentos han fracasado en lo que prometieron hacer en primer lugar, que es garantizar la seguridad alimentaria. En los \u00faltimos dos a\u00f1os, la industria de producci\u00f3n de alimentos ha demostrado todas sus carencias, limitaciones y mentiras, dejando claro que los peque\u00f1os productores no s\u00f3lo han conseguido alimentar a las comunidades, creando lugares de apoyo no s\u00f3lo para la comida sino tambi\u00e9n para las personas, sino que han conseguido ampliar la producci\u00f3n y distribuci\u00f3n de alimentos gracias al apoyo de las personas que, a causa de los cierres, se han visto en condiciones de cultivar, como ocurri\u00f3 en M\u00e9xico, en la comunidad de Gisela, una de las coordinadoras del GT sobre biodiversidad agr\u00edcola.<\/p>\n<p style=\"text-align: justify;\">La aprobaci\u00f3n y puesta en marcha del Marco Global de la Biodiversidad lleva ya un serio retraso debido a los obst\u00e1culos que la pandemia ha puesto en la negociaci\u00f3n, pero <strong>el texto actual no parece percibir la gran urgencia que vivimos ahora<\/strong>, dejando los objetivos todav\u00eda vagos y sin ning\u00fan compromiso preciso sobre el calendario real de aplicaci\u00f3n.<\/p>\n<p style=\"text-align: justify;\">Hace dos a\u00f1os, el GT sobre Biodiversidad Agr\u00edcola recordaba ante una sala abarrotada -sin saber a\u00fan lo que ocurrir\u00eda dos semanas despu\u00e9s- que el FG y los objetivos de las partes ya llegaban tarde, que 2030 ya era ayer. Han pasado dos a\u00f1os, muy duros para todos. En los pr\u00f3ximos d\u00edas tendremos la oportunidad de comprobar si la urgencia con la que la sociedad civil reclama un cambio de rumbo decisivo hacia <strong>sistemas de producci\u00f3n sostenibles que no da\u00f1en la biodiversidad y no violen los derechos humanos<\/strong> ha sido asumida por las partes del Convenio. Si no es as\u00ed, la visi\u00f3n de 2050 de \u00abVivir en armon\u00eda con la naturaleza\u00bb (\u00bfcon, o dentro de?) ser\u00e1 muy dif\u00edcil, si no imposible, de alcanzar.<\/p>\n<p> &nbsp; <\/p>\n<ul>\n<li><a href=\"https:\/\/www.foodsovereignty.org\/wp-content\/uploads\/2022\/03\/ESP_IPC-declaration-inicial_14-marzo-22_GT-MGB-plenaria.pdf\" target=\"_blank\" rel=\"noopener noreferrer\"><strong>LEA AQU\u00cd<\/strong><\/a> el comunicado de apertura del CIP<\/li>\n<li><strong><a href=\"https:\/\/www.foodsovereignty.org\/wp-content\/uploads\/2022\/03\/WCUNCBD-Geneva-Joint-Opening.pdf\" target=\"_blank\" rel=\"noopener noreferrer\">LEA AQU\u00cd<\/a><\/strong> la declaraci\u00f3n de apertura de la circunscripci\u00f3n de mujeres, a la que hemos contribuido (ENG)<\/li>\n<li><a href=\"https:\/\/www.foodsovereignty.org\/wp-content\/uploads\/2022\/03\/CBDA-OPENING-STATEMENT-.pdf\" target=\"_blank\" rel=\"noopener noreferrer\"><strong>LEA AQU\u00cd<\/strong><\/a> la declaraci\u00f3n de apertura de la Alianza CBD, a la que hemos contribuido (ENG)<\/li>\n<\/ul>\n","protected":false},"excerpt":{"rendered":"<p>Por Mariapaola Boselli, facilitadora del grupo de trabajo del CIP sobre agrobiodiversidad &nbsp; 16 de marzo de 2022 En el orden del d\u00eda del tercer d\u00eda de la reuni\u00f3n, el mi\u00e9rcoles 16 de marzo de 2022, se debatieron cuestiones clave para el Grupo de Trabajo del CIF sobre Biodiversidad Agr\u00edcola. Por la ma\u00f1ana, los delegados [&hellip;]<\/p>\n","protected":false},"author":1,"featured_media":2405,"comment_status":"closed","ping_status":"open","sticky":false,"template":"","format":"standard","meta":{"_acf_changed":false,"footnotes":""},"categories":[60],"tags":[294,308,298,118,214,85],"class_list":["post-2059","post","type-post","status-publish","format-standard","has-post-thumbnail","hentry","category-noticias","tag-agrobiodiversidad","tag-agroecologia","tag-biodiversidad","tag-biodiversity","tag-cop15","tag-food-sovereignty","regional_processes_tax-africa","regional_processes_tax-asia-pacific","regional_processes_tax-europe-central-asia","regional_processes_tax-latin-america-caribbean","regional_processes_tax-near-east-north-africa","working_groups_tax-agricultural-biodiversity"],"acf":[],"yoast_head":"<!-- This site is optimized with the Yoast SEO plugin v27.4 - https:\/\/yoast.com\/product\/yoast-seo-wordpress\/ -->\n<title>Se reanudan las conversaciones sobre biodiversidad de la ONU en Ginebra: \u00bfQu\u00e9 est\u00e1 en juego? - International Planning Committee for Food Sovereignty (IPC)<\/title>\n<meta name=\"robots\" content=\"index, follow, max-snippet:-1, max-image-preview:large, max-video-preview:-1\" \/>\n<link rel=\"canonical\" href=\"https:\/\/www.foodsovereignty.org\/es\/se-reanudan-las-conversaciones-sobre-biodiversidad-de-la-onu-en-ginebra-que-esta-en-juego\/\" \/>\n<meta property=\"og:locale\" content=\"es_ES\" \/>\n<meta property=\"og:type\" content=\"article\" \/>\n<meta property=\"og:title\" content=\"Se reanudan las conversaciones sobre biodiversidad de la ONU en Ginebra: \u00bfQu\u00e9 est\u00e1 en juego? - International Planning Committee for Food Sovereignty (IPC)\" \/>\n<meta property=\"og:description\" content=\"Por Mariapaola Boselli, facilitadora del grupo de trabajo del CIP sobre agrobiodiversidad &nbsp; 16 de marzo de 2022 En el orden del d\u00eda del tercer d\u00eda de la reuni\u00f3n, el mi\u00e9rcoles 16 de marzo de 2022, se debatieron cuestiones clave para el Grupo de Trabajo del CIF sobre Biodiversidad Agr\u00edcola. Por la ma\u00f1ana, los delegados [&hellip;]\" \/>\n<meta property=\"og:url\" content=\"https:\/\/www.foodsovereignty.org\/es\/se-reanudan-las-conversaciones-sobre-biodiversidad-de-la-onu-en-ginebra-que-esta-en-juego\/\" \/>\n<meta property=\"og:site_name\" content=\"International Planning Committee for Food Sovereignty (IPC)\" \/>\n<meta property=\"article:published_time\" content=\"2022-03-14T10:28:28+00:00\" \/>\n<meta property=\"article:modified_time\" content=\"2024-01-30T23:05:33+00:00\" \/>\n<meta property=\"og:image\" content=\"https:\/\/www.foodsovereignty.org\/wp-content\/uploads\/2024\/01\/MariIPC-e1647252954880.jpeg\" \/>\n\t<meta property=\"og:image:width\" content=\"2048\" \/>\n\t<meta property=\"og:image:height\" content=\"1336\" \/>\n\t<meta property=\"og:image:type\" content=\"image\/jpeg\" \/>\n<meta name=\"author\" content=\"ipc_staging\" \/>\n<meta name=\"twitter:card\" content=\"summary_large_image\" \/>\n<meta name=\"twitter:label1\" content=\"Escrito por\" \/>\n\t<meta name=\"twitter:data1\" content=\"ipc_staging\" \/>\n\t<meta name=\"twitter:label2\" content=\"Tiempo de lectura\" \/>\n\t<meta name=\"twitter:data2\" content=\"11 minutos\" \/>\n<script type=\"application\/ld+json\" class=\"yoast-schema-graph\">{\"@context\":\"https:\\\/\\\/schema.org\",\"@graph\":[{\"@type\":\"Article\",\"@id\":\"https:\\\/\\\/www.foodsovereignty.org\\\/es\\\/se-reanudan-las-conversaciones-sobre-biodiversidad-de-la-onu-en-ginebra-que-esta-en-juego\\\/#article\",\"isPartOf\":{\"@id\":\"https:\\\/\\\/www.foodsovereignty.org\\\/es\\\/se-reanudan-las-conversaciones-sobre-biodiversidad-de-la-onu-en-ginebra-que-esta-en-juego\\\/\"},\"author\":{\"name\":\"ipc_staging\",\"@id\":\"https:\\\/\\\/www.foodsovereignty.org\\\/es\\\/#\\\/schema\\\/person\\\/2022da6fc0f89b23596d0a63d82b61e1\"},\"headline\":\"Se reanudan las conversaciones sobre biodiversidad de la ONU en Ginebra: \u00bfQu\u00e9 est\u00e1 en juego?\",\"datePublished\":\"2022-03-14T10:28:28+00:00\",\"dateModified\":\"2024-01-30T23:05:33+00:00\",\"mainEntityOfPage\":{\"@id\":\"https:\\\/\\\/www.foodsovereignty.org\\\/es\\\/se-reanudan-las-conversaciones-sobre-biodiversidad-de-la-onu-en-ginebra-que-esta-en-juego\\\/\"},\"wordCount\":2121,\"image\":{\"@id\":\"https:\\\/\\\/www.foodsovereignty.org\\\/es\\\/se-reanudan-las-conversaciones-sobre-biodiversidad-de-la-onu-en-ginebra-que-esta-en-juego\\\/#primaryimage\"},\"thumbnailUrl\":\"https:\\\/\\\/www.foodsovereignty.org\\\/wp-content\\\/uploads\\\/2024\\\/01\\\/MariIPC-e1647252954880.jpeg\",\"keywords\":[\"agrobiodiversidad\",\"Agroecolog\u00eda\",\"Biodiversidad\",\"Biodiversity\",\"COP15\",\"food sovereignty\"],\"articleSection\":[\"Noticias\"],\"inLanguage\":\"es\"},{\"@type\":\"WebPage\",\"@id\":\"https:\\\/\\\/www.foodsovereignty.org\\\/es\\\/se-reanudan-las-conversaciones-sobre-biodiversidad-de-la-onu-en-ginebra-que-esta-en-juego\\\/\",\"url\":\"https:\\\/\\\/www.foodsovereignty.org\\\/es\\\/se-reanudan-las-conversaciones-sobre-biodiversidad-de-la-onu-en-ginebra-que-esta-en-juego\\\/\",\"name\":\"Se reanudan las conversaciones sobre biodiversidad de la ONU en Ginebra: \u00bfQu\u00e9 est\u00e1 en juego? - International Planning Committee for Food Sovereignty (IPC)\",\"isPartOf\":{\"@id\":\"https:\\\/\\\/www.foodsovereignty.org\\\/es\\\/#website\"},\"primaryImageOfPage\":{\"@id\":\"https:\\\/\\\/www.foodsovereignty.org\\\/es\\\/se-reanudan-las-conversaciones-sobre-biodiversidad-de-la-onu-en-ginebra-que-esta-en-juego\\\/#primaryimage\"},\"image\":{\"@id\":\"https:\\\/\\\/www.foodsovereignty.org\\\/es\\\/se-reanudan-las-conversaciones-sobre-biodiversidad-de-la-onu-en-ginebra-que-esta-en-juego\\\/#primaryimage\"},\"thumbnailUrl\":\"https:\\\/\\\/www.foodsovereignty.org\\\/wp-content\\\/uploads\\\/2024\\\/01\\\/MariIPC-e1647252954880.jpeg\",\"datePublished\":\"2022-03-14T10:28:28+00:00\",\"dateModified\":\"2024-01-30T23:05:33+00:00\",\"author\":{\"@id\":\"https:\\\/\\\/www.foodsovereignty.org\\\/es\\\/#\\\/schema\\\/person\\\/2022da6fc0f89b23596d0a63d82b61e1\"},\"breadcrumb\":{\"@id\":\"https:\\\/\\\/www.foodsovereignty.org\\\/es\\\/se-reanudan-las-conversaciones-sobre-biodiversidad-de-la-onu-en-ginebra-que-esta-en-juego\\\/#breadcrumb\"},\"inLanguage\":\"es\",\"potentialAction\":[{\"@type\":\"ReadAction\",\"target\":[\"https:\\\/\\\/www.foodsovereignty.org\\\/es\\\/se-reanudan-las-conversaciones-sobre-biodiversidad-de-la-onu-en-ginebra-que-esta-en-juego\\\/\"]}]},{\"@type\":\"ImageObject\",\"inLanguage\":\"es\",\"@id\":\"https:\\\/\\\/www.foodsovereignty.org\\\/es\\\/se-reanudan-las-conversaciones-sobre-biodiversidad-de-la-onu-en-ginebra-que-esta-en-juego\\\/#primaryimage\",\"url\":\"https:\\\/\\\/www.foodsovereignty.org\\\/wp-content\\\/uploads\\\/2024\\\/01\\\/MariIPC-e1647252954880.jpeg\",\"contentUrl\":\"https:\\\/\\\/www.foodsovereignty.org\\\/wp-content\\\/uploads\\\/2024\\\/01\\\/MariIPC-e1647252954880.jpeg\",\"width\":2048,\"height\":1336},{\"@type\":\"BreadcrumbList\",\"@id\":\"https:\\\/\\\/www.foodsovereignty.org\\\/es\\\/se-reanudan-las-conversaciones-sobre-biodiversidad-de-la-onu-en-ginebra-que-esta-en-juego\\\/#breadcrumb\",\"itemListElement\":[{\"@type\":\"ListItem\",\"position\":1,\"name\":\"Home\",\"item\":\"https:\\\/\\\/www.foodsovereignty.org\\\/es\\\/\"},{\"@type\":\"ListItem\",\"position\":2,\"name\":\"Se reanudan las conversaciones sobre biodiversidad de la ONU en Ginebra: \u00bfQu\u00e9 est\u00e1 en juego?\"}]},{\"@type\":\"WebSite\",\"@id\":\"https:\\\/\\\/www.foodsovereignty.org\\\/es\\\/#website\",\"url\":\"https:\\\/\\\/www.foodsovereignty.org\\\/es\\\/\",\"name\":\"International Planning Committee for Food Sovereignty (IPC)\",\"description\":\"\",\"potentialAction\":[{\"@type\":\"SearchAction\",\"target\":{\"@type\":\"EntryPoint\",\"urlTemplate\":\"https:\\\/\\\/www.foodsovereignty.org\\\/es\\\/?s={search_term_string}\"},\"query-input\":{\"@type\":\"PropertyValueSpecification\",\"valueRequired\":true,\"valueName\":\"search_term_string\"}}],\"inLanguage\":\"es\"},{\"@type\":\"Person\",\"@id\":\"https:\\\/\\\/www.foodsovereignty.org\\\/es\\\/#\\\/schema\\\/person\\\/2022da6fc0f89b23596d0a63d82b61e1\",\"name\":\"ipc_staging\",\"image\":{\"@type\":\"ImageObject\",\"inLanguage\":\"es\",\"@id\":\"https:\\\/\\\/secure.gravatar.com\\\/avatar\\\/fce93258e0a23ad6ba66052185f81fce65925c41d889b9d1b920a76951c434af?s=96&d=mm&r=g\",\"url\":\"https:\\\/\\\/secure.gravatar.com\\\/avatar\\\/fce93258e0a23ad6ba66052185f81fce65925c41d889b9d1b920a76951c434af?s=96&d=mm&r=g\",\"contentUrl\":\"https:\\\/\\\/secure.gravatar.com\\\/avatar\\\/fce93258e0a23ad6ba66052185f81fce65925c41d889b9d1b920a76951c434af?s=96&d=mm&r=g\",\"caption\":\"ipc_staging\"},\"sameAs\":[\"http:\\\/\\\/_\"],\"url\":\"https:\\\/\\\/www.foodsovereignty.org\\\/es\\\/author\\\/ipc_staging\\\/\"}]}<\/script>\n<!-- \/ Yoast SEO plugin. -->","yoast_head_json":{"title":"Se reanudan las conversaciones sobre biodiversidad de la ONU en Ginebra: \u00bfQu\u00e9 est\u00e1 en juego? - International Planning Committee for Food Sovereignty (IPC)","robots":{"index":"index","follow":"follow","max-snippet":"max-snippet:-1","max-image-preview":"max-image-preview:large","max-video-preview":"max-video-preview:-1"},"canonical":"https:\/\/www.foodsovereignty.org\/es\/se-reanudan-las-conversaciones-sobre-biodiversidad-de-la-onu-en-ginebra-que-esta-en-juego\/","og_locale":"es_ES","og_type":"article","og_title":"Se reanudan las conversaciones sobre biodiversidad de la ONU en Ginebra: \u00bfQu\u00e9 est\u00e1 en juego? - International Planning Committee for Food Sovereignty (IPC)","og_description":"Por Mariapaola Boselli, facilitadora del grupo de trabajo del CIP sobre agrobiodiversidad &nbsp; 16 de marzo de 2022 En el orden del d\u00eda del tercer d\u00eda de la reuni\u00f3n, el mi\u00e9rcoles 16 de marzo de 2022, se debatieron cuestiones clave para el Grupo de Trabajo del CIF sobre Biodiversidad Agr\u00edcola. Por la ma\u00f1ana, los delegados [&hellip;]","og_url":"https:\/\/www.foodsovereignty.org\/es\/se-reanudan-las-conversaciones-sobre-biodiversidad-de-la-onu-en-ginebra-que-esta-en-juego\/","og_site_name":"International Planning Committee for Food Sovereignty (IPC)","article_published_time":"2022-03-14T10:28:28+00:00","article_modified_time":"2024-01-30T23:05:33+00:00","og_image":[{"width":2048,"height":1336,"url":"https:\/\/www.foodsovereignty.org\/wp-content\/uploads\/2024\/01\/MariIPC-e1647252954880.jpeg","type":"image\/jpeg"}],"author":"ipc_staging","twitter_card":"summary_large_image","twitter_misc":{"Escrito por":"ipc_staging","Tiempo de lectura":"11 minutos"},"schema":{"@context":"https:\/\/schema.org","@graph":[{"@type":"Article","@id":"https:\/\/www.foodsovereignty.org\/es\/se-reanudan-las-conversaciones-sobre-biodiversidad-de-la-onu-en-ginebra-que-esta-en-juego\/#article","isPartOf":{"@id":"https:\/\/www.foodsovereignty.org\/es\/se-reanudan-las-conversaciones-sobre-biodiversidad-de-la-onu-en-ginebra-que-esta-en-juego\/"},"author":{"name":"ipc_staging","@id":"https:\/\/www.foodsovereignty.org\/es\/#\/schema\/person\/2022da6fc0f89b23596d0a63d82b61e1"},"headline":"Se reanudan las conversaciones sobre biodiversidad de la ONU en Ginebra: \u00bfQu\u00e9 est\u00e1 en juego?","datePublished":"2022-03-14T10:28:28+00:00","dateModified":"2024-01-30T23:05:33+00:00","mainEntityOfPage":{"@id":"https:\/\/www.foodsovereignty.org\/es\/se-reanudan-las-conversaciones-sobre-biodiversidad-de-la-onu-en-ginebra-que-esta-en-juego\/"},"wordCount":2121,"image":{"@id":"https:\/\/www.foodsovereignty.org\/es\/se-reanudan-las-conversaciones-sobre-biodiversidad-de-la-onu-en-ginebra-que-esta-en-juego\/#primaryimage"},"thumbnailUrl":"https:\/\/www.foodsovereignty.org\/wp-content\/uploads\/2024\/01\/MariIPC-e1647252954880.jpeg","keywords":["agrobiodiversidad","Agroecolog\u00eda","Biodiversidad","Biodiversity","COP15","food sovereignty"],"articleSection":["Noticias"],"inLanguage":"es"},{"@type":"WebPage","@id":"https:\/\/www.foodsovereignty.org\/es\/se-reanudan-las-conversaciones-sobre-biodiversidad-de-la-onu-en-ginebra-que-esta-en-juego\/","url":"https:\/\/www.foodsovereignty.org\/es\/se-reanudan-las-conversaciones-sobre-biodiversidad-de-la-onu-en-ginebra-que-esta-en-juego\/","name":"Se reanudan las conversaciones sobre biodiversidad de la ONU en Ginebra: \u00bfQu\u00e9 est\u00e1 en juego? - International Planning Committee for Food Sovereignty (IPC)","isPartOf":{"@id":"https:\/\/www.foodsovereignty.org\/es\/#website"},"primaryImageOfPage":{"@id":"https:\/\/www.foodsovereignty.org\/es\/se-reanudan-las-conversaciones-sobre-biodiversidad-de-la-onu-en-ginebra-que-esta-en-juego\/#primaryimage"},"image":{"@id":"https:\/\/www.foodsovereignty.org\/es\/se-reanudan-las-conversaciones-sobre-biodiversidad-de-la-onu-en-ginebra-que-esta-en-juego\/#primaryimage"},"thumbnailUrl":"https:\/\/www.foodsovereignty.org\/wp-content\/uploads\/2024\/01\/MariIPC-e1647252954880.jpeg","datePublished":"2022-03-14T10:28:28+00:00","dateModified":"2024-01-30T23:05:33+00:00","author":{"@id":"https:\/\/www.foodsovereignty.org\/es\/#\/schema\/person\/2022da6fc0f89b23596d0a63d82b61e1"},"breadcrumb":{"@id":"https:\/\/www.foodsovereignty.org\/es\/se-reanudan-las-conversaciones-sobre-biodiversidad-de-la-onu-en-ginebra-que-esta-en-juego\/#breadcrumb"},"inLanguage":"es","potentialAction":[{"@type":"ReadAction","target":["https:\/\/www.foodsovereignty.org\/es\/se-reanudan-las-conversaciones-sobre-biodiversidad-de-la-onu-en-ginebra-que-esta-en-juego\/"]}]},{"@type":"ImageObject","inLanguage":"es","@id":"https:\/\/www.foodsovereignty.org\/es\/se-reanudan-las-conversaciones-sobre-biodiversidad-de-la-onu-en-ginebra-que-esta-en-juego\/#primaryimage","url":"https:\/\/www.foodsovereignty.org\/wp-content\/uploads\/2024\/01\/MariIPC-e1647252954880.jpeg","contentUrl":"https:\/\/www.foodsovereignty.org\/wp-content\/uploads\/2024\/01\/MariIPC-e1647252954880.jpeg","width":2048,"height":1336},{"@type":"BreadcrumbList","@id":"https:\/\/www.foodsovereignty.org\/es\/se-reanudan-las-conversaciones-sobre-biodiversidad-de-la-onu-en-ginebra-que-esta-en-juego\/#breadcrumb","itemListElement":[{"@type":"ListItem","position":1,"name":"Home","item":"https:\/\/www.foodsovereignty.org\/es\/"},{"@type":"ListItem","position":2,"name":"Se reanudan las conversaciones sobre biodiversidad de la ONU en Ginebra: \u00bfQu\u00e9 est\u00e1 en juego?"}]},{"@type":"WebSite","@id":"https:\/\/www.foodsovereignty.org\/es\/#website","url":"https:\/\/www.foodsovereignty.org\/es\/","name":"International Planning Committee for Food Sovereignty (IPC)","description":"","potentialAction":[{"@type":"SearchAction","target":{"@type":"EntryPoint","urlTemplate":"https:\/\/www.foodsovereignty.org\/es\/?s={search_term_string}"},"query-input":{"@type":"PropertyValueSpecification","valueRequired":true,"valueName":"search_term_string"}}],"inLanguage":"es"},{"@type":"Person","@id":"https:\/\/www.foodsovereignty.org\/es\/#\/schema\/person\/2022da6fc0f89b23596d0a63d82b61e1","name":"ipc_staging","image":{"@type":"ImageObject","inLanguage":"es","@id":"https:\/\/secure.gravatar.com\/avatar\/fce93258e0a23ad6ba66052185f81fce65925c41d889b9d1b920a76951c434af?s=96&d=mm&r=g","url":"https:\/\/secure.gravatar.com\/avatar\/fce93258e0a23ad6ba66052185f81fce65925c41d889b9d1b920a76951c434af?s=96&d=mm&r=g","contentUrl":"https:\/\/secure.gravatar.com\/avatar\/fce93258e0a23ad6ba66052185f81fce65925c41d889b9d1b920a76951c434af?s=96&d=mm&r=g","caption":"ipc_staging"},"sameAs":["http:\/\/_"],"url":"https:\/\/www.foodsovereignty.org\/es\/author\/ipc_staging\/"}]}},"_links":{"self":[{"href":"https:\/\/www.foodsovereignty.org\/es\/wp-json\/wp\/v2\/posts\/2059","targetHints":{"allow":["GET"]}}],"collection":[{"href":"https:\/\/www.foodsovereignty.org\/es\/wp-json\/wp\/v2\/posts"}],"about":[{"href":"https:\/\/www.foodsovereignty.org\/es\/wp-json\/wp\/v2\/types\/post"}],"author":[{"embeddable":true,"href":"https:\/\/www.foodsovereignty.org\/es\/wp-json\/wp\/v2\/users\/1"}],"replies":[{"embeddable":true,"href":"https:\/\/www.foodsovereignty.org\/es\/wp-json\/wp\/v2\/comments?post=2059"}],"version-history":[{"count":1,"href":"https:\/\/www.foodsovereignty.org\/es\/wp-json\/wp\/v2\/posts\/2059\/revisions"}],"predecessor-version":[{"id":2827,"href":"https:\/\/www.foodsovereignty.org\/es\/wp-json\/wp\/v2\/posts\/2059\/revisions\/2827"}],"wp:featuredmedia":[{"embeddable":true,"href":"https:\/\/www.foodsovereignty.org\/es\/wp-json\/wp\/v2\/media\/2405"}],"wp:attachment":[{"href":"https:\/\/www.foodsovereignty.org\/es\/wp-json\/wp\/v2\/media?parent=2059"}],"wp:term":[{"taxonomy":"category","embeddable":true,"href":"https:\/\/www.foodsovereignty.org\/es\/wp-json\/wp\/v2\/categories?post=2059"},{"taxonomy":"post_tag","embeddable":true,"href":"https:\/\/www.foodsovereignty.org\/es\/wp-json\/wp\/v2\/tags?post=2059"}],"curies":[{"name":"wp","href":"https:\/\/api.w.org\/{rel}","templated":true}]}}