{"id":2061,"date":"2022-04-28T14:13:00","date_gmt":"2022-04-28T14:13:00","guid":{"rendered":"https:\/\/www.foodsovereignty.org\/participa-en-la-consulta-regional-de-las-osc-los-dias-8-y-9-de-mayo-de-2022\/"},"modified":"2024-01-30T23:05:33","modified_gmt":"2024-01-30T23:05:33","slug":"participa-en-la-consulta-regional-de-las-osc-los-dias-8-y-9-de-mayo-de-2022","status":"publish","type":"post","link":"https:\/\/www.foodsovereignty.org\/es\/participa-en-la-consulta-regional-de-las-osc-los-dias-8-y-9-de-mayo-de-2022\/","title":{"rendered":"Participa en la consulta regional de las OSC los d\u00edas 8 y 9 de mayo de 2022."},"content":{"rendered":"<p>El comit\u00e9 directivo de Ny\u00e9l\u00e9ni EAC\/CIP EAC para la consulta de las OSC se complace en informar a las organizaciones de la sociedad civil de la <strong>pr\u00f3xima consulta regional de las OSC<\/strong> que se celebrar\u00e1 en<strong> formato h\u00edbrido los d\u00edas 8 y 9 de mayo de 2022 en \u0141\u00f3d\u017a, Polonia<\/strong>, antes de la 33\u00aa Conferencia Regional de la FAO para Europa y Asia Central (EAC).  \u00danase a nosotros virtualmente enviando un correo electr\u00f3nico a la secretar\u00eda t\u00e9cnica de la ECA de Ny\u00e9l\u00e9ni, <strong>Olcay Bingol<\/strong> en nombre del Comit\u00e9 Directivo: <strong>cso.consultation2022@gmail.com<\/strong>. Compartiremos con usted el <strong>enlace de Zoom<\/strong>.  Habr\u00e1 interpretaci\u00f3n en ingl\u00e9s, ruso, franc\u00e9s, espa\u00f1ol, turco y polaco. <\/p>\n<ul>\n<li>Descargue el orden del d\u00eda de la reuni\u00f3n en <a href=\"https:\/\/www.foodsovereignty.org\/wp-content\/uploads\/2022\/04\/EN-AGENDA-CSO-Consultation_2022-05-0809.pdf\">ingl\u00e9s<\/a>, <a href=\"https:\/\/www.foodsovereignty.org\/wp-content\/uploads\/2022\/04\/RU-AGENDA-CSO-Consultation_2022-05-0809.pdf\">ruso<\/a>, <a href=\"https:\/\/www.foodsovereignty.org\/wp-content\/uploads\/2022\/04\/FR-AGENDA-CSO-Consultation_2022-05-0809.pdf\">franc\u00e9s<\/a>, <a href=\"https:\/\/www.foodsovereignty.org\/wp-content\/uploads\/2022\/04\/ES-AGENDA-CSO-Consultation_2022-05-0809.pdf\">espa\u00f1ol<\/a>, <a href=\"https:\/\/www.foodsovereignty.org\/wp-content\/uploads\/2022\/04\/TR-GUNDEM-STK-Istisaresi-2022-05-0809-.pdf\">turco<\/a> y <a href=\"https:\/\/www.foodsovereignty.org\/wp-content\/uploads\/2022\/04\/PL-AGENDA-CSO-Consultation_2022-05-0809.pdf\">polaco<\/a>.<\/li>\n<\/ul>\n<h3> <strong>\u00bfQu\u00e9 es una consulta de la sociedad civil?<\/strong><\/h3>\n<p> Las Consultas de la Sociedad Civil son reuniones organizadas de forma aut\u00f3noma por y para los actores de la Sociedad Civil en la regi\u00f3n &#8211; antes de las Conferencias Regionales de la FAO &#8211; destinadas a reunir a las organizaciones de la sociedad civil que representan a los grupos relevantes (peque\u00f1os agricultores, pescadores, pastores y ganaderos, habitantes de los bosques, minor\u00edas \u00e9tnicas y Pueblos Ind\u00edgenas, pobres urbanos, trabajadores agr\u00edcolas y alimentarios, j\u00f3venes y mujeres rurales, consumidores, ONGs). Los objetivos de estas consultas son debatir temas clave para la regi\u00f3n, evaluar lo que la FAO ha hecho en el bienio anterior y analizar y contribuir a los temas espec\u00edficos de la agenda de la Conferencia y reunir elementos para futuros planes de acci\u00f3n. <\/p>\n<h3><\/h3>\n<h3>\u00bfQui\u00e9n organiza?<\/h3>\n<p> En todas las regiones de la FAO, el Comit\u00e9 Internacional de Planificaci\u00f3n para la Soberan\u00eda Alimentaria (CIP), como plataforma mundial de productores de alimentos a peque\u00f1a escala y organizaciones de trabajadores rurales y movimientos sociales de base comunitaria, es responsable de facilitar el di\u00e1logo FAO-OSC a trav\u00e9s de sus Procesos Regionales. En nuestra regi\u00f3n (Europa y Asia Central), las consultas son organizadas por Ny\u00e9l\u00e9ni Europa y Asia Central (Ny\u00e9l\u00e9ni EAC). En el caso de Ny\u00e9l\u00e9ni EAC, la Coordinadora Europea V\u00eda Campesina (ECVC) act\u00faa como secretar\u00eda del Comit\u00e9 Directivo ad hoc del proceso regional de Consulta a las OSC. Este Comit\u00e9 Directivo facilita la participaci\u00f3n de las distintas organizaciones y circunscripciones en la Consulta de las OSC en la regi\u00f3n.  &nbsp; <\/p>\n<h3>\u00bfCu\u00e1l es la relaci\u00f3n con la Conferencia Regional de la FAO?<\/h3>\n<p> La Consulta de la Sociedad Civil preparar\u00e1 las aportaciones de las OSC relativas a los temas de la 33\u00aa Conferencia Regional de la FAO (ERC). Los portavoces, identificados por el plenario en la Consulta de las OSC, se inscribir\u00e1n para asistir a la Conferencia Regional de la FAO del 10 al 13 de mayo en \u0141\u00f3d\u017a, Polonia, y presentar\u00e1n all\u00ed la visi\u00f3n de las OSC durante los debates en nombre de las organizaciones que habr\u00e1n participado en la Consulta de las OSC.  Puede encontrar el orden del d\u00eda provisional anotado, el calendario provisional y la lista de documentos en <a href=\"https:\/\/www.fao.org\/about\/meetings\/regional-conferences\/erc33\/documents\/es\/\">este enlace<\/a>. <\/p>\n<h3><\/h3>\n<h3>El Comit\u00e9 Directivo de la Consulta Regional de las OSC de la CEPA<\/h3>\n<p> Ramona Duminicioiu y Paula Gioia, <strong>ECVC-Coordinaci\u00f3n Europea V\u00eda Campesina<\/strong> Rodion Sulyandziga,<strong> CSIPN &#8211; Centro de Apoyo a los Pueblos Ind\u00edgenas del Norte<\/strong> Valentina Sovkina, <strong>Parlamento Saami de la Pen\u00ednsula de Kola<\/strong> Elena Konoplianko &#8211; <strong>Indigenous Fishfolk of Far East\/ WFFP<\/strong> Olena Borodina &#8211; <strong>URDN &#8211; Red de Desarrollo Rural de Ucrania<\/strong> Aida Jamangulova, <strong>ADI, Agencia de Iniciativas de Desarrollo<\/strong> Fernando Garc\u00eda Dory &#8211; ESN European Chapter \/ WAMIP &#8211; The World Alliance of Mobile Indigenous Peoples Judith Hitchman e Isa \u00c1lvarez, URGENCI &#8211; Red Internacional de Agricultura Apoyada por la Comunidad Andrea Ferrante, <strong>Schola Campesina<\/strong>  &nbsp;<\/p>\n","protected":false},"excerpt":{"rendered":"<p>El comit\u00e9 directivo de Ny\u00e9l\u00e9ni EAC\/CIP EAC para la consulta de las OSC se complace en informar a las organizaciones de la sociedad civil de la pr\u00f3xima consulta regional de las OSC que se celebrar\u00e1 en formato h\u00edbrido los d\u00edas 8 y 9 de mayo de 2022 en \u0141\u00f3d\u017a, Polonia, antes de la 33\u00aa Conferencia [&hellip;]<\/p>\n","protected":false},"author":1,"featured_media":2413,"comment_status":"closed","ping_status":"open","sticky":false,"template":"","format":"standard","meta":{"_acf_changed":false,"footnotes":""},"categories":[61,60],"tags":[353,354,79,284],"class_list":["post-2061","post","type-post","status-publish","format-standard","has-post-thumbnail","hentry","category-eventos","category-noticias","tag-consulta","tag-eac","tag-fao","tag-osc","regional_processes_tax-europe-central-asia","working_groups_tax-agricultural-biodiversity","working_groups_tax-agroecology","working_groups_tax-fisheries","working_groups_tax-indigenous-peoples","working_groups_tax-jovenes","working_groups_tax-land-forests-water-and-territory"],"acf":[],"yoast_head":"<!-- This site is optimized with the Yoast SEO plugin v27.4 - https:\/\/yoast.com\/product\/yoast-seo-wordpress\/ -->\n<title>Participa en la consulta regional de las OSC los d\u00edas 8 y 9 de mayo de 2022. - International Planning Committee for Food Sovereignty (IPC)<\/title>\n<meta name=\"robots\" content=\"index, follow, max-snippet:-1, max-image-preview:large, max-video-preview:-1\" \/>\n<link rel=\"canonical\" href=\"https:\/\/www.foodsovereignty.org\/es\/participa-en-la-consulta-regional-de-las-osc-los-dias-8-y-9-de-mayo-de-2022\/\" \/>\n<meta property=\"og:locale\" content=\"es_ES\" \/>\n<meta property=\"og:type\" content=\"article\" \/>\n<meta property=\"og:title\" content=\"Participa en la consulta regional de las OSC los d\u00edas 8 y 9 de mayo de 2022. - International Planning Committee for Food Sovereignty (IPC)\" \/>\n<meta property=\"og:description\" content=\"El comit\u00e9 directivo de Ny\u00e9l\u00e9ni EAC\/CIP EAC para la consulta de las OSC se complace en informar a las organizaciones de la sociedad civil de la pr\u00f3xima consulta regional de las OSC que se celebrar\u00e1 en formato h\u00edbrido los d\u00edas 8 y 9 de mayo de 2022 en \u0141\u00f3d\u017a, Polonia, antes de la 33\u00aa Conferencia [&hellip;]\" \/>\n<meta property=\"og:url\" content=\"https:\/\/www.foodsovereignty.org\/es\/participa-en-la-consulta-regional-de-las-osc-los-dias-8-y-9-de-mayo-de-2022\/\" \/>\n<meta property=\"og:site_name\" content=\"International Planning Committee for Food Sovereignty (IPC)\" \/>\n<meta property=\"article:published_time\" content=\"2022-04-28T14:13:00+00:00\" \/>\n<meta property=\"article:modified_time\" content=\"2024-01-30T23:05:33+00:00\" \/>\n<meta property=\"og:image\" content=\"https:\/\/www.foodsovereignty.org\/wp-content\/uploads\/2024\/01\/Nyeleni-ECA-photo-1024x576.png\" \/>\n\t<meta property=\"og:image:width\" content=\"1024\" \/>\n\t<meta property=\"og:image:height\" content=\"576\" \/>\n\t<meta property=\"og:image:type\" content=\"image\/png\" \/>\n<meta name=\"author\" content=\"ipc_staging\" \/>\n<meta name=\"twitter:card\" content=\"summary_large_image\" \/>\n<meta name=\"twitter:label1\" content=\"Escrito por\" \/>\n\t<meta name=\"twitter:data1\" content=\"ipc_staging\" \/>\n\t<meta name=\"twitter:label2\" content=\"Tiempo de lectura\" \/>\n\t<meta name=\"twitter:data2\" content=\"3 minutos\" \/>\n<script type=\"application\/ld+json\" class=\"yoast-schema-graph\">{\"@context\":\"https:\\\/\\\/schema.org\",\"@graph\":[{\"@type\":\"Article\",\"@id\":\"https:\\\/\\\/www.foodsovereignty.org\\\/es\\\/participa-en-la-consulta-regional-de-las-osc-los-dias-8-y-9-de-mayo-de-2022\\\/#article\",\"isPartOf\":{\"@id\":\"https:\\\/\\\/www.foodsovereignty.org\\\/es\\\/participa-en-la-consulta-regional-de-las-osc-los-dias-8-y-9-de-mayo-de-2022\\\/\"},\"author\":{\"name\":\"ipc_staging\",\"@id\":\"https:\\\/\\\/www.foodsovereignty.org\\\/es\\\/#\\\/schema\\\/person\\\/2022da6fc0f89b23596d0a63d82b61e1\"},\"headline\":\"Participa en la consulta regional de las OSC los d\u00edas 8 y 9 de mayo de 2022.\",\"datePublished\":\"2022-04-28T14:13:00+00:00\",\"dateModified\":\"2024-01-30T23:05:33+00:00\",\"mainEntityOfPage\":{\"@id\":\"https:\\\/\\\/www.foodsovereignty.org\\\/es\\\/participa-en-la-consulta-regional-de-las-osc-los-dias-8-y-9-de-mayo-de-2022\\\/\"},\"wordCount\":666,\"image\":{\"@id\":\"https:\\\/\\\/www.foodsovereignty.org\\\/es\\\/participa-en-la-consulta-regional-de-las-osc-los-dias-8-y-9-de-mayo-de-2022\\\/#primaryimage\"},\"thumbnailUrl\":\"https:\\\/\\\/www.foodsovereignty.org\\\/wp-content\\\/uploads\\\/2024\\\/01\\\/Nyeleni-ECA-photo.png\",\"keywords\":[\"Consulta\",\"EAC\",\"fao\",\"OSC\"],\"articleSection\":[\"Eventos\",\"Noticias\"],\"inLanguage\":\"es\"},{\"@type\":\"WebPage\",\"@id\":\"https:\\\/\\\/www.foodsovereignty.org\\\/es\\\/participa-en-la-consulta-regional-de-las-osc-los-dias-8-y-9-de-mayo-de-2022\\\/\",\"url\":\"https:\\\/\\\/www.foodsovereignty.org\\\/es\\\/participa-en-la-consulta-regional-de-las-osc-los-dias-8-y-9-de-mayo-de-2022\\\/\",\"name\":\"Participa en la consulta regional de las OSC los d\u00edas 8 y 9 de mayo de 2022. - International Planning Committee for Food Sovereignty (IPC)\",\"isPartOf\":{\"@id\":\"https:\\\/\\\/www.foodsovereignty.org\\\/es\\\/#website\"},\"primaryImageOfPage\":{\"@id\":\"https:\\\/\\\/www.foodsovereignty.org\\\/es\\\/participa-en-la-consulta-regional-de-las-osc-los-dias-8-y-9-de-mayo-de-2022\\\/#primaryimage\"},\"image\":{\"@id\":\"https:\\\/\\\/www.foodsovereignty.org\\\/es\\\/participa-en-la-consulta-regional-de-las-osc-los-dias-8-y-9-de-mayo-de-2022\\\/#primaryimage\"},\"thumbnailUrl\":\"https:\\\/\\\/www.foodsovereignty.org\\\/wp-content\\\/uploads\\\/2024\\\/01\\\/Nyeleni-ECA-photo.png\",\"datePublished\":\"2022-04-28T14:13:00+00:00\",\"dateModified\":\"2024-01-30T23:05:33+00:00\",\"author\":{\"@id\":\"https:\\\/\\\/www.foodsovereignty.org\\\/es\\\/#\\\/schema\\\/person\\\/2022da6fc0f89b23596d0a63d82b61e1\"},\"breadcrumb\":{\"@id\":\"https:\\\/\\\/www.foodsovereignty.org\\\/es\\\/participa-en-la-consulta-regional-de-las-osc-los-dias-8-y-9-de-mayo-de-2022\\\/#breadcrumb\"},\"inLanguage\":\"es\",\"potentialAction\":[{\"@type\":\"ReadAction\",\"target\":[\"https:\\\/\\\/www.foodsovereignty.org\\\/es\\\/participa-en-la-consulta-regional-de-las-osc-los-dias-8-y-9-de-mayo-de-2022\\\/\"]}]},{\"@type\":\"ImageObject\",\"inLanguage\":\"es\",\"@id\":\"https:\\\/\\\/www.foodsovereignty.org\\\/es\\\/participa-en-la-consulta-regional-de-las-osc-los-dias-8-y-9-de-mayo-de-2022\\\/#primaryimage\",\"url\":\"https:\\\/\\\/www.foodsovereignty.org\\\/wp-content\\\/uploads\\\/2024\\\/01\\\/Nyeleni-ECA-photo.png\",\"contentUrl\":\"https:\\\/\\\/www.foodsovereignty.org\\\/wp-content\\\/uploads\\\/2024\\\/01\\\/Nyeleni-ECA-photo.png\",\"width\":2880,\"height\":1620},{\"@type\":\"BreadcrumbList\",\"@id\":\"https:\\\/\\\/www.foodsovereignty.org\\\/es\\\/participa-en-la-consulta-regional-de-las-osc-los-dias-8-y-9-de-mayo-de-2022\\\/#breadcrumb\",\"itemListElement\":[{\"@type\":\"ListItem\",\"position\":1,\"name\":\"Home\",\"item\":\"https:\\\/\\\/www.foodsovereignty.org\\\/es\\\/\"},{\"@type\":\"ListItem\",\"position\":2,\"name\":\"Participa en la consulta regional de las OSC los d\u00edas 8 y 9 de mayo de 2022.\"}]},{\"@type\":\"WebSite\",\"@id\":\"https:\\\/\\\/www.foodsovereignty.org\\\/es\\\/#website\",\"url\":\"https:\\\/\\\/www.foodsovereignty.org\\\/es\\\/\",\"name\":\"International Planning Committee for Food Sovereignty (IPC)\",\"description\":\"\",\"potentialAction\":[{\"@type\":\"SearchAction\",\"target\":{\"@type\":\"EntryPoint\",\"urlTemplate\":\"https:\\\/\\\/www.foodsovereignty.org\\\/es\\\/?s={search_term_string}\"},\"query-input\":{\"@type\":\"PropertyValueSpecification\",\"valueRequired\":true,\"valueName\":\"search_term_string\"}}],\"inLanguage\":\"es\"},{\"@type\":\"Person\",\"@id\":\"https:\\\/\\\/www.foodsovereignty.org\\\/es\\\/#\\\/schema\\\/person\\\/2022da6fc0f89b23596d0a63d82b61e1\",\"name\":\"ipc_staging\",\"image\":{\"@type\":\"ImageObject\",\"inLanguage\":\"es\",\"@id\":\"https:\\\/\\\/secure.gravatar.com\\\/avatar\\\/fce93258e0a23ad6ba66052185f81fce65925c41d889b9d1b920a76951c434af?s=96&d=mm&r=g\",\"url\":\"https:\\\/\\\/secure.gravatar.com\\\/avatar\\\/fce93258e0a23ad6ba66052185f81fce65925c41d889b9d1b920a76951c434af?s=96&d=mm&r=g\",\"contentUrl\":\"https:\\\/\\\/secure.gravatar.com\\\/avatar\\\/fce93258e0a23ad6ba66052185f81fce65925c41d889b9d1b920a76951c434af?s=96&d=mm&r=g\",\"caption\":\"ipc_staging\"},\"sameAs\":[\"http:\\\/\\\/_\"],\"url\":\"https:\\\/\\\/www.foodsovereignty.org\\\/es\\\/author\\\/ipc_staging\\\/\"}]}<\/script>\n<!-- \/ Yoast SEO plugin. -->","yoast_head_json":{"title":"Participa en la consulta regional de las OSC los d\u00edas 8 y 9 de mayo de 2022. - International Planning Committee for Food Sovereignty (IPC)","robots":{"index":"index","follow":"follow","max-snippet":"max-snippet:-1","max-image-preview":"max-image-preview:large","max-video-preview":"max-video-preview:-1"},"canonical":"https:\/\/www.foodsovereignty.org\/es\/participa-en-la-consulta-regional-de-las-osc-los-dias-8-y-9-de-mayo-de-2022\/","og_locale":"es_ES","og_type":"article","og_title":"Participa en la consulta regional de las OSC los d\u00edas 8 y 9 de mayo de 2022. - International Planning Committee for Food Sovereignty (IPC)","og_description":"El comit\u00e9 directivo de Ny\u00e9l\u00e9ni EAC\/CIP EAC para la consulta de las OSC se complace en informar a las organizaciones de la sociedad civil de la pr\u00f3xima consulta regional de las OSC que se celebrar\u00e1 en formato h\u00edbrido los d\u00edas 8 y 9 de mayo de 2022 en \u0141\u00f3d\u017a, Polonia, antes de la 33\u00aa Conferencia [&hellip;]","og_url":"https:\/\/www.foodsovereignty.org\/es\/participa-en-la-consulta-regional-de-las-osc-los-dias-8-y-9-de-mayo-de-2022\/","og_site_name":"International Planning Committee for Food Sovereignty (IPC)","article_published_time":"2022-04-28T14:13:00+00:00","article_modified_time":"2024-01-30T23:05:33+00:00","og_image":[{"width":1024,"height":576,"url":"https:\/\/www.foodsovereignty.org\/wp-content\/uploads\/2024\/01\/Nyeleni-ECA-photo-1024x576.png","type":"image\/png"}],"author":"ipc_staging","twitter_card":"summary_large_image","twitter_misc":{"Escrito por":"ipc_staging","Tiempo de lectura":"3 minutos"},"schema":{"@context":"https:\/\/schema.org","@graph":[{"@type":"Article","@id":"https:\/\/www.foodsovereignty.org\/es\/participa-en-la-consulta-regional-de-las-osc-los-dias-8-y-9-de-mayo-de-2022\/#article","isPartOf":{"@id":"https:\/\/www.foodsovereignty.org\/es\/participa-en-la-consulta-regional-de-las-osc-los-dias-8-y-9-de-mayo-de-2022\/"},"author":{"name":"ipc_staging","@id":"https:\/\/www.foodsovereignty.org\/es\/#\/schema\/person\/2022da6fc0f89b23596d0a63d82b61e1"},"headline":"Participa en la consulta regional de las OSC los d\u00edas 8 y 9 de mayo de 2022.","datePublished":"2022-04-28T14:13:00+00:00","dateModified":"2024-01-30T23:05:33+00:00","mainEntityOfPage":{"@id":"https:\/\/www.foodsovereignty.org\/es\/participa-en-la-consulta-regional-de-las-osc-los-dias-8-y-9-de-mayo-de-2022\/"},"wordCount":666,"image":{"@id":"https:\/\/www.foodsovereignty.org\/es\/participa-en-la-consulta-regional-de-las-osc-los-dias-8-y-9-de-mayo-de-2022\/#primaryimage"},"thumbnailUrl":"https:\/\/www.foodsovereignty.org\/wp-content\/uploads\/2024\/01\/Nyeleni-ECA-photo.png","keywords":["Consulta","EAC","fao","OSC"],"articleSection":["Eventos","Noticias"],"inLanguage":"es"},{"@type":"WebPage","@id":"https:\/\/www.foodsovereignty.org\/es\/participa-en-la-consulta-regional-de-las-osc-los-dias-8-y-9-de-mayo-de-2022\/","url":"https:\/\/www.foodsovereignty.org\/es\/participa-en-la-consulta-regional-de-las-osc-los-dias-8-y-9-de-mayo-de-2022\/","name":"Participa en la consulta regional de las OSC los d\u00edas 8 y 9 de mayo de 2022. - International Planning Committee for Food Sovereignty (IPC)","isPartOf":{"@id":"https:\/\/www.foodsovereignty.org\/es\/#website"},"primaryImageOfPage":{"@id":"https:\/\/www.foodsovereignty.org\/es\/participa-en-la-consulta-regional-de-las-osc-los-dias-8-y-9-de-mayo-de-2022\/#primaryimage"},"image":{"@id":"https:\/\/www.foodsovereignty.org\/es\/participa-en-la-consulta-regional-de-las-osc-los-dias-8-y-9-de-mayo-de-2022\/#primaryimage"},"thumbnailUrl":"https:\/\/www.foodsovereignty.org\/wp-content\/uploads\/2024\/01\/Nyeleni-ECA-photo.png","datePublished":"2022-04-28T14:13:00+00:00","dateModified":"2024-01-30T23:05:33+00:00","author":{"@id":"https:\/\/www.foodsovereignty.org\/es\/#\/schema\/person\/2022da6fc0f89b23596d0a63d82b61e1"},"breadcrumb":{"@id":"https:\/\/www.foodsovereignty.org\/es\/participa-en-la-consulta-regional-de-las-osc-los-dias-8-y-9-de-mayo-de-2022\/#breadcrumb"},"inLanguage":"es","potentialAction":[{"@type":"ReadAction","target":["https:\/\/www.foodsovereignty.org\/es\/participa-en-la-consulta-regional-de-las-osc-los-dias-8-y-9-de-mayo-de-2022\/"]}]},{"@type":"ImageObject","inLanguage":"es","@id":"https:\/\/www.foodsovereignty.org\/es\/participa-en-la-consulta-regional-de-las-osc-los-dias-8-y-9-de-mayo-de-2022\/#primaryimage","url":"https:\/\/www.foodsovereignty.org\/wp-content\/uploads\/2024\/01\/Nyeleni-ECA-photo.png","contentUrl":"https:\/\/www.foodsovereignty.org\/wp-content\/uploads\/2024\/01\/Nyeleni-ECA-photo.png","width":2880,"height":1620},{"@type":"BreadcrumbList","@id":"https:\/\/www.foodsovereignty.org\/es\/participa-en-la-consulta-regional-de-las-osc-los-dias-8-y-9-de-mayo-de-2022\/#breadcrumb","itemListElement":[{"@type":"ListItem","position":1,"name":"Home","item":"https:\/\/www.foodsovereignty.org\/es\/"},{"@type":"ListItem","position":2,"name":"Participa en la consulta regional de las OSC los d\u00edas 8 y 9 de mayo de 2022."}]},{"@type":"WebSite","@id":"https:\/\/www.foodsovereignty.org\/es\/#website","url":"https:\/\/www.foodsovereignty.org\/es\/","name":"International Planning Committee for Food Sovereignty (IPC)","description":"","potentialAction":[{"@type":"SearchAction","target":{"@type":"EntryPoint","urlTemplate":"https:\/\/www.foodsovereignty.org\/es\/?s={search_term_string}"},"query-input":{"@type":"PropertyValueSpecification","valueRequired":true,"valueName":"search_term_string"}}],"inLanguage":"es"},{"@type":"Person","@id":"https:\/\/www.foodsovereignty.org\/es\/#\/schema\/person\/2022da6fc0f89b23596d0a63d82b61e1","name":"ipc_staging","image":{"@type":"ImageObject","inLanguage":"es","@id":"https:\/\/secure.gravatar.com\/avatar\/fce93258e0a23ad6ba66052185f81fce65925c41d889b9d1b920a76951c434af?s=96&d=mm&r=g","url":"https:\/\/secure.gravatar.com\/avatar\/fce93258e0a23ad6ba66052185f81fce65925c41d889b9d1b920a76951c434af?s=96&d=mm&r=g","contentUrl":"https:\/\/secure.gravatar.com\/avatar\/fce93258e0a23ad6ba66052185f81fce65925c41d889b9d1b920a76951c434af?s=96&d=mm&r=g","caption":"ipc_staging"},"sameAs":["http:\/\/_"],"url":"https:\/\/www.foodsovereignty.org\/es\/author\/ipc_staging\/"}]}},"_links":{"self":[{"href":"https:\/\/www.foodsovereignty.org\/es\/wp-json\/wp\/v2\/posts\/2061","targetHints":{"allow":["GET"]}}],"collection":[{"href":"https:\/\/www.foodsovereignty.org\/es\/wp-json\/wp\/v2\/posts"}],"about":[{"href":"https:\/\/www.foodsovereignty.org\/es\/wp-json\/wp\/v2\/types\/post"}],"author":[{"embeddable":true,"href":"https:\/\/www.foodsovereignty.org\/es\/wp-json\/wp\/v2\/users\/1"}],"replies":[{"embeddable":true,"href":"https:\/\/www.foodsovereignty.org\/es\/wp-json\/wp\/v2\/comments?post=2061"}],"version-history":[{"count":1,"href":"https:\/\/www.foodsovereignty.org\/es\/wp-json\/wp\/v2\/posts\/2061\/revisions"}],"predecessor-version":[{"id":2829,"href":"https:\/\/www.foodsovereignty.org\/es\/wp-json\/wp\/v2\/posts\/2061\/revisions\/2829"}],"wp:featuredmedia":[{"embeddable":true,"href":"https:\/\/www.foodsovereignty.org\/es\/wp-json\/wp\/v2\/media\/2413"}],"wp:attachment":[{"href":"https:\/\/www.foodsovereignty.org\/es\/wp-json\/wp\/v2\/media?parent=2061"}],"wp:term":[{"taxonomy":"category","embeddable":true,"href":"https:\/\/www.foodsovereignty.org\/es\/wp-json\/wp\/v2\/categories?post=2061"},{"taxonomy":"post_tag","embeddable":true,"href":"https:\/\/www.foodsovereignty.org\/es\/wp-json\/wp\/v2\/tags?post=2061"}],"curies":[{"name":"wp","href":"https:\/\/api.w.org\/{rel}","templated":true}]}}