{"id":2084,"date":"2023-10-23T09:29:28","date_gmt":"2023-10-23T09:29:28","guid":{"rendered":"https:\/\/www.foodsovereignty.org\/mas-alla-del-dia-mundial-de-la-alimentacion-es-hora-de-aunar-esfuerzos-para-lograr-la-soberania-alimentaria\/"},"modified":"2024-01-30T23:05:47","modified_gmt":"2024-01-30T23:05:47","slug":"mas-alla-del-dia-mundial-de-la-alimentacion-es-hora-de-aunar-esfuerzos-para-lograr-la-soberania-alimentaria","status":"publish","type":"post","link":"https:\/\/www.foodsovereignty.org\/es\/mas-alla-del-dia-mundial-de-la-alimentacion-es-hora-de-aunar-esfuerzos-para-lograr-la-soberania-alimentaria\/","title":{"rendered":"M\u00e1s all\u00e1 del D\u00eda Mundial de la Alimentaci\u00f3n: es hora de aunar esfuerzos para lograr la soberan\u00eda alimentaria"},"content":{"rendered":"<p>El <strong>D\u00eda Mundial de la Alimentaci\u00f3n<\/strong> es una ocasi\u00f3n para que las organizaciones de peque\u00f1xs productorxs de alimentos celebren el papel crucial de la agricultura campesina, la agricultura familiar, la pesca artesanal, los sistemas alimentarios de los Pueblos Ind\u00edgenas, lxs consumidores y todas las formas de producci\u00f3n de alimentos que tienen lugar a nivel comunitario y territorial en la alimentaci\u00f3n del mundo. <strong>Las comunidades rurales, de los bosques y del agua y los Pueblos Ind\u00edgenas son portadoras de derechos<\/strong>, y sus organizaciones se han comprometido a un di\u00e1logo pol\u00edtico con instituciones globales desde 1996. Estos di\u00e1logos dieron como resultado hitos importantes para los derechos de los Pueblos Ind\u00edgenas: as\u00ed como los derechos de los productores de alimentos a peque\u00f1a escala: el Tratado Internacional sobre Recursos Fitogen\u00e9ticos con el concepto de Derechos del Agricultor; las Directrices voluntarias sobre la tenencia de la tierra (DVGT) y las Directrices voluntarias sobre la pesca en peque\u00f1a escala (Directrices PPE); La Declaraci\u00f3n de las Naciones Unidas sobre los Derechos de los Campesinos (UNDROP) y la Declaraci\u00f3n sobre los Derechos de los Pueblos Ind\u00edgenas (UNDRIP); los simposios internacionales sobre Agroecolog\u00eda, el Decenio de las Naciones Unidas para la Agricultura Familiar y la resoluci\u00f3n de las Naciones Unidas sobre Econom\u00eda Social y Solidaria.  &nbsp; <\/p>\n<p style=\"text-align: center;\"><a href=\"https:\/\/www.foodsovereignty.org\/wp-content\/uploads\/2023\/10\/Comunicado-CIP-Dia-Mundial-de-la-Alimentacion.pdf\" target=\"_blank\" rel=\"noopener\"><strong>LEA LA DECLARACI\u00d3N COMPLETA<\/strong><\/a><\/p>\n","protected":false},"excerpt":{"rendered":"<p>El D\u00eda Mundial de la Alimentaci\u00f3n es una ocasi\u00f3n para que las organizaciones de peque\u00f1xs productorxs de alimentos celebren el papel crucial de la agricultura campesina, la agricultura familiar, la pesca artesanal, los sistemas alimentarios de los Pueblos Ind\u00edgenas, lxs consumidores y todas las formas de producci\u00f3n de alimentos que tienen lugar a nivel comunitario [&hellip;]<\/p>\n","protected":false},"author":1,"featured_media":2494,"comment_status":"closed","ping_status":"open","sticky":false,"template":"","format":"standard","meta":{"_acf_changed":false,"footnotes":""},"categories":[60],"tags":[363,85,300],"class_list":["post-2084","post","type-post","status-publish","format-standard","has-post-thumbnail","hentry","category-noticias","tag-dia-mundial-de-la-alimentacion","tag-food-sovereignty","tag-soberania-alimentaria","regional_processes_tax-africa","regional_processes_tax-asia-pacific","regional_processes_tax-europe-central-asia","regional_processes_tax-latin-america-caribbean","regional_processes_tax-near-east-north-africa","working_groups_tax-agricultural-biodiversity","working_groups_tax-agroecology","working_groups_tax-fisheries","working_groups_tax-indigenous-peoples","working_groups_tax-jovenes","working_groups_tax-land-forests-water-and-territory"],"acf":[],"yoast_head":"<!-- This site is optimized with the Yoast SEO plugin v27.4 - https:\/\/yoast.com\/product\/yoast-seo-wordpress\/ -->\n<title>D\u00eda Mundial de la Alimentaci\u00f3n: la declaraci\u00f2n del CIP<\/title>\n<meta name=\"description\" content=\"M\u00e1s all\u00e1 del D\u00eda Mundial de la Alimentaci\u00f3n: es hora de aunar esfuerzos para lograr la soberan\u00eda alimentaria\" \/>\n<meta name=\"robots\" content=\"index, follow, max-snippet:-1, max-image-preview:large, max-video-preview:-1\" \/>\n<link rel=\"canonical\" href=\"https:\/\/www.foodsovereignty.org\/es\/mas-alla-del-dia-mundial-de-la-alimentacion-es-hora-de-aunar-esfuerzos-para-lograr-la-soberania-alimentaria\/\" \/>\n<meta property=\"og:locale\" content=\"es_ES\" \/>\n<meta property=\"og:type\" content=\"article\" \/>\n<meta property=\"og:title\" content=\"D\u00eda Mundial de la Alimentaci\u00f3n: la declaraci\u00f2n del CIP\" \/>\n<meta property=\"og:description\" content=\"M\u00e1s all\u00e1 del D\u00eda Mundial de la Alimentaci\u00f3n: es hora de aunar esfuerzos para lograr la soberan\u00eda alimentaria\" \/>\n<meta property=\"og:url\" content=\"https:\/\/www.foodsovereignty.org\/es\/mas-alla-del-dia-mundial-de-la-alimentacion-es-hora-de-aunar-esfuerzos-para-lograr-la-soberania-alimentaria\/\" \/>\n<meta property=\"og:site_name\" content=\"International Planning Committee for Food Sovereignty (IPC)\" \/>\n<meta property=\"article:published_time\" content=\"2023-10-23T09:29:28+00:00\" \/>\n<meta property=\"article:modified_time\" content=\"2024-01-30T23:05:47+00:00\" \/>\n<meta property=\"og:image\" content=\"https:\/\/www.foodsovereignty.org\/wp-content\/uploads\/2024\/01\/World-food-day.png\" \/>\n\t<meta property=\"og:image:width\" content=\"1920\" \/>\n\t<meta property=\"og:image:height\" content=\"1080\" \/>\n\t<meta property=\"og:image:type\" content=\"image\/png\" \/>\n<meta name=\"author\" content=\"ipc_staging\" \/>\n<meta name=\"twitter:card\" content=\"summary_large_image\" \/>\n<meta name=\"twitter:label1\" content=\"Escrito por\" \/>\n\t<meta name=\"twitter:data1\" content=\"ipc_staging\" \/>\n\t<meta name=\"twitter:label2\" content=\"Tiempo de lectura\" \/>\n\t<meta name=\"twitter:data2\" content=\"1 minuto\" \/>\n<script type=\"application\/ld+json\" class=\"yoast-schema-graph\">{\"@context\":\"https:\\\/\\\/schema.org\",\"@graph\":[{\"@type\":\"Article\",\"@id\":\"https:\\\/\\\/www.foodsovereignty.org\\\/es\\\/mas-alla-del-dia-mundial-de-la-alimentacion-es-hora-de-aunar-esfuerzos-para-lograr-la-soberania-alimentaria\\\/#article\",\"isPartOf\":{\"@id\":\"https:\\\/\\\/www.foodsovereignty.org\\\/es\\\/mas-alla-del-dia-mundial-de-la-alimentacion-es-hora-de-aunar-esfuerzos-para-lograr-la-soberania-alimentaria\\\/\"},\"author\":{\"name\":\"ipc_staging\",\"@id\":\"https:\\\/\\\/www.foodsovereignty.org\\\/es\\\/#\\\/schema\\\/person\\\/2022da6fc0f89b23596d0a63d82b61e1\"},\"headline\":\"M\u00e1s all\u00e1 del D\u00eda Mundial de la Alimentaci\u00f3n: es hora de aunar esfuerzos para lograr la soberan\u00eda alimentaria\",\"datePublished\":\"2023-10-23T09:29:28+00:00\",\"dateModified\":\"2024-01-30T23:05:47+00:00\",\"mainEntityOfPage\":{\"@id\":\"https:\\\/\\\/www.foodsovereignty.org\\\/es\\\/mas-alla-del-dia-mundial-de-la-alimentacion-es-hora-de-aunar-esfuerzos-para-lograr-la-soberania-alimentaria\\\/\"},\"wordCount\":254,\"image\":{\"@id\":\"https:\\\/\\\/www.foodsovereignty.org\\\/es\\\/mas-alla-del-dia-mundial-de-la-alimentacion-es-hora-de-aunar-esfuerzos-para-lograr-la-soberania-alimentaria\\\/#primaryimage\"},\"thumbnailUrl\":\"https:\\\/\\\/www.foodsovereignty.org\\\/wp-content\\\/uploads\\\/2024\\\/01\\\/World-food-day.png\",\"keywords\":[\"D\u00eda Mundial de la Alimentaci\u00f3n\",\"food sovereignty\",\"soberan\u00eda alimentaria\"],\"articleSection\":[\"Noticias\"],\"inLanguage\":\"es\"},{\"@type\":\"WebPage\",\"@id\":\"https:\\\/\\\/www.foodsovereignty.org\\\/es\\\/mas-alla-del-dia-mundial-de-la-alimentacion-es-hora-de-aunar-esfuerzos-para-lograr-la-soberania-alimentaria\\\/\",\"url\":\"https:\\\/\\\/www.foodsovereignty.org\\\/es\\\/mas-alla-del-dia-mundial-de-la-alimentacion-es-hora-de-aunar-esfuerzos-para-lograr-la-soberania-alimentaria\\\/\",\"name\":\"D\u00eda Mundial de la Alimentaci\u00f3n: la declaraci\u00f2n del CIP\",\"isPartOf\":{\"@id\":\"https:\\\/\\\/www.foodsovereignty.org\\\/es\\\/#website\"},\"primaryImageOfPage\":{\"@id\":\"https:\\\/\\\/www.foodsovereignty.org\\\/es\\\/mas-alla-del-dia-mundial-de-la-alimentacion-es-hora-de-aunar-esfuerzos-para-lograr-la-soberania-alimentaria\\\/#primaryimage\"},\"image\":{\"@id\":\"https:\\\/\\\/www.foodsovereignty.org\\\/es\\\/mas-alla-del-dia-mundial-de-la-alimentacion-es-hora-de-aunar-esfuerzos-para-lograr-la-soberania-alimentaria\\\/#primaryimage\"},\"thumbnailUrl\":\"https:\\\/\\\/www.foodsovereignty.org\\\/wp-content\\\/uploads\\\/2024\\\/01\\\/World-food-day.png\",\"datePublished\":\"2023-10-23T09:29:28+00:00\",\"dateModified\":\"2024-01-30T23:05:47+00:00\",\"author\":{\"@id\":\"https:\\\/\\\/www.foodsovereignty.org\\\/es\\\/#\\\/schema\\\/person\\\/2022da6fc0f89b23596d0a63d82b61e1\"},\"description\":\"M\u00e1s all\u00e1 del D\u00eda Mundial de la Alimentaci\u00f3n: es hora de aunar esfuerzos para lograr la soberan\u00eda alimentaria\",\"breadcrumb\":{\"@id\":\"https:\\\/\\\/www.foodsovereignty.org\\\/es\\\/mas-alla-del-dia-mundial-de-la-alimentacion-es-hora-de-aunar-esfuerzos-para-lograr-la-soberania-alimentaria\\\/#breadcrumb\"},\"inLanguage\":\"es\",\"potentialAction\":[{\"@type\":\"ReadAction\",\"target\":[\"https:\\\/\\\/www.foodsovereignty.org\\\/es\\\/mas-alla-del-dia-mundial-de-la-alimentacion-es-hora-de-aunar-esfuerzos-para-lograr-la-soberania-alimentaria\\\/\"]}]},{\"@type\":\"ImageObject\",\"inLanguage\":\"es\",\"@id\":\"https:\\\/\\\/www.foodsovereignty.org\\\/es\\\/mas-alla-del-dia-mundial-de-la-alimentacion-es-hora-de-aunar-esfuerzos-para-lograr-la-soberania-alimentaria\\\/#primaryimage\",\"url\":\"https:\\\/\\\/www.foodsovereignty.org\\\/wp-content\\\/uploads\\\/2024\\\/01\\\/World-food-day.png\",\"contentUrl\":\"https:\\\/\\\/www.foodsovereignty.org\\\/wp-content\\\/uploads\\\/2024\\\/01\\\/World-food-day.png\",\"width\":1920,\"height\":1080},{\"@type\":\"BreadcrumbList\",\"@id\":\"https:\\\/\\\/www.foodsovereignty.org\\\/es\\\/mas-alla-del-dia-mundial-de-la-alimentacion-es-hora-de-aunar-esfuerzos-para-lograr-la-soberania-alimentaria\\\/#breadcrumb\",\"itemListElement\":[{\"@type\":\"ListItem\",\"position\":1,\"name\":\"Home\",\"item\":\"https:\\\/\\\/www.foodsovereignty.org\\\/es\\\/\"},{\"@type\":\"ListItem\",\"position\":2,\"name\":\"M\u00e1s all\u00e1 del D\u00eda Mundial de la Alimentaci\u00f3n: es hora de aunar esfuerzos para lograr la soberan\u00eda alimentaria\"}]},{\"@type\":\"WebSite\",\"@id\":\"https:\\\/\\\/www.foodsovereignty.org\\\/es\\\/#website\",\"url\":\"https:\\\/\\\/www.foodsovereignty.org\\\/es\\\/\",\"name\":\"International Planning Committee for Food Sovereignty (IPC)\",\"description\":\"\",\"potentialAction\":[{\"@type\":\"SearchAction\",\"target\":{\"@type\":\"EntryPoint\",\"urlTemplate\":\"https:\\\/\\\/www.foodsovereignty.org\\\/es\\\/?s={search_term_string}\"},\"query-input\":{\"@type\":\"PropertyValueSpecification\",\"valueRequired\":true,\"valueName\":\"search_term_string\"}}],\"inLanguage\":\"es\"},{\"@type\":\"Person\",\"@id\":\"https:\\\/\\\/www.foodsovereignty.org\\\/es\\\/#\\\/schema\\\/person\\\/2022da6fc0f89b23596d0a63d82b61e1\",\"name\":\"ipc_staging\",\"image\":{\"@type\":\"ImageObject\",\"inLanguage\":\"es\",\"@id\":\"https:\\\/\\\/secure.gravatar.com\\\/avatar\\\/fce93258e0a23ad6ba66052185f81fce65925c41d889b9d1b920a76951c434af?s=96&d=mm&r=g\",\"url\":\"https:\\\/\\\/secure.gravatar.com\\\/avatar\\\/fce93258e0a23ad6ba66052185f81fce65925c41d889b9d1b920a76951c434af?s=96&d=mm&r=g\",\"contentUrl\":\"https:\\\/\\\/secure.gravatar.com\\\/avatar\\\/fce93258e0a23ad6ba66052185f81fce65925c41d889b9d1b920a76951c434af?s=96&d=mm&r=g\",\"caption\":\"ipc_staging\"},\"sameAs\":[\"http:\\\/\\\/_\"],\"url\":\"https:\\\/\\\/www.foodsovereignty.org\\\/es\\\/author\\\/ipc_staging\\\/\"}]}<\/script>\n<!-- \/ Yoast SEO plugin. -->","yoast_head_json":{"title":"D\u00eda Mundial de la Alimentaci\u00f3n: la declaraci\u00f2n del CIP","description":"M\u00e1s all\u00e1 del D\u00eda Mundial de la Alimentaci\u00f3n: es hora de aunar esfuerzos para lograr la soberan\u00eda alimentaria","robots":{"index":"index","follow":"follow","max-snippet":"max-snippet:-1","max-image-preview":"max-image-preview:large","max-video-preview":"max-video-preview:-1"},"canonical":"https:\/\/www.foodsovereignty.org\/es\/mas-alla-del-dia-mundial-de-la-alimentacion-es-hora-de-aunar-esfuerzos-para-lograr-la-soberania-alimentaria\/","og_locale":"es_ES","og_type":"article","og_title":"D\u00eda Mundial de la Alimentaci\u00f3n: la declaraci\u00f2n del CIP","og_description":"M\u00e1s all\u00e1 del D\u00eda Mundial de la Alimentaci\u00f3n: es hora de aunar esfuerzos para lograr la soberan\u00eda alimentaria","og_url":"https:\/\/www.foodsovereignty.org\/es\/mas-alla-del-dia-mundial-de-la-alimentacion-es-hora-de-aunar-esfuerzos-para-lograr-la-soberania-alimentaria\/","og_site_name":"International Planning Committee for Food Sovereignty (IPC)","article_published_time":"2023-10-23T09:29:28+00:00","article_modified_time":"2024-01-30T23:05:47+00:00","og_image":[{"width":1920,"height":1080,"url":"https:\/\/www.foodsovereignty.org\/wp-content\/uploads\/2024\/01\/World-food-day.png","type":"image\/png"}],"author":"ipc_staging","twitter_card":"summary_large_image","twitter_misc":{"Escrito por":"ipc_staging","Tiempo de lectura":"1 minuto"},"schema":{"@context":"https:\/\/schema.org","@graph":[{"@type":"Article","@id":"https:\/\/www.foodsovereignty.org\/es\/mas-alla-del-dia-mundial-de-la-alimentacion-es-hora-de-aunar-esfuerzos-para-lograr-la-soberania-alimentaria\/#article","isPartOf":{"@id":"https:\/\/www.foodsovereignty.org\/es\/mas-alla-del-dia-mundial-de-la-alimentacion-es-hora-de-aunar-esfuerzos-para-lograr-la-soberania-alimentaria\/"},"author":{"name":"ipc_staging","@id":"https:\/\/www.foodsovereignty.org\/es\/#\/schema\/person\/2022da6fc0f89b23596d0a63d82b61e1"},"headline":"M\u00e1s all\u00e1 del D\u00eda Mundial de la Alimentaci\u00f3n: es hora de aunar esfuerzos para lograr la soberan\u00eda alimentaria","datePublished":"2023-10-23T09:29:28+00:00","dateModified":"2024-01-30T23:05:47+00:00","mainEntityOfPage":{"@id":"https:\/\/www.foodsovereignty.org\/es\/mas-alla-del-dia-mundial-de-la-alimentacion-es-hora-de-aunar-esfuerzos-para-lograr-la-soberania-alimentaria\/"},"wordCount":254,"image":{"@id":"https:\/\/www.foodsovereignty.org\/es\/mas-alla-del-dia-mundial-de-la-alimentacion-es-hora-de-aunar-esfuerzos-para-lograr-la-soberania-alimentaria\/#primaryimage"},"thumbnailUrl":"https:\/\/www.foodsovereignty.org\/wp-content\/uploads\/2024\/01\/World-food-day.png","keywords":["D\u00eda Mundial de la Alimentaci\u00f3n","food sovereignty","soberan\u00eda alimentaria"],"articleSection":["Noticias"],"inLanguage":"es"},{"@type":"WebPage","@id":"https:\/\/www.foodsovereignty.org\/es\/mas-alla-del-dia-mundial-de-la-alimentacion-es-hora-de-aunar-esfuerzos-para-lograr-la-soberania-alimentaria\/","url":"https:\/\/www.foodsovereignty.org\/es\/mas-alla-del-dia-mundial-de-la-alimentacion-es-hora-de-aunar-esfuerzos-para-lograr-la-soberania-alimentaria\/","name":"D\u00eda Mundial de la Alimentaci\u00f3n: la declaraci\u00f2n del CIP","isPartOf":{"@id":"https:\/\/www.foodsovereignty.org\/es\/#website"},"primaryImageOfPage":{"@id":"https:\/\/www.foodsovereignty.org\/es\/mas-alla-del-dia-mundial-de-la-alimentacion-es-hora-de-aunar-esfuerzos-para-lograr-la-soberania-alimentaria\/#primaryimage"},"image":{"@id":"https:\/\/www.foodsovereignty.org\/es\/mas-alla-del-dia-mundial-de-la-alimentacion-es-hora-de-aunar-esfuerzos-para-lograr-la-soberania-alimentaria\/#primaryimage"},"thumbnailUrl":"https:\/\/www.foodsovereignty.org\/wp-content\/uploads\/2024\/01\/World-food-day.png","datePublished":"2023-10-23T09:29:28+00:00","dateModified":"2024-01-30T23:05:47+00:00","author":{"@id":"https:\/\/www.foodsovereignty.org\/es\/#\/schema\/person\/2022da6fc0f89b23596d0a63d82b61e1"},"description":"M\u00e1s all\u00e1 del D\u00eda Mundial de la Alimentaci\u00f3n: es hora de aunar esfuerzos para lograr la soberan\u00eda alimentaria","breadcrumb":{"@id":"https:\/\/www.foodsovereignty.org\/es\/mas-alla-del-dia-mundial-de-la-alimentacion-es-hora-de-aunar-esfuerzos-para-lograr-la-soberania-alimentaria\/#breadcrumb"},"inLanguage":"es","potentialAction":[{"@type":"ReadAction","target":["https:\/\/www.foodsovereignty.org\/es\/mas-alla-del-dia-mundial-de-la-alimentacion-es-hora-de-aunar-esfuerzos-para-lograr-la-soberania-alimentaria\/"]}]},{"@type":"ImageObject","inLanguage":"es","@id":"https:\/\/www.foodsovereignty.org\/es\/mas-alla-del-dia-mundial-de-la-alimentacion-es-hora-de-aunar-esfuerzos-para-lograr-la-soberania-alimentaria\/#primaryimage","url":"https:\/\/www.foodsovereignty.org\/wp-content\/uploads\/2024\/01\/World-food-day.png","contentUrl":"https:\/\/www.foodsovereignty.org\/wp-content\/uploads\/2024\/01\/World-food-day.png","width":1920,"height":1080},{"@type":"BreadcrumbList","@id":"https:\/\/www.foodsovereignty.org\/es\/mas-alla-del-dia-mundial-de-la-alimentacion-es-hora-de-aunar-esfuerzos-para-lograr-la-soberania-alimentaria\/#breadcrumb","itemListElement":[{"@type":"ListItem","position":1,"name":"Home","item":"https:\/\/www.foodsovereignty.org\/es\/"},{"@type":"ListItem","position":2,"name":"M\u00e1s all\u00e1 del D\u00eda Mundial de la Alimentaci\u00f3n: es hora de aunar esfuerzos para lograr la soberan\u00eda alimentaria"}]},{"@type":"WebSite","@id":"https:\/\/www.foodsovereignty.org\/es\/#website","url":"https:\/\/www.foodsovereignty.org\/es\/","name":"International Planning Committee for Food Sovereignty (IPC)","description":"","potentialAction":[{"@type":"SearchAction","target":{"@type":"EntryPoint","urlTemplate":"https:\/\/www.foodsovereignty.org\/es\/?s={search_term_string}"},"query-input":{"@type":"PropertyValueSpecification","valueRequired":true,"valueName":"search_term_string"}}],"inLanguage":"es"},{"@type":"Person","@id":"https:\/\/www.foodsovereignty.org\/es\/#\/schema\/person\/2022da6fc0f89b23596d0a63d82b61e1","name":"ipc_staging","image":{"@type":"ImageObject","inLanguage":"es","@id":"https:\/\/secure.gravatar.com\/avatar\/fce93258e0a23ad6ba66052185f81fce65925c41d889b9d1b920a76951c434af?s=96&d=mm&r=g","url":"https:\/\/secure.gravatar.com\/avatar\/fce93258e0a23ad6ba66052185f81fce65925c41d889b9d1b920a76951c434af?s=96&d=mm&r=g","contentUrl":"https:\/\/secure.gravatar.com\/avatar\/fce93258e0a23ad6ba66052185f81fce65925c41d889b9d1b920a76951c434af?s=96&d=mm&r=g","caption":"ipc_staging"},"sameAs":["http:\/\/_"],"url":"https:\/\/www.foodsovereignty.org\/es\/author\/ipc_staging\/"}]}},"_links":{"self":[{"href":"https:\/\/www.foodsovereignty.org\/es\/wp-json\/wp\/v2\/posts\/2084","targetHints":{"allow":["GET"]}}],"collection":[{"href":"https:\/\/www.foodsovereignty.org\/es\/wp-json\/wp\/v2\/posts"}],"about":[{"href":"https:\/\/www.foodsovereignty.org\/es\/wp-json\/wp\/v2\/types\/post"}],"author":[{"embeddable":true,"href":"https:\/\/www.foodsovereignty.org\/es\/wp-json\/wp\/v2\/users\/1"}],"replies":[{"embeddable":true,"href":"https:\/\/www.foodsovereignty.org\/es\/wp-json\/wp\/v2\/comments?post=2084"}],"version-history":[{"count":1,"href":"https:\/\/www.foodsovereignty.org\/es\/wp-json\/wp\/v2\/posts\/2084\/revisions"}],"predecessor-version":[{"id":2858,"href":"https:\/\/www.foodsovereignty.org\/es\/wp-json\/wp\/v2\/posts\/2084\/revisions\/2858"}],"wp:featuredmedia":[{"embeddable":true,"href":"https:\/\/www.foodsovereignty.org\/es\/wp-json\/wp\/v2\/media\/2494"}],"wp:attachment":[{"href":"https:\/\/www.foodsovereignty.org\/es\/wp-json\/wp\/v2\/media?parent=2084"}],"wp:term":[{"taxonomy":"category","embeddable":true,"href":"https:\/\/www.foodsovereignty.org\/es\/wp-json\/wp\/v2\/categories?post=2084"},{"taxonomy":"post_tag","embeddable":true,"href":"https:\/\/www.foodsovereignty.org\/es\/wp-json\/wp\/v2\/tags?post=2084"}],"curies":[{"name":"wp","href":"https:\/\/api.w.org\/{rel}","templated":true}]}}