{"id":3590,"date":"2024-02-28T14:42:10","date_gmt":"2024-02-28T14:42:10","guid":{"rendered":"https:\/\/www.foodsovereignty.org\/?p=3590"},"modified":"2024-02-28T15:14:32","modified_gmt":"2024-02-28T15:14:32","slug":"osc-debate-conferencia-regional-fao-africa","status":"publish","type":"post","link":"https:\/\/www.foodsovereignty.org\/es\/osc-debate-conferencia-regional-fao-africa\/","title":{"rendered":"La sociedad civil africana debate antes de la Conferencia Regional FAO"},"content":{"rendered":"<p><em>La ciudad de Casablanca, en Marruecos, acogi\u00f3 los d\u00edas 21 y 22 de febrero de 2024 la <strong>consulta de la sociedad civil africana en el marco de la 33\u00aa conferencia regional FAO para \u00c1frica<\/strong>.<\/em><\/p>\n<p>Esta importante reuni\u00f3n fue organizada por la Uni\u00f3n Marroqu\u00ed de Agricultores bajo la direcci\u00f3n del Comit\u00e9 Directivo para la consulta de las organizaciones de la sociedad civil africana (OSC), compuesto con motivo de la V\u00eda Campesina, PAFO, ROPPA, MIJARC, &#8230;de conformidad con los principios de autonom\u00eda y auto-organizaci\u00f3n.<\/p>\n<p>La reuni\u00f3n cont\u00f3 con la participaci\u00f3n de 42 representantes de OSC nacionales, regionales e internacionales de campesinos, mujeres y j\u00f3venes rurales, pescadores, trabajadores agr\u00edcolas, ganaderos\/pastoralistas, procesadores, pueblos ind\u00edgenas, cooperativas, consumidores y ONG, procedentes de 20 pa\u00edses africanos para debatir no s\u00f3lo las cuestiones relevantes del orden del d\u00eda de la Conferencia Regional, sino tambi\u00e9n las relaciones, retos, demandas y propuestas de las OSC a la FAO y a los gobiernos.<\/p>\n<p>Las Consultas de la Sociedad Civil son reuniones organizadas, de forma aut\u00f3noma, por y para los actores de la sociedad civil de la regi\u00f3n, antes de la Conferencia Regional de la FAO. Tienen como objetivo reunir a las organizaciones de la sociedad civil, representando a diferentes sectores, para discutir temas espec\u00edficos de la agenda de la Conferencia y cuestiones clave relevantes para la regi\u00f3n.<\/p>\n<p>Esta consulta no s\u00f3lo dio lugar a una declaraci\u00f3n dirigida a la FAO y a los gobiernos, sino tambi\u00e9n a la identificaci\u00f3n de los 3 portavoces que representar\u00e1n a las OSC en la 33\u00aa conferencia regional de la FAO, que se celebrar\u00e1 del 24 al 28 de abril de 2024 en Rabat (Marruecos). La conferencia tambi\u00e9n registr\u00f3 la designaci\u00f3n de nuevos miembros para el comit\u00e9 directivo de la pr\u00f3xima consulta que se celebrar\u00e1 dentro de dos (2) a\u00f1os.<\/p>\n<p style=\"text-align: center;\"><a class=\"btn btn-yellow\" href=\"https:\/\/www.foodsovereignty.org\/wp-content\/uploads\/2024\/02\/EN-DECLARATION-CSO__33rd_FAO_REGIONAL_def.pdf\" target=\"_blank\" rel=\"noopener\">Lea la declaraci\u00f3n (EN)<\/a><\/p>\n<p>&nbsp;<\/p>\n","protected":false},"excerpt":{"rendered":"<p>La ciudad de Casablanca, en Marruecos, acogi\u00f3 los d\u00edas 21 y 22 de febrero de 2024 la consulta de la sociedad civil africana en el marco de la 33\u00aa conferencia regional FAO para \u00c1frica. Esta importante reuni\u00f3n fue organizada por la Uni\u00f3n Marroqu\u00ed de Agricultores bajo la direcci\u00f3n del Comit\u00e9 Directivo para la consulta de [&hellip;]<\/p>\n","protected":false},"author":7,"featured_media":3583,"comment_status":"closed","ping_status":"closed","sticky":false,"template":"","format":"standard","meta":{"_acf_changed":false,"footnotes":""},"categories":[60],"tags":[380],"class_list":["post-3590","post","type-post","status-publish","format-standard","has-post-thumbnail","hentry","category-noticias","tag-conferencia-regional-fao","regional_processes_tax-africa"],"acf":[],"yoast_head":"<!-- This site is optimized with the Yoast SEO plugin v27.4 - https:\/\/yoast.com\/product\/yoast-seo-wordpress\/ -->\n<title>Las OSC de Africa debate antes de la Conferencia Regional FAO<\/title>\n<meta name=\"description\" content=\"La ciudad de Casablanca acogi\u00f3 la consulta de la sociedad civil africana en el marco de la 33\u00aa conferencia regional FAO para \u00c1frica\" \/>\n<meta name=\"robots\" content=\"index, follow, max-snippet:-1, max-image-preview:large, max-video-preview:-1\" \/>\n<link rel=\"canonical\" href=\"https:\/\/www.foodsovereignty.org\/es\/osc-debate-conferencia-regional-fao-africa\/\" \/>\n<meta property=\"og:locale\" content=\"es_ES\" \/>\n<meta property=\"og:type\" content=\"article\" \/>\n<meta property=\"og:title\" content=\"Las OSC de Africa debate antes de la Conferencia Regional FAO\" \/>\n<meta property=\"og:description\" content=\"La ciudad de Casablanca acogi\u00f3 la consulta de la sociedad civil africana en el marco de la 33\u00aa conferencia regional FAO para \u00c1frica\" \/>\n<meta property=\"og:url\" content=\"https:\/\/www.foodsovereignty.org\/es\/osc-debate-conferencia-regional-fao-africa\/\" \/>\n<meta property=\"og:site_name\" content=\"International Planning Committee for Food Sovereignty (IPC)\" \/>\n<meta property=\"article:published_time\" content=\"2024-02-28T14:42:10+00:00\" \/>\n<meta property=\"article:modified_time\" content=\"2024-02-28T15:14:32+00:00\" \/>\n<meta property=\"og:image\" content=\"https:\/\/www.foodsovereignty.org\/wp-content\/uploads\/2024\/02\/FAO-Regional-Conference-Africa_CSO-cons.jpg\" \/>\n\t<meta property=\"og:image:width\" content=\"1600\" \/>\n\t<meta property=\"og:image:height\" content=\"899\" \/>\n\t<meta property=\"og:image:type\" content=\"image\/jpeg\" \/>\n<meta name=\"author\" content=\"IPC comms\" \/>\n<meta name=\"twitter:card\" content=\"summary_large_image\" \/>\n<meta name=\"twitter:label1\" content=\"Escrito por\" \/>\n\t<meta name=\"twitter:data1\" content=\"IPC comms\" \/>\n\t<meta name=\"twitter:label2\" content=\"Tiempo de lectura\" \/>\n\t<meta name=\"twitter:data2\" content=\"2 minutos\" \/>\n<script type=\"application\/ld+json\" class=\"yoast-schema-graph\">{\"@context\":\"https:\\\/\\\/schema.org\",\"@graph\":[{\"@type\":\"Article\",\"@id\":\"https:\\\/\\\/www.foodsovereignty.org\\\/es\\\/osc-debate-conferencia-regional-fao-africa\\\/#article\",\"isPartOf\":{\"@id\":\"https:\\\/\\\/www.foodsovereignty.org\\\/es\\\/osc-debate-conferencia-regional-fao-africa\\\/\"},\"author\":{\"name\":\"IPC comms\",\"@id\":\"https:\\\/\\\/www.foodsovereignty.org\\\/es\\\/#\\\/schema\\\/person\\\/c5d86d7101c42543207204332399e87e\"},\"headline\":\"La sociedad civil africana debate antes de la Conferencia Regional FAO\",\"datePublished\":\"2024-02-28T14:42:10+00:00\",\"dateModified\":\"2024-02-28T15:14:32+00:00\",\"mainEntityOfPage\":{\"@id\":\"https:\\\/\\\/www.foodsovereignty.org\\\/es\\\/osc-debate-conferencia-regional-fao-africa\\\/\"},\"wordCount\":329,\"image\":{\"@id\":\"https:\\\/\\\/www.foodsovereignty.org\\\/es\\\/osc-debate-conferencia-regional-fao-africa\\\/#primaryimage\"},\"thumbnailUrl\":\"https:\\\/\\\/www.foodsovereignty.org\\\/wp-content\\\/uploads\\\/2024\\\/02\\\/FAO-Regional-Conference-Africa_CSO-cons.jpg\",\"keywords\":[\"conferencia regional FAO\"],\"articleSection\":[\"Noticias\"],\"inLanguage\":\"es\"},{\"@type\":\"WebPage\",\"@id\":\"https:\\\/\\\/www.foodsovereignty.org\\\/es\\\/osc-debate-conferencia-regional-fao-africa\\\/\",\"url\":\"https:\\\/\\\/www.foodsovereignty.org\\\/es\\\/osc-debate-conferencia-regional-fao-africa\\\/\",\"name\":\"Las OSC de Africa debate antes de la Conferencia Regional FAO\",\"isPartOf\":{\"@id\":\"https:\\\/\\\/www.foodsovereignty.org\\\/es\\\/#website\"},\"primaryImageOfPage\":{\"@id\":\"https:\\\/\\\/www.foodsovereignty.org\\\/es\\\/osc-debate-conferencia-regional-fao-africa\\\/#primaryimage\"},\"image\":{\"@id\":\"https:\\\/\\\/www.foodsovereignty.org\\\/es\\\/osc-debate-conferencia-regional-fao-africa\\\/#primaryimage\"},\"thumbnailUrl\":\"https:\\\/\\\/www.foodsovereignty.org\\\/wp-content\\\/uploads\\\/2024\\\/02\\\/FAO-Regional-Conference-Africa_CSO-cons.jpg\",\"datePublished\":\"2024-02-28T14:42:10+00:00\",\"dateModified\":\"2024-02-28T15:14:32+00:00\",\"author\":{\"@id\":\"https:\\\/\\\/www.foodsovereignty.org\\\/es\\\/#\\\/schema\\\/person\\\/c5d86d7101c42543207204332399e87e\"},\"description\":\"La ciudad de Casablanca acogi\u00f3 la consulta de la sociedad civil africana en el marco de la 33\u00aa conferencia regional FAO para \u00c1frica\",\"breadcrumb\":{\"@id\":\"https:\\\/\\\/www.foodsovereignty.org\\\/es\\\/osc-debate-conferencia-regional-fao-africa\\\/#breadcrumb\"},\"inLanguage\":\"es\",\"potentialAction\":[{\"@type\":\"ReadAction\",\"target\":[\"https:\\\/\\\/www.foodsovereignty.org\\\/es\\\/osc-debate-conferencia-regional-fao-africa\\\/\"]}]},{\"@type\":\"ImageObject\",\"inLanguage\":\"es\",\"@id\":\"https:\\\/\\\/www.foodsovereignty.org\\\/es\\\/osc-debate-conferencia-regional-fao-africa\\\/#primaryimage\",\"url\":\"https:\\\/\\\/www.foodsovereignty.org\\\/wp-content\\\/uploads\\\/2024\\\/02\\\/FAO-Regional-Conference-Africa_CSO-cons.jpg\",\"contentUrl\":\"https:\\\/\\\/www.foodsovereignty.org\\\/wp-content\\\/uploads\\\/2024\\\/02\\\/FAO-Regional-Conference-Africa_CSO-cons.jpg\",\"width\":1600,\"height\":899,\"caption\":\"FAO Regional Conference for Africa - CSO Consultation\"},{\"@type\":\"BreadcrumbList\",\"@id\":\"https:\\\/\\\/www.foodsovereignty.org\\\/es\\\/osc-debate-conferencia-regional-fao-africa\\\/#breadcrumb\",\"itemListElement\":[{\"@type\":\"ListItem\",\"position\":1,\"name\":\"Home\",\"item\":\"https:\\\/\\\/www.foodsovereignty.org\\\/es\\\/\"},{\"@type\":\"ListItem\",\"position\":2,\"name\":\"La sociedad civil africana debate antes de la Conferencia Regional FAO\"}]},{\"@type\":\"WebSite\",\"@id\":\"https:\\\/\\\/www.foodsovereignty.org\\\/es\\\/#website\",\"url\":\"https:\\\/\\\/www.foodsovereignty.org\\\/es\\\/\",\"name\":\"International Planning Committee for Food Sovereignty (IPC)\",\"description\":\"\",\"potentialAction\":[{\"@type\":\"SearchAction\",\"target\":{\"@type\":\"EntryPoint\",\"urlTemplate\":\"https:\\\/\\\/www.foodsovereignty.org\\\/es\\\/?s={search_term_string}\"},\"query-input\":{\"@type\":\"PropertyValueSpecification\",\"valueRequired\":true,\"valueName\":\"search_term_string\"}}],\"inLanguage\":\"es\"},{\"@type\":\"Person\",\"@id\":\"https:\\\/\\\/www.foodsovereignty.org\\\/es\\\/#\\\/schema\\\/person\\\/c5d86d7101c42543207204332399e87e\",\"name\":\"IPC comms\",\"image\":{\"@type\":\"ImageObject\",\"inLanguage\":\"es\",\"@id\":\"https:\\\/\\\/secure.gravatar.com\\\/avatar\\\/383f0d7b56f08da80de57d5d3281a5757594759261b9b8cdeb29616624681e03?s=96&d=mm&r=g\",\"url\":\"https:\\\/\\\/secure.gravatar.com\\\/avatar\\\/383f0d7b56f08da80de57d5d3281a5757594759261b9b8cdeb29616624681e03?s=96&d=mm&r=g\",\"contentUrl\":\"https:\\\/\\\/secure.gravatar.com\\\/avatar\\\/383f0d7b56f08da80de57d5d3281a5757594759261b9b8cdeb29616624681e03?s=96&d=mm&r=g\",\"caption\":\"IPC comms\"},\"url\":\"https:\\\/\\\/www.foodsovereignty.org\\\/es\\\/author\\\/ipc-comms\\\/\"}]}<\/script>\n<!-- \/ Yoast SEO plugin. -->","yoast_head_json":{"title":"Las OSC de Africa debate antes de la Conferencia Regional FAO","description":"La ciudad de Casablanca acogi\u00f3 la consulta de la sociedad civil africana en el marco de la 33\u00aa conferencia regional FAO para \u00c1frica","robots":{"index":"index","follow":"follow","max-snippet":"max-snippet:-1","max-image-preview":"max-image-preview:large","max-video-preview":"max-video-preview:-1"},"canonical":"https:\/\/www.foodsovereignty.org\/es\/osc-debate-conferencia-regional-fao-africa\/","og_locale":"es_ES","og_type":"article","og_title":"Las OSC de Africa debate antes de la Conferencia Regional FAO","og_description":"La ciudad de Casablanca acogi\u00f3 la consulta de la sociedad civil africana en el marco de la 33\u00aa conferencia regional FAO para \u00c1frica","og_url":"https:\/\/www.foodsovereignty.org\/es\/osc-debate-conferencia-regional-fao-africa\/","og_site_name":"International Planning Committee for Food Sovereignty (IPC)","article_published_time":"2024-02-28T14:42:10+00:00","article_modified_time":"2024-02-28T15:14:32+00:00","og_image":[{"width":1600,"height":899,"url":"https:\/\/www.foodsovereignty.org\/wp-content\/uploads\/2024\/02\/FAO-Regional-Conference-Africa_CSO-cons.jpg","type":"image\/jpeg"}],"author":"IPC comms","twitter_card":"summary_large_image","twitter_misc":{"Escrito por":"IPC comms","Tiempo de lectura":"2 minutos"},"schema":{"@context":"https:\/\/schema.org","@graph":[{"@type":"Article","@id":"https:\/\/www.foodsovereignty.org\/es\/osc-debate-conferencia-regional-fao-africa\/#article","isPartOf":{"@id":"https:\/\/www.foodsovereignty.org\/es\/osc-debate-conferencia-regional-fao-africa\/"},"author":{"name":"IPC comms","@id":"https:\/\/www.foodsovereignty.org\/es\/#\/schema\/person\/c5d86d7101c42543207204332399e87e"},"headline":"La sociedad civil africana debate antes de la Conferencia Regional FAO","datePublished":"2024-02-28T14:42:10+00:00","dateModified":"2024-02-28T15:14:32+00:00","mainEntityOfPage":{"@id":"https:\/\/www.foodsovereignty.org\/es\/osc-debate-conferencia-regional-fao-africa\/"},"wordCount":329,"image":{"@id":"https:\/\/www.foodsovereignty.org\/es\/osc-debate-conferencia-regional-fao-africa\/#primaryimage"},"thumbnailUrl":"https:\/\/www.foodsovereignty.org\/wp-content\/uploads\/2024\/02\/FAO-Regional-Conference-Africa_CSO-cons.jpg","keywords":["conferencia regional FAO"],"articleSection":["Noticias"],"inLanguage":"es"},{"@type":"WebPage","@id":"https:\/\/www.foodsovereignty.org\/es\/osc-debate-conferencia-regional-fao-africa\/","url":"https:\/\/www.foodsovereignty.org\/es\/osc-debate-conferencia-regional-fao-africa\/","name":"Las OSC de Africa debate antes de la Conferencia Regional FAO","isPartOf":{"@id":"https:\/\/www.foodsovereignty.org\/es\/#website"},"primaryImageOfPage":{"@id":"https:\/\/www.foodsovereignty.org\/es\/osc-debate-conferencia-regional-fao-africa\/#primaryimage"},"image":{"@id":"https:\/\/www.foodsovereignty.org\/es\/osc-debate-conferencia-regional-fao-africa\/#primaryimage"},"thumbnailUrl":"https:\/\/www.foodsovereignty.org\/wp-content\/uploads\/2024\/02\/FAO-Regional-Conference-Africa_CSO-cons.jpg","datePublished":"2024-02-28T14:42:10+00:00","dateModified":"2024-02-28T15:14:32+00:00","author":{"@id":"https:\/\/www.foodsovereignty.org\/es\/#\/schema\/person\/c5d86d7101c42543207204332399e87e"},"description":"La ciudad de Casablanca acogi\u00f3 la consulta de la sociedad civil africana en el marco de la 33\u00aa conferencia regional FAO para \u00c1frica","breadcrumb":{"@id":"https:\/\/www.foodsovereignty.org\/es\/osc-debate-conferencia-regional-fao-africa\/#breadcrumb"},"inLanguage":"es","potentialAction":[{"@type":"ReadAction","target":["https:\/\/www.foodsovereignty.org\/es\/osc-debate-conferencia-regional-fao-africa\/"]}]},{"@type":"ImageObject","inLanguage":"es","@id":"https:\/\/www.foodsovereignty.org\/es\/osc-debate-conferencia-regional-fao-africa\/#primaryimage","url":"https:\/\/www.foodsovereignty.org\/wp-content\/uploads\/2024\/02\/FAO-Regional-Conference-Africa_CSO-cons.jpg","contentUrl":"https:\/\/www.foodsovereignty.org\/wp-content\/uploads\/2024\/02\/FAO-Regional-Conference-Africa_CSO-cons.jpg","width":1600,"height":899,"caption":"FAO Regional Conference for Africa - CSO Consultation"},{"@type":"BreadcrumbList","@id":"https:\/\/www.foodsovereignty.org\/es\/osc-debate-conferencia-regional-fao-africa\/#breadcrumb","itemListElement":[{"@type":"ListItem","position":1,"name":"Home","item":"https:\/\/www.foodsovereignty.org\/es\/"},{"@type":"ListItem","position":2,"name":"La sociedad civil africana debate antes de la Conferencia Regional FAO"}]},{"@type":"WebSite","@id":"https:\/\/www.foodsovereignty.org\/es\/#website","url":"https:\/\/www.foodsovereignty.org\/es\/","name":"International Planning Committee for Food Sovereignty (IPC)","description":"","potentialAction":[{"@type":"SearchAction","target":{"@type":"EntryPoint","urlTemplate":"https:\/\/www.foodsovereignty.org\/es\/?s={search_term_string}"},"query-input":{"@type":"PropertyValueSpecification","valueRequired":true,"valueName":"search_term_string"}}],"inLanguage":"es"},{"@type":"Person","@id":"https:\/\/www.foodsovereignty.org\/es\/#\/schema\/person\/c5d86d7101c42543207204332399e87e","name":"IPC comms","image":{"@type":"ImageObject","inLanguage":"es","@id":"https:\/\/secure.gravatar.com\/avatar\/383f0d7b56f08da80de57d5d3281a5757594759261b9b8cdeb29616624681e03?s=96&d=mm&r=g","url":"https:\/\/secure.gravatar.com\/avatar\/383f0d7b56f08da80de57d5d3281a5757594759261b9b8cdeb29616624681e03?s=96&d=mm&r=g","contentUrl":"https:\/\/secure.gravatar.com\/avatar\/383f0d7b56f08da80de57d5d3281a5757594759261b9b8cdeb29616624681e03?s=96&d=mm&r=g","caption":"IPC comms"},"url":"https:\/\/www.foodsovereignty.org\/es\/author\/ipc-comms\/"}]}},"_links":{"self":[{"href":"https:\/\/www.foodsovereignty.org\/es\/wp-json\/wp\/v2\/posts\/3590","targetHints":{"allow":["GET"]}}],"collection":[{"href":"https:\/\/www.foodsovereignty.org\/es\/wp-json\/wp\/v2\/posts"}],"about":[{"href":"https:\/\/www.foodsovereignty.org\/es\/wp-json\/wp\/v2\/types\/post"}],"author":[{"embeddable":true,"href":"https:\/\/www.foodsovereignty.org\/es\/wp-json\/wp\/v2\/users\/7"}],"replies":[{"embeddable":true,"href":"https:\/\/www.foodsovereignty.org\/es\/wp-json\/wp\/v2\/comments?post=3590"}],"version-history":[{"count":2,"href":"https:\/\/www.foodsovereignty.org\/es\/wp-json\/wp\/v2\/posts\/3590\/revisions"}],"predecessor-version":[{"id":3600,"href":"https:\/\/www.foodsovereignty.org\/es\/wp-json\/wp\/v2\/posts\/3590\/revisions\/3600"}],"wp:featuredmedia":[{"embeddable":true,"href":"https:\/\/www.foodsovereignty.org\/es\/wp-json\/wp\/v2\/media\/3583"}],"wp:attachment":[{"href":"https:\/\/www.foodsovereignty.org\/es\/wp-json\/wp\/v2\/media?parent=3590"}],"wp:term":[{"taxonomy":"category","embeddable":true,"href":"https:\/\/www.foodsovereignty.org\/es\/wp-json\/wp\/v2\/categories?post=3590"},{"taxonomy":"post_tag","embeddable":true,"href":"https:\/\/www.foodsovereignty.org\/es\/wp-json\/wp\/v2\/tags?post=3590"}],"curies":[{"name":"wp","href":"https:\/\/api.w.org\/{rel}","templated":true}]}}