{"id":3942,"date":"2024-07-24T15:06:15","date_gmt":"2024-07-24T15:06:15","guid":{"rendered":"https:\/\/www.foodsovereignty.org\/?p=3942"},"modified":"2024-07-24T15:06:16","modified_gmt":"2024-07-24T15:06:16","slug":"ls-pescadores-artesanales-alzan-su-voz-ante-la-fao","status":"publish","type":"post","link":"https:\/\/www.foodsovereignty.org\/es\/ls-pescadores-artesanales-alzan-su-voz-ante-la-fao\/","title":{"rendered":"L@s pescadores artesanales alzan su voz ante la FAO"},"content":{"rendered":"<p class=\"Standard\" style=\"text-align: justify;\"><span lang=\"EN-US\" style=\"font-size: 14.0pt;\">Del 5 al 7 de julio, un centenar de representantes de la <strong>pesca a peque\u00f1a escala<\/strong> de todo el mundo se reunieron en Roma, en la FAO, con motivo de la segunda edici\u00f3n de la Cumbre de la Pesca a Peque\u00f1a Escala. Algunos de ellos participaron tambi\u00e9n en la 36\u00aa sesi\u00f3n del Comit\u00e9 de Pesca (COFI), que se prolong\u00f3 hasta el 12 de julio. El Grupo de Trabajo sobre Pesca del Comit\u00e9 Internacional de Planificaci\u00f3n para la Soberan\u00eda Alimentaria (CIP) tuvo una participaci\u00f3n destacada, con unos 30 l\u00ecderes de pescador@s que representaban a las principales organizaciones de pescadores y a los pueblos ind\u00edgenas de todo el mundo. Miembros del CIP de 19 pa\u00edses aprovecharon esta oportunidad para promover los derechos humanos y la soberan\u00eda alimentaria de sus pueblos y comunidades.<\/span><\/p>\n<p class=\"Standard\" style=\"text-align: justify;\"><span lang=\"EN-US\" style=\"font-size: 14.0pt;\">El CIP orient\u00f3 el discurso pol\u00edtico de la Cumbre a trav\u00e9s de una serie de acciones y presentaciones estrat\u00e9gicas, como la presentaci\u00f3n de los Tribunales de los Pueblos de la Econom\u00eda Azul llevados a cabo por miembros del CIP en Asia, Sud\u00e1frica y Brasil. Estos tribunales fueron elogiados como herramientas participativas eficaces para proteger los derechos de los SSF y denunciar las violaciones de derechos. Adem\u00e1s, la presentaci\u00f3n del informe del Relator Especial Michael Fakhri sobre el derecho a la alimentaci\u00f3n en el contexto de la pesca y el cambio clim\u00e1tico reforz\u00f3 a\u00fan m\u00e1s los debates. Este esfuerzo fue especialmente significativo, ya que marcaba el 10\u00ba aniversario de la adopci\u00f3n de las Directrices PPE. Las contribuciones del CIP subrayaron la creciente desconexi\u00f3n entre estas directrices y el aumento de la pobreza y el hambre entre las comunidades pesqueras, as\u00ed como la marginaci\u00f3n de las cuestiones de g\u00e9nero.<\/span><\/p>\n<div class=\"media media-iframe\"><iframe loading=\"lazy\" title=\"Michael Fakhri @SSF Summit 2024\" width=\"500\" height=\"281\" src=\"https:\/\/www.youtube.com\/embed\/Im1x71Pmz_8?start=1&#038;feature=oembed\" frameborder=\"0\" allow=\"accelerometer; autoplay; clipboard-write; encrypted-media; gyroscope; picture-in-picture; web-share\" referrerpolicy=\"strict-origin-when-cross-origin\" allowfullscreen><\/iframe><\/div>\n<p class=\"Standard\" style=\"text-align: justify;\"><span lang=\"EN-US\" style=\"font-size: 14.0pt;\">Con la Cumbre SSF, el IPC consigui\u00f3 unificar a diversas organizaciones SSF de todo el mundo y crear un espacio no t\u00e9cnico donde pudieran ser escuchadas por el mundo acad\u00e9mico, las ONG, las instituciones intergubernamentales y, especialmente, los gobiernos. De hecho, la Cumbre facilit\u00f3 algunas confrontaciones y di\u00e1logos con representantes gubernamentales antes del COFI36.<\/span><\/p>\n<p class=\"Standard\" style=\"text-align: justify;\"><span lang=\"EN-US\" style=\"font-size: 14.0pt;\">La Cumbre SSF subray\u00f3 la necesidad de que los gobiernos reconozcan los territorios ancestrales de los SSF y los Pueblos Ind\u00edgenas e incorporen los derechos consuetudinarios de tenencia en las pol\u00edticas pesqueras nacionales. Los derechos consuetudinarios de tenencia a menudo no se reconocen adecuadamente, lo que deja a las mujeres en una situaci\u00f3n especialmente vulnerable debido a su exclusi\u00f3n de estos sistemas y a la falta de derechos de propiedad de la tierra. Adem\u00e1s, la constante falta de apoyo financiero, de servicios sanitarios y educativos y de infraestructuras adecuadas sigue contribuyendo a la pobreza y marginaci\u00f3n de los SSF, impidi\u00e9ndoles alcanzar su pleno potencial. Tambi\u00e9n reiteramos nuestra firme postura contra iniciativas como la iniciativa 30&#215;30 sobre la crisis clim\u00e1tica, rechaz\u00e1ndola como una falsa soluci\u00f3n, y la OMC. Hicimos hincapi\u00e9 en la necesidad cr\u00edtica de reintegrar la SSF en la agenda del COFI, uniendo a los asistentes en torno a este objetivo justo antes del COFI.<\/span><\/p>\n<div class=\"media media-iframe\"><iframe loading=\"lazy\" title=\"IPC Speakers&#039; Corner at COFI 36\" width=\"500\" height=\"281\" src=\"https:\/\/www.youtube.com\/embed\/3HuiLelKcAE?feature=oembed\" frameborder=\"0\" allow=\"accelerometer; autoplay; clipboard-write; encrypted-media; gyroscope; picture-in-picture; web-share\" referrerpolicy=\"strict-origin-when-cross-origin\" allowfullscreen><\/iframe><\/div>\n<p class=\"Standard\" style=\"text-align: justify;\"><span lang=\"EN-US\" style=\"font-size: 14.0pt;\">La 36\u00aa sesi\u00f3n del COFI, celebrada del 8 al 12 de julio de 2024 y presidida por Arabia Saud\u00ed, ofreci\u00f3 oportunidades limitadas para la participaci\u00f3n de observadores, incluido el CIP. A pesar del 10\u00ba aniversario de las Directrices PPE, la pesca a peque\u00f1a escala no ocup\u00f3 un lugar destacado en el orden del d\u00eda.<\/span><\/p>\n<p class=\"Standard\" style=\"text-align: justify;\"><span lang=\"EN-US\" style=\"font-size: 14.0pt;\">Se mencionaron en varios documentos del COFI y en los debates plenarios, pero no hubo ning\u00fan punto del orden del d\u00eda dedicado espec\u00edficamente a la pesca a peque\u00f1a escala. Por este motivo, instamos a los gobiernos y a la Mesa del COFI a que reintroduzcan un punto del orden del d\u00eda dedicado espec\u00edficamente a la pesca a peque\u00f1a escala. Las comunidades de la pesca artesanal y los pueblos ind\u00edgenas son la columna vertebral de los ecosistemas oce\u00e1nicos y continentales. La pesca no debe verse \u00fanicamente a trav\u00e9s de un prisma econ\u00f3mico centrado en las poblaciones de peces y los sistemas impulsados por el mercado, como la acuicultura. Tales perspectivas a menudo resultan en el acaparamiento de territorios, la dislocaci\u00f3n de comunidades, el empobrecimiento de tierras y aguas, y la creaci\u00f3n de poblaciones vulnerables. Se trata fundamentalmente de las personas y de su profunda conexi\u00f3n con las aguas y los territorios de los que dependen y por los que han sobrevivido durante generaciones.<\/span><\/p>\n<div class=\"media media-iframe\"><iframe loading=\"lazy\" title=\"El CIP celebra el d\u00e9cimo aniversario de las Directrices voluntarias para la pesca de peque\u00f1a escala\" width=\"500\" height=\"281\" src=\"https:\/\/www.youtube.com\/embed\/peGW_y4IxhM?start=1&#038;feature=oembed\" frameborder=\"0\" allow=\"accelerometer; autoplay; clipboard-write; encrypted-media; gyroscope; picture-in-picture; web-share\" referrerpolicy=\"strict-origin-when-cross-origin\" allowfullscreen><\/iframe><\/div>\n<p class=\"Standard\" style=\"text-align: justify;\"><span lang=\"EN-US\" style=\"font-size: 14.0pt;\">Nuestro trabajo no termina aqu\u00ed. Dada la actual posici\u00f3n marginada de la ESS en la agenda pol\u00edtica y las prometedoras decisiones adoptadas por el COFI36, trabajaremos en los pr\u00f3ximos a\u00f1os para que se preste una atenci\u00f3n renovada a la ESS y a la aplicaci\u00f3n de las Directrices sobre ESS ante los pr\u00f3ximos Subcomit\u00e9s y sesiones del COFI.<\/span><\/p>\n<p class=\"Standard\" style=\"text-align: justify;\"><span lang=\"EN-US\" style=\"font-size: 14.0pt;\">Persistiremos en nuestros esfuerzos por crear espacios de unidad y solidaridad, en los que podamos definir nuestras agendas pol\u00edticas y seguir luchando por los derechos de las comunidades de los SSF y los Pueblos Ind\u00edgenas y adoptar una postura firme en las cuestiones relacionadas con los SSF.<\/span><\/p>\n","protected":false},"excerpt":{"rendered":"<p>Del 5 al 7 de julio, un centenar de representantes de la pesca a peque\u00f1a escala de todo el mundo se reunieron en Roma, en la FAO, con motivo de la segunda edici\u00f3n de la Cumbre de la Pesca a Peque\u00f1a Escala. Algunos de ellos participaron tambi\u00e9n en la 36\u00aa sesi\u00f3n del Comit\u00e9 de Pesca [&hellip;]<\/p>\n","protected":false},"author":7,"featured_media":3938,"comment_status":"closed","ping_status":"closed","sticky":false,"template":"","format":"standard","meta":{"_acf_changed":false,"footnotes":""},"categories":[60],"tags":[364],"class_list":["post-3942","post","type-post","status-publish","format-standard","has-post-thumbnail","hentry","category-noticias","tag-pesca-a-pequena-escala","regional_processes_tax-africa","regional_processes_tax-asia-pacific","regional_processes_tax-europe-central-asia","regional_processes_tax-latin-america-caribbean","regional_processes_tax-near-east-north-africa","working_groups_tax-fisheries"],"acf":[],"yoast_head":"<!-- This site is optimized with the Yoast SEO plugin v27.5 - https:\/\/yoast.com\/product\/yoast-seo-wordpress\/ -->\n<title>Los representantes de la pesca a peque\u00f1a escala alzan su voz<\/title>\n<meta name=\"description\" content=\"Del 5 al 7 de julio, representantes de la pesca a peque\u00f1a escala de todo el mundo se reunieron en Roma, en la FAO, para defender sus derechos\" \/>\n<meta name=\"robots\" content=\"index, follow, max-snippet:-1, max-image-preview:large, max-video-preview:-1\" \/>\n<link rel=\"canonical\" href=\"https:\/\/www.foodsovereignty.org\/es\/ls-pescadores-artesanales-alzan-su-voz-ante-la-fao\/\" \/>\n<meta property=\"og:locale\" content=\"es_ES\" \/>\n<meta property=\"og:type\" content=\"article\" \/>\n<meta property=\"og:title\" content=\"Los representantes de la pesca a peque\u00f1a escala alzan su voz\" \/>\n<meta property=\"og:description\" content=\"Del 5 al 7 de julio, representantes de la pesca a peque\u00f1a escala de todo el mundo se reunieron en Roma, en la FAO, para defender sus derechos\" \/>\n<meta property=\"og:url\" content=\"https:\/\/www.foodsovereignty.org\/es\/ls-pescadores-artesanales-alzan-su-voz-ante-la-fao\/\" \/>\n<meta property=\"og:site_name\" content=\"International Planning Committee for Food Sovereignty (IPC)\" \/>\n<meta property=\"article:published_time\" content=\"2024-07-24T15:06:15+00:00\" \/>\n<meta property=\"article:modified_time\" content=\"2024-07-24T15:06:16+00:00\" \/>\n<meta property=\"og:image\" content=\"https:\/\/www.foodsovereignty.org\/wp-content\/uploads\/2024\/07\/ssf-summit-e1721832706111.jpg\" \/>\n\t<meta property=\"og:image:width\" content=\"2048\" \/>\n\t<meta property=\"og:image:height\" content=\"1536\" \/>\n\t<meta property=\"og:image:type\" content=\"image\/jpeg\" \/>\n<meta name=\"author\" content=\"IPC comms\" \/>\n<meta name=\"twitter:card\" content=\"summary_large_image\" \/>\n<meta name=\"twitter:label1\" content=\"Escrito por\" \/>\n\t<meta name=\"twitter:data1\" content=\"IPC comms\" \/>\n\t<meta name=\"twitter:label2\" content=\"Tiempo de lectura\" \/>\n\t<meta name=\"twitter:data2\" content=\"4 minutos\" \/>\n<script type=\"application\/ld+json\" class=\"yoast-schema-graph\">{\"@context\":\"https:\\\/\\\/schema.org\",\"@graph\":[{\"@type\":\"Article\",\"@id\":\"https:\\\/\\\/www.foodsovereignty.org\\\/es\\\/ls-pescadores-artesanales-alzan-su-voz-ante-la-fao\\\/#article\",\"isPartOf\":{\"@id\":\"https:\\\/\\\/www.foodsovereignty.org\\\/es\\\/ls-pescadores-artesanales-alzan-su-voz-ante-la-fao\\\/\"},\"author\":{\"name\":\"IPC comms\",\"@id\":\"https:\\\/\\\/www.foodsovereignty.org\\\/es\\\/#\\\/schema\\\/person\\\/c5d86d7101c42543207204332399e87e\"},\"headline\":\"L@s pescadores artesanales alzan su voz ante la FAO\",\"datePublished\":\"2024-07-24T15:06:15+00:00\",\"dateModified\":\"2024-07-24T15:06:16+00:00\",\"mainEntityOfPage\":{\"@id\":\"https:\\\/\\\/www.foodsovereignty.org\\\/es\\\/ls-pescadores-artesanales-alzan-su-voz-ante-la-fao\\\/\"},\"wordCount\":919,\"image\":{\"@id\":\"https:\\\/\\\/www.foodsovereignty.org\\\/es\\\/ls-pescadores-artesanales-alzan-su-voz-ante-la-fao\\\/#primaryimage\"},\"thumbnailUrl\":\"https:\\\/\\\/www.foodsovereignty.org\\\/wp-content\\\/uploads\\\/2024\\\/07\\\/ssf-summit-e1721832706111.jpg\",\"keywords\":[\"pesca a pequena escala\"],\"articleSection\":[\"Noticias\"],\"inLanguage\":\"es\"},{\"@type\":\"WebPage\",\"@id\":\"https:\\\/\\\/www.foodsovereignty.org\\\/es\\\/ls-pescadores-artesanales-alzan-su-voz-ante-la-fao\\\/\",\"url\":\"https:\\\/\\\/www.foodsovereignty.org\\\/es\\\/ls-pescadores-artesanales-alzan-su-voz-ante-la-fao\\\/\",\"name\":\"Los representantes de la pesca a peque\u00f1a escala alzan su voz\",\"isPartOf\":{\"@id\":\"https:\\\/\\\/www.foodsovereignty.org\\\/es\\\/#website\"},\"primaryImageOfPage\":{\"@id\":\"https:\\\/\\\/www.foodsovereignty.org\\\/es\\\/ls-pescadores-artesanales-alzan-su-voz-ante-la-fao\\\/#primaryimage\"},\"image\":{\"@id\":\"https:\\\/\\\/www.foodsovereignty.org\\\/es\\\/ls-pescadores-artesanales-alzan-su-voz-ante-la-fao\\\/#primaryimage\"},\"thumbnailUrl\":\"https:\\\/\\\/www.foodsovereignty.org\\\/wp-content\\\/uploads\\\/2024\\\/07\\\/ssf-summit-e1721832706111.jpg\",\"datePublished\":\"2024-07-24T15:06:15+00:00\",\"dateModified\":\"2024-07-24T15:06:16+00:00\",\"author\":{\"@id\":\"https:\\\/\\\/www.foodsovereignty.org\\\/es\\\/#\\\/schema\\\/person\\\/c5d86d7101c42543207204332399e87e\"},\"description\":\"Del 5 al 7 de julio, representantes de la pesca a peque\u00f1a escala de todo el mundo se reunieron en Roma, en la FAO, para defender sus derechos\",\"breadcrumb\":{\"@id\":\"https:\\\/\\\/www.foodsovereignty.org\\\/es\\\/ls-pescadores-artesanales-alzan-su-voz-ante-la-fao\\\/#breadcrumb\"},\"inLanguage\":\"es\",\"potentialAction\":[{\"@type\":\"ReadAction\",\"target\":[\"https:\\\/\\\/www.foodsovereignty.org\\\/es\\\/ls-pescadores-artesanales-alzan-su-voz-ante-la-fao\\\/\"]}]},{\"@type\":\"ImageObject\",\"inLanguage\":\"es\",\"@id\":\"https:\\\/\\\/www.foodsovereignty.org\\\/es\\\/ls-pescadores-artesanales-alzan-su-voz-ante-la-fao\\\/#primaryimage\",\"url\":\"https:\\\/\\\/www.foodsovereignty.org\\\/wp-content\\\/uploads\\\/2024\\\/07\\\/ssf-summit-e1721832706111.jpg\",\"contentUrl\":\"https:\\\/\\\/www.foodsovereignty.org\\\/wp-content\\\/uploads\\\/2024\\\/07\\\/ssf-summit-e1721832706111.jpg\",\"width\":2048,\"height\":1536},{\"@type\":\"BreadcrumbList\",\"@id\":\"https:\\\/\\\/www.foodsovereignty.org\\\/es\\\/ls-pescadores-artesanales-alzan-su-voz-ante-la-fao\\\/#breadcrumb\",\"itemListElement\":[{\"@type\":\"ListItem\",\"position\":1,\"name\":\"Home\",\"item\":\"https:\\\/\\\/www.foodsovereignty.org\\\/es\\\/\"},{\"@type\":\"ListItem\",\"position\":2,\"name\":\"L@s pescadores artesanales alzan su voz ante la FAO\"}]},{\"@type\":\"WebSite\",\"@id\":\"https:\\\/\\\/www.foodsovereignty.org\\\/es\\\/#website\",\"url\":\"https:\\\/\\\/www.foodsovereignty.org\\\/es\\\/\",\"name\":\"International Planning Committee for Food Sovereignty (IPC)\",\"description\":\"\",\"potentialAction\":[{\"@type\":\"SearchAction\",\"target\":{\"@type\":\"EntryPoint\",\"urlTemplate\":\"https:\\\/\\\/www.foodsovereignty.org\\\/es\\\/?s={search_term_string}\"},\"query-input\":{\"@type\":\"PropertyValueSpecification\",\"valueRequired\":true,\"valueName\":\"search_term_string\"}}],\"inLanguage\":\"es\"},{\"@type\":\"Person\",\"@id\":\"https:\\\/\\\/www.foodsovereignty.org\\\/es\\\/#\\\/schema\\\/person\\\/c5d86d7101c42543207204332399e87e\",\"name\":\"IPC comms\",\"image\":{\"@type\":\"ImageObject\",\"inLanguage\":\"es\",\"@id\":\"https:\\\/\\\/secure.gravatar.com\\\/avatar\\\/383f0d7b56f08da80de57d5d3281a5757594759261b9b8cdeb29616624681e03?s=96&d=mm&r=g\",\"url\":\"https:\\\/\\\/secure.gravatar.com\\\/avatar\\\/383f0d7b56f08da80de57d5d3281a5757594759261b9b8cdeb29616624681e03?s=96&d=mm&r=g\",\"contentUrl\":\"https:\\\/\\\/secure.gravatar.com\\\/avatar\\\/383f0d7b56f08da80de57d5d3281a5757594759261b9b8cdeb29616624681e03?s=96&d=mm&r=g\",\"caption\":\"IPC comms\"},\"url\":\"https:\\\/\\\/www.foodsovereignty.org\\\/es\\\/author\\\/ipc-comms\\\/\"}]}<\/script>\n<!-- \/ Yoast SEO plugin. -->","yoast_head_json":{"title":"Los representantes de la pesca a peque\u00f1a escala alzan su voz","description":"Del 5 al 7 de julio, representantes de la pesca a peque\u00f1a escala de todo el mundo se reunieron en Roma, en la FAO, para defender sus derechos","robots":{"index":"index","follow":"follow","max-snippet":"max-snippet:-1","max-image-preview":"max-image-preview:large","max-video-preview":"max-video-preview:-1"},"canonical":"https:\/\/www.foodsovereignty.org\/es\/ls-pescadores-artesanales-alzan-su-voz-ante-la-fao\/","og_locale":"es_ES","og_type":"article","og_title":"Los representantes de la pesca a peque\u00f1a escala alzan su voz","og_description":"Del 5 al 7 de julio, representantes de la pesca a peque\u00f1a escala de todo el mundo se reunieron en Roma, en la FAO, para defender sus derechos","og_url":"https:\/\/www.foodsovereignty.org\/es\/ls-pescadores-artesanales-alzan-su-voz-ante-la-fao\/","og_site_name":"International Planning Committee for Food Sovereignty (IPC)","article_published_time":"2024-07-24T15:06:15+00:00","article_modified_time":"2024-07-24T15:06:16+00:00","og_image":[{"width":2048,"height":1536,"url":"https:\/\/www.foodsovereignty.org\/wp-content\/uploads\/2024\/07\/ssf-summit-e1721832706111.jpg","type":"image\/jpeg"}],"author":"IPC comms","twitter_card":"summary_large_image","twitter_misc":{"Escrito por":"IPC comms","Tiempo de lectura":"4 minutos"},"schema":{"@context":"https:\/\/schema.org","@graph":[{"@type":"Article","@id":"https:\/\/www.foodsovereignty.org\/es\/ls-pescadores-artesanales-alzan-su-voz-ante-la-fao\/#article","isPartOf":{"@id":"https:\/\/www.foodsovereignty.org\/es\/ls-pescadores-artesanales-alzan-su-voz-ante-la-fao\/"},"author":{"name":"IPC comms","@id":"https:\/\/www.foodsovereignty.org\/es\/#\/schema\/person\/c5d86d7101c42543207204332399e87e"},"headline":"L@s pescadores artesanales alzan su voz ante la FAO","datePublished":"2024-07-24T15:06:15+00:00","dateModified":"2024-07-24T15:06:16+00:00","mainEntityOfPage":{"@id":"https:\/\/www.foodsovereignty.org\/es\/ls-pescadores-artesanales-alzan-su-voz-ante-la-fao\/"},"wordCount":919,"image":{"@id":"https:\/\/www.foodsovereignty.org\/es\/ls-pescadores-artesanales-alzan-su-voz-ante-la-fao\/#primaryimage"},"thumbnailUrl":"https:\/\/www.foodsovereignty.org\/wp-content\/uploads\/2024\/07\/ssf-summit-e1721832706111.jpg","keywords":["pesca a pequena escala"],"articleSection":["Noticias"],"inLanguage":"es"},{"@type":"WebPage","@id":"https:\/\/www.foodsovereignty.org\/es\/ls-pescadores-artesanales-alzan-su-voz-ante-la-fao\/","url":"https:\/\/www.foodsovereignty.org\/es\/ls-pescadores-artesanales-alzan-su-voz-ante-la-fao\/","name":"Los representantes de la pesca a peque\u00f1a escala alzan su voz","isPartOf":{"@id":"https:\/\/www.foodsovereignty.org\/es\/#website"},"primaryImageOfPage":{"@id":"https:\/\/www.foodsovereignty.org\/es\/ls-pescadores-artesanales-alzan-su-voz-ante-la-fao\/#primaryimage"},"image":{"@id":"https:\/\/www.foodsovereignty.org\/es\/ls-pescadores-artesanales-alzan-su-voz-ante-la-fao\/#primaryimage"},"thumbnailUrl":"https:\/\/www.foodsovereignty.org\/wp-content\/uploads\/2024\/07\/ssf-summit-e1721832706111.jpg","datePublished":"2024-07-24T15:06:15+00:00","dateModified":"2024-07-24T15:06:16+00:00","author":{"@id":"https:\/\/www.foodsovereignty.org\/es\/#\/schema\/person\/c5d86d7101c42543207204332399e87e"},"description":"Del 5 al 7 de julio, representantes de la pesca a peque\u00f1a escala de todo el mundo se reunieron en Roma, en la FAO, para defender sus derechos","breadcrumb":{"@id":"https:\/\/www.foodsovereignty.org\/es\/ls-pescadores-artesanales-alzan-su-voz-ante-la-fao\/#breadcrumb"},"inLanguage":"es","potentialAction":[{"@type":"ReadAction","target":["https:\/\/www.foodsovereignty.org\/es\/ls-pescadores-artesanales-alzan-su-voz-ante-la-fao\/"]}]},{"@type":"ImageObject","inLanguage":"es","@id":"https:\/\/www.foodsovereignty.org\/es\/ls-pescadores-artesanales-alzan-su-voz-ante-la-fao\/#primaryimage","url":"https:\/\/www.foodsovereignty.org\/wp-content\/uploads\/2024\/07\/ssf-summit-e1721832706111.jpg","contentUrl":"https:\/\/www.foodsovereignty.org\/wp-content\/uploads\/2024\/07\/ssf-summit-e1721832706111.jpg","width":2048,"height":1536},{"@type":"BreadcrumbList","@id":"https:\/\/www.foodsovereignty.org\/es\/ls-pescadores-artesanales-alzan-su-voz-ante-la-fao\/#breadcrumb","itemListElement":[{"@type":"ListItem","position":1,"name":"Home","item":"https:\/\/www.foodsovereignty.org\/es\/"},{"@type":"ListItem","position":2,"name":"L@s pescadores artesanales alzan su voz ante la FAO"}]},{"@type":"WebSite","@id":"https:\/\/www.foodsovereignty.org\/es\/#website","url":"https:\/\/www.foodsovereignty.org\/es\/","name":"International Planning Committee for Food Sovereignty (IPC)","description":"","potentialAction":[{"@type":"SearchAction","target":{"@type":"EntryPoint","urlTemplate":"https:\/\/www.foodsovereignty.org\/es\/?s={search_term_string}"},"query-input":{"@type":"PropertyValueSpecification","valueRequired":true,"valueName":"search_term_string"}}],"inLanguage":"es"},{"@type":"Person","@id":"https:\/\/www.foodsovereignty.org\/es\/#\/schema\/person\/c5d86d7101c42543207204332399e87e","name":"IPC comms","image":{"@type":"ImageObject","inLanguage":"es","@id":"https:\/\/secure.gravatar.com\/avatar\/383f0d7b56f08da80de57d5d3281a5757594759261b9b8cdeb29616624681e03?s=96&d=mm&r=g","url":"https:\/\/secure.gravatar.com\/avatar\/383f0d7b56f08da80de57d5d3281a5757594759261b9b8cdeb29616624681e03?s=96&d=mm&r=g","contentUrl":"https:\/\/secure.gravatar.com\/avatar\/383f0d7b56f08da80de57d5d3281a5757594759261b9b8cdeb29616624681e03?s=96&d=mm&r=g","caption":"IPC comms"},"url":"https:\/\/www.foodsovereignty.org\/es\/author\/ipc-comms\/"}]}},"_links":{"self":[{"href":"https:\/\/www.foodsovereignty.org\/es\/wp-json\/wp\/v2\/posts\/3942","targetHints":{"allow":["GET"]}}],"collection":[{"href":"https:\/\/www.foodsovereignty.org\/es\/wp-json\/wp\/v2\/posts"}],"about":[{"href":"https:\/\/www.foodsovereignty.org\/es\/wp-json\/wp\/v2\/types\/post"}],"author":[{"embeddable":true,"href":"https:\/\/www.foodsovereignty.org\/es\/wp-json\/wp\/v2\/users\/7"}],"replies":[{"embeddable":true,"href":"https:\/\/www.foodsovereignty.org\/es\/wp-json\/wp\/v2\/comments?post=3942"}],"version-history":[{"count":1,"href":"https:\/\/www.foodsovereignty.org\/es\/wp-json\/wp\/v2\/posts\/3942\/revisions"}],"predecessor-version":[{"id":3943,"href":"https:\/\/www.foodsovereignty.org\/es\/wp-json\/wp\/v2\/posts\/3942\/revisions\/3943"}],"wp:featuredmedia":[{"embeddable":true,"href":"https:\/\/www.foodsovereignty.org\/es\/wp-json\/wp\/v2\/media\/3938"}],"wp:attachment":[{"href":"https:\/\/www.foodsovereignty.org\/es\/wp-json\/wp\/v2\/media?parent=3942"}],"wp:term":[{"taxonomy":"category","embeddable":true,"href":"https:\/\/www.foodsovereignty.org\/es\/wp-json\/wp\/v2\/categories?post=3942"},{"taxonomy":"post_tag","embeddable":true,"href":"https:\/\/www.foodsovereignty.org\/es\/wp-json\/wp\/v2\/tags?post=3942"}],"curies":[{"name":"wp","href":"https:\/\/api.w.org\/{rel}","templated":true}]}}