{"id":4127,"date":"2024-10-15T16:18:22","date_gmt":"2024-10-15T16:18:22","guid":{"rendered":"https:\/\/www.foodsovereignty.org\/?p=4127"},"modified":"2024-10-15T16:18:22","modified_gmt":"2024-10-15T16:18:22","slug":"participe-en-el-lanzamiento-del-3er-foro-mundial-nyeleni","status":"publish","type":"post","link":"https:\/\/www.foodsovereignty.org\/es\/participe-en-el-lanzamiento-del-3er-foro-mundial-nyeleni\/","title":{"rendered":"\u00a1Participe en el lanzamiento del 3er Foro Mundial Ny\u00e9l\u00e9ni!"},"content":{"rendered":"<p>\u00a1Consulte las instrucciones para participar en el lanzamiento mundial del pr\u00f3ximo Foro Mundial Ny\u00e9l\u00e9ni!<\/p>\n<p>&nbsp;<\/p>\n<p><strong>\u00bfQu\u00e9?<\/strong><\/p>\n<p>Lanzamiento del 3er Foro Global Ny\u00e9l\u00e9ni: Un evento para reavivar la agenda de la soberan\u00eda alimentaria y la justicia social, reuniendo a diversos sectores que luchan por la transformaci\u00f3n sist\u00e9mica.<\/p>\n<p>&nbsp;<\/p>\n<p><strong>\u00bfD\u00f3nde?<\/strong><\/p>\n<p>Transmisi\u00f3n en vivo desde nuestras redes sociales :<br \/>\nFacebook \u2b95 <a href=\"https:\/\/www.facebook.com\/ipc.foodsovereignty\">@ipc.foodsovereignty<\/a><br \/>\nTwitter \u2b95 <a href=\"https:\/\/x.com\/IPCSovereignty\">@IPCSovereignty<\/a><br \/>\nYoutube \u2b95 <a href=\"https:\/\/www.youtube.com\/@NyeleniGlobalForum\">@NyeleniGlobalForum<\/a><\/p>\n<p>&nbsp;<\/p>\n<p><strong>\u00bfCu\u00e1ndo?<\/strong><\/p>\n<p>16 de octubre a las 17h30 UTC. Encuentra tu <a href=\"https:\/\/www.timeanddate.com\/worldclock\/fixedtime.html?iso=20241016T1730&amp;p1=1440\">hora local aqu\u00ed<\/a><\/p>\n<h3>\nCoro por una &#8216;Transformaci\u00f3n sist\u00e9mica&#8217; crece m\u00e1s fuerte, a medida que se acerca la reuni\u00f3n de trabajadorxs y productorxs de alimentos m\u00e1s diversa del mundo.<\/h3>\n<p>En un contexto de profundas y crisis interconectadas, es esencial unir fuerzas. Este sistema nos ha fallado a todxs, pero siempre hemos sido\u2014y seguimos siendo\u2014la soluci\u00f3n. Fomentamos la diversidad, cuidamos la tierra y el agua, construimos redes de solidaridad y protegemos el clima y la salud de todos los seres vivos. Hasta ahora, el proceso Ny\u00e9l\u00e9ni ha reunido a productorxs de alimentos a peque\u00f1a escala, incluyendo campesinos, pescadores y pastores, junto a Pueblos Ind\u00edgenas, grupos feministas, comunidades racializadas y defensores de los derechos humanos en todo el mundo. \u00a1Hoy es el momento de fortalecer nuestras alianzas y unir fuerzas con otros sectores y todxs aquellxs que resisten la opresi\u00f3n del sistema. Tenemos la oportunidad de cambiar el rumbo de la humanidad. Ha llegado el momento de detener la espiral descendente, y ya no podemos permitirnos quedarnos aislados en nuestras organizaciones locales o en nuestros sectores y luchar. Debemos unirnos, poner nuestras propuestas sobre la mesa, juntxs y hacer que quienes est\u00e1n en el poder nos escuchen. El 3er Foro Global Ny\u00e9l\u00e9ni<br \/>\nproporcionar\u00e1 el impulso y la plataforma para reunir los movimientos sociales y luchas del mundo, para construir una agenda pol\u00edtica com\u00fan, estrategias y formas de trabajar destinadas a lograr justicia para todxs. \u00a1La Transformaci\u00f3n Sist\u00e9mica es AHORA o NUNCA!<\/p>\n","protected":false},"excerpt":{"rendered":"<p>\u00a1Consulte las instrucciones para participar en el lanzamiento mundial del pr\u00f3ximo Foro Mundial Ny\u00e9l\u00e9ni! &nbsp; \u00bfQu\u00e9? Lanzamiento del 3er Foro Global Ny\u00e9l\u00e9ni: Un evento para reavivar la agenda de la soberan\u00eda alimentaria y la justicia social, reuniendo a diversos sectores que luchan por la transformaci\u00f3n sist\u00e9mica. &nbsp; \u00bfD\u00f3nde? Transmisi\u00f3n en vivo desde nuestras redes sociales [&hellip;]<\/p>\n","protected":false},"author":7,"featured_media":4120,"comment_status":"closed","ping_status":"closed","sticky":false,"template":"","format":"standard","meta":{"_acf_changed":false,"footnotes":""},"categories":[60],"tags":[393],"class_list":["post-4127","post","type-post","status-publish","format-standard","has-post-thumbnail","hentry","category-noticias","tag-foro-mundial-nyeleni","regional_processes_tax-africa","regional_processes_tax-asia-pacific","regional_processes_tax-europe-central-asia","regional_processes_tax-latin-america-caribbean","regional_processes_tax-near-east-north-africa","regional_processes_tax-north-america","working_groups_tax-agricultural-biodiversity","working_groups_tax-agroecology","working_groups_tax-fisheries","working_groups_tax-indigenous-peoples","working_groups_tax-jovenes","working_groups_tax-land-forests-water-and-territory"],"acf":[],"yoast_head":"<!-- This site is optimized with the Yoast SEO plugin v27.4 - https:\/\/yoast.com\/product\/yoast-seo-wordpress\/ -->\n<title>\u00a1Participe en el lanzamiento del 3er Foro Mundial Ny\u00e9l\u00e9ni!<\/title>\n<meta name=\"description\" content=\"Lanzamiento del 3er Foro Mundial Ny\u00e9l\u00e9ni: Un evento para reactivar la agenda de la soberan\u00eda alimentaria y la justicia social\" \/>\n<meta name=\"robots\" content=\"index, follow, max-snippet:-1, max-image-preview:large, max-video-preview:-1\" \/>\n<link rel=\"canonical\" href=\"https:\/\/www.foodsovereignty.org\/es\/participe-en-el-lanzamiento-del-3er-foro-mundial-nyeleni\/\" \/>\n<meta property=\"og:locale\" content=\"es_ES\" \/>\n<meta property=\"og:type\" content=\"article\" \/>\n<meta property=\"og:title\" content=\"\u00a1Participe en el lanzamiento del 3er Foro Mundial Ny\u00e9l\u00e9ni!\" \/>\n<meta property=\"og:description\" content=\"Lanzamiento del 3er Foro Mundial Ny\u00e9l\u00e9ni: Un evento para reactivar la agenda de la soberan\u00eda alimentaria y la justicia social\" \/>\n<meta property=\"og:url\" content=\"https:\/\/www.foodsovereignty.org\/es\/participe-en-el-lanzamiento-del-3er-foro-mundial-nyeleni\/\" \/>\n<meta property=\"og:site_name\" content=\"International Planning Committee for Food Sovereignty (IPC)\" \/>\n<meta property=\"article:published_time\" content=\"2024-10-15T16:18:22+00:00\" \/>\n<meta property=\"og:image\" content=\"https:\/\/www.foodsovereignty.org\/wp-content\/uploads\/2024\/10\/Nyeleni-Pic_India.jpg\" \/>\n\t<meta property=\"og:image:width\" content=\"1280\" \/>\n\t<meta property=\"og:image:height\" content=\"770\" \/>\n\t<meta property=\"og:image:type\" content=\"image\/jpeg\" \/>\n<meta name=\"author\" content=\"IPC comms\" \/>\n<meta name=\"twitter:card\" content=\"summary_large_image\" \/>\n<meta name=\"twitter:label1\" content=\"Escrito por\" \/>\n\t<meta name=\"twitter:data1\" content=\"IPC comms\" \/>\n\t<meta name=\"twitter:label2\" content=\"Tiempo de lectura\" \/>\n\t<meta name=\"twitter:data2\" content=\"2 minutos\" \/>\n<script type=\"application\/ld+json\" class=\"yoast-schema-graph\">{\"@context\":\"https:\\\/\\\/schema.org\",\"@graph\":[{\"@type\":\"Article\",\"@id\":\"https:\\\/\\\/www.foodsovereignty.org\\\/es\\\/participe-en-el-lanzamiento-del-3er-foro-mundial-nyeleni\\\/#article\",\"isPartOf\":{\"@id\":\"https:\\\/\\\/www.foodsovereignty.org\\\/es\\\/participe-en-el-lanzamiento-del-3er-foro-mundial-nyeleni\\\/\"},\"author\":{\"name\":\"IPC comms\",\"@id\":\"https:\\\/\\\/www.foodsovereignty.org\\\/es\\\/#\\\/schema\\\/person\\\/c5d86d7101c42543207204332399e87e\"},\"headline\":\"\u00a1Participe en el lanzamiento del 3er Foro Mundial Ny\u00e9l\u00e9ni!\",\"datePublished\":\"2024-10-15T16:18:22+00:00\",\"mainEntityOfPage\":{\"@id\":\"https:\\\/\\\/www.foodsovereignty.org\\\/es\\\/participe-en-el-lanzamiento-del-3er-foro-mundial-nyeleni\\\/\"},\"wordCount\":352,\"image\":{\"@id\":\"https:\\\/\\\/www.foodsovereignty.org\\\/es\\\/participe-en-el-lanzamiento-del-3er-foro-mundial-nyeleni\\\/#primaryimage\"},\"thumbnailUrl\":\"https:\\\/\\\/www.foodsovereignty.org\\\/wp-content\\\/uploads\\\/2024\\\/10\\\/Nyeleni-Pic_India.jpg\",\"keywords\":[\"foro mundial nyeleni\"],\"articleSection\":[\"Noticias\"],\"inLanguage\":\"es\"},{\"@type\":\"WebPage\",\"@id\":\"https:\\\/\\\/www.foodsovereignty.org\\\/es\\\/participe-en-el-lanzamiento-del-3er-foro-mundial-nyeleni\\\/\",\"url\":\"https:\\\/\\\/www.foodsovereignty.org\\\/es\\\/participe-en-el-lanzamiento-del-3er-foro-mundial-nyeleni\\\/\",\"name\":\"\u00a1Participe en el lanzamiento del 3er Foro Mundial Ny\u00e9l\u00e9ni!\",\"isPartOf\":{\"@id\":\"https:\\\/\\\/www.foodsovereignty.org\\\/es\\\/#website\"},\"primaryImageOfPage\":{\"@id\":\"https:\\\/\\\/www.foodsovereignty.org\\\/es\\\/participe-en-el-lanzamiento-del-3er-foro-mundial-nyeleni\\\/#primaryimage\"},\"image\":{\"@id\":\"https:\\\/\\\/www.foodsovereignty.org\\\/es\\\/participe-en-el-lanzamiento-del-3er-foro-mundial-nyeleni\\\/#primaryimage\"},\"thumbnailUrl\":\"https:\\\/\\\/www.foodsovereignty.org\\\/wp-content\\\/uploads\\\/2024\\\/10\\\/Nyeleni-Pic_India.jpg\",\"datePublished\":\"2024-10-15T16:18:22+00:00\",\"author\":{\"@id\":\"https:\\\/\\\/www.foodsovereignty.org\\\/es\\\/#\\\/schema\\\/person\\\/c5d86d7101c42543207204332399e87e\"},\"description\":\"Lanzamiento del 3er Foro Mundial Ny\u00e9l\u00e9ni: Un evento para reactivar la agenda de la soberan\u00eda alimentaria y la justicia social\",\"breadcrumb\":{\"@id\":\"https:\\\/\\\/www.foodsovereignty.org\\\/es\\\/participe-en-el-lanzamiento-del-3er-foro-mundial-nyeleni\\\/#breadcrumb\"},\"inLanguage\":\"es\",\"potentialAction\":[{\"@type\":\"ReadAction\",\"target\":[\"https:\\\/\\\/www.foodsovereignty.org\\\/es\\\/participe-en-el-lanzamiento-del-3er-foro-mundial-nyeleni\\\/\"]}]},{\"@type\":\"ImageObject\",\"inLanguage\":\"es\",\"@id\":\"https:\\\/\\\/www.foodsovereignty.org\\\/es\\\/participe-en-el-lanzamiento-del-3er-foro-mundial-nyeleni\\\/#primaryimage\",\"url\":\"https:\\\/\\\/www.foodsovereignty.org\\\/wp-content\\\/uploads\\\/2024\\\/10\\\/Nyeleni-Pic_India.jpg\",\"contentUrl\":\"https:\\\/\\\/www.foodsovereignty.org\\\/wp-content\\\/uploads\\\/2024\\\/10\\\/Nyeleni-Pic_India.jpg\",\"width\":1280,\"height\":770},{\"@type\":\"BreadcrumbList\",\"@id\":\"https:\\\/\\\/www.foodsovereignty.org\\\/es\\\/participe-en-el-lanzamiento-del-3er-foro-mundial-nyeleni\\\/#breadcrumb\",\"itemListElement\":[{\"@type\":\"ListItem\",\"position\":1,\"name\":\"Home\",\"item\":\"https:\\\/\\\/www.foodsovereignty.org\\\/es\\\/\"},{\"@type\":\"ListItem\",\"position\":2,\"name\":\"\u00a1Participe en el lanzamiento del 3er Foro Mundial Ny\u00e9l\u00e9ni!\"}]},{\"@type\":\"WebSite\",\"@id\":\"https:\\\/\\\/www.foodsovereignty.org\\\/es\\\/#website\",\"url\":\"https:\\\/\\\/www.foodsovereignty.org\\\/es\\\/\",\"name\":\"International Planning Committee for Food Sovereignty (IPC)\",\"description\":\"\",\"potentialAction\":[{\"@type\":\"SearchAction\",\"target\":{\"@type\":\"EntryPoint\",\"urlTemplate\":\"https:\\\/\\\/www.foodsovereignty.org\\\/es\\\/?s={search_term_string}\"},\"query-input\":{\"@type\":\"PropertyValueSpecification\",\"valueRequired\":true,\"valueName\":\"search_term_string\"}}],\"inLanguage\":\"es\"},{\"@type\":\"Person\",\"@id\":\"https:\\\/\\\/www.foodsovereignty.org\\\/es\\\/#\\\/schema\\\/person\\\/c5d86d7101c42543207204332399e87e\",\"name\":\"IPC comms\",\"image\":{\"@type\":\"ImageObject\",\"inLanguage\":\"es\",\"@id\":\"https:\\\/\\\/secure.gravatar.com\\\/avatar\\\/383f0d7b56f08da80de57d5d3281a5757594759261b9b8cdeb29616624681e03?s=96&d=mm&r=g\",\"url\":\"https:\\\/\\\/secure.gravatar.com\\\/avatar\\\/383f0d7b56f08da80de57d5d3281a5757594759261b9b8cdeb29616624681e03?s=96&d=mm&r=g\",\"contentUrl\":\"https:\\\/\\\/secure.gravatar.com\\\/avatar\\\/383f0d7b56f08da80de57d5d3281a5757594759261b9b8cdeb29616624681e03?s=96&d=mm&r=g\",\"caption\":\"IPC comms\"},\"url\":\"https:\\\/\\\/www.foodsovereignty.org\\\/es\\\/author\\\/ipc-comms\\\/\"}]}<\/script>\n<!-- \/ Yoast SEO plugin. -->","yoast_head_json":{"title":"\u00a1Participe en el lanzamiento del 3er Foro Mundial Ny\u00e9l\u00e9ni!","description":"Lanzamiento del 3er Foro Mundial Ny\u00e9l\u00e9ni: Un evento para reactivar la agenda de la soberan\u00eda alimentaria y la justicia social","robots":{"index":"index","follow":"follow","max-snippet":"max-snippet:-1","max-image-preview":"max-image-preview:large","max-video-preview":"max-video-preview:-1"},"canonical":"https:\/\/www.foodsovereignty.org\/es\/participe-en-el-lanzamiento-del-3er-foro-mundial-nyeleni\/","og_locale":"es_ES","og_type":"article","og_title":"\u00a1Participe en el lanzamiento del 3er Foro Mundial Ny\u00e9l\u00e9ni!","og_description":"Lanzamiento del 3er Foro Mundial Ny\u00e9l\u00e9ni: Un evento para reactivar la agenda de la soberan\u00eda alimentaria y la justicia social","og_url":"https:\/\/www.foodsovereignty.org\/es\/participe-en-el-lanzamiento-del-3er-foro-mundial-nyeleni\/","og_site_name":"International Planning Committee for Food Sovereignty (IPC)","article_published_time":"2024-10-15T16:18:22+00:00","og_image":[{"width":1280,"height":770,"url":"https:\/\/www.foodsovereignty.org\/wp-content\/uploads\/2024\/10\/Nyeleni-Pic_India.jpg","type":"image\/jpeg"}],"author":"IPC comms","twitter_card":"summary_large_image","twitter_misc":{"Escrito por":"IPC comms","Tiempo de lectura":"2 minutos"},"schema":{"@context":"https:\/\/schema.org","@graph":[{"@type":"Article","@id":"https:\/\/www.foodsovereignty.org\/es\/participe-en-el-lanzamiento-del-3er-foro-mundial-nyeleni\/#article","isPartOf":{"@id":"https:\/\/www.foodsovereignty.org\/es\/participe-en-el-lanzamiento-del-3er-foro-mundial-nyeleni\/"},"author":{"name":"IPC comms","@id":"https:\/\/www.foodsovereignty.org\/es\/#\/schema\/person\/c5d86d7101c42543207204332399e87e"},"headline":"\u00a1Participe en el lanzamiento del 3er Foro Mundial Ny\u00e9l\u00e9ni!","datePublished":"2024-10-15T16:18:22+00:00","mainEntityOfPage":{"@id":"https:\/\/www.foodsovereignty.org\/es\/participe-en-el-lanzamiento-del-3er-foro-mundial-nyeleni\/"},"wordCount":352,"image":{"@id":"https:\/\/www.foodsovereignty.org\/es\/participe-en-el-lanzamiento-del-3er-foro-mundial-nyeleni\/#primaryimage"},"thumbnailUrl":"https:\/\/www.foodsovereignty.org\/wp-content\/uploads\/2024\/10\/Nyeleni-Pic_India.jpg","keywords":["foro mundial nyeleni"],"articleSection":["Noticias"],"inLanguage":"es"},{"@type":"WebPage","@id":"https:\/\/www.foodsovereignty.org\/es\/participe-en-el-lanzamiento-del-3er-foro-mundial-nyeleni\/","url":"https:\/\/www.foodsovereignty.org\/es\/participe-en-el-lanzamiento-del-3er-foro-mundial-nyeleni\/","name":"\u00a1Participe en el lanzamiento del 3er Foro Mundial Ny\u00e9l\u00e9ni!","isPartOf":{"@id":"https:\/\/www.foodsovereignty.org\/es\/#website"},"primaryImageOfPage":{"@id":"https:\/\/www.foodsovereignty.org\/es\/participe-en-el-lanzamiento-del-3er-foro-mundial-nyeleni\/#primaryimage"},"image":{"@id":"https:\/\/www.foodsovereignty.org\/es\/participe-en-el-lanzamiento-del-3er-foro-mundial-nyeleni\/#primaryimage"},"thumbnailUrl":"https:\/\/www.foodsovereignty.org\/wp-content\/uploads\/2024\/10\/Nyeleni-Pic_India.jpg","datePublished":"2024-10-15T16:18:22+00:00","author":{"@id":"https:\/\/www.foodsovereignty.org\/es\/#\/schema\/person\/c5d86d7101c42543207204332399e87e"},"description":"Lanzamiento del 3er Foro Mundial Ny\u00e9l\u00e9ni: Un evento para reactivar la agenda de la soberan\u00eda alimentaria y la justicia social","breadcrumb":{"@id":"https:\/\/www.foodsovereignty.org\/es\/participe-en-el-lanzamiento-del-3er-foro-mundial-nyeleni\/#breadcrumb"},"inLanguage":"es","potentialAction":[{"@type":"ReadAction","target":["https:\/\/www.foodsovereignty.org\/es\/participe-en-el-lanzamiento-del-3er-foro-mundial-nyeleni\/"]}]},{"@type":"ImageObject","inLanguage":"es","@id":"https:\/\/www.foodsovereignty.org\/es\/participe-en-el-lanzamiento-del-3er-foro-mundial-nyeleni\/#primaryimage","url":"https:\/\/www.foodsovereignty.org\/wp-content\/uploads\/2024\/10\/Nyeleni-Pic_India.jpg","contentUrl":"https:\/\/www.foodsovereignty.org\/wp-content\/uploads\/2024\/10\/Nyeleni-Pic_India.jpg","width":1280,"height":770},{"@type":"BreadcrumbList","@id":"https:\/\/www.foodsovereignty.org\/es\/participe-en-el-lanzamiento-del-3er-foro-mundial-nyeleni\/#breadcrumb","itemListElement":[{"@type":"ListItem","position":1,"name":"Home","item":"https:\/\/www.foodsovereignty.org\/es\/"},{"@type":"ListItem","position":2,"name":"\u00a1Participe en el lanzamiento del 3er Foro Mundial Ny\u00e9l\u00e9ni!"}]},{"@type":"WebSite","@id":"https:\/\/www.foodsovereignty.org\/es\/#website","url":"https:\/\/www.foodsovereignty.org\/es\/","name":"International Planning Committee for Food Sovereignty (IPC)","description":"","potentialAction":[{"@type":"SearchAction","target":{"@type":"EntryPoint","urlTemplate":"https:\/\/www.foodsovereignty.org\/es\/?s={search_term_string}"},"query-input":{"@type":"PropertyValueSpecification","valueRequired":true,"valueName":"search_term_string"}}],"inLanguage":"es"},{"@type":"Person","@id":"https:\/\/www.foodsovereignty.org\/es\/#\/schema\/person\/c5d86d7101c42543207204332399e87e","name":"IPC comms","image":{"@type":"ImageObject","inLanguage":"es","@id":"https:\/\/secure.gravatar.com\/avatar\/383f0d7b56f08da80de57d5d3281a5757594759261b9b8cdeb29616624681e03?s=96&d=mm&r=g","url":"https:\/\/secure.gravatar.com\/avatar\/383f0d7b56f08da80de57d5d3281a5757594759261b9b8cdeb29616624681e03?s=96&d=mm&r=g","contentUrl":"https:\/\/secure.gravatar.com\/avatar\/383f0d7b56f08da80de57d5d3281a5757594759261b9b8cdeb29616624681e03?s=96&d=mm&r=g","caption":"IPC comms"},"url":"https:\/\/www.foodsovereignty.org\/es\/author\/ipc-comms\/"}]}},"_links":{"self":[{"href":"https:\/\/www.foodsovereignty.org\/es\/wp-json\/wp\/v2\/posts\/4127","targetHints":{"allow":["GET"]}}],"collection":[{"href":"https:\/\/www.foodsovereignty.org\/es\/wp-json\/wp\/v2\/posts"}],"about":[{"href":"https:\/\/www.foodsovereignty.org\/es\/wp-json\/wp\/v2\/types\/post"}],"author":[{"embeddable":true,"href":"https:\/\/www.foodsovereignty.org\/es\/wp-json\/wp\/v2\/users\/7"}],"replies":[{"embeddable":true,"href":"https:\/\/www.foodsovereignty.org\/es\/wp-json\/wp\/v2\/comments?post=4127"}],"version-history":[{"count":1,"href":"https:\/\/www.foodsovereignty.org\/es\/wp-json\/wp\/v2\/posts\/4127\/revisions"}],"predecessor-version":[{"id":4128,"href":"https:\/\/www.foodsovereignty.org\/es\/wp-json\/wp\/v2\/posts\/4127\/revisions\/4128"}],"wp:featuredmedia":[{"embeddable":true,"href":"https:\/\/www.foodsovereignty.org\/es\/wp-json\/wp\/v2\/media\/4120"}],"wp:attachment":[{"href":"https:\/\/www.foodsovereignty.org\/es\/wp-json\/wp\/v2\/media?parent=4127"}],"wp:term":[{"taxonomy":"category","embeddable":true,"href":"https:\/\/www.foodsovereignty.org\/es\/wp-json\/wp\/v2\/categories?post=4127"},{"taxonomy":"post_tag","embeddable":true,"href":"https:\/\/www.foodsovereignty.org\/es\/wp-json\/wp\/v2\/tags?post=4127"}],"curies":[{"name":"wp","href":"https:\/\/api.w.org\/{rel}","templated":true}]}}