{"id":4151,"date":"2024-10-16T11:51:16","date_gmt":"2024-10-16T11:51:16","guid":{"rendered":"https:\/\/www.foodsovereignty.org\/?p=4151"},"modified":"2024-10-24T11:51:42","modified_gmt":"2024-10-24T11:51:42","slug":"dia-internacional-de-la-soberania-alimentaria-de-los-pueblos-la-perspectiva-de-la-region-mena","status":"publish","type":"post","link":"https:\/\/www.foodsovereignty.org\/es\/dia-internacional-de-la-soberania-alimentaria-de-los-pueblos-la-perspectiva-de-la-region-mena\/","title":{"rendered":"D\u00eda Internacional de la Soberan\u00eda Alimentaria de los Pueblos: la perspectiva de la regi\u00f3n MENA"},"content":{"rendered":"<p>Mientras el 16 de octubre se celebra el <strong>D\u00eda Internacional de la Soberan\u00eda Alimentaria de los Pueblos<\/strong> y contra las Empresas Transnacionales, los movimientos sociales y pol\u00edticos mundiales prosiguen sus incansables esfuerzos para alcanzar sus anhelados objetivos de soberan\u00eda popular sobre sus recursos naturales y alimentos, la regi\u00f3n de Oriente Medio y Norte de \u00c1frica se desliza hacia una guerra generalizada que aumentar\u00e1 el sufrimiento de las comunidades rurales tradicionales, campesinos, peque\u00f1os agricultores, pescadores y peque\u00f1os productores de alimentos en particular, que se han enfrentado a desplazamientos masivos en los \u00faltimos a\u00f1os, la p\u00e9rdida de sus tierras y propiedades, y su exposici\u00f3n al riesgo de hambruna y la inanici\u00f3n sistem\u00e1tica, como resultado del flagelo de las guerras y conflictos en curso.<\/p>\n<p>Desde la operaci\u00f3n militar del 7 de octubre de 2023, ha continuado el genocidio y la limpieza \u00e9tnica contra el pueblo palestino, ocupado por el colonialismo sionista desde hace m\u00e1s de 76 a\u00f1os, lo que ha provocado hasta ahora el martirio de m\u00e1s de 42 mil palestinos, la mayor\u00eda de ellos ni\u00f1os y mujeres, y el desplazamiento de m\u00e1s de 1,9 millones de palestinos en la Franja de Gaza, y de 10 mil palestinos en Cisjordania, adem\u00e1s de las violaciones diarias practicadas por la ocupaci\u00f3n israel\u00ed contra los residentes de la Jerusal\u00e9n ocupada.<\/p>\n<p><a class=\"btn btn-yellow\" href=\"https:\/\/www.foodsovereignty.org\/wp-content\/uploads\/2024\/10\/Food_Soverignty_Day_2024fr-en-ar.docx.pdf\">Leer m\u00e1s<\/a><\/p>\n","protected":false},"excerpt":{"rendered":"<p>Mientras el 16 de octubre se celebra el D\u00eda Internacional de la Soberan\u00eda Alimentaria de los Pueblos y contra las Empresas Transnacionales, los movimientos sociales y pol\u00edticos mundiales prosiguen sus incansables esfuerzos para alcanzar sus anhelados objetivos de soberan\u00eda popular sobre sus recursos naturales y alimentos, la regi\u00f3n de Oriente Medio y Norte de \u00c1frica [&hellip;]<\/p>\n","protected":false},"author":7,"featured_media":4147,"comment_status":"closed","ping_status":"closed","sticky":false,"template":"","format":"standard","meta":{"_acf_changed":false,"footnotes":""},"categories":[60],"tags":[376,300],"class_list":["post-4151","post","type-post","status-publish","format-standard","has-post-thumbnail","hentry","category-noticias","tag-food-sovereignty-es","tag-soberania-alimentaria","regional_processes_tax-near-east-north-africa","working_groups_tax-agricultural-biodiversity","working_groups_tax-agroecology","working_groups_tax-fisheries","working_groups_tax-indigenous-peoples","working_groups_tax-jovenes","working_groups_tax-land-forests-water-and-territory"],"acf":[],"yoast_head":"<!-- This site is optimized with the Yoast SEO plugin v27.4 - https:\/\/yoast.com\/product\/yoast-seo-wordpress\/ -->\n<title>El D\u00eda Internacional por la Soberan\u00eda Alimentaria de los Pueblos en la regi\u00f3n MENA<\/title>\n<meta name=\"description\" content=\"Movimientos de la regi\u00f3n de Oriente Medio y Norte de \u00c1frica reflexionan sobre los retos a los que se enfrentan los peque\u00f1os productores de alimentos en el D\u00eda Internacional de la Soberan\u00eda Alimentaria de los Pueblos.\" \/>\n<meta name=\"robots\" content=\"index, follow, max-snippet:-1, max-image-preview:large, max-video-preview:-1\" \/>\n<link rel=\"canonical\" href=\"https:\/\/www.foodsovereignty.org\/es\/dia-internacional-de-la-soberania-alimentaria-de-los-pueblos-la-perspectiva-de-la-region-mena\/\" \/>\n<meta property=\"og:locale\" content=\"es_ES\" \/>\n<meta property=\"og:type\" content=\"article\" \/>\n<meta property=\"og:title\" content=\"El D\u00eda Internacional por la Soberan\u00eda Alimentaria de los Pueblos en la regi\u00f3n MENA\" \/>\n<meta property=\"og:description\" content=\"Movimientos de la regi\u00f3n de Oriente Medio y Norte de \u00c1frica reflexionan sobre los retos a los que se enfrentan los peque\u00f1os productores de alimentos en el D\u00eda Internacional de la Soberan\u00eda Alimentaria de los Pueblos.\" \/>\n<meta property=\"og:url\" content=\"https:\/\/www.foodsovereignty.org\/es\/dia-internacional-de-la-soberania-alimentaria-de-los-pueblos-la-perspectiva-de-la-region-mena\/\" \/>\n<meta property=\"og:site_name\" content=\"International Planning Committee for Food Sovereignty (IPC)\" \/>\n<meta property=\"article:published_time\" content=\"2024-10-16T11:51:16+00:00\" \/>\n<meta property=\"article:modified_time\" content=\"2024-10-24T11:51:42+00:00\" \/>\n<meta property=\"og:image\" content=\"https:\/\/www.foodsovereignty.org\/wp-content\/uploads\/2024\/10\/mena-region-1024x576.png\" \/>\n\t<meta property=\"og:image:width\" content=\"1024\" \/>\n\t<meta property=\"og:image:height\" content=\"576\" \/>\n\t<meta property=\"og:image:type\" content=\"image\/png\" \/>\n<meta name=\"author\" content=\"IPC comms\" \/>\n<meta name=\"twitter:card\" content=\"summary_large_image\" \/>\n<meta name=\"twitter:label1\" content=\"Escrito por\" \/>\n\t<meta name=\"twitter:data1\" content=\"IPC comms\" \/>\n\t<meta name=\"twitter:label2\" content=\"Tiempo de lectura\" \/>\n\t<meta name=\"twitter:data2\" content=\"2 minutos\" \/>\n<script type=\"application\/ld+json\" class=\"yoast-schema-graph\">{\"@context\":\"https:\\\/\\\/schema.org\",\"@graph\":[{\"@type\":\"Article\",\"@id\":\"https:\\\/\\\/www.foodsovereignty.org\\\/es\\\/dia-internacional-de-la-soberania-alimentaria-de-los-pueblos-la-perspectiva-de-la-region-mena\\\/#article\",\"isPartOf\":{\"@id\":\"https:\\\/\\\/www.foodsovereignty.org\\\/es\\\/dia-internacional-de-la-soberania-alimentaria-de-los-pueblos-la-perspectiva-de-la-region-mena\\\/\"},\"author\":{\"name\":\"IPC comms\",\"@id\":\"https:\\\/\\\/www.foodsovereignty.org\\\/es\\\/#\\\/schema\\\/person\\\/c5d86d7101c42543207204332399e87e\"},\"headline\":\"D\u00eda Internacional de la Soberan\u00eda Alimentaria de los Pueblos: la perspectiva de la regi\u00f3n MENA\",\"datePublished\":\"2024-10-16T11:51:16+00:00\",\"dateModified\":\"2024-10-24T11:51:42+00:00\",\"mainEntityOfPage\":{\"@id\":\"https:\\\/\\\/www.foodsovereignty.org\\\/es\\\/dia-internacional-de-la-soberania-alimentaria-de-los-pueblos-la-perspectiva-de-la-region-mena\\\/\"},\"wordCount\":250,\"image\":{\"@id\":\"https:\\\/\\\/www.foodsovereignty.org\\\/es\\\/dia-internacional-de-la-soberania-alimentaria-de-los-pueblos-la-perspectiva-de-la-region-mena\\\/#primaryimage\"},\"thumbnailUrl\":\"https:\\\/\\\/www.foodsovereignty.org\\\/wp-content\\\/uploads\\\/2024\\\/10\\\/mena-region.png\",\"keywords\":[\"food sovereignty\",\"soberan\u00eda alimentaria\"],\"articleSection\":[\"Noticias\"],\"inLanguage\":\"es\"},{\"@type\":\"WebPage\",\"@id\":\"https:\\\/\\\/www.foodsovereignty.org\\\/es\\\/dia-internacional-de-la-soberania-alimentaria-de-los-pueblos-la-perspectiva-de-la-region-mena\\\/\",\"url\":\"https:\\\/\\\/www.foodsovereignty.org\\\/es\\\/dia-internacional-de-la-soberania-alimentaria-de-los-pueblos-la-perspectiva-de-la-region-mena\\\/\",\"name\":\"El D\u00eda Internacional por la Soberan\u00eda Alimentaria de los Pueblos en la regi\u00f3n MENA\",\"isPartOf\":{\"@id\":\"https:\\\/\\\/www.foodsovereignty.org\\\/es\\\/#website\"},\"primaryImageOfPage\":{\"@id\":\"https:\\\/\\\/www.foodsovereignty.org\\\/es\\\/dia-internacional-de-la-soberania-alimentaria-de-los-pueblos-la-perspectiva-de-la-region-mena\\\/#primaryimage\"},\"image\":{\"@id\":\"https:\\\/\\\/www.foodsovereignty.org\\\/es\\\/dia-internacional-de-la-soberania-alimentaria-de-los-pueblos-la-perspectiva-de-la-region-mena\\\/#primaryimage\"},\"thumbnailUrl\":\"https:\\\/\\\/www.foodsovereignty.org\\\/wp-content\\\/uploads\\\/2024\\\/10\\\/mena-region.png\",\"datePublished\":\"2024-10-16T11:51:16+00:00\",\"dateModified\":\"2024-10-24T11:51:42+00:00\",\"author\":{\"@id\":\"https:\\\/\\\/www.foodsovereignty.org\\\/es\\\/#\\\/schema\\\/person\\\/c5d86d7101c42543207204332399e87e\"},\"description\":\"Movimientos de la regi\u00f3n de Oriente Medio y Norte de \u00c1frica reflexionan sobre los retos a los que se enfrentan los peque\u00f1os productores de alimentos en el D\u00eda Internacional de la Soberan\u00eda Alimentaria de los Pueblos.\",\"breadcrumb\":{\"@id\":\"https:\\\/\\\/www.foodsovereignty.org\\\/es\\\/dia-internacional-de-la-soberania-alimentaria-de-los-pueblos-la-perspectiva-de-la-region-mena\\\/#breadcrumb\"},\"inLanguage\":\"es\",\"potentialAction\":[{\"@type\":\"ReadAction\",\"target\":[\"https:\\\/\\\/www.foodsovereignty.org\\\/es\\\/dia-internacional-de-la-soberania-alimentaria-de-los-pueblos-la-perspectiva-de-la-region-mena\\\/\"]}]},{\"@type\":\"ImageObject\",\"inLanguage\":\"es\",\"@id\":\"https:\\\/\\\/www.foodsovereignty.org\\\/es\\\/dia-internacional-de-la-soberania-alimentaria-de-los-pueblos-la-perspectiva-de-la-region-mena\\\/#primaryimage\",\"url\":\"https:\\\/\\\/www.foodsovereignty.org\\\/wp-content\\\/uploads\\\/2024\\\/10\\\/mena-region.png\",\"contentUrl\":\"https:\\\/\\\/www.foodsovereignty.org\\\/wp-content\\\/uploads\\\/2024\\\/10\\\/mena-region.png\",\"width\":1920,\"height\":1080},{\"@type\":\"BreadcrumbList\",\"@id\":\"https:\\\/\\\/www.foodsovereignty.org\\\/es\\\/dia-internacional-de-la-soberania-alimentaria-de-los-pueblos-la-perspectiva-de-la-region-mena\\\/#breadcrumb\",\"itemListElement\":[{\"@type\":\"ListItem\",\"position\":1,\"name\":\"Home\",\"item\":\"https:\\\/\\\/www.foodsovereignty.org\\\/es\\\/\"},{\"@type\":\"ListItem\",\"position\":2,\"name\":\"D\u00eda Internacional de la Soberan\u00eda Alimentaria de los Pueblos: la perspectiva de la regi\u00f3n MENA\"}]},{\"@type\":\"WebSite\",\"@id\":\"https:\\\/\\\/www.foodsovereignty.org\\\/es\\\/#website\",\"url\":\"https:\\\/\\\/www.foodsovereignty.org\\\/es\\\/\",\"name\":\"International Planning Committee for Food Sovereignty (IPC)\",\"description\":\"\",\"potentialAction\":[{\"@type\":\"SearchAction\",\"target\":{\"@type\":\"EntryPoint\",\"urlTemplate\":\"https:\\\/\\\/www.foodsovereignty.org\\\/es\\\/?s={search_term_string}\"},\"query-input\":{\"@type\":\"PropertyValueSpecification\",\"valueRequired\":true,\"valueName\":\"search_term_string\"}}],\"inLanguage\":\"es\"},{\"@type\":\"Person\",\"@id\":\"https:\\\/\\\/www.foodsovereignty.org\\\/es\\\/#\\\/schema\\\/person\\\/c5d86d7101c42543207204332399e87e\",\"name\":\"IPC comms\",\"image\":{\"@type\":\"ImageObject\",\"inLanguage\":\"es\",\"@id\":\"https:\\\/\\\/secure.gravatar.com\\\/avatar\\\/383f0d7b56f08da80de57d5d3281a5757594759261b9b8cdeb29616624681e03?s=96&d=mm&r=g\",\"url\":\"https:\\\/\\\/secure.gravatar.com\\\/avatar\\\/383f0d7b56f08da80de57d5d3281a5757594759261b9b8cdeb29616624681e03?s=96&d=mm&r=g\",\"contentUrl\":\"https:\\\/\\\/secure.gravatar.com\\\/avatar\\\/383f0d7b56f08da80de57d5d3281a5757594759261b9b8cdeb29616624681e03?s=96&d=mm&r=g\",\"caption\":\"IPC comms\"},\"url\":\"https:\\\/\\\/www.foodsovereignty.org\\\/es\\\/author\\\/ipc-comms\\\/\"}]}<\/script>\n<!-- \/ Yoast SEO plugin. -->","yoast_head_json":{"title":"El D\u00eda Internacional por la Soberan\u00eda Alimentaria de los Pueblos en la regi\u00f3n MENA","description":"Movimientos de la regi\u00f3n de Oriente Medio y Norte de \u00c1frica reflexionan sobre los retos a los que se enfrentan los peque\u00f1os productores de alimentos en el D\u00eda Internacional de la Soberan\u00eda Alimentaria de los Pueblos.","robots":{"index":"index","follow":"follow","max-snippet":"max-snippet:-1","max-image-preview":"max-image-preview:large","max-video-preview":"max-video-preview:-1"},"canonical":"https:\/\/www.foodsovereignty.org\/es\/dia-internacional-de-la-soberania-alimentaria-de-los-pueblos-la-perspectiva-de-la-region-mena\/","og_locale":"es_ES","og_type":"article","og_title":"El D\u00eda Internacional por la Soberan\u00eda Alimentaria de los Pueblos en la regi\u00f3n MENA","og_description":"Movimientos de la regi\u00f3n de Oriente Medio y Norte de \u00c1frica reflexionan sobre los retos a los que se enfrentan los peque\u00f1os productores de alimentos en el D\u00eda Internacional de la Soberan\u00eda Alimentaria de los Pueblos.","og_url":"https:\/\/www.foodsovereignty.org\/es\/dia-internacional-de-la-soberania-alimentaria-de-los-pueblos-la-perspectiva-de-la-region-mena\/","og_site_name":"International Planning Committee for Food Sovereignty (IPC)","article_published_time":"2024-10-16T11:51:16+00:00","article_modified_time":"2024-10-24T11:51:42+00:00","og_image":[{"width":1024,"height":576,"url":"https:\/\/www.foodsovereignty.org\/wp-content\/uploads\/2024\/10\/mena-region-1024x576.png","type":"image\/png"}],"author":"IPC comms","twitter_card":"summary_large_image","twitter_misc":{"Escrito por":"IPC comms","Tiempo de lectura":"2 minutos"},"schema":{"@context":"https:\/\/schema.org","@graph":[{"@type":"Article","@id":"https:\/\/www.foodsovereignty.org\/es\/dia-internacional-de-la-soberania-alimentaria-de-los-pueblos-la-perspectiva-de-la-region-mena\/#article","isPartOf":{"@id":"https:\/\/www.foodsovereignty.org\/es\/dia-internacional-de-la-soberania-alimentaria-de-los-pueblos-la-perspectiva-de-la-region-mena\/"},"author":{"name":"IPC comms","@id":"https:\/\/www.foodsovereignty.org\/es\/#\/schema\/person\/c5d86d7101c42543207204332399e87e"},"headline":"D\u00eda Internacional de la Soberan\u00eda Alimentaria de los Pueblos: la perspectiva de la regi\u00f3n MENA","datePublished":"2024-10-16T11:51:16+00:00","dateModified":"2024-10-24T11:51:42+00:00","mainEntityOfPage":{"@id":"https:\/\/www.foodsovereignty.org\/es\/dia-internacional-de-la-soberania-alimentaria-de-los-pueblos-la-perspectiva-de-la-region-mena\/"},"wordCount":250,"image":{"@id":"https:\/\/www.foodsovereignty.org\/es\/dia-internacional-de-la-soberania-alimentaria-de-los-pueblos-la-perspectiva-de-la-region-mena\/#primaryimage"},"thumbnailUrl":"https:\/\/www.foodsovereignty.org\/wp-content\/uploads\/2024\/10\/mena-region.png","keywords":["food sovereignty","soberan\u00eda alimentaria"],"articleSection":["Noticias"],"inLanguage":"es"},{"@type":"WebPage","@id":"https:\/\/www.foodsovereignty.org\/es\/dia-internacional-de-la-soberania-alimentaria-de-los-pueblos-la-perspectiva-de-la-region-mena\/","url":"https:\/\/www.foodsovereignty.org\/es\/dia-internacional-de-la-soberania-alimentaria-de-los-pueblos-la-perspectiva-de-la-region-mena\/","name":"El D\u00eda Internacional por la Soberan\u00eda Alimentaria de los Pueblos en la regi\u00f3n MENA","isPartOf":{"@id":"https:\/\/www.foodsovereignty.org\/es\/#website"},"primaryImageOfPage":{"@id":"https:\/\/www.foodsovereignty.org\/es\/dia-internacional-de-la-soberania-alimentaria-de-los-pueblos-la-perspectiva-de-la-region-mena\/#primaryimage"},"image":{"@id":"https:\/\/www.foodsovereignty.org\/es\/dia-internacional-de-la-soberania-alimentaria-de-los-pueblos-la-perspectiva-de-la-region-mena\/#primaryimage"},"thumbnailUrl":"https:\/\/www.foodsovereignty.org\/wp-content\/uploads\/2024\/10\/mena-region.png","datePublished":"2024-10-16T11:51:16+00:00","dateModified":"2024-10-24T11:51:42+00:00","author":{"@id":"https:\/\/www.foodsovereignty.org\/es\/#\/schema\/person\/c5d86d7101c42543207204332399e87e"},"description":"Movimientos de la regi\u00f3n de Oriente Medio y Norte de \u00c1frica reflexionan sobre los retos a los que se enfrentan los peque\u00f1os productores de alimentos en el D\u00eda Internacional de la Soberan\u00eda Alimentaria de los Pueblos.","breadcrumb":{"@id":"https:\/\/www.foodsovereignty.org\/es\/dia-internacional-de-la-soberania-alimentaria-de-los-pueblos-la-perspectiva-de-la-region-mena\/#breadcrumb"},"inLanguage":"es","potentialAction":[{"@type":"ReadAction","target":["https:\/\/www.foodsovereignty.org\/es\/dia-internacional-de-la-soberania-alimentaria-de-los-pueblos-la-perspectiva-de-la-region-mena\/"]}]},{"@type":"ImageObject","inLanguage":"es","@id":"https:\/\/www.foodsovereignty.org\/es\/dia-internacional-de-la-soberania-alimentaria-de-los-pueblos-la-perspectiva-de-la-region-mena\/#primaryimage","url":"https:\/\/www.foodsovereignty.org\/wp-content\/uploads\/2024\/10\/mena-region.png","contentUrl":"https:\/\/www.foodsovereignty.org\/wp-content\/uploads\/2024\/10\/mena-region.png","width":1920,"height":1080},{"@type":"BreadcrumbList","@id":"https:\/\/www.foodsovereignty.org\/es\/dia-internacional-de-la-soberania-alimentaria-de-los-pueblos-la-perspectiva-de-la-region-mena\/#breadcrumb","itemListElement":[{"@type":"ListItem","position":1,"name":"Home","item":"https:\/\/www.foodsovereignty.org\/es\/"},{"@type":"ListItem","position":2,"name":"D\u00eda Internacional de la Soberan\u00eda Alimentaria de los Pueblos: la perspectiva de la regi\u00f3n MENA"}]},{"@type":"WebSite","@id":"https:\/\/www.foodsovereignty.org\/es\/#website","url":"https:\/\/www.foodsovereignty.org\/es\/","name":"International Planning Committee for Food Sovereignty (IPC)","description":"","potentialAction":[{"@type":"SearchAction","target":{"@type":"EntryPoint","urlTemplate":"https:\/\/www.foodsovereignty.org\/es\/?s={search_term_string}"},"query-input":{"@type":"PropertyValueSpecification","valueRequired":true,"valueName":"search_term_string"}}],"inLanguage":"es"},{"@type":"Person","@id":"https:\/\/www.foodsovereignty.org\/es\/#\/schema\/person\/c5d86d7101c42543207204332399e87e","name":"IPC comms","image":{"@type":"ImageObject","inLanguage":"es","@id":"https:\/\/secure.gravatar.com\/avatar\/383f0d7b56f08da80de57d5d3281a5757594759261b9b8cdeb29616624681e03?s=96&d=mm&r=g","url":"https:\/\/secure.gravatar.com\/avatar\/383f0d7b56f08da80de57d5d3281a5757594759261b9b8cdeb29616624681e03?s=96&d=mm&r=g","contentUrl":"https:\/\/secure.gravatar.com\/avatar\/383f0d7b56f08da80de57d5d3281a5757594759261b9b8cdeb29616624681e03?s=96&d=mm&r=g","caption":"IPC comms"},"url":"https:\/\/www.foodsovereignty.org\/es\/author\/ipc-comms\/"}]}},"_links":{"self":[{"href":"https:\/\/www.foodsovereignty.org\/es\/wp-json\/wp\/v2\/posts\/4151","targetHints":{"allow":["GET"]}}],"collection":[{"href":"https:\/\/www.foodsovereignty.org\/es\/wp-json\/wp\/v2\/posts"}],"about":[{"href":"https:\/\/www.foodsovereignty.org\/es\/wp-json\/wp\/v2\/types\/post"}],"author":[{"embeddable":true,"href":"https:\/\/www.foodsovereignty.org\/es\/wp-json\/wp\/v2\/users\/7"}],"replies":[{"embeddable":true,"href":"https:\/\/www.foodsovereignty.org\/es\/wp-json\/wp\/v2\/comments?post=4151"}],"version-history":[{"count":1,"href":"https:\/\/www.foodsovereignty.org\/es\/wp-json\/wp\/v2\/posts\/4151\/revisions"}],"predecessor-version":[{"id":4152,"href":"https:\/\/www.foodsovereignty.org\/es\/wp-json\/wp\/v2\/posts\/4151\/revisions\/4152"}],"wp:featuredmedia":[{"embeddable":true,"href":"https:\/\/www.foodsovereignty.org\/es\/wp-json\/wp\/v2\/media\/4147"}],"wp:attachment":[{"href":"https:\/\/www.foodsovereignty.org\/es\/wp-json\/wp\/v2\/media?parent=4151"}],"wp:term":[{"taxonomy":"category","embeddable":true,"href":"https:\/\/www.foodsovereignty.org\/es\/wp-json\/wp\/v2\/categories?post=4151"},{"taxonomy":"post_tag","embeddable":true,"href":"https:\/\/www.foodsovereignty.org\/es\/wp-json\/wp\/v2\/tags?post=4151"}],"curies":[{"name":"wp","href":"https:\/\/api.w.org\/{rel}","templated":true}]}}