{"id":4496,"date":"2025-04-07T09:47:44","date_gmt":"2025-04-07T09:47:44","guid":{"rendered":"https:\/\/www.foodsovereignty.org\/?p=4496"},"modified":"2025-04-07T12:10:04","modified_gmt":"2025-04-07T12:10:04","slug":"la-salud-para-todas-las-personas-esta-ligada-a-la-soberania-alimentaria","status":"publish","type":"post","link":"https:\/\/www.foodsovereignty.org\/es\/la-salud-para-todas-las-personas-esta-ligada-a-la-soberania-alimentaria\/","title":{"rendered":"La salud para todas las personas est\u00e1 intr\u00ednsecamente ligada al logro de la soberan\u00eda alimentaria"},"content":{"rendered":"<p>El <a href=\"https:\/\/phmovement.org\/es\/home-1\"><strong>Movimiento para la Salud de los Pueblos<\/strong><\/a> (MSP) y el movimiento por la <strong>Soberan\u00eda Alimentaria<\/strong> caminar\u00e1n codo a codo en el <strong>3er Foro Global de Ny\u00e9l\u00e9ni<\/strong>, para fortalecer sus v\u00ednculos y mostrarle al mundo que no puede haber salud global sin soberan\u00eda alimentaria, as\u00ed como tampoco puede existir un sistema alimentario transformador si no se basa en el concepto del cuidado. En esta entrevista con <strong>Marcos Filardi<\/strong>, <strong>Roman Vega<\/strong>, <strong>David Legge<\/strong> y <strong>Lauren Paremoer<\/strong>, del MSP, exploramos las interconexiones entre dos de los movimientos globales que confluyen en este <a href=\"https:\/\/www.foodsovereignty.org\/es\/nyeleni-process\/\"><strong>Proceso Ny\u00e9l\u00e9ni<\/strong><\/a>.<\/p>\n<h4 class=\"wp-block-heading\"><em><strong>\u00bfCu\u00e1les son los principales temas que el Movimiento para la Salud de los Pueblos destacar\u00e1 en el D\u00eda de la Salud de los Pueblos este a\u00f1o?<\/strong><\/em><\/h4>\n<p>El MSP llama la atenci\u00f3n del mundo sobre tres crisis interrelacionadas que son producto del imperialismo, de cuatro d\u00e9cadas de capitalismo neoliberal y del actual contexto geopol\u00edtico global: las desigualdades desmedidas (de ingresos, riqueza y recursos); el colapso ambiental (crisis clim\u00e1tica, p\u00e9rdida de biodiversidad, extinci\u00f3n de especies y degradaci\u00f3n ambiental); las guerras, ocupaciones, conflictos y desplazamientos forzados (con un creciente n\u00famero de personas del Sur Global que buscan refugio ante estas crisis); y el auge del conservadurismo y la reacci\u00f3n contra los derechos conquistados por las mujeres. A esto se suma la mercantilizaci\u00f3n y privatizaci\u00f3n de los sistemas de salud, que ha sido un gran obst\u00e1culo para alcanzar el objetivo de \u201cSalud para todos\u201d que impulsa el MSP.<\/p>\n<p>Esta policrisis est\u00e1 empeorando la salud de la humanidad y del planeta, y hace insostenible la esperanza de continuidad de todos los seres, especialmente en el Sur Global y entre quienes viven \u2014y caen cada vez m\u00e1s\u2014 en condiciones de vulnerabilidad social, econ\u00f3mica, alimentaria y ambiental.<\/p>\n<p>Por ello, en la \u00faltima reuni\u00f3n de nuestro Consejo de Coordinaci\u00f3n, hicimos un llamado a todos los pueblos del mundo \u2014y en particular a los movimientos sociales, gobiernos, y fuerzas pol\u00edticas de izquierda y progresistas\u2014 a redoblar esfuerzos en la lucha por un mundo m\u00e1s justo, ecol\u00f3gicamente sostenible, descolonizado y pac\u00edfico, donde una vida saludable para todos sea una realidad. Un mundo que respete la diversidad y celebre toda forma de vida en armon\u00eda con la naturaleza; un mundo que valore y reconozca nuestras capacidades para enriquecernos mutuamente; un mundo donde las voces de las personas y los enfoques centrados en las comunidades orienten las decisiones que dan forma a nuestras vidas.<\/p>\n<p>Esto es posible mediante la acci\u00f3n colectiva, defendiendo la justicia social y clim\u00e1tica, y enfrentando los sistemas opresivos que perpet\u00faan la desigualdad. Uni\u00e9ndonos como comunidad global, podemos trabajar por un futuro mejor para todos los seres del planeta. Al priorizar el Buen Vivir de las comunidades marginadas y vulnerables y abordar las causas estructurales de las injusticias sist\u00e9micas, podemos abrir el camino hacia un mundo m\u00e1s equitativo e inclusivo, donde cada persona pueda florecer y contribuir a un futuro m\u00e1s luminoso y transformador para las generaciones por venir.<\/p>\n<h4><em><strong>\u00bfQu\u00e9 opinan del enfoque de \u201cuna sola salud\u201d (\u2018One Health\u2019) que, tras ser propuesto por la OMS, ahora es retomado por todas las principales agencias de la ONU y otros organismos?<\/strong><\/em><\/h4>\n<p>La narrativa de \u201cUna sola salud\u201d tiene validez en tanto reconoce la interdependencia entre la salud humana, la salud animal y la sostenibilidad ambiental. Este reconocimiento de lo obvio no representa un gran descubrimiento, pero es cierto que los paradigmas y pr\u00e1cticas preexistentes de la salud p\u00fablica ortodoxa hab\u00edan ignorado estas conexiones. Gracias al auge del enfoque \u201cOne Health\u201d, las instituciones establecidas de salud p\u00fablica han comenzado (lentamente) a incorporar estas conexiones de forma m\u00e1s sistem\u00e1tica en sus pol\u00edticas y pr\u00e1cticas. Para quienes est\u00e1n comprometidos con abordar los desaf\u00edos de la resistencia antimicrobiana, el avance de este enfoque ha sido valioso, ya que abre la posibilidad de pol\u00edticas y programas integrales para enfrentar dicha resistencia.<\/p>\n<p>Sin embargo, a pesar de los avances del discurso oficial de \u201cOne Health\u201d, existen cuestiones fundamentales sobre la relaci\u00f3n entre salud humana, salud animal y sostenibilidad ambiental que han sido ignoradas o deliberadamente evitadas. Esto posiblemente se haya hecho para permitir ciertas reformas dentro de la ortodoxia sanitaria. Entre los temas evitados est\u00e1n el fetichismo del crecimiento propio del capitalismo, las enormes desigualdades en el acceso a los alimentos y en la huella ecol\u00f3gica, y las desigualdades y violencias estructurales que sostienen el crecimiento econ\u00f3mico y la injusticia ambiental, econ\u00f3mica y pol\u00edtica. Por ejemplo, la visi\u00f3n convencional de \u201cOne Health\u201d no aborda el papel de los circuitos transnacionales de capital en la alteraci\u00f3n de los paisajes ecol\u00f3gicos y agroecol\u00f3gicos.<\/p>\n<p>Es com\u00fan que personas y movimientos con posturas pol\u00edticas radicales se sumen a estos debates desde una mirada cr\u00edtica, pero deben hacerlo con un an\u00e1lisis claro del contexto amplio que enmarca esas discusiones, y encuadrar su contribuci\u00f3n dentro de un programa mayor orientado a reformas estructurales profundas. Esto implica participar, por ejemplo, en debates sobre resistencia antimicrobiana, pero vinculando dicha participaci\u00f3n con una cr\u00edtica al modelo capitalista de crecimiento, las desigualdades alimentarias y ambientales, y las estructuras que perpet\u00faan esas desigualdades.<\/p>\n<p>Desde otra perspectiva, es importante recordar que parte del impulso detr\u00e1s del apoyo oficial de Estados Unidos al enfoque \u201cOne Health\u201d fue su utilidad como herramienta de confrontaci\u00f3n contra China. Este contexto arroja m\u00e1s luz sobre lo que sugerimos es una omisi\u00f3n deliberada, en gran parte del debate, de temas como el crecimiento desmedido y la desigualdad.<\/p>\n<h4 class=\"wp-block-heading\"><em><strong>Parece que muchos pa\u00edses est\u00e1n pasando de un enfoque basado en la precauci\u00f3n y la prevenci\u00f3n a una nueva idea de \u00abpreparaci\u00f3n\u00bb. \u00bfEsto podr\u00eda generar un cambio de paradigma en la salud global?<\/strong><\/em><\/h4>\n<p>La pandemia de Covid-19 profundiz\u00f3 y reforz\u00f3 una tendencia preexistente hacia la seguridad sanitaria. Por ejemplo, la respuesta del G8 ante la pandemia de VIH\/SIDA a principios de los 2000 ya mostraba preocupaci\u00f3n por amenazas a la seguridad derivadas de esa crisis sanitaria. Hoy vemos que ese discurso de seguridad est\u00e1 siendo adoptado tambi\u00e9n en el Sur Global. Un ejemplo de ello es la propuesta del CDC \u00c1frica de establecer un nuevo orden de salud p\u00fablica, que incluye elementos de visi\u00f3n securitaria.<\/p>\n<p>Creemos que el rumbo que tomar\u00e1 la preparaci\u00f3n ante pandemias depender\u00e1 del equilibrio de fuerzas. Un espacio donde esto se manifiesta claramente es en las negociaciones del Tratado sobre Pandemias. Si se imponen las propuestas del Norte Global, la \u201cpreparaci\u00f3n\u201d podr\u00eda centrarse en el desarrollo de infraestructuras de vigilancia, en detrimento de otras prioridades como la diversificaci\u00f3n geogr\u00e1fica de la producci\u00f3n de insumos sanitarios. En cambio, si los pa\u00edses del Sur Global logran hacer valer sus demandas, podr\u00edamos ver un enfoque m\u00e1s centrado en el fortalecimiento de los sistemas de salud, la diversificaci\u00f3n de la producci\u00f3n y medidas como el alivio de la deuda. En definitiva, el cambio de paradigma reflejar\u00e1 las din\u00e1micas de poder en los distintos foros de negociaci\u00f3n, m\u00e1s que el contenido de la definici\u00f3n en s\u00ed misma.<\/p>\n<h4 class=\"wp-block-heading\"><em><strong>\u00bfPor qu\u00e9 consideran importante que el MSP se vincule con el movimiento por la soberan\u00eda alimentaria en el Proceso Ny\u00e9l\u00e9ni? \u00bfQu\u00e9 puede surgir de esta alianza?<\/strong><\/em><\/h4>\n<p>La soberan\u00eda alimentaria es un componente central de la campa\u00f1a \u201cSalud para todas las personas\u201d que impulsa el PHM. En la Cuarta Asamblea por la Salud de los Pueblos (PHA4), realizada en Bangladesh, creamos un C\u00edrculo Global permanente sobre Nutrici\u00f3n y Soberan\u00eda Alimentaria, con activistas de todo el mundo. Desde entonces, hemos participado activamente en el Mecanismo de la Sociedad Civil y Pueblos Ind\u00edgenas (CSIPM) del Comit\u00e9 de Seguridad Alimentaria de la ONU (CSA).<\/p>\n<p>Recibimos con entusiasmo la invitaci\u00f3n del Comit\u00e9 Internacional de Planificaci\u00f3n para la Soberan\u00eda Alimentaria (CIP) para ser parte del Tercer Proceso Ny\u00e9l\u00e9ni y, en nuestro Llamado a la Acci\u00f3n de la PHA5, celebrada en 2024 en Mar del Plata, Argentina, comprometimos a todo el movimiento a participar activamente en este proceso.<\/p>\n<p>Estamos convencidos de que es necesario y urgente un cambio sist\u00e9mico radical, y que solo ser\u00e1 posible si fortalecemos redes y construimos poder popular junto a otros movimientos globales.<\/p>\n<p>El Tercer Proceso Ny\u00e9l\u00e9ni es una plataforma \u00fanica para que los movimientos globales se encuentren, dialoguen desde sus distintos sectores, trayectorias y luchas, construyan confianza pol\u00edtica entre s\u00ed y acuerden una agenda conjunta para el cambio sist\u00e9mico radical.<\/p>\n<p>Frente a la crisis civilizatoria que atravesamos, el 3er Foro Global Ny\u00e9l\u00e9ni Ny\u00e9l\u00e9ni nos plantea el enorme reto de construir colectivamente un camino hacia el Buen Vivir para todos los pueblos, y desde el PHM agradecemos y abrazamos con entusiasmo la posibilidad de ser parte de este camino com\u00fan.<\/p>\n","protected":false},"excerpt":{"rendered":"<p>El Movimiento para la Salud de los Pueblos (MSP) y el movimiento por la Soberan\u00eda Alimentaria caminar\u00e1n codo a codo en el 3er Foro Global de Ny\u00e9l\u00e9ni, para fortalecer sus v\u00ednculos y mostrarle al mundo que no puede haber salud global sin soberan\u00eda alimentaria, as\u00ed como tampoco puede existir un sistema alimentario transformador si no [&hellip;]<\/p>\n","protected":false},"author":7,"featured_media":4497,"comment_status":"closed","ping_status":"closed","sticky":false,"template":"","format":"standard","meta":{"_acf_changed":false,"footnotes":""},"categories":[60],"tags":[390,300],"class_list":["post-4496","post","type-post","status-publish","format-standard","has-post-thumbnail","hentry","category-noticias","tag-nyeleni-es","tag-soberania-alimentaria","regional_processes_tax-africa","regional_processes_tax-asia-pacific","regional_processes_tax-europe-central-asia","regional_processes_tax-latin-america-caribbean","regional_processes_tax-near-east-north-africa","regional_processes_tax-north-america"],"acf":[],"yoast_head":"<!-- This site is optimized with the Yoast SEO plugin v27.4 - https:\/\/yoast.com\/product\/yoast-seo-wordpress\/ -->\n<title>La salud para todas y todos est\u00e1 ligada a la soberan\u00eda alimentaria<\/title>\n<meta name=\"description\" content=\"El Movimiento para la Salud de los Pueblos y el movimiento por la Soberan\u00eda Alimentaria caminar\u00e1n codo a codo en el 3er Foro Global de Ny\u00e9l\u00e9ni\" \/>\n<meta name=\"robots\" content=\"index, follow, max-snippet:-1, max-image-preview:large, max-video-preview:-1\" \/>\n<link rel=\"canonical\" href=\"https:\/\/www.foodsovereignty.org\/es\/la-salud-para-todas-las-personas-esta-ligada-a-la-soberania-alimentaria\/\" \/>\n<meta property=\"og:locale\" content=\"es_ES\" \/>\n<meta property=\"og:type\" content=\"article\" \/>\n<meta property=\"og:title\" content=\"La salud para todas y todos est\u00e1 ligada a la soberan\u00eda alimentaria\" \/>\n<meta property=\"og:description\" content=\"El Movimiento para la Salud de los Pueblos y el movimiento por la Soberan\u00eda Alimentaria caminar\u00e1n codo a codo en el 3er Foro Global de Ny\u00e9l\u00e9ni\" \/>\n<meta property=\"og:url\" content=\"https:\/\/www.foodsovereignty.org\/es\/la-salud-para-todas-las-personas-esta-ligada-a-la-soberania-alimentaria\/\" \/>\n<meta property=\"og:site_name\" content=\"International Planning Committee for Food Sovereignty (IPC)\" \/>\n<meta property=\"article:published_time\" content=\"2025-04-07T09:47:44+00:00\" \/>\n<meta property=\"article:modified_time\" content=\"2025-04-07T12:10:04+00:00\" \/>\n<meta property=\"og:image\" content=\"https:\/\/www.foodsovereignty.org\/wp-content\/uploads\/2025\/04\/ES_Salud-de-los-pueblos-1.png\" \/>\n\t<meta property=\"og:image:width\" content=\"1200\" \/>\n\t<meta property=\"og:image:height\" content=\"800\" \/>\n\t<meta property=\"og:image:type\" content=\"image\/png\" \/>\n<meta name=\"author\" content=\"IPC comms\" \/>\n<meta name=\"twitter:card\" content=\"summary_large_image\" \/>\n<meta name=\"twitter:label1\" content=\"Escrito por\" \/>\n\t<meta name=\"twitter:data1\" content=\"IPC comms\" \/>\n\t<meta name=\"twitter:label2\" content=\"Tiempo de lectura\" \/>\n\t<meta name=\"twitter:data2\" content=\"7 minutos\" \/>\n<script type=\"application\/ld+json\" class=\"yoast-schema-graph\">{\"@context\":\"https:\\\/\\\/schema.org\",\"@graph\":[{\"@type\":\"Article\",\"@id\":\"https:\\\/\\\/www.foodsovereignty.org\\\/es\\\/la-salud-para-todas-las-personas-esta-ligada-a-la-soberania-alimentaria\\\/#article\",\"isPartOf\":{\"@id\":\"https:\\\/\\\/www.foodsovereignty.org\\\/es\\\/la-salud-para-todas-las-personas-esta-ligada-a-la-soberania-alimentaria\\\/\"},\"author\":{\"name\":\"IPC comms\",\"@id\":\"https:\\\/\\\/www.foodsovereignty.org\\\/es\\\/#\\\/schema\\\/person\\\/c5d86d7101c42543207204332399e87e\"},\"headline\":\"La salud para todas las personas est\u00e1 intr\u00ednsecamente ligada al logro de la soberan\u00eda alimentaria\",\"datePublished\":\"2025-04-07T09:47:44+00:00\",\"dateModified\":\"2025-04-07T12:10:04+00:00\",\"mainEntityOfPage\":{\"@id\":\"https:\\\/\\\/www.foodsovereignty.org\\\/es\\\/la-salud-para-todas-las-personas-esta-ligada-a-la-soberania-alimentaria\\\/\"},\"wordCount\":1536,\"image\":{\"@id\":\"https:\\\/\\\/www.foodsovereignty.org\\\/es\\\/la-salud-para-todas-las-personas-esta-ligada-a-la-soberania-alimentaria\\\/#primaryimage\"},\"thumbnailUrl\":\"https:\\\/\\\/www.foodsovereignty.org\\\/wp-content\\\/uploads\\\/2025\\\/04\\\/ES_Salud-de-los-pueblos-1.png\",\"keywords\":[\"Ny\u00e9l\u00e9ni\",\"soberan\u00eda alimentaria\"],\"articleSection\":[\"Noticias\"],\"inLanguage\":\"es\"},{\"@type\":\"WebPage\",\"@id\":\"https:\\\/\\\/www.foodsovereignty.org\\\/es\\\/la-salud-para-todas-las-personas-esta-ligada-a-la-soberania-alimentaria\\\/\",\"url\":\"https:\\\/\\\/www.foodsovereignty.org\\\/es\\\/la-salud-para-todas-las-personas-esta-ligada-a-la-soberania-alimentaria\\\/\",\"name\":\"La salud para todas y todos est\u00e1 ligada a la soberan\u00eda alimentaria\",\"isPartOf\":{\"@id\":\"https:\\\/\\\/www.foodsovereignty.org\\\/es\\\/#website\"},\"primaryImageOfPage\":{\"@id\":\"https:\\\/\\\/www.foodsovereignty.org\\\/es\\\/la-salud-para-todas-las-personas-esta-ligada-a-la-soberania-alimentaria\\\/#primaryimage\"},\"image\":{\"@id\":\"https:\\\/\\\/www.foodsovereignty.org\\\/es\\\/la-salud-para-todas-las-personas-esta-ligada-a-la-soberania-alimentaria\\\/#primaryimage\"},\"thumbnailUrl\":\"https:\\\/\\\/www.foodsovereignty.org\\\/wp-content\\\/uploads\\\/2025\\\/04\\\/ES_Salud-de-los-pueblos-1.png\",\"datePublished\":\"2025-04-07T09:47:44+00:00\",\"dateModified\":\"2025-04-07T12:10:04+00:00\",\"author\":{\"@id\":\"https:\\\/\\\/www.foodsovereignty.org\\\/es\\\/#\\\/schema\\\/person\\\/c5d86d7101c42543207204332399e87e\"},\"description\":\"El Movimiento para la Salud de los Pueblos y el movimiento por la Soberan\u00eda Alimentaria caminar\u00e1n codo a codo en el 3er Foro Global de Ny\u00e9l\u00e9ni\",\"breadcrumb\":{\"@id\":\"https:\\\/\\\/www.foodsovereignty.org\\\/es\\\/la-salud-para-todas-las-personas-esta-ligada-a-la-soberania-alimentaria\\\/#breadcrumb\"},\"inLanguage\":\"es\",\"potentialAction\":[{\"@type\":\"ReadAction\",\"target\":[\"https:\\\/\\\/www.foodsovereignty.org\\\/es\\\/la-salud-para-todas-las-personas-esta-ligada-a-la-soberania-alimentaria\\\/\"]}]},{\"@type\":\"ImageObject\",\"inLanguage\":\"es\",\"@id\":\"https:\\\/\\\/www.foodsovereignty.org\\\/es\\\/la-salud-para-todas-las-personas-esta-ligada-a-la-soberania-alimentaria\\\/#primaryimage\",\"url\":\"https:\\\/\\\/www.foodsovereignty.org\\\/wp-content\\\/uploads\\\/2025\\\/04\\\/ES_Salud-de-los-pueblos-1.png\",\"contentUrl\":\"https:\\\/\\\/www.foodsovereignty.org\\\/wp-content\\\/uploads\\\/2025\\\/04\\\/ES_Salud-de-los-pueblos-1.png\",\"width\":1200,\"height\":800},{\"@type\":\"BreadcrumbList\",\"@id\":\"https:\\\/\\\/www.foodsovereignty.org\\\/es\\\/la-salud-para-todas-las-personas-esta-ligada-a-la-soberania-alimentaria\\\/#breadcrumb\",\"itemListElement\":[{\"@type\":\"ListItem\",\"position\":1,\"name\":\"Home\",\"item\":\"https:\\\/\\\/www.foodsovereignty.org\\\/es\\\/\"},{\"@type\":\"ListItem\",\"position\":2,\"name\":\"La salud para todas las personas est\u00e1 intr\u00ednsecamente ligada al logro de la soberan\u00eda alimentaria\"}]},{\"@type\":\"WebSite\",\"@id\":\"https:\\\/\\\/www.foodsovereignty.org\\\/es\\\/#website\",\"url\":\"https:\\\/\\\/www.foodsovereignty.org\\\/es\\\/\",\"name\":\"International Planning Committee for Food Sovereignty (IPC)\",\"description\":\"\",\"potentialAction\":[{\"@type\":\"SearchAction\",\"target\":{\"@type\":\"EntryPoint\",\"urlTemplate\":\"https:\\\/\\\/www.foodsovereignty.org\\\/es\\\/?s={search_term_string}\"},\"query-input\":{\"@type\":\"PropertyValueSpecification\",\"valueRequired\":true,\"valueName\":\"search_term_string\"}}],\"inLanguage\":\"es\"},{\"@type\":\"Person\",\"@id\":\"https:\\\/\\\/www.foodsovereignty.org\\\/es\\\/#\\\/schema\\\/person\\\/c5d86d7101c42543207204332399e87e\",\"name\":\"IPC comms\",\"image\":{\"@type\":\"ImageObject\",\"inLanguage\":\"es\",\"@id\":\"https:\\\/\\\/secure.gravatar.com\\\/avatar\\\/383f0d7b56f08da80de57d5d3281a5757594759261b9b8cdeb29616624681e03?s=96&d=mm&r=g\",\"url\":\"https:\\\/\\\/secure.gravatar.com\\\/avatar\\\/383f0d7b56f08da80de57d5d3281a5757594759261b9b8cdeb29616624681e03?s=96&d=mm&r=g\",\"contentUrl\":\"https:\\\/\\\/secure.gravatar.com\\\/avatar\\\/383f0d7b56f08da80de57d5d3281a5757594759261b9b8cdeb29616624681e03?s=96&d=mm&r=g\",\"caption\":\"IPC comms\"},\"url\":\"https:\\\/\\\/www.foodsovereignty.org\\\/es\\\/author\\\/ipc-comms\\\/\"}]}<\/script>\n<!-- \/ Yoast SEO plugin. -->","yoast_head_json":{"title":"La salud para todas y todos est\u00e1 ligada a la soberan\u00eda alimentaria","description":"El Movimiento para la Salud de los Pueblos y el movimiento por la Soberan\u00eda Alimentaria caminar\u00e1n codo a codo en el 3er Foro Global de Ny\u00e9l\u00e9ni","robots":{"index":"index","follow":"follow","max-snippet":"max-snippet:-1","max-image-preview":"max-image-preview:large","max-video-preview":"max-video-preview:-1"},"canonical":"https:\/\/www.foodsovereignty.org\/es\/la-salud-para-todas-las-personas-esta-ligada-a-la-soberania-alimentaria\/","og_locale":"es_ES","og_type":"article","og_title":"La salud para todas y todos est\u00e1 ligada a la soberan\u00eda alimentaria","og_description":"El Movimiento para la Salud de los Pueblos y el movimiento por la Soberan\u00eda Alimentaria caminar\u00e1n codo a codo en el 3er Foro Global de Ny\u00e9l\u00e9ni","og_url":"https:\/\/www.foodsovereignty.org\/es\/la-salud-para-todas-las-personas-esta-ligada-a-la-soberania-alimentaria\/","og_site_name":"International Planning Committee for Food Sovereignty (IPC)","article_published_time":"2025-04-07T09:47:44+00:00","article_modified_time":"2025-04-07T12:10:04+00:00","og_image":[{"width":1200,"height":800,"url":"https:\/\/www.foodsovereignty.org\/wp-content\/uploads\/2025\/04\/ES_Salud-de-los-pueblos-1.png","type":"image\/png"}],"author":"IPC comms","twitter_card":"summary_large_image","twitter_misc":{"Escrito por":"IPC comms","Tiempo de lectura":"7 minutos"},"schema":{"@context":"https:\/\/schema.org","@graph":[{"@type":"Article","@id":"https:\/\/www.foodsovereignty.org\/es\/la-salud-para-todas-las-personas-esta-ligada-a-la-soberania-alimentaria\/#article","isPartOf":{"@id":"https:\/\/www.foodsovereignty.org\/es\/la-salud-para-todas-las-personas-esta-ligada-a-la-soberania-alimentaria\/"},"author":{"name":"IPC comms","@id":"https:\/\/www.foodsovereignty.org\/es\/#\/schema\/person\/c5d86d7101c42543207204332399e87e"},"headline":"La salud para todas las personas est\u00e1 intr\u00ednsecamente ligada al logro de la soberan\u00eda alimentaria","datePublished":"2025-04-07T09:47:44+00:00","dateModified":"2025-04-07T12:10:04+00:00","mainEntityOfPage":{"@id":"https:\/\/www.foodsovereignty.org\/es\/la-salud-para-todas-las-personas-esta-ligada-a-la-soberania-alimentaria\/"},"wordCount":1536,"image":{"@id":"https:\/\/www.foodsovereignty.org\/es\/la-salud-para-todas-las-personas-esta-ligada-a-la-soberania-alimentaria\/#primaryimage"},"thumbnailUrl":"https:\/\/www.foodsovereignty.org\/wp-content\/uploads\/2025\/04\/ES_Salud-de-los-pueblos-1.png","keywords":["Ny\u00e9l\u00e9ni","soberan\u00eda alimentaria"],"articleSection":["Noticias"],"inLanguage":"es"},{"@type":"WebPage","@id":"https:\/\/www.foodsovereignty.org\/es\/la-salud-para-todas-las-personas-esta-ligada-a-la-soberania-alimentaria\/","url":"https:\/\/www.foodsovereignty.org\/es\/la-salud-para-todas-las-personas-esta-ligada-a-la-soberania-alimentaria\/","name":"La salud para todas y todos est\u00e1 ligada a la soberan\u00eda alimentaria","isPartOf":{"@id":"https:\/\/www.foodsovereignty.org\/es\/#website"},"primaryImageOfPage":{"@id":"https:\/\/www.foodsovereignty.org\/es\/la-salud-para-todas-las-personas-esta-ligada-a-la-soberania-alimentaria\/#primaryimage"},"image":{"@id":"https:\/\/www.foodsovereignty.org\/es\/la-salud-para-todas-las-personas-esta-ligada-a-la-soberania-alimentaria\/#primaryimage"},"thumbnailUrl":"https:\/\/www.foodsovereignty.org\/wp-content\/uploads\/2025\/04\/ES_Salud-de-los-pueblos-1.png","datePublished":"2025-04-07T09:47:44+00:00","dateModified":"2025-04-07T12:10:04+00:00","author":{"@id":"https:\/\/www.foodsovereignty.org\/es\/#\/schema\/person\/c5d86d7101c42543207204332399e87e"},"description":"El Movimiento para la Salud de los Pueblos y el movimiento por la Soberan\u00eda Alimentaria caminar\u00e1n codo a codo en el 3er Foro Global de Ny\u00e9l\u00e9ni","breadcrumb":{"@id":"https:\/\/www.foodsovereignty.org\/es\/la-salud-para-todas-las-personas-esta-ligada-a-la-soberania-alimentaria\/#breadcrumb"},"inLanguage":"es","potentialAction":[{"@type":"ReadAction","target":["https:\/\/www.foodsovereignty.org\/es\/la-salud-para-todas-las-personas-esta-ligada-a-la-soberania-alimentaria\/"]}]},{"@type":"ImageObject","inLanguage":"es","@id":"https:\/\/www.foodsovereignty.org\/es\/la-salud-para-todas-las-personas-esta-ligada-a-la-soberania-alimentaria\/#primaryimage","url":"https:\/\/www.foodsovereignty.org\/wp-content\/uploads\/2025\/04\/ES_Salud-de-los-pueblos-1.png","contentUrl":"https:\/\/www.foodsovereignty.org\/wp-content\/uploads\/2025\/04\/ES_Salud-de-los-pueblos-1.png","width":1200,"height":800},{"@type":"BreadcrumbList","@id":"https:\/\/www.foodsovereignty.org\/es\/la-salud-para-todas-las-personas-esta-ligada-a-la-soberania-alimentaria\/#breadcrumb","itemListElement":[{"@type":"ListItem","position":1,"name":"Home","item":"https:\/\/www.foodsovereignty.org\/es\/"},{"@type":"ListItem","position":2,"name":"La salud para todas las personas est\u00e1 intr\u00ednsecamente ligada al logro de la soberan\u00eda alimentaria"}]},{"@type":"WebSite","@id":"https:\/\/www.foodsovereignty.org\/es\/#website","url":"https:\/\/www.foodsovereignty.org\/es\/","name":"International Planning Committee for Food Sovereignty (IPC)","description":"","potentialAction":[{"@type":"SearchAction","target":{"@type":"EntryPoint","urlTemplate":"https:\/\/www.foodsovereignty.org\/es\/?s={search_term_string}"},"query-input":{"@type":"PropertyValueSpecification","valueRequired":true,"valueName":"search_term_string"}}],"inLanguage":"es"},{"@type":"Person","@id":"https:\/\/www.foodsovereignty.org\/es\/#\/schema\/person\/c5d86d7101c42543207204332399e87e","name":"IPC comms","image":{"@type":"ImageObject","inLanguage":"es","@id":"https:\/\/secure.gravatar.com\/avatar\/383f0d7b56f08da80de57d5d3281a5757594759261b9b8cdeb29616624681e03?s=96&d=mm&r=g","url":"https:\/\/secure.gravatar.com\/avatar\/383f0d7b56f08da80de57d5d3281a5757594759261b9b8cdeb29616624681e03?s=96&d=mm&r=g","contentUrl":"https:\/\/secure.gravatar.com\/avatar\/383f0d7b56f08da80de57d5d3281a5757594759261b9b8cdeb29616624681e03?s=96&d=mm&r=g","caption":"IPC comms"},"url":"https:\/\/www.foodsovereignty.org\/es\/author\/ipc-comms\/"}]}},"_links":{"self":[{"href":"https:\/\/www.foodsovereignty.org\/es\/wp-json\/wp\/v2\/posts\/4496","targetHints":{"allow":["GET"]}}],"collection":[{"href":"https:\/\/www.foodsovereignty.org\/es\/wp-json\/wp\/v2\/posts"}],"about":[{"href":"https:\/\/www.foodsovereignty.org\/es\/wp-json\/wp\/v2\/types\/post"}],"author":[{"embeddable":true,"href":"https:\/\/www.foodsovereignty.org\/es\/wp-json\/wp\/v2\/users\/7"}],"replies":[{"embeddable":true,"href":"https:\/\/www.foodsovereignty.org\/es\/wp-json\/wp\/v2\/comments?post=4496"}],"version-history":[{"count":2,"href":"https:\/\/www.foodsovereignty.org\/es\/wp-json\/wp\/v2\/posts\/4496\/revisions"}],"predecessor-version":[{"id":4503,"href":"https:\/\/www.foodsovereignty.org\/es\/wp-json\/wp\/v2\/posts\/4496\/revisions\/4503"}],"wp:featuredmedia":[{"embeddable":true,"href":"https:\/\/www.foodsovereignty.org\/es\/wp-json\/wp\/v2\/media\/4497"}],"wp:attachment":[{"href":"https:\/\/www.foodsovereignty.org\/es\/wp-json\/wp\/v2\/media?parent=4496"}],"wp:term":[{"taxonomy":"category","embeddable":true,"href":"https:\/\/www.foodsovereignty.org\/es\/wp-json\/wp\/v2\/categories?post=4496"},{"taxonomy":"post_tag","embeddable":true,"href":"https:\/\/www.foodsovereignty.org\/es\/wp-json\/wp\/v2\/tags?post=4496"}],"curies":[{"name":"wp","href":"https:\/\/api.w.org\/{rel}","templated":true}]}}