{"id":5011,"date":"2026-01-20T13:56:03","date_gmt":"2026-01-20T13:56:03","guid":{"rendered":"https:\/\/www.foodsovereignty.org\/?p=5011"},"modified":"2026-01-20T14:46:52","modified_gmt":"2026-01-20T14:46:52","slug":"movimientos-sociales-globales-se-movilizan-en-torno-a-la-ciradr20-ante-la-intensificacion-de-las-luchas-por-la-tierra-los-recursos-y-los-territorios","status":"publish","type":"post","link":"https:\/\/www.foodsovereignty.org\/es\/movimientos-sociales-globales-se-movilizan-en-torno-a-la-ciradr20-ante-la-intensificacion-de-las-luchas-por-la-tierra-los-recursos-y-los-territorios\/","title":{"rendered":"Movimientos sociales globales se movilizan en torno a la CIRADR+20 ante la intensificaci\u00f3n de las luchas por la tierra, los bienes naturales y los territorios"},"content":{"rendered":"<p>A medida que se intensifican los conflictos geopol\u00edticos y se profundiza el control corporativo sobre la tierra, territorios y los bienes naturales, movimientos sociales y Pueblos Ind\u00edgenas de todo el mundo se est\u00e1n movilizando en torno a <a href=\"https:\/\/www.minagricultura.gov.co\/noticias\/Paginas\/Nos-juntamos-para-para-prepararnos-para-la-Segunda-Conferencia-Internacional-y-construir-el-Plan-Decenal-de-Reforma-Agraria.aspx\" target=\"_blank\" rel=\"noopener\"><u><strong>la Segunda Conferencia Internacional sobre Reforma Agraria y Desarrollo Rural (CIRADR+20)<\/strong><\/u><\/a>, organizada por el Gobierno de la Rep\u00fablica de Colombia y que se celebrar\u00e1 en Cartagena, Colombia, del 24 al 28 de febrero de 2026.<\/p>\n<p>Desde Palestina hasta Venezuela, desde Cuba hasta el \u00c1rtico, est\u00e1 en marcha una renovada disputa imperial por territorios, minerales, agua y energ\u00eda. Las inversiones financieras, la ocupaci\u00f3n militar, los bloqueos econ\u00f3micos y los llamados proyectos de seguridad, desarrollo y transici\u00f3n verde se utilizan cada vez m\u00e1s por parte de los gobiernos, las corporaciones y la \u00e9lites para despojar a los pueblos e imponer su poder sobre los recursos estrat\u00e9gicos. Como resultado, el mundo se enfrenta a una creciente concentraci\u00f3n de la tierra, el despojo de territorios y bienes naturales y a una profunda desigualdad. Como movimientos sociales globales de\u00a0 productoras y productores de alimentos a peque\u00f1a escala, estamos decididas y decididos a unirnos en Cartagena para visibilizar c\u00f3mo estas disputas de poder global afectan directamente a las comunidades trabajadoras rurales y urbanas, y para luchar por pol\u00edticas p\u00fablicas que respeten nuestros derechos y nuestra autonom\u00eda.<\/p>\n<p>Como resultado de esta expansi\u00f3n capitalista e imperialista, el sistema alimentario mundial tambi\u00e9n se encuentra en una profunda crisis. Est\u00e1 colapsando bajo el impacto del deterioro clim\u00e1tico, los monocultivos industriales y la desigualdad extrema. Nosotras y nosotros, las personas campesinas, los Pueblos Ind\u00edgenas y las personas productoras de alimentos a peque\u00f1a escala que alimentamos a la mayor parte del mundo y protegemos los ecosistemas, enfrentamos una nueva ola de despojo impulsada por la militarizaci\u00f3n, el crimen organizado, las grandes tecnolog\u00edas y la mercantilizaci\u00f3n de la acci\u00f3n clim\u00e1tica.<\/p>\n<p><strong>Nosotres<\/strong>, representantes de movimientos sociales de m\u00e1s de 70 pa\u00edses, organizades a trav\u00e9s del Comit\u00e9 Internacional de Planificaci\u00f3n sobre Soberan\u00eda Alimentaria (IPC), quienes asistiremos a CIRADR+20, como parte de la Agenda de Acci\u00f3n Pol\u00edtica Com\u00fan resultado del Tercer Foro Global de Ny\u00e9leni, hacemos un llamado a la Organizaci\u00f3n de las Naciones Unidas para la Alimentaci\u00f3n y la Agricultura (FAO) y al Comit\u00e9 de Seguridad Alimentaria Mundial (CFS) para que establezcan mecanismos de evaluaci\u00f3n fuertes, participativos y regulares, que permitan monitorear la implementaci\u00f3n de las Directrices Voluntarias sobre la Gobernanza Responsable de la Tenencia de la Tierra (VGGT). La Declaraci\u00f3n de las Naciones Unidas sobre los Derechos de los Campesinos y otras Personas que Trabajan en \u00c1reas Rurales (UNDROP) y la Declaraci\u00f3n de las Naciones Unidas sobre los Derechos de los Pueblos Ind\u00edgenas (UNDRIP)\u00a0deben ser pilares centrales de\u00a0 reformas agrarias integrales, orientando a los Estados a proteger los derechos colectivos, garantizar la participaci\u00f3n, respetar el consentimiento libre, previo e informado, y defender los territorios frente al despojo.<\/p>\n<p>La CIRADR+20, que tendr\u00e1 lugar del 24 al 28 de febrero de 2026, se realiza veinte a\u00f1os despu\u00e9s de la primera conferencia en Porto Alegre. En las d\u00e9cadas transcurridas, la concentraci\u00f3n de la tierra se ha intensificado y se han expandido nuevas formas de acaparamiento de tierras y agua. Como movimientos sociales, insistimos en que la conferencia debe ir m\u00e1s all\u00e1 de recomendaciones t\u00e9cnicas y promesas voluntarias.<\/p>\n<p><strong>Llamamos a una reforma agraria integral basada en cuatro pilares:<\/strong> el reconocimiento de los derechos de los Pueblos Ind\u00edgenas y los derechos consuetudinarios sobre la tierra, los territorios y el agua; la redistribuci\u00f3n de la tierra y los bienes naturales, incluidos l\u00edmites a la acumulaci\u00f3n corporativa y militar; la restituci\u00f3n para las comunidades despojadas por el acaparamiento de tierras, el colonialismo, la ocupaci\u00f3n y los conflictos; y una regulaci\u00f3n firme de los mercado de la tierra para proteger los territorios de las y los peque\u00f1os productores de alimentos frente a usos extractivos, especulativos y militares.<\/p>\n<p>Una reforma agraria integral es central para la democracia, la paz y la justicia clim\u00e1tica. Toda reforma agraria significativa debe situar en el centro la igualdad de derechos de las mujeres a la tierra, garantizar futuros dignos para las juventudes rurales y reconocer los derechos, la seguridad y el sentido de pertenencia de las personas con diversidad sexual y de g\u00e9nero en los territorios rurales. Sin compromisos pol\u00edticos y mecanismos globales y efectivos de monitoreo y cooperaci\u00f3n, el acaparamiento de tierras simplemente adopta nuevas formas.<\/p>\n<p>Nuestra lucha por la reforma agraria hoy es inseparable de nuestra lucha contra el imperialismo, el autoritarismo y el colapso ecol\u00f3gico. La CIRADR+20 se perfila como un momento cr\u00edtico para intensificar nuestros esfuerzos colectivos para recuperar la tierra, los territorios, restaurar la dignidad de las poblaciones rurales, construir soberan\u00eda alimentaria y defender las bases mismas de la vida. Como Grupo de Trabajo del CIP sobre Tierra, Bosques, Agua y Territorios, organizaremos un Foro de Movimientos Sociales y Pueblos Ind\u00edgenas los d\u00edas 22 y 23 de febrero para preparar nuestras propuestas colectivas para la Conferencia.<\/p>\n<p>&nbsp;<\/p>\n<h4><strong>\u00a1Defendemos la vida, construimos la soberan\u00eda alimentaria!<\/strong><\/h4>\n<h4>\u00a1<strong>Control popular sobre la tierra, el agua y los territorios ya!\u00a0 <\/strong><\/h4>\n<p>&nbsp;<\/p>\n<h3><strong>INFORMACI\u00d3N ADICIONAL PARA LA PRENSA<\/strong><\/h3>\n<ul>\n<li>Lista de movimientos sociales globales: LVC, IITC, WFFP, WFF, WAMIP, WMW, FIMARC, MIJARC, HIC, URGENCI<\/li>\n<li>Lista de movimientos sociales regionales: AFSA, CAOI, COPROFAM, ECMIA, MAELA, PROPAC, ROPPA, USFSA<\/li>\n<li>Fechas clave\n<ul>\n<li>Foro de Movimientos Sociales: 22\u201323 de febrero de 2026<\/li>\n<li>Foro Acad\u00e9mico: 20\u201322 de febrero de 2026<\/li>\n<li>Conferencia Oficial CIRADR+20: 24\u201328 de febrero de 2026<\/li>\n<li>Rueda de prensa: Por confirmar (virtual o en Cartagena)<\/li>\n<\/ul>\n<\/li>\n<\/ul>\n<p>&nbsp;<\/p>\n<h5><strong>Consultas de prensa<\/strong><\/h5>\n<p><strong>Contactos<\/strong><\/p>\n<ul>\n<li>Viviana Rojas (LVC) &#8211; <a href=\"mailto:viviana.rojas@viacampesina.org\"><u>viviana.rojas@viacampesina.org<\/u><\/a><\/li>\n<li>Andrey Martinez (CLOC-LVC) &#8211; <a href=\"mailto:andreyviacampesina@gmail.com\"><u>andreyviacampesina@gmail.com<\/u><\/a><\/li>\n<li>Francesco Pani\u00e9 (IPC Secretariat) \u2013 <a href=\"mailto:f.panie@croceviaterra.it\"><u>f.panie@croceviaterra.it<\/u><\/a><\/li>\n<\/ul>\n<p>&nbsp;<\/p>\n<p>&nbsp;<\/p>\n","protected":false},"excerpt":{"rendered":"<p>A medida que se intensifican los conflictos geopol\u00edticos y se profundiza el control corporativo sobre la tierra, territorios y los bienes naturales, movimientos sociales y Pueblos Ind\u00edgenas de todo el mundo se est\u00e1n movilizando en torno a la Segunda Conferencia Internacional sobre Reforma Agraria y Desarrollo Rural (CIRADR+20), organizada por el Gobierno de la Rep\u00fablica [&hellip;]<\/p>\n","protected":false},"author":7,"featured_media":5012,"comment_status":"closed","ping_status":"closed","sticky":false,"template":"","format":"standard","meta":{"_acf_changed":false,"footnotes":""},"categories":[60],"tags":[425,426],"class_list":["post-5011","post","type-post","status-publish","format-standard","has-post-thumbnail","hentry","category-noticias","tag-ciradr20-es","tag-icarrd20-es","working_groups_tax-land-forests-water-and-territory"],"acf":[],"yoast_head":"<!-- This site is optimized with the Yoast SEO plugin v27.4 - https:\/\/yoast.com\/product\/yoast-seo-wordpress\/ -->\n<title>Movimientos sociales globales se movilizan para la CIRADR+20<\/title>\n<meta name=\"description\" content=\"La CIRADR+20 se celebrar\u00e1 del 24 al 28 de febrero de 2026, veinte a\u00f1os despu\u00e9s de la primera conferencia celebrada en Porto Alegre\" \/>\n<meta name=\"robots\" content=\"index, follow, max-snippet:-1, max-image-preview:large, max-video-preview:-1\" \/>\n<link rel=\"canonical\" href=\"https:\/\/www.foodsovereignty.org\/es\/movimientos-sociales-globales-se-movilizan-en-torno-a-la-ciradr20-ante-la-intensificacion-de-las-luchas-por-la-tierra-los-recursos-y-los-territorios\/\" \/>\n<meta property=\"og:locale\" content=\"es_ES\" \/>\n<meta property=\"og:type\" content=\"article\" \/>\n<meta property=\"og:title\" content=\"Movimientos sociales globales se movilizan para la CIRADR+20\" \/>\n<meta property=\"og:description\" content=\"La CIRADR+20 se celebrar\u00e1 del 24 al 28 de febrero de 2026, veinte a\u00f1os despu\u00e9s de la primera conferencia celebrada en Porto Alegre\" \/>\n<meta property=\"og:url\" content=\"https:\/\/www.foodsovereignty.org\/es\/movimientos-sociales-globales-se-movilizan-en-torno-a-la-ciradr20-ante-la-intensificacion-de-las-luchas-por-la-tierra-los-recursos-y-los-territorios\/\" \/>\n<meta property=\"og:site_name\" content=\"International Planning Committee for Food Sovereignty (IPC)\" \/>\n<meta property=\"article:published_time\" content=\"2026-01-20T13:56:03+00:00\" \/>\n<meta property=\"article:modified_time\" content=\"2026-01-20T14:46:52+00:00\" \/>\n<meta property=\"og:image\" content=\"https:\/\/www.foodsovereignty.org\/wp-content\/uploads\/2026\/01\/4b.-CIRADR-PRENSA-ES.jpg\" \/>\n\t<meta property=\"og:image:width\" content=\"2125\" \/>\n\t<meta property=\"og:image:height\" content=\"1063\" \/>\n\t<meta property=\"og:image:type\" content=\"image\/jpeg\" \/>\n<meta name=\"author\" content=\"IPC comms\" \/>\n<meta name=\"twitter:card\" content=\"summary_large_image\" \/>\n<meta name=\"twitter:label1\" content=\"Escrito por\" \/>\n\t<meta name=\"twitter:data1\" content=\"IPC comms\" \/>\n\t<meta name=\"twitter:label2\" content=\"Tiempo de lectura\" \/>\n\t<meta name=\"twitter:data2\" content=\"5 minutos\" \/>\n<script type=\"application\/ld+json\" class=\"yoast-schema-graph\">{\"@context\":\"https:\\\/\\\/schema.org\",\"@graph\":[{\"@type\":\"Article\",\"@id\":\"https:\\\/\\\/www.foodsovereignty.org\\\/es\\\/movimientos-sociales-globales-se-movilizan-en-torno-a-la-ciradr20-ante-la-intensificacion-de-las-luchas-por-la-tierra-los-recursos-y-los-territorios\\\/#article\",\"isPartOf\":{\"@id\":\"https:\\\/\\\/www.foodsovereignty.org\\\/es\\\/movimientos-sociales-globales-se-movilizan-en-torno-a-la-ciradr20-ante-la-intensificacion-de-las-luchas-por-la-tierra-los-recursos-y-los-territorios\\\/\"},\"author\":{\"name\":\"IPC comms\",\"@id\":\"https:\\\/\\\/www.foodsovereignty.org\\\/es\\\/#\\\/schema\\\/person\\\/c5d86d7101c42543207204332399e87e\"},\"headline\":\"Movimientos sociales globales se movilizan en torno a la CIRADR+20 ante la intensificaci\u00f3n de las luchas por la tierra, los bienes naturales y los territorios\",\"datePublished\":\"2026-01-20T13:56:03+00:00\",\"dateModified\":\"2026-01-20T14:46:52+00:00\",\"mainEntityOfPage\":{\"@id\":\"https:\\\/\\\/www.foodsovereignty.org\\\/es\\\/movimientos-sociales-globales-se-movilizan-en-torno-a-la-ciradr20-ante-la-intensificacion-de-las-luchas-por-la-tierra-los-recursos-y-los-territorios\\\/\"},\"wordCount\":1010,\"image\":{\"@id\":\"https:\\\/\\\/www.foodsovereignty.org\\\/es\\\/movimientos-sociales-globales-se-movilizan-en-torno-a-la-ciradr20-ante-la-intensificacion-de-las-luchas-por-la-tierra-los-recursos-y-los-territorios\\\/#primaryimage\"},\"thumbnailUrl\":\"https:\\\/\\\/www.foodsovereignty.org\\\/wp-content\\\/uploads\\\/2026\\\/01\\\/4b.-CIRADR-PRENSA-ES.jpg\",\"keywords\":[\"CIRADR+20\",\"ICARRD+20\"],\"articleSection\":[\"Noticias\"],\"inLanguage\":\"es\"},{\"@type\":\"WebPage\",\"@id\":\"https:\\\/\\\/www.foodsovereignty.org\\\/es\\\/movimientos-sociales-globales-se-movilizan-en-torno-a-la-ciradr20-ante-la-intensificacion-de-las-luchas-por-la-tierra-los-recursos-y-los-territorios\\\/\",\"url\":\"https:\\\/\\\/www.foodsovereignty.org\\\/es\\\/movimientos-sociales-globales-se-movilizan-en-torno-a-la-ciradr20-ante-la-intensificacion-de-las-luchas-por-la-tierra-los-recursos-y-los-territorios\\\/\",\"name\":\"Movimientos sociales globales se movilizan para la CIRADR+20\",\"isPartOf\":{\"@id\":\"https:\\\/\\\/www.foodsovereignty.org\\\/es\\\/#website\"},\"primaryImageOfPage\":{\"@id\":\"https:\\\/\\\/www.foodsovereignty.org\\\/es\\\/movimientos-sociales-globales-se-movilizan-en-torno-a-la-ciradr20-ante-la-intensificacion-de-las-luchas-por-la-tierra-los-recursos-y-los-territorios\\\/#primaryimage\"},\"image\":{\"@id\":\"https:\\\/\\\/www.foodsovereignty.org\\\/es\\\/movimientos-sociales-globales-se-movilizan-en-torno-a-la-ciradr20-ante-la-intensificacion-de-las-luchas-por-la-tierra-los-recursos-y-los-territorios\\\/#primaryimage\"},\"thumbnailUrl\":\"https:\\\/\\\/www.foodsovereignty.org\\\/wp-content\\\/uploads\\\/2026\\\/01\\\/4b.-CIRADR-PRENSA-ES.jpg\",\"datePublished\":\"2026-01-20T13:56:03+00:00\",\"dateModified\":\"2026-01-20T14:46:52+00:00\",\"author\":{\"@id\":\"https:\\\/\\\/www.foodsovereignty.org\\\/es\\\/#\\\/schema\\\/person\\\/c5d86d7101c42543207204332399e87e\"},\"description\":\"La CIRADR+20 se celebrar\u00e1 del 24 al 28 de febrero de 2026, veinte a\u00f1os despu\u00e9s de la primera conferencia celebrada en Porto Alegre\",\"breadcrumb\":{\"@id\":\"https:\\\/\\\/www.foodsovereignty.org\\\/es\\\/movimientos-sociales-globales-se-movilizan-en-torno-a-la-ciradr20-ante-la-intensificacion-de-las-luchas-por-la-tierra-los-recursos-y-los-territorios\\\/#breadcrumb\"},\"inLanguage\":\"es\",\"potentialAction\":[{\"@type\":\"ReadAction\",\"target\":[\"https:\\\/\\\/www.foodsovereignty.org\\\/es\\\/movimientos-sociales-globales-se-movilizan-en-torno-a-la-ciradr20-ante-la-intensificacion-de-las-luchas-por-la-tierra-los-recursos-y-los-territorios\\\/\"]}]},{\"@type\":\"ImageObject\",\"inLanguage\":\"es\",\"@id\":\"https:\\\/\\\/www.foodsovereignty.org\\\/es\\\/movimientos-sociales-globales-se-movilizan-en-torno-a-la-ciradr20-ante-la-intensificacion-de-las-luchas-por-la-tierra-los-recursos-y-los-territorios\\\/#primaryimage\",\"url\":\"https:\\\/\\\/www.foodsovereignty.org\\\/wp-content\\\/uploads\\\/2026\\\/01\\\/4b.-CIRADR-PRENSA-ES.jpg\",\"contentUrl\":\"https:\\\/\\\/www.foodsovereignty.org\\\/wp-content\\\/uploads\\\/2026\\\/01\\\/4b.-CIRADR-PRENSA-ES.jpg\",\"width\":2125,\"height\":1063},{\"@type\":\"BreadcrumbList\",\"@id\":\"https:\\\/\\\/www.foodsovereignty.org\\\/es\\\/movimientos-sociales-globales-se-movilizan-en-torno-a-la-ciradr20-ante-la-intensificacion-de-las-luchas-por-la-tierra-los-recursos-y-los-territorios\\\/#breadcrumb\",\"itemListElement\":[{\"@type\":\"ListItem\",\"position\":1,\"name\":\"Home\",\"item\":\"https:\\\/\\\/www.foodsovereignty.org\\\/es\\\/\"},{\"@type\":\"ListItem\",\"position\":2,\"name\":\"Movimientos sociales globales se movilizan en torno a la CIRADR+20 ante la intensificaci\u00f3n de las luchas por la tierra, los bienes naturales y los territorios\"}]},{\"@type\":\"WebSite\",\"@id\":\"https:\\\/\\\/www.foodsovereignty.org\\\/es\\\/#website\",\"url\":\"https:\\\/\\\/www.foodsovereignty.org\\\/es\\\/\",\"name\":\"International Planning Committee for Food Sovereignty (IPC)\",\"description\":\"\",\"potentialAction\":[{\"@type\":\"SearchAction\",\"target\":{\"@type\":\"EntryPoint\",\"urlTemplate\":\"https:\\\/\\\/www.foodsovereignty.org\\\/es\\\/?s={search_term_string}\"},\"query-input\":{\"@type\":\"PropertyValueSpecification\",\"valueRequired\":true,\"valueName\":\"search_term_string\"}}],\"inLanguage\":\"es\"},{\"@type\":\"Person\",\"@id\":\"https:\\\/\\\/www.foodsovereignty.org\\\/es\\\/#\\\/schema\\\/person\\\/c5d86d7101c42543207204332399e87e\",\"name\":\"IPC comms\",\"image\":{\"@type\":\"ImageObject\",\"inLanguage\":\"es\",\"@id\":\"https:\\\/\\\/secure.gravatar.com\\\/avatar\\\/383f0d7b56f08da80de57d5d3281a5757594759261b9b8cdeb29616624681e03?s=96&d=mm&r=g\",\"url\":\"https:\\\/\\\/secure.gravatar.com\\\/avatar\\\/383f0d7b56f08da80de57d5d3281a5757594759261b9b8cdeb29616624681e03?s=96&d=mm&r=g\",\"contentUrl\":\"https:\\\/\\\/secure.gravatar.com\\\/avatar\\\/383f0d7b56f08da80de57d5d3281a5757594759261b9b8cdeb29616624681e03?s=96&d=mm&r=g\",\"caption\":\"IPC comms\"},\"url\":\"https:\\\/\\\/www.foodsovereignty.org\\\/es\\\/author\\\/ipc-comms\\\/\"}]}<\/script>\n<!-- \/ Yoast SEO plugin. -->","yoast_head_json":{"title":"Movimientos sociales globales se movilizan para la CIRADR+20","description":"La CIRADR+20 se celebrar\u00e1 del 24 al 28 de febrero de 2026, veinte a\u00f1os despu\u00e9s de la primera conferencia celebrada en Porto Alegre","robots":{"index":"index","follow":"follow","max-snippet":"max-snippet:-1","max-image-preview":"max-image-preview:large","max-video-preview":"max-video-preview:-1"},"canonical":"https:\/\/www.foodsovereignty.org\/es\/movimientos-sociales-globales-se-movilizan-en-torno-a-la-ciradr20-ante-la-intensificacion-de-las-luchas-por-la-tierra-los-recursos-y-los-territorios\/","og_locale":"es_ES","og_type":"article","og_title":"Movimientos sociales globales se movilizan para la CIRADR+20","og_description":"La CIRADR+20 se celebrar\u00e1 del 24 al 28 de febrero de 2026, veinte a\u00f1os despu\u00e9s de la primera conferencia celebrada en Porto Alegre","og_url":"https:\/\/www.foodsovereignty.org\/es\/movimientos-sociales-globales-se-movilizan-en-torno-a-la-ciradr20-ante-la-intensificacion-de-las-luchas-por-la-tierra-los-recursos-y-los-territorios\/","og_site_name":"International Planning Committee for Food Sovereignty (IPC)","article_published_time":"2026-01-20T13:56:03+00:00","article_modified_time":"2026-01-20T14:46:52+00:00","og_image":[{"width":2125,"height":1063,"url":"https:\/\/www.foodsovereignty.org\/wp-content\/uploads\/2026\/01\/4b.-CIRADR-PRENSA-ES.jpg","type":"image\/jpeg"}],"author":"IPC comms","twitter_card":"summary_large_image","twitter_misc":{"Escrito por":"IPC comms","Tiempo de lectura":"5 minutos"},"schema":{"@context":"https:\/\/schema.org","@graph":[{"@type":"Article","@id":"https:\/\/www.foodsovereignty.org\/es\/movimientos-sociales-globales-se-movilizan-en-torno-a-la-ciradr20-ante-la-intensificacion-de-las-luchas-por-la-tierra-los-recursos-y-los-territorios\/#article","isPartOf":{"@id":"https:\/\/www.foodsovereignty.org\/es\/movimientos-sociales-globales-se-movilizan-en-torno-a-la-ciradr20-ante-la-intensificacion-de-las-luchas-por-la-tierra-los-recursos-y-los-territorios\/"},"author":{"name":"IPC comms","@id":"https:\/\/www.foodsovereignty.org\/es\/#\/schema\/person\/c5d86d7101c42543207204332399e87e"},"headline":"Movimientos sociales globales se movilizan en torno a la CIRADR+20 ante la intensificaci\u00f3n de las luchas por la tierra, los bienes naturales y los territorios","datePublished":"2026-01-20T13:56:03+00:00","dateModified":"2026-01-20T14:46:52+00:00","mainEntityOfPage":{"@id":"https:\/\/www.foodsovereignty.org\/es\/movimientos-sociales-globales-se-movilizan-en-torno-a-la-ciradr20-ante-la-intensificacion-de-las-luchas-por-la-tierra-los-recursos-y-los-territorios\/"},"wordCount":1010,"image":{"@id":"https:\/\/www.foodsovereignty.org\/es\/movimientos-sociales-globales-se-movilizan-en-torno-a-la-ciradr20-ante-la-intensificacion-de-las-luchas-por-la-tierra-los-recursos-y-los-territorios\/#primaryimage"},"thumbnailUrl":"https:\/\/www.foodsovereignty.org\/wp-content\/uploads\/2026\/01\/4b.-CIRADR-PRENSA-ES.jpg","keywords":["CIRADR+20","ICARRD+20"],"articleSection":["Noticias"],"inLanguage":"es"},{"@type":"WebPage","@id":"https:\/\/www.foodsovereignty.org\/es\/movimientos-sociales-globales-se-movilizan-en-torno-a-la-ciradr20-ante-la-intensificacion-de-las-luchas-por-la-tierra-los-recursos-y-los-territorios\/","url":"https:\/\/www.foodsovereignty.org\/es\/movimientos-sociales-globales-se-movilizan-en-torno-a-la-ciradr20-ante-la-intensificacion-de-las-luchas-por-la-tierra-los-recursos-y-los-territorios\/","name":"Movimientos sociales globales se movilizan para la CIRADR+20","isPartOf":{"@id":"https:\/\/www.foodsovereignty.org\/es\/#website"},"primaryImageOfPage":{"@id":"https:\/\/www.foodsovereignty.org\/es\/movimientos-sociales-globales-se-movilizan-en-torno-a-la-ciradr20-ante-la-intensificacion-de-las-luchas-por-la-tierra-los-recursos-y-los-territorios\/#primaryimage"},"image":{"@id":"https:\/\/www.foodsovereignty.org\/es\/movimientos-sociales-globales-se-movilizan-en-torno-a-la-ciradr20-ante-la-intensificacion-de-las-luchas-por-la-tierra-los-recursos-y-los-territorios\/#primaryimage"},"thumbnailUrl":"https:\/\/www.foodsovereignty.org\/wp-content\/uploads\/2026\/01\/4b.-CIRADR-PRENSA-ES.jpg","datePublished":"2026-01-20T13:56:03+00:00","dateModified":"2026-01-20T14:46:52+00:00","author":{"@id":"https:\/\/www.foodsovereignty.org\/es\/#\/schema\/person\/c5d86d7101c42543207204332399e87e"},"description":"La CIRADR+20 se celebrar\u00e1 del 24 al 28 de febrero de 2026, veinte a\u00f1os despu\u00e9s de la primera conferencia celebrada en Porto Alegre","breadcrumb":{"@id":"https:\/\/www.foodsovereignty.org\/es\/movimientos-sociales-globales-se-movilizan-en-torno-a-la-ciradr20-ante-la-intensificacion-de-las-luchas-por-la-tierra-los-recursos-y-los-territorios\/#breadcrumb"},"inLanguage":"es","potentialAction":[{"@type":"ReadAction","target":["https:\/\/www.foodsovereignty.org\/es\/movimientos-sociales-globales-se-movilizan-en-torno-a-la-ciradr20-ante-la-intensificacion-de-las-luchas-por-la-tierra-los-recursos-y-los-territorios\/"]}]},{"@type":"ImageObject","inLanguage":"es","@id":"https:\/\/www.foodsovereignty.org\/es\/movimientos-sociales-globales-se-movilizan-en-torno-a-la-ciradr20-ante-la-intensificacion-de-las-luchas-por-la-tierra-los-recursos-y-los-territorios\/#primaryimage","url":"https:\/\/www.foodsovereignty.org\/wp-content\/uploads\/2026\/01\/4b.-CIRADR-PRENSA-ES.jpg","contentUrl":"https:\/\/www.foodsovereignty.org\/wp-content\/uploads\/2026\/01\/4b.-CIRADR-PRENSA-ES.jpg","width":2125,"height":1063},{"@type":"BreadcrumbList","@id":"https:\/\/www.foodsovereignty.org\/es\/movimientos-sociales-globales-se-movilizan-en-torno-a-la-ciradr20-ante-la-intensificacion-de-las-luchas-por-la-tierra-los-recursos-y-los-territorios\/#breadcrumb","itemListElement":[{"@type":"ListItem","position":1,"name":"Home","item":"https:\/\/www.foodsovereignty.org\/es\/"},{"@type":"ListItem","position":2,"name":"Movimientos sociales globales se movilizan en torno a la CIRADR+20 ante la intensificaci\u00f3n de las luchas por la tierra, los bienes naturales y los territorios"}]},{"@type":"WebSite","@id":"https:\/\/www.foodsovereignty.org\/es\/#website","url":"https:\/\/www.foodsovereignty.org\/es\/","name":"International Planning Committee for Food Sovereignty (IPC)","description":"","potentialAction":[{"@type":"SearchAction","target":{"@type":"EntryPoint","urlTemplate":"https:\/\/www.foodsovereignty.org\/es\/?s={search_term_string}"},"query-input":{"@type":"PropertyValueSpecification","valueRequired":true,"valueName":"search_term_string"}}],"inLanguage":"es"},{"@type":"Person","@id":"https:\/\/www.foodsovereignty.org\/es\/#\/schema\/person\/c5d86d7101c42543207204332399e87e","name":"IPC comms","image":{"@type":"ImageObject","inLanguage":"es","@id":"https:\/\/secure.gravatar.com\/avatar\/383f0d7b56f08da80de57d5d3281a5757594759261b9b8cdeb29616624681e03?s=96&d=mm&r=g","url":"https:\/\/secure.gravatar.com\/avatar\/383f0d7b56f08da80de57d5d3281a5757594759261b9b8cdeb29616624681e03?s=96&d=mm&r=g","contentUrl":"https:\/\/secure.gravatar.com\/avatar\/383f0d7b56f08da80de57d5d3281a5757594759261b9b8cdeb29616624681e03?s=96&d=mm&r=g","caption":"IPC comms"},"url":"https:\/\/www.foodsovereignty.org\/es\/author\/ipc-comms\/"}]}},"_links":{"self":[{"href":"https:\/\/www.foodsovereignty.org\/es\/wp-json\/wp\/v2\/posts\/5011","targetHints":{"allow":["GET"]}}],"collection":[{"href":"https:\/\/www.foodsovereignty.org\/es\/wp-json\/wp\/v2\/posts"}],"about":[{"href":"https:\/\/www.foodsovereignty.org\/es\/wp-json\/wp\/v2\/types\/post"}],"author":[{"embeddable":true,"href":"https:\/\/www.foodsovereignty.org\/es\/wp-json\/wp\/v2\/users\/7"}],"replies":[{"embeddable":true,"href":"https:\/\/www.foodsovereignty.org\/es\/wp-json\/wp\/v2\/comments?post=5011"}],"version-history":[{"count":4,"href":"https:\/\/www.foodsovereignty.org\/es\/wp-json\/wp\/v2\/posts\/5011\/revisions"}],"predecessor-version":[{"id":5020,"href":"https:\/\/www.foodsovereignty.org\/es\/wp-json\/wp\/v2\/posts\/5011\/revisions\/5020"}],"wp:featuredmedia":[{"embeddable":true,"href":"https:\/\/www.foodsovereignty.org\/es\/wp-json\/wp\/v2\/media\/5012"}],"wp:attachment":[{"href":"https:\/\/www.foodsovereignty.org\/es\/wp-json\/wp\/v2\/media?parent=5011"}],"wp:term":[{"taxonomy":"category","embeddable":true,"href":"https:\/\/www.foodsovereignty.org\/es\/wp-json\/wp\/v2\/categories?post=5011"},{"taxonomy":"post_tag","embeddable":true,"href":"https:\/\/www.foodsovereignty.org\/es\/wp-json\/wp\/v2\/tags?post=5011"}],"curies":[{"name":"wp","href":"https:\/\/api.w.org\/{rel}","templated":true}]}}