{"id":5079,"date":"2026-02-21T16:08:25","date_gmt":"2026-02-21T16:08:25","guid":{"rendered":"https:\/\/www.foodsovereignty.org\/?p=5079"},"modified":"2026-03-01T02:02:26","modified_gmt":"2026-03-01T02:02:26","slug":"nuestro-diario-desde-la-ciradr20-y-el-foro-de-los-pueblos-y-movimientos-sociales","status":"publish","type":"post","link":"https:\/\/www.foodsovereignty.org\/es\/nuestro-diario-desde-la-ciradr20-y-el-foro-de-los-pueblos-y-movimientos-sociales\/","title":{"rendered":"Nuestro diario desde la CIRADR+20 y el Foro de los Pueblos y Movimientos Sociales"},"content":{"rendered":"<h6>28 de febrero<\/h6>\n<h6><\/h6>\n<h4><strong>CIRADR+20: Ultimo dia<\/strong><\/h4>\n<p>&nbsp;<\/p>\n<p>Fue una copa amarga de tragar. No solo la que tomamos en el comedor del hotel esta ma\u00f1ana, sino tambi\u00e9n \u2013 y m\u00e1s metaf\u00f3ricamente \u2013 la que los gobiernos sirvieron a los Pueblos Ind\u00edgenas y a los movimientos sociales el \u00faltimo d\u00eda de esta <strong>Conferencia Internacional sobre Reforma Agraria y Desarrollo Rural (CIRADR+20)<\/strong>. La <a href=\"https:\/\/www.foodsovereignty.org\/wp-content\/uploads\/2026\/02\/DECLARACION-GOBIERNOS.pdf\"><strong>declaraci\u00f3n final<\/strong><\/a> fue bastante d\u00e9bil en cuanto a terminolog\u00eda y acciones, y tras una reuni\u00f3n de emergencia celebrada la noche anterior, el CIP decidi\u00f2 de rechazarla.<\/p>\n<p>El lenguaje sobre los Pueblos Ind\u00edgenas era demasiado d\u00e9bil e incluso peligroso, coloc\u00e1ndolos junto al <strong>resbaladizo concepto de \u201ccomunidades locales\u201d<\/strong>. En el derecho internacional, los Pueblos Ind\u00edgenas poseen derechos colectivos distintos \u2013incluido el derecho a la autodeterminaci\u00f3n, a la tierra, a los territorios y a los recursos\u2013 reconocidos en instrumentos como la DNUDPI, basados en su existencia precolonial y en su estatus jur\u00eddico espec\u00edfico. El t\u00e9rmino \u201ccomunidades locales\u201d no tiene un estatus equivalente, claramente definido, en el derecho internacional y no conlleva los mismos derechos colectivos ni los mismos fundamentos hist\u00f3ricos. <strong>Equiparar a los Pueblos Ind\u00edgenas con las \u201ccomunidades locales\u201d corre el riesgo de diluir o socavar sus derechos<\/strong> legalmente reconocidos al borrar este estatus distinto y rebajar los est\u00e1ndares de protecci\u00f3n establecidos.<\/p>\n<p>Esto era inaceptable para las organizaciones globales y regionales representadas por el CIP. Y entonces, aunque dedicamos palabras de gratitud a los gobiernos de Colombia y Brasil por haber vuelto a poner la reforma agraria en la agenda internacional, dijimos: <strong>no podemos aceptar la declaraci\u00f3n y presentamos <a href=\"https:\/\/www.foodsovereignty.org\/es\/es_ipc-press-release-icarrd\/\">nuestra propia<\/a><\/strong>.<\/p>\n<div class=\"media media-iframe\"><iframe loading=\"lazy\" title=\"IPC final political declaration | ICARRD+20\" width=\"500\" height=\"281\" src=\"https:\/\/www.youtube.com\/embed\/dR67Z4DuryI?feature=oembed\" frameborder=\"0\" allow=\"accelerometer; autoplay; clipboard-write; encrypted-media; gyroscope; picture-in-picture; web-share\" referrerpolicy=\"strict-origin-when-cross-origin\" allowfullscreen><\/iframe><\/div>\n<p>No porque rechacemos el di\u00e1logo. Al contrario, lo exigimos. Un di\u00e1logo de buena fe sobre los derechos ind\u00edgenas, sobre los derechos de los pueblos pescadores y de los pastores, sobre los derechos de las mujeres y la justicia de g\u00e9nero, sobre la agroecolog\u00eda como forma de vida, no como un arreglo t\u00e9cnico.<\/p>\n<p>Reafirmamos los cuatro pilares que deben guiar una verdadera reforma: <strong>Redistribuci\u00f3n, Reconocimiento, Restituci\u00f3n, Regulaci\u00f3n<\/strong>. Juntos, forman la columna vertebral de una reforma agraria del siglo XXI arraigada en la soberan\u00eda alimentaria. La agroecolog\u00eda no es una l\u00ednea de proyecto; es nuestra relaci\u00f3n con la Madre Tierra, entre nosotros y con las generaciones futuras.<\/p>\n<p>Esta noche, mientras las luces de la conferencia se aten\u00faan, no estamos derrotados. Estamos organizados.<\/p>\n<p><strong>M\u00e1s de 6000 organizaciones y 300 millones de productores de alimentos a peque\u00f1a escala se articulan a trav\u00e9s del CIP<\/strong>. Llevamos los seis pilares de la soberan\u00eda alimentaria nacidos en Nyeleni. Llevamos luchas desde aldeas, costas, monta\u00f1as y llanuras. Nuestra legitimidad no se mide en aplausos diplom\u00e1ticos sino en la resistencia cotidiana de nuestras comunidades.<\/p>\n<p>Ma\u00f1ana volvemos a casa.<\/p>\n<p>A casa, a las asambleas bajo los \u00e1rboles, a los botes de pesca al amanecer, a los reba\u00f1os cruzando rutas ancestrales. A casa para organizarnos, educar, resistir. La reforma agraria, la soberan\u00eda alimentaria y la justicia social y ambiental no ser\u00e1n concedidas desde los podios de las conferencias. Ser\u00e1n sembradas, defendidas y conquistadas.<\/p>\n<p>&nbsp;<\/p>\n<hr \/>\n<p>&nbsp;<\/p>\n<h6><\/h6>\n<h6>27 de febrero<\/h6>\n<h6><\/h6>\n<h4><strong>CIRADR+20: D\u00eda 4<\/strong><\/h4>\n<p>&nbsp;<\/p>\n<p>Al margen del CIRADR20 en Cartagena, dos eventos paralelos organizados por el CIP y La Via Campesina crearon un espacio para que los movimientos sociales impulsaran propuestas concretas para una reforma agraria popular y global.<\/p>\n<p>Los participantes subrayaron que <strong>la reforma agraria debe ir m\u00e1s all\u00e1 de la redistribuci\u00f3n de la tierra para abordar los territorios, las aguas, los bosques y los derechos colectivos<\/strong>. Campesinos, Pueblos Ind\u00edgenas, pescadores artesanales, pastores, comunidades afrodescendientes y movimientos de mujeres pidieron pol\u00edticas que defiendan la autonom\u00eda y frenen el control corporativo sobre los sistemas alimentarios.<\/p>\n<p>Los debates destacaron los l\u00edmites de los marcos de propiedad privada y la necesidad de reconocer la tenencia comunal y los diversos sistemas de gobernanza. Una vez m\u00e1s, los ponentes denunciaron el desplazamiento, la militarizaci\u00f3n, el acaparamiento de tierras, la degradaci\u00f3n ambiental y la criminalizaci\u00f3n de las comunidades rurales.<\/p>\n<p>Se hicieron firmes llamados a favor de la soberan\u00eda alimentaria, la agroecolog\u00eda, la justicia ambiental y la descolonizaci\u00f3n de los sistemas alimentarios. Las perspectivas feministas subrayaron los derechos de las mujeres a la tierra, al poder de decisi\u00f3n, al reconocimiento y a reparaciones por injusticias hist\u00f3ricas.<\/p>\n<p>Los participantes tambi\u00e9n exigieron responsabilidades por los desalojos forzosos y medidas reparadoras para las comunidades despojadas de sus territorios. A lo largo de los intercambios, los movimientos reafirmaron que una reforma significativa requiere un cambio sist\u00e9mico y una participaci\u00f3n activa en la configuraci\u00f3n de pol\u00edticas nacionales e internacionales.<\/p>\n<p>Al comenzar el \u00faltimo d\u00eda del CIRADR y ante la expectativa de una Declaraci\u00f3n de los Ministros, el CIP insta firmemente a los responsables pol\u00edticos a respaldar una reforma agraria transformadora basada en las demandas de los movimientos y sus logros en el derecho internacional.<\/p>\n<p>&nbsp;<\/p>\n<h6><strong>La participaci\u00f3n social fortalece la implementaci\u00f3n<\/strong><\/h6>\n<p>\u00bfC\u00f3mo transformar acuerdos internacionales que no son jur\u00eddicamente vinculantes en pol\u00edticas p\u00fablicas concretas? Este di\u00e1logo reuni\u00f3 a expertos en seguridad alimentaria y nutrici\u00f3n, especialistas jur\u00eddicos, Pueblos Ind\u00edgenas y campesinos, as\u00ed como representantes gubernamentales.<\/p>\n<p>Los participantes subrayaron que la participaci\u00f3n social, como lo demostr\u00f3 el CONSEA en Brasil, es clave para vincular los acuerdos internacionales con acciones concretas. El panel tambi\u00e9n destac\u00f3 que la FAO, el CSA y los Estados deben respetar plenamente la UNDRIP. Los movimientos sociales recordaron las <strong>\u201c4R\u201d de la reforma agraria: Reconocimiento, Reparaci\u00f3n, Resistencia y Restituci\u00f3n, a\u00f1adiendo una quinta \u201cR\u201d, revoluci\u00f3n,<\/strong> entendida como el primer paso hacia la transformaci\u00f3n de los sistemas alimentarios en modelos territoriales, agroecol\u00f3gicos y no corporativos.<\/p>\n<p>El debate tambi\u00e9n subray\u00f3 que la reforma agraria no puede reducirse a la titulaci\u00f3n de tierras o a la formalizaci\u00f3n de la propiedad; debe garantizar la permanencia territorial, el acceso colectivo a los recursos naturales y medios de vida sostenibles para los Pueblos Ind\u00edgenas, campesinos, pescadores y pastores.<\/p>\n<p>&nbsp;<\/p>\n<h6><strong>De la tierra al territorio: la cosmovisi\u00f3n en el derecho internacional<\/strong><\/h6>\n<p>La tierra no es solo un activo productivo, sino un espacio intr\u00ednsecamente vinculado a los bienes comunes naturales, la espiritualidad y la vida colectiva. Representantes de Indonesia, Am\u00e9rica del Norte, Am\u00e9rica Latina, \u00c1frica y el Pac\u00edfico coincidieron en que el principal desaf\u00edo sigue siendo la falta de garant\u00edas efectivas para la protecci\u00f3n de los derechos sobre la tierra y el territorio, a pesar de su reconocimiento en instrumentos jur\u00eddicos internacionales como la UNDRIP.<\/p>\n<p>Los panelistas tambi\u00e9n denunciaron la criminalizaci\u00f3n en curso de las personas defensoras de la tierra y de los derechos humanos, ilustrada por el caso de Daria Egereva, quien fue detenida en Rusia tras participar en la COP30, as\u00ed como la falta de reconocimiento de los Pueblos Ind\u00edgenas como titulares de derechos en varios pa\u00edses. En Kenia, por ejemplo, los Pueblos Ind\u00edgenas siguen siendo clasificados como poblaciones marginadas o minor\u00edas, una pr\u00e1ctica que se reproduce incluso en espacios multilaterales. Frente a estos desaf\u00edos, <strong>organizaciones campesinas, de pescadores y de pastores expresaron su solidaridad y reafirmaron un mensaje compartido: no puede haber reforma agraria sin los Pueblos Ind\u00edgenas<\/strong>.<\/p>\n<p>&nbsp;<\/p>\n<h6><strong>Feliz cumplea\u00f1os, FENSUAGRO!<\/strong><\/h6>\n<p>Miradas campesinas sobre la reforma agraria se han proyectado en forma de documental audiovisual. La Mediateca Colombo Francesa ha albergado el lanzamiento de los 50 a\u00f1os de lucha de FENSUAGRO con este evento paralelo en el marco de la CIRADR+20. Un <strong>documental colaborativo desde la comunicaci\u00f3n popular<\/strong>, co-creado entre FENSUAGRO y Mirada Rumiant (MiRu) en septiembre de 2025 en territorios de colombia.<\/p>\n<p>&nbsp;<\/p>\n<hr \/>\n<h6><\/h6>\n<h6>26 de febrero<\/h6>\n<h6><\/h6>\n<h4><strong>CIRADR+20: D\u00eda 3<\/strong><\/h4>\n<p>&nbsp;<\/p>\n<p>Dos j\u00f3venes se desplomaron repentinamente esta tarde en el Centro de Convenciones de Cartagena, causando conmoci\u00f3n entre las personas presentes. A su alrededor, hombres con trajes blancos de protecci\u00f3n desenrollaron una cinta amarilla con la inscripci\u00f3n \u201cpeligro, no pasar\u201d. Junto a las mujeres tendidas en el suelo colocaron frutas, productos alimentarios industriales y carteles de protesta.<\/p>\n<p>\u201cNo podemos hablar de reforma agraria si no liberamos nuestro imaginario de los agrot\u00f3xicos, los organismos gen\u00e9ticamente modificados y el modelo agr\u00edcola que los sustenta\u201d, denunciaron las y los activistas. Forman parte de la campa\u00f1a <a href=\"https:\/\/redsemillaslibres.com\/colombia-libre-de-transgenicos\/\"><strong>Colombia Libre de Transg\u00e9nicos<\/strong><\/a>. Este movimiento nacional lucha por proteger la biodiversidad, las semillas nativas y el derecho de las comunidades a una agricultura libre de OGM, y por afirmar la soberan\u00eda alimentaria del pa\u00eds. Tras un fallo hist\u00f3rico de la Corte Constitucional colombiana, que reconoci\u00f3 el riesgo de contaminaci\u00f3n del ma\u00edz nativo por cultivos transg\u00e9nicos, la campa\u00f1a exige al gobierno nacional superar las barreras jur\u00eddicas y t\u00e9cnicas para salvaguardar eficazmente las semillas nativas y criollas.<\/p>\n<p><img loading=\"lazy\" decoding=\"async\" class=\"alignright size-full wp-image-5319\" src=\"https:\/\/www.foodsovereignty.org\/wp-content\/uploads\/2026\/02\/Action-2.jpeg\" alt=\"\" width=\"1600\" height=\"1200\" srcset=\"https:\/\/www.foodsovereignty.org\/wp-content\/uploads\/2026\/02\/Action-2.jpeg 1600w, https:\/\/www.foodsovereignty.org\/wp-content\/uploads\/2026\/02\/Action-2-300x225.jpeg 300w, https:\/\/www.foodsovereignty.org\/wp-content\/uploads\/2026\/02\/Action-2-1024x768.jpeg 1024w, https:\/\/www.foodsovereignty.org\/wp-content\/uploads\/2026\/02\/Action-2-768x576.jpeg 768w, https:\/\/www.foodsovereignty.org\/wp-content\/uploads\/2026\/02\/Action-2-1536x1152.jpeg 1536w\" sizes=\"auto, (max-width: 1600px) 100vw, 1600px\" \/><\/p>\n<p>&nbsp;<\/p>\n<h6><strong>Desde el auditorio<\/strong><\/h6>\n<p data-start=\"1193\" data-end=\"1842\">Seguramente menos impactante, pero igualmente rico en contenidos, la conferencia matutina titulada \u201cTierra, Alimentaci\u00f3n, Trabajo y Vida\u201d reuni\u00f3 a activistas, intelectuales y autoridades que compartieron experiencias en la construcci\u00f3n de la reforma agraria y el desarrollo sostenible en las zonas rurales. Estuvieron presentes representantes de Brasil, Colombia, Mal\u00ed, China y Estados Unidos, as\u00ed como la Ministra de Agricultura y Desarrollo Rural de Colombia, Martha Carvajalino, quien abri\u00f3 la sesi\u00f3n destacando la importancia de los movimientos de todo el mundo para impulsar el debate global sobre la reforma agraria.<\/p>\n<p data-start=\"1844\" data-end=\"2670\">En otro panel sobre innovaci\u00f3n para un uso justo de la tierra, representantes del CIP de Estados Unidos mostraron que el aumento de la <strong>concentraci\u00f3n corporativa, el crecimiento de la deuda agr\u00edcola, la consolidaci\u00f3n de tierras y las importaciones r\u00e9cord de alimentos<\/strong> est\u00e1n debilitando a los peque\u00f1os productores, profundizando las desigualdades y reduciendo la resiliencia rural. Actores corporativos y financieros impulsan adquisiciones masivas de tierras, a menudo mediante estructuras de inversi\u00f3n opacas, mientras los datos p\u00fablicos sobre pr\u00e9stamos discriminatorios y propiedad de la tierra siguen siendo insuficientes. Una nueva ola de inversiones extractivas \u2014como los centros de datos en zonas rurales\u2014 amenaza los recursos de tierra y agua, ofreciendo beneficios limitados a largo plazo para las comunidades locales.<\/p>\n<p data-start=\"2672\" data-end=\"3202\">El programa tambi\u00e9n incluy\u00f3 un debate sobre <strong>mercados territoriales y comercio justo<\/strong>, donde ponentes del CIP reconocieron avances en pol\u00edticas p\u00fablicas, como la compra p\u00fablica en algunos pa\u00edses, aunque la construcci\u00f3n de mercados justos sigue siendo perif\u00e9rica. Es crucial reconocer los diversos mercados territoriales m\u00e1s all\u00e1 del GRAN mercado global, ya que son los que realmente alimentan a las personas y no solo generan ganancias. Para que prosperen, los pa\u00edses deben <strong>rechazar acuerdos de libre comercio como el UE-Mercosur<\/strong>.<\/p>\n<p>&nbsp;<\/p>\n<h6><strong>Clima y biodiversidad<\/strong><\/h6>\n<p>En una jornada repleta de eventos paralelos, los movimientos del CIP organizaron numerosos espacios. El d\u00eda comenz\u00f3 con un panel sobre clima, donde se subray\u00f3 que la justicia clim\u00e1tica y la protecci\u00f3n de la biodiversidad no pueden lograrse mediante modelos de conservaci\u00f3n excluyentes que criminalizan a las comunidades pesqueras y desplazan a quienes han protegido hist\u00f3ricamente los ecosistemas acu\u00e1ticos. <strong>Se criticaron mecanismos de mercado como los cr\u00e9ditos de carbono y la comercializaci\u00f3n de la naturaleza por mercantilizarla en lugar de abordar las causas estructurales de la crisis clim\u00e1tica<\/strong>. Tambi\u00e9n se destac\u00f3 el papel central de las mujeres campesinas como guardianas de semillas nativas y se denunci\u00f3 la desigualdad en la distribuci\u00f3n de la tierra.<\/p>\n<p>La discusi\u00f3n, en la que particip\u00f3 la Relatora Especial de la ONU sobre Cambio Clim\u00e1tico Elisa Morgera, concluy\u00f3 que una reforma agraria integral es condici\u00f3n previa para la justicia clim\u00e1tica, la restauraci\u00f3n de la biodiversidad, la soberan\u00eda alimentaria y una transici\u00f3n ecol\u00f3gica centrada en los pueblos.<\/p>\n<p><img loading=\"lazy\" decoding=\"async\" class=\"alignright size-full wp-image-5323\" src=\"https:\/\/www.foodsovereignty.org\/wp-content\/uploads\/2026\/02\/Climate-side-event-4.jpeg\" alt=\"\" width=\"1600\" height=\"936\" srcset=\"https:\/\/www.foodsovereignty.org\/wp-content\/uploads\/2026\/02\/Climate-side-event-4.jpeg 1600w, https:\/\/www.foodsovereignty.org\/wp-content\/uploads\/2026\/02\/Climate-side-event-4-300x176.jpeg 300w, https:\/\/www.foodsovereignty.org\/wp-content\/uploads\/2026\/02\/Climate-side-event-4-1024x599.jpeg 1024w, https:\/\/www.foodsovereignty.org\/wp-content\/uploads\/2026\/02\/Climate-side-event-4-768x449.jpeg 768w, https:\/\/www.foodsovereignty.org\/wp-content\/uploads\/2026\/02\/Climate-side-event-4-1536x899.jpeg 1536w\" sizes=\"auto, (max-width: 1600px) 100vw, 1600px\" \/><\/p>\n<p>&nbsp;<\/p>\n<h6><strong>Pesca en peque\u00f1a escala\u00a0<\/strong><\/h6>\n<p data-start=\"4303\" data-end=\"4992\">El evento paralelo \u201cTierra, Agua y Derechos Territoriales Ind\u00edgenas, Reforma Agraria y Pesca en Peque\u00f1a Escala\u201d examin\u00f3 por qu\u00e9 las comunidades pesqueras siguen excluidas de los sistemas de gobernanza alimentaria. Se destac\u00f3 la falta de implementaci\u00f3n de las <strong>Directrices para la Pesca en Peque\u00f1a Escala<\/strong> y la criminalizaci\u00f3n de comunidades ind\u00edgenas, pesqueras y campesinas que defienden sus territorios. Se subray\u00f3 que el despojo persiste por la falta de reconocimiento de derechos territoriales colectivos y que la aplicaci\u00f3n efectiva de las Directrices requiere participaci\u00f3n colectiva significativa, financiamiento espec\u00edfico y su incorporaci\u00f3n en la legislaci\u00f3n nacional.<\/p>\n<p>&nbsp;<\/p>\n<h6><strong>Pastoralismo<\/strong><\/h6>\n<div class=\"flex flex-col text-sm pb-25\">\n<article class=\"text-token-text-primary w-full focus:outline-none [--shadow-height:45px] has-data-writing-block:pointer-events-none has-data-writing-block:-mt-(--shadow-height) has-data-writing-block:pt-(--shadow-height) [&amp;:has([data-writing-block])&gt;*]:pointer-events-auto scroll-mt-[calc(var(--header-height)+min(200px,max(70px,20svh)))]\" dir=\"auto\" tabindex=\"-1\" data-turn-id=\"request-699f5d53-c15c-832f-b545-fb78a6642bd8-13\" data-testid=\"conversation-turn-36\" data-scroll-anchor=\"true\" data-turn=\"assistant\">\n<div class=\"text-base my-auto mx-auto pb-10 [--thread-content-margin:--spacing(4)] @w-sm\/main:[--thread-content-margin:--spacing(6)] @w-lg\/main:[--thread-content-margin:--spacing(16)] px-(--thread-content-margin)\">\n<div class=\"[--thread-content-max-width:40rem] @w-lg\/main:[--thread-content-max-width:48rem] mx-auto max-w-(--thread-content-max-width) flex-1 group\/turn-messages focus-visible:outline-hidden relative flex w-full min-w-0 flex-col agent-turn\" tabindex=\"-1\">\n<div class=\"flex max-w-full flex-col grow\">\n<div class=\"min-h-8 text-message relative flex w-full flex-col items-end gap-2 text-start break-words whitespace-normal [.text-message+&amp;]:mt-1\" dir=\"auto\" data-message-author-role=\"assistant\" data-message-id=\"942d9c85-fb8a-40af-945b-b22064cc83df\" data-message-model-slug=\"gpt-5-2\">\n<div class=\"flex w-full flex-col gap-1 empty:hidden first:pt-[1px]\">\n<div class=\"markdown prose dark:prose-invert w-full wrap-break-word light markdown-new-styling\">\n<p data-start=\"0\" data-end=\"851\" data-is-last-node=\"\" data-is-only-node=\"\">El evento paralelo sobre Reforma Agraria y Pastoralismo abord\u00f3 las interrelaciones entre el pastoralismo y el cambio clim\u00e1tico. El panel subray\u00f3, entre los principales desaf\u00edos, la lucha por el reconocimiento de los pastores como sujetos de derechos, as\u00ed como los proyectos de conservaci\u00f3n que a menudo los despojan de sus tierras. En cuanto a los <strong>v\u00ednculos entre cambio clim\u00e1tico y pastoralismo<\/strong>, las y los ponentes destacaron la oportunidad perdida de integrar los sistemas de conocimiento de los pastores y de los Pueblos Ind\u00edgenas en las pol\u00edticas clim\u00e1ticas y de avanzar en estrategias eficaces de adaptaci\u00f3n y mitigaci\u00f3n. La acci\u00f3n clim\u00e1tica tambi\u00e9n debe incorporar la protecci\u00f3n de la biodiversidad y la prevenci\u00f3n de la desertificaci\u00f3n. Reconocer y situar en el centro estos sistemas de conocimiento y a estos sujetos de derechos es fundamental.<\/p>\n<p data-start=\"0\" data-end=\"851\" data-is-last-node=\"\" data-is-only-node=\"\"><img loading=\"lazy\" decoding=\"async\" class=\"alignright size-full wp-image-5329\" src=\"https:\/\/www.foodsovereignty.org\/wp-content\/uploads\/2026\/02\/Exhibition.jpeg\" alt=\"\" width=\"1200\" height=\"879\" srcset=\"https:\/\/www.foodsovereignty.org\/wp-content\/uploads\/2026\/02\/Exhibition.jpeg 1200w, https:\/\/www.foodsovereignty.org\/wp-content\/uploads\/2026\/02\/Exhibition-300x220.jpeg 300w, https:\/\/www.foodsovereignty.org\/wp-content\/uploads\/2026\/02\/Exhibition-1024x750.jpeg 1024w, https:\/\/www.foodsovereignty.org\/wp-content\/uploads\/2026\/02\/Exhibition-768x563.jpeg 768w\" sizes=\"auto, (max-width: 1200px) 100vw, 1200px\" \/><\/p>\n<p data-start=\"0\" data-end=\"851\" data-is-last-node=\"\" data-is-only-node=\"\"><strong style=\"font-size: calc(17.1429px + 0.14881vw);\">Exposiciones<\/strong><\/p>\n<p data-start=\"0\" data-end=\"851\" data-is-last-node=\"\" data-is-only-node=\"\"><span style=\"font-size: calc(16px + 0vw);\">Dos proyectos art\u00edsticos y de comunicaci\u00f3n enriquecen el programa de esta segunda Conferencia Internacional sobre Reforma Agraria y Desarrollo Rural. Una <strong>exposici\u00f3n fotogr\u00e1fica de MiRu<\/strong> (<a href=\"https:\/\/miradarumiant.com\/\">Mirada Rumiant<\/a>) presenta el trabajo de soberan\u00eda comunicacional realizado por organizaciones del CIP a trav\u00e9s de procesos participativos de creaci\u00f3n audiovisual y fotograf\u00eda documental. Basada en metodolog\u00edas de educaci\u00f3n popular y co-creaci\u00f3n, la exposici\u00f3n destaca casos de acaparamiento de tierras en distintas regiones, poniendo en el centro las voces y perspectivas de juventudes y comunidades de base. Presentada en la CIRADR+20 en el hall principal del Centro de Convenciones de Cartagena, la muestra forma parte de un esfuerzo m\u00e1s amplio que tambi\u00e9n incluye la proyecci\u00f3n de un documental sobre reforma agraria integral y popular y tres fotolibros con narrativas visuales de Ben\u00edn, Indonesia y Colombia.<\/span><\/p>\n<p data-start=\"0\" data-end=\"851\" data-is-last-node=\"\" data-is-only-node=\"\"><span style=\"font-size: calc(16px + 0vw);\">Fuera del recinto, en el Instituto Geogr\u00e1fico Agust\u00edn Codazzi, tres artistas primitivistas de la regi\u00f3n Caribe de Colombia expresan la relaci\u00f3n de campesinos y Pueblos Ind\u00edgenas con la tierra y la pol\u00edtica de redistribuci\u00f3n de tierras a trav\u00e9s de coloridas pinturas en vinilo. Desde los sue\u00f1os de C\u00e9sar Villa Guti\u00e9rrez hasta la excelente representaci\u00f3n de la concentraci\u00f3n de la propiedad de la tierra entre congresistas colombianos realizada por Mauricio Alegr\u00eda Calle, <strong>esta exposici\u00f3n captura de manera brillante un territorio en tensi\u00f3n constante<\/strong>. Con cierre el d\u00eda 27, es un espacio muy relevante y agradable para quienes deseen un descanso entre conferencias.<\/span><\/p>\n<\/div>\n<\/div>\n<\/div>\n<\/div>\n<\/div>\n<\/div>\n<\/article>\n<\/div>\n<p>&nbsp;<\/p>\n<hr \/>\n<h6><\/h6>\n<h6>25 de febrero<\/h6>\n<p>&nbsp;<\/p>\n<h4><strong>CIRADR+20: D\u00eda 2<\/strong><\/h4>\n<p>&nbsp;<\/p>\n<p>M\u00e1s de 1.100 millones de personas, alrededor del 23% de la poblaci\u00f3n adulta mundial, se sienten inseguras respecto a la tierra y consideran probable o muy probable perder los derechos sobre parte o la totalidad de sus tierras y viviendas en los pr\u00f3ximos cinco a\u00f1os, y la tendencia est\u00e1 empeorando.<\/p>\n<p>El primer informe sobre el <strong>Estado de la Tenencia y Gobernanza de la Tierra<\/strong>, presentado durante el evento principal del programa de hoy en la segunda Conferencia Internacional sobre Reforma Agraria y Desarrollo Rural (CIRADR+20), muestra que, aunque 2.500 millones de personas dependen directamente de la tierra, solo el 35 % de los derechos sobre la tierra est\u00e1n formalmente documentados. Con el 42 % de la tierra bajo sistemas consuetudinarios, en gran medida gestionados por Pueblos Ind\u00edgenas, una parte significativa permanece fuera del reconocimiento formal. Sin embargo, esto no es un gran problema en la mayor\u00eda de las regiones del mundo. <strong>La propiedad consuetudinaria, ya sea colectiva o individual, incluso si no est\u00e1 documentada, puede fortalecer la seguridad de la tenencia<\/strong>. Esto es particularmente cierto en contextos donde los t\u00edtulos individuales formales no son la norma. Por el contrario, la formalizaci\u00f3n, especialmente en forma de t\u00edtulos privados, puede aumentar la inseguridad. En este contexto, las mujeres soportan el mayor peso de la creciente desigualdad: tienen menos probabilidades que los hombres de poseer o tener derechos seguros sobre la tierra, y la brecha de g\u00e9nero es insoportablemente amplia.<\/p>\n<p>&nbsp;<\/p>\n<h5><strong>\u00bfC\u00f3mo llegamos hasta aqu\u00ed?<\/strong><\/h5>\n<p>El estado actual es resultado de distintas transformaciones hist\u00f3ricas, ecol\u00f3gicas y sociopol\u00edticas. Tras la Segunda Guerra Mundial, el proceso de descolonizaci\u00f3n y la reconfiguraci\u00f3n del orden geopol\u00edtico abrieron el camino a reformas agrarias redistributivas en muchos pa\u00edses. Sin embargo, el retroceso impulsado por la globalizaci\u00f3n neoliberal, evidente a finales de los a\u00f1os 70 y acentuado en las d\u00e9cadas siguientes, fortaleci\u00f3 los mercados de tierras y privatiz\u00f3 los derechos de propiedad, bajo el argumento de que la propiedad privada de la tierra agr\u00edcola facilita la inversi\u00f3n, el desarrollo econ\u00f3mico y la reducci\u00f3n de la pobreza, generando en realidad el efecto contrario. Aumentaron los desplazamientos, el acaparamiento de tierras se volvi\u00f3 la norma, y el enfoque depredador de las corporaciones multinacionales y grandes actores financieros llev\u00f3 la violencia y la inseguridad territorial a otro nivel. En respuesta, surgieron movimientos agrarios transnacionales que organizaron a campesinos, Pueblos Ind\u00edgenas y otros productores de alimentos a peque\u00f1a escala para enfrentar a sus oponentes globalizados mediante el di\u00e1logo pol\u00edtico global. Esto condujo a la adopci\u00f3n de instrumentos internacionales como las Directrices sobre la Tenencia (VGGT), la UNDROP y la UNDRIP, que afirman principios y definen derechos colectivos de los pueblos sobre la tierra y los territorios. Desde la adopci\u00f3n de las VGGT en 2012, 71 pa\u00edses (36 % del total mundial) han emprendido alg\u00fan tipo de reforma agraria. Sin embargo, rara vez los gobiernos van m\u00e1s all\u00e1 de mencionar este instrumento. La falta de implementaci\u00f3n concreta a nivel nacional sigue siendo el mayor desaf\u00edo para lograr reformas agrarias verdaderas y transformadoras, que <strong>recuperen la tierra de los grandes intereses privados y la devuelvan a los productores de alimentos a peque\u00f1a escala y a los Pueblos Ind\u00edgenas<\/strong>.<\/p>\n<p>Esta es la misi\u00f3n a la que el CIP est\u00e1 llamando a los gobiernos e instituciones internacionales a asumir de una vez por todas. En las duras condiciones descritas, los productores de alimentos a peque\u00f1a escala contin\u00faan proporcionando alrededor del 80 % de los alimentos consumidos a nivel mundial, cultivando solo una parte de la tierra agr\u00edcola global. Este papel extraordinario est\u00e1 siendo erosionado cada d\u00eda por pol\u00edticas de mercado sobre la tenencia de la tierra y otros factores.<\/p>\n<p>&nbsp;<\/p>\n<h5><strong>Voces de los eventos paralelos<\/strong><\/h5>\n<p>Algunos de estos temas fueron discutidos en diferentes eventos paralelos durante el d\u00eda.<\/p>\n<p>En el panel sobre la <strong>lucha de las mujeres por la reforma agraria y los derechos laborales<\/strong>, las ponentes denunciaron las crisis globales cada vez m\u00e1s profundas, marcadas por el imperialismo intensificado, el neoliberalismo, el racismo, el conservadurismo y la violencia patriarcal, y c\u00f3mo esto genera crecientes amenazas a los territorios, los cuerpos y los derechos colectivos. Las participantes reconocieron avances importantes logrados en colaboraci\u00f3n con gobiernos progresistas, subrayando que siguen siendo fr\u00e1giles e incompletos. Amparo Miciano Sykioco, de la Marcha Mundial de las Mujeres, y Souad Mahmoud, de la Alianza por la Soberan\u00eda Alimentaria de Oriente Medio y \u00c1frica del Norte, aportaron una perspectiva de base sobre el tema. \u201c<strong>Nuestros cuerpos son nuestros territorios<\/strong>\u201d, afirmaron, subrayando que defender los derechos de las mujeres es inseparable de defender la tierra y la soberan\u00eda alimentaria. Tambi\u00e9n enfatizaron la necesidad de una <strong>reforma agraria integral, feminista y popular centrada en la sostenibilidad de la vida, la dignidad y el cuidado colectivo<\/strong>. Sin embargo, la reforma agraria no pondr\u00e1 fin autom\u00e1ticamente a la violaci\u00f3n de los derechos de las mujeres; es una condici\u00f3n necesaria pero no suficiente. Afortunadamente, siempre hay buenas noticias: los movimientos sociales contin\u00faan luchando por desmercantilizar la tierra, reafirmar que las mujeres no son mano de obra desechable, y demostrar que otro mundo no solo es posible: las mujeres rurales y sus comunidades ya lo est\u00e1n construyendo.<\/p>\n<p>En un evento paralelo sobre <strong>trabajo rural, organizaci\u00f3n colectiva y di\u00e1logo social<\/strong>, Nestor Roche, del Foro Mundial de Pescadores y Trabajadores de la Pesca (WFF), destac\u00f3 las principales brechas que afectan a la pesca artesanal y de peque\u00f1a escala, incluidos ingresos inestables, predominio de intermediarios, trabajo infantil, desigualdades de g\u00e9nero, d\u00e9bil organizaci\u00f3n y gobernanza, y cambio clim\u00e1tico. Subray\u00f3 que los pescadores a peque\u00f1a escala siguen marginados en los marcos econ\u00f3micos y pol\u00edticos, a pesar de su papel crucial en la seguridad alimentaria y las econom\u00edas locales. Roche afirm\u00f3 que se necesitan pol\u00edticas p\u00fablicas que reconozcan y visibilicen a los pescadores, enfatizando que su inclusi\u00f3n en los procesos de reforma agraria es esencial para garantizar derechos, sostenibilidad y justicia social.<\/p>\n<p>Como parte de la agenda oficial de la CIRADR+20, el <strong>Grupo de Trabajo de Pesca del CIP<\/strong> organiz\u00f3 un evento paralelo titulado \u201cPesca y Oc\u00e9anos: Derechos Colectivos, Cuidado de los Ecosistemas Acu\u00e1ticos y Medios de Vida Dignos\u201d. La sesi\u00f3n reuni\u00f3 a representantes de gobiernos, Naciones Unidas, la academia y movimientos sociales para abordar una pregunta central: \u00bfqu\u00e9 significa el derecho a los territorios para los pescadores en peque\u00f1a escala y los Pueblos Ind\u00edgenas?<\/p>\n<p>Las y los ponentes enfatizaron que <strong>la reforma agraria no puede limitarse a la tierra<\/strong>, sino que debe reconocer plenamente los territorios marinos, costeros y de aguas continentales como espacios de vida, cultura, producci\u00f3n de alimentos y gobernanza colectiva. Tambi\u00e9n destacaron la importancia de implementar las Directrices de la FAO para la Pesca en Peque\u00f1a Escala y la UNDROP mediante un enfoque basado en los derechos humanos, garantizando el Consentimiento Libre, Previo e Informado, protegiendo a las comunidades frente al acaparamiento de oc\u00e9anos y la conservaci\u00f3n excluyente, y reconociendo jur\u00eddicamente los sistemas consuetudinarios y colectivos de tenencia marina. El debate subray\u00f3 que sin asegurar los derechos territoriales acu\u00e1ticos no puede haber una reforma agraria genuina, soberan\u00eda alimentaria ni transici\u00f3n ecol\u00f3gica basada en la justicia.<\/p>\n<p>En el marco del panel \u201c<strong>Sembrando la tierra del futuro: Juventudes rurales transformando sistemas agroalimentarios<\/strong>\u201d, el CIP estuvo representado por MIJARC, que present\u00f3 una ponencia centrada en la urgencia de reconocer a las juventudes rurales como actores estrat\u00e9gicos en la construcci\u00f3n de sistemas agroalimentarios agroecol\u00f3gicos, resilientes y con enfoque sist\u00e9mico; se subray\u00f3 que no puede haber transformaci\u00f3n sin garantizar acceso a tierra, financiamiento, formaci\u00f3n, participaci\u00f3n efectiva y condiciones dignas para la permanencia en los territorios, afirmando que las y los j\u00f3venes no son el futuro del campo, sino su presente organizado, capaz de sembrar justicia, arraigo y sostenibilidad para las pr\u00f3ximas generaciones.<\/p>\n<p>\u00bfC\u00f3mo fortalecer la participaci\u00f3n de los pueblos en la toma de decisiones y crear espacios para que puedan incidir en la formulaci\u00f3n de pol\u00edticas? La cuesti\u00f3n fue abordada durante un evento en el que movimientos sociales y otros panelistas evaluaron la distribuci\u00f3n de la tierra, el agua y los territorios en el mundo, 20 a\u00f1os despu\u00e9s de la primera CIRADR.<\/p>\n<p>Los movimientos sociales propusieron hacer el<strong> Observatorio Global de la Tierra m\u00e1s inclusivo y participativo<\/strong>, fortalecer la participaci\u00f3n de las comunidades pesqueras en los debates sobre la reforma agraria, posicionar esta agenda en otros espacios internacionales, incluidas las Convenciones de R\u00edo, garantizar la participaci\u00f3n de los organismos de derechos humanos en futuras conferencias de la CIRADR y crear mecanismos participativos que ayuden a los pueblos a decidir c\u00f3mo deben utilizarse los territorios, la tierra y el agua.<\/p>\n<p>&nbsp;<\/p>\n<hr \/>\n<h6><\/h6>\n<h6>24 de febrero<\/h6>\n<p>&nbsp;<\/p>\n<h4><strong>CIRADR+20: D\u00eda 1<\/strong><\/h4>\n<p>&nbsp;<\/p>\n<p data-start=\"19\" data-end=\"519\">Para algunos, aumentar la productividad significa producir m\u00e1s alimentos por unidad de superficie; para nosotros, significa aumentar la tierra cultivada. Y esto significa aumentar la producci\u00f3n aumentando los productores, <strong>teniendo m\u00e1s campesinos y redistribuyendo el poder en la sociedad<\/strong>. Una estrategia que combate el cambio clim\u00e1tico, reduce la inflaci\u00f3n sin recurrir a medidas que asfixien la econom\u00eda, crea empleo y devuelve a la humanidad a vivir en las zonas rurales en lugar de abandonarlas.<\/p>\n<p data-start=\"521\" data-end=\"891\">Este fue el n\u00facleo del discurso pronunciado esta tarde por el presidente colombiano Gustavo Petro en el auditorio lleno del Cartagena Convention Centre, en la jornada inaugural de la <strong>CIRADR+20<\/strong>. M\u00e1s de mil personas, en su mayor\u00eda peque\u00f1os productores de alimentos, corearon consignas como \u201cPedro, amigo, el pueblo est\u00e1 contigo\u201d y \u201creforma agraria, urgente y necesaria\u201d.<\/p>\n<p data-start=\"893\" data-end=\"1522\">Al reformar la Constituci\u00f3n en 2023, el gobierno de Petro reconoci\u00f3 finalmente a los campesinos como sujetos de derechos, reconociendo tambi\u00e9n sus territorios y sus diversas formas de gesti\u00f3n de la tierra. La distribuci\u00f3n desigual de la tierra agr\u00edcola es evidente en el pa\u00eds, donde <strong>8 de cada 10 hect\u00e1reas est\u00e1n en manos del 1% de los propietarios<\/strong>. Esta concentraci\u00f3n ha desplazado a m\u00e1s de ocho millones de personas &#8211; en su mayor\u00eda campesinos &#8211; de las zonas rurales, a menudo mediante la violencia. Sin embargo, todav\u00eda hoy <strong>las fincas de menos de dos hect\u00e1reas representan el 84% del total, pero cubren solo el 12% de la tierra<\/strong>.<\/p>\n<p data-start=\"1524\" data-end=\"1881\">En diciembre, el gobierno anunci\u00f3 que hab\u00eda asegurado 2,5 millones de hect\u00e1reas para la reforma agraria: 700.000 fueron asignadas al Fondo Nacional de Tierras y 446.000 fueron adquiridas mediante compra directa. El objetivo, en palabras de Petro, es llevar adelante una \u201creforma agraria pac\u00edfica\u201d, comprando la tierra y redistribuy\u00e9ndola a los campesinos.<\/p>\n<p data-start=\"1883\" data-end=\"2590\">La alianza con las organizaciones campesinas y de peque\u00f1os productores es crucial en este proceso, como subrayaron ministros de varios pa\u00edses: la colombiana Marta Carvajalino, el sudafricano Mzwanele Nyhontso y el brasile\u00f1o Paulo Teixeira. Nury Mart\u00ednez Silva, presidenta de FENSUAGRO (organizaci\u00f3n miembro de La V\u00eda Campesina y del CIP), destac\u00f3 en la sesi\u00f3n de apertura el papel de los movimientos de peque\u00f1os productores reunidos en el CIP para lograr resultados concretos. Tambi\u00e9n inst\u00f3 a las autoridades a implementar estas medidas respetando los principios consagrados en la <strong>UNDROP<\/strong>, la <strong>UNDRIP<\/strong> y los marcos jur\u00eddicos internacionales que los movimientos del CIP han conquistado a lo largo de los a\u00f1os.<\/p>\n<p data-start=\"2592\" data-end=\"3305\">Junto al evento principal, el programa de la CIRADR+20 incluy\u00f3 varios eventos oficiales paralelos y actividades simult\u00e1neas. Entre los oficiales, el CIP coordin\u00f3 sesiones sobre juventud, mujeres y diversidad de g\u00e9nero. La juventud afirm\u00f3 claramente que quiere vivir en sus territorios, en una relaci\u00f3n sana con la tierra y el agua, pero que est\u00e1 siendo despojada de los medios de vida agrarios por estructuras violentas de capital, poder y control, y a menudo se ve obligada a migrar. Para cambiar esta situaci\u00f3n, los movimientos deben trabajar juntos para presionar a los gobiernos a adoptar pol\u00edticas espec\u00edficas para la juventud que reconozcan sus derechos y destaquen la importancia del relevo generacional.<\/p>\n<p data-start=\"3307\" data-end=\"4039\">La <strong>violencia, la discriminaci\u00f3n de g\u00e9nero y el patriarcado<\/strong> siguen dominando muchas zonas rurales del mundo, como se destac\u00f3 en otros eventos. Si no se reforman las leyes arcaicas vigentes en algunos pa\u00edses, seguir\u00e1n siendo uno de los mayores obst\u00e1culos para construir una verdadera equidad. Adem\u00e1s, la ausencia de indicadores y datos sobre las Diversidades y su derecho a la tierra limita la comprensi\u00f3n de las realidades que enfrentan las comunidades LGBTIQ en las zonas rurales. Las instituciones carecen de sistemas adecuados para monitorear y procesar estos cambios de manera eficaz, se\u00f1alaron los ponentes. Esta brecha perpet\u00faa la exclusi\u00f3n e impide el acceso igualitario a los derechos sobre la tierra para las Diversidades.<\/p>\n<p data-start=\"4041\" data-end=\"4218\">La agenda de ma\u00f1ana abordar\u00e1 la reforma agraria desde diferentes perspectivas: trabajo, medio ambiente, clima, vida, justicia y m\u00e1s. \u00a1Mant\u00e9nganse atentos para m\u00e1s noticias!<\/p>\n<p data-start=\"4041\" data-end=\"4218\"><img loading=\"lazy\" decoding=\"async\" class=\"alignright size-full wp-image-5299\" src=\"https:\/\/www.foodsovereignty.org\/wp-content\/uploads\/2026\/02\/WhatsApp-Image-2026-02-25-at-01.28.27.jpeg\" alt=\"\" width=\"1600\" height=\"1066\" srcset=\"https:\/\/www.foodsovereignty.org\/wp-content\/uploads\/2026\/02\/WhatsApp-Image-2026-02-25-at-01.28.27.jpeg 1600w, https:\/\/www.foodsovereignty.org\/wp-content\/uploads\/2026\/02\/WhatsApp-Image-2026-02-25-at-01.28.27-300x200.jpeg 300w, https:\/\/www.foodsovereignty.org\/wp-content\/uploads\/2026\/02\/WhatsApp-Image-2026-02-25-at-01.28.27-1024x682.jpeg 1024w, https:\/\/www.foodsovereignty.org\/wp-content\/uploads\/2026\/02\/WhatsApp-Image-2026-02-25-at-01.28.27-768x512.jpeg 768w, https:\/\/www.foodsovereignty.org\/wp-content\/uploads\/2026\/02\/WhatsApp-Image-2026-02-25-at-01.28.27-1536x1023.jpeg 1536w\" sizes=\"auto, (max-width: 1600px) 100vw, 1600px\" \/><\/p>\n<p>&nbsp;<\/p>\n<hr \/>\n<h6><\/h6>\n<h6><\/h6>\n<hr \/>\n<p>&nbsp;<\/p>\n<h6>23 de febrero<\/h6>\n<p>&nbsp;<\/p>\n<h4><strong>Foro de los Pueblos y Movimientos Sociales: D\u00eda 2<\/strong><\/h4>\n<p>&nbsp;<\/p>\n<p data-start=\"20\" data-end=\"461\">El <strong>Foro de los Pueblos y Movimientos Sociales<\/strong> concluy\u00f3 su segundo d\u00eda con la lectura en plenaria y la aclamaci\u00f3n un\u00e1nime de su declaraci\u00f3n final. Esta declaraci\u00f3n ser\u00e1 presentada como la posici\u00f3n del IPC ante la <strong>Conferencia Internacional sobre Reforma Agraria y Desarrollo Rural<\/strong> (<strong>CIRADR+20<\/strong>), que comienza el 24 de febrero, como un mensaje claro de que los movimientos sociales no son observadores, sino protagonistas de la reforma agraria.<\/p>\n<h6 style=\"text-align: center;\" data-start=\"463\" data-end=\"492\"><strong data-start=\"463\" data-end=\"490\">Descarga la declaraci\u00f3n<\/strong><\/h6>\n<p style=\"text-align: center;\"><a class=\"btn btn-yellow\" href=\"https:\/\/www.foodsovereignty.org\/wp-content\/uploads\/2026\/02\/EN-ICARRD20-Forum-Declaration_DEF.pdf\">ENGLISH<\/a> <a class=\"btn btn-yellow\" href=\"https:\/\/www.foodsovereignty.org\/wp-content\/uploads\/2026\/02\/ES-ICARRD20-Forum-Declaration_DEF.pdf\">ESPA\u00d1OL<\/a> <a class=\"btn btn-yellow\" href=\"https:\/\/www.foodsovereignty.org\/wp-content\/uploads\/2026\/02\/FR-ICARRD20-Forum-Declaration_DEF.pdf\">FRAN\u00c7AIS<\/a><\/p>\n<p data-start=\"494\" data-end=\"1206\">Por la ma\u00f1ana, los debates regionales en grupos de trabajo permitieron obtener una perspectiva multifac\u00e9tica del tema. En todas las regiones, los movimientos reafirmaron que la reforma agraria no es un ajuste t\u00e9cnico, sino una lucha estructural por el poder, la dignidad y la soberan\u00eda territorial. Las y los delegados denunciaron el aumento del acaparamiento de tierras, el despojo verde y azul, la guerra, la deuda, la militarizaci\u00f3n y la captura corporativa de la gobernanza de la tierra. La concentraci\u00f3n de tierras, el extractivismo, los agrot\u00f3xicos, los monocultivos y las finanzas especulativas contin\u00faan expulsando a campesinos y campesinas, Pueblos Ind\u00edgenas, pastores y pescadores de sus territorios.<\/p>\n<p data-start=\"1208\" data-end=\"1909\">Los grupos regionales profundizaron los cuatro pilares de la reforma agraria &#8211; <strong>restituci\u00f3n, redistribuci\u00f3n, reconocimiento y regulaci\u00f3n <\/strong>&#8211; al tiempo que avanzaron nuevas dimensiones: <strong>reparaci\u00f3n, representaci\u00f3n, recursos y revoluci\u00f3n<\/strong>. Los movimientos reclamaron derechos colectivos a la tierra, acceso igualitario de las mujeres a la tierra, participaci\u00f3n de la juventud, consentimiento libre, previo e informado y la defensa de los sistemas consuetudinarios y comunales de tenencia. Exigieron presupuestos p\u00fablicos, mecanismos vinculantes de rendici\u00f3n de cuentas y un cambio del di\u00e1logo pol\u00edtico interminable hacia la implementaci\u00f3n concreta de la UNDROP, la UNDRIP y las Directrices sobre la Tenencia.<\/p>\n<p data-start=\"1911\" data-end=\"2348\">Desde Palestina hasta Myanmar, desde los territorios mapuche hasta Asia Central, las voces denunciaron la violencia, la criminalizaci\u00f3n y las continuidades coloniales. Sin embargo, el Foro no fue solo un espacio de denuncia, sino tambi\u00e9n un espacio de estrategia. La agroecolog\u00eda, la soberan\u00eda alimentaria, las econom\u00edas solidarias y el poder popular fueron afirmados como alternativas vivas que ya est\u00e1n transformando los territorios.<\/p>\n<p data-start=\"2350\" data-end=\"2653\">Como record\u00f3 al plenario el <strong>Ministro de Desarrollo Agrario de Brasil<\/strong>, Luiz Paulo Teixeira Ferreira, no podemos esperar otros 20 a\u00f1os. La reforma agraria debe estar ahora en la primera l\u00ednea. Los movimientos se retiran unidos, organizados y decididos: la tierra es vida, y seguiremos luchando por ella.<\/p>\n<h6><strong>Fotos del dia<\/strong><\/h6>\n<p>&nbsp;<\/p>\n<div class=\"swiper slider-gallery swiper-gallery\">\n<div class=\"swiper-wrapper\">\n<div class=\"swiper-slide\">\n<img loading=\"lazy\" decoding=\"async\" src=\"https:\/\/www.foodsovereignty.org\/wp-content\/uploads\/2026\/02\/signal-2026-02-23-223252_002.jpeg\" width=\"1600\" height=\"1066\" alt=\"\" \/>\n<\/div>\n<div class=\"swiper-slide\">\n<img loading=\"lazy\" decoding=\"async\" src=\"https:\/\/www.foodsovereignty.org\/wp-content\/uploads\/2026\/02\/signal-2026-02-23-223252_020.jpeg\" width=\"1600\" height=\"1066\" alt=\"\" \/>\n<\/div>\n<div class=\"swiper-slide\">\n<img loading=\"lazy\" decoding=\"async\" src=\"https:\/\/www.foodsovereignty.org\/wp-content\/uploads\/2026\/02\/signal-2026-02-24-002149_006.jpeg\" width=\"1600\" height=\"1000\" alt=\"\" \/>\n<\/div>\n<div class=\"swiper-slide\">\n<img loading=\"lazy\" decoding=\"async\" src=\"https:\/\/www.foodsovereignty.org\/wp-content\/uploads\/2026\/02\/signal-2026-02-24-025605_004.jpeg\" width=\"1600\" height=\"1066\" alt=\"\" \/>\n<\/div>\n<div class=\"swiper-slide\">\n<img loading=\"lazy\" decoding=\"async\" src=\"https:\/\/www.foodsovereignty.org\/wp-content\/uploads\/2026\/02\/signal-2026-02-24-025605_009.jpeg\" width=\"1600\" height=\"1264\" alt=\"\" \/>\n<\/div>\n<div class=\"swiper-slide\">\n<img loading=\"lazy\" decoding=\"async\" src=\"https:\/\/www.foodsovereignty.org\/wp-content\/uploads\/2026\/02\/signal-2026-02-24-025605_011.jpeg\" width=\"1600\" height=\"1005\" alt=\"\" \/>\n<\/div>\n<div class=\"swiper-slide\">\n<img loading=\"lazy\" decoding=\"async\" src=\"https:\/\/www.foodsovereignty.org\/wp-content\/uploads\/2026\/02\/signal-2026-02-24-025605_012.jpeg\" width=\"1600\" height=\"828\" alt=\"\" \/>\n<\/div>\n<div class=\"swiper-slide\">\n<img loading=\"lazy\" decoding=\"async\" src=\"https:\/\/www.foodsovereignty.org\/wp-content\/uploads\/2026\/02\/signal-2026-02-24-025605_013.jpeg\" width=\"1600\" height=\"1453\" alt=\"\" \/>\n<\/div>\n<div class=\"swiper-slide\">\n<img loading=\"lazy\" decoding=\"async\" src=\"https:\/\/www.foodsovereignty.org\/wp-content\/uploads\/2026\/02\/signal-2026-02-24-025605_014.jpeg\" width=\"1600\" height=\"950\" alt=\"\" \/>\n<\/div>\n<div class=\"swiper-slide\">\n<img loading=\"lazy\" decoding=\"async\" src=\"https:\/\/www.foodsovereignty.org\/wp-content\/uploads\/2026\/02\/signal-2026-02-24-025605_015.jpeg\" width=\"1600\" height=\"1066\" alt=\"\" \/>\n<\/div>\n<div class=\"swiper-slide\">\n<img loading=\"lazy\" decoding=\"async\" src=\"https:\/\/www.foodsovereignty.org\/wp-content\/uploads\/2026\/02\/signal-2026-02-24-025605_018.jpeg\" width=\"1600\" height=\"1066\" alt=\"\" \/>\n<\/div>\n<div class=\"swiper-slide\">\n<img loading=\"lazy\" decoding=\"async\" src=\"https:\/\/www.foodsovereignty.org\/wp-content\/uploads\/2026\/02\/signal-2026-02-24-025605_023.jpeg\" width=\"1600\" height=\"1066\" alt=\"\" \/>\n<\/div>\n<\/div>\n<div class=\"swiper-pagination\"><\/div>\n<\/div>\n\n<p>&nbsp;<\/p>\n<hr \/>\n<h6><\/h6>\n<h6>22 de febrero<\/h6>\n<p>&nbsp;<\/p>\n<h4><strong>Foro de los Pueblos y Movimientos Sociales: D\u00eda 1<\/strong><\/h4>\n<p>El primer dia del <strong>Foro de los Pueblos y Movimientos Sociales<\/strong> se abri\u00f3 con un llamado fuerte y unificado de los l\u00edderes de los movimientos sociales a colocar la tierra y los territorios en el centro de la acci\u00f3n pol\u00edtica global. En la m\u00edstica de apertura, campesinos y campesinas, Pueblos Ind\u00edgenas, pastores, pescadores y trabajadores rurales reafirmaron que los territorios no son mercanc\u00edas, sino la base material y espiritual de la vida, la cultura y la supervivencia colectiva.<\/p>\n<p>Los ponentes subrayaron que, pese a avances como las <strong>Directrices sobre la Tenencia, la UNDRIP y la UNDROP<\/strong>, el acaparamiento de tierras, el extractivismo y el despojo impulsado por la conservaci\u00f3n se est\u00e1n intensificando, concentrando tierra, agua y bosques en manos corporativas mientras se criminaliza a las comunidades rurales.<\/p>\n<p><strong>Tres ministrxs colombianxs participaron en los paneles<\/strong>: Martha Carvajalino, Ministra de Agricultura y Desarrollo Rural; Irene V\u00e9lez Torres, Ministra de Ambiente; y Jos\u00e9 Daniel Rojas Medell\u00edn, Ministro de Educaci\u00f3n. Destacaron el reconocimiento hist\u00f3rico del campesinado como sujeto de derechos y los esfuerzos en curso de reforma agraria, reconociendo fuertes resistencias y los l\u00edmites de la redistribuci\u00f3n actual. Representantes del gobierno denunciaron las \u201ctrampas\u201d de la criminalizaci\u00f3n, las econom\u00edas il\u00edcitas y las pol\u00edticas de conservaci\u00f3n excluyentes, y propusieron reformas regulatorias para conciliar la protecci\u00f3n ambiental con los medios de vida rurales.<\/p>\n<p><strong>Voces de base de \u00c1frica, las Am\u00e9ricas y otras regiones<\/strong> enfatizaron el uso colectivo de la tierra, el derecho a la movilidad, las econom\u00edas solidarias y la defensa de la pesca artesanal frente al control corporativo. Un hilo com\u00fan atraves\u00f3 las intervenciones: sin organizaci\u00f3n social fuerte, implementaci\u00f3n de la paz y acci\u00f3n colectiva, no puede haber una reforma agraria transformadora.<\/p>\n<p>En la sesi\u00f3n de la tarde, <strong>representantes de 11 organizaciones debatieron la situaci\u00f3n de los derechos de las comunidades en sus territorios<\/strong>. Denunciaron un contexto global marcado por el fascismo, el imperialismo, la concentraci\u00f3n del poder, la guerra y el acelerado despojo de tierras. Se\u00f1alaron c\u00f3mo el extractivismo, el control corporativo, los megaproyectos de energ\u00edas renovables y las pol\u00edticas de conservaci\u00f3n profundizan el acaparamiento de tierras y la crisis alimentaria, desde Palestina hasta Sud\u00e1n, Mongolia, Rusia y Am\u00e9rica Latina. Tambi\u00e9n destacaron victorias y estrategias como la agroecolog\u00eda, la soberan\u00eda alimentaria y la econom\u00eda social y solidaria, que busca romper barreras entre productores y consumidores, acortar cadenas y crear modelos de financiamiento solidario. Los pastores exigieron el reconocimiento de los derechos colectivos de pastoreo; los pescadores cuestionaron qui\u00e9n controla los territorios; las mujeres subrayaron que, aunque producen la mayor parte de los alimentos, poseen poca tierra y se\u00f1alaron la gran contradicci\u00f3n de las sociedades patriarcales; la juventud reclam\u00f3 acceso real a la tierra y l\u00edmites a la concentraci\u00f3n. Mohammed Abdel Rahman Salem Salimiya (Habitat International Coalition) cerr\u00f3 denunciando el genocidio en Palestina, junto con el acaparamiento de tierras y todo tipo de violaciones. Sin embargo, la resistencia no est\u00e1 rota: se practica mediante la construcci\u00f3n continua de movimientos sociales y gestos peque\u00f1os pero enormes, como plantar olivos. La plenaria respondi\u00f3 con una gran ola de solidaridad, coreando: \u201c<strong>From the river to the sea, Palestine will be free!<\/strong>\u201d.<\/p>\n<p>La sesi\u00f3n final se dedic\u00f3 a contextualizar la pr\u00f3xima Conferencia Internacional sobre Reforma Agraria y Desarrollo Rural (CIRADR), analizar los avances desde la primera conferencia en 2006 y presentar el documento de posici\u00f3n del CIP para CIRADR+20 como gu\u00eda para abordar las brechas existentes.<\/p>\n<p style=\"text-align: center;\"><a class=\"btn btn-yellow\" href=\"https:\/\/www.foodsovereignty.org\/es\/el-cip-publica-su-documento-de-posicion-sobre-reforma-agraria-ante-la-icarrd20\/\" target=\"_blank\" rel=\"noopener\">Documento de posicion<\/a><\/p>\n<p>&nbsp;<\/p>\n<h6><strong>Fotos del dia<\/strong><\/h6>\n<p>&nbsp;<\/p>\n<div class=\"swiper slider-gallery swiper-gallery\">\n<div class=\"swiper-wrapper\">\n<div class=\"swiper-slide\">\n<img loading=\"lazy\" decoding=\"async\" src=\"https:\/\/www.foodsovereignty.org\/wp-content\/uploads\/2026\/02\/2b15c4e4-3d9f-4c09-8db8-e78317318319.jpg\" width=\"1600\" height=\"1066\" alt=\"\" \/>\n<\/div>\n<div class=\"swiper-slide\">\n<img loading=\"lazy\" decoding=\"async\" src=\"https:\/\/www.foodsovereignty.org\/wp-content\/uploads\/2026\/02\/3b2958b5-4129-47d5-93da-63d6d24f4049.jpg\" width=\"1280\" height=\"854\" alt=\"\" \/>\n<\/div>\n<div class=\"swiper-slide\">\n<img loading=\"lazy\" decoding=\"async\" src=\"https:\/\/www.foodsovereignty.org\/wp-content\/uploads\/2026\/02\/signal-2026-02-22-154153_007-scaled.jpeg\" width=\"2560\" height=\"1145\" alt=\"\" \/>\n<\/div>\n<div class=\"swiper-slide\">\n<img loading=\"lazy\" decoding=\"async\" src=\"https:\/\/www.foodsovereignty.org\/wp-content\/uploads\/2026\/02\/signal-2026-02-22-164913_003.jpeg\" width=\"1600\" height=\"1067\" alt=\"\" \/>\n<\/div>\n<div class=\"swiper-slide\">\n<img loading=\"lazy\" decoding=\"async\" src=\"https:\/\/www.foodsovereignty.org\/wp-content\/uploads\/2026\/02\/signal-2026-02-22-155020_002.jpeg\" width=\"1600\" height=\"716\" alt=\"\" \/>\n<\/div>\n<div class=\"swiper-slide\">\n<img loading=\"lazy\" decoding=\"async\" src=\"https:\/\/www.foodsovereignty.org\/wp-content\/uploads\/2026\/02\/signal-2026-02-22-162146_002-scaled.jpeg\" width=\"2560\" height=\"1145\" alt=\"\" \/>\n<\/div>\n<div class=\"swiper-slide\">\n<img loading=\"lazy\" decoding=\"async\" src=\"https:\/\/www.foodsovereignty.org\/wp-content\/uploads\/2026\/02\/signal-2026-02-22-205650_002.jpeg\" width=\"1600\" height=\"716\" alt=\"\" \/>\n<\/div>\n<div class=\"swiper-slide\">\n<img loading=\"lazy\" decoding=\"async\" src=\"https:\/\/www.foodsovereignty.org\/wp-content\/uploads\/2026\/02\/signal-2026-02-22-164913_004.jpeg\" width=\"1600\" height=\"1067\" alt=\"\" \/>\n<\/div>\n<div class=\"swiper-slide\">\n<img loading=\"lazy\" decoding=\"async\" src=\"https:\/\/www.foodsovereignty.org\/wp-content\/uploads\/2026\/02\/signal-2026-02-22-154642_003.jpeg\" width=\"1600\" height=\"1201\" alt=\"\" \/>\n<\/div>\n<div class=\"swiper-slide\">\n<img loading=\"lazy\" decoding=\"async\" src=\"https:\/\/www.foodsovereignty.org\/wp-content\/uploads\/2026\/02\/signal-2026-02-22-154725_005-scaled.jpeg\" width=\"2560\" height=\"1145\" alt=\"\" \/>\n<\/div>\n<div class=\"swiper-slide\">\n<img loading=\"lazy\" decoding=\"async\" src=\"https:\/\/www.foodsovereignty.org\/wp-content\/uploads\/2026\/02\/signal-2026-02-22-205531_002-scaled.jpeg\" width=\"2560\" height=\"1145\" alt=\"\" \/>\n<\/div>\n<div class=\"swiper-slide\">\n<img loading=\"lazy\" decoding=\"async\" src=\"https:\/\/www.foodsovereignty.org\/wp-content\/uploads\/2026\/02\/signal-2026-02-22-231622_002-scaled.jpeg\" width=\"2560\" height=\"1145\" alt=\"\" \/>\n<\/div>\n<div class=\"swiper-slide\">\n<img loading=\"lazy\" decoding=\"async\" src=\"https:\/\/www.foodsovereignty.org\/wp-content\/uploads\/2026\/02\/signal-2026-02-22-234223_025.jpeg\" width=\"1600\" height=\"1066\" alt=\"\" \/>\n<\/div>\n<div class=\"swiper-slide\">\n<img loading=\"lazy\" decoding=\"async\" src=\"https:\/\/www.foodsovereignty.org\/wp-content\/uploads\/2026\/02\/signal-2026-02-22-234223_024.jpeg\" width=\"1600\" height=\"1066\" alt=\"\" \/>\n<\/div>\n<div class=\"swiper-slide\">\n<img loading=\"lazy\" decoding=\"async\" src=\"https:\/\/www.foodsovereignty.org\/wp-content\/uploads\/2026\/02\/signal-2026-02-22-234223_016.jpeg\" width=\"1600\" height=\"1066\" alt=\"\" \/>\n<\/div>\n<div class=\"swiper-slide\">\n<img loading=\"lazy\" decoding=\"async\" src=\"https:\/\/www.foodsovereignty.org\/wp-content\/uploads\/2026\/02\/signal-2026-02-22-234223_015.jpeg\" width=\"1600\" height=\"820\" alt=\"\" \/>\n<\/div>\n<div class=\"swiper-slide\">\n<img loading=\"lazy\" decoding=\"async\" src=\"https:\/\/www.foodsovereignty.org\/wp-content\/uploads\/2026\/02\/signal-2026-02-22-234223_013.jpeg\" width=\"1600\" height=\"1066\" alt=\"\" \/>\n<\/div>\n<div class=\"swiper-slide\">\n<img loading=\"lazy\" decoding=\"async\" src=\"https:\/\/www.foodsovereignty.org\/wp-content\/uploads\/2026\/02\/1.jpeg\" width=\"1600\" height=\"1066\" alt=\"\" \/>\n<\/div>\n<\/div>\n<div class=\"swiper-pagination\"><\/div>\n<\/div>\n\n<hr \/>\n<h6 data-start=\"8\" data-end=\"906\">21 de febrero<\/h6>\n<p><strong>Movimientos sociales y pueblos ind\u00edgenas se re\u00fanen en Colombia para reclamar una reforma agraria real y transformadora<\/strong><\/p>\n<p data-start=\"8\" data-end=\"906\">El Comit\u00e9 Internacional de Planificaci\u00f3n para la Soberan\u00eda Alimentaria, a trav\u00e9s de su Grupo de Trabajo sobre Tierra y Territorios, est\u00e1 coordinando la participaci\u00f3n de organizaciones campesinas y de Pueblos Indigenas en la segunda <strong>Conferencia Internacional sobre Reforma Agraria y Desarrollo Rural (CIRADR+20)<\/strong>, organizada por el Gobierno de la Rep\u00fablica de Colombia y que se celebrar\u00e1 en Cartagena, Colombia, del 24 al 28 de febrero de 2026.<\/p>\n<p data-start=\"8\" data-end=\"906\">Veinte a\u00f1os despu\u00e9s de la primera CIRADR, la tierra, el agua, los bosques y los oc\u00e9anos est\u00e1n cada vez m\u00e1s concentrados en manos de corporaciones y actores financieros, impulsando el despojo, la desigualdad y el colapso ecol\u00f3gico. Productorxs a peque\u00f1a escala, Pueblos Indigenas, pastorxs, pescadorxs artesanales, mujeres rurales y trabajadorxs siguen siendo excluidos\/as de sus territorios y de los espacios de toma de decisiones.<\/p>\n<p data-start=\"908\" data-end=\"1430\">Por eso, antes de la Conferencia, el CIP est\u00e1 organizando un <strong data-start=\"969\" data-end=\"1015\">Foro de los Pueblos y Movimientos Sociales<\/strong> de dos d\u00edas (22-23 de febrero), precedido por una Conferencia Acad\u00e9mica que reunir\u00e1 a investigadorxs y activistas acad\u00e9micxs.<\/p>\n<p style=\"text-align: center;\"><a class=\"btn btn-yellow\" href=\"https:\/\/www.foodsovereignty.org\/wp-content\/uploads\/2026\/02\/FINAL-PROGRAMME_Forum-of-Peoples-and-Social-Movements.pdf\" target=\"_blank\" rel=\"noopener\">Program of the Forum (EN)<\/a> <a class=\"btn btn-yellow\" href=\"https:\/\/www.foodsovereignty.org\/wp-content\/uploads\/2026\/02\/PROGRAMA-FINAL_Foro-de-los-Pueblos-y-movimientos-sociales.pdf\" target=\"_blank\" rel=\"noopener\">Programa del Foro (ES)<\/a><\/p>\n<p data-start=\"908\" data-end=\"1430\">Estaremos cubriendo el evento actualizando esta p\u00e1gina d\u00eda a d\u00eda. Si quieres leer m\u00e1s sobre nuestro trabajo, visita la p\u00e1gina del grupo de trabajo del CIP sobre Tierra y Territorios o descarga el documento de posici\u00f3n del CIP sobre reforma agraria transformadora y desarrollo rural.<\/p>\n<p style=\"text-align: center;\"><a class=\"btn btn-yellow\" href=\"https:\/\/www.foodsovereignty.org\/es\/land-forests-water-and-territory\/\" target=\"_blank\" rel=\"noopener\">GT sobre Tierra<\/a> <a class=\"btn btn-yellow\" href=\"https:\/\/www.foodsovereignty.org\/es\/el-cip-publica-su-documento-de-posicion-sobre-reforma-agraria-ante-la-icarrd20\/\" target=\"_blank\" rel=\"noopener\">Documento de posicion<\/a><\/p>\n<p>&nbsp;<\/p>\n","protected":false},"excerpt":{"rendered":"<p>28 de febrero CIRADR+20: Ultimo dia &nbsp; Fue una copa amarga de tragar. No solo la que tomamos en el comedor del hotel esta ma\u00f1ana, sino tambi\u00e9n \u2013 y m\u00e1s metaf\u00f3ricamente \u2013 la que los gobiernos sirvieron a los Pueblos Ind\u00edgenas y a los movimientos sociales el \u00faltimo d\u00eda de esta Conferencia Internacional sobre Reforma [&hellip;]<\/p>\n","protected":false},"author":7,"featured_media":5080,"comment_status":"closed","ping_status":"closed","sticky":false,"template":"","format":"standard","meta":{"_acf_changed":false,"footnotes":""},"categories":[60],"tags":[425,444],"class_list":["post-5079","post","type-post","status-publish","format-standard","has-post-thumbnail","hentry","category-noticias","tag-ciradr20-es","tag-reforma-agraria","working_groups_tax-land-forests-water-and-territory"],"acf":[],"yoast_head":"<!-- This site is optimized with the Yoast SEO plugin v27.4 - https:\/\/yoast.com\/product\/yoast-seo-wordpress\/ -->\n<title>ICARRD+20: siga nuestra cobertura diaria<\/title>\n<meta name=\"description\" content=\"El diario del CIP desde la Segunda Conferencia Internacional sobre Reforma Agraria (CIRADR+20) y el Foro de Pueblos y Movimientos Sociales\" \/>\n<meta name=\"robots\" content=\"index, follow, max-snippet:-1, max-image-preview:large, max-video-preview:-1\" \/>\n<link rel=\"canonical\" href=\"https:\/\/www.foodsovereignty.org\/es\/nuestro-diario-desde-la-ciradr20-y-el-foro-de-los-pueblos-y-movimientos-sociales\/\" \/>\n<meta property=\"og:locale\" content=\"es_ES\" \/>\n<meta property=\"og:type\" content=\"article\" \/>\n<meta property=\"og:title\" content=\"ICARRD+20: siga nuestra cobertura diaria\" \/>\n<meta property=\"og:description\" content=\"El diario del CIP desde la Segunda Conferencia Internacional sobre Reforma Agraria (CIRADR+20) y el Foro de Pueblos y Movimientos Sociales\" \/>\n<meta property=\"og:url\" content=\"https:\/\/www.foodsovereignty.org\/es\/nuestro-diario-desde-la-ciradr20-y-el-foro-de-los-pueblos-y-movimientos-sociales\/\" \/>\n<meta property=\"og:site_name\" content=\"International Planning Committee for Food Sovereignty (IPC)\" \/>\n<meta property=\"article:published_time\" content=\"2026-02-21T16:08:25+00:00\" \/>\n<meta property=\"article:modified_time\" content=\"2026-03-01T02:02:26+00:00\" \/>\n<meta property=\"og:image\" content=\"https:\/\/www.foodsovereignty.org\/wp-content\/uploads\/2026\/02\/Cover-PIC_ICARRD_IPC.jpg\" \/>\n\t<meta property=\"og:image:width\" content=\"2000\" \/>\n\t<meta property=\"og:image:height\" content=\"1125\" \/>\n\t<meta property=\"og:image:type\" content=\"image\/jpeg\" \/>\n<meta name=\"author\" content=\"IPC comms\" \/>\n<meta name=\"twitter:card\" content=\"summary_large_image\" \/>\n<meta name=\"twitter:label1\" content=\"Escrito por\" \/>\n\t<meta name=\"twitter:data1\" content=\"IPC comms\" \/>\n\t<meta name=\"twitter:label2\" content=\"Tiempo de lectura\" \/>\n\t<meta name=\"twitter:data2\" content=\"26 minutos\" \/>\n<script type=\"application\/ld+json\" class=\"yoast-schema-graph\">{\"@context\":\"https:\\\/\\\/schema.org\",\"@graph\":[{\"@type\":\"Article\",\"@id\":\"https:\\\/\\\/www.foodsovereignty.org\\\/es\\\/nuestro-diario-desde-la-ciradr20-y-el-foro-de-los-pueblos-y-movimientos-sociales\\\/#article\",\"isPartOf\":{\"@id\":\"https:\\\/\\\/www.foodsovereignty.org\\\/es\\\/nuestro-diario-desde-la-ciradr20-y-el-foro-de-los-pueblos-y-movimientos-sociales\\\/\"},\"author\":{\"name\":\"IPC comms\",\"@id\":\"https:\\\/\\\/www.foodsovereignty.org\\\/es\\\/#\\\/schema\\\/person\\\/c5d86d7101c42543207204332399e87e\"},\"headline\":\"Nuestro diario desde la CIRADR+20 y el Foro de los Pueblos y Movimientos Sociales\",\"datePublished\":\"2026-02-21T16:08:25+00:00\",\"dateModified\":\"2026-03-01T02:02:26+00:00\",\"mainEntityOfPage\":{\"@id\":\"https:\\\/\\\/www.foodsovereignty.org\\\/es\\\/nuestro-diario-desde-la-ciradr20-y-el-foro-de-los-pueblos-y-movimientos-sociales\\\/\"},\"wordCount\":6092,\"image\":{\"@id\":\"https:\\\/\\\/www.foodsovereignty.org\\\/es\\\/nuestro-diario-desde-la-ciradr20-y-el-foro-de-los-pueblos-y-movimientos-sociales\\\/#primaryimage\"},\"thumbnailUrl\":\"https:\\\/\\\/www.foodsovereignty.org\\\/wp-content\\\/uploads\\\/2026\\\/02\\\/Cover-PIC_ICARRD_IPC.jpg\",\"keywords\":[\"CIRADR+20\",\"reforma agraria\"],\"articleSection\":[\"Noticias\"],\"inLanguage\":\"es\"},{\"@type\":\"WebPage\",\"@id\":\"https:\\\/\\\/www.foodsovereignty.org\\\/es\\\/nuestro-diario-desde-la-ciradr20-y-el-foro-de-los-pueblos-y-movimientos-sociales\\\/\",\"url\":\"https:\\\/\\\/www.foodsovereignty.org\\\/es\\\/nuestro-diario-desde-la-ciradr20-y-el-foro-de-los-pueblos-y-movimientos-sociales\\\/\",\"name\":\"ICARRD+20: siga nuestra cobertura diaria\",\"isPartOf\":{\"@id\":\"https:\\\/\\\/www.foodsovereignty.org\\\/es\\\/#website\"},\"primaryImageOfPage\":{\"@id\":\"https:\\\/\\\/www.foodsovereignty.org\\\/es\\\/nuestro-diario-desde-la-ciradr20-y-el-foro-de-los-pueblos-y-movimientos-sociales\\\/#primaryimage\"},\"image\":{\"@id\":\"https:\\\/\\\/www.foodsovereignty.org\\\/es\\\/nuestro-diario-desde-la-ciradr20-y-el-foro-de-los-pueblos-y-movimientos-sociales\\\/#primaryimage\"},\"thumbnailUrl\":\"https:\\\/\\\/www.foodsovereignty.org\\\/wp-content\\\/uploads\\\/2026\\\/02\\\/Cover-PIC_ICARRD_IPC.jpg\",\"datePublished\":\"2026-02-21T16:08:25+00:00\",\"dateModified\":\"2026-03-01T02:02:26+00:00\",\"author\":{\"@id\":\"https:\\\/\\\/www.foodsovereignty.org\\\/es\\\/#\\\/schema\\\/person\\\/c5d86d7101c42543207204332399e87e\"},\"description\":\"El diario del CIP desde la Segunda Conferencia Internacional sobre Reforma Agraria (CIRADR+20) y el Foro de Pueblos y Movimientos Sociales\",\"breadcrumb\":{\"@id\":\"https:\\\/\\\/www.foodsovereignty.org\\\/es\\\/nuestro-diario-desde-la-ciradr20-y-el-foro-de-los-pueblos-y-movimientos-sociales\\\/#breadcrumb\"},\"inLanguage\":\"es\",\"potentialAction\":[{\"@type\":\"ReadAction\",\"target\":[\"https:\\\/\\\/www.foodsovereignty.org\\\/es\\\/nuestro-diario-desde-la-ciradr20-y-el-foro-de-los-pueblos-y-movimientos-sociales\\\/\"]}]},{\"@type\":\"ImageObject\",\"inLanguage\":\"es\",\"@id\":\"https:\\\/\\\/www.foodsovereignty.org\\\/es\\\/nuestro-diario-desde-la-ciradr20-y-el-foro-de-los-pueblos-y-movimientos-sociales\\\/#primaryimage\",\"url\":\"https:\\\/\\\/www.foodsovereignty.org\\\/wp-content\\\/uploads\\\/2026\\\/02\\\/Cover-PIC_ICARRD_IPC.jpg\",\"contentUrl\":\"https:\\\/\\\/www.foodsovereignty.org\\\/wp-content\\\/uploads\\\/2026\\\/02\\\/Cover-PIC_ICARRD_IPC.jpg\",\"width\":2000,\"height\":1125},{\"@type\":\"BreadcrumbList\",\"@id\":\"https:\\\/\\\/www.foodsovereignty.org\\\/es\\\/nuestro-diario-desde-la-ciradr20-y-el-foro-de-los-pueblos-y-movimientos-sociales\\\/#breadcrumb\",\"itemListElement\":[{\"@type\":\"ListItem\",\"position\":1,\"name\":\"Home\",\"item\":\"https:\\\/\\\/www.foodsovereignty.org\\\/es\\\/\"},{\"@type\":\"ListItem\",\"position\":2,\"name\":\"Nuestro diario desde la CIRADR+20 y el Foro de los Pueblos y Movimientos Sociales\"}]},{\"@type\":\"WebSite\",\"@id\":\"https:\\\/\\\/www.foodsovereignty.org\\\/es\\\/#website\",\"url\":\"https:\\\/\\\/www.foodsovereignty.org\\\/es\\\/\",\"name\":\"International Planning Committee for Food Sovereignty (IPC)\",\"description\":\"\",\"potentialAction\":[{\"@type\":\"SearchAction\",\"target\":{\"@type\":\"EntryPoint\",\"urlTemplate\":\"https:\\\/\\\/www.foodsovereignty.org\\\/es\\\/?s={search_term_string}\"},\"query-input\":{\"@type\":\"PropertyValueSpecification\",\"valueRequired\":true,\"valueName\":\"search_term_string\"}}],\"inLanguage\":\"es\"},{\"@type\":\"Person\",\"@id\":\"https:\\\/\\\/www.foodsovereignty.org\\\/es\\\/#\\\/schema\\\/person\\\/c5d86d7101c42543207204332399e87e\",\"name\":\"IPC comms\",\"image\":{\"@type\":\"ImageObject\",\"inLanguage\":\"es\",\"@id\":\"https:\\\/\\\/secure.gravatar.com\\\/avatar\\\/383f0d7b56f08da80de57d5d3281a5757594759261b9b8cdeb29616624681e03?s=96&d=mm&r=g\",\"url\":\"https:\\\/\\\/secure.gravatar.com\\\/avatar\\\/383f0d7b56f08da80de57d5d3281a5757594759261b9b8cdeb29616624681e03?s=96&d=mm&r=g\",\"contentUrl\":\"https:\\\/\\\/secure.gravatar.com\\\/avatar\\\/383f0d7b56f08da80de57d5d3281a5757594759261b9b8cdeb29616624681e03?s=96&d=mm&r=g\",\"caption\":\"IPC comms\"},\"url\":\"https:\\\/\\\/www.foodsovereignty.org\\\/es\\\/author\\\/ipc-comms\\\/\"}]}<\/script>\n<!-- \/ Yoast SEO plugin. -->","yoast_head_json":{"title":"ICARRD+20: siga nuestra cobertura diaria","description":"El diario del CIP desde la Segunda Conferencia Internacional sobre Reforma Agraria (CIRADR+20) y el Foro de Pueblos y Movimientos Sociales","robots":{"index":"index","follow":"follow","max-snippet":"max-snippet:-1","max-image-preview":"max-image-preview:large","max-video-preview":"max-video-preview:-1"},"canonical":"https:\/\/www.foodsovereignty.org\/es\/nuestro-diario-desde-la-ciradr20-y-el-foro-de-los-pueblos-y-movimientos-sociales\/","og_locale":"es_ES","og_type":"article","og_title":"ICARRD+20: siga nuestra cobertura diaria","og_description":"El diario del CIP desde la Segunda Conferencia Internacional sobre Reforma Agraria (CIRADR+20) y el Foro de Pueblos y Movimientos Sociales","og_url":"https:\/\/www.foodsovereignty.org\/es\/nuestro-diario-desde-la-ciradr20-y-el-foro-de-los-pueblos-y-movimientos-sociales\/","og_site_name":"International Planning Committee for Food Sovereignty (IPC)","article_published_time":"2026-02-21T16:08:25+00:00","article_modified_time":"2026-03-01T02:02:26+00:00","og_image":[{"width":2000,"height":1125,"url":"https:\/\/www.foodsovereignty.org\/wp-content\/uploads\/2026\/02\/Cover-PIC_ICARRD_IPC.jpg","type":"image\/jpeg"}],"author":"IPC comms","twitter_card":"summary_large_image","twitter_misc":{"Escrito por":"IPC comms","Tiempo de lectura":"26 minutos"},"schema":{"@context":"https:\/\/schema.org","@graph":[{"@type":"Article","@id":"https:\/\/www.foodsovereignty.org\/es\/nuestro-diario-desde-la-ciradr20-y-el-foro-de-los-pueblos-y-movimientos-sociales\/#article","isPartOf":{"@id":"https:\/\/www.foodsovereignty.org\/es\/nuestro-diario-desde-la-ciradr20-y-el-foro-de-los-pueblos-y-movimientos-sociales\/"},"author":{"name":"IPC comms","@id":"https:\/\/www.foodsovereignty.org\/es\/#\/schema\/person\/c5d86d7101c42543207204332399e87e"},"headline":"Nuestro diario desde la CIRADR+20 y el Foro de los Pueblos y Movimientos Sociales","datePublished":"2026-02-21T16:08:25+00:00","dateModified":"2026-03-01T02:02:26+00:00","mainEntityOfPage":{"@id":"https:\/\/www.foodsovereignty.org\/es\/nuestro-diario-desde-la-ciradr20-y-el-foro-de-los-pueblos-y-movimientos-sociales\/"},"wordCount":6092,"image":{"@id":"https:\/\/www.foodsovereignty.org\/es\/nuestro-diario-desde-la-ciradr20-y-el-foro-de-los-pueblos-y-movimientos-sociales\/#primaryimage"},"thumbnailUrl":"https:\/\/www.foodsovereignty.org\/wp-content\/uploads\/2026\/02\/Cover-PIC_ICARRD_IPC.jpg","keywords":["CIRADR+20","reforma agraria"],"articleSection":["Noticias"],"inLanguage":"es"},{"@type":"WebPage","@id":"https:\/\/www.foodsovereignty.org\/es\/nuestro-diario-desde-la-ciradr20-y-el-foro-de-los-pueblos-y-movimientos-sociales\/","url":"https:\/\/www.foodsovereignty.org\/es\/nuestro-diario-desde-la-ciradr20-y-el-foro-de-los-pueblos-y-movimientos-sociales\/","name":"ICARRD+20: siga nuestra cobertura diaria","isPartOf":{"@id":"https:\/\/www.foodsovereignty.org\/es\/#website"},"primaryImageOfPage":{"@id":"https:\/\/www.foodsovereignty.org\/es\/nuestro-diario-desde-la-ciradr20-y-el-foro-de-los-pueblos-y-movimientos-sociales\/#primaryimage"},"image":{"@id":"https:\/\/www.foodsovereignty.org\/es\/nuestro-diario-desde-la-ciradr20-y-el-foro-de-los-pueblos-y-movimientos-sociales\/#primaryimage"},"thumbnailUrl":"https:\/\/www.foodsovereignty.org\/wp-content\/uploads\/2026\/02\/Cover-PIC_ICARRD_IPC.jpg","datePublished":"2026-02-21T16:08:25+00:00","dateModified":"2026-03-01T02:02:26+00:00","author":{"@id":"https:\/\/www.foodsovereignty.org\/es\/#\/schema\/person\/c5d86d7101c42543207204332399e87e"},"description":"El diario del CIP desde la Segunda Conferencia Internacional sobre Reforma Agraria (CIRADR+20) y el Foro de Pueblos y Movimientos Sociales","breadcrumb":{"@id":"https:\/\/www.foodsovereignty.org\/es\/nuestro-diario-desde-la-ciradr20-y-el-foro-de-los-pueblos-y-movimientos-sociales\/#breadcrumb"},"inLanguage":"es","potentialAction":[{"@type":"ReadAction","target":["https:\/\/www.foodsovereignty.org\/es\/nuestro-diario-desde-la-ciradr20-y-el-foro-de-los-pueblos-y-movimientos-sociales\/"]}]},{"@type":"ImageObject","inLanguage":"es","@id":"https:\/\/www.foodsovereignty.org\/es\/nuestro-diario-desde-la-ciradr20-y-el-foro-de-los-pueblos-y-movimientos-sociales\/#primaryimage","url":"https:\/\/www.foodsovereignty.org\/wp-content\/uploads\/2026\/02\/Cover-PIC_ICARRD_IPC.jpg","contentUrl":"https:\/\/www.foodsovereignty.org\/wp-content\/uploads\/2026\/02\/Cover-PIC_ICARRD_IPC.jpg","width":2000,"height":1125},{"@type":"BreadcrumbList","@id":"https:\/\/www.foodsovereignty.org\/es\/nuestro-diario-desde-la-ciradr20-y-el-foro-de-los-pueblos-y-movimientos-sociales\/#breadcrumb","itemListElement":[{"@type":"ListItem","position":1,"name":"Home","item":"https:\/\/www.foodsovereignty.org\/es\/"},{"@type":"ListItem","position":2,"name":"Nuestro diario desde la CIRADR+20 y el Foro de los Pueblos y Movimientos Sociales"}]},{"@type":"WebSite","@id":"https:\/\/www.foodsovereignty.org\/es\/#website","url":"https:\/\/www.foodsovereignty.org\/es\/","name":"International Planning Committee for Food Sovereignty (IPC)","description":"","potentialAction":[{"@type":"SearchAction","target":{"@type":"EntryPoint","urlTemplate":"https:\/\/www.foodsovereignty.org\/es\/?s={search_term_string}"},"query-input":{"@type":"PropertyValueSpecification","valueRequired":true,"valueName":"search_term_string"}}],"inLanguage":"es"},{"@type":"Person","@id":"https:\/\/www.foodsovereignty.org\/es\/#\/schema\/person\/c5d86d7101c42543207204332399e87e","name":"IPC comms","image":{"@type":"ImageObject","inLanguage":"es","@id":"https:\/\/secure.gravatar.com\/avatar\/383f0d7b56f08da80de57d5d3281a5757594759261b9b8cdeb29616624681e03?s=96&d=mm&r=g","url":"https:\/\/secure.gravatar.com\/avatar\/383f0d7b56f08da80de57d5d3281a5757594759261b9b8cdeb29616624681e03?s=96&d=mm&r=g","contentUrl":"https:\/\/secure.gravatar.com\/avatar\/383f0d7b56f08da80de57d5d3281a5757594759261b9b8cdeb29616624681e03?s=96&d=mm&r=g","caption":"IPC comms"},"url":"https:\/\/www.foodsovereignty.org\/es\/author\/ipc-comms\/"}]}},"_links":{"self":[{"href":"https:\/\/www.foodsovereignty.org\/es\/wp-json\/wp\/v2\/posts\/5079","targetHints":{"allow":["GET"]}}],"collection":[{"href":"https:\/\/www.foodsovereignty.org\/es\/wp-json\/wp\/v2\/posts"}],"about":[{"href":"https:\/\/www.foodsovereignty.org\/es\/wp-json\/wp\/v2\/types\/post"}],"author":[{"embeddable":true,"href":"https:\/\/www.foodsovereignty.org\/es\/wp-json\/wp\/v2\/users\/7"}],"replies":[{"embeddable":true,"href":"https:\/\/www.foodsovereignty.org\/es\/wp-json\/wp\/v2\/comments?post=5079"}],"version-history":[{"count":30,"href":"https:\/\/www.foodsovereignty.org\/es\/wp-json\/wp\/v2\/posts\/5079\/revisions"}],"predecessor-version":[{"id":5386,"href":"https:\/\/www.foodsovereignty.org\/es\/wp-json\/wp\/v2\/posts\/5079\/revisions\/5386"}],"wp:featuredmedia":[{"embeddable":true,"href":"https:\/\/www.foodsovereignty.org\/es\/wp-json\/wp\/v2\/media\/5080"}],"wp:attachment":[{"href":"https:\/\/www.foodsovereignty.org\/es\/wp-json\/wp\/v2\/media?parent=5079"}],"wp:term":[{"taxonomy":"category","embeddable":true,"href":"https:\/\/www.foodsovereignty.org\/es\/wp-json\/wp\/v2\/categories?post=5079"},{"taxonomy":"post_tag","embeddable":true,"href":"https:\/\/www.foodsovereignty.org\/es\/wp-json\/wp\/v2\/tags?post=5079"}],"curies":[{"name":"wp","href":"https:\/\/api.w.org\/{rel}","templated":true}]}}