{"id":5527,"date":"2026-09-04T11:32:59","date_gmt":"2026-09-04T11:32:59","guid":{"rendered":"https:\/\/www.foodsovereignty.org\/?p=5527"},"modified":"2026-09-04T11:35:43","modified_gmt":"2026-09-04T11:35:43","slug":"pescadores-y-pueblos-indigenas-del-cip-se-reunen-en-roma-antes-de-la-cofi37","status":"publish","type":"post","link":"https:\/\/www.foodsovereignty.org\/es\/pescadores-y-pueblos-indigenas-del-cip-se-reunen-en-roma-antes-de-la-cofi37\/","title":{"rendered":"Pescadores y Pueblos Ind\u00edgenas del CIP se re\u00fanen en Roma antes del COFI37"},"content":{"rendered":"<p class=\"isSelectedEnd\">Representantes de pescadores en peque\u00f1a escala, trabajadores de la pesca, mujeres pescadoras, recolectores y Pueblos Ind\u00edgenas de todo el mundo se reunieron en Roma antes de la pr\u00f3xima <strong>Cumbre de la Pesca en Peque\u00f1a Escala (SSF Summit)<\/strong> y de la 37.\u00aa sesi\u00f3n del Comit\u00e9 de Pesca de la FAO (COFI37), que tendr\u00e1n lugar respectivamente del 4 al 6 de septiembre y del 7 al 11 de septiembre.<\/p>\n<p class=\"isSelectedEnd\">Como preparaci\u00f3n para los debates que se avecinan, el grupo de trabajo sobre pesca del CIP hizo un balance de las m\u00faltiples crisis interrelacionadas a las que se enfrentan los pueblos pescadores \u2014clim\u00e1tica, ambiental, econ\u00f3mica y social\u2014 y reafirm\u00f3 colectivamente las estrategias que orientan su lucha. Bas\u00e1ndose en los conocimientos y las experiencias vividas de sus comunidades, el grupo reafirm\u00f3 su compromiso con la acuicolog\u00eda, la soberan\u00eda alimentaria y la solidaridad internacionalista, al tiempo que precis\u00f3 sus demandas pol\u00edticas de cara a su participaci\u00f3n ante la FAO.<\/p>\n<p class=\"isSelectedEnd\">La reuni\u00f3n no solo congreg\u00f3 a miembros del CIP, sino que tambi\u00e9n dedic\u00f3 una jornada a reunir a representantes de movimientos de pescadores externos a la familia del CIP, tanto a nivel mundial como regional, con el fin de fortalecer la acci\u00f3n colectiva, intercambiar experiencias y converger en una estrategia com\u00fan de incidencia para los debates en la FAO.<\/p>\n<p class=\"isSelectedEnd\">En el centro de esta reuni\u00f3n estaba la voluntad de crear un espacio de di\u00e1logo entre un grupo diversificado <strong>de movimientos para llevar sus voces a espacios estrat\u00e9gicos de decisi\u00f3n pol\u00edtica a nivel mundial<\/strong>, defendiendo pol\u00edticas gubernamentales transparentes y eficaces y situando a las comunidades de pesca en peque\u00f1a escala en el centro de la gobernanza mundial de la pesca.<\/p>\n<p class=\"isSelectedEnd\">En la base de estos debates se encontraban las Directrices voluntarias para lograr la sostenibilidad de la pesca en peque\u00f1a escala en el contexto de la seguridad alimentaria y la erradicaci\u00f3n de la pobreza (Directrices para la Pesca en Peque\u00f1a Escala), fruto de una consulta mundial sin precedentes en la que participaron m\u00e1s de 4.000 pescadores, trabajadores de la pesca y otros actores de 120 pa\u00edses, y que siguen siendo el instrumento internacional m\u00e1s leg\u00edtimo para reconocer y proteger los derechos de los pescadores en peque\u00f1a escala. Sin embargo, m\u00e1s de una d\u00e9cada despu\u00e9s de su adopci\u00f3n en 2014, y a pesar de la creaci\u00f3n en 2016 de un mecanismo de asociaci\u00f3n espec\u00edfico (el Marco Estrat\u00e9gico Mundial para la Pesca en Peque\u00f1a Escala \u2013 SSF-GSF) para apoyar su implementaci\u00f3n, las Directrices siguen sin cumplirse en gran medida. Es precisamente este marco y su potencial a\u00fan no realizado lo que el Grupo de Trabajo sobre Pesca del CIP est\u00e1 decidido ahora a revitalizar.<\/p>\n<p class=\"isSelectedEnd\">Por esta raz\u00f3n, la reuni\u00f3n de Roma constituye una oportunidad para que los movimientos de pescadores <strong>reactiven y fortalezcan el SSF-GSF<\/strong> y garanticen que las voces y los derechos de la pesca en peque\u00f1a escala sean escuchados y reconocidos por los actores de la gobernanza mundial de la pesca.<\/p>\n<p class=\"isSelectedEnd\">Para ello, los pescadores y pescadoras del CIP, junto con otros movimientos regionales de pescadores, dinamizar\u00e1n el componente de titulares de derechos del Marco Estrat\u00e9gico mediante la revitalizaci\u00f3n del Grupo Consultivo, todos comprometidos a impulsar la implementaci\u00f3n de las Directrices para la Pesca en Peque\u00f1a Escala.<\/p>\n<p>Mientras los representantes de los movimientos de pescadores se re\u00fanen en Roma, su mensaje es claro: los pescadores en peque\u00f1a escala y los Pueblos Ind\u00edgenas no son partes interesadas, sino titulares de derechos. Sus conocimientos, liderazgo y capacidad de acci\u00f3n pol\u00edtica son esenciales para lograr la soberan\u00eda alimentaria.<\/p>\n","protected":false},"excerpt":{"rendered":"<p>Representantes de pescadores en peque\u00f1a escala, trabajadores de la pesca, mujeres pescadoras, recolectores y Pueblos Ind\u00edgenas de todo el mundo se reunieron en Roma antes de la pr\u00f3xima Cumbre de la Pesca en Peque\u00f1a Escala (SSF Summit) y de la 37.\u00aa sesi\u00f3n del Comit\u00e9 de Pesca de la FAO (COFI37), que tendr\u00e1n lugar respectivamente del [&hellip;]<\/p>\n","protected":false},"author":7,"featured_media":5520,"comment_status":"closed","ping_status":"closed","sticky":false,"template":"","format":"standard","meta":{"_acf_changed":false,"footnotes":""},"categories":[60],"tags":[466],"class_list":["post-5527","post","type-post","status-publish","format-standard","has-post-thumbnail","hentry","category-noticias","tag-ssf-summit","working_groups_tax-fisheries"],"acf":[],"yoast_head":"<!-- This site is optimized with the Yoast SEO plugin v28.4 - https:\/\/yoast.com\/product\/yoast-seo-wordpress\/ -->\n<title>Pescadores y Pueblos Ind\u00edgenas se re\u00fanen en el SSF Summit<\/title>\n<meta name=\"description\" content=\"Los movimientos se movilizan ante la FAO para exigir a los gobiernos que implementen las Directrices para la Pesca en Peque\u00f1a Escala\" \/>\n<meta name=\"robots\" content=\"index, follow, max-snippet:-1, max-image-preview:large, max-video-preview:-1\" \/>\n<link rel=\"canonical\" href=\"https:\/\/www.foodsovereignty.org\/es\/pescadores-y-pueblos-indigenas-del-cip-se-reunen-en-roma-antes-de-la-cofi37\/\" \/>\n<meta property=\"og:locale\" content=\"es_ES\" \/>\n<meta property=\"og:type\" content=\"article\" \/>\n<meta property=\"og:title\" content=\"Pescadores y Pueblos Ind\u00edgenas se re\u00fanen en el SSF Summit\" \/>\n<meta property=\"og:description\" content=\"Los movimientos se movilizan ante la FAO para exigir a los gobiernos que implementen las Directrices para la Pesca en Peque\u00f1a Escala\" \/>\n<meta property=\"og:url\" content=\"https:\/\/www.foodsovereignty.org\/es\/pescadores-y-pueblos-indigenas-del-cip-se-reunen-en-roma-antes-de-la-cofi37\/\" \/>\n<meta property=\"og:site_name\" content=\"International Planning Committee for Food Sovereignty (IPC)\" \/>\n<meta property=\"article:published_time\" content=\"2026-09-04T11:32:59+00:00\" \/>\n<meta property=\"article:modified_time\" content=\"2026-09-04T11:35:43+00:00\" \/>\n<meta property=\"og:image\" content=\"https:\/\/www.foodsovereignty.org\/wp-content\/uploads\/2026\/09\/Group-pic-IPC-WG-e1788521058109.jpeg\" \/>\n\t<meta property=\"og:image:width\" content=\"2048\" \/>\n\t<meta property=\"og:image:height\" content=\"1536\" \/>\n\t<meta property=\"og:image:type\" content=\"image\/jpeg\" \/>\n<meta name=\"author\" content=\"IPC comms\" \/>\n<meta name=\"twitter:card\" content=\"summary_large_image\" \/>\n<meta name=\"twitter:label1\" content=\"Escrito por\" \/>\n\t<meta name=\"twitter:data1\" content=\"IPC comms\" \/>\n\t<meta name=\"twitter:label2\" content=\"Tiempo de lectura\" \/>\n\t<meta name=\"twitter:data2\" content=\"3 minutos\" \/>\n<script type=\"application\/ld+json\" class=\"yoast-schema-graph\">{\"@context\":\"https:\\\/\\\/schema.org\",\"@graph\":[{\"@type\":\"Article\",\"@id\":\"https:\\\/\\\/www.foodsovereignty.org\\\/es\\\/pescadores-y-pueblos-indigenas-del-cip-se-reunen-en-roma-antes-de-la-cofi37\\\/#article\",\"isPartOf\":{\"@id\":\"https:\\\/\\\/www.foodsovereignty.org\\\/es\\\/pescadores-y-pueblos-indigenas-del-cip-se-reunen-en-roma-antes-de-la-cofi37\\\/\"},\"author\":{\"name\":\"IPC comms\",\"@id\":\"https:\\\/\\\/www.foodsovereignty.org\\\/es\\\/#\\\/schema\\\/person\\\/c5d86d7101c42543207204332399e87e\"},\"headline\":\"Pescadores y Pueblos Ind\u00edgenas del CIP se re\u00fanen en Roma antes del COFI37\",\"datePublished\":\"2026-09-04T11:32:59+00:00\",\"dateModified\":\"2026-09-04T11:35:43+00:00\",\"mainEntityOfPage\":{\"@id\":\"https:\\\/\\\/www.foodsovereignty.org\\\/es\\\/pescadores-y-pueblos-indigenas-del-cip-se-reunen-en-roma-antes-de-la-cofi37\\\/\"},\"wordCount\":642,\"image\":{\"@id\":\"https:\\\/\\\/www.foodsovereignty.org\\\/es\\\/pescadores-y-pueblos-indigenas-del-cip-se-reunen-en-roma-antes-de-la-cofi37\\\/#primaryimage\"},\"thumbnailUrl\":\"https:\\\/\\\/www.foodsovereignty.org\\\/wp-content\\\/uploads\\\/2026\\\/09\\\/Group-pic-IPC-WG-e1788521058109.jpeg\",\"keywords\":[\"ssf summit\"],\"articleSection\":[\"Noticias\"],\"inLanguage\":\"es\"},{\"@type\":\"WebPage\",\"@id\":\"https:\\\/\\\/www.foodsovereignty.org\\\/es\\\/pescadores-y-pueblos-indigenas-del-cip-se-reunen-en-roma-antes-de-la-cofi37\\\/\",\"url\":\"https:\\\/\\\/www.foodsovereignty.org\\\/es\\\/pescadores-y-pueblos-indigenas-del-cip-se-reunen-en-roma-antes-de-la-cofi37\\\/\",\"name\":\"Pescadores y Pueblos Ind\u00edgenas se re\u00fanen en el SSF Summit\",\"isPartOf\":{\"@id\":\"https:\\\/\\\/www.foodsovereignty.org\\\/es\\\/#website\"},\"primaryImageOfPage\":{\"@id\":\"https:\\\/\\\/www.foodsovereignty.org\\\/es\\\/pescadores-y-pueblos-indigenas-del-cip-se-reunen-en-roma-antes-de-la-cofi37\\\/#primaryimage\"},\"image\":{\"@id\":\"https:\\\/\\\/www.foodsovereignty.org\\\/es\\\/pescadores-y-pueblos-indigenas-del-cip-se-reunen-en-roma-antes-de-la-cofi37\\\/#primaryimage\"},\"thumbnailUrl\":\"https:\\\/\\\/www.foodsovereignty.org\\\/wp-content\\\/uploads\\\/2026\\\/09\\\/Group-pic-IPC-WG-e1788521058109.jpeg\",\"datePublished\":\"2026-09-04T11:32:59+00:00\",\"dateModified\":\"2026-09-04T11:35:43+00:00\",\"author\":{\"@id\":\"https:\\\/\\\/www.foodsovereignty.org\\\/es\\\/#\\\/schema\\\/person\\\/c5d86d7101c42543207204332399e87e\"},\"description\":\"Los movimientos se movilizan ante la FAO para exigir a los gobiernos que implementen las Directrices para la Pesca en Peque\u00f1a Escala\",\"breadcrumb\":{\"@id\":\"https:\\\/\\\/www.foodsovereignty.org\\\/es\\\/pescadores-y-pueblos-indigenas-del-cip-se-reunen-en-roma-antes-de-la-cofi37\\\/#breadcrumb\"},\"inLanguage\":\"es\",\"potentialAction\":[{\"@type\":\"ReadAction\",\"target\":[\"https:\\\/\\\/www.foodsovereignty.org\\\/es\\\/pescadores-y-pueblos-indigenas-del-cip-se-reunen-en-roma-antes-de-la-cofi37\\\/\"]}]},{\"@type\":\"ImageObject\",\"inLanguage\":\"es\",\"@id\":\"https:\\\/\\\/www.foodsovereignty.org\\\/es\\\/pescadores-y-pueblos-indigenas-del-cip-se-reunen-en-roma-antes-de-la-cofi37\\\/#primaryimage\",\"url\":\"https:\\\/\\\/www.foodsovereignty.org\\\/wp-content\\\/uploads\\\/2026\\\/09\\\/Group-pic-IPC-WG-e1788521058109.jpeg\",\"contentUrl\":\"https:\\\/\\\/www.foodsovereignty.org\\\/wp-content\\\/uploads\\\/2026\\\/09\\\/Group-pic-IPC-WG-e1788521058109.jpeg\",\"width\":2048,\"height\":1536},{\"@type\":\"BreadcrumbList\",\"@id\":\"https:\\\/\\\/www.foodsovereignty.org\\\/es\\\/pescadores-y-pueblos-indigenas-del-cip-se-reunen-en-roma-antes-de-la-cofi37\\\/#breadcrumb\",\"itemListElement\":[{\"@type\":\"ListItem\",\"position\":1,\"name\":\"Home\",\"item\":\"https:\\\/\\\/www.foodsovereignty.org\\\/es\\\/\"},{\"@type\":\"ListItem\",\"position\":2,\"name\":\"Pescadores y Pueblos Ind\u00edgenas del CIP se re\u00fanen en Roma antes del COFI37\"}]},{\"@type\":\"WebSite\",\"@id\":\"https:\\\/\\\/www.foodsovereignty.org\\\/es\\\/#website\",\"url\":\"https:\\\/\\\/www.foodsovereignty.org\\\/es\\\/\",\"name\":\"International Planning Committee for Food Sovereignty (IPC)\",\"description\":\"\",\"potentialAction\":[{\"@type\":\"SearchAction\",\"target\":{\"@type\":\"EntryPoint\",\"urlTemplate\":\"https:\\\/\\\/www.foodsovereignty.org\\\/es\\\/?s={search_term_string}\"},\"query-input\":{\"@type\":\"PropertyValueSpecification\",\"valueRequired\":true,\"valueName\":\"search_term_string\"}}],\"inLanguage\":\"es\"},{\"@type\":\"Person\",\"@id\":\"https:\\\/\\\/www.foodsovereignty.org\\\/es\\\/#\\\/schema\\\/person\\\/c5d86d7101c42543207204332399e87e\",\"name\":\"IPC comms\",\"image\":{\"@type\":\"ImageObject\",\"inLanguage\":\"es\",\"@id\":\"https:\\\/\\\/secure.gravatar.com\\\/avatar\\\/383f0d7b56f08da80de57d5d3281a5757594759261b9b8cdeb29616624681e03?s=96&d=mm&r=g\",\"url\":\"https:\\\/\\\/secure.gravatar.com\\\/avatar\\\/383f0d7b56f08da80de57d5d3281a5757594759261b9b8cdeb29616624681e03?s=96&d=mm&r=g\",\"contentUrl\":\"https:\\\/\\\/secure.gravatar.com\\\/avatar\\\/383f0d7b56f08da80de57d5d3281a5757594759261b9b8cdeb29616624681e03?s=96&d=mm&r=g\",\"caption\":\"IPC comms\"},\"url\":\"https:\\\/\\\/www.foodsovereignty.org\\\/es\\\/author\\\/ipc-comms\\\/\"}]}<\/script>\n<!-- \/ Yoast SEO plugin. -->","yoast_head_json":{"title":"Pescadores y Pueblos Ind\u00edgenas se re\u00fanen en el SSF Summit","description":"Los movimientos se movilizan ante la FAO para exigir a los gobiernos que implementen las Directrices para la Pesca en Peque\u00f1a Escala","robots":{"index":"index","follow":"follow","max-snippet":"max-snippet:-1","max-image-preview":"max-image-preview:large","max-video-preview":"max-video-preview:-1"},"canonical":"https:\/\/www.foodsovereignty.org\/es\/pescadores-y-pueblos-indigenas-del-cip-se-reunen-en-roma-antes-de-la-cofi37\/","og_locale":"es_ES","og_type":"article","og_title":"Pescadores y Pueblos Ind\u00edgenas se re\u00fanen en el SSF Summit","og_description":"Los movimientos se movilizan ante la FAO para exigir a los gobiernos que implementen las Directrices para la Pesca en Peque\u00f1a Escala","og_url":"https:\/\/www.foodsovereignty.org\/es\/pescadores-y-pueblos-indigenas-del-cip-se-reunen-en-roma-antes-de-la-cofi37\/","og_site_name":"International Planning Committee for Food Sovereignty (IPC)","article_published_time":"2026-09-04T11:32:59+00:00","article_modified_time":"2026-09-04T11:35:43+00:00","og_image":[{"width":2048,"height":1536,"url":"https:\/\/www.foodsovereignty.org\/wp-content\/uploads\/2026\/09\/Group-pic-IPC-WG-e1788521058109.jpeg","type":"image\/jpeg"}],"author":"IPC comms","twitter_card":"summary_large_image","twitter_misc":{"Escrito por":"IPC comms","Tiempo de lectura":"3 minutos"},"schema":{"@context":"https:\/\/schema.org","@graph":[{"@type":"Article","@id":"https:\/\/www.foodsovereignty.org\/es\/pescadores-y-pueblos-indigenas-del-cip-se-reunen-en-roma-antes-de-la-cofi37\/#article","isPartOf":{"@id":"https:\/\/www.foodsovereignty.org\/es\/pescadores-y-pueblos-indigenas-del-cip-se-reunen-en-roma-antes-de-la-cofi37\/"},"author":{"name":"IPC comms","@id":"https:\/\/www.foodsovereignty.org\/es\/#\/schema\/person\/c5d86d7101c42543207204332399e87e"},"headline":"Pescadores y Pueblos Ind\u00edgenas del CIP se re\u00fanen en Roma antes del COFI37","datePublished":"2026-09-04T11:32:59+00:00","dateModified":"2026-09-04T11:35:43+00:00","mainEntityOfPage":{"@id":"https:\/\/www.foodsovereignty.org\/es\/pescadores-y-pueblos-indigenas-del-cip-se-reunen-en-roma-antes-de-la-cofi37\/"},"wordCount":642,"image":{"@id":"https:\/\/www.foodsovereignty.org\/es\/pescadores-y-pueblos-indigenas-del-cip-se-reunen-en-roma-antes-de-la-cofi37\/#primaryimage"},"thumbnailUrl":"https:\/\/www.foodsovereignty.org\/wp-content\/uploads\/2026\/09\/Group-pic-IPC-WG-e1788521058109.jpeg","keywords":["ssf summit"],"articleSection":["Noticias"],"inLanguage":"es"},{"@type":"WebPage","@id":"https:\/\/www.foodsovereignty.org\/es\/pescadores-y-pueblos-indigenas-del-cip-se-reunen-en-roma-antes-de-la-cofi37\/","url":"https:\/\/www.foodsovereignty.org\/es\/pescadores-y-pueblos-indigenas-del-cip-se-reunen-en-roma-antes-de-la-cofi37\/","name":"Pescadores y Pueblos Ind\u00edgenas se re\u00fanen en el SSF Summit","isPartOf":{"@id":"https:\/\/www.foodsovereignty.org\/es\/#website"},"primaryImageOfPage":{"@id":"https:\/\/www.foodsovereignty.org\/es\/pescadores-y-pueblos-indigenas-del-cip-se-reunen-en-roma-antes-de-la-cofi37\/#primaryimage"},"image":{"@id":"https:\/\/www.foodsovereignty.org\/es\/pescadores-y-pueblos-indigenas-del-cip-se-reunen-en-roma-antes-de-la-cofi37\/#primaryimage"},"thumbnailUrl":"https:\/\/www.foodsovereignty.org\/wp-content\/uploads\/2026\/09\/Group-pic-IPC-WG-e1788521058109.jpeg","datePublished":"2026-09-04T11:32:59+00:00","dateModified":"2026-09-04T11:35:43+00:00","author":{"@id":"https:\/\/www.foodsovereignty.org\/es\/#\/schema\/person\/c5d86d7101c42543207204332399e87e"},"description":"Los movimientos se movilizan ante la FAO para exigir a los gobiernos que implementen las Directrices para la Pesca en Peque\u00f1a Escala","breadcrumb":{"@id":"https:\/\/www.foodsovereignty.org\/es\/pescadores-y-pueblos-indigenas-del-cip-se-reunen-en-roma-antes-de-la-cofi37\/#breadcrumb"},"inLanguage":"es","potentialAction":[{"@type":"ReadAction","target":["https:\/\/www.foodsovereignty.org\/es\/pescadores-y-pueblos-indigenas-del-cip-se-reunen-en-roma-antes-de-la-cofi37\/"]}]},{"@type":"ImageObject","inLanguage":"es","@id":"https:\/\/www.foodsovereignty.org\/es\/pescadores-y-pueblos-indigenas-del-cip-se-reunen-en-roma-antes-de-la-cofi37\/#primaryimage","url":"https:\/\/www.foodsovereignty.org\/wp-content\/uploads\/2026\/09\/Group-pic-IPC-WG-e1788521058109.jpeg","contentUrl":"https:\/\/www.foodsovereignty.org\/wp-content\/uploads\/2026\/09\/Group-pic-IPC-WG-e1788521058109.jpeg","width":2048,"height":1536},{"@type":"BreadcrumbList","@id":"https:\/\/www.foodsovereignty.org\/es\/pescadores-y-pueblos-indigenas-del-cip-se-reunen-en-roma-antes-de-la-cofi37\/#breadcrumb","itemListElement":[{"@type":"ListItem","position":1,"name":"Home","item":"https:\/\/www.foodsovereignty.org\/es\/"},{"@type":"ListItem","position":2,"name":"Pescadores y Pueblos Ind\u00edgenas del CIP se re\u00fanen en Roma antes del COFI37"}]},{"@type":"WebSite","@id":"https:\/\/www.foodsovereignty.org\/es\/#website","url":"https:\/\/www.foodsovereignty.org\/es\/","name":"International Planning Committee for Food Sovereignty (IPC)","description":"","potentialAction":[{"@type":"SearchAction","target":{"@type":"EntryPoint","urlTemplate":"https:\/\/www.foodsovereignty.org\/es\/?s={search_term_string}"},"query-input":{"@type":"PropertyValueSpecification","valueRequired":true,"valueName":"search_term_string"}}],"inLanguage":"es"},{"@type":"Person","@id":"https:\/\/www.foodsovereignty.org\/es\/#\/schema\/person\/c5d86d7101c42543207204332399e87e","name":"IPC comms","image":{"@type":"ImageObject","inLanguage":"es","@id":"https:\/\/secure.gravatar.com\/avatar\/383f0d7b56f08da80de57d5d3281a5757594759261b9b8cdeb29616624681e03?s=96&d=mm&r=g","url":"https:\/\/secure.gravatar.com\/avatar\/383f0d7b56f08da80de57d5d3281a5757594759261b9b8cdeb29616624681e03?s=96&d=mm&r=g","contentUrl":"https:\/\/secure.gravatar.com\/avatar\/383f0d7b56f08da80de57d5d3281a5757594759261b9b8cdeb29616624681e03?s=96&d=mm&r=g","caption":"IPC comms"},"url":"https:\/\/www.foodsovereignty.org\/es\/author\/ipc-comms\/"}]}},"_links":{"self":[{"href":"https:\/\/www.foodsovereignty.org\/es\/wp-json\/wp\/v2\/posts\/5527","targetHints":{"allow":["GET"]}}],"collection":[{"href":"https:\/\/www.foodsovereignty.org\/es\/wp-json\/wp\/v2\/posts"}],"about":[{"href":"https:\/\/www.foodsovereignty.org\/es\/wp-json\/wp\/v2\/types\/post"}],"author":[{"embeddable":true,"href":"https:\/\/www.foodsovereignty.org\/es\/wp-json\/wp\/v2\/users\/7"}],"replies":[{"embeddable":true,"href":"https:\/\/www.foodsovereignty.org\/es\/wp-json\/wp\/v2\/comments?post=5527"}],"version-history":[{"count":2,"href":"https:\/\/www.foodsovereignty.org\/es\/wp-json\/wp\/v2\/posts\/5527\/revisions"}],"predecessor-version":[{"id":5530,"href":"https:\/\/www.foodsovereignty.org\/es\/wp-json\/wp\/v2\/posts\/5527\/revisions\/5530"}],"wp:featuredmedia":[{"embeddable":true,"href":"https:\/\/www.foodsovereignty.org\/es\/wp-json\/wp\/v2\/media\/5520"}],"wp:attachment":[{"href":"https:\/\/www.foodsovereignty.org\/es\/wp-json\/wp\/v2\/media?parent=5527"}],"wp:term":[{"taxonomy":"category","embeddable":true,"href":"https:\/\/www.foodsovereignty.org\/es\/wp-json\/wp\/v2\/categories?post=5527"},{"taxonomy":"post_tag","embeddable":true,"href":"https:\/\/www.foodsovereignty.org\/es\/wp-json\/wp\/v2\/tags?post=5527"}],"curies":[{"name":"wp","href":"https:\/\/api.w.org\/{rel}","templated":true}]}}