{"id":1560,"date":"2014-05-12T08:40:23","date_gmt":"2014-05-12T08:40:23","guid":{"rendered":"https:\/\/www.foodsovereignty.org\/declaracion-de-la-reunion-de-mujeres-de-america-latina-y-el-caribe\/"},"modified":"2024-01-30T22:56:09","modified_gmt":"2024-01-30T22:56:09","slug":"declaracion-de-la-reunion-de-mujeres-de-america-latina-y-el-caribe","status":"publish","type":"post","link":"https:\/\/www.foodsovereignty.org\/fr\/declaracion-de-la-reunion-de-mujeres-de-america-latina-y-el-caribe\/","title":{"rendered":"D\u00c9CLARATION DE LA R\u00c9UNION DES FEMMES D\u2019AM\u00c9RIQUE LATINE ET DES CARA\u00cfBES"},"content":{"rendered":"<p>IV CONFERENCE SPECIALE DE L&rsquo;ALLIANCE POUR LA SOUVERAINETE ALIMENTAIRE DES PEUPLES D&rsquo;AM\u00c9RIQUE LATINE ET LES CARA\u00cfBES.  \u00c0 Santiago du Chili, le 2 mai, les femmes rurales, rurales, les p\u00eacheurs, les \u00e9leveurs, et salaire agricole indig\u00e8ne sp\u00e9ciale sur la souverainet\u00e9 alimentaire en Am\u00e9rique latine et des Cara\u00efbes r\u00e9unis la Conf\u00e9rence d\u00e9clarent que:  Nous affirmons les contributions politiques de souverainet\u00e9 alimentaire comme un principe.  Nous appr\u00e9cions et reconnaissons les efforts ant\u00e9rieurs \u00e0 cette Conf\u00e9rence, dans lequel processus et de la mise en \u0153uvre de la Conf\u00e9rence mondiale de l&rsquo;alimentation tenu au Mali sous le nom de la femme de Ny\u00e9l\u00e9ni o\u00f9 nos propositions affectent la reconnaissance des droits \u00e0 construire et \u00e0 socialiser avec sexe.  Comme en consid\u00e9ration les progr\u00e8s dans ce processus de plus de 20 ans de construction, l&rsquo;ordre du jour pour la d\u00e9fense de la souverainet\u00e9 alimentaire, la constitution de l&rsquo;Alliance et son document fondateur, doivent avancer \u00e0 cela et d&rsquo;autres documents transform\u00e9 en politique publique.  Nous soulignons le travail des femmes rurales et de l&rsquo;aquaculture de la p\u00eache artisanale, la mariculture dans tous les domaines: la production, la reproduction, les soins des personnes, des biens communs et la nature, les femmes sont historiquement \u00e9metteurs de la culture par le biais de les valeurs, la r\u00e9sistance culturelle, la langue de la d\u00e9fense, langues, costumes, les pratiques anciennes et communautaires.  Nous r\u00e9affirmons l&rsquo;importance de la mobilisation sociale comme un outil pour l&rsquo;action et le positionnement politique des incidents et de la r\u00e9sistance parce que les gens ont le droit de d\u00e9cider librement de la commercialisation de la production des modes de vie et le commerce nous voulons en opposition \u00e0 l&rsquo;agro-industrie, le mod\u00e8le d&rsquo;extraction et de concentration qui affecte principalement des femmes dans leurs conditions de travail, de vie et son impact sur la production, de reproduction et les conditions de la prise en charge de la vie et de la nature travail. Les impacts flexibles et pr\u00e9caires travail plus fortement aux femmes.  Nous d\u00e9non\u00e7ons que existante conventions internationales interdisant le travail des enfants, encore violent les droits des enfants dans le secteur agroalimentaire, les privant de vivre une \u00e9ducation pleine et heureuse et la sant\u00e9 garanti par les Etats.  Nous exhortons les gouvernements de l&rsquo;Am\u00e9rique latine et les Cara\u00efbes et la FAO adopter l&rsquo;approche des biens collectifs se r\u00e9f\u00e9rer \u00e0 nos territoires: la terre, l&rsquo;eau et les \u00e9cosyst\u00e8mes de la biodiversit\u00e9.  Les gouvernements doivent se assurer que toutes les personnes aient l&rsquo;acc\u00e8s aux biens publics et d&rsquo;assurer leur protection. Respecter les r\u00e8gles d\u00e9finies par les trait\u00e9s et conventions internationales telles que la CEDAW (Convention internationale contre toutes les formes de discrimination contre les femmes). \u00c0 cet \u00e9gard, nous d\u00e9clarons campagne en cours contre la violence contre les femmes dans tous leurs (sexuelles, psychologiques, \u00e9conomiques, nationaux et institutionnels) formes.  Nous appelons les \u00c9tats et les organisations internationales pour assurer la conformit\u00e9 avec les droits l\u00e9gitimes des femmes.  Nous exigeons la mise en \u0153uvre effective de la Convention 169 et la D\u00e9claration des Nations Unies sur les droits des peuples autochtones et le respect des droits coutumiers. Appliquer le m\u00e9canisme d&rsquo;une consultation libre et \u00e9clair\u00e9 \u00e0 propos de tout ce qui touche nos territoires. Promouvoir la s\u00e9curit\u00e9 juridique de la propri\u00e9t\u00e9 fonci\u00e8re pour les femmes d\u00e9fendent le droit inali\u00e9nable et imprescriptible.  Reconna\u00eetre la vision du monde des peuples autochtones, la solidarit\u00e9, la r\u00e9ciprocit\u00e9 et la compl\u00e9mentarit\u00e9.  \u00c9valuer, reconna\u00eetre et respecter les connaissances des femmes et des hommes agriculteurs garants de la souverainet\u00e9 alimentaire, \u00e0 travers la r\u00e9forme agraire int\u00e9grale.  Incorporer l&rsquo; \u00e9conomie solidaire dans la politique publique qui favorise les partenariats, le renforcement achats, le stockage et la commercialisation, d&rsquo;autres formes de l&rsquo;\u00e9change de territoires propre.  Ne pas permettre \u00e0 la privatisation des biens communs, et le brevetage de toute vie. Nous nous opposons aux \u00e9leveurs de droit, la propri\u00e9t\u00e9 intellectuelle sur les semences, les plantes m\u00e9dicinales et l&rsquo;intervention g\u00e9n\u00e9tique qui brise le cycle \u00e9cologique de la nature.  Les m\u00e9canismes comprennent une compensation int\u00e9grale pour les femmes victimes de violation des droits de l&rsquo;homme en Am\u00e9rique latine et dans les Cara\u00efbes.  Renforcer le r\u00f4le de surveillance des parlements \u00e0 promouvoir des politiques pour la souverainet\u00e9 alimentaire.  Reconna\u00eetre l&rsquo;Alliance pour la souverainet\u00e9 alimentaire comme une contrepartie \u00e0 la discussion et des d\u00e9cisions aux pays et la FAO.  Les repr\u00e9sentants de nos organisations demandent aux femmes de se engager \u00e0:  Renforcer le r\u00f4le des femmes dans la pr\u00e9servation, la conservation et le d\u00e9veloppement de nos cultures.  Renforcer la formation politique des femmes pour la souverainet\u00e9 alimentaire et de promouvoir la cr\u00e9ation d&rsquo;un programme r\u00e9gional de formation.  Socialiser informations sur l&rsquo;ann\u00e9e de l&rsquo;agriculture familiale paysanne et indig\u00e8ne, et son importance pour nourrir le monde et prot\u00e9ger la plan\u00e8te.  Renforcer et \u00e9largir nos organisations en organisant\u00a0en actions ordinaires.  Pour suivre et \u00e9valuer les gouvernements d&rsquo;Am\u00e9rique latine et des Cara\u00efbes et de la FAO pour la mise en \u0153uvre des accords et des engagements pris. Nous serons attentifs aux diff\u00e9rents processus politiques et de travailler ensemble pour les mouvements sociaux dans son ensemble effectuer cette surveillance.  Nous ne permettrons pas que la manipulation et l&rsquo;exploitation de la souverainet\u00e9 alimentaire.  Continuer \u00e0 construire des alliances avec les femmes urbaines, de leurs organisations et d&rsquo;autres secteurs d&rsquo;entretenir des relations \u00e9quilibr\u00e9es entre la production et la commercialisation des produits alimentaires.  \u00ab\u00a0R\u00e9sistance et de la r\u00e9bellion, les graines pour la vie\u00a0\u00bb<\/p>\n","protected":false},"excerpt":{"rendered":"<p>IV CONFERENCE SPECIALE DE L&rsquo;ALLIANCE POUR LA SOUVERAINETE ALIMENTAIRE DES PEUPLES D&rsquo;AM\u00c9RIQUE LATINE ET LES CARA\u00cfBES. \u00c0 Santiago du Chili, le 2 mai, les femmes rurales, rurales, les p\u00eacheurs, les \u00e9leveurs, et salaire agricole indig\u00e8ne sp\u00e9ciale sur la souverainet\u00e9 alimentaire en Am\u00e9rique latine et des Cara\u00efbes r\u00e9unis la Conf\u00e9rence d\u00e9clarent que: Nous affirmons les contributions [&hellip;]<\/p>\n","protected":false},"author":1,"featured_media":0,"comment_status":"closed","ping_status":"open","sticky":false,"template":"","format":"standard","meta":{"_acf_changed":false,"footnotes":""},"categories":[57],"tags":[],"class_list":["post-1560","post","type-post","status-publish","format-standard","hentry","category-nouvelles"],"acf":[],"yoast_head":"<!-- This site is optimized with the Yoast SEO plugin v27.4 - https:\/\/yoast.com\/product\/yoast-seo-wordpress\/ -->\n<title>D\u00c9CLARATION DE LA R\u00c9UNION DES FEMMES D\u2019AM\u00c9RIQUE LATINE ET DES CARA\u00cfBES - International Planning Committee for Food Sovereignty (IPC)<\/title>\n<meta name=\"robots\" content=\"index, follow, max-snippet:-1, max-image-preview:large, max-video-preview:-1\" \/>\n<link rel=\"canonical\" href=\"https:\/\/www.foodsovereignty.org\/fr\/declaracion-de-la-reunion-de-mujeres-de-america-latina-y-el-caribe\/\" \/>\n<meta property=\"og:locale\" content=\"fr_FR\" \/>\n<meta property=\"og:type\" content=\"article\" \/>\n<meta property=\"og:title\" content=\"D\u00c9CLARATION DE LA R\u00c9UNION DES FEMMES D\u2019AM\u00c9RIQUE LATINE ET DES CARA\u00cfBES - International Planning Committee for Food Sovereignty (IPC)\" \/>\n<meta property=\"og:description\" content=\"IV CONFERENCE SPECIALE DE L&rsquo;ALLIANCE POUR LA SOUVERAINETE ALIMENTAIRE DES PEUPLES D&rsquo;AM\u00c9RIQUE LATINE ET LES CARA\u00cfBES. \u00c0 Santiago du Chili, le 2 mai, les femmes rurales, rurales, les p\u00eacheurs, les \u00e9leveurs, et salaire agricole indig\u00e8ne sp\u00e9ciale sur la souverainet\u00e9 alimentaire en Am\u00e9rique latine et des Cara\u00efbes r\u00e9unis la Conf\u00e9rence d\u00e9clarent que: Nous affirmons les contributions [&hellip;]\" \/>\n<meta property=\"og:url\" content=\"https:\/\/www.foodsovereignty.org\/fr\/declaracion-de-la-reunion-de-mujeres-de-america-latina-y-el-caribe\/\" \/>\n<meta property=\"og:site_name\" content=\"International Planning Committee for Food Sovereignty (IPC)\" \/>\n<meta property=\"article:published_time\" content=\"2014-05-12T08:40:23+00:00\" \/>\n<meta property=\"article:modified_time\" content=\"2024-01-30T22:56:09+00:00\" \/>\n<meta name=\"author\" content=\"ipc_staging\" \/>\n<meta name=\"twitter:card\" content=\"summary_large_image\" \/>\n<meta name=\"twitter:label1\" content=\"\u00c9crit par\" \/>\n\t<meta name=\"twitter:data1\" content=\"ipc_staging\" \/>\n\t<meta name=\"twitter:label2\" content=\"Dur\u00e9e de lecture estim\u00e9e\" \/>\n\t<meta name=\"twitter:data2\" content=\"5 minutes\" \/>\n<script type=\"application\/ld+json\" class=\"yoast-schema-graph\">{\"@context\":\"https:\\\/\\\/schema.org\",\"@graph\":[{\"@type\":\"Article\",\"@id\":\"https:\\\/\\\/www.foodsovereignty.org\\\/fr\\\/declaracion-de-la-reunion-de-mujeres-de-america-latina-y-el-caribe\\\/#article\",\"isPartOf\":{\"@id\":\"https:\\\/\\\/www.foodsovereignty.org\\\/fr\\\/declaracion-de-la-reunion-de-mujeres-de-america-latina-y-el-caribe\\\/\"},\"author\":{\"name\":\"ipc_staging\",\"@id\":\"https:\\\/\\\/www.foodsovereignty.org\\\/fr\\\/#\\\/schema\\\/person\\\/2022da6fc0f89b23596d0a63d82b61e1\"},\"headline\":\"D\u00c9CLARATION DE LA R\u00c9UNION DES FEMMES D\u2019AM\u00c9RIQUE LATINE ET DES CARA\u00cfBES\",\"datePublished\":\"2014-05-12T08:40:23+00:00\",\"dateModified\":\"2024-01-30T22:56:09+00:00\",\"mainEntityOfPage\":{\"@id\":\"https:\\\/\\\/www.foodsovereignty.org\\\/fr\\\/declaracion-de-la-reunion-de-mujeres-de-america-latina-y-el-caribe\\\/\"},\"wordCount\":989,\"articleSection\":[\"Nouvelles\"],\"inLanguage\":\"fr-FR\"},{\"@type\":\"WebPage\",\"@id\":\"https:\\\/\\\/www.foodsovereignty.org\\\/fr\\\/declaracion-de-la-reunion-de-mujeres-de-america-latina-y-el-caribe\\\/\",\"url\":\"https:\\\/\\\/www.foodsovereignty.org\\\/fr\\\/declaracion-de-la-reunion-de-mujeres-de-america-latina-y-el-caribe\\\/\",\"name\":\"D\u00c9CLARATION DE LA R\u00c9UNION DES FEMMES D\u2019AM\u00c9RIQUE LATINE ET DES CARA\u00cfBES - International Planning Committee for Food Sovereignty (IPC)\",\"isPartOf\":{\"@id\":\"https:\\\/\\\/www.foodsovereignty.org\\\/fr\\\/#website\"},\"datePublished\":\"2014-05-12T08:40:23+00:00\",\"dateModified\":\"2024-01-30T22:56:09+00:00\",\"author\":{\"@id\":\"https:\\\/\\\/www.foodsovereignty.org\\\/fr\\\/#\\\/schema\\\/person\\\/2022da6fc0f89b23596d0a63d82b61e1\"},\"breadcrumb\":{\"@id\":\"https:\\\/\\\/www.foodsovereignty.org\\\/fr\\\/declaracion-de-la-reunion-de-mujeres-de-america-latina-y-el-caribe\\\/#breadcrumb\"},\"inLanguage\":\"fr-FR\",\"potentialAction\":[{\"@type\":\"ReadAction\",\"target\":[\"https:\\\/\\\/www.foodsovereignty.org\\\/fr\\\/declaracion-de-la-reunion-de-mujeres-de-america-latina-y-el-caribe\\\/\"]}]},{\"@type\":\"BreadcrumbList\",\"@id\":\"https:\\\/\\\/www.foodsovereignty.org\\\/fr\\\/declaracion-de-la-reunion-de-mujeres-de-america-latina-y-el-caribe\\\/#breadcrumb\",\"itemListElement\":[{\"@type\":\"ListItem\",\"position\":1,\"name\":\"Home\",\"item\":\"https:\\\/\\\/www.foodsovereignty.org\\\/fr\\\/\"},{\"@type\":\"ListItem\",\"position\":2,\"name\":\"D\u00c9CLARATION DE LA R\u00c9UNION DES FEMMES D\u2019AM\u00c9RIQUE LATINE ET DES CARA\u00cfBES\"}]},{\"@type\":\"WebSite\",\"@id\":\"https:\\\/\\\/www.foodsovereignty.org\\\/fr\\\/#website\",\"url\":\"https:\\\/\\\/www.foodsovereignty.org\\\/fr\\\/\",\"name\":\"International Planning Committee for Food Sovereignty (IPC)\",\"description\":\"\",\"potentialAction\":[{\"@type\":\"SearchAction\",\"target\":{\"@type\":\"EntryPoint\",\"urlTemplate\":\"https:\\\/\\\/www.foodsovereignty.org\\\/fr\\\/?s={search_term_string}\"},\"query-input\":{\"@type\":\"PropertyValueSpecification\",\"valueRequired\":true,\"valueName\":\"search_term_string\"}}],\"inLanguage\":\"fr-FR\"},{\"@type\":\"Person\",\"@id\":\"https:\\\/\\\/www.foodsovereignty.org\\\/fr\\\/#\\\/schema\\\/person\\\/2022da6fc0f89b23596d0a63d82b61e1\",\"name\":\"ipc_staging\",\"image\":{\"@type\":\"ImageObject\",\"inLanguage\":\"fr-FR\",\"@id\":\"https:\\\/\\\/secure.gravatar.com\\\/avatar\\\/fce93258e0a23ad6ba66052185f81fce65925c41d889b9d1b920a76951c434af?s=96&d=mm&r=g\",\"url\":\"https:\\\/\\\/secure.gravatar.com\\\/avatar\\\/fce93258e0a23ad6ba66052185f81fce65925c41d889b9d1b920a76951c434af?s=96&d=mm&r=g\",\"contentUrl\":\"https:\\\/\\\/secure.gravatar.com\\\/avatar\\\/fce93258e0a23ad6ba66052185f81fce65925c41d889b9d1b920a76951c434af?s=96&d=mm&r=g\",\"caption\":\"ipc_staging\"},\"sameAs\":[\"http:\\\/\\\/_\"],\"url\":\"https:\\\/\\\/www.foodsovereignty.org\\\/fr\\\/author\\\/ipc_staging\\\/\"}]}<\/script>\n<!-- \/ Yoast SEO plugin. -->","yoast_head_json":{"title":"D\u00c9CLARATION DE LA R\u00c9UNION DES FEMMES D\u2019AM\u00c9RIQUE LATINE ET DES CARA\u00cfBES - International Planning Committee for Food Sovereignty (IPC)","robots":{"index":"index","follow":"follow","max-snippet":"max-snippet:-1","max-image-preview":"max-image-preview:large","max-video-preview":"max-video-preview:-1"},"canonical":"https:\/\/www.foodsovereignty.org\/fr\/declaracion-de-la-reunion-de-mujeres-de-america-latina-y-el-caribe\/","og_locale":"fr_FR","og_type":"article","og_title":"D\u00c9CLARATION DE LA R\u00c9UNION DES FEMMES D\u2019AM\u00c9RIQUE LATINE ET DES CARA\u00cfBES - International Planning Committee for Food Sovereignty (IPC)","og_description":"IV CONFERENCE SPECIALE DE L&rsquo;ALLIANCE POUR LA SOUVERAINETE ALIMENTAIRE DES PEUPLES D&rsquo;AM\u00c9RIQUE LATINE ET LES CARA\u00cfBES. \u00c0 Santiago du Chili, le 2 mai, les femmes rurales, rurales, les p\u00eacheurs, les \u00e9leveurs, et salaire agricole indig\u00e8ne sp\u00e9ciale sur la souverainet\u00e9 alimentaire en Am\u00e9rique latine et des Cara\u00efbes r\u00e9unis la Conf\u00e9rence d\u00e9clarent que: Nous affirmons les contributions [&hellip;]","og_url":"https:\/\/www.foodsovereignty.org\/fr\/declaracion-de-la-reunion-de-mujeres-de-america-latina-y-el-caribe\/","og_site_name":"International Planning Committee for Food Sovereignty (IPC)","article_published_time":"2014-05-12T08:40:23+00:00","article_modified_time":"2024-01-30T22:56:09+00:00","author":"ipc_staging","twitter_card":"summary_large_image","twitter_misc":{"\u00c9crit par":"ipc_staging","Dur\u00e9e de lecture estim\u00e9e":"5 minutes"},"schema":{"@context":"https:\/\/schema.org","@graph":[{"@type":"Article","@id":"https:\/\/www.foodsovereignty.org\/fr\/declaracion-de-la-reunion-de-mujeres-de-america-latina-y-el-caribe\/#article","isPartOf":{"@id":"https:\/\/www.foodsovereignty.org\/fr\/declaracion-de-la-reunion-de-mujeres-de-america-latina-y-el-caribe\/"},"author":{"name":"ipc_staging","@id":"https:\/\/www.foodsovereignty.org\/fr\/#\/schema\/person\/2022da6fc0f89b23596d0a63d82b61e1"},"headline":"D\u00c9CLARATION DE LA R\u00c9UNION DES FEMMES D\u2019AM\u00c9RIQUE LATINE ET DES CARA\u00cfBES","datePublished":"2014-05-12T08:40:23+00:00","dateModified":"2024-01-30T22:56:09+00:00","mainEntityOfPage":{"@id":"https:\/\/www.foodsovereignty.org\/fr\/declaracion-de-la-reunion-de-mujeres-de-america-latina-y-el-caribe\/"},"wordCount":989,"articleSection":["Nouvelles"],"inLanguage":"fr-FR"},{"@type":"WebPage","@id":"https:\/\/www.foodsovereignty.org\/fr\/declaracion-de-la-reunion-de-mujeres-de-america-latina-y-el-caribe\/","url":"https:\/\/www.foodsovereignty.org\/fr\/declaracion-de-la-reunion-de-mujeres-de-america-latina-y-el-caribe\/","name":"D\u00c9CLARATION DE LA R\u00c9UNION DES FEMMES D\u2019AM\u00c9RIQUE LATINE ET DES CARA\u00cfBES - International Planning Committee for Food Sovereignty (IPC)","isPartOf":{"@id":"https:\/\/www.foodsovereignty.org\/fr\/#website"},"datePublished":"2014-05-12T08:40:23+00:00","dateModified":"2024-01-30T22:56:09+00:00","author":{"@id":"https:\/\/www.foodsovereignty.org\/fr\/#\/schema\/person\/2022da6fc0f89b23596d0a63d82b61e1"},"breadcrumb":{"@id":"https:\/\/www.foodsovereignty.org\/fr\/declaracion-de-la-reunion-de-mujeres-de-america-latina-y-el-caribe\/#breadcrumb"},"inLanguage":"fr-FR","potentialAction":[{"@type":"ReadAction","target":["https:\/\/www.foodsovereignty.org\/fr\/declaracion-de-la-reunion-de-mujeres-de-america-latina-y-el-caribe\/"]}]},{"@type":"BreadcrumbList","@id":"https:\/\/www.foodsovereignty.org\/fr\/declaracion-de-la-reunion-de-mujeres-de-america-latina-y-el-caribe\/#breadcrumb","itemListElement":[{"@type":"ListItem","position":1,"name":"Home","item":"https:\/\/www.foodsovereignty.org\/fr\/"},{"@type":"ListItem","position":2,"name":"D\u00c9CLARATION DE LA R\u00c9UNION DES FEMMES D\u2019AM\u00c9RIQUE LATINE ET DES CARA\u00cfBES"}]},{"@type":"WebSite","@id":"https:\/\/www.foodsovereignty.org\/fr\/#website","url":"https:\/\/www.foodsovereignty.org\/fr\/","name":"International Planning Committee for Food Sovereignty (IPC)","description":"","potentialAction":[{"@type":"SearchAction","target":{"@type":"EntryPoint","urlTemplate":"https:\/\/www.foodsovereignty.org\/fr\/?s={search_term_string}"},"query-input":{"@type":"PropertyValueSpecification","valueRequired":true,"valueName":"search_term_string"}}],"inLanguage":"fr-FR"},{"@type":"Person","@id":"https:\/\/www.foodsovereignty.org\/fr\/#\/schema\/person\/2022da6fc0f89b23596d0a63d82b61e1","name":"ipc_staging","image":{"@type":"ImageObject","inLanguage":"fr-FR","@id":"https:\/\/secure.gravatar.com\/avatar\/fce93258e0a23ad6ba66052185f81fce65925c41d889b9d1b920a76951c434af?s=96&d=mm&r=g","url":"https:\/\/secure.gravatar.com\/avatar\/fce93258e0a23ad6ba66052185f81fce65925c41d889b9d1b920a76951c434af?s=96&d=mm&r=g","contentUrl":"https:\/\/secure.gravatar.com\/avatar\/fce93258e0a23ad6ba66052185f81fce65925c41d889b9d1b920a76951c434af?s=96&d=mm&r=g","caption":"ipc_staging"},"sameAs":["http:\/\/_"],"url":"https:\/\/www.foodsovereignty.org\/fr\/author\/ipc_staging\/"}]}},"_links":{"self":[{"href":"https:\/\/www.foodsovereignty.org\/fr\/wp-json\/wp\/v2\/posts\/1560","targetHints":{"allow":["GET"]}}],"collection":[{"href":"https:\/\/www.foodsovereignty.org\/fr\/wp-json\/wp\/v2\/posts"}],"about":[{"href":"https:\/\/www.foodsovereignty.org\/fr\/wp-json\/wp\/v2\/types\/post"}],"author":[{"embeddable":true,"href":"https:\/\/www.foodsovereignty.org\/fr\/wp-json\/wp\/v2\/users\/1"}],"replies":[{"embeddable":true,"href":"https:\/\/www.foodsovereignty.org\/fr\/wp-json\/wp\/v2\/comments?post=1560"}],"version-history":[{"count":1,"href":"https:\/\/www.foodsovereignty.org\/fr\/wp-json\/wp\/v2\/posts\/1560\/revisions"}],"predecessor-version":[{"id":2512,"href":"https:\/\/www.foodsovereignty.org\/fr\/wp-json\/wp\/v2\/posts\/1560\/revisions\/2512"}],"wp:attachment":[{"href":"https:\/\/www.foodsovereignty.org\/fr\/wp-json\/wp\/v2\/media?parent=1560"}],"wp:term":[{"taxonomy":"category","embeddable":true,"href":"https:\/\/www.foodsovereignty.org\/fr\/wp-json\/wp\/v2\/categories?post=1560"},{"taxonomy":"post_tag","embeddable":true,"href":"https:\/\/www.foodsovereignty.org\/fr\/wp-json\/wp\/v2\/tags?post=1560"}],"curies":[{"name":"wp","href":"https:\/\/api.w.org\/{rel}","templated":true}]}}