{"id":1564,"date":"2014-03-27T13:17:41","date_gmt":"2014-03-27T13:17:41","guid":{"rendered":"https:\/\/www.foodsovereignty.org\/declaration-civil-society-organizations-28th-fao-regional-conference-africa-3\/"},"modified":"2024-01-30T22:56:18","modified_gmt":"2024-01-30T22:56:18","slug":"declaration-civil-society-organizations-28th-fao-regional-conference-africa-3","status":"publish","type":"post","link":"https:\/\/www.foodsovereignty.org\/fr\/declaration-civil-society-organizations-28th-fao-regional-conference-africa-3\/","title":{"rendered":"D\u00c9CLARATION DE LA SOCI\u00c9T\u00c9 CIVILE \u00c0 LA CONF\u00c9RENCE R\u00c9GIONALE DE LA FAO 28 POUR L&rsquo;AFRIQUE"},"content":{"rendered":"<p><strong>D\u00c9CLARATION DE LA SOCI\u00c9T\u00c9 CIVILE \u00c0 LA CONF\u00c9RENCE R\u00c9GIONALE DE LA FAO 28 POUR L&rsquo;AFRIQUE<\/strong>  Nous, Organisations de la soci\u00e9t\u00e9 civile africaine compos\u00e9e des agriculteurs, des \u00e9leveurs \/ pasteurs, des p\u00eacheurs artisanaux, des consommateurs, des ONG, des mouvements des droits humains, des femmes, des jeunes, des universitaires, des artisans, des populations autochtones pauvres en milieu urbain, nous nous sommes rencontr\u00e9 \u00e0 Tunis les 21 et 22 Mars 2014 comme partie de la 28e Conf\u00e9rence r\u00e9gionale de la FAO pour l&rsquo;Afrique, et apr\u00e8s avoir discut\u00e9 de la situation dans le d\u00e9veloppement agricole de l&rsquo;Afrique, la s\u00e9curit\u00e9 alimentaire et la nutrition, les exploitations familiales, les ressources naturelles (terre, eau, p\u00e2turages, for\u00eats, etc.), nous faisons les observations suivantes:  Les participants appr\u00e9cient:  1- la mise en place du cadre strat\u00e9gique de la FAO pour le partenariat avec la soci\u00e9t\u00e9 civile. Ils appr\u00e9cient les efforts de OPA et son membre UMNAGRI pour l&rsquo;organisation de cette consultation qui a r\u00e9uni des participants de 35 pays africains avec une repr\u00e9sentation de 47% de femmes;  2- les efforts de la CSA \u00e0 travers l&rsquo;adoption des Directives volontaires sur la gouvernance responsable des r\u00e9gimes fonciers des terres, p\u00eaches et for\u00eats;  3- les efforts de l&rsquo;Union africaine, le NEPAD et les institutions d&rsquo;int\u00e9gration r\u00e9gionale pour maintenir et renforcer les processus participatifs et inclusifs dans la formulation et la mise en \u0153uvre des politiques et programmes;  4- la mise en \u0153uvre effective du fonds d&rsquo;affectation sp\u00e9ciale a d\u00e9cid\u00e9 lors de la 27e Conf\u00e9rence r\u00e9gionale de la FAO pour les activit\u00e9s des \u00c9tats. Encouragez les participants \u00e0 poursuivre leurs efforts pour consolider ce contexte et en tenant compte des projets de jeunes de financement dans l&rsquo;agriculture dans le portefeuille de ce fonds les projets admissibles;  Cependant, les participants ont not\u00e9:  1- faiblesse des cadres juridiques et r\u00e9glementaires en Afrique pour soutenir des projets agricoles pour les jeunes;  2- insuffisante consid\u00e9ration par les politiques fonci\u00e8res des besoins des groupes vuln\u00e9rables comme les jeunes, les femmes, les peuples autochtones, etc. acc\u00e8s et de s\u00e9curit\u00e9 de la tenure.  3- incoh\u00e9rence dans les politiques, programmes et projets \u00e0 diff\u00e9rents niveaux (local, national, r\u00e9gional et continental), cr\u00e9ant souvent de grandes lacunes dans leur mise en \u0153uvre, de compromettre la r\u00e9alisation de la s\u00e9curit\u00e9 alimentaire et la nutrition ainsi que les actions sur la r\u00e9duction de la pauvret\u00e9 dans les pays;  4- manque de communication entre les acteurs de la s\u00e9curit\u00e9 alimentaire pour la d\u00e9centralisation de la FAO;  En outre, cette ann\u00e9e 2014 a \u00e9t\u00e9 proclam\u00e9e par l&rsquo;Assembl\u00e9e g\u00e9n\u00e9rale des Nations Unies le 22 D\u00e9cembre 2011 \u00e0 New York comme l&rsquo;Ann\u00e9e internationale de l&rsquo;agriculture familiale. Les participants ont not\u00e9:  1- faiblesse des investissements publics en faveur des exploitations familiales et cela se manifeste, entre autres, par le bilan mitig\u00e9 des engagements de Maputo apr\u00e8s 11 ans et la faible mise en \u0153uvre du PDDAA;  2- d\u00e9faillance des m\u00e9canismes de financement et des outils adapt\u00e9s aux besoins et aux r\u00e9alit\u00e9s des exploitations familiales;  3- orientation du financement de l&rsquo;agriculture industrielle avec les partenariats public \/ priv\u00e9 ne est pas toujours un instrument appropri\u00e9 pour soutenir l&rsquo;approche de l&rsquo;agriculture familiale;  Pour tenir compte de ces r\u00e9sultats, qui ont fait l&rsquo;objet de nos discussions pendant deux jours, nous demandons:  <strong>1- Concernant la jeunesse africaine en entrepreneuriat agricole et rural:<\/strong> <\/p>\n<ol>\n<li>\u00c9laborer et adopter des politiques coh\u00e9rentes qui favorisent l&rsquo;int\u00e9gration des jeunes dans l&rsquo;agriculture au lieu de soutenir industrielles sources de terres agricoles des entreprises saisissant dans diff\u00e9rents pays;<\/li>\n<li>Mettre en place dans tous les pays des m\u00e9canismes et des investissements adapt\u00e9s \u00e0 l&rsquo;entreprenariat des jeunes dans le secteur agricole de financement, principalement \u00e9tablir dans chaque pays des fonds sp\u00e9ciaux pour des projets agricoles des jeunes;<\/li>\n<li>Mettre en place dans tous les pays suffisantes et des cadres et des m\u00e9canismes de formation professionnelle adapt\u00e9e \u00e0 l&rsquo;agriculture et l&rsquo;esprit d&rsquo;entreprise de la jeunesse rurale qualit\u00e9 o\u00f9 ils ne existent pas et consolider ceux qui existent d\u00e9j\u00e0.<\/li>\n<li>D\u00e9velopper un m\u00e9canisme inclusif de dialogue impliquant les gouvernements, les organisations de jeunesse et d&rsquo;autres parties prenantes.<\/li>\n<\/ol>\n<p> <strong>2- En ce qui concerne la situation de l&rsquo;alimentation et l&rsquo;agriculture et la mise en \u0153uvre du PDDAA:<\/strong> <\/p>\n<ol>\n<li>\u00c9tablir des cadres et des m\u00e9canismes inclusifs pour le suivi, l&rsquo;\u00e9valuation et la capitalisation de tous les engagements en termes de politiques, programmes et projets publics;<\/li>\n<li>Mieux cibler des besoins de soutien aux exploitations familiales dans le cadre du PDDAA pour assurer leur modernisation et leur viabilit\u00e9 sur le long terme;<\/li>\n<li>Renforcer la protection des march\u00e9s agricoles et alimentaires pour appuyer le processus d&rsquo;int\u00e9gration r\u00e9gionale et continentale \u00e0 travers la mise en \u0153uvre de la libre circulation des personnes et des biens;<\/li>\n<li>Promouvoir des syst\u00e8mes de gestion des risques agricoles et de l&rsquo;assurance;<\/li>\n<\/ol>\n<p> <strong>3- En ce qui concerne le CSA, les participants \u00e9valuent les divers rapports th\u00e9matiques pr\u00e9par\u00e9s par le SCF et profiter le dernier rapport sp\u00e9cial de l&rsquo;ONU sur le droit \u00e0 \u00a0 \u00a0 \u00a0l&rsquo;alimentation, et:<\/strong> <\/p>\n<ol>\n<li>encourager les \u00c9tats \u00e0 se engager dans des d\u00e9cisions de mise en \u0153uvre des recommandations;<\/li>\n<li>demande que le processus de travail de la SFC est mise en \u0153uvre \u00e0 tous les niveaux des r\u00e9gions et des pays;<\/li>\n<li>exhorter les gouvernements \u00e0 mettre en \u0153uvre les Directives volontaires dans leur contexte national par la mise en \u0153uvre des approches inclusives, y compris la cr\u00e9ation d&rsquo;espaces de dialogue formelle impliquant toutes les parties prenantes avec une attention particuli\u00e8re aux petits producteurs et les jeunes entrepreneurs agricoles, le renforcement de la mise en \u0153uvre de lignes directrices et le suivi et l&rsquo;\u00e9valuation de tous actions entreprises;<\/li>\n<li>Exiger la responsabilit\u00e9 des \u00c9tats en ce qui concerne les investissements agricoles utiles et pertinentes en tenant compte de l&rsquo;opinion des politiques agricoles d\u00e9j\u00e0 d\u00e9velopp\u00e9s ou en d\u00e9veloppement;<\/li>\n<li>condamnons fermement l&rsquo;accaparement des terres et la demande d&rsquo;un moratoire sur la production de combustibles agro-industrielle sur le continent.<\/li>\n<\/ol>\n<p> <strong>4- En ce qui concerne le processus de d\u00e9centralisation de la FAO, tout en soutenant, les participants:<\/strong> <\/p>\n<ol>\n<li>recommande que le processus soit inclusif, transparent et coh\u00e9rent;<\/li>\n<li>demande que les politiques et programmes des bureaux r\u00e9gionaux sont d\u00e9finis \u00e0 travers un espace de dialogue avec tous les groupes d&rsquo;acteurs;<\/li>\n<li>approuver la proposition de consolider les bureaux r\u00e9gionaux en deux entit\u00e9s, mais cela doit \u00eatre accompagn\u00e9 par des mesures appropri\u00e9es, y compris le renforcement des bureaux nationaux;<\/li>\n<li>croire que cette autonomisation n\u00e9cessite une augmentation des ressources humaines et financi\u00e8res, y compris la nomination d&rsquo;un point focal consacr\u00e9 \u00e0 des partenariats avec la soci\u00e9t\u00e9 civile dans tous les bureaux de pays de la FAO et le pouvoir de prise de d\u00e9cision am\u00e9lior\u00e9e de ces bureaux pour certaines activit\u00e9s;<\/li>\n<li>obligation aux \u00c9tats de communiquer r\u00e9guli\u00e8rement au sujet de la d\u00e9centralisation de la FAO pour rem\u00e9dier aux faiblesses dans le temps.<\/li>\n<\/ol>\n<p> <strong>5- En outre, les participants recommandent fortement:<\/strong> <\/p>\n<ol>\n<li>que la recherche agricole est financ\u00e9 par le secteur public comme une priorit\u00e9 et ils sont bas\u00e9s sur les connaissances locales;<\/li>\n<li>Les gouvernements et la FAO pour contribuer positivement aux initiatives prises par la soci\u00e9t\u00e9 civile, y compris les organisations d&rsquo;agriculteurs dans le cadre de l&rsquo;Ann\u00e9e internationale de l&rsquo;agriculture familiale en 2014;<\/li>\n<li>de soutenir le processus du Forum des femmes rurales africaines<\/li>\n<\/ol>\n<p> <strong>6- Enfin, en ce qui concerne plus sp\u00e9cifiquement \u00e0 la p\u00eache, nous consid\u00e9rons que d&rsquo;une vision commune et une approche de la p\u00eache en Afrique aborderaient de nombreux d\u00e9fis transfronti\u00e8res et des ressources marines et d&rsquo;eau douce partag\u00e9es, en particulier ceux consult\u00e9e par les communaut\u00e9s de p\u00eache \u00e0 petite \u00e9chelle. \u00c0 cet \u00e9gard, les participants:<\/strong> <\/p>\n<ol>\n<li>notent que l&rsquo;Union africaine et le NEPAD sont actuellement occup\u00e9s \u00e0 mener un examen approfondi de la p\u00eache sur le continent de d\u00e9velopper un plan strat\u00e9gique pour la p\u00eache africaine \u00e0 la prochaine Conf\u00e9rence des ministres africains de la p\u00eache et de l&rsquo;aquaculture;<\/li>\n<li>envie de faire participer activement les organisations de p\u00eacheurs de tout le continent, dans le processus mentionn\u00e9 ci-dessus afin que leurs pr\u00e9occupations soient int\u00e9gr\u00e9es dans ses r\u00e9sultats, et \u00e0 rendre cette discussion plus significative et productive.<\/li>\n<\/ol>\n<p> La Consultation des organisations de la soci\u00e9t\u00e9 civile en Afrique (OSC): <\/p>\n<ul>\n<li>soutient pleinement la FAO et de son orientation de gestion renouvel\u00e9 sur l&rsquo;\u00e9radication de la faim en \u00e9troite collaboration avec la soci\u00e9t\u00e9 civile et d&rsquo;autres acteurs non \u00e9tatiques;<\/li>\n<li>soutenir les transformations de la FAO qui ont \u00e9t\u00e9 port\u00e9s au cours des deux derni\u00e8res ann\u00e9es, sous la direction du g\u00e9n\u00e9ral Jos\u00e9 Graziano da Silva;<\/li>\n<li>accueillir l&rsquo;occasion fournie par la FAO pour contribuer efficacement \u00e0 la Conf\u00e9rence r\u00e9gionale et de participer pleinement aux activit\u00e9s de la FAO au niveau national, r\u00e9gional et international<\/li>\n<\/ul>\n<p> Ainsi, les OSC accueil et encourager la FAO de continuer de la m\u00eame mani\u00e8re pour les ann\u00e9es \u00e0 venir.  Nous, organisations de la soci\u00e9t\u00e9 civile, sommes d\u00e9termin\u00e9s \u00e0 poursuivre notre structuration pour relever les d\u00e9fis de la professionnalisation. En outre, nous sommes pr\u00eats \u00e0 mener le plaidoyer et montre des citoyens pour atteindre nos demandes aux diff\u00e9rents acteurs responsables \u00e0 diff\u00e9rents niveaux.  <strong>Fait \u00e0 Tunis, le 22 Mars, 2014<\/strong>  <strong>Consultation avec les organisations de la soci\u00e9t\u00e9 civile africaine dans le cadre de la 28e Conf\u00e9rence r\u00e9gionale pour l&rsquo;Afrique.<\/strong><\/p>\n","protected":false},"excerpt":{"rendered":"<p>D\u00c9CLARATION DE LA SOCI\u00c9T\u00c9 CIVILE \u00c0 LA CONF\u00c9RENCE R\u00c9GIONALE DE LA FAO 28 POUR L&rsquo;AFRIQUE Nous, Organisations de la soci\u00e9t\u00e9 civile africaine compos\u00e9e des agriculteurs, des \u00e9leveurs \/ pasteurs, des p\u00eacheurs artisanaux, des consommateurs, des ONG, des mouvements des droits humains, des femmes, des jeunes, des universitaires, des artisans, des populations autochtones pauvres en milieu [&hellip;]<\/p>\n","protected":false},"author":1,"featured_media":0,"comment_status":"closed","ping_status":"open","sticky":false,"template":"","format":"standard","meta":{"_acf_changed":false,"footnotes":""},"categories":[58],"tags":[79,80],"class_list":["post-1564","post","type-post","status-publish","format-standard","hentry","category-evenements","tag-fao","tag-regional-conference"],"acf":[],"yoast_head":"<!-- This site is optimized with the Yoast SEO plugin v27.4 - https:\/\/yoast.com\/product\/yoast-seo-wordpress\/ -->\n<title>D\u00c9CLARATION DE LA SOCI\u00c9T\u00c9 CIVILE \u00c0 LA CONF\u00c9RENCE R\u00c9GIONALE DE LA FAO 28 POUR L&#039;AFRIQUE - International Planning Committee for Food Sovereignty (IPC)<\/title>\n<meta name=\"description\" content=\"We, African civil society organizations composed of farmers, herders\/pastoralists, artisanal fisherfolk, consumers, NGOs, human rights movements, women, youth, academics, artisans, indigenous people urban poor, we met in Tunis on 21 and 22 March 2014 as part of the 28th FAO Regional Conference for Africa\" \/>\n<meta name=\"robots\" content=\"index, follow, max-snippet:-1, max-image-preview:large, max-video-preview:-1\" \/>\n<link rel=\"canonical\" href=\"https:\/\/www.foodsovereignty.org\/fr\/declaration-civil-society-organizations-28th-fao-regional-conference-africa-3\/\" \/>\n<meta property=\"og:locale\" content=\"fr_FR\" \/>\n<meta property=\"og:type\" content=\"article\" \/>\n<meta property=\"og:title\" content=\"D\u00c9CLARATION DE LA SOCI\u00c9T\u00c9 CIVILE \u00c0 LA CONF\u00c9RENCE R\u00c9GIONALE DE LA FAO 28 POUR L&#039;AFRIQUE - International Planning Committee for Food Sovereignty (IPC)\" \/>\n<meta property=\"og:description\" content=\"We, African civil society organizations composed of farmers, herders\/pastoralists, artisanal fisherfolk, consumers, NGOs, human rights movements, women, youth, academics, artisans, indigenous people urban poor, we met in Tunis on 21 and 22 March 2014 as part of the 28th FAO Regional Conference for Africa\" \/>\n<meta property=\"og:url\" content=\"https:\/\/www.foodsovereignty.org\/fr\/declaration-civil-society-organizations-28th-fao-regional-conference-africa-3\/\" \/>\n<meta property=\"og:site_name\" content=\"International Planning Committee for Food Sovereignty (IPC)\" \/>\n<meta property=\"article:published_time\" content=\"2014-03-27T13:17:41+00:00\" \/>\n<meta property=\"article:modified_time\" content=\"2024-01-30T22:56:18+00:00\" \/>\n<meta name=\"author\" content=\"ipc_staging\" \/>\n<meta name=\"twitter:card\" content=\"summary_large_image\" \/>\n<meta name=\"twitter:label1\" content=\"\u00c9crit par\" \/>\n\t<meta name=\"twitter:data1\" content=\"ipc_staging\" \/>\n\t<meta name=\"twitter:label2\" content=\"Dur\u00e9e de lecture estim\u00e9e\" \/>\n\t<meta name=\"twitter:data2\" content=\"8 minutes\" \/>\n<script type=\"application\/ld+json\" class=\"yoast-schema-graph\">{\"@context\":\"https:\\\/\\\/schema.org\",\"@graph\":[{\"@type\":\"Article\",\"@id\":\"https:\\\/\\\/www.foodsovereignty.org\\\/fr\\\/declaration-civil-society-organizations-28th-fao-regional-conference-africa-3\\\/#article\",\"isPartOf\":{\"@id\":\"https:\\\/\\\/www.foodsovereignty.org\\\/fr\\\/declaration-civil-society-organizations-28th-fao-regional-conference-africa-3\\\/\"},\"author\":{\"name\":\"ipc_staging\",\"@id\":\"https:\\\/\\\/www.foodsovereignty.org\\\/fr\\\/#\\\/schema\\\/person\\\/2022da6fc0f89b23596d0a63d82b61e1\"},\"headline\":\"D\u00c9CLARATION DE LA SOCI\u00c9T\u00c9 CIVILE \u00c0 LA CONF\u00c9RENCE R\u00c9GIONALE DE LA FAO 28 POUR L&rsquo;AFRIQUE\",\"datePublished\":\"2014-03-27T13:17:41+00:00\",\"dateModified\":\"2024-01-30T22:56:18+00:00\",\"mainEntityOfPage\":{\"@id\":\"https:\\\/\\\/www.foodsovereignty.org\\\/fr\\\/declaration-civil-society-organizations-28th-fao-regional-conference-africa-3\\\/\"},\"wordCount\":1659,\"keywords\":[\"fao\",\"regional conference\"],\"articleSection\":[\"\u00c9v\u00e9nements\"],\"inLanguage\":\"fr-FR\"},{\"@type\":\"WebPage\",\"@id\":\"https:\\\/\\\/www.foodsovereignty.org\\\/fr\\\/declaration-civil-society-organizations-28th-fao-regional-conference-africa-3\\\/\",\"url\":\"https:\\\/\\\/www.foodsovereignty.org\\\/fr\\\/declaration-civil-society-organizations-28th-fao-regional-conference-africa-3\\\/\",\"name\":\"D\u00c9CLARATION DE LA SOCI\u00c9T\u00c9 CIVILE \u00c0 LA CONF\u00c9RENCE R\u00c9GIONALE DE LA FAO 28 POUR L'AFRIQUE - International Planning Committee for Food Sovereignty (IPC)\",\"isPartOf\":{\"@id\":\"https:\\\/\\\/www.foodsovereignty.org\\\/fr\\\/#website\"},\"datePublished\":\"2014-03-27T13:17:41+00:00\",\"dateModified\":\"2024-01-30T22:56:18+00:00\",\"author\":{\"@id\":\"https:\\\/\\\/www.foodsovereignty.org\\\/fr\\\/#\\\/schema\\\/person\\\/2022da6fc0f89b23596d0a63d82b61e1\"},\"description\":\"We, African civil society organizations composed of farmers, herders\\\/pastoralists, artisanal fisherfolk, consumers, NGOs, human rights movements, women, youth, academics, artisans, indigenous people urban poor, we met in Tunis on 21 and 22 March 2014 as part of the 28th FAO Regional Conference for Africa\",\"breadcrumb\":{\"@id\":\"https:\\\/\\\/www.foodsovereignty.org\\\/fr\\\/declaration-civil-society-organizations-28th-fao-regional-conference-africa-3\\\/#breadcrumb\"},\"inLanguage\":\"fr-FR\",\"potentialAction\":[{\"@type\":\"ReadAction\",\"target\":[\"https:\\\/\\\/www.foodsovereignty.org\\\/fr\\\/declaration-civil-society-organizations-28th-fao-regional-conference-africa-3\\\/\"]}]},{\"@type\":\"BreadcrumbList\",\"@id\":\"https:\\\/\\\/www.foodsovereignty.org\\\/fr\\\/declaration-civil-society-organizations-28th-fao-regional-conference-africa-3\\\/#breadcrumb\",\"itemListElement\":[{\"@type\":\"ListItem\",\"position\":1,\"name\":\"Home\",\"item\":\"https:\\\/\\\/www.foodsovereignty.org\\\/fr\\\/\"},{\"@type\":\"ListItem\",\"position\":2,\"name\":\"D\u00c9CLARATION DE LA SOCI\u00c9T\u00c9 CIVILE \u00c0 LA CONF\u00c9RENCE R\u00c9GIONALE DE LA FAO 28 POUR L&rsquo;AFRIQUE\"}]},{\"@type\":\"WebSite\",\"@id\":\"https:\\\/\\\/www.foodsovereignty.org\\\/fr\\\/#website\",\"url\":\"https:\\\/\\\/www.foodsovereignty.org\\\/fr\\\/\",\"name\":\"International Planning Committee for Food Sovereignty (IPC)\",\"description\":\"\",\"potentialAction\":[{\"@type\":\"SearchAction\",\"target\":{\"@type\":\"EntryPoint\",\"urlTemplate\":\"https:\\\/\\\/www.foodsovereignty.org\\\/fr\\\/?s={search_term_string}\"},\"query-input\":{\"@type\":\"PropertyValueSpecification\",\"valueRequired\":true,\"valueName\":\"search_term_string\"}}],\"inLanguage\":\"fr-FR\"},{\"@type\":\"Person\",\"@id\":\"https:\\\/\\\/www.foodsovereignty.org\\\/fr\\\/#\\\/schema\\\/person\\\/2022da6fc0f89b23596d0a63d82b61e1\",\"name\":\"ipc_staging\",\"image\":{\"@type\":\"ImageObject\",\"inLanguage\":\"fr-FR\",\"@id\":\"https:\\\/\\\/secure.gravatar.com\\\/avatar\\\/fce93258e0a23ad6ba66052185f81fce65925c41d889b9d1b920a76951c434af?s=96&d=mm&r=g\",\"url\":\"https:\\\/\\\/secure.gravatar.com\\\/avatar\\\/fce93258e0a23ad6ba66052185f81fce65925c41d889b9d1b920a76951c434af?s=96&d=mm&r=g\",\"contentUrl\":\"https:\\\/\\\/secure.gravatar.com\\\/avatar\\\/fce93258e0a23ad6ba66052185f81fce65925c41d889b9d1b920a76951c434af?s=96&d=mm&r=g\",\"caption\":\"ipc_staging\"},\"sameAs\":[\"http:\\\/\\\/_\"],\"url\":\"https:\\\/\\\/www.foodsovereignty.org\\\/fr\\\/author\\\/ipc_staging\\\/\"}]}<\/script>\n<!-- \/ Yoast SEO plugin. -->","yoast_head_json":{"title":"D\u00c9CLARATION DE LA SOCI\u00c9T\u00c9 CIVILE \u00c0 LA CONF\u00c9RENCE R\u00c9GIONALE DE LA FAO 28 POUR L'AFRIQUE - International Planning Committee for Food Sovereignty (IPC)","description":"We, African civil society organizations composed of farmers, herders\/pastoralists, artisanal fisherfolk, consumers, NGOs, human rights movements, women, youth, academics, artisans, indigenous people urban poor, we met in Tunis on 21 and 22 March 2014 as part of the 28th FAO Regional Conference for Africa","robots":{"index":"index","follow":"follow","max-snippet":"max-snippet:-1","max-image-preview":"max-image-preview:large","max-video-preview":"max-video-preview:-1"},"canonical":"https:\/\/www.foodsovereignty.org\/fr\/declaration-civil-society-organizations-28th-fao-regional-conference-africa-3\/","og_locale":"fr_FR","og_type":"article","og_title":"D\u00c9CLARATION DE LA SOCI\u00c9T\u00c9 CIVILE \u00c0 LA CONF\u00c9RENCE R\u00c9GIONALE DE LA FAO 28 POUR L'AFRIQUE - International Planning Committee for Food Sovereignty (IPC)","og_description":"We, African civil society organizations composed of farmers, herders\/pastoralists, artisanal fisherfolk, consumers, NGOs, human rights movements, women, youth, academics, artisans, indigenous people urban poor, we met in Tunis on 21 and 22 March 2014 as part of the 28th FAO Regional Conference for Africa","og_url":"https:\/\/www.foodsovereignty.org\/fr\/declaration-civil-society-organizations-28th-fao-regional-conference-africa-3\/","og_site_name":"International Planning Committee for Food Sovereignty (IPC)","article_published_time":"2014-03-27T13:17:41+00:00","article_modified_time":"2024-01-30T22:56:18+00:00","author":"ipc_staging","twitter_card":"summary_large_image","twitter_misc":{"\u00c9crit par":"ipc_staging","Dur\u00e9e de lecture estim\u00e9e":"8 minutes"},"schema":{"@context":"https:\/\/schema.org","@graph":[{"@type":"Article","@id":"https:\/\/www.foodsovereignty.org\/fr\/declaration-civil-society-organizations-28th-fao-regional-conference-africa-3\/#article","isPartOf":{"@id":"https:\/\/www.foodsovereignty.org\/fr\/declaration-civil-society-organizations-28th-fao-regional-conference-africa-3\/"},"author":{"name":"ipc_staging","@id":"https:\/\/www.foodsovereignty.org\/fr\/#\/schema\/person\/2022da6fc0f89b23596d0a63d82b61e1"},"headline":"D\u00c9CLARATION DE LA SOCI\u00c9T\u00c9 CIVILE \u00c0 LA CONF\u00c9RENCE R\u00c9GIONALE DE LA FAO 28 POUR L&rsquo;AFRIQUE","datePublished":"2014-03-27T13:17:41+00:00","dateModified":"2024-01-30T22:56:18+00:00","mainEntityOfPage":{"@id":"https:\/\/www.foodsovereignty.org\/fr\/declaration-civil-society-organizations-28th-fao-regional-conference-africa-3\/"},"wordCount":1659,"keywords":["fao","regional conference"],"articleSection":["\u00c9v\u00e9nements"],"inLanguage":"fr-FR"},{"@type":"WebPage","@id":"https:\/\/www.foodsovereignty.org\/fr\/declaration-civil-society-organizations-28th-fao-regional-conference-africa-3\/","url":"https:\/\/www.foodsovereignty.org\/fr\/declaration-civil-society-organizations-28th-fao-regional-conference-africa-3\/","name":"D\u00c9CLARATION DE LA SOCI\u00c9T\u00c9 CIVILE \u00c0 LA CONF\u00c9RENCE R\u00c9GIONALE DE LA FAO 28 POUR L'AFRIQUE - International Planning Committee for Food Sovereignty (IPC)","isPartOf":{"@id":"https:\/\/www.foodsovereignty.org\/fr\/#website"},"datePublished":"2014-03-27T13:17:41+00:00","dateModified":"2024-01-30T22:56:18+00:00","author":{"@id":"https:\/\/www.foodsovereignty.org\/fr\/#\/schema\/person\/2022da6fc0f89b23596d0a63d82b61e1"},"description":"We, African civil society organizations composed of farmers, herders\/pastoralists, artisanal fisherfolk, consumers, NGOs, human rights movements, women, youth, academics, artisans, indigenous people urban poor, we met in Tunis on 21 and 22 March 2014 as part of the 28th FAO Regional Conference for Africa","breadcrumb":{"@id":"https:\/\/www.foodsovereignty.org\/fr\/declaration-civil-society-organizations-28th-fao-regional-conference-africa-3\/#breadcrumb"},"inLanguage":"fr-FR","potentialAction":[{"@type":"ReadAction","target":["https:\/\/www.foodsovereignty.org\/fr\/declaration-civil-society-organizations-28th-fao-regional-conference-africa-3\/"]}]},{"@type":"BreadcrumbList","@id":"https:\/\/www.foodsovereignty.org\/fr\/declaration-civil-society-organizations-28th-fao-regional-conference-africa-3\/#breadcrumb","itemListElement":[{"@type":"ListItem","position":1,"name":"Home","item":"https:\/\/www.foodsovereignty.org\/fr\/"},{"@type":"ListItem","position":2,"name":"D\u00c9CLARATION DE LA SOCI\u00c9T\u00c9 CIVILE \u00c0 LA CONF\u00c9RENCE R\u00c9GIONALE DE LA FAO 28 POUR L&rsquo;AFRIQUE"}]},{"@type":"WebSite","@id":"https:\/\/www.foodsovereignty.org\/fr\/#website","url":"https:\/\/www.foodsovereignty.org\/fr\/","name":"International Planning Committee for Food Sovereignty (IPC)","description":"","potentialAction":[{"@type":"SearchAction","target":{"@type":"EntryPoint","urlTemplate":"https:\/\/www.foodsovereignty.org\/fr\/?s={search_term_string}"},"query-input":{"@type":"PropertyValueSpecification","valueRequired":true,"valueName":"search_term_string"}}],"inLanguage":"fr-FR"},{"@type":"Person","@id":"https:\/\/www.foodsovereignty.org\/fr\/#\/schema\/person\/2022da6fc0f89b23596d0a63d82b61e1","name":"ipc_staging","image":{"@type":"ImageObject","inLanguage":"fr-FR","@id":"https:\/\/secure.gravatar.com\/avatar\/fce93258e0a23ad6ba66052185f81fce65925c41d889b9d1b920a76951c434af?s=96&d=mm&r=g","url":"https:\/\/secure.gravatar.com\/avatar\/fce93258e0a23ad6ba66052185f81fce65925c41d889b9d1b920a76951c434af?s=96&d=mm&r=g","contentUrl":"https:\/\/secure.gravatar.com\/avatar\/fce93258e0a23ad6ba66052185f81fce65925c41d889b9d1b920a76951c434af?s=96&d=mm&r=g","caption":"ipc_staging"},"sameAs":["http:\/\/_"],"url":"https:\/\/www.foodsovereignty.org\/fr\/author\/ipc_staging\/"}]}},"_links":{"self":[{"href":"https:\/\/www.foodsovereignty.org\/fr\/wp-json\/wp\/v2\/posts\/1564","targetHints":{"allow":["GET"]}}],"collection":[{"href":"https:\/\/www.foodsovereignty.org\/fr\/wp-json\/wp\/v2\/posts"}],"about":[{"href":"https:\/\/www.foodsovereignty.org\/fr\/wp-json\/wp\/v2\/types\/post"}],"author":[{"embeddable":true,"href":"https:\/\/www.foodsovereignty.org\/fr\/wp-json\/wp\/v2\/users\/1"}],"replies":[{"embeddable":true,"href":"https:\/\/www.foodsovereignty.org\/fr\/wp-json\/wp\/v2\/comments?post=1564"}],"version-history":[{"count":1,"href":"https:\/\/www.foodsovereignty.org\/fr\/wp-json\/wp\/v2\/posts\/1564\/revisions"}],"predecessor-version":[{"id":2516,"href":"https:\/\/www.foodsovereignty.org\/fr\/wp-json\/wp\/v2\/posts\/1564\/revisions\/2516"}],"wp:attachment":[{"href":"https:\/\/www.foodsovereignty.org\/fr\/wp-json\/wp\/v2\/media?parent=1564"}],"wp:term":[{"taxonomy":"category","embeddable":true,"href":"https:\/\/www.foodsovereignty.org\/fr\/wp-json\/wp\/v2\/categories?post=1564"},{"taxonomy":"post_tag","embeddable":true,"href":"https:\/\/www.foodsovereignty.org\/fr\/wp-json\/wp\/v2\/tags?post=1564"}],"curies":[{"name":"wp","href":"https:\/\/api.w.org\/{rel}","templated":true}]}}