{"id":1570,"date":"2015-11-11T14:49:50","date_gmt":"2015-11-11T14:49:50","guid":{"rendered":"https:\/\/www.foodsovereignty.org\/fisherfolks-say-no-to-cfi\/"},"modified":"2024-01-30T22:56:35","modified_gmt":"2024-01-30T22:56:35","slug":"fisherfolks-say-no-to-cfi","status":"publish","type":"post","link":"https:\/\/www.foodsovereignty.org\/fr\/fisherfolks-say-no-to-cfi\/","title":{"rendered":"Les p\u00eacheurs disent non \u00e0 l\u2019Initiative sur la p\u00eache c\u00f4ti\u00e8re"},"content":{"rendered":"<p style=\"text-align: center;\"><strong>Communiqu\u00e9 de presse commun par le Forum mondial des peuples p\u00eacheurs (WFFP) et le Forum mondial des p\u00eacheurs et des travailleurs de la p\u00eache (WFF) <\/strong><\/p>\n<p style=\"text-align: left;\">Avec l\u2019Initiative sur la p\u00eache c\u00f4ti\u00e8re (CFI), la FAO, la Banque mondiale, Conservation International et d\u2019autres acteurs ont lanc\u00e9 un vaste programme pour r\u00e9former la politique mondiale sur la p\u00eache. 235 millions de dollars seront distribu\u00e9s sur 4 ans parmi des projets en Am\u00e9rique Latine, en Afrique et en Asie du Sud-Est. Le programme est cofinanc\u00e9 par le Fonds pour l\u2019environnement mondial (FEM) et par certains gouvernements, ONG, fondations et acteurs du secteur priv\u00e9. L\u2019Initiative aura des impacts d\u00e9vastateurs pour les p\u00eacheurs artisanaux dans les r\u00e9gions et pays cibl\u00e9s. Les acteurs derri\u00e8re l\u2019Initiative veulent d\u2019ailleurs que leurs reformes influencent la politique mondiale sur la p\u00eache. Dans cette d\u00e9claration, nous, en tant que repr\u00e9sentants de plus de 20 millions de p\u00eacheurs artisanaux, exprimons notre opposition \u00e0 l\u2019Initiative sur la p\u00eache c\u00f4ti\u00e8re, qui va \u00e0 l\u2019encontre de la mise en \u0153uvre des Directives volontaires visant \u00e0 assurer la durabilit\u00e9 de la p\u00eache artisanale, r\u00e9cemment approuv\u00e9es (<a href=\"http:\/\/www.fao.org\/3\/90672a42-20c5-4a60-bf51-ba18ef335937\/i4356f.pdf\">VGSSF<\/a>).<\/p>\n<p style=\"text-align: left;\">\u00a0<strong>Un processus descendant<\/strong><\/p>\n<p style=\"text-align: left;\">Le contenu du programme-cadre de l\u2019Initiative sur la p\u00eache c\u00f4ti\u00e8re a \u00e9t\u00e9 d\u00e9velopp\u00e9 et r\u00e9dig\u00e9 par un comit\u00e9 exclusif compos\u00e9 de repr\u00e9sentants des six organismes d\u2019ex\u00e9cution du FEM et du secr\u00e9tariat du FEM. Il est \u00e9vident dans ce programme-cadre que le contenu de l\u2019Initiative a d\u00e9j\u00e0 \u00e9t\u00e9 pr\u00e9cis\u00e9 en d\u00e9tail, et le travail restant pour la d\u00e9velopper consiste donc \u00e0 compl\u00e9ter ce processus descendant en r\u00e9digeant des plans de mise en \u0153uvre dans les six pays cibl\u00e9s. N\u00e9anmoins, le programme-cadre dit que l\u2019Initative implique de \u00ablarges consultations d\u00e8s le d\u00e9but du processus \u00bb. \u00a0Or, d\u00e8s le premier jour, l\u2019Initiative a enfreint un principe de base: l\u2019inclusion des principes des Directives volontaires visant \u00e0 assurer la durabilit\u00e9 de la p\u00eache artisanale, qui souligne l\u2019obligation d\u2019impliquer les communaut\u00e9s de p\u00eache artisanale dans les processus d\u00e9cisionnels. En revanche, tout au long de leur processus de \u00abconsultation\u00bb (des questionnaires et des ateliers), nous avons \u00e9t\u00e9 r\u00e9duits au niveau des autres acteurs, tels que les repr\u00e9sentants du secteur priv\u00e9, des universit\u00e9s, \u2026, bien que c\u2019est nous qui repr\u00e9sentons les personnes qui seront le plus touch\u00e9es par l\u2019Initiative. Par ailleurs, ce processus est loin d\u2019\u00eatre le \u00abprocessus de d\u00e9veloppement participatif et ascendant\u00bb d\u00e9crit par le Directeur g\u00e9n\u00e9ral de la FAO, \u00e0 diff\u00e9rence du processus de d\u00e9veloppement des Directives volontaires sur la p\u00eache artisanale, dans lequel nous repr\u00e9sentions les d\u00e9tenteurs de droits, c\u2019est-\u00e0-dire les personnes sur le terrain, \u00e9tant formellement reconnus comme parti dans les n\u00e9gociations. Nous tenons d\u2019ailleurs \u00e0 rappeler au FEM et aux six organismes d\u2019ex\u00e9cution, y compris la FAO, du sort du Partenariat mondial pour les oc\u00e9ans lanc\u00e9 par la Banque mondiale, que nous avons durement critiqu\u00e9 dans notre \u00ab<a href=\"http:\/\/worldfishers.org\/wp-content\/uploads\/2015\/11\/FR_Appel_aux_Gouvernements_GPO_200313.pdf\">Appel aux gouvernements<\/a>\u00bb pour son manquement \u00e0 la vraie inclusion des repr\u00e9sentants des d\u00e9tenteurs de droits. L\u2019accaparement des mers Cette absence de vraie inclusion est \u00e9vidente dans le contenu de l\u2019Initiative sur la p\u00eache c\u00f4ti\u00e8re. Bien que le document souligne \u00e0 plusieurs reprises que l\u2019Initiative permettra d\u2019atteindre des objectifs environnementaux, sociaux et \u00e9conomiques ainsi que d\u2019assurer le bien-\u00eatre humain, il devient clair que le contenu concret des programmes pour les pays cibl\u00e9s porte le focus sur la mise en \u0153uvre de la P\u00eache bas\u00e9e sur les droits d\u2019acc\u00e8s. Comme nous documentons dans le susmentionn\u00e9 Appel aux gouvernements et comme l\u2019a \u00e9t\u00e9 largement document\u00e9 dans la publication \u00ab<a href=\"%20http:\/\/worldfishers.org\/wp-content\/uploads\/2014\/08\/The_Global_Ocean_Grab-FR.pdf \">L\u2019accaparement mondial des mers<\/a>\u00bb, l\u2019introduction de la P\u00eache bas\u00e9e sur les droits d\u2019acc\u00e8s nuit gravement aux communaut\u00e9s c\u00f4ti\u00e8res, puisque le processus de privatisation a conf\u00e9r\u00e9 des avantages \u00e0 une petite \u00e9lite, tout en d\u00e9poss\u00e9dant la majorit\u00e9. En utilisant un langage \u00abstrat\u00e9giquement b\u00e9nin\u00bb l\u2019Initiative imite la tactique de certaines autres initiatives globales selon laquelle, comme explique l\u2019\u00e9quipe de r\u00e9daction du texte<\/p>\n<p style=\"text-align: left;\"><strong>L\u2019accaparement mondial des mers<\/strong><\/p>\n<p style=\"text-align: left;\">Certaines institutions cl\u00e9s qui ouvrent la voie \u00e0 l\u2019accaparement des mers ont adopt\u00e9 un langage qui se voudrait proche de celui des droits de l\u2019homme et affirment que leurs initiatives de r\u00e9forme politique sont ancr\u00e9es dans la n\u00e9cessit\u00e9 de la s\u00e9curit\u00e9 alimentaire pour tous et l\u2019\u00e9radication de la pauvret\u00e9. Cependant, beaucoup d\u2019exemples \u00e0 travers le monde montrent que le principe fondamental guidant les processus de r\u00e9forme est une croyance aveugle dans les solutions reposant sur le march\u00e9, qui s\u2019opposent directement aux souhaits et aux demandes des organisations repr\u00e9sentant la soci\u00e9t\u00e9 civile\u00bb.\u00a0L\u2019Initiative sur la p\u00eache c\u00f4ti\u00e8re d\u00e9montre une croyance aveugle dans la P\u00eache bas\u00e9e sur les droits d\u2019acc\u00e8s, qui vise \u00e0 privatiser les ressources marines comme solution universelle \u00e0 tous les probl\u00e8mes environnementaux et \u00e0 la pauvret\u00e9. Cependant, comme expliqu\u00e9 en mars 2015 dans le magazine \u00abDevelopment Today\u00bb, en vue de la terminaison du Partenariat mondial pour les oc\u00e9ans, on commence \u00e0 remettre en question cette approche:<\/p>\n<p style=\"text-align: left;\">\u00abMalgr\u00e9 de nombreux \u00e9changes entre la Banque mondiale et la Norv\u00e8ge, qui ont port\u00e9 \u00e0 certains changements, l\u2019organisme d\u2019aide Norad et l\u2019Institut norv\u00e9gienne de recherche marine se sont prononc\u00e9es contre le projet.\u00bb<\/p>\n<p style=\"text-align: left;\">\u00abAuparavant, le Forum mondial des peuples p\u00eacheurs \u2026 a fait appel aux gouvernements pour abandonner le Partenariat mondial pour les oc\u00e9ans.\u00bb<\/p>\n<p style=\"text-align: left;\">\u00ab<a href=\"http:\/\/worldfishers.org\/wp-content\/uploads\/2015\/11\/Development-Today-_-World-Bank-winds-up-fisheries-initiative.pdf\">L\u2019opinion de Norad<\/a> \u00e9tait que le Partenariat mondial pour les oc\u00e9ans ne contribuerait pas \u00e0 la r\u00e9duction de la pauvret\u00e9.\u00bb<\/p>\n<p style=\"text-align: left;\">L\u2019introduction de la P\u00eache bas\u00e9e sur les droits d\u2019acc\u00e8s dans les pays cibl\u00e9s et ailleurs irait \u00e0 l\u2019encontre du contenu progressif des Directives volontaires visant \u00e0 assurer la durabilit\u00e9 de la p\u00eache artisanale, qui soulignent le besoin de l\u2019Approche bas\u00e9e sur les droits de l\u2019homme comme outil cl\u00e9 dans la lutte contre la pauvret\u00e9. A cet \u00e9gard nous contestons l\u2019affirmation de l\u2019Initiative sur la p\u00eache c\u00f4ti\u00e8re de vouloir mettre en \u0153uvre les Directives, vu que les politiques qui seront introduites privil\u00e9gient clairement les int\u00e9r\u00eats du secteur priv\u00e9 et\/ou des int\u00e9r\u00eats environnementaux limit\u00e9s, ainsi contredisant les Directives. Dans ces circonstances, nous avons refus\u00e9 une invitation \u00e0 devenir membre du comit\u00e9 de pilotage de l\u2019Initiative sur la p\u00eache c\u00f4ti\u00e8re. Accepter l\u2019invitation alors que le contenu de l\u2019Initiative est d\u00e9j\u00e0 d\u00e9fini \u00e9quivaudrait \u00e0 l\u00e9gitimer la politique de la P\u00eache bas\u00e9e sur les droits d\u2019acc\u00e8s, une politique contre laquelle nous luttons depuis des ann\u00e9es, et ce constituerait un coup grave aux Directives visant \u00e0 assurer la durabilit\u00e9 de la p\u00eache artisanale, dont nous continuons \u00e0 lutter pour la mise en \u0153uvre.<\/p>\n","protected":false},"excerpt":{"rendered":"<p>Communiqu\u00e9 de presse commun par le Forum mondial des peuples p\u00eacheurs (WFFP) et le Forum mondial des p\u00eacheurs et des travailleurs de la p\u00eache (WFF) Avec l\u2019Initiative sur la p\u00eache c\u00f4ti\u00e8re (CFI), la FAO, la Banque mondiale, Conservation International et d\u2019autres acteurs ont lanc\u00e9 un vaste programme pour r\u00e9former la politique mondiale sur la p\u00eache. [&hellip;]<\/p>\n","protected":false},"author":1,"featured_media":0,"comment_status":"closed","ping_status":"open","sticky":false,"template":"","format":"standard","meta":{"_acf_changed":false,"footnotes":""},"categories":[57],"tags":[],"class_list":["post-1570","post","type-post","status-publish","format-standard","hentry","category-nouvelles"],"acf":[],"yoast_head":"<!-- This site is optimized with the Yoast SEO plugin v27.4 - https:\/\/yoast.com\/product\/yoast-seo-wordpress\/ -->\n<title>Les p\u00eacheurs disent non \u00e0 l\u2019Initiative sur la p\u00eache c\u00f4ti\u00e8re - International Planning Committee for Food Sovereignty (IPC)<\/title>\n<meta name=\"robots\" content=\"index, follow, max-snippet:-1, max-image-preview:large, max-video-preview:-1\" \/>\n<link rel=\"canonical\" href=\"https:\/\/www.foodsovereignty.org\/fr\/fisherfolks-say-no-to-cfi\/\" \/>\n<meta property=\"og:locale\" content=\"fr_FR\" \/>\n<meta property=\"og:type\" content=\"article\" \/>\n<meta property=\"og:title\" content=\"Les p\u00eacheurs disent non \u00e0 l\u2019Initiative sur la p\u00eache c\u00f4ti\u00e8re - International Planning Committee for Food Sovereignty (IPC)\" \/>\n<meta property=\"og:description\" content=\"Communiqu\u00e9 de presse commun par le Forum mondial des peuples p\u00eacheurs (WFFP) et le Forum mondial des p\u00eacheurs et des travailleurs de la p\u00eache (WFF) Avec l\u2019Initiative sur la p\u00eache c\u00f4ti\u00e8re (CFI), la FAO, la Banque mondiale, Conservation International et d\u2019autres acteurs ont lanc\u00e9 un vaste programme pour r\u00e9former la politique mondiale sur la p\u00eache. [&hellip;]\" \/>\n<meta property=\"og:url\" content=\"https:\/\/www.foodsovereignty.org\/fr\/fisherfolks-say-no-to-cfi\/\" \/>\n<meta property=\"og:site_name\" content=\"International Planning Committee for Food Sovereignty (IPC)\" \/>\n<meta property=\"article:published_time\" content=\"2015-11-11T14:49:50+00:00\" \/>\n<meta property=\"article:modified_time\" content=\"2024-01-30T22:56:35+00:00\" \/>\n<meta name=\"author\" content=\"ipc_staging\" \/>\n<meta name=\"twitter:card\" content=\"summary_large_image\" \/>\n<meta name=\"twitter:label1\" content=\"\u00c9crit par\" \/>\n\t<meta name=\"twitter:data1\" content=\"ipc_staging\" \/>\n\t<meta name=\"twitter:label2\" content=\"Dur\u00e9e de lecture estim\u00e9e\" \/>\n\t<meta name=\"twitter:data2\" content=\"6 minutes\" \/>\n<script type=\"application\/ld+json\" class=\"yoast-schema-graph\">{\"@context\":\"https:\\\/\\\/schema.org\",\"@graph\":[{\"@type\":\"Article\",\"@id\":\"https:\\\/\\\/www.foodsovereignty.org\\\/fr\\\/fisherfolks-say-no-to-cfi\\\/#article\",\"isPartOf\":{\"@id\":\"https:\\\/\\\/www.foodsovereignty.org\\\/fr\\\/fisherfolks-say-no-to-cfi\\\/\"},\"author\":{\"name\":\"ipc_staging\",\"@id\":\"https:\\\/\\\/www.foodsovereignty.org\\\/fr\\\/#\\\/schema\\\/person\\\/2022da6fc0f89b23596d0a63d82b61e1\"},\"headline\":\"Les p\u00eacheurs disent non \u00e0 l\u2019Initiative sur la p\u00eache c\u00f4ti\u00e8re\",\"datePublished\":\"2015-11-11T14:49:50+00:00\",\"dateModified\":\"2024-01-30T22:56:35+00:00\",\"mainEntityOfPage\":{\"@id\":\"https:\\\/\\\/www.foodsovereignty.org\\\/fr\\\/fisherfolks-say-no-to-cfi\\\/\"},\"wordCount\":1213,\"articleSection\":[\"Nouvelles\"],\"inLanguage\":\"fr-FR\"},{\"@type\":\"WebPage\",\"@id\":\"https:\\\/\\\/www.foodsovereignty.org\\\/fr\\\/fisherfolks-say-no-to-cfi\\\/\",\"url\":\"https:\\\/\\\/www.foodsovereignty.org\\\/fr\\\/fisherfolks-say-no-to-cfi\\\/\",\"name\":\"Les p\u00eacheurs disent non \u00e0 l\u2019Initiative sur la p\u00eache c\u00f4ti\u00e8re - International Planning Committee for Food Sovereignty (IPC)\",\"isPartOf\":{\"@id\":\"https:\\\/\\\/www.foodsovereignty.org\\\/fr\\\/#website\"},\"datePublished\":\"2015-11-11T14:49:50+00:00\",\"dateModified\":\"2024-01-30T22:56:35+00:00\",\"author\":{\"@id\":\"https:\\\/\\\/www.foodsovereignty.org\\\/fr\\\/#\\\/schema\\\/person\\\/2022da6fc0f89b23596d0a63d82b61e1\"},\"breadcrumb\":{\"@id\":\"https:\\\/\\\/www.foodsovereignty.org\\\/fr\\\/fisherfolks-say-no-to-cfi\\\/#breadcrumb\"},\"inLanguage\":\"fr-FR\",\"potentialAction\":[{\"@type\":\"ReadAction\",\"target\":[\"https:\\\/\\\/www.foodsovereignty.org\\\/fr\\\/fisherfolks-say-no-to-cfi\\\/\"]}]},{\"@type\":\"BreadcrumbList\",\"@id\":\"https:\\\/\\\/www.foodsovereignty.org\\\/fr\\\/fisherfolks-say-no-to-cfi\\\/#breadcrumb\",\"itemListElement\":[{\"@type\":\"ListItem\",\"position\":1,\"name\":\"Home\",\"item\":\"https:\\\/\\\/www.foodsovereignty.org\\\/fr\\\/\"},{\"@type\":\"ListItem\",\"position\":2,\"name\":\"Les p\u00eacheurs disent non \u00e0 l\u2019Initiative sur la p\u00eache c\u00f4ti\u00e8re\"}]},{\"@type\":\"WebSite\",\"@id\":\"https:\\\/\\\/www.foodsovereignty.org\\\/fr\\\/#website\",\"url\":\"https:\\\/\\\/www.foodsovereignty.org\\\/fr\\\/\",\"name\":\"International Planning Committee for Food Sovereignty (IPC)\",\"description\":\"\",\"potentialAction\":[{\"@type\":\"SearchAction\",\"target\":{\"@type\":\"EntryPoint\",\"urlTemplate\":\"https:\\\/\\\/www.foodsovereignty.org\\\/fr\\\/?s={search_term_string}\"},\"query-input\":{\"@type\":\"PropertyValueSpecification\",\"valueRequired\":true,\"valueName\":\"search_term_string\"}}],\"inLanguage\":\"fr-FR\"},{\"@type\":\"Person\",\"@id\":\"https:\\\/\\\/www.foodsovereignty.org\\\/fr\\\/#\\\/schema\\\/person\\\/2022da6fc0f89b23596d0a63d82b61e1\",\"name\":\"ipc_staging\",\"image\":{\"@type\":\"ImageObject\",\"inLanguage\":\"fr-FR\",\"@id\":\"https:\\\/\\\/secure.gravatar.com\\\/avatar\\\/fce93258e0a23ad6ba66052185f81fce65925c41d889b9d1b920a76951c434af?s=96&d=mm&r=g\",\"url\":\"https:\\\/\\\/secure.gravatar.com\\\/avatar\\\/fce93258e0a23ad6ba66052185f81fce65925c41d889b9d1b920a76951c434af?s=96&d=mm&r=g\",\"contentUrl\":\"https:\\\/\\\/secure.gravatar.com\\\/avatar\\\/fce93258e0a23ad6ba66052185f81fce65925c41d889b9d1b920a76951c434af?s=96&d=mm&r=g\",\"caption\":\"ipc_staging\"},\"sameAs\":[\"http:\\\/\\\/_\"],\"url\":\"https:\\\/\\\/www.foodsovereignty.org\\\/fr\\\/author\\\/ipc_staging\\\/\"}]}<\/script>\n<!-- \/ Yoast SEO plugin. -->","yoast_head_json":{"title":"Les p\u00eacheurs disent non \u00e0 l\u2019Initiative sur la p\u00eache c\u00f4ti\u00e8re - International Planning Committee for Food Sovereignty (IPC)","robots":{"index":"index","follow":"follow","max-snippet":"max-snippet:-1","max-image-preview":"max-image-preview:large","max-video-preview":"max-video-preview:-1"},"canonical":"https:\/\/www.foodsovereignty.org\/fr\/fisherfolks-say-no-to-cfi\/","og_locale":"fr_FR","og_type":"article","og_title":"Les p\u00eacheurs disent non \u00e0 l\u2019Initiative sur la p\u00eache c\u00f4ti\u00e8re - International Planning Committee for Food Sovereignty (IPC)","og_description":"Communiqu\u00e9 de presse commun par le Forum mondial des peuples p\u00eacheurs (WFFP) et le Forum mondial des p\u00eacheurs et des travailleurs de la p\u00eache (WFF) Avec l\u2019Initiative sur la p\u00eache c\u00f4ti\u00e8re (CFI), la FAO, la Banque mondiale, Conservation International et d\u2019autres acteurs ont lanc\u00e9 un vaste programme pour r\u00e9former la politique mondiale sur la p\u00eache. [&hellip;]","og_url":"https:\/\/www.foodsovereignty.org\/fr\/fisherfolks-say-no-to-cfi\/","og_site_name":"International Planning Committee for Food Sovereignty (IPC)","article_published_time":"2015-11-11T14:49:50+00:00","article_modified_time":"2024-01-30T22:56:35+00:00","author":"ipc_staging","twitter_card":"summary_large_image","twitter_misc":{"\u00c9crit par":"ipc_staging","Dur\u00e9e de lecture estim\u00e9e":"6 minutes"},"schema":{"@context":"https:\/\/schema.org","@graph":[{"@type":"Article","@id":"https:\/\/www.foodsovereignty.org\/fr\/fisherfolks-say-no-to-cfi\/#article","isPartOf":{"@id":"https:\/\/www.foodsovereignty.org\/fr\/fisherfolks-say-no-to-cfi\/"},"author":{"name":"ipc_staging","@id":"https:\/\/www.foodsovereignty.org\/fr\/#\/schema\/person\/2022da6fc0f89b23596d0a63d82b61e1"},"headline":"Les p\u00eacheurs disent non \u00e0 l\u2019Initiative sur la p\u00eache c\u00f4ti\u00e8re","datePublished":"2015-11-11T14:49:50+00:00","dateModified":"2024-01-30T22:56:35+00:00","mainEntityOfPage":{"@id":"https:\/\/www.foodsovereignty.org\/fr\/fisherfolks-say-no-to-cfi\/"},"wordCount":1213,"articleSection":["Nouvelles"],"inLanguage":"fr-FR"},{"@type":"WebPage","@id":"https:\/\/www.foodsovereignty.org\/fr\/fisherfolks-say-no-to-cfi\/","url":"https:\/\/www.foodsovereignty.org\/fr\/fisherfolks-say-no-to-cfi\/","name":"Les p\u00eacheurs disent non \u00e0 l\u2019Initiative sur la p\u00eache c\u00f4ti\u00e8re - International Planning Committee for Food Sovereignty (IPC)","isPartOf":{"@id":"https:\/\/www.foodsovereignty.org\/fr\/#website"},"datePublished":"2015-11-11T14:49:50+00:00","dateModified":"2024-01-30T22:56:35+00:00","author":{"@id":"https:\/\/www.foodsovereignty.org\/fr\/#\/schema\/person\/2022da6fc0f89b23596d0a63d82b61e1"},"breadcrumb":{"@id":"https:\/\/www.foodsovereignty.org\/fr\/fisherfolks-say-no-to-cfi\/#breadcrumb"},"inLanguage":"fr-FR","potentialAction":[{"@type":"ReadAction","target":["https:\/\/www.foodsovereignty.org\/fr\/fisherfolks-say-no-to-cfi\/"]}]},{"@type":"BreadcrumbList","@id":"https:\/\/www.foodsovereignty.org\/fr\/fisherfolks-say-no-to-cfi\/#breadcrumb","itemListElement":[{"@type":"ListItem","position":1,"name":"Home","item":"https:\/\/www.foodsovereignty.org\/fr\/"},{"@type":"ListItem","position":2,"name":"Les p\u00eacheurs disent non \u00e0 l\u2019Initiative sur la p\u00eache c\u00f4ti\u00e8re"}]},{"@type":"WebSite","@id":"https:\/\/www.foodsovereignty.org\/fr\/#website","url":"https:\/\/www.foodsovereignty.org\/fr\/","name":"International Planning Committee for Food Sovereignty (IPC)","description":"","potentialAction":[{"@type":"SearchAction","target":{"@type":"EntryPoint","urlTemplate":"https:\/\/www.foodsovereignty.org\/fr\/?s={search_term_string}"},"query-input":{"@type":"PropertyValueSpecification","valueRequired":true,"valueName":"search_term_string"}}],"inLanguage":"fr-FR"},{"@type":"Person","@id":"https:\/\/www.foodsovereignty.org\/fr\/#\/schema\/person\/2022da6fc0f89b23596d0a63d82b61e1","name":"ipc_staging","image":{"@type":"ImageObject","inLanguage":"fr-FR","@id":"https:\/\/secure.gravatar.com\/avatar\/fce93258e0a23ad6ba66052185f81fce65925c41d889b9d1b920a76951c434af?s=96&d=mm&r=g","url":"https:\/\/secure.gravatar.com\/avatar\/fce93258e0a23ad6ba66052185f81fce65925c41d889b9d1b920a76951c434af?s=96&d=mm&r=g","contentUrl":"https:\/\/secure.gravatar.com\/avatar\/fce93258e0a23ad6ba66052185f81fce65925c41d889b9d1b920a76951c434af?s=96&d=mm&r=g","caption":"ipc_staging"},"sameAs":["http:\/\/_"],"url":"https:\/\/www.foodsovereignty.org\/fr\/author\/ipc_staging\/"}]}},"_links":{"self":[{"href":"https:\/\/www.foodsovereignty.org\/fr\/wp-json\/wp\/v2\/posts\/1570","targetHints":{"allow":["GET"]}}],"collection":[{"href":"https:\/\/www.foodsovereignty.org\/fr\/wp-json\/wp\/v2\/posts"}],"about":[{"href":"https:\/\/www.foodsovereignty.org\/fr\/wp-json\/wp\/v2\/types\/post"}],"author":[{"embeddable":true,"href":"https:\/\/www.foodsovereignty.org\/fr\/wp-json\/wp\/v2\/users\/1"}],"replies":[{"embeddable":true,"href":"https:\/\/www.foodsovereignty.org\/fr\/wp-json\/wp\/v2\/comments?post=1570"}],"version-history":[{"count":1,"href":"https:\/\/www.foodsovereignty.org\/fr\/wp-json\/wp\/v2\/posts\/1570\/revisions"}],"predecessor-version":[{"id":2522,"href":"https:\/\/www.foodsovereignty.org\/fr\/wp-json\/wp\/v2\/posts\/1570\/revisions\/2522"}],"wp:attachment":[{"href":"https:\/\/www.foodsovereignty.org\/fr\/wp-json\/wp\/v2\/media?parent=1570"}],"wp:term":[{"taxonomy":"category","embeddable":true,"href":"https:\/\/www.foodsovereignty.org\/fr\/wp-json\/wp\/v2\/categories?post=1570"},{"taxonomy":"post_tag","embeddable":true,"href":"https:\/\/www.foodsovereignty.org\/fr\/wp-json\/wp\/v2\/tags?post=1570"}],"curies":[{"name":"wp","href":"https:\/\/api.w.org\/{rel}","templated":true}]}}