{"id":1572,"date":"2016-03-03T14:37:49","date_gmt":"2016-03-03T14:37:49","guid":{"rendered":"https:\/\/www.foodsovereignty.org\/v-consulta-regional-de-los-pueblos-movimientos-sociales-y-organizaciones-de-la-sociedad-civil-por-la-soberania-alimentaria-y-la-justicia-social-hacia-la-34-conferencia-regional-de-la-fao-para-2\/"},"modified":"2024-01-30T22:56:40","modified_gmt":"2024-01-30T22:56:40","slug":"v-consulta-regional-de-los-pueblos-movimientos-sociales-y-organizaciones-de-la-sociedad-civil-por-la-soberania-alimentaria-y-la-justicia-social-hacia-la-34-conferencia-regional-de-la-fao-para-2","status":"publish","type":"post","link":"https:\/\/www.foodsovereignty.org\/fr\/v-consulta-regional-de-los-pueblos-movimientos-sociales-y-organizaciones-de-la-sociedad-civil-por-la-soberania-alimentaria-y-la-justicia-social-hacia-la-34-conferencia-regional-de-la-fao-para-2\/","title":{"rendered":"Ve Consultation r\u00e9gionale des peuples, mouvements sociaux et organisations  de la soci\u00e9t\u00e9 civile pour la souverainet\u00e9 alimentaire et la justice sociale  en amont de la 34e Conf\u00e9rence r\u00e9gionale de la FAO pour l\u2019Am\u00e9rique latine et les Cara\u00efbes"},"content":{"rendered":"<p><em>\u00ab\u00a0L\u2019unit\u00e9 et l\u2019organisation autour du principe politique de la Souverainet\u00e9 alimentaire sont aujourd\u2019hui plus n\u00e9cessaires que jamais, \u00e0 l\u2019\u00e9chelon continental et mondial\u00a0\u00bb<\/em>  &nbsp;  Nous, femmes et hommes repr\u00e9sentant 20 pays et 14 r\u00e9seaux articul\u00e9s sous la forme de plates-formes sociales, r\u00e9gionales et sous-r\u00e9gionales, compos\u00e9es de <em>productrices et producteurs d\u2019aliments, habitant les campagnes, les c\u00f4tes, les sierras, les \u00eeles, les steppes, les p\u00e2turages et les montagnes d\u2019Am\u00e9rique latine et des Cara\u00efbes, <\/em>r\u00e9unis lors de cette consultation tenue en amont de la 34<sup>e<\/sup> Conf\u00e9rence r\u00e9gionale de la FAO, qui aura lieu \u00e0 Mexico du 29 f\u00e9vrier au 3 mars prochains\u00a0:  &nbsp;  Exprimons notre solidarit\u00e9 envers le peuple mexicain et les luttes des mouvements paysans, envers les familles des disparus de l\u2019\u00e9cole normale rurale d\u2019Ayotzinapa, ainsi qu\u2019envers celles et ceux ayant \u00e9t\u00e9 priv\u00e9s de leur libert\u00e9 pour avoir lutt\u00e9 pour les territoires, les biens naturels et la Souverainet\u00e9 alimentaire. Nous nous opposons aux pratiques d\u2019\u00e9radication des familles paysannes et autochtones de la r\u00e9gion, comme cela a \u00e9t\u00e9 r\u00e9cemment le cas dans la province argentine de Mendoza, avec l\u2019expulsion de petits agriculteurs.  Nous nous f\u00e9licitons des avanc\u00e9es accomplies par certains gouvernements dans le cadre d\u2019actions positives en faveur de la Souverainet\u00e9 alimentaire qu\u2019ils ont int\u00e9gr\u00e9es dans des politiques publiques dans leurs pays respectifs et exprimons notre reconnaissance pour l\u2019espace qui nous a \u00e9t\u00e9 offert, en esp\u00e9rant que les Etats-membres pr\u00e9sents tiennent compte de la pr\u00e9sente d\u00e9claration afin de d\u00e9finir les priorit\u00e9s de la FAO pour les deux prochaines ann\u00e9es.  Dans la lign\u00e9e du processus engag\u00e9 lors des pr\u00e9c\u00e9dentes consultations des plates-formes et mouvements sociaux avant les conf\u00e9rences r\u00e9gionales de la FAO, nous r\u00e9affirmons notre engagement dans la lutte pour poursuivre le d\u00e9veloppement de la production \u00e0 petite \u00e9chelle d\u2019aliments sains et adapt\u00e9s d\u2019un point de vue culturel, afin de contribuer \u00e0 \u00e9radiquer la faim et la pauvret\u00e9 dans le cadre des Objectifs de d\u00e9veloppement durable du Programme de d\u00e9veloppement durable \u00e0 l\u2019horizon 2030, et ce, en tenant compte des Trait\u00e9s et accords r\u00e9gionaux et internationaux<a href=\"#_ftn1\" name=\"_ftnref1\">[1]<\/a>. Cet espace constitue un point de rencontre et d\u2019action des Peuples autochtones, de l\u2019Agriculture paysanne, des Travailleurs ruraux et pastoraux, hommes et femmes, des d\u00e9fenseurs de l\u2019environnement, des artisans-p\u00eacheurs, en m\u00eame temps que s\u2019ouvre un espace de dialogue et de rencontre avec les populations urbaines, les travailleurs et leurs peuples, d\u2019une mani\u00e8re g\u00e9n\u00e9rale.  &nbsp;  Dans un m\u00eame temps, notre exp\u00e9rience en tant qu\u2019organisations et r\u00e9seaux d\u2019envergure continentale, articul\u00e9s dans le cadre de l\u2019Alliance pour la Souverainet\u00e9 alimentaire ainsi que d\u2019autres plates-formes, r\u00e9affirme qu\u2019aucune politique publique ne peut \u00eatre inclusive et qu\u2019aucune action en direction des Objectifs de d\u00e9veloppement durable ne peut \u00eatre efficace si le principe de Souverainet\u00e9 alimentaire ne se positionne pas \u00e0 travers l\u2019agro\u00e9cologie, dans le cadre de sa construction. Cette nouvelle consultation pr\u00e9alable \u00e0 la 34<sup>e<\/sup> Conf\u00e9rence r\u00e9gionale de la FAO vient confirmer tout ceci. Nous ne renoncerons ni \u00e0 nos principes, ni \u00e0 nos droits, autour desquels nous convergeons depuis nos propres identit\u00e9s\u00a0; sur la base de ce m\u00eame principe, nous d\u00e9non\u00e7ons les fausses solutions propos\u00e9es pour combattre la faim et la pauvret\u00e9 rurale, \u00e0 savoir les march\u00e9s de carbone, l\u2019\u00e9conomie verte, les biotechnologies et \u00ab\u00a0l\u2019agriculture intelligente face au climat\u00a0\u00bb.  &nbsp;  Par cons\u00e9quent, nous remettons en question les propositions qui exacerbent la d\u00e9pendance de la production d\u2019aliments vis-\u00e0-vis du capitalisme, en exploitant les populations, les travailleurs, hommes et femmes, et les \u00e9cosyst\u00e8mes par le biais de politiques et de strat\u00e9gies bas\u00e9es sur la marchandisation et la recherche du profit, par opposition au droit \u00e0 l\u2019alimentation et \u00e0 la Souverainet\u00e9 alimentaire en tant que droit humain fondamental contribuant \u00e0 l\u2019autonomie, \u00e0 la paix et \u00e0 la nutrition adapt\u00e9e et libre de tout OGM, pour la vie dans la dignit\u00e9 des populations rurales et urbaines.  &nbsp;  L\u2019accord de Paris ne repr\u00e9sente pas, selon nous, un jalon dans la lutte contre le changement climatique. Cet accord ne rev\u00eat aucune nature obligatoire, n\u2019aborde que l\u2019adaptation et ne combat pas les causes r\u00e9elles qui accroissent le changement climatique. Bien qu\u2019il soit pr\u00e9sent\u00e9 comme un succ\u00e8s, il constitue, en r\u00e9alit\u00e9, un recul, \u00e9tant donn\u00e9 qu\u2019il n\u2019a plus le caract\u00e8re contraignant qui \u00e9manait du Protocole de Kyoto, lequel appelait les pays les plus pollueurs \u00e0 r\u00e9duire leurs \u00e9missions\u00a0; il a \u00e9t\u00e9 substitu\u00e9 par un syst\u00e8me de compensation, bas\u00e9 sur les march\u00e9s de carbone, lui-m\u00eame li\u00e9 aux monocultures et aux plantations foresti\u00e8res.  &nbsp;  Ces m\u00e9canismes constituent de fausses solutions au changement climatique. Pour cette raison, nous nous opposons \u00e0 l\u2019introduction du concept d\u2019agriculture intelligente face au climat, \u00e0 la d\u00e9finition des for\u00eats que propose la FAO ainsi qu\u2019\u00e0 son programme ONU-REDD, pr\u00e9sent\u00e9 comme une solution au probl\u00e8me du changement climatique. Aujourd\u2019hui, le syst\u00e8me agroalimentaire \u00e0 grande \u00e9chelle est \u00e0 l\u2019origine d\u2019entre 41 et 54\u00a0% des gaz \u00e0 effet de serre.  &nbsp;  <u>Ainsi, nous proposons que\u00a0: <\/u>  &nbsp;  Soit reconnu le r\u00f4le de la p\u00eache artisanale et de l\u2019aquaculture dans la consommation de produits hydrobiologiques pour garantir la s\u00e9curit\u00e9 et la souverainet\u00e9 alimentaires dans les communaut\u00e9s du monde. Les Etats doivent promouvoir des politiques publiques encourageant la pr\u00e9servation et la gestion d\u2019une p\u00eache responsable et durable, y compris la consommation de nos ressources pour la nutrition, en fournissant les financements et les infrastructures, en garantissant l\u2019acc\u00e8s aux march\u00e9s, \u00e0 la s\u00e9curit\u00e9 sociale et aux incitations pour am\u00e9liorer le d\u00e9veloppement de la production, et en assurant la participation du secteur mondial de la p\u00eache, \u00e9tant donn\u00e9 qu\u2019il constitue un compl\u00e9ment important dans la culture familiale.  &nbsp;  Nous demandons aux gouvernements et aux organismes internationaux tels que la FAO et le FIDA qu\u2019ils reconnaissent, renforcent et accompagnent les Comit\u00e9s nationaux ayant pris part aux actions men\u00e9es, en 2014, lors de l\u2019Ann\u00e9e internationale de l\u2019agriculture familiale, en leur qualit\u00e9 d\u2019espaces nationaux de dialogue et de concertation r\u00e9unissant les familles d\u2019agriculteurs, les paysans, les peuples autochtones, les artisans-p\u00eacheurs, les pasteurs et les gouvernements, notamment au regard de l\u2019engagement mondial que constitue l\u2019Ann\u00e9e internationale de l\u2019agriculture familiale +10 (AIAF+10).  &nbsp;  Concernant les d\u00e9fis en lien avec la mise en \u0153uvre des Objectif de d\u00e9veloppement durable, nous d\u00e9clarons que les impacts des industries extractives s\u2019av\u00e8rent n\u00e9gatifs pour les peuples autochtones, une situation qui s\u2019est exacerb\u00e9e lors des derni\u00e8res d\u00e9cennies. Les entreprises sont tout aussi tenues et responsables de prot\u00e9ger les droits des peuples et de respecter nos droits fondamentaux, tels que le Consentement libre, pr\u00e9alable et inform\u00e9\u00a0; ce dernier constitue un cadre sans pr\u00e9c\u00e9dent, en faveur des femmes, des jeunes et des adultes, pour lutter contre ces impacts n\u00e9gatifs dont souffrent davantage les femmes et qui sont le fruit de l\u2019extractivisme et du pillage des ressources naturelles sur les territoires ancestraux affect\u00e9s\u00a0; de plus, il est n\u00e9cessaire de mettre fin \u00e0 la militarisation et aux d\u00e9placements forc\u00e9s<a href=\"#_ftn2\" name=\"_ftnref2\">[2]<\/a>.  &nbsp;  S\u2019agissant de l\u2019\u00e9ducation, nous proposons, et exigeons, que les investissements et l\u2019acc\u00e8s \u00e0 la terre accordent une attention sp\u00e9cifique \u00e0 l\u2019insertion des jeunes, afin que ces derniers puissent demeurer dans les villages des zones rurales et sur les territoires autochtones, en promouvant les mesures incitatives en faveur des technologies appropri\u00e9es par le biais de la recherche, de l\u2019action participative et du respect des savoirs des diff\u00e9rentes g\u00e9n\u00e9rations sur les territoires, dans l\u2019int\u00e9r\u00eat des nouvelles g\u00e9n\u00e9rations des zones rurales, \u00e0 travers la production d\u2019aliments selon les principes de l\u2019agro\u00e9cologie.  &nbsp;  Les communaut\u00e9s pastorales demandent l\u2019inclusion de modalit\u00e9s de consultation participatives, conformes \u00e0 la r\u00e9alit\u00e9 de l\u2019isolation de nos communaut\u00e9s et aux environnements dans lesquels vivent nos familles, en assurant la pr\u00e9sence de politiques diff\u00e9renci\u00e9es en mati\u00e8re de gestion fonci\u00e8re, de programmes de d\u00e9veloppement et d\u2019acc\u00e8s aux services.  &nbsp;  Nous comprenons et d\u00e9fendons l\u2019agro\u00e9cologie comme un mode de r\u00e9sistance cl\u00e9 face \u00e0 un syst\u00e8me \u00e9conomique qui place le profit avant la vie. La diversit\u00e9 des formes de production d\u2019aliments \u00e0 petite \u00e9chelle qui recourent \u00e0 des processus \u00e9cologiques g\u00e9n\u00e8re des savoirs locaux, promeut la justice sociale, garantit l\u2019\u00e9panouissement de la culture et de l\u2019identit\u00e9 et renforce la viabilit\u00e9 \u00e9conomique des zones rurales (D\u00e9claration de Ny\u00e9l\u00e9ni, 2015, Mali).  &nbsp;  Nous proposons d\u2019\u00e9valuer l\u2019impact qu\u2019aura l\u2019Accord de Paris sur l\u2019agriculture \u00e0 petite \u00e9chelle en raison de l\u2019accent qu\u2019il place sur la marchandisation du climat. Il convient de reconna\u00eetre les petits producteurs \u00a0d\u2019aliments et de l\u2019agriculture familiale, non pas comme des populations vuln\u00e9rables, ni comme une partie prenante suppl\u00e9mentaire, mais comme des d\u00e9tenteurs de droits fondamentaux pour refroidir la plan\u00e8te. Si les Etats proposent des m\u00e9canismes d\u2019adaptation et d\u2019att\u00e9nuation du changement climatique, ces derniers doivent se construire sur la base des connaissances traditionnelles et ancestrales.  Nous appelons les Etats et la FAO \u00e0 poursuivre la construction de dialogues comptant avec la participation des plates-formes et mouvements sociaux. L\u2019agro\u00e9cologie est un droit des peuples\u00a0; l\u2019heure de la Souverainet\u00e9 alimentaire a sonn\u00e9\u00a0! \u00a1SOBERAN\u013aA ALIMENTARIA YA!  <em>\u00a0<\/em>  Panama, les 19-20 f\u00e9vrier 2016  <a href=\"#_ftnref1\" name=\"_ftn1\">[1]<\/a> La D\u00e9claration universelle des droits de l\u2019homme (10 d\u00e9cembre 1948), le Pacte international relatif aux droits \u00e9conomiques, sociaux et culturels (3 janvier 1976), la D\u00e9claration sur les droits des peuples autochtones (13 septembre 2007), la Charte des droits des paysans, en cours de discussion, en plus des Directives volontaires pour une gouvernance responsable des r\u00e9gimes fonciers applicables aux terres, aux p\u00eaches et aux for\u00eats dans le contexte de la s\u00e9curit\u00e9 alimentaire (11 mai 2012), les Directives volontaires pour garantir des p\u00eaches artisanales durables (10 juin 2014), la D\u00e9claration de l\u2019Ann\u00e9e internationale de l\u2019agriculture familiale + 10 (2015 \u2013 2025), la Convention sur l\u2019\u00e9limination de toutes les formes de discrimination \u00e0 l\u2019\u00e9gard des femmes (CEDAW) (18 d\u00e9cembre 1979), qui nous soutient au moment d\u2019\u00e9liminer toutes les formes de violences faites aux femmes, la Politique alimentaire et de nutrition de la CARICOM (13 septembre 2010), le Cadre r\u00e9gional de la CARICOM pour la mise en \u0153uvre d\u2019un d\u00e9veloppement r\u00e9silient\u00a0 au changement climatique (2009 \u2013 2015 et la politique commune de la p\u00eache de la Communaut\u00e9 des Cara\u00efbes.  <a href=\"#_ftnref2\" name=\"_ftn2\">[2]<\/a> Positionnement politique et plan d\u2019action\u00a0 des femmes autochtones du monde, Lima, 2013<\/p>\n","protected":false},"excerpt":{"rendered":"<p>\u00ab\u00a0L\u2019unit\u00e9 et l\u2019organisation autour du principe politique de la Souverainet\u00e9 alimentaire sont aujourd\u2019hui plus n\u00e9cessaires que jamais, \u00e0 l\u2019\u00e9chelon continental et mondial\u00a0\u00bb &nbsp; Nous, femmes et hommes repr\u00e9sentant 20 pays et 14 r\u00e9seaux articul\u00e9s sous la forme de plates-formes sociales, r\u00e9gionales et sous-r\u00e9gionales, compos\u00e9es de productrices et producteurs d\u2019aliments, habitant les campagnes, les c\u00f4tes, les [&hellip;]<\/p>\n","protected":false},"author":1,"featured_media":0,"comment_status":"closed","ping_status":"open","sticky":false,"template":"","format":"standard","meta":{"_acf_changed":false,"footnotes":""},"categories":[57],"tags":[],"class_list":["post-1572","post","type-post","status-publish","format-standard","hentry","category-nouvelles"],"acf":[],"yoast_head":"<!-- This site is optimized with the Yoast SEO plugin v27.4 - https:\/\/yoast.com\/product\/yoast-seo-wordpress\/ -->\n<title>Ve Consultation r\u00e9gionale des peuples, mouvements sociaux et organisations de la soci\u00e9t\u00e9 civile pour la souverainet\u00e9 alimentaire et la justice sociale en amont de la 34e Conf\u00e9rence r\u00e9gionale de la FAO pour l\u2019Am\u00e9rique latine et les Cara\u00efbes - International Planning Committee for Food Sovereignty (IPC)<\/title>\n<meta name=\"robots\" content=\"index, follow, max-snippet:-1, max-image-preview:large, max-video-preview:-1\" \/>\n<link rel=\"canonical\" href=\"https:\/\/www.foodsovereignty.org\/fr\/v-consulta-regional-de-los-pueblos-movimientos-sociales-y-organizaciones-de-la-sociedad-civil-por-la-soberania-alimentaria-y-la-justicia-social-hacia-la-34-conferencia-regional-de-la-fao-para-2\/\" \/>\n<meta property=\"og:locale\" content=\"fr_FR\" \/>\n<meta property=\"og:type\" content=\"article\" \/>\n<meta property=\"og:title\" content=\"Ve Consultation r\u00e9gionale des peuples, mouvements sociaux et organisations de la soci\u00e9t\u00e9 civile pour la souverainet\u00e9 alimentaire et la justice sociale en amont de la 34e Conf\u00e9rence r\u00e9gionale de la FAO pour l\u2019Am\u00e9rique latine et les Cara\u00efbes - International Planning Committee for Food Sovereignty (IPC)\" \/>\n<meta property=\"og:description\" content=\"\u00ab\u00a0L\u2019unit\u00e9 et l\u2019organisation autour du principe politique de la Souverainet\u00e9 alimentaire sont aujourd\u2019hui plus n\u00e9cessaires que jamais, \u00e0 l\u2019\u00e9chelon continental et mondial\u00a0\u00bb &nbsp; Nous, femmes et hommes repr\u00e9sentant 20 pays et 14 r\u00e9seaux articul\u00e9s sous la forme de plates-formes sociales, r\u00e9gionales et sous-r\u00e9gionales, compos\u00e9es de productrices et producteurs d\u2019aliments, habitant les campagnes, les c\u00f4tes, les [&hellip;]\" \/>\n<meta property=\"og:url\" content=\"https:\/\/www.foodsovereignty.org\/fr\/v-consulta-regional-de-los-pueblos-movimientos-sociales-y-organizaciones-de-la-sociedad-civil-por-la-soberania-alimentaria-y-la-justicia-social-hacia-la-34-conferencia-regional-de-la-fao-para-2\/\" \/>\n<meta property=\"og:site_name\" content=\"International Planning Committee for Food Sovereignty (IPC)\" \/>\n<meta property=\"article:published_time\" content=\"2016-03-03T14:37:49+00:00\" \/>\n<meta property=\"article:modified_time\" content=\"2024-01-30T22:56:40+00:00\" \/>\n<meta name=\"author\" content=\"ipc_staging\" \/>\n<meta name=\"twitter:card\" content=\"summary_large_image\" \/>\n<meta name=\"twitter:label1\" content=\"\u00c9crit par\" \/>\n\t<meta name=\"twitter:data1\" content=\"ipc_staging\" \/>\n\t<meta name=\"twitter:label2\" content=\"Dur\u00e9e de lecture estim\u00e9e\" \/>\n\t<meta name=\"twitter:data2\" content=\"9 minutes\" \/>\n<script type=\"application\/ld+json\" class=\"yoast-schema-graph\">{\"@context\":\"https:\\\/\\\/schema.org\",\"@graph\":[{\"@type\":\"Article\",\"@id\":\"https:\\\/\\\/www.foodsovereignty.org\\\/fr\\\/v-consulta-regional-de-los-pueblos-movimientos-sociales-y-organizaciones-de-la-sociedad-civil-por-la-soberania-alimentaria-y-la-justicia-social-hacia-la-34-conferencia-regional-de-la-fao-para-2\\\/#article\",\"isPartOf\":{\"@id\":\"https:\\\/\\\/www.foodsovereignty.org\\\/fr\\\/v-consulta-regional-de-los-pueblos-movimientos-sociales-y-organizaciones-de-la-sociedad-civil-por-la-soberania-alimentaria-y-la-justicia-social-hacia-la-34-conferencia-regional-de-la-fao-para-2\\\/\"},\"author\":{\"name\":\"ipc_staging\",\"@id\":\"https:\\\/\\\/www.foodsovereignty.org\\\/fr\\\/#\\\/schema\\\/person\\\/2022da6fc0f89b23596d0a63d82b61e1\"},\"headline\":\"Ve Consultation r\u00e9gionale des peuples, mouvements sociaux et organisations de la soci\u00e9t\u00e9 civile pour la souverainet\u00e9 alimentaire et la justice sociale en amont de la 34e Conf\u00e9rence r\u00e9gionale de la FAO pour l\u2019Am\u00e9rique latine et les Cara\u00efbes\",\"datePublished\":\"2016-03-03T14:37:49+00:00\",\"dateModified\":\"2024-01-30T22:56:40+00:00\",\"mainEntityOfPage\":{\"@id\":\"https:\\\/\\\/www.foodsovereignty.org\\\/fr\\\/v-consulta-regional-de-los-pueblos-movimientos-sociales-y-organizaciones-de-la-sociedad-civil-por-la-soberania-alimentaria-y-la-justicia-social-hacia-la-34-conferencia-regional-de-la-fao-para-2\\\/\"},\"wordCount\":1881,\"articleSection\":[\"Nouvelles\"],\"inLanguage\":\"fr-FR\"},{\"@type\":\"WebPage\",\"@id\":\"https:\\\/\\\/www.foodsovereignty.org\\\/fr\\\/v-consulta-regional-de-los-pueblos-movimientos-sociales-y-organizaciones-de-la-sociedad-civil-por-la-soberania-alimentaria-y-la-justicia-social-hacia-la-34-conferencia-regional-de-la-fao-para-2\\\/\",\"url\":\"https:\\\/\\\/www.foodsovereignty.org\\\/fr\\\/v-consulta-regional-de-los-pueblos-movimientos-sociales-y-organizaciones-de-la-sociedad-civil-por-la-soberania-alimentaria-y-la-justicia-social-hacia-la-34-conferencia-regional-de-la-fao-para-2\\\/\",\"name\":\"Ve Consultation r\u00e9gionale des peuples, mouvements sociaux et organisations de la soci\u00e9t\u00e9 civile pour la souverainet\u00e9 alimentaire et la justice sociale en amont de la 34e Conf\u00e9rence r\u00e9gionale de la FAO pour l\u2019Am\u00e9rique latine et les Cara\u00efbes - International Planning Committee for Food Sovereignty (IPC)\",\"isPartOf\":{\"@id\":\"https:\\\/\\\/www.foodsovereignty.org\\\/fr\\\/#website\"},\"datePublished\":\"2016-03-03T14:37:49+00:00\",\"dateModified\":\"2024-01-30T22:56:40+00:00\",\"author\":{\"@id\":\"https:\\\/\\\/www.foodsovereignty.org\\\/fr\\\/#\\\/schema\\\/person\\\/2022da6fc0f89b23596d0a63d82b61e1\"},\"breadcrumb\":{\"@id\":\"https:\\\/\\\/www.foodsovereignty.org\\\/fr\\\/v-consulta-regional-de-los-pueblos-movimientos-sociales-y-organizaciones-de-la-sociedad-civil-por-la-soberania-alimentaria-y-la-justicia-social-hacia-la-34-conferencia-regional-de-la-fao-para-2\\\/#breadcrumb\"},\"inLanguage\":\"fr-FR\",\"potentialAction\":[{\"@type\":\"ReadAction\",\"target\":[\"https:\\\/\\\/www.foodsovereignty.org\\\/fr\\\/v-consulta-regional-de-los-pueblos-movimientos-sociales-y-organizaciones-de-la-sociedad-civil-por-la-soberania-alimentaria-y-la-justicia-social-hacia-la-34-conferencia-regional-de-la-fao-para-2\\\/\"]}]},{\"@type\":\"BreadcrumbList\",\"@id\":\"https:\\\/\\\/www.foodsovereignty.org\\\/fr\\\/v-consulta-regional-de-los-pueblos-movimientos-sociales-y-organizaciones-de-la-sociedad-civil-por-la-soberania-alimentaria-y-la-justicia-social-hacia-la-34-conferencia-regional-de-la-fao-para-2\\\/#breadcrumb\",\"itemListElement\":[{\"@type\":\"ListItem\",\"position\":1,\"name\":\"Home\",\"item\":\"https:\\\/\\\/www.foodsovereignty.org\\\/fr\\\/\"},{\"@type\":\"ListItem\",\"position\":2,\"name\":\"Ve Consultation r\u00e9gionale des peuples, mouvements sociaux et organisations de la soci\u00e9t\u00e9 civile pour la souverainet\u00e9 alimentaire et la justice sociale en amont de la 34e Conf\u00e9rence r\u00e9gionale de la FAO pour l\u2019Am\u00e9rique latine et les Cara\u00efbes\"}]},{\"@type\":\"WebSite\",\"@id\":\"https:\\\/\\\/www.foodsovereignty.org\\\/fr\\\/#website\",\"url\":\"https:\\\/\\\/www.foodsovereignty.org\\\/fr\\\/\",\"name\":\"International Planning Committee for Food Sovereignty (IPC)\",\"description\":\"\",\"potentialAction\":[{\"@type\":\"SearchAction\",\"target\":{\"@type\":\"EntryPoint\",\"urlTemplate\":\"https:\\\/\\\/www.foodsovereignty.org\\\/fr\\\/?s={search_term_string}\"},\"query-input\":{\"@type\":\"PropertyValueSpecification\",\"valueRequired\":true,\"valueName\":\"search_term_string\"}}],\"inLanguage\":\"fr-FR\"},{\"@type\":\"Person\",\"@id\":\"https:\\\/\\\/www.foodsovereignty.org\\\/fr\\\/#\\\/schema\\\/person\\\/2022da6fc0f89b23596d0a63d82b61e1\",\"name\":\"ipc_staging\",\"image\":{\"@type\":\"ImageObject\",\"inLanguage\":\"fr-FR\",\"@id\":\"https:\\\/\\\/secure.gravatar.com\\\/avatar\\\/fce93258e0a23ad6ba66052185f81fce65925c41d889b9d1b920a76951c434af?s=96&d=mm&r=g\",\"url\":\"https:\\\/\\\/secure.gravatar.com\\\/avatar\\\/fce93258e0a23ad6ba66052185f81fce65925c41d889b9d1b920a76951c434af?s=96&d=mm&r=g\",\"contentUrl\":\"https:\\\/\\\/secure.gravatar.com\\\/avatar\\\/fce93258e0a23ad6ba66052185f81fce65925c41d889b9d1b920a76951c434af?s=96&d=mm&r=g\",\"caption\":\"ipc_staging\"},\"sameAs\":[\"http:\\\/\\\/_\"],\"url\":\"https:\\\/\\\/www.foodsovereignty.org\\\/fr\\\/author\\\/ipc_staging\\\/\"}]}<\/script>\n<!-- \/ Yoast SEO plugin. -->","yoast_head_json":{"title":"Ve Consultation r\u00e9gionale des peuples, mouvements sociaux et organisations de la soci\u00e9t\u00e9 civile pour la souverainet\u00e9 alimentaire et la justice sociale en amont de la 34e Conf\u00e9rence r\u00e9gionale de la FAO pour l\u2019Am\u00e9rique latine et les Cara\u00efbes - International Planning Committee for Food Sovereignty (IPC)","robots":{"index":"index","follow":"follow","max-snippet":"max-snippet:-1","max-image-preview":"max-image-preview:large","max-video-preview":"max-video-preview:-1"},"canonical":"https:\/\/www.foodsovereignty.org\/fr\/v-consulta-regional-de-los-pueblos-movimientos-sociales-y-organizaciones-de-la-sociedad-civil-por-la-soberania-alimentaria-y-la-justicia-social-hacia-la-34-conferencia-regional-de-la-fao-para-2\/","og_locale":"fr_FR","og_type":"article","og_title":"Ve Consultation r\u00e9gionale des peuples, mouvements sociaux et organisations de la soci\u00e9t\u00e9 civile pour la souverainet\u00e9 alimentaire et la justice sociale en amont de la 34e Conf\u00e9rence r\u00e9gionale de la FAO pour l\u2019Am\u00e9rique latine et les Cara\u00efbes - International Planning Committee for Food Sovereignty (IPC)","og_description":"\u00ab\u00a0L\u2019unit\u00e9 et l\u2019organisation autour du principe politique de la Souverainet\u00e9 alimentaire sont aujourd\u2019hui plus n\u00e9cessaires que jamais, \u00e0 l\u2019\u00e9chelon continental et mondial\u00a0\u00bb &nbsp; Nous, femmes et hommes repr\u00e9sentant 20 pays et 14 r\u00e9seaux articul\u00e9s sous la forme de plates-formes sociales, r\u00e9gionales et sous-r\u00e9gionales, compos\u00e9es de productrices et producteurs d\u2019aliments, habitant les campagnes, les c\u00f4tes, les [&hellip;]","og_url":"https:\/\/www.foodsovereignty.org\/fr\/v-consulta-regional-de-los-pueblos-movimientos-sociales-y-organizaciones-de-la-sociedad-civil-por-la-soberania-alimentaria-y-la-justicia-social-hacia-la-34-conferencia-regional-de-la-fao-para-2\/","og_site_name":"International Planning Committee for Food Sovereignty (IPC)","article_published_time":"2016-03-03T14:37:49+00:00","article_modified_time":"2024-01-30T22:56:40+00:00","author":"ipc_staging","twitter_card":"summary_large_image","twitter_misc":{"\u00c9crit par":"ipc_staging","Dur\u00e9e de lecture estim\u00e9e":"9 minutes"},"schema":{"@context":"https:\/\/schema.org","@graph":[{"@type":"Article","@id":"https:\/\/www.foodsovereignty.org\/fr\/v-consulta-regional-de-los-pueblos-movimientos-sociales-y-organizaciones-de-la-sociedad-civil-por-la-soberania-alimentaria-y-la-justicia-social-hacia-la-34-conferencia-regional-de-la-fao-para-2\/#article","isPartOf":{"@id":"https:\/\/www.foodsovereignty.org\/fr\/v-consulta-regional-de-los-pueblos-movimientos-sociales-y-organizaciones-de-la-sociedad-civil-por-la-soberania-alimentaria-y-la-justicia-social-hacia-la-34-conferencia-regional-de-la-fao-para-2\/"},"author":{"name":"ipc_staging","@id":"https:\/\/www.foodsovereignty.org\/fr\/#\/schema\/person\/2022da6fc0f89b23596d0a63d82b61e1"},"headline":"Ve Consultation r\u00e9gionale des peuples, mouvements sociaux et organisations de la soci\u00e9t\u00e9 civile pour la souverainet\u00e9 alimentaire et la justice sociale en amont de la 34e Conf\u00e9rence r\u00e9gionale de la FAO pour l\u2019Am\u00e9rique latine et les Cara\u00efbes","datePublished":"2016-03-03T14:37:49+00:00","dateModified":"2024-01-30T22:56:40+00:00","mainEntityOfPage":{"@id":"https:\/\/www.foodsovereignty.org\/fr\/v-consulta-regional-de-los-pueblos-movimientos-sociales-y-organizaciones-de-la-sociedad-civil-por-la-soberania-alimentaria-y-la-justicia-social-hacia-la-34-conferencia-regional-de-la-fao-para-2\/"},"wordCount":1881,"articleSection":["Nouvelles"],"inLanguage":"fr-FR"},{"@type":"WebPage","@id":"https:\/\/www.foodsovereignty.org\/fr\/v-consulta-regional-de-los-pueblos-movimientos-sociales-y-organizaciones-de-la-sociedad-civil-por-la-soberania-alimentaria-y-la-justicia-social-hacia-la-34-conferencia-regional-de-la-fao-para-2\/","url":"https:\/\/www.foodsovereignty.org\/fr\/v-consulta-regional-de-los-pueblos-movimientos-sociales-y-organizaciones-de-la-sociedad-civil-por-la-soberania-alimentaria-y-la-justicia-social-hacia-la-34-conferencia-regional-de-la-fao-para-2\/","name":"Ve Consultation r\u00e9gionale des peuples, mouvements sociaux et organisations de la soci\u00e9t\u00e9 civile pour la souverainet\u00e9 alimentaire et la justice sociale en amont de la 34e Conf\u00e9rence r\u00e9gionale de la FAO pour l\u2019Am\u00e9rique latine et les Cara\u00efbes - International Planning Committee for Food Sovereignty (IPC)","isPartOf":{"@id":"https:\/\/www.foodsovereignty.org\/fr\/#website"},"datePublished":"2016-03-03T14:37:49+00:00","dateModified":"2024-01-30T22:56:40+00:00","author":{"@id":"https:\/\/www.foodsovereignty.org\/fr\/#\/schema\/person\/2022da6fc0f89b23596d0a63d82b61e1"},"breadcrumb":{"@id":"https:\/\/www.foodsovereignty.org\/fr\/v-consulta-regional-de-los-pueblos-movimientos-sociales-y-organizaciones-de-la-sociedad-civil-por-la-soberania-alimentaria-y-la-justicia-social-hacia-la-34-conferencia-regional-de-la-fao-para-2\/#breadcrumb"},"inLanguage":"fr-FR","potentialAction":[{"@type":"ReadAction","target":["https:\/\/www.foodsovereignty.org\/fr\/v-consulta-regional-de-los-pueblos-movimientos-sociales-y-organizaciones-de-la-sociedad-civil-por-la-soberania-alimentaria-y-la-justicia-social-hacia-la-34-conferencia-regional-de-la-fao-para-2\/"]}]},{"@type":"BreadcrumbList","@id":"https:\/\/www.foodsovereignty.org\/fr\/v-consulta-regional-de-los-pueblos-movimientos-sociales-y-organizaciones-de-la-sociedad-civil-por-la-soberania-alimentaria-y-la-justicia-social-hacia-la-34-conferencia-regional-de-la-fao-para-2\/#breadcrumb","itemListElement":[{"@type":"ListItem","position":1,"name":"Home","item":"https:\/\/www.foodsovereignty.org\/fr\/"},{"@type":"ListItem","position":2,"name":"Ve Consultation r\u00e9gionale des peuples, mouvements sociaux et organisations de la soci\u00e9t\u00e9 civile pour la souverainet\u00e9 alimentaire et la justice sociale en amont de la 34e Conf\u00e9rence r\u00e9gionale de la FAO pour l\u2019Am\u00e9rique latine et les Cara\u00efbes"}]},{"@type":"WebSite","@id":"https:\/\/www.foodsovereignty.org\/fr\/#website","url":"https:\/\/www.foodsovereignty.org\/fr\/","name":"International Planning Committee for Food Sovereignty (IPC)","description":"","potentialAction":[{"@type":"SearchAction","target":{"@type":"EntryPoint","urlTemplate":"https:\/\/www.foodsovereignty.org\/fr\/?s={search_term_string}"},"query-input":{"@type":"PropertyValueSpecification","valueRequired":true,"valueName":"search_term_string"}}],"inLanguage":"fr-FR"},{"@type":"Person","@id":"https:\/\/www.foodsovereignty.org\/fr\/#\/schema\/person\/2022da6fc0f89b23596d0a63d82b61e1","name":"ipc_staging","image":{"@type":"ImageObject","inLanguage":"fr-FR","@id":"https:\/\/secure.gravatar.com\/avatar\/fce93258e0a23ad6ba66052185f81fce65925c41d889b9d1b920a76951c434af?s=96&d=mm&r=g","url":"https:\/\/secure.gravatar.com\/avatar\/fce93258e0a23ad6ba66052185f81fce65925c41d889b9d1b920a76951c434af?s=96&d=mm&r=g","contentUrl":"https:\/\/secure.gravatar.com\/avatar\/fce93258e0a23ad6ba66052185f81fce65925c41d889b9d1b920a76951c434af?s=96&d=mm&r=g","caption":"ipc_staging"},"sameAs":["http:\/\/_"],"url":"https:\/\/www.foodsovereignty.org\/fr\/author\/ipc_staging\/"}]}},"_links":{"self":[{"href":"https:\/\/www.foodsovereignty.org\/fr\/wp-json\/wp\/v2\/posts\/1572","targetHints":{"allow":["GET"]}}],"collection":[{"href":"https:\/\/www.foodsovereignty.org\/fr\/wp-json\/wp\/v2\/posts"}],"about":[{"href":"https:\/\/www.foodsovereignty.org\/fr\/wp-json\/wp\/v2\/types\/post"}],"author":[{"embeddable":true,"href":"https:\/\/www.foodsovereignty.org\/fr\/wp-json\/wp\/v2\/users\/1"}],"replies":[{"embeddable":true,"href":"https:\/\/www.foodsovereignty.org\/fr\/wp-json\/wp\/v2\/comments?post=1572"}],"version-history":[{"count":1,"href":"https:\/\/www.foodsovereignty.org\/fr\/wp-json\/wp\/v2\/posts\/1572\/revisions"}],"predecessor-version":[{"id":2524,"href":"https:\/\/www.foodsovereignty.org\/fr\/wp-json\/wp\/v2\/posts\/1572\/revisions\/2524"}],"wp:attachment":[{"href":"https:\/\/www.foodsovereignty.org\/fr\/wp-json\/wp\/v2\/media?parent=1572"}],"wp:term":[{"taxonomy":"category","embeddable":true,"href":"https:\/\/www.foodsovereignty.org\/fr\/wp-json\/wp\/v2\/categories?post=1572"},{"taxonomy":"post_tag","embeddable":true,"href":"https:\/\/www.foodsovereignty.org\/fr\/wp-json\/wp\/v2\/tags?post=1572"}],"curies":[{"name":"wp","href":"https:\/\/api.w.org\/{rel}","templated":true}]}}