{"id":1599,"date":"2018-04-10T15:22:37","date_gmt":"2018-04-10T15:22:37","guid":{"rendered":"https:\/\/www.foodsovereignty.org\/les-petits-producteurs-alimentaires-et-les-organisations-de-la-societe-civile-au-iie-symposium-international-sur-lagroecologie\/"},"modified":"2024-01-30T22:56:55","modified_gmt":"2024-01-30T22:56:55","slug":"les-petits-producteurs-alimentaires-et-les-organisations-de-la-societe-civile-au-iie-symposium-international-sur-lagroecologie","status":"publish","type":"post","link":"https:\/\/www.foodsovereignty.org\/fr\/les-petits-producteurs-alimentaires-et-les-organisations-de-la-societe-civile-au-iie-symposium-international-sur-lagroecologie\/","title":{"rendered":"LES PETITS PRODUCTEURS ALIMENTAIRES ET LES ORGANISATIONS DE LA SOCI\u00c9T\u00c9 CIVILE AU IIe SYMPOSIUM INTERNATIONAL SUR L&rsquo;AGRO\u00c9COLOGIE"},"content":{"rendered":"<p style=\"text-align: right;\">Rome, le 5 avril 2018<\/p>\n<h4 style=\"text-align: center;\"><em><strong>Intervention des Organisations de Petits Producteurs et Petites Productrices d<\/strong><strong>\u2019<\/strong><strong>aliments et des Organisations de la Soci\u00e9t<\/strong><strong>\u00e9 <\/strong><strong>Civile Durant le IIe Symposium International Sur l&rsquo;Agro\u00e9cologie Organis<\/strong><strong>\u00e9 <\/strong><strong>par la Fao<\/strong><\/em><\/h4>\n<p> Nous sommes des d\u00e9l\u00e9gu\u00e9-e-s issu-e-s de diff\u00e9rentes organisations et mouvements sociaux de petits producteurs et petites productrices d\u2019aliments. Nous sommes des paysans, des p\u00eacheurs et travailleurs de la p\u00eache, des peuples autochtones et traditionnels, des \u00e9leveurs et des pasteurs, des travailleurs du secteur agricole et alimentaire, des sans-terre, des communaut\u00e9s urbaines et p\u00e9riurbaines vivant dans la pauvret\u00e9 et l&rsquo;ins\u00e9curit\u00e9 alimentaire, des consommateurs, des jeunes, des femmes et des ONG.  L&rsquo;Agro\u00e9cologie ne peut \u00eatre comprise comme un simple ensemble de dispositifs technologiques et de pratiques productives.  <a href=\"http:\/\/www.foodsovereignty.org\/wp-content\/uploads\/2018\/04\/26355637017_1e1f633e3e_o-1.jpg\"><img loading=\"lazy\" decoding=\"async\" class=\"size-medium wp-image-2411 alignright\" src=\"https:\/\/www.foodsovereignty.org\/wp-content\/uploads\/2024\/01\/26355637017_1e1f633e3e_o-1-300x200-2.jpg\" alt=\"\" width=\"300\" height=\"200\" \/><\/a>  L&rsquo;Agro\u00e9cologie est un mode de vie des peuples en harmonie avec le langage de la Nature. C&rsquo;est un changement de paradigme dans les relations sociales, politiques, productives et \u00e9conomiques de nos territoires pour transformer la fa\u00e7on dont nous produisons et consommons des aliments et pour restaurer une r\u00e9alit\u00e9 socioculturelle d\u00e9vast\u00e9e par la production alimentaire industrielle. L&rsquo;Agro\u00e9cologie g\u00e9n\u00e8re des connaissances au niveau local, construit la justice sociale, promeut l&rsquo;identit\u00e9 et la culture, et renforce la viabilit\u00e9 \u00e9conomique des zones rurales et urbaines.  Cette vision, ces principes et ces valeurs communes propres \u00e0 l&rsquo;Agro\u00e9cologie, approuv\u00e9s lors du Forum International d&rsquo;Agro\u00e9cologie de Ny\u00e9l\u00e9ni, en 2015, ont \u00e9t\u00e9 continuellement enrichis, innov\u00e9s, adapt\u00e9s, multipli\u00e9s, mis en pratique de diff\u00e9rentes mani\u00e8res selon nos r\u00e9alit\u00e9s et dans le respect de nos cosmovisions, de nos cultures, de nos \u00e9conomies et de nos syst\u00e8mes alimentaires locaux, et bas\u00e9s sur une v\u00e9ritable production d&rsquo;aliments agro\u00e9cologiques.  Nos peuples et nos organisations sont des sujets historiques qui, \u00e0 travers leurs syst\u00e8mes de production ancestraux et leurs luttes, ont r\u00e9ussi \u00e0 progresser dans la construction de l&rsquo;Agro\u00e9cologie et de la Souverainet\u00e9 alimentaire. En d\u2019autres termes, ce n&rsquo;est pas quelque chose de nouveau; c&rsquo;est le fruit de la sagesse des peuples autochtones qui se renforce aujourd&rsquo;hui avec la r\u00e9cup\u00e9ration de pratiques et de nouvelles innovations paysannes, en prenant soin de la Terre M\u00e8re et en produisant des aliments sains en abondance pour nourrir nos peuples.  <a href=\"http:\/\/www.foodsovereignty.org\/wp-content\/uploads\/2018\/04\/40516718554_a1eb8b0805_o-1.jpg\"><img loading=\"lazy\" decoding=\"async\" class=\"size-medium wp-image-2418 alignleft\" src=\"https:\/\/www.foodsovereignty.org\/wp-content\/uploads\/2024\/01\/40516718554_a1eb8b0805_o-1-300x200-2.jpg\" alt=\"\" width=\"300\" height=\"200\" \/><\/a>  Nous, les femmes, nous ne sommes pas les objets des politiques qui entendent nous \u00e9manciper, mais des sujets actifs de l&rsquo;Agro\u00e9cologie et des gardiennes de la Biodiversit\u00e9. Nous voulons que notre r\u00f4le central dans la production alimentaire et dans la reproduction de la vie, ainsi que dans l&rsquo;\u00e9conomie de nos familles et de nos communaut\u00e9s, soit visible et reconnu.  L&rsquo;Agro\u00e9cologie signifie la protection et la r\u00e9alisation de nos droits en tant que femmes, et pas seulement en tant que m\u00e8res et pourvoyeuses de soins au sein de nos foyers. L&rsquo;Agro\u00e9cologie implique notre pleine participation \u00e0 la vie sociale et politique de nos communaut\u00e9s, en assurant notre acc\u00e8s \u00e0 la terre, \u00e0 l&rsquo;eau, aux semences et aux moyens de production dans l\u2019autonomie et la libert\u00e9. Notre participation \u00e9quitable dans les espaces de prise de d\u00e9cision est indispensable.  Nos peuples et nos organisations ont \u00e9largi et approfondi leurs connaissances par la construction collective et les alliances, par le dialogue des savoirs entre les diff\u00e9rents secteurs et les g\u00e9n\u00e9rations.  Pour nous, l&rsquo;expansion de l&rsquo;Agro\u00e9cologie signifie qu\u2019un nombre croissant de petits producteurs et productrices en prennent la direction; son ingr\u00e9dient central est l&rsquo;organisation sociale sur le territoire. C&rsquo;est-\u00e0-dire les processus des organisations de femmes et d\u2019hommes producteurs, travailleurs et consommateurs qui construisent les tissus sociaux, politiques, \u00e9conomiques et culturels qui nous permettront d&rsquo;avancer dans la transformation d&rsquo;un syst\u00e8me agroalimentaire industriel en faillite, qui nuit \u00e0 l&rsquo;environnement et \u00e0 la sant\u00e9 de nos peuples.  Toute politique publique visant \u00e0 soutenir et\/ou promouvoir l&rsquo;Agro\u00e9cologie doit \u00eatre \u00e9labor\u00e9e et mise en \u0153uvre avec la participation de son sujet central, \u00e0 savoir les petits producteurs d\u2019aliments et leurs processus d&rsquo;organisation, de production et de formation.  L&rsquo;Agro\u00e9cologie ne peut \u00eatre un outil de plus pour l&rsquo;expansion du mod\u00e8le de production agroalimentaire industriel.  En raison de l&rsquo;absence de politiques publiques diff\u00e9renci\u00e9es pour la jeunesse rurale, les jeunes repr\u00e9sentent l&rsquo;un des secteurs les plus touch\u00e9s par la crise agraire, l&rsquo;accaparement des terres et la migration vers les villes. L&rsquo;Agro\u00e9cologie appara\u00eet comme un outil de transformation et de justice sociale pour garantir les droits des jeunes, en leur assurant l&rsquo;acc\u00e8s \u00e0 des conditions de vie d\u00e9centes dans les zones rurales.  Afin de garantir tout ce qui pr\u00e9c\u00e8de et compte tenu que les petits producteurs et les petites productrices constituent un pilier fondamental de  <a href=\"http:\/\/www.foodsovereignty.org\/wp-content\/uploads\/2018\/04\/26337915957_61fb0d9e86_o-1.jpg\"><img loading=\"lazy\" decoding=\"async\" class=\"size-medium wp-image-2415 alignright\" src=\"https:\/\/www.foodsovereignty.org\/wp-content\/uploads\/2024\/01\/26337915957_61fb0d9e86_o-1-300x200-2.jpg\" alt=\"\" width=\"300\" height=\"200\" \/><\/a>  l&rsquo;Agro\u00e9cologie, il est crucial de garantir les droits collectifs des peuples qui nourrissent le monde, \u00e0 disposer d\u2019un acc\u00e8s prot\u00e9g\u00e9 et du contr\u00f4le des semences, sur la biodiversit\u00e9, la terre et les territoires, l&rsquo;eau, les connaissances, la culture et les biens communs.  Face \u00e0 l&rsquo;urgence des situations d&rsquo;asym\u00e9tries, de crises prolong\u00e9es, d\u2019accaparement de terres, de conflits, d&rsquo;occupations et de guerres, et face \u00e0 la vague alarmante de criminalisation et de r\u00e9pression violente contre les d\u00e9fenseurs des territoires et des petits producteurs, nous appelons \u00e0\u00a0:  La mise en \u0153uvre des processus fond\u00e9s sur les Droits humains, pierre angulaire des Nations Unies et en particulier de la FAO, en citant, entre autres, le Droit \u00e0 l&rsquo;Alimentation, les Directives sur les r\u00e9gimes fonciers, les Directives sur la p\u00eache artisanale, la Convention 169 de l\u2019OIT, le Consentement libre, pr\u00e9alable et \u00e9clair\u00e9, la CEDAW et sa Recommandation g\u00e9n\u00e9rale 34 et le processus de la D\u00e9claration des Nations Unies sur les droits des Paysans et autres personnes travaillant en milieu rural.  Nous saluons le fait que ce Symposium constitue une nouvelle \u00e9tape vers la reconnaissance et la promotion de l&rsquo;Agro\u00e9cologie par les institutions intergouvernementales, les gouvernements, les universit\u00e9s et les centres de recherche. La FAO et les autres agences des Nations Unies doivent continuer \u00e0 renforcer leur travail dans le domaine de l&rsquo;Agro\u00e9cologie. Cela exige que leurs organes de gouvernance prennent des mesures appropri\u00e9es pour mettre en \u0153uvre des politiques de march\u00e9, d\u2019achats publics, de formation, de financement et d&rsquo;assistance technique, entre autres, qui soutiennent les organisations de petits producteurs et leurs processus aux niveaux local, national, r\u00e9gional et international.  &nbsp; <\/p>\n<h4 style=\"text-align: center;\">Sans protection de nos Droits, il n&rsquo;y a pas d&rsquo;Agro\u00e9cologie !<\/h4>\n<h4 style=\"text-align: center;\">Sans f\u00e9minisme, il n&rsquo;y a pas d&rsquo;Agro\u00e9cologie !<\/h4>\n<h4 style=\"text-align: center;\">Sans nos peuples, il n&rsquo;y a pas d&rsquo;Agro\u00e9cologie !<\/h4>\n","protected":false},"excerpt":{"rendered":"<p>Rome, le 5 avril 2018 Intervention des Organisations de Petits Producteurs et Petites Productrices d\u2019aliments et des Organisations de la Soci\u00e9t\u00e9 Civile Durant le IIe Symposium International Sur l&rsquo;Agro\u00e9cologie Organis\u00e9 par la Fao Nous sommes des d\u00e9l\u00e9gu\u00e9-e-s issu-e-s de diff\u00e9rentes organisations et mouvements sociaux de petits producteurs et petites productrices d\u2019aliments. Nous sommes des paysans, [&hellip;]<\/p>\n","protected":false},"author":1,"featured_media":2117,"comment_status":"closed","ping_status":"open","sticky":false,"template":"","format":"standard","meta":{"_acf_changed":false,"footnotes":""},"categories":[58,57],"tags":[254,84,81,255,256,257,258],"class_list":["post-1599","post","type-post","status-publish","format-standard","has-post-thumbnail","hentry","category-evenements","category-nouvelles","tag-agroecologie","tag-agroecology","tag-civil-society","tag-groupe-de-travail-du-cip-sur-lagroecologie","tag-ii-symposium-international","tag-petits-producteurs","tag-societe-civile"],"acf":[],"yoast_head":"<!-- This site is optimized with the Yoast SEO plugin v27.4 - https:\/\/yoast.com\/product\/yoast-seo-wordpress\/ -->\n<title>LES PETITS PRODUCTEURS ALIMENTAIRES ET LES ORGANISATIONS DE LA SOCI\u00c9T\u00c9 CIVILE AU IIe SYMPOSIUM INTERNATIONAL SUR L&#039;AGRO\u00c9COLOGIE - International Planning Committee for Food Sovereignty (IPC)<\/title>\n<meta name=\"robots\" content=\"index, follow, max-snippet:-1, max-image-preview:large, max-video-preview:-1\" \/>\n<link rel=\"canonical\" href=\"https:\/\/www.foodsovereignty.org\/fr\/les-petits-producteurs-alimentaires-et-les-organisations-de-la-societe-civile-au-iie-symposium-international-sur-lagroecologie\/\" \/>\n<meta property=\"og:locale\" content=\"fr_FR\" \/>\n<meta property=\"og:type\" content=\"article\" \/>\n<meta property=\"og:title\" content=\"LES PETITS PRODUCTEURS ALIMENTAIRES ET LES ORGANISATIONS DE LA SOCI\u00c9T\u00c9 CIVILE AU IIe SYMPOSIUM INTERNATIONAL SUR L&#039;AGRO\u00c9COLOGIE - International Planning Committee for Food Sovereignty (IPC)\" \/>\n<meta property=\"og:description\" content=\"Rome, le 5 avril 2018 Intervention des Organisations de Petits Producteurs et Petites Productrices d\u2019aliments et des Organisations de la Soci\u00e9t\u00e9 Civile Durant le IIe Symposium International Sur l&rsquo;Agro\u00e9cologie Organis\u00e9 par la Fao Nous sommes des d\u00e9l\u00e9gu\u00e9-e-s issu-e-s de diff\u00e9rentes organisations et mouvements sociaux de petits producteurs et petites productrices d\u2019aliments. Nous sommes des paysans, [&hellip;]\" \/>\n<meta property=\"og:url\" content=\"https:\/\/www.foodsovereignty.org\/fr\/les-petits-producteurs-alimentaires-et-les-organisations-de-la-societe-civile-au-iie-symposium-international-sur-lagroecologie\/\" \/>\n<meta property=\"og:site_name\" content=\"International Planning Committee for Food Sovereignty (IPC)\" \/>\n<meta property=\"article:published_time\" content=\"2018-04-10T15:22:37+00:00\" \/>\n<meta property=\"article:modified_time\" content=\"2024-01-30T22:56:55+00:00\" \/>\n<meta property=\"og:image\" content=\"https:\/\/www.foodsovereignty.org\/wp-content\/uploads\/2024\/01\/zainal-1.jpg\" \/>\n\t<meta property=\"og:image:width\" content=\"1590\" \/>\n\t<meta property=\"og:image:height\" content=\"1060\" \/>\n\t<meta property=\"og:image:type\" content=\"image\/jpeg\" \/>\n<meta name=\"author\" content=\"ipc_staging\" \/>\n<meta name=\"twitter:card\" content=\"summary_large_image\" \/>\n<meta name=\"twitter:label1\" content=\"\u00c9crit par\" \/>\n\t<meta name=\"twitter:data1\" content=\"ipc_staging\" \/>\n\t<meta name=\"twitter:label2\" content=\"Dur\u00e9e de lecture estim\u00e9e\" \/>\n\t<meta name=\"twitter:data2\" content=\"6 minutes\" \/>\n<script type=\"application\/ld+json\" class=\"yoast-schema-graph\">{\"@context\":\"https:\\\/\\\/schema.org\",\"@graph\":[{\"@type\":\"Article\",\"@id\":\"https:\\\/\\\/www.foodsovereignty.org\\\/fr\\\/les-petits-producteurs-alimentaires-et-les-organisations-de-la-societe-civile-au-iie-symposium-international-sur-lagroecologie\\\/#article\",\"isPartOf\":{\"@id\":\"https:\\\/\\\/www.foodsovereignty.org\\\/fr\\\/les-petits-producteurs-alimentaires-et-les-organisations-de-la-societe-civile-au-iie-symposium-international-sur-lagroecologie\\\/\"},\"author\":{\"name\":\"ipc_staging\",\"@id\":\"https:\\\/\\\/www.foodsovereignty.org\\\/fr\\\/#\\\/schema\\\/person\\\/2022da6fc0f89b23596d0a63d82b61e1\"},\"headline\":\"LES PETITS PRODUCTEURS ALIMENTAIRES ET LES ORGANISATIONS DE LA SOCI\u00c9T\u00c9 CIVILE AU IIe SYMPOSIUM INTERNATIONAL SUR L&rsquo;AGRO\u00c9COLOGIE\",\"datePublished\":\"2018-04-10T15:22:37+00:00\",\"dateModified\":\"2024-01-30T22:56:55+00:00\",\"mainEntityOfPage\":{\"@id\":\"https:\\\/\\\/www.foodsovereignty.org\\\/fr\\\/les-petits-producteurs-alimentaires-et-les-organisations-de-la-societe-civile-au-iie-symposium-international-sur-lagroecologie\\\/\"},\"wordCount\":1177,\"image\":{\"@id\":\"https:\\\/\\\/www.foodsovereignty.org\\\/fr\\\/les-petits-producteurs-alimentaires-et-les-organisations-de-la-societe-civile-au-iie-symposium-international-sur-lagroecologie\\\/#primaryimage\"},\"thumbnailUrl\":\"https:\\\/\\\/www.foodsovereignty.org\\\/wp-content\\\/uploads\\\/2024\\\/01\\\/zainal-1.jpg\",\"keywords\":[\"Agro\u00e9cologie\",\"agroecology\",\"civil society\",\"Groupe de travail du CIP sur l'agro\u00e9cologie\",\"II Symposium international\",\"Petits producteurs\",\"Soci\u00e9t\u00e9 civile\"],\"articleSection\":[\"\u00c9v\u00e9nements\",\"Nouvelles\"],\"inLanguage\":\"fr-FR\"},{\"@type\":\"WebPage\",\"@id\":\"https:\\\/\\\/www.foodsovereignty.org\\\/fr\\\/les-petits-producteurs-alimentaires-et-les-organisations-de-la-societe-civile-au-iie-symposium-international-sur-lagroecologie\\\/\",\"url\":\"https:\\\/\\\/www.foodsovereignty.org\\\/fr\\\/les-petits-producteurs-alimentaires-et-les-organisations-de-la-societe-civile-au-iie-symposium-international-sur-lagroecologie\\\/\",\"name\":\"LES PETITS PRODUCTEURS ALIMENTAIRES ET LES ORGANISATIONS DE LA SOCI\u00c9T\u00c9 CIVILE AU IIe SYMPOSIUM INTERNATIONAL SUR L'AGRO\u00c9COLOGIE - International Planning Committee for Food Sovereignty (IPC)\",\"isPartOf\":{\"@id\":\"https:\\\/\\\/www.foodsovereignty.org\\\/fr\\\/#website\"},\"primaryImageOfPage\":{\"@id\":\"https:\\\/\\\/www.foodsovereignty.org\\\/fr\\\/les-petits-producteurs-alimentaires-et-les-organisations-de-la-societe-civile-au-iie-symposium-international-sur-lagroecologie\\\/#primaryimage\"},\"image\":{\"@id\":\"https:\\\/\\\/www.foodsovereignty.org\\\/fr\\\/les-petits-producteurs-alimentaires-et-les-organisations-de-la-societe-civile-au-iie-symposium-international-sur-lagroecologie\\\/#primaryimage\"},\"thumbnailUrl\":\"https:\\\/\\\/www.foodsovereignty.org\\\/wp-content\\\/uploads\\\/2024\\\/01\\\/zainal-1.jpg\",\"datePublished\":\"2018-04-10T15:22:37+00:00\",\"dateModified\":\"2024-01-30T22:56:55+00:00\",\"author\":{\"@id\":\"https:\\\/\\\/www.foodsovereignty.org\\\/fr\\\/#\\\/schema\\\/person\\\/2022da6fc0f89b23596d0a63d82b61e1\"},\"breadcrumb\":{\"@id\":\"https:\\\/\\\/www.foodsovereignty.org\\\/fr\\\/les-petits-producteurs-alimentaires-et-les-organisations-de-la-societe-civile-au-iie-symposium-international-sur-lagroecologie\\\/#breadcrumb\"},\"inLanguage\":\"fr-FR\",\"potentialAction\":[{\"@type\":\"ReadAction\",\"target\":[\"https:\\\/\\\/www.foodsovereignty.org\\\/fr\\\/les-petits-producteurs-alimentaires-et-les-organisations-de-la-societe-civile-au-iie-symposium-international-sur-lagroecologie\\\/\"]}]},{\"@type\":\"ImageObject\",\"inLanguage\":\"fr-FR\",\"@id\":\"https:\\\/\\\/www.foodsovereignty.org\\\/fr\\\/les-petits-producteurs-alimentaires-et-les-organisations-de-la-societe-civile-au-iie-symposium-international-sur-lagroecologie\\\/#primaryimage\",\"url\":\"https:\\\/\\\/www.foodsovereignty.org\\\/wp-content\\\/uploads\\\/2024\\\/01\\\/zainal-1.jpg\",\"contentUrl\":\"https:\\\/\\\/www.foodsovereignty.org\\\/wp-content\\\/uploads\\\/2024\\\/01\\\/zainal-1.jpg\",\"width\":1590,\"height\":1060},{\"@type\":\"BreadcrumbList\",\"@id\":\"https:\\\/\\\/www.foodsovereignty.org\\\/fr\\\/les-petits-producteurs-alimentaires-et-les-organisations-de-la-societe-civile-au-iie-symposium-international-sur-lagroecologie\\\/#breadcrumb\",\"itemListElement\":[{\"@type\":\"ListItem\",\"position\":1,\"name\":\"Home\",\"item\":\"https:\\\/\\\/www.foodsovereignty.org\\\/fr\\\/\"},{\"@type\":\"ListItem\",\"position\":2,\"name\":\"LES PETITS PRODUCTEURS ALIMENTAIRES ET LES ORGANISATIONS DE LA SOCI\u00c9T\u00c9 CIVILE AU IIe SYMPOSIUM INTERNATIONAL SUR L&#8217;AGRO\u00c9COLOGIE\"}]},{\"@type\":\"WebSite\",\"@id\":\"https:\\\/\\\/www.foodsovereignty.org\\\/fr\\\/#website\",\"url\":\"https:\\\/\\\/www.foodsovereignty.org\\\/fr\\\/\",\"name\":\"International Planning Committee for Food Sovereignty (IPC)\",\"description\":\"\",\"potentialAction\":[{\"@type\":\"SearchAction\",\"target\":{\"@type\":\"EntryPoint\",\"urlTemplate\":\"https:\\\/\\\/www.foodsovereignty.org\\\/fr\\\/?s={search_term_string}\"},\"query-input\":{\"@type\":\"PropertyValueSpecification\",\"valueRequired\":true,\"valueName\":\"search_term_string\"}}],\"inLanguage\":\"fr-FR\"},{\"@type\":\"Person\",\"@id\":\"https:\\\/\\\/www.foodsovereignty.org\\\/fr\\\/#\\\/schema\\\/person\\\/2022da6fc0f89b23596d0a63d82b61e1\",\"name\":\"ipc_staging\",\"image\":{\"@type\":\"ImageObject\",\"inLanguage\":\"fr-FR\",\"@id\":\"https:\\\/\\\/secure.gravatar.com\\\/avatar\\\/fce93258e0a23ad6ba66052185f81fce65925c41d889b9d1b920a76951c434af?s=96&d=mm&r=g\",\"url\":\"https:\\\/\\\/secure.gravatar.com\\\/avatar\\\/fce93258e0a23ad6ba66052185f81fce65925c41d889b9d1b920a76951c434af?s=96&d=mm&r=g\",\"contentUrl\":\"https:\\\/\\\/secure.gravatar.com\\\/avatar\\\/fce93258e0a23ad6ba66052185f81fce65925c41d889b9d1b920a76951c434af?s=96&d=mm&r=g\",\"caption\":\"ipc_staging\"},\"sameAs\":[\"http:\\\/\\\/_\"],\"url\":\"https:\\\/\\\/www.foodsovereignty.org\\\/fr\\\/author\\\/ipc_staging\\\/\"}]}<\/script>\n<!-- \/ Yoast SEO plugin. -->","yoast_head_json":{"title":"LES PETITS PRODUCTEURS ALIMENTAIRES ET LES ORGANISATIONS DE LA SOCI\u00c9T\u00c9 CIVILE AU IIe SYMPOSIUM INTERNATIONAL SUR L'AGRO\u00c9COLOGIE - International Planning Committee for Food Sovereignty (IPC)","robots":{"index":"index","follow":"follow","max-snippet":"max-snippet:-1","max-image-preview":"max-image-preview:large","max-video-preview":"max-video-preview:-1"},"canonical":"https:\/\/www.foodsovereignty.org\/fr\/les-petits-producteurs-alimentaires-et-les-organisations-de-la-societe-civile-au-iie-symposium-international-sur-lagroecologie\/","og_locale":"fr_FR","og_type":"article","og_title":"LES PETITS PRODUCTEURS ALIMENTAIRES ET LES ORGANISATIONS DE LA SOCI\u00c9T\u00c9 CIVILE AU IIe SYMPOSIUM INTERNATIONAL SUR L'AGRO\u00c9COLOGIE - International Planning Committee for Food Sovereignty (IPC)","og_description":"Rome, le 5 avril 2018 Intervention des Organisations de Petits Producteurs et Petites Productrices d\u2019aliments et des Organisations de la Soci\u00e9t\u00e9 Civile Durant le IIe Symposium International Sur l&rsquo;Agro\u00e9cologie Organis\u00e9 par la Fao Nous sommes des d\u00e9l\u00e9gu\u00e9-e-s issu-e-s de diff\u00e9rentes organisations et mouvements sociaux de petits producteurs et petites productrices d\u2019aliments. Nous sommes des paysans, [&hellip;]","og_url":"https:\/\/www.foodsovereignty.org\/fr\/les-petits-producteurs-alimentaires-et-les-organisations-de-la-societe-civile-au-iie-symposium-international-sur-lagroecologie\/","og_site_name":"International Planning Committee for Food Sovereignty (IPC)","article_published_time":"2018-04-10T15:22:37+00:00","article_modified_time":"2024-01-30T22:56:55+00:00","og_image":[{"width":1590,"height":1060,"url":"https:\/\/www.foodsovereignty.org\/wp-content\/uploads\/2024\/01\/zainal-1.jpg","type":"image\/jpeg"}],"author":"ipc_staging","twitter_card":"summary_large_image","twitter_misc":{"\u00c9crit par":"ipc_staging","Dur\u00e9e de lecture estim\u00e9e":"6 minutes"},"schema":{"@context":"https:\/\/schema.org","@graph":[{"@type":"Article","@id":"https:\/\/www.foodsovereignty.org\/fr\/les-petits-producteurs-alimentaires-et-les-organisations-de-la-societe-civile-au-iie-symposium-international-sur-lagroecologie\/#article","isPartOf":{"@id":"https:\/\/www.foodsovereignty.org\/fr\/les-petits-producteurs-alimentaires-et-les-organisations-de-la-societe-civile-au-iie-symposium-international-sur-lagroecologie\/"},"author":{"name":"ipc_staging","@id":"https:\/\/www.foodsovereignty.org\/fr\/#\/schema\/person\/2022da6fc0f89b23596d0a63d82b61e1"},"headline":"LES PETITS PRODUCTEURS ALIMENTAIRES ET LES ORGANISATIONS DE LA SOCI\u00c9T\u00c9 CIVILE AU IIe SYMPOSIUM INTERNATIONAL SUR L&rsquo;AGRO\u00c9COLOGIE","datePublished":"2018-04-10T15:22:37+00:00","dateModified":"2024-01-30T22:56:55+00:00","mainEntityOfPage":{"@id":"https:\/\/www.foodsovereignty.org\/fr\/les-petits-producteurs-alimentaires-et-les-organisations-de-la-societe-civile-au-iie-symposium-international-sur-lagroecologie\/"},"wordCount":1177,"image":{"@id":"https:\/\/www.foodsovereignty.org\/fr\/les-petits-producteurs-alimentaires-et-les-organisations-de-la-societe-civile-au-iie-symposium-international-sur-lagroecologie\/#primaryimage"},"thumbnailUrl":"https:\/\/www.foodsovereignty.org\/wp-content\/uploads\/2024\/01\/zainal-1.jpg","keywords":["Agro\u00e9cologie","agroecology","civil society","Groupe de travail du CIP sur l'agro\u00e9cologie","II Symposium international","Petits producteurs","Soci\u00e9t\u00e9 civile"],"articleSection":["\u00c9v\u00e9nements","Nouvelles"],"inLanguage":"fr-FR"},{"@type":"WebPage","@id":"https:\/\/www.foodsovereignty.org\/fr\/les-petits-producteurs-alimentaires-et-les-organisations-de-la-societe-civile-au-iie-symposium-international-sur-lagroecologie\/","url":"https:\/\/www.foodsovereignty.org\/fr\/les-petits-producteurs-alimentaires-et-les-organisations-de-la-societe-civile-au-iie-symposium-international-sur-lagroecologie\/","name":"LES PETITS PRODUCTEURS ALIMENTAIRES ET LES ORGANISATIONS DE LA SOCI\u00c9T\u00c9 CIVILE AU IIe SYMPOSIUM INTERNATIONAL SUR L'AGRO\u00c9COLOGIE - International Planning Committee for Food Sovereignty (IPC)","isPartOf":{"@id":"https:\/\/www.foodsovereignty.org\/fr\/#website"},"primaryImageOfPage":{"@id":"https:\/\/www.foodsovereignty.org\/fr\/les-petits-producteurs-alimentaires-et-les-organisations-de-la-societe-civile-au-iie-symposium-international-sur-lagroecologie\/#primaryimage"},"image":{"@id":"https:\/\/www.foodsovereignty.org\/fr\/les-petits-producteurs-alimentaires-et-les-organisations-de-la-societe-civile-au-iie-symposium-international-sur-lagroecologie\/#primaryimage"},"thumbnailUrl":"https:\/\/www.foodsovereignty.org\/wp-content\/uploads\/2024\/01\/zainal-1.jpg","datePublished":"2018-04-10T15:22:37+00:00","dateModified":"2024-01-30T22:56:55+00:00","author":{"@id":"https:\/\/www.foodsovereignty.org\/fr\/#\/schema\/person\/2022da6fc0f89b23596d0a63d82b61e1"},"breadcrumb":{"@id":"https:\/\/www.foodsovereignty.org\/fr\/les-petits-producteurs-alimentaires-et-les-organisations-de-la-societe-civile-au-iie-symposium-international-sur-lagroecologie\/#breadcrumb"},"inLanguage":"fr-FR","potentialAction":[{"@type":"ReadAction","target":["https:\/\/www.foodsovereignty.org\/fr\/les-petits-producteurs-alimentaires-et-les-organisations-de-la-societe-civile-au-iie-symposium-international-sur-lagroecologie\/"]}]},{"@type":"ImageObject","inLanguage":"fr-FR","@id":"https:\/\/www.foodsovereignty.org\/fr\/les-petits-producteurs-alimentaires-et-les-organisations-de-la-societe-civile-au-iie-symposium-international-sur-lagroecologie\/#primaryimage","url":"https:\/\/www.foodsovereignty.org\/wp-content\/uploads\/2024\/01\/zainal-1.jpg","contentUrl":"https:\/\/www.foodsovereignty.org\/wp-content\/uploads\/2024\/01\/zainal-1.jpg","width":1590,"height":1060},{"@type":"BreadcrumbList","@id":"https:\/\/www.foodsovereignty.org\/fr\/les-petits-producteurs-alimentaires-et-les-organisations-de-la-societe-civile-au-iie-symposium-international-sur-lagroecologie\/#breadcrumb","itemListElement":[{"@type":"ListItem","position":1,"name":"Home","item":"https:\/\/www.foodsovereignty.org\/fr\/"},{"@type":"ListItem","position":2,"name":"LES PETITS PRODUCTEURS ALIMENTAIRES ET LES ORGANISATIONS DE LA SOCI\u00c9T\u00c9 CIVILE AU IIe SYMPOSIUM INTERNATIONAL SUR L&#8217;AGRO\u00c9COLOGIE"}]},{"@type":"WebSite","@id":"https:\/\/www.foodsovereignty.org\/fr\/#website","url":"https:\/\/www.foodsovereignty.org\/fr\/","name":"International Planning Committee for Food Sovereignty (IPC)","description":"","potentialAction":[{"@type":"SearchAction","target":{"@type":"EntryPoint","urlTemplate":"https:\/\/www.foodsovereignty.org\/fr\/?s={search_term_string}"},"query-input":{"@type":"PropertyValueSpecification","valueRequired":true,"valueName":"search_term_string"}}],"inLanguage":"fr-FR"},{"@type":"Person","@id":"https:\/\/www.foodsovereignty.org\/fr\/#\/schema\/person\/2022da6fc0f89b23596d0a63d82b61e1","name":"ipc_staging","image":{"@type":"ImageObject","inLanguage":"fr-FR","@id":"https:\/\/secure.gravatar.com\/avatar\/fce93258e0a23ad6ba66052185f81fce65925c41d889b9d1b920a76951c434af?s=96&d=mm&r=g","url":"https:\/\/secure.gravatar.com\/avatar\/fce93258e0a23ad6ba66052185f81fce65925c41d889b9d1b920a76951c434af?s=96&d=mm&r=g","contentUrl":"https:\/\/secure.gravatar.com\/avatar\/fce93258e0a23ad6ba66052185f81fce65925c41d889b9d1b920a76951c434af?s=96&d=mm&r=g","caption":"ipc_staging"},"sameAs":["http:\/\/_"],"url":"https:\/\/www.foodsovereignty.org\/fr\/author\/ipc_staging\/"}]}},"_links":{"self":[{"href":"https:\/\/www.foodsovereignty.org\/fr\/wp-json\/wp\/v2\/posts\/1599","targetHints":{"allow":["GET"]}}],"collection":[{"href":"https:\/\/www.foodsovereignty.org\/fr\/wp-json\/wp\/v2\/posts"}],"about":[{"href":"https:\/\/www.foodsovereignty.org\/fr\/wp-json\/wp\/v2\/types\/post"}],"author":[{"embeddable":true,"href":"https:\/\/www.foodsovereignty.org\/fr\/wp-json\/wp\/v2\/users\/1"}],"replies":[{"embeddable":true,"href":"https:\/\/www.foodsovereignty.org\/fr\/wp-json\/wp\/v2\/comments?post=1599"}],"version-history":[{"count":1,"href":"https:\/\/www.foodsovereignty.org\/fr\/wp-json\/wp\/v2\/posts\/1599\/revisions"}],"predecessor-version":[{"id":1609,"href":"https:\/\/www.foodsovereignty.org\/fr\/wp-json\/wp\/v2\/posts\/1599\/revisions\/1609"}],"wp:featuredmedia":[{"embeddable":true,"href":"https:\/\/www.foodsovereignty.org\/fr\/wp-json\/wp\/v2\/media\/2117"}],"wp:attachment":[{"href":"https:\/\/www.foodsovereignty.org\/fr\/wp-json\/wp\/v2\/media?parent=1599"}],"wp:term":[{"taxonomy":"category","embeddable":true,"href":"https:\/\/www.foodsovereignty.org\/fr\/wp-json\/wp\/v2\/categories?post=1599"},{"taxonomy":"post_tag","embeddable":true,"href":"https:\/\/www.foodsovereignty.org\/fr\/wp-json\/wp\/v2\/tags?post=1599"}],"curies":[{"name":"wp","href":"https:\/\/api.w.org\/{rel}","templated":true}]}}