{"id":1707,"date":"2020-11-20T12:43:03","date_gmt":"2020-11-20T12:43:03","guid":{"rendered":"https:\/\/www.foodsovereignty.org\/communication-des-osc-sur-la-32e-conference-regionale-de-la-fao-pour-leurope-et-lasie-centrale\/"},"modified":"2024-01-30T22:57:45","modified_gmt":"2024-01-30T22:57:45","slug":"communication-des-osc-sur-la-32e-conference-regionale-de-la-fao-pour-leurope-et-lasie-centrale","status":"publish","type":"post","link":"https:\/\/www.foodsovereignty.org\/fr\/communication-des-osc-sur-la-32e-conference-regionale-de-la-fao-pour-leurope-et-lasie-centrale\/","title":{"rendered":"Communication des OSC sur la 32e Conf\u00e9rence r\u00e9gionale de la FAO pour l&rsquo;Europe et l&rsquo;Asie Centrale"},"content":{"rendered":"<p style=\"text-align: center;\"><strong>Communication des OSC sur la 32e Conf\u00e9rence r\u00e9gionale de la FAO pour l&rsquo;Europe et l&rsquo;Asie Centrale<\/strong><\/p>\n<p style=\"text-align: center;\"><strong>\u00e9v\u00e9nement on-line 21-23\/10\/2020<\/strong><\/p>\n<p> &nbsp;  Pour le rapport complet (seulement en anglais) cliquez <a href=\"https:\/\/www.foodsovereignty.org\/wp-content\/uploads\/2020\/11\/2020-10-2123-CSO-Consultation_-FINAL-REPORT.pdf\">ICI<\/a>.  Ny\u00e9l\u00e9ni ECA a conclu avec succ\u00e8s les ateliers de pr\u00e9paration des 5 et 8 octobre ; la consultation des OSC du 21 au 23 novembre avec votre pr\u00e9cieuse contribution et participation.  5 porte-parole d\u00e9sign\u00e9s par la Consultation des OSC pour participer et repr\u00e9senter la Consultation des OSC dans la r\u00e9gion Europe et Asie centrale. La contribution et l&rsquo;influence de nos porte-parole ont \u00e9t\u00e9 d\u00e9terminantes.  Vous pouvez \u00e9galement trouver <a href=\"https:\/\/www.foodsovereignty.org\/wp-content\/uploads\/2020\/11\/2020-10-2123-CSO-Consultation_-FINAL-REPORT.pdf\">le discours de bienvenue<\/a> (c&rsquo;est aussi notre d\u00e9claration finale, seulement en anglais) des OSC et la vid\u00e9o du discours d&rsquo;Aida Jamangulova de l&rsquo;ADI, Kirghizstan, au nom de la Consultation des OSC \u00e0 la 32\u00e8me Conf\u00e9rence r\u00e9gionale de la FAO est dans le lien ci-dessous (le discours est en russe) : <strong><a href=\"https:\/\/www.youtube.com\/watch?v=J8lrJ9D7r6E&amp;t=29s\" data-saferedirecturl=\"https:\/\/www.google.com\/url?q=https:\/\/www.youtube.com\/watch?v%3DJ8lrJ9D7r6E%26t%3D29s&amp;source=gmail&amp;ust=1605947669125000&amp;usg=AOvVaw0uKMjdYNgf58GME5hnFA0F\">https:\/\/www.youtube.com\/watch?v=J8lrJ9D7r6E&amp;t=29s<\/a><\/strong>  Vous pouvez \u00e9galement trouver les liens des panels auxquels les intervenants des OSC ont particip\u00e9 en tant que conf\u00e9renciers :  &#8211;<strong> Isabel Alvarez <\/strong>au panel sur \u00ab\u00a0les syst\u00e8mes alimentaires durables et les r\u00e9gimes alimentaires sains FR <a href=\"https:\/\/www.youtube.com\/watch?v=MXw4HWLNM0U\" data-saferedirecturl=\"https:\/\/www.google.com\/url?q=https:\/\/www.youtube.com\/watch?v%3DMXw4HWLNM0U&amp;source=gmail&amp;ust=1605947669125000&amp;usg=AOvVaw0cDneJ1cAEg-razAHznX2_\">https:\/\/www.youtube.com\/watch?v=MXw4HWLNM0U<\/a>  &#8211;<strong> Ramona Duminicioiu <\/strong>au panel sur \u00ab\u00a0Les jeunes, l&#8217;emploi et le d\u00e9veloppement des zones rurales &#8211; D\u00e9cennie des Nations unies pour l&rsquo;agriculture familiale\u00a0\u00bb. FR : <a href=\"https:\/\/www.youtube.com\/watch?v=5vXIUPQmQLc\" data-saferedirecturl=\"https:\/\/www.google.com\/url?q=https:\/\/www.youtube.com\/watch?v%3D5vXIUPQmQLc&amp;source=gmail&amp;ust=1605947669125000&amp;usg=AOvVaw0-Mxs8KbUrZg4vOZBIpN_o\">https:\/\/www.youtube.com\/watch?v=5vXIUPQmQLc<\/a>  &#8211;<strong> Andrea Ferrante<\/strong> \u00e0 l&rsquo;\u00e9v\u00e9nement sp\u00e9cial sur l&rsquo;innovation et la num\u00e9risation lors de la 32e conf\u00e9rence r\u00e9gionale de la FAO (3e jour) Uniquement en anglais : Lien vers la troisi\u00e8me journ\u00e9e et l&rsquo;\u00e9v\u00e9nement sp\u00e9cial de l&rsquo;ERC32 : <a href=\"http:\/\/www.fao.org\/webcast\/home\/en\/item\/5416\/icode\/\" data-saferedirecturl=\"https:\/\/www.google.com\/url?q=http:\/\/www.fao.org\/webcast\/home\/en\/item\/5416\/icode\/&amp;source=gmail&amp;ust=1605947669125000&amp;usg=AOvVaw0Bdu-iSHSzkjhXSH1IEPjL\">http:\/\/www.fao.org\/webcast\/home\/en\/item\/5416\/icode\/<\/a>  <strong>Vous trouverez \u00e9galement ci-joint :<\/strong> &#8211; la liste des d\u00e9l\u00e9gu\u00e9s et observateurs \u00e0 la consultation des OSC <a href=\"https:\/\/www.foodsovereignty.org\/wp-content\/uploads\/2020\/11\/Annex-II-a.-CSO-Consultation-Participation-list-DELEGATES-21-23-October-2020.pdf\">Annex IIa<\/a> et <a href=\"https:\/\/www.foodsovereignty.org\/wp-content\/uploads\/2020\/11\/Annex-II-b.-CSO-Consultation-Participation-list-OBSERVERS-21-23-October-2020.pdf\">Annex IIb<\/a> &#8211;<a href=\"https:\/\/www.foodsovereignty.org\/wp-content\/uploads\/2020\/11\/FR-CSO-speech.pdf\"> les interventions des porte-parole<\/a> lors de la 32e Conf\u00e9rence r\u00e9gionale de la FAO  Nous avons discut\u00e9 des priorit\u00e9s et des prochaines \u00e9tapes de la CEA de Ny\u00e9l\u00e9ni lors de la consultation. Vous trouverez \u00e9galement cette partie dans le rapport final :  <u>Les priorit\u00e9s des OSC dans la r\u00e9gion \u00ab\u00a0CEA de Ny\u00e9l\u00e9ni\u00a0\u00bb d\u00e9finies lors de la Consultation des OSC de 2016 resteront les m\u00eames :<\/u> &#8211; Agro\u00e9cologie &#8211; L&rsquo;acc\u00e8s aux sources naturelles &#8211; le droit aux semences, le droit \u00e0 la terre, le droit \u00e0 l&rsquo;eau, aux stocks de poissons et \u00e0 la for\u00eat. &#8211; Les march\u00e9s territoriaux et les cha\u00eenes alimentaires courtes  <strong>Tout d&rsquo;abord,<\/strong> nous \u00e9tablirons et partagerons largement un p\u00f4le r\u00e9gional de convergence sur les exp\u00e9riences innovantes de syst\u00e8mes alimentaires locaux bas\u00e9s sur la souverainet\u00e9 alimentaire et l&rsquo;agro\u00e9cologie dans nos r\u00e9seaux en accordant une attention particuli\u00e8re et en mettant l&rsquo;accent sur le genre et la jeunesse&#8230; Nous pensons qu&rsquo;il est extr\u00eamement important de partager les connaissances et les exp\u00e9riences pour inspirer et responsabiliser les producteurs d&rsquo;aliments, ainsi que pour les relier au niveau r\u00e9gional.  <strong>Deuxi\u00e8mement<\/strong>, nous continuerons \u00e0 faire conna\u00eetre la DNUP, la DNUDPA, les Directives volontaires sur la gouvernance de la tenure (VGTT) et les Directives volontaires pour assurer une p\u00eache durable \u00e0 petite \u00e9chelle (Directives SSF) dans la r\u00e9gion, mais aussi dans le monde et au sein des institutions, tout en renfor\u00e7ant le lien entre les droits de l&rsquo;homme et les questions alimentaires et agricoles, et en influen\u00e7ant les politiques publiques en faveur des petits producteurs durables. Nous nous engageons \u00e0 \u0153uvrer pour des processus l\u00e9gislatifs et de mise en \u0153uvre transparents et inclusifs, en mettant l&rsquo;accent sur les d\u00e9tenteurs de droits &#8211; petits agriculteurs familiaux, paysans, p\u00eacheurs, pasteurs, autres personnes travaillant dans les zones rurales, ainsi que sur le droit g\u00e9n\u00e9ral des peuples autochtones \u00e0 une alimentation et une nutrition ad\u00e9quates et culturellement appropri\u00e9es.  <strong>Troisi\u00e8mement,<\/strong> nous pr\u00e9voyons de lancer un Observatoire sur la criminalisation des dirigeants des producteurs d&rsquo;aliments et de leurs organisations &#8211; car trop souvent les crimes et la r\u00e9pression dont ils sont victimes ne sont pas reconnus ou ne font pas l&rsquo;objet d&rsquo;un suivi suffisant, ce qui les laisse sans que justice ne soit rendue \u00e0 ceux qui les ont pers\u00e9cut\u00e9s.  <strong>Quatri\u00e8mement<\/strong>, nous allons promouvoir la convergence des diff\u00e9rents acteurs (y compris les organisations et les individus ext\u00e9rieurs au mouvement pour la souverainet\u00e9 alimentaire) afin de prot\u00e9ger les connaissances des petits producteurs alimentaires et des peuples autochtones contre la saisie de donn\u00e9es, et de renforcer la souverainet\u00e9 num\u00e9rique des producteurs alimentaires et des peuples autochtones. <\/p>\n<p style=\"text-align: center;\">***<\/p>\n<p> Nous souhaitons rester en contact \u00e9troit et continuer \u00e0 travailler ensemble. Veuillez nous envoyer des mises \u00e0 jour de vos r\u00e9gions sur votre travail. Veuillez continuer \u00e0 utiliser <a href=\"mailto:info@nyeleni-eca.net\">info@nyeleni-eca.net<\/a> et \u00e0 suivre notre compte facebook : R\u00e9seau Nyeleni pour la souverainet\u00e9 alimentaire en Europe et en Asie centrale. Notre page web (<strong><a href=\"http:\/\/www.nyeleni-eca.net\" data-saferedirecturl=\"https:\/\/www.google.com\/url?q=http:\/\/www.nyeleni-eca.net&amp;source=gmail&amp;ust=1605947669125000&amp;usg=AOvVaw3Em_KUlqSxpWx-t2ZIV1nk\">www.nyeleni-eca.net<\/a>)<\/strong> est en cours de construction mais nous serons bient\u00f4t en ligne. Merci d&rsquo;envoyer vos articles, nouvelles, photos afin que nous puissions cr\u00e9er notre espace commun en tant que Ny\u00e9l\u00e9ni ECA ! Suivez \u00e9galement la page web du mouvement international de souverainet\u00e9 alimentaire Ny\u00e9l\u00e9ni <strong><a href=\"https:\/\/nyeleni.org\/\" data-saferedirecturl=\"https:\/\/www.google.com\/url?q=https:\/\/nyeleni.org\/&amp;source=gmail&amp;ust=1605947669125000&amp;usg=AOvVaw3PuAJw7p2lqd21vKSbGm89\">https:\/\/nyeleni.org\/<\/a> <\/strong>pour \u00eatre connect\u00e9 au mouvement international !<\/p>\n","protected":false},"excerpt":{"rendered":"<p>Communication des OSC sur la 32e Conf\u00e9rence r\u00e9gionale de la FAO pour l&rsquo;Europe et l&rsquo;Asie Centrale \u00e9v\u00e9nement on-line 21-23\/10\/2020 &nbsp; Pour le rapport complet (seulement en anglais) cliquez ICI. Ny\u00e9l\u00e9ni ECA a conclu avec succ\u00e8s les ateliers de pr\u00e9paration des 5 et 8 octobre ; la consultation des OSC du 21 au 23 novembre avec [&hellip;]<\/p>\n","protected":false},"author":1,"featured_media":2222,"comment_status":"closed","ping_status":"open","sticky":false,"template":"","format":"standard","meta":{"_acf_changed":false,"footnotes":""},"categories":[58,59,57],"tags":[186,187,80],"class_list":["post-1707","post","type-post","status-publish","format-standard","has-post-thumbnail","hentry","category-evenements","category-multimedia-fr","category-nouvelles","tag-cso-consultation","tag-nyeleni-europe","tag-regional-conference","regional_processes_tax-europe-central-asia"],"acf":[],"yoast_head":"<!-- This site is optimized with the Yoast SEO plugin v27.4 - https:\/\/yoast.com\/product\/yoast-seo-wordpress\/ -->\n<title>Communication des OSC sur la 32e Conf\u00e9rence r\u00e9gionale de la FAO pour l&#039;Europe et l&#039;Asie Centrale - International Planning Committee for Food Sovereignty (IPC)<\/title>\n<meta name=\"robots\" content=\"index, follow, max-snippet:-1, max-image-preview:large, max-video-preview:-1\" \/>\n<link rel=\"canonical\" href=\"https:\/\/www.foodsovereignty.org\/fr\/communication-des-osc-sur-la-32e-conference-regionale-de-la-fao-pour-leurope-et-lasie-centrale\/\" \/>\n<meta property=\"og:locale\" content=\"fr_FR\" \/>\n<meta property=\"og:type\" content=\"article\" \/>\n<meta property=\"og:title\" content=\"Communication des OSC sur la 32e Conf\u00e9rence r\u00e9gionale de la FAO pour l&#039;Europe et l&#039;Asie Centrale - International Planning Committee for Food Sovereignty (IPC)\" \/>\n<meta property=\"og:description\" content=\"Communication des OSC sur la 32e Conf\u00e9rence r\u00e9gionale de la FAO pour l&rsquo;Europe et l&rsquo;Asie Centrale \u00e9v\u00e9nement on-line 21-23\/10\/2020 &nbsp; Pour le rapport complet (seulement en anglais) cliquez ICI. Ny\u00e9l\u00e9ni ECA a conclu avec succ\u00e8s les ateliers de pr\u00e9paration des 5 et 8 octobre ; la consultation des OSC du 21 au 23 novembre avec [&hellip;]\" \/>\n<meta property=\"og:url\" content=\"https:\/\/www.foodsovereignty.org\/fr\/communication-des-osc-sur-la-32e-conference-regionale-de-la-fao-pour-leurope-et-lasie-centrale\/\" \/>\n<meta property=\"og:site_name\" content=\"International Planning Committee for Food Sovereignty (IPC)\" \/>\n<meta property=\"article:published_time\" content=\"2020-11-20T12:43:03+00:00\" \/>\n<meta property=\"article:modified_time\" content=\"2024-01-30T22:57:45+00:00\" \/>\n<meta property=\"og:image\" content=\"https:\/\/www.foodsovereignty.org\/wp-content\/uploads\/2024\/01\/Immagine.png\" \/>\n\t<meta property=\"og:image:width\" content=\"1366\" \/>\n\t<meta property=\"og:image:height\" content=\"768\" \/>\n\t<meta property=\"og:image:type\" content=\"image\/png\" \/>\n<meta name=\"author\" content=\"ipc_staging\" \/>\n<meta name=\"twitter:card\" content=\"summary_large_image\" \/>\n<meta name=\"twitter:label1\" content=\"\u00c9crit par\" \/>\n\t<meta name=\"twitter:data1\" content=\"ipc_staging\" \/>\n\t<meta name=\"twitter:label2\" content=\"Dur\u00e9e de lecture estim\u00e9e\" \/>\n\t<meta name=\"twitter:data2\" content=\"5 minutes\" \/>\n<script type=\"application\/ld+json\" class=\"yoast-schema-graph\">{\"@context\":\"https:\\\/\\\/schema.org\",\"@graph\":[{\"@type\":\"Article\",\"@id\":\"https:\\\/\\\/www.foodsovereignty.org\\\/fr\\\/communication-des-osc-sur-la-32e-conference-regionale-de-la-fao-pour-leurope-et-lasie-centrale\\\/#article\",\"isPartOf\":{\"@id\":\"https:\\\/\\\/www.foodsovereignty.org\\\/fr\\\/communication-des-osc-sur-la-32e-conference-regionale-de-la-fao-pour-leurope-et-lasie-centrale\\\/\"},\"author\":{\"name\":\"ipc_staging\",\"@id\":\"https:\\\/\\\/www.foodsovereignty.org\\\/fr\\\/#\\\/schema\\\/person\\\/2022da6fc0f89b23596d0a63d82b61e1\"},\"headline\":\"Communication des OSC sur la 32e Conf\u00e9rence r\u00e9gionale de la FAO pour l&rsquo;Europe et l&rsquo;Asie Centrale\",\"datePublished\":\"2020-11-20T12:43:03+00:00\",\"dateModified\":\"2024-01-30T22:57:45+00:00\",\"mainEntityOfPage\":{\"@id\":\"https:\\\/\\\/www.foodsovereignty.org\\\/fr\\\/communication-des-osc-sur-la-32e-conference-regionale-de-la-fao-pour-leurope-et-lasie-centrale\\\/\"},\"wordCount\":943,\"image\":{\"@id\":\"https:\\\/\\\/www.foodsovereignty.org\\\/fr\\\/communication-des-osc-sur-la-32e-conference-regionale-de-la-fao-pour-leurope-et-lasie-centrale\\\/#primaryimage\"},\"thumbnailUrl\":\"https:\\\/\\\/www.foodsovereignty.org\\\/wp-content\\\/uploads\\\/2024\\\/01\\\/Immagine.png\",\"keywords\":[\"CSO consultation\",\"Ny\u00e9l\u00e9ni Europe\",\"regional conference\"],\"articleSection\":[\"\u00c9v\u00e9nements\",\"Multimedia\",\"Nouvelles\"],\"inLanguage\":\"fr-FR\"},{\"@type\":\"WebPage\",\"@id\":\"https:\\\/\\\/www.foodsovereignty.org\\\/fr\\\/communication-des-osc-sur-la-32e-conference-regionale-de-la-fao-pour-leurope-et-lasie-centrale\\\/\",\"url\":\"https:\\\/\\\/www.foodsovereignty.org\\\/fr\\\/communication-des-osc-sur-la-32e-conference-regionale-de-la-fao-pour-leurope-et-lasie-centrale\\\/\",\"name\":\"Communication des OSC sur la 32e Conf\u00e9rence r\u00e9gionale de la FAO pour l'Europe et l'Asie Centrale - International Planning Committee for Food Sovereignty (IPC)\",\"isPartOf\":{\"@id\":\"https:\\\/\\\/www.foodsovereignty.org\\\/fr\\\/#website\"},\"primaryImageOfPage\":{\"@id\":\"https:\\\/\\\/www.foodsovereignty.org\\\/fr\\\/communication-des-osc-sur-la-32e-conference-regionale-de-la-fao-pour-leurope-et-lasie-centrale\\\/#primaryimage\"},\"image\":{\"@id\":\"https:\\\/\\\/www.foodsovereignty.org\\\/fr\\\/communication-des-osc-sur-la-32e-conference-regionale-de-la-fao-pour-leurope-et-lasie-centrale\\\/#primaryimage\"},\"thumbnailUrl\":\"https:\\\/\\\/www.foodsovereignty.org\\\/wp-content\\\/uploads\\\/2024\\\/01\\\/Immagine.png\",\"datePublished\":\"2020-11-20T12:43:03+00:00\",\"dateModified\":\"2024-01-30T22:57:45+00:00\",\"author\":{\"@id\":\"https:\\\/\\\/www.foodsovereignty.org\\\/fr\\\/#\\\/schema\\\/person\\\/2022da6fc0f89b23596d0a63d82b61e1\"},\"breadcrumb\":{\"@id\":\"https:\\\/\\\/www.foodsovereignty.org\\\/fr\\\/communication-des-osc-sur-la-32e-conference-regionale-de-la-fao-pour-leurope-et-lasie-centrale\\\/#breadcrumb\"},\"inLanguage\":\"fr-FR\",\"potentialAction\":[{\"@type\":\"ReadAction\",\"target\":[\"https:\\\/\\\/www.foodsovereignty.org\\\/fr\\\/communication-des-osc-sur-la-32e-conference-regionale-de-la-fao-pour-leurope-et-lasie-centrale\\\/\"]}]},{\"@type\":\"ImageObject\",\"inLanguage\":\"fr-FR\",\"@id\":\"https:\\\/\\\/www.foodsovereignty.org\\\/fr\\\/communication-des-osc-sur-la-32e-conference-regionale-de-la-fao-pour-leurope-et-lasie-centrale\\\/#primaryimage\",\"url\":\"https:\\\/\\\/www.foodsovereignty.org\\\/wp-content\\\/uploads\\\/2024\\\/01\\\/Immagine.png\",\"contentUrl\":\"https:\\\/\\\/www.foodsovereignty.org\\\/wp-content\\\/uploads\\\/2024\\\/01\\\/Immagine.png\",\"width\":1366,\"height\":768},{\"@type\":\"BreadcrumbList\",\"@id\":\"https:\\\/\\\/www.foodsovereignty.org\\\/fr\\\/communication-des-osc-sur-la-32e-conference-regionale-de-la-fao-pour-leurope-et-lasie-centrale\\\/#breadcrumb\",\"itemListElement\":[{\"@type\":\"ListItem\",\"position\":1,\"name\":\"Home\",\"item\":\"https:\\\/\\\/www.foodsovereignty.org\\\/fr\\\/\"},{\"@type\":\"ListItem\",\"position\":2,\"name\":\"Communication des OSC sur la 32e Conf\u00e9rence r\u00e9gionale de la FAO pour l&#8217;Europe et l&#8217;Asie Centrale\"}]},{\"@type\":\"WebSite\",\"@id\":\"https:\\\/\\\/www.foodsovereignty.org\\\/fr\\\/#website\",\"url\":\"https:\\\/\\\/www.foodsovereignty.org\\\/fr\\\/\",\"name\":\"International Planning Committee for Food Sovereignty (IPC)\",\"description\":\"\",\"potentialAction\":[{\"@type\":\"SearchAction\",\"target\":{\"@type\":\"EntryPoint\",\"urlTemplate\":\"https:\\\/\\\/www.foodsovereignty.org\\\/fr\\\/?s={search_term_string}\"},\"query-input\":{\"@type\":\"PropertyValueSpecification\",\"valueRequired\":true,\"valueName\":\"search_term_string\"}}],\"inLanguage\":\"fr-FR\"},{\"@type\":\"Person\",\"@id\":\"https:\\\/\\\/www.foodsovereignty.org\\\/fr\\\/#\\\/schema\\\/person\\\/2022da6fc0f89b23596d0a63d82b61e1\",\"name\":\"ipc_staging\",\"image\":{\"@type\":\"ImageObject\",\"inLanguage\":\"fr-FR\",\"@id\":\"https:\\\/\\\/secure.gravatar.com\\\/avatar\\\/fce93258e0a23ad6ba66052185f81fce65925c41d889b9d1b920a76951c434af?s=96&d=mm&r=g\",\"url\":\"https:\\\/\\\/secure.gravatar.com\\\/avatar\\\/fce93258e0a23ad6ba66052185f81fce65925c41d889b9d1b920a76951c434af?s=96&d=mm&r=g\",\"contentUrl\":\"https:\\\/\\\/secure.gravatar.com\\\/avatar\\\/fce93258e0a23ad6ba66052185f81fce65925c41d889b9d1b920a76951c434af?s=96&d=mm&r=g\",\"caption\":\"ipc_staging\"},\"sameAs\":[\"http:\\\/\\\/_\"],\"url\":\"https:\\\/\\\/www.foodsovereignty.org\\\/fr\\\/author\\\/ipc_staging\\\/\"}]}<\/script>\n<!-- \/ Yoast SEO plugin. -->","yoast_head_json":{"title":"Communication des OSC sur la 32e Conf\u00e9rence r\u00e9gionale de la FAO pour l'Europe et l'Asie Centrale - International Planning Committee for Food Sovereignty (IPC)","robots":{"index":"index","follow":"follow","max-snippet":"max-snippet:-1","max-image-preview":"max-image-preview:large","max-video-preview":"max-video-preview:-1"},"canonical":"https:\/\/www.foodsovereignty.org\/fr\/communication-des-osc-sur-la-32e-conference-regionale-de-la-fao-pour-leurope-et-lasie-centrale\/","og_locale":"fr_FR","og_type":"article","og_title":"Communication des OSC sur la 32e Conf\u00e9rence r\u00e9gionale de la FAO pour l'Europe et l'Asie Centrale - International Planning Committee for Food Sovereignty (IPC)","og_description":"Communication des OSC sur la 32e Conf\u00e9rence r\u00e9gionale de la FAO pour l&rsquo;Europe et l&rsquo;Asie Centrale \u00e9v\u00e9nement on-line 21-23\/10\/2020 &nbsp; Pour le rapport complet (seulement en anglais) cliquez ICI. Ny\u00e9l\u00e9ni ECA a conclu avec succ\u00e8s les ateliers de pr\u00e9paration des 5 et 8 octobre ; la consultation des OSC du 21 au 23 novembre avec [&hellip;]","og_url":"https:\/\/www.foodsovereignty.org\/fr\/communication-des-osc-sur-la-32e-conference-regionale-de-la-fao-pour-leurope-et-lasie-centrale\/","og_site_name":"International Planning Committee for Food Sovereignty (IPC)","article_published_time":"2020-11-20T12:43:03+00:00","article_modified_time":"2024-01-30T22:57:45+00:00","og_image":[{"width":1366,"height":768,"url":"https:\/\/www.foodsovereignty.org\/wp-content\/uploads\/2024\/01\/Immagine.png","type":"image\/png"}],"author":"ipc_staging","twitter_card":"summary_large_image","twitter_misc":{"\u00c9crit par":"ipc_staging","Dur\u00e9e de lecture estim\u00e9e":"5 minutes"},"schema":{"@context":"https:\/\/schema.org","@graph":[{"@type":"Article","@id":"https:\/\/www.foodsovereignty.org\/fr\/communication-des-osc-sur-la-32e-conference-regionale-de-la-fao-pour-leurope-et-lasie-centrale\/#article","isPartOf":{"@id":"https:\/\/www.foodsovereignty.org\/fr\/communication-des-osc-sur-la-32e-conference-regionale-de-la-fao-pour-leurope-et-lasie-centrale\/"},"author":{"name":"ipc_staging","@id":"https:\/\/www.foodsovereignty.org\/fr\/#\/schema\/person\/2022da6fc0f89b23596d0a63d82b61e1"},"headline":"Communication des OSC sur la 32e Conf\u00e9rence r\u00e9gionale de la FAO pour l&rsquo;Europe et l&rsquo;Asie Centrale","datePublished":"2020-11-20T12:43:03+00:00","dateModified":"2024-01-30T22:57:45+00:00","mainEntityOfPage":{"@id":"https:\/\/www.foodsovereignty.org\/fr\/communication-des-osc-sur-la-32e-conference-regionale-de-la-fao-pour-leurope-et-lasie-centrale\/"},"wordCount":943,"image":{"@id":"https:\/\/www.foodsovereignty.org\/fr\/communication-des-osc-sur-la-32e-conference-regionale-de-la-fao-pour-leurope-et-lasie-centrale\/#primaryimage"},"thumbnailUrl":"https:\/\/www.foodsovereignty.org\/wp-content\/uploads\/2024\/01\/Immagine.png","keywords":["CSO consultation","Ny\u00e9l\u00e9ni Europe","regional conference"],"articleSection":["\u00c9v\u00e9nements","Multimedia","Nouvelles"],"inLanguage":"fr-FR"},{"@type":"WebPage","@id":"https:\/\/www.foodsovereignty.org\/fr\/communication-des-osc-sur-la-32e-conference-regionale-de-la-fao-pour-leurope-et-lasie-centrale\/","url":"https:\/\/www.foodsovereignty.org\/fr\/communication-des-osc-sur-la-32e-conference-regionale-de-la-fao-pour-leurope-et-lasie-centrale\/","name":"Communication des OSC sur la 32e Conf\u00e9rence r\u00e9gionale de la FAO pour l'Europe et l'Asie Centrale - International Planning Committee for Food Sovereignty (IPC)","isPartOf":{"@id":"https:\/\/www.foodsovereignty.org\/fr\/#website"},"primaryImageOfPage":{"@id":"https:\/\/www.foodsovereignty.org\/fr\/communication-des-osc-sur-la-32e-conference-regionale-de-la-fao-pour-leurope-et-lasie-centrale\/#primaryimage"},"image":{"@id":"https:\/\/www.foodsovereignty.org\/fr\/communication-des-osc-sur-la-32e-conference-regionale-de-la-fao-pour-leurope-et-lasie-centrale\/#primaryimage"},"thumbnailUrl":"https:\/\/www.foodsovereignty.org\/wp-content\/uploads\/2024\/01\/Immagine.png","datePublished":"2020-11-20T12:43:03+00:00","dateModified":"2024-01-30T22:57:45+00:00","author":{"@id":"https:\/\/www.foodsovereignty.org\/fr\/#\/schema\/person\/2022da6fc0f89b23596d0a63d82b61e1"},"breadcrumb":{"@id":"https:\/\/www.foodsovereignty.org\/fr\/communication-des-osc-sur-la-32e-conference-regionale-de-la-fao-pour-leurope-et-lasie-centrale\/#breadcrumb"},"inLanguage":"fr-FR","potentialAction":[{"@type":"ReadAction","target":["https:\/\/www.foodsovereignty.org\/fr\/communication-des-osc-sur-la-32e-conference-regionale-de-la-fao-pour-leurope-et-lasie-centrale\/"]}]},{"@type":"ImageObject","inLanguage":"fr-FR","@id":"https:\/\/www.foodsovereignty.org\/fr\/communication-des-osc-sur-la-32e-conference-regionale-de-la-fao-pour-leurope-et-lasie-centrale\/#primaryimage","url":"https:\/\/www.foodsovereignty.org\/wp-content\/uploads\/2024\/01\/Immagine.png","contentUrl":"https:\/\/www.foodsovereignty.org\/wp-content\/uploads\/2024\/01\/Immagine.png","width":1366,"height":768},{"@type":"BreadcrumbList","@id":"https:\/\/www.foodsovereignty.org\/fr\/communication-des-osc-sur-la-32e-conference-regionale-de-la-fao-pour-leurope-et-lasie-centrale\/#breadcrumb","itemListElement":[{"@type":"ListItem","position":1,"name":"Home","item":"https:\/\/www.foodsovereignty.org\/fr\/"},{"@type":"ListItem","position":2,"name":"Communication des OSC sur la 32e Conf\u00e9rence r\u00e9gionale de la FAO pour l&#8217;Europe et l&#8217;Asie Centrale"}]},{"@type":"WebSite","@id":"https:\/\/www.foodsovereignty.org\/fr\/#website","url":"https:\/\/www.foodsovereignty.org\/fr\/","name":"International Planning Committee for Food Sovereignty (IPC)","description":"","potentialAction":[{"@type":"SearchAction","target":{"@type":"EntryPoint","urlTemplate":"https:\/\/www.foodsovereignty.org\/fr\/?s={search_term_string}"},"query-input":{"@type":"PropertyValueSpecification","valueRequired":true,"valueName":"search_term_string"}}],"inLanguage":"fr-FR"},{"@type":"Person","@id":"https:\/\/www.foodsovereignty.org\/fr\/#\/schema\/person\/2022da6fc0f89b23596d0a63d82b61e1","name":"ipc_staging","image":{"@type":"ImageObject","inLanguage":"fr-FR","@id":"https:\/\/secure.gravatar.com\/avatar\/fce93258e0a23ad6ba66052185f81fce65925c41d889b9d1b920a76951c434af?s=96&d=mm&r=g","url":"https:\/\/secure.gravatar.com\/avatar\/fce93258e0a23ad6ba66052185f81fce65925c41d889b9d1b920a76951c434af?s=96&d=mm&r=g","contentUrl":"https:\/\/secure.gravatar.com\/avatar\/fce93258e0a23ad6ba66052185f81fce65925c41d889b9d1b920a76951c434af?s=96&d=mm&r=g","caption":"ipc_staging"},"sameAs":["http:\/\/_"],"url":"https:\/\/www.foodsovereignty.org\/fr\/author\/ipc_staging\/"}]}},"_links":{"self":[{"href":"https:\/\/www.foodsovereignty.org\/fr\/wp-json\/wp\/v2\/posts\/1707","targetHints":{"allow":["GET"]}}],"collection":[{"href":"https:\/\/www.foodsovereignty.org\/fr\/wp-json\/wp\/v2\/posts"}],"about":[{"href":"https:\/\/www.foodsovereignty.org\/fr\/wp-json\/wp\/v2\/types\/post"}],"author":[{"embeddable":true,"href":"https:\/\/www.foodsovereignty.org\/fr\/wp-json\/wp\/v2\/users\/1"}],"replies":[{"embeddable":true,"href":"https:\/\/www.foodsovereignty.org\/fr\/wp-json\/wp\/v2\/comments?post=1707"}],"version-history":[{"count":1,"href":"https:\/\/www.foodsovereignty.org\/fr\/wp-json\/wp\/v2\/posts\/1707\/revisions"}],"predecessor-version":[{"id":2581,"href":"https:\/\/www.foodsovereignty.org\/fr\/wp-json\/wp\/v2\/posts\/1707\/revisions\/2581"}],"wp:featuredmedia":[{"embeddable":true,"href":"https:\/\/www.foodsovereignty.org\/fr\/wp-json\/wp\/v2\/media\/2222"}],"wp:attachment":[{"href":"https:\/\/www.foodsovereignty.org\/fr\/wp-json\/wp\/v2\/media?parent=1707"}],"wp:term":[{"taxonomy":"category","embeddable":true,"href":"https:\/\/www.foodsovereignty.org\/fr\/wp-json\/wp\/v2\/categories?post=1707"},{"taxonomy":"post_tag","embeddable":true,"href":"https:\/\/www.foodsovereignty.org\/fr\/wp-json\/wp\/v2\/tags?post=1707"}],"curies":[{"name":"wp","href":"https:\/\/api.w.org\/{rel}","templated":true}]}}