{"id":1715,"date":"2021-01-08T10:20:50","date_gmt":"2021-01-08T10:20:50","guid":{"rendered":"https:\/\/www.foodsovereignty.org\/second-global-thematic-dialogue-for-indigenous-peoples-and-local-communities-on-the-post-2020-global-biodiversity-framework\/"},"modified":"2024-01-30T22:57:49","modified_gmt":"2024-01-30T22:57:49","slug":"second-global-thematic-dialogue-for-indigenous-peoples-and-local-communities-on-the-post-2020-global-biodiversity-framework","status":"publish","type":"post","link":"https:\/\/www.foodsovereignty.org\/fr\/second-global-thematic-dialogue-for-indigenous-peoples-and-local-communities-on-the-post-2020-global-biodiversity-framework\/","title":{"rendered":"Second Global Thematic Dialogue for Indigenous Peoples and Local Communities on the Post-2020 Global Biodiversity Framework"},"content":{"rendered":"<p>[vc_row][vc_column][vc_column_text]Le CIP a particip\u00e9 au <a href=\"https:\/\/www.cbd.int\/tk\/iplc-dialogue-2020\/\">Deuxi\u00e8me dialogue th\u00e9matique mondial pour les peuples autochtones et les communaut\u00e9s locales sur le cadre mondial pour la biodiversit\u00e9 post-2020 de la Convention sur la diversit\u00e9 biologique<\/a>, organis\u00e9 pour donner aux peuples autochtones et aux communaut\u00e9s locales l&rsquo;occasion de r\u00e9fl\u00e9chir \u00e0 l&rsquo;\u00e9volution r\u00e9cente du cadre mondial pour la biodiversit\u00e9 post-2020, y compris le Projet Z\u00e9ro et le cadre de suivi. La r\u00e9union virtuelle a eu lieu du 1er au 3 d\u00e9cembre.[\/vc_column_text][vc_separator][vc_column_text] <\/p>\n<blockquote><p>Le Comit\u00e9 international de planification pour la souverainet\u00e9 alimentaire (CIP) est une plateforme mondiale autonome et auto-organis\u00e9e d&rsquo;organisations de petits producteurs alimentaires et de travailleurs ruraux, de Peuples Indig\u00e8nes et de mouvements sociaux de base ou communautaires dont le but est de faire avancer le programme de souverainet\u00e9 alimentaire au niveau mondial et r\u00e9gional.  Plus de 6000 organisations et 300 millions de petits producteurs alimentaires s&rsquo;auto-organisent par le biais du CIP, partageant les principes et les 6 piliers de la Souverainet\u00e9 alimentaire tels que d\u00e9crits dans la D\u00e9claration de Nyeleni 2007 et le rapport de synth\u00e8se.  Nous nous f\u00e9licitons des r\u00e9sultats des Dialogues r\u00e9gionaux et esp\u00e9rons que nous continuerons \u00e0 proc\u00e9der \u00e0 des consultations de plus en plus inclusives et participatives. En ce sens, nous pensons qu&rsquo;il est essentiel d&rsquo;\u00e9largir la participation, en impliquant pleinement les petits exploitants, les petits p\u00eacheurs, les agriculteurs et les pasteurs. \u00c9tant donn\u00e9 que les donn\u00e9es indiquent que les petits exploitants g\u00e8rent environ 75 % des terres agricoles du monde <a href=\"http:\/\/www.fao.org\/land-water\/overview\/covid19\/smallholders\/en\/\">[1]<\/a> et que les terres autochtones repr\u00e9sentent environ 20 % du territoire terrestre, contenant 80 % de la biodiversit\u00e9 <a href=\"https:\/\/www.un.org\/development\/desa\/indigenouspeoples\/wp-content\/uploads\/sites\/19\/2018\/04\/Indigenous-Peoples-Collective-Rights-to-Lands-Territories-Resources.pdf\">[2]<\/a> restante dans le monde &#8211; signe \u00e9vident que les peuples autochtones sont les gardiens les plus efficaces de l&rsquo;environnement -, nous pensons qu&rsquo;il est important d&rsquo;accro\u00eetre et de garantir un processus de consultation pleinement inclusif et participatif.  Nous, les Peuples Indig\u00e8nes, sommes les principaux protecteurs de la biodiversit\u00e9 dans le monde, il est donc essentiel que nous soyons reconnus comme les principaux d\u00e9cideurs. C&rsquo;est ce que dit la cible 20 du projet \u00ab\u00a0z\u00e9ro\u00a0\u00bb du cadre mondial pour la biodiversit\u00e9 : \u00ab\u00a0D&rsquo;ici 2030, assurer une participation \u00e9quitable \u00e0 la prise de d\u00e9cision concernant la biodiversit\u00e9 et garantir les droits sur les ressources pertinentes des peuples autochtones et des communaut\u00e9s locales, des femmes et des filles ainsi que des jeunes, conform\u00e9ment aux circonstances nationales\u00a0\u00bb. Nous avons besoin d&rsquo;un objectif plus ambitieux &#8211; les IPLC devraient avoir une position de leader dans la prise de d\u00e9cision.  <div id=\"attachment_20783\" style=\"width: 235px\" class=\"wp-caption alignright\"><a href=\"https:\/\/www.foodsovereignty.org\/wp-content\/uploads\/2021\/01\/WhatsApp-Image-2021-01-12-at-16.09.33-1.jpeg\"><img loading=\"lazy\" decoding=\"async\" aria-describedby=\"caption-attachment-20783\" class=\"wp-image-20783 size-medium\" src=\"https:\/\/www.foodsovereignty.org\/wp-content\/uploads\/2024\/01\/WhatsApp-Image-2021-01-12-at-16.09.33-1-225x300-3.jpeg\" alt=\"\" width=\"225\" height=\"300\" \/><\/a><p id=\"caption-attachment-20783\" class=\"wp-caption-text\">Cr\u00e9dits: Gisela Illescas Palma<\/p><\/div>  La participation \u00e0 tous les processus d\u00e9cisionnels concernant les RPAA aux niveaux local, sousnational, national et r\u00e9gional devrait \u00eatre assur\u00e9e, et il devrait y avoir au moins 50% de femmes participantes ; les gouvernements devraient fournir des ressources aux organisations de Peuples Indig\u00e8nes et de paysans pour le renforcement des capacit\u00e9s, et pour permettre la pr\u00e9sence afin d&rsquo;assurer une participation efficace aux processus d\u00e9cisionnels.  Les gouvernements devraient \u00e9galement mettre en place un m\u00e9canisme sp\u00e9cifique incluant les organisations de peuples autochtones et de paysans sur les RPGAA au sein des organes directeurs intersectoriels, en particulier l&rsquo;agriculture, l&rsquo;\u00e9ducation, la recherche, la vulgarisation et le commerce, afin d&rsquo;assurer un dialogue soutenu entre les organisations de paysans et le gouvernement (y compris les institutions de recherche, de vulgarisation et d&rsquo;\u00e9ducation), et ils devraient veiller \u00e0 ce que tous les documents soient diffus\u00e9s aux organisations de paysans avec suffisamment de temps pour qu&rsquo;ils soient d\u00fbment pris en compte afin de garantir une participation effective aux processus de prise de d\u00e9cision.  Il est absolument n\u00e9cessaire de mettre en \u0153uvre des mesures \u00e0 cet effet au niveau national d\u00e8s que possible. Nous pensons \u00e9galement que l&rsquo;objectif 19 devrait \u00eatre compl\u00e8tement r\u00e9vis\u00e9. Il est contre la participation et l&rsquo;inclusion des PA et des CL de recommander que \u00ab\u00a0des informations de qualit\u00e9, y compris les connaissances traditionnelles, soient mises \u00e0 la disposition des d\u00e9cideurs et du public pour une gestion efficace de la biodiversit\u00e9&#8230;\u00a0\u00bb. Les PA et les CL devraient avoir le droit et la responsabilit\u00e9 de guider les d\u00e9cisions affectant la gestion de la biodiversit\u00e9, plut\u00f4t que d&rsquo;avoir \u00e0 \u00ab\u00a0mettre \u00e0 leur disposition\u00a0\u00bb les connaissances traditionnelles avec le risque qu&rsquo;elles soient davantage exploit\u00e9es et mal appliqu\u00e9es et d\u00e9contextualis\u00e9es par les d\u00e9cideurs politiques.  Il devrait \u00eatre clair que notre objectif n&rsquo;est pas 2030, l&rsquo;objectif est aujourd&rsquo;hui, c&rsquo;\u00e9tait d\u00e9j\u00e0 hier.  Enfin, assurer l&rsquo;inclusion des populations autochtones et des communaut\u00e9s locales n&rsquo;est pas seulement une question de partage des b\u00e9n\u00e9fices, mais aussi une question de droits de l&rsquo;homme. Dans de rares cas, nous avons vu proposer un dialogue sur les menaces qui affectent les IPLC au quotidien, et cela devrait \u00e9galement se refl\u00e9ter dans le GBF : il est essentiel d&rsquo;aborder les questions d&rsquo;inclusion et de participation, mais il est tout aussi n\u00e9cessaire de trouver des solutions qui abordent les probl\u00e8mes affectant les IPLC par le biais d&rsquo;une approche plus globale qui reconna\u00eet le lien inextricable entre la biodiversit\u00e9 et les cultures et connaissances connexes et qui est fond\u00e9e sur le respect des droits de l&rsquo;homme en tant que cl\u00e9 de la conservation de la biodiversit\u00e9.  Nous esp\u00e9rons que le prochain cadre mondial pour la biodiversit\u00e9 s&rsquo;\u00e9loignera de la mentalit\u00e9 coloniale classique d&rsquo;exploitation de la biodiversit\u00e9 et des connaissances traditionnelles qui y sont li\u00e9es, pour adopter une approche qui inclut et consid\u00e8re l&rsquo;\u00eatre humain comme une partie int\u00e9grante d&rsquo;un \u00e9cosyst\u00e8me, et non comme une entit\u00e9 abstraite et diff\u00e9rente de celui-ci, comme semble le sugg\u00e9rer aujourd&rsquo;hui le m\u00eame objectif pour 2050, \u00ab\u00a0Vivre en harmonie avec la nature\u00a0\u00bb.<\/p><\/blockquote>\n<p> &nbsp;  <b><a href=\"https:\/\/www.foodsovereignty.org\/wp-content\/uploads\/2021\/01\/2020_12_10_IPC-Declaration_2-dialogue-thematique-PI-et-LC_CBD_FRA_DEF.pdf\">Cliquez ici<\/a> pour acc\u00e9der \u00e0 la version PDF<\/b>[\/vc_column_text][vc_single_image image=\u00a0\u00bb20780&Prime; img_size=\u00a0\u00bblarge\u00a0\u00bb alignment=\u00a0\u00bbcenter\u00a0\u00bb css=\u00a0\u00bb.vc_custom_1610470301037{padding-top: -60px !important;}\u00a0\u00bb][vc_column_text css=\u00a0\u00bb.vc_custom_1610471615235{margin-top: -15px !important;border-top-width: -15px !important;padding-top: -15px !important;}\u00a0\u00bb] <\/p>\n<h6>Cr\u00e9dits: Gisela Illescas Palma<\/h6>\n<p> [\/vc_column_text][\/vc_column][\/vc_row]<\/p>\n","protected":false},"excerpt":{"rendered":"<p>[vc_row][vc_column][vc_column_text]Le CIP a particip\u00e9 au Deuxi\u00e8me dialogue th\u00e9matique mondial pour les peuples autochtones et les communaut\u00e9s locales sur le cadre mondial pour la biodiversit\u00e9 post-2020 de la Convention sur la diversit\u00e9 biologique, organis\u00e9 pour donner aux peuples autochtones et aux communaut\u00e9s locales l&rsquo;occasion de r\u00e9fl\u00e9chir \u00e0 l&rsquo;\u00e9volution r\u00e9cente du cadre mondial pour la biodiversit\u00e9 post-2020, [&hellip;]<\/p>\n","protected":false},"author":1,"featured_media":2290,"comment_status":"closed","ping_status":"open","sticky":false,"template":"","format":"standard","meta":{"_acf_changed":false,"footnotes":""},"categories":[58,57],"tags":[118,87,82,107],"class_list":["post-1715","post","type-post","status-publish","format-standard","has-post-thumbnail","hentry","category-evenements","category-nouvelles","tag-biodiversity","tag-cbd","tag-declaration","tag-indigenous-people","working_groups_tax-agricultural-biodiversity","working_groups_tax-indigenous-peoples"],"acf":[],"yoast_head":"<!-- This site is optimized with the Yoast SEO plugin v27.4 - https:\/\/yoast.com\/product\/yoast-seo-wordpress\/ -->\n<title>Second Global Thematic Dialogue for Indigenous Peoples and Local Communities on the Post-2020 Global Biodiversity Framework - International Planning Committee for Food Sovereignty (IPC)<\/title>\n<meta name=\"robots\" content=\"index, follow, max-snippet:-1, max-image-preview:large, max-video-preview:-1\" \/>\n<link rel=\"canonical\" href=\"https:\/\/www.foodsovereignty.org\/fr\/second-global-thematic-dialogue-for-indigenous-peoples-and-local-communities-on-the-post-2020-global-biodiversity-framework\/\" \/>\n<meta property=\"og:locale\" content=\"fr_FR\" \/>\n<meta property=\"og:type\" content=\"article\" \/>\n<meta property=\"og:title\" content=\"Second Global Thematic Dialogue for Indigenous Peoples and Local Communities on the Post-2020 Global Biodiversity Framework - International Planning Committee for Food Sovereignty (IPC)\" \/>\n<meta property=\"og:description\" content=\"[vc_row][vc_column][vc_column_text]Le CIP a particip\u00e9 au Deuxi\u00e8me dialogue th\u00e9matique mondial pour les peuples autochtones et les communaut\u00e9s locales sur le cadre mondial pour la biodiversit\u00e9 post-2020 de la Convention sur la diversit\u00e9 biologique, organis\u00e9 pour donner aux peuples autochtones et aux communaut\u00e9s locales l&rsquo;occasion de r\u00e9fl\u00e9chir \u00e0 l&rsquo;\u00e9volution r\u00e9cente du cadre mondial pour la biodiversit\u00e9 post-2020, [&hellip;]\" \/>\n<meta property=\"og:url\" content=\"https:\/\/www.foodsovereignty.org\/fr\/second-global-thematic-dialogue-for-indigenous-peoples-and-local-communities-on-the-post-2020-global-biodiversity-framework\/\" \/>\n<meta property=\"og:site_name\" content=\"International Planning Committee for Food Sovereignty (IPC)\" \/>\n<meta property=\"article:published_time\" content=\"2021-01-08T10:20:50+00:00\" \/>\n<meta property=\"article:modified_time\" content=\"2024-01-30T22:57:49+00:00\" \/>\n<meta property=\"og:image\" content=\"https:\/\/www.foodsovereignty.org\/wp-content\/uploads\/2024\/01\/Post-2020_Global_Biodiversity_Framework_EN.png\" \/>\n\t<meta property=\"og:image:width\" content=\"3000\" \/>\n\t<meta property=\"og:image:height\" content=\"1055\" \/>\n\t<meta property=\"og:image:type\" content=\"image\/png\" \/>\n<meta name=\"author\" content=\"ipc_staging\" \/>\n<meta name=\"twitter:card\" content=\"summary_large_image\" \/>\n<meta name=\"twitter:label1\" content=\"\u00c9crit par\" \/>\n\t<meta name=\"twitter:data1\" content=\"ipc_staging\" \/>\n\t<meta name=\"twitter:label2\" content=\"Dur\u00e9e de lecture estim\u00e9e\" \/>\n\t<meta name=\"twitter:data2\" content=\"5 minutes\" \/>\n<script type=\"application\/ld+json\" class=\"yoast-schema-graph\">{\"@context\":\"https:\\\/\\\/schema.org\",\"@graph\":[{\"@type\":\"Article\",\"@id\":\"https:\\\/\\\/www.foodsovereignty.org\\\/fr\\\/second-global-thematic-dialogue-for-indigenous-peoples-and-local-communities-on-the-post-2020-global-biodiversity-framework\\\/#article\",\"isPartOf\":{\"@id\":\"https:\\\/\\\/www.foodsovereignty.org\\\/fr\\\/second-global-thematic-dialogue-for-indigenous-peoples-and-local-communities-on-the-post-2020-global-biodiversity-framework\\\/\"},\"author\":{\"name\":\"ipc_staging\",\"@id\":\"https:\\\/\\\/www.foodsovereignty.org\\\/fr\\\/#\\\/schema\\\/person\\\/2022da6fc0f89b23596d0a63d82b61e1\"},\"headline\":\"Second Global Thematic Dialogue for Indigenous Peoples and Local Communities on the Post-2020 Global Biodiversity Framework\",\"datePublished\":\"2021-01-08T10:20:50+00:00\",\"dateModified\":\"2024-01-30T22:57:49+00:00\",\"mainEntityOfPage\":{\"@id\":\"https:\\\/\\\/www.foodsovereignty.org\\\/fr\\\/second-global-thematic-dialogue-for-indigenous-peoples-and-local-communities-on-the-post-2020-global-biodiversity-framework\\\/\"},\"wordCount\":1080,\"image\":{\"@id\":\"https:\\\/\\\/www.foodsovereignty.org\\\/fr\\\/second-global-thematic-dialogue-for-indigenous-peoples-and-local-communities-on-the-post-2020-global-biodiversity-framework\\\/#primaryimage\"},\"thumbnailUrl\":\"https:\\\/\\\/www.foodsovereignty.org\\\/wp-content\\\/uploads\\\/2024\\\/01\\\/Post-2020_Global_Biodiversity_Framework_EN.png\",\"keywords\":[\"Biodiversity\",\"CBD\",\"declaration\",\"indigenous people\"],\"articleSection\":[\"\u00c9v\u00e9nements\",\"Nouvelles\"],\"inLanguage\":\"fr-FR\"},{\"@type\":\"WebPage\",\"@id\":\"https:\\\/\\\/www.foodsovereignty.org\\\/fr\\\/second-global-thematic-dialogue-for-indigenous-peoples-and-local-communities-on-the-post-2020-global-biodiversity-framework\\\/\",\"url\":\"https:\\\/\\\/www.foodsovereignty.org\\\/fr\\\/second-global-thematic-dialogue-for-indigenous-peoples-and-local-communities-on-the-post-2020-global-biodiversity-framework\\\/\",\"name\":\"Second Global Thematic Dialogue for Indigenous Peoples and Local Communities on the Post-2020 Global Biodiversity Framework - International Planning Committee for Food Sovereignty (IPC)\",\"isPartOf\":{\"@id\":\"https:\\\/\\\/www.foodsovereignty.org\\\/fr\\\/#website\"},\"primaryImageOfPage\":{\"@id\":\"https:\\\/\\\/www.foodsovereignty.org\\\/fr\\\/second-global-thematic-dialogue-for-indigenous-peoples-and-local-communities-on-the-post-2020-global-biodiversity-framework\\\/#primaryimage\"},\"image\":{\"@id\":\"https:\\\/\\\/www.foodsovereignty.org\\\/fr\\\/second-global-thematic-dialogue-for-indigenous-peoples-and-local-communities-on-the-post-2020-global-biodiversity-framework\\\/#primaryimage\"},\"thumbnailUrl\":\"https:\\\/\\\/www.foodsovereignty.org\\\/wp-content\\\/uploads\\\/2024\\\/01\\\/Post-2020_Global_Biodiversity_Framework_EN.png\",\"datePublished\":\"2021-01-08T10:20:50+00:00\",\"dateModified\":\"2024-01-30T22:57:49+00:00\",\"author\":{\"@id\":\"https:\\\/\\\/www.foodsovereignty.org\\\/fr\\\/#\\\/schema\\\/person\\\/2022da6fc0f89b23596d0a63d82b61e1\"},\"breadcrumb\":{\"@id\":\"https:\\\/\\\/www.foodsovereignty.org\\\/fr\\\/second-global-thematic-dialogue-for-indigenous-peoples-and-local-communities-on-the-post-2020-global-biodiversity-framework\\\/#breadcrumb\"},\"inLanguage\":\"fr-FR\",\"potentialAction\":[{\"@type\":\"ReadAction\",\"target\":[\"https:\\\/\\\/www.foodsovereignty.org\\\/fr\\\/second-global-thematic-dialogue-for-indigenous-peoples-and-local-communities-on-the-post-2020-global-biodiversity-framework\\\/\"]}]},{\"@type\":\"ImageObject\",\"inLanguage\":\"fr-FR\",\"@id\":\"https:\\\/\\\/www.foodsovereignty.org\\\/fr\\\/second-global-thematic-dialogue-for-indigenous-peoples-and-local-communities-on-the-post-2020-global-biodiversity-framework\\\/#primaryimage\",\"url\":\"https:\\\/\\\/www.foodsovereignty.org\\\/wp-content\\\/uploads\\\/2024\\\/01\\\/Post-2020_Global_Biodiversity_Framework_EN.png\",\"contentUrl\":\"https:\\\/\\\/www.foodsovereignty.org\\\/wp-content\\\/uploads\\\/2024\\\/01\\\/Post-2020_Global_Biodiversity_Framework_EN.png\",\"width\":3000,\"height\":1055},{\"@type\":\"BreadcrumbList\",\"@id\":\"https:\\\/\\\/www.foodsovereignty.org\\\/fr\\\/second-global-thematic-dialogue-for-indigenous-peoples-and-local-communities-on-the-post-2020-global-biodiversity-framework\\\/#breadcrumb\",\"itemListElement\":[{\"@type\":\"ListItem\",\"position\":1,\"name\":\"Home\",\"item\":\"https:\\\/\\\/www.foodsovereignty.org\\\/fr\\\/\"},{\"@type\":\"ListItem\",\"position\":2,\"name\":\"Second Global Thematic Dialogue for Indigenous Peoples and Local Communities on the Post-2020 Global Biodiversity Framework\"}]},{\"@type\":\"WebSite\",\"@id\":\"https:\\\/\\\/www.foodsovereignty.org\\\/fr\\\/#website\",\"url\":\"https:\\\/\\\/www.foodsovereignty.org\\\/fr\\\/\",\"name\":\"International Planning Committee for Food Sovereignty (IPC)\",\"description\":\"\",\"potentialAction\":[{\"@type\":\"SearchAction\",\"target\":{\"@type\":\"EntryPoint\",\"urlTemplate\":\"https:\\\/\\\/www.foodsovereignty.org\\\/fr\\\/?s={search_term_string}\"},\"query-input\":{\"@type\":\"PropertyValueSpecification\",\"valueRequired\":true,\"valueName\":\"search_term_string\"}}],\"inLanguage\":\"fr-FR\"},{\"@type\":\"Person\",\"@id\":\"https:\\\/\\\/www.foodsovereignty.org\\\/fr\\\/#\\\/schema\\\/person\\\/2022da6fc0f89b23596d0a63d82b61e1\",\"name\":\"ipc_staging\",\"image\":{\"@type\":\"ImageObject\",\"inLanguage\":\"fr-FR\",\"@id\":\"https:\\\/\\\/secure.gravatar.com\\\/avatar\\\/fce93258e0a23ad6ba66052185f81fce65925c41d889b9d1b920a76951c434af?s=96&d=mm&r=g\",\"url\":\"https:\\\/\\\/secure.gravatar.com\\\/avatar\\\/fce93258e0a23ad6ba66052185f81fce65925c41d889b9d1b920a76951c434af?s=96&d=mm&r=g\",\"contentUrl\":\"https:\\\/\\\/secure.gravatar.com\\\/avatar\\\/fce93258e0a23ad6ba66052185f81fce65925c41d889b9d1b920a76951c434af?s=96&d=mm&r=g\",\"caption\":\"ipc_staging\"},\"sameAs\":[\"http:\\\/\\\/_\"],\"url\":\"https:\\\/\\\/www.foodsovereignty.org\\\/fr\\\/author\\\/ipc_staging\\\/\"}]}<\/script>\n<!-- \/ Yoast SEO plugin. -->","yoast_head_json":{"title":"Second Global Thematic Dialogue for Indigenous Peoples and Local Communities on the Post-2020 Global Biodiversity Framework - International Planning Committee for Food Sovereignty (IPC)","robots":{"index":"index","follow":"follow","max-snippet":"max-snippet:-1","max-image-preview":"max-image-preview:large","max-video-preview":"max-video-preview:-1"},"canonical":"https:\/\/www.foodsovereignty.org\/fr\/second-global-thematic-dialogue-for-indigenous-peoples-and-local-communities-on-the-post-2020-global-biodiversity-framework\/","og_locale":"fr_FR","og_type":"article","og_title":"Second Global Thematic Dialogue for Indigenous Peoples and Local Communities on the Post-2020 Global Biodiversity Framework - International Planning Committee for Food Sovereignty (IPC)","og_description":"[vc_row][vc_column][vc_column_text]Le CIP a particip\u00e9 au Deuxi\u00e8me dialogue th\u00e9matique mondial pour les peuples autochtones et les communaut\u00e9s locales sur le cadre mondial pour la biodiversit\u00e9 post-2020 de la Convention sur la diversit\u00e9 biologique, organis\u00e9 pour donner aux peuples autochtones et aux communaut\u00e9s locales l&rsquo;occasion de r\u00e9fl\u00e9chir \u00e0 l&rsquo;\u00e9volution r\u00e9cente du cadre mondial pour la biodiversit\u00e9 post-2020, [&hellip;]","og_url":"https:\/\/www.foodsovereignty.org\/fr\/second-global-thematic-dialogue-for-indigenous-peoples-and-local-communities-on-the-post-2020-global-biodiversity-framework\/","og_site_name":"International Planning Committee for Food Sovereignty (IPC)","article_published_time":"2021-01-08T10:20:50+00:00","article_modified_time":"2024-01-30T22:57:49+00:00","og_image":[{"width":3000,"height":1055,"url":"https:\/\/www.foodsovereignty.org\/wp-content\/uploads\/2024\/01\/Post-2020_Global_Biodiversity_Framework_EN.png","type":"image\/png"}],"author":"ipc_staging","twitter_card":"summary_large_image","twitter_misc":{"\u00c9crit par":"ipc_staging","Dur\u00e9e de lecture estim\u00e9e":"5 minutes"},"schema":{"@context":"https:\/\/schema.org","@graph":[{"@type":"Article","@id":"https:\/\/www.foodsovereignty.org\/fr\/second-global-thematic-dialogue-for-indigenous-peoples-and-local-communities-on-the-post-2020-global-biodiversity-framework\/#article","isPartOf":{"@id":"https:\/\/www.foodsovereignty.org\/fr\/second-global-thematic-dialogue-for-indigenous-peoples-and-local-communities-on-the-post-2020-global-biodiversity-framework\/"},"author":{"name":"ipc_staging","@id":"https:\/\/www.foodsovereignty.org\/fr\/#\/schema\/person\/2022da6fc0f89b23596d0a63d82b61e1"},"headline":"Second Global Thematic Dialogue for Indigenous Peoples and Local Communities on the Post-2020 Global Biodiversity Framework","datePublished":"2021-01-08T10:20:50+00:00","dateModified":"2024-01-30T22:57:49+00:00","mainEntityOfPage":{"@id":"https:\/\/www.foodsovereignty.org\/fr\/second-global-thematic-dialogue-for-indigenous-peoples-and-local-communities-on-the-post-2020-global-biodiversity-framework\/"},"wordCount":1080,"image":{"@id":"https:\/\/www.foodsovereignty.org\/fr\/second-global-thematic-dialogue-for-indigenous-peoples-and-local-communities-on-the-post-2020-global-biodiversity-framework\/#primaryimage"},"thumbnailUrl":"https:\/\/www.foodsovereignty.org\/wp-content\/uploads\/2024\/01\/Post-2020_Global_Biodiversity_Framework_EN.png","keywords":["Biodiversity","CBD","declaration","indigenous people"],"articleSection":["\u00c9v\u00e9nements","Nouvelles"],"inLanguage":"fr-FR"},{"@type":"WebPage","@id":"https:\/\/www.foodsovereignty.org\/fr\/second-global-thematic-dialogue-for-indigenous-peoples-and-local-communities-on-the-post-2020-global-biodiversity-framework\/","url":"https:\/\/www.foodsovereignty.org\/fr\/second-global-thematic-dialogue-for-indigenous-peoples-and-local-communities-on-the-post-2020-global-biodiversity-framework\/","name":"Second Global Thematic Dialogue for Indigenous Peoples and Local Communities on the Post-2020 Global Biodiversity Framework - International Planning Committee for Food Sovereignty (IPC)","isPartOf":{"@id":"https:\/\/www.foodsovereignty.org\/fr\/#website"},"primaryImageOfPage":{"@id":"https:\/\/www.foodsovereignty.org\/fr\/second-global-thematic-dialogue-for-indigenous-peoples-and-local-communities-on-the-post-2020-global-biodiversity-framework\/#primaryimage"},"image":{"@id":"https:\/\/www.foodsovereignty.org\/fr\/second-global-thematic-dialogue-for-indigenous-peoples-and-local-communities-on-the-post-2020-global-biodiversity-framework\/#primaryimage"},"thumbnailUrl":"https:\/\/www.foodsovereignty.org\/wp-content\/uploads\/2024\/01\/Post-2020_Global_Biodiversity_Framework_EN.png","datePublished":"2021-01-08T10:20:50+00:00","dateModified":"2024-01-30T22:57:49+00:00","author":{"@id":"https:\/\/www.foodsovereignty.org\/fr\/#\/schema\/person\/2022da6fc0f89b23596d0a63d82b61e1"},"breadcrumb":{"@id":"https:\/\/www.foodsovereignty.org\/fr\/second-global-thematic-dialogue-for-indigenous-peoples-and-local-communities-on-the-post-2020-global-biodiversity-framework\/#breadcrumb"},"inLanguage":"fr-FR","potentialAction":[{"@type":"ReadAction","target":["https:\/\/www.foodsovereignty.org\/fr\/second-global-thematic-dialogue-for-indigenous-peoples-and-local-communities-on-the-post-2020-global-biodiversity-framework\/"]}]},{"@type":"ImageObject","inLanguage":"fr-FR","@id":"https:\/\/www.foodsovereignty.org\/fr\/second-global-thematic-dialogue-for-indigenous-peoples-and-local-communities-on-the-post-2020-global-biodiversity-framework\/#primaryimage","url":"https:\/\/www.foodsovereignty.org\/wp-content\/uploads\/2024\/01\/Post-2020_Global_Biodiversity_Framework_EN.png","contentUrl":"https:\/\/www.foodsovereignty.org\/wp-content\/uploads\/2024\/01\/Post-2020_Global_Biodiversity_Framework_EN.png","width":3000,"height":1055},{"@type":"BreadcrumbList","@id":"https:\/\/www.foodsovereignty.org\/fr\/second-global-thematic-dialogue-for-indigenous-peoples-and-local-communities-on-the-post-2020-global-biodiversity-framework\/#breadcrumb","itemListElement":[{"@type":"ListItem","position":1,"name":"Home","item":"https:\/\/www.foodsovereignty.org\/fr\/"},{"@type":"ListItem","position":2,"name":"Second Global Thematic Dialogue for Indigenous Peoples and Local Communities on the Post-2020 Global Biodiversity Framework"}]},{"@type":"WebSite","@id":"https:\/\/www.foodsovereignty.org\/fr\/#website","url":"https:\/\/www.foodsovereignty.org\/fr\/","name":"International Planning Committee for Food Sovereignty (IPC)","description":"","potentialAction":[{"@type":"SearchAction","target":{"@type":"EntryPoint","urlTemplate":"https:\/\/www.foodsovereignty.org\/fr\/?s={search_term_string}"},"query-input":{"@type":"PropertyValueSpecification","valueRequired":true,"valueName":"search_term_string"}}],"inLanguage":"fr-FR"},{"@type":"Person","@id":"https:\/\/www.foodsovereignty.org\/fr\/#\/schema\/person\/2022da6fc0f89b23596d0a63d82b61e1","name":"ipc_staging","image":{"@type":"ImageObject","inLanguage":"fr-FR","@id":"https:\/\/secure.gravatar.com\/avatar\/fce93258e0a23ad6ba66052185f81fce65925c41d889b9d1b920a76951c434af?s=96&d=mm&r=g","url":"https:\/\/secure.gravatar.com\/avatar\/fce93258e0a23ad6ba66052185f81fce65925c41d889b9d1b920a76951c434af?s=96&d=mm&r=g","contentUrl":"https:\/\/secure.gravatar.com\/avatar\/fce93258e0a23ad6ba66052185f81fce65925c41d889b9d1b920a76951c434af?s=96&d=mm&r=g","caption":"ipc_staging"},"sameAs":["http:\/\/_"],"url":"https:\/\/www.foodsovereignty.org\/fr\/author\/ipc_staging\/"}]}},"_links":{"self":[{"href":"https:\/\/www.foodsovereignty.org\/fr\/wp-json\/wp\/v2\/posts\/1715","targetHints":{"allow":["GET"]}}],"collection":[{"href":"https:\/\/www.foodsovereignty.org\/fr\/wp-json\/wp\/v2\/posts"}],"about":[{"href":"https:\/\/www.foodsovereignty.org\/fr\/wp-json\/wp\/v2\/types\/post"}],"author":[{"embeddable":true,"href":"https:\/\/www.foodsovereignty.org\/fr\/wp-json\/wp\/v2\/users\/1"}],"replies":[{"embeddable":true,"href":"https:\/\/www.foodsovereignty.org\/fr\/wp-json\/wp\/v2\/comments?post=1715"}],"version-history":[{"count":1,"href":"https:\/\/www.foodsovereignty.org\/fr\/wp-json\/wp\/v2\/posts\/1715\/revisions"}],"predecessor-version":[{"id":1719,"href":"https:\/\/www.foodsovereignty.org\/fr\/wp-json\/wp\/v2\/posts\/1715\/revisions\/1719"}],"wp:featuredmedia":[{"embeddable":true,"href":"https:\/\/www.foodsovereignty.org\/fr\/wp-json\/wp\/v2\/media\/2290"}],"wp:attachment":[{"href":"https:\/\/www.foodsovereignty.org\/fr\/wp-json\/wp\/v2\/media?parent=1715"}],"wp:term":[{"taxonomy":"category","embeddable":true,"href":"https:\/\/www.foodsovereignty.org\/fr\/wp-json\/wp\/v2\/categories?post=1715"},{"taxonomy":"post_tag","embeddable":true,"href":"https:\/\/www.foodsovereignty.org\/fr\/wp-json\/wp\/v2\/tags?post=1715"}],"curies":[{"name":"wp","href":"https:\/\/api.w.org\/{rel}","templated":true}]}}