{"id":1738,"date":"2021-05-05T10:00:59","date_gmt":"2021-05-05T10:00:59","guid":{"rendered":"https:\/\/www.foodsovereignty.org\/seance-douverture-quatrieme-reunion-du-groupe-special-dexperts-techniques-sur-les-droits-des-agriculteurs\/"},"modified":"2024-01-30T22:58:04","modified_gmt":"2024-01-30T22:58:04","slug":"seance-douverture-quatrieme-reunion-du-groupe-special-dexperts-techniques-sur-les-droits-des-agriculteurs","status":"publish","type":"post","link":"https:\/\/www.foodsovereignty.org\/fr\/seance-douverture-quatrieme-reunion-du-groupe-special-dexperts-techniques-sur-les-droits-des-agriculteurs\/","title":{"rendered":"S\u00e9ance d\u2019ouverture: Quatri\u00e8me r\u00e9union du Groupe sp\u00e9cial d\u2019experts techniques sur les droits des agriculteurs"},"content":{"rendered":"<p>La <strong>quatri\u00e8me r\u00e9union du Groupe sp\u00e9cial d&rsquo;experts techniques (AHTEG)<\/strong> <strong>sur les droits des agriculteurs<\/strong> du Trait\u00e9 international sur les ressources phytog\u00e9n\u00e9tiques pour l&rsquo;alimentation et l&rsquo;agriculture (TIRPAA) a officiellement d\u00e9but\u00e9 hier 4 mai, avec un ordre du jour quotidien des d\u00e9bats se terminant le 7 mai. Le CIP participe \u00e0 cette importante r\u00e9union virtuelle gr\u00e2ce \u00e0 la participation de quatre experts des organisations membres du CIP. Ce sera une semaine importante, au cours de laquelle le groupe des travail du CIP sur l&rsquo;agrobiodiversit\u00e9 soutiendra les experts des organisations paysannes et de la soci\u00e9t\u00e9 civile dans la discussion des options que les pays pourraient adopter pour la mise en \u0153uvre des droits des agriculteurs au niveau national.  Lors de la s\u00e9ance d\u2019ouverture d\u2019hier, <strong>l\u2019expert du CIP Alimata Traor\u00e9<\/strong> a commenc\u00e9 sa d\u00e9claration liminaire en soulignant sa profonde pr\u00e9occupation face \u00e0 un processus qui peine encore \u00e0 faciliter la participation des paysans aux discussions de cette r\u00e9union. Elle poursuit en d\u00e9clarant: \u201cNous avons re\u00e7u les documents trop tard, quelques jours seulement avant le d\u00e9but de cette r\u00e9union. Le document qui est cens\u00e9 guider nos discussions cette semaine est tr\u00e8s complexe et nous devrions tous avoir suffisamment de temps pour l&rsquo;\u00e9tudier avant la r\u00e9union et pour nous pr\u00e9parer.\u201d  Alimata Traor\u00e9 souligne \u00e9galement la difficult\u00e9 technique que rencontrent les agriculteurs \u00e0 devoir assister \u00e0 cette r\u00e9union virtuelle avec des connexions internet souvent instables. Il s&rsquo;agit de la deuxi\u00e8me \u00e9dition virtuelle, apr\u00e8s la troisi\u00e8me r\u00e9union du groupe sp\u00e9cial d&rsquo;experts techniques des 25 et 28 ao\u00fbt 2020. \u201cDans ces circonstances, nous nous r\u00e9servons le droit de ne pas accepter le rapport de cette r\u00e9union du groupe d&rsquo;experts ou un document final sur les Options, si les repr\u00e9sentants des agriculteurs ont des difficult\u00e9s \u00e0 participer efficacement et \u00e9quitablement en raison du manque de disponibilit\u00e9 en temps opportun des documents de travail dans les quatre langues et la modalit\u00e9 virtuelle\u201d, d\u00e9clare Traor\u00e9. Elle affirme que la validation du document final sur les options &#8211; qui sera pr\u00e9sent\u00e9 \u00e0 la neuvi\u00e8me r\u00e9union du Conseil d&rsquo;administration &#8211; ne devrait \u00eatre ex\u00e9cut\u00e9e que sur la base d&rsquo;un document re\u00e7u au moins six semaines avant la r\u00e9union, traduit dans toutes les langues de travail, et pour lesquelles des options viables de pr\u00e9sence physique doivent \u00eatre pr\u00e9alablement \u00e9valu\u00e9es.  Sa d\u00e9claration d&rsquo;ouverture se termine par un dernier message, affirmant que \u201cNos discussions portent sur des droits qui ne deviennent effectifs que s&rsquo;ils sont reconnus et ex\u00e9cutoires sous la forme de lois. Il est essentiel que cela se refl\u00e8te dans les options, et la cat\u00e9gorie 10 est la cl\u00e9 de ce processus et du mandat que l\u2019Organe directeur nous a confi\u00e9. Je souhaite donc que nos discussions soient organis\u00e9es de mani\u00e8re \u00e0 ce que nous puissions aborder la Cat\u00e9gorie 10 en profondeur pour tirer le meilleur parti de notre temps ensemble.\u201d  Aujourd\u2019hui, les experts continueront d\u2019examiner le document sur les Options sur lequel le Groupe travaille. Au cours de la r\u00e9union d&rsquo;hier, plusieurs questions fondamentales et critiques ont \u00e9t\u00e9 abord\u00e9es, telles que la nature collective des droits des agriculteurs et l&rsquo;importance d&rsquo;identifier les agriculteurs et les peuples autochtones comme titulaires de droits et non comme parties prenantes. S&rsquo;il est important de se rappeler que cette r\u00e9union n&rsquo;est pas une n\u00e9gociation, les experts entreront aujourd&rsquo;hui au c\u0153ur du processus en discutant du contenu des Options; nous esp\u00e9rons que tous les experts s&rsquo;engageront dans une discussion constructive visant \u00e0 la r\u00e9alisation et \u00e0 l&rsquo;application des droits des agriculteurs au niveau national, et non \u00e0 la protection des positions du secteur priv\u00e9 et de l&rsquo;industrie semenci\u00e8re.<\/p>\n","protected":false},"excerpt":{"rendered":"<p>La quatri\u00e8me r\u00e9union du Groupe sp\u00e9cial d&rsquo;experts techniques (AHTEG) sur les droits des agriculteurs du Trait\u00e9 international sur les ressources phytog\u00e9n\u00e9tiques pour l&rsquo;alimentation et l&rsquo;agriculture (TIRPAA) a officiellement d\u00e9but\u00e9 hier 4 mai, avec un ordre du jour quotidien des d\u00e9bats se terminant le 7 mai. Le CIP participe \u00e0 cette importante r\u00e9union virtuelle gr\u00e2ce \u00e0 [&hellip;]<\/p>\n","protected":false},"author":1,"featured_media":2317,"comment_status":"closed","ping_status":"open","sticky":false,"template":"","format":"standard","meta":{"_acf_changed":false,"footnotes":""},"categories":[57],"tags":[],"class_list":["post-1738","post","type-post","status-publish","format-standard","has-post-thumbnail","hentry","category-nouvelles","working_groups_tax-agricultural-biodiversity"],"acf":[],"yoast_head":"<!-- This site is optimized with the Yoast SEO plugin v27.4 - https:\/\/yoast.com\/product\/yoast-seo-wordpress\/ -->\n<title>S\u00e9ance d\u2019ouverture: Quatri\u00e8me r\u00e9union du Groupe sp\u00e9cial d\u2019experts techniques sur les droits des agriculteurs - International Planning Committee for Food Sovereignty (IPC)<\/title>\n<meta name=\"robots\" content=\"index, follow, max-snippet:-1, max-image-preview:large, max-video-preview:-1\" \/>\n<link rel=\"canonical\" href=\"https:\/\/www.foodsovereignty.org\/fr\/seance-douverture-quatrieme-reunion-du-groupe-special-dexperts-techniques-sur-les-droits-des-agriculteurs\/\" \/>\n<meta property=\"og:locale\" content=\"fr_FR\" \/>\n<meta property=\"og:type\" content=\"article\" \/>\n<meta property=\"og:title\" content=\"S\u00e9ance d\u2019ouverture: Quatri\u00e8me r\u00e9union du Groupe sp\u00e9cial d\u2019experts techniques sur les droits des agriculteurs - International Planning Committee for Food Sovereignty (IPC)\" \/>\n<meta property=\"og:description\" content=\"La quatri\u00e8me r\u00e9union du Groupe sp\u00e9cial d&rsquo;experts techniques (AHTEG) sur les droits des agriculteurs du Trait\u00e9 international sur les ressources phytog\u00e9n\u00e9tiques pour l&rsquo;alimentation et l&rsquo;agriculture (TIRPAA) a officiellement d\u00e9but\u00e9 hier 4 mai, avec un ordre du jour quotidien des d\u00e9bats se terminant le 7 mai. Le CIP participe \u00e0 cette importante r\u00e9union virtuelle gr\u00e2ce \u00e0 [&hellip;]\" \/>\n<meta property=\"og:url\" content=\"https:\/\/www.foodsovereignty.org\/fr\/seance-douverture-quatrieme-reunion-du-groupe-special-dexperts-techniques-sur-les-droits-des-agriculteurs\/\" \/>\n<meta property=\"og:site_name\" content=\"International Planning Committee for Food Sovereignty (IPC)\" \/>\n<meta property=\"article:published_time\" content=\"2021-05-05T10:00:59+00:00\" \/>\n<meta property=\"article:modified_time\" content=\"2024-01-30T22:58:04+00:00\" \/>\n<meta property=\"og:image\" content=\"https:\/\/www.foodsovereignty.org\/wp-content\/uploads\/2024\/01\/IPC-ITPGRFA_Declaration.png\" \/>\n\t<meta property=\"og:image:width\" content=\"9000\" \/>\n\t<meta property=\"og:image:height\" content=\"3165\" \/>\n\t<meta property=\"og:image:type\" content=\"image\/png\" \/>\n<meta name=\"author\" content=\"ipc_staging\" \/>\n<meta name=\"twitter:card\" content=\"summary_large_image\" \/>\n<meta name=\"twitter:label1\" content=\"\u00c9crit par\" \/>\n\t<meta name=\"twitter:data1\" content=\"ipc_staging\" \/>\n\t<meta name=\"twitter:label2\" content=\"Dur\u00e9e de lecture estim\u00e9e\" \/>\n\t<meta name=\"twitter:data2\" content=\"3 minutes\" \/>\n<script type=\"application\/ld+json\" class=\"yoast-schema-graph\">{\"@context\":\"https:\\\/\\\/schema.org\",\"@graph\":[{\"@type\":\"Article\",\"@id\":\"https:\\\/\\\/www.foodsovereignty.org\\\/fr\\\/seance-douverture-quatrieme-reunion-du-groupe-special-dexperts-techniques-sur-les-droits-des-agriculteurs\\\/#article\",\"isPartOf\":{\"@id\":\"https:\\\/\\\/www.foodsovereignty.org\\\/fr\\\/seance-douverture-quatrieme-reunion-du-groupe-special-dexperts-techniques-sur-les-droits-des-agriculteurs\\\/\"},\"author\":{\"name\":\"ipc_staging\",\"@id\":\"https:\\\/\\\/www.foodsovereignty.org\\\/fr\\\/#\\\/schema\\\/person\\\/2022da6fc0f89b23596d0a63d82b61e1\"},\"headline\":\"S\u00e9ance d\u2019ouverture: Quatri\u00e8me r\u00e9union du Groupe sp\u00e9cial d\u2019experts techniques sur les droits des agriculteurs\",\"datePublished\":\"2021-05-05T10:00:59+00:00\",\"dateModified\":\"2024-01-30T22:58:04+00:00\",\"mainEntityOfPage\":{\"@id\":\"https:\\\/\\\/www.foodsovereignty.org\\\/fr\\\/seance-douverture-quatrieme-reunion-du-groupe-special-dexperts-techniques-sur-les-droits-des-agriculteurs\\\/\"},\"wordCount\":673,\"image\":{\"@id\":\"https:\\\/\\\/www.foodsovereignty.org\\\/fr\\\/seance-douverture-quatrieme-reunion-du-groupe-special-dexperts-techniques-sur-les-droits-des-agriculteurs\\\/#primaryimage\"},\"thumbnailUrl\":\"https:\\\/\\\/www.foodsovereignty.org\\\/wp-content\\\/uploads\\\/2024\\\/01\\\/IPC-ITPGRFA_Declaration.png\",\"articleSection\":[\"Nouvelles\"],\"inLanguage\":\"fr-FR\"},{\"@type\":\"WebPage\",\"@id\":\"https:\\\/\\\/www.foodsovereignty.org\\\/fr\\\/seance-douverture-quatrieme-reunion-du-groupe-special-dexperts-techniques-sur-les-droits-des-agriculteurs\\\/\",\"url\":\"https:\\\/\\\/www.foodsovereignty.org\\\/fr\\\/seance-douverture-quatrieme-reunion-du-groupe-special-dexperts-techniques-sur-les-droits-des-agriculteurs\\\/\",\"name\":\"S\u00e9ance d\u2019ouverture: Quatri\u00e8me r\u00e9union du Groupe sp\u00e9cial d\u2019experts techniques sur les droits des agriculteurs - International Planning Committee for Food Sovereignty (IPC)\",\"isPartOf\":{\"@id\":\"https:\\\/\\\/www.foodsovereignty.org\\\/fr\\\/#website\"},\"primaryImageOfPage\":{\"@id\":\"https:\\\/\\\/www.foodsovereignty.org\\\/fr\\\/seance-douverture-quatrieme-reunion-du-groupe-special-dexperts-techniques-sur-les-droits-des-agriculteurs\\\/#primaryimage\"},\"image\":{\"@id\":\"https:\\\/\\\/www.foodsovereignty.org\\\/fr\\\/seance-douverture-quatrieme-reunion-du-groupe-special-dexperts-techniques-sur-les-droits-des-agriculteurs\\\/#primaryimage\"},\"thumbnailUrl\":\"https:\\\/\\\/www.foodsovereignty.org\\\/wp-content\\\/uploads\\\/2024\\\/01\\\/IPC-ITPGRFA_Declaration.png\",\"datePublished\":\"2021-05-05T10:00:59+00:00\",\"dateModified\":\"2024-01-30T22:58:04+00:00\",\"author\":{\"@id\":\"https:\\\/\\\/www.foodsovereignty.org\\\/fr\\\/#\\\/schema\\\/person\\\/2022da6fc0f89b23596d0a63d82b61e1\"},\"breadcrumb\":{\"@id\":\"https:\\\/\\\/www.foodsovereignty.org\\\/fr\\\/seance-douverture-quatrieme-reunion-du-groupe-special-dexperts-techniques-sur-les-droits-des-agriculteurs\\\/#breadcrumb\"},\"inLanguage\":\"fr-FR\",\"potentialAction\":[{\"@type\":\"ReadAction\",\"target\":[\"https:\\\/\\\/www.foodsovereignty.org\\\/fr\\\/seance-douverture-quatrieme-reunion-du-groupe-special-dexperts-techniques-sur-les-droits-des-agriculteurs\\\/\"]}]},{\"@type\":\"ImageObject\",\"inLanguage\":\"fr-FR\",\"@id\":\"https:\\\/\\\/www.foodsovereignty.org\\\/fr\\\/seance-douverture-quatrieme-reunion-du-groupe-special-dexperts-techniques-sur-les-droits-des-agriculteurs\\\/#primaryimage\",\"url\":\"https:\\\/\\\/www.foodsovereignty.org\\\/wp-content\\\/uploads\\\/2024\\\/01\\\/IPC-ITPGRFA_Declaration.png\",\"contentUrl\":\"https:\\\/\\\/www.foodsovereignty.org\\\/wp-content\\\/uploads\\\/2024\\\/01\\\/IPC-ITPGRFA_Declaration.png\",\"width\":9000,\"height\":3165},{\"@type\":\"BreadcrumbList\",\"@id\":\"https:\\\/\\\/www.foodsovereignty.org\\\/fr\\\/seance-douverture-quatrieme-reunion-du-groupe-special-dexperts-techniques-sur-les-droits-des-agriculteurs\\\/#breadcrumb\",\"itemListElement\":[{\"@type\":\"ListItem\",\"position\":1,\"name\":\"Home\",\"item\":\"https:\\\/\\\/www.foodsovereignty.org\\\/fr\\\/\"},{\"@type\":\"ListItem\",\"position\":2,\"name\":\"S\u00e9ance d\u2019ouverture: Quatri\u00e8me r\u00e9union du Groupe sp\u00e9cial d\u2019experts techniques sur les droits des agriculteurs\"}]},{\"@type\":\"WebSite\",\"@id\":\"https:\\\/\\\/www.foodsovereignty.org\\\/fr\\\/#website\",\"url\":\"https:\\\/\\\/www.foodsovereignty.org\\\/fr\\\/\",\"name\":\"International Planning Committee for Food Sovereignty (IPC)\",\"description\":\"\",\"potentialAction\":[{\"@type\":\"SearchAction\",\"target\":{\"@type\":\"EntryPoint\",\"urlTemplate\":\"https:\\\/\\\/www.foodsovereignty.org\\\/fr\\\/?s={search_term_string}\"},\"query-input\":{\"@type\":\"PropertyValueSpecification\",\"valueRequired\":true,\"valueName\":\"search_term_string\"}}],\"inLanguage\":\"fr-FR\"},{\"@type\":\"Person\",\"@id\":\"https:\\\/\\\/www.foodsovereignty.org\\\/fr\\\/#\\\/schema\\\/person\\\/2022da6fc0f89b23596d0a63d82b61e1\",\"name\":\"ipc_staging\",\"image\":{\"@type\":\"ImageObject\",\"inLanguage\":\"fr-FR\",\"@id\":\"https:\\\/\\\/secure.gravatar.com\\\/avatar\\\/fce93258e0a23ad6ba66052185f81fce65925c41d889b9d1b920a76951c434af?s=96&d=mm&r=g\",\"url\":\"https:\\\/\\\/secure.gravatar.com\\\/avatar\\\/fce93258e0a23ad6ba66052185f81fce65925c41d889b9d1b920a76951c434af?s=96&d=mm&r=g\",\"contentUrl\":\"https:\\\/\\\/secure.gravatar.com\\\/avatar\\\/fce93258e0a23ad6ba66052185f81fce65925c41d889b9d1b920a76951c434af?s=96&d=mm&r=g\",\"caption\":\"ipc_staging\"},\"sameAs\":[\"http:\\\/\\\/_\"],\"url\":\"https:\\\/\\\/www.foodsovereignty.org\\\/fr\\\/author\\\/ipc_staging\\\/\"}]}<\/script>\n<!-- \/ Yoast SEO plugin. -->","yoast_head_json":{"title":"S\u00e9ance d\u2019ouverture: Quatri\u00e8me r\u00e9union du Groupe sp\u00e9cial d\u2019experts techniques sur les droits des agriculteurs - International Planning Committee for Food Sovereignty (IPC)","robots":{"index":"index","follow":"follow","max-snippet":"max-snippet:-1","max-image-preview":"max-image-preview:large","max-video-preview":"max-video-preview:-1"},"canonical":"https:\/\/www.foodsovereignty.org\/fr\/seance-douverture-quatrieme-reunion-du-groupe-special-dexperts-techniques-sur-les-droits-des-agriculteurs\/","og_locale":"fr_FR","og_type":"article","og_title":"S\u00e9ance d\u2019ouverture: Quatri\u00e8me r\u00e9union du Groupe sp\u00e9cial d\u2019experts techniques sur les droits des agriculteurs - International Planning Committee for Food Sovereignty (IPC)","og_description":"La quatri\u00e8me r\u00e9union du Groupe sp\u00e9cial d&rsquo;experts techniques (AHTEG) sur les droits des agriculteurs du Trait\u00e9 international sur les ressources phytog\u00e9n\u00e9tiques pour l&rsquo;alimentation et l&rsquo;agriculture (TIRPAA) a officiellement d\u00e9but\u00e9 hier 4 mai, avec un ordre du jour quotidien des d\u00e9bats se terminant le 7 mai. Le CIP participe \u00e0 cette importante r\u00e9union virtuelle gr\u00e2ce \u00e0 [&hellip;]","og_url":"https:\/\/www.foodsovereignty.org\/fr\/seance-douverture-quatrieme-reunion-du-groupe-special-dexperts-techniques-sur-les-droits-des-agriculteurs\/","og_site_name":"International Planning Committee for Food Sovereignty (IPC)","article_published_time":"2021-05-05T10:00:59+00:00","article_modified_time":"2024-01-30T22:58:04+00:00","og_image":[{"width":9000,"height":3165,"url":"https:\/\/www.foodsovereignty.org\/wp-content\/uploads\/2024\/01\/IPC-ITPGRFA_Declaration.png","type":"image\/png"}],"author":"ipc_staging","twitter_card":"summary_large_image","twitter_misc":{"\u00c9crit par":"ipc_staging","Dur\u00e9e de lecture estim\u00e9e":"3 minutes"},"schema":{"@context":"https:\/\/schema.org","@graph":[{"@type":"Article","@id":"https:\/\/www.foodsovereignty.org\/fr\/seance-douverture-quatrieme-reunion-du-groupe-special-dexperts-techniques-sur-les-droits-des-agriculteurs\/#article","isPartOf":{"@id":"https:\/\/www.foodsovereignty.org\/fr\/seance-douverture-quatrieme-reunion-du-groupe-special-dexperts-techniques-sur-les-droits-des-agriculteurs\/"},"author":{"name":"ipc_staging","@id":"https:\/\/www.foodsovereignty.org\/fr\/#\/schema\/person\/2022da6fc0f89b23596d0a63d82b61e1"},"headline":"S\u00e9ance d\u2019ouverture: Quatri\u00e8me r\u00e9union du Groupe sp\u00e9cial d\u2019experts techniques sur les droits des agriculteurs","datePublished":"2021-05-05T10:00:59+00:00","dateModified":"2024-01-30T22:58:04+00:00","mainEntityOfPage":{"@id":"https:\/\/www.foodsovereignty.org\/fr\/seance-douverture-quatrieme-reunion-du-groupe-special-dexperts-techniques-sur-les-droits-des-agriculteurs\/"},"wordCount":673,"image":{"@id":"https:\/\/www.foodsovereignty.org\/fr\/seance-douverture-quatrieme-reunion-du-groupe-special-dexperts-techniques-sur-les-droits-des-agriculteurs\/#primaryimage"},"thumbnailUrl":"https:\/\/www.foodsovereignty.org\/wp-content\/uploads\/2024\/01\/IPC-ITPGRFA_Declaration.png","articleSection":["Nouvelles"],"inLanguage":"fr-FR"},{"@type":"WebPage","@id":"https:\/\/www.foodsovereignty.org\/fr\/seance-douverture-quatrieme-reunion-du-groupe-special-dexperts-techniques-sur-les-droits-des-agriculteurs\/","url":"https:\/\/www.foodsovereignty.org\/fr\/seance-douverture-quatrieme-reunion-du-groupe-special-dexperts-techniques-sur-les-droits-des-agriculteurs\/","name":"S\u00e9ance d\u2019ouverture: Quatri\u00e8me r\u00e9union du Groupe sp\u00e9cial d\u2019experts techniques sur les droits des agriculteurs - International Planning Committee for Food Sovereignty (IPC)","isPartOf":{"@id":"https:\/\/www.foodsovereignty.org\/fr\/#website"},"primaryImageOfPage":{"@id":"https:\/\/www.foodsovereignty.org\/fr\/seance-douverture-quatrieme-reunion-du-groupe-special-dexperts-techniques-sur-les-droits-des-agriculteurs\/#primaryimage"},"image":{"@id":"https:\/\/www.foodsovereignty.org\/fr\/seance-douverture-quatrieme-reunion-du-groupe-special-dexperts-techniques-sur-les-droits-des-agriculteurs\/#primaryimage"},"thumbnailUrl":"https:\/\/www.foodsovereignty.org\/wp-content\/uploads\/2024\/01\/IPC-ITPGRFA_Declaration.png","datePublished":"2021-05-05T10:00:59+00:00","dateModified":"2024-01-30T22:58:04+00:00","author":{"@id":"https:\/\/www.foodsovereignty.org\/fr\/#\/schema\/person\/2022da6fc0f89b23596d0a63d82b61e1"},"breadcrumb":{"@id":"https:\/\/www.foodsovereignty.org\/fr\/seance-douverture-quatrieme-reunion-du-groupe-special-dexperts-techniques-sur-les-droits-des-agriculteurs\/#breadcrumb"},"inLanguage":"fr-FR","potentialAction":[{"@type":"ReadAction","target":["https:\/\/www.foodsovereignty.org\/fr\/seance-douverture-quatrieme-reunion-du-groupe-special-dexperts-techniques-sur-les-droits-des-agriculteurs\/"]}]},{"@type":"ImageObject","inLanguage":"fr-FR","@id":"https:\/\/www.foodsovereignty.org\/fr\/seance-douverture-quatrieme-reunion-du-groupe-special-dexperts-techniques-sur-les-droits-des-agriculteurs\/#primaryimage","url":"https:\/\/www.foodsovereignty.org\/wp-content\/uploads\/2024\/01\/IPC-ITPGRFA_Declaration.png","contentUrl":"https:\/\/www.foodsovereignty.org\/wp-content\/uploads\/2024\/01\/IPC-ITPGRFA_Declaration.png","width":9000,"height":3165},{"@type":"BreadcrumbList","@id":"https:\/\/www.foodsovereignty.org\/fr\/seance-douverture-quatrieme-reunion-du-groupe-special-dexperts-techniques-sur-les-droits-des-agriculteurs\/#breadcrumb","itemListElement":[{"@type":"ListItem","position":1,"name":"Home","item":"https:\/\/www.foodsovereignty.org\/fr\/"},{"@type":"ListItem","position":2,"name":"S\u00e9ance d\u2019ouverture: Quatri\u00e8me r\u00e9union du Groupe sp\u00e9cial d\u2019experts techniques sur les droits des agriculteurs"}]},{"@type":"WebSite","@id":"https:\/\/www.foodsovereignty.org\/fr\/#website","url":"https:\/\/www.foodsovereignty.org\/fr\/","name":"International Planning Committee for Food Sovereignty (IPC)","description":"","potentialAction":[{"@type":"SearchAction","target":{"@type":"EntryPoint","urlTemplate":"https:\/\/www.foodsovereignty.org\/fr\/?s={search_term_string}"},"query-input":{"@type":"PropertyValueSpecification","valueRequired":true,"valueName":"search_term_string"}}],"inLanguage":"fr-FR"},{"@type":"Person","@id":"https:\/\/www.foodsovereignty.org\/fr\/#\/schema\/person\/2022da6fc0f89b23596d0a63d82b61e1","name":"ipc_staging","image":{"@type":"ImageObject","inLanguage":"fr-FR","@id":"https:\/\/secure.gravatar.com\/avatar\/fce93258e0a23ad6ba66052185f81fce65925c41d889b9d1b920a76951c434af?s=96&d=mm&r=g","url":"https:\/\/secure.gravatar.com\/avatar\/fce93258e0a23ad6ba66052185f81fce65925c41d889b9d1b920a76951c434af?s=96&d=mm&r=g","contentUrl":"https:\/\/secure.gravatar.com\/avatar\/fce93258e0a23ad6ba66052185f81fce65925c41d889b9d1b920a76951c434af?s=96&d=mm&r=g","caption":"ipc_staging"},"sameAs":["http:\/\/_"],"url":"https:\/\/www.foodsovereignty.org\/fr\/author\/ipc_staging\/"}]}},"_links":{"self":[{"href":"https:\/\/www.foodsovereignty.org\/fr\/wp-json\/wp\/v2\/posts\/1738","targetHints":{"allow":["GET"]}}],"collection":[{"href":"https:\/\/www.foodsovereignty.org\/fr\/wp-json\/wp\/v2\/posts"}],"about":[{"href":"https:\/\/www.foodsovereignty.org\/fr\/wp-json\/wp\/v2\/types\/post"}],"author":[{"embeddable":true,"href":"https:\/\/www.foodsovereignty.org\/fr\/wp-json\/wp\/v2\/users\/1"}],"replies":[{"embeddable":true,"href":"https:\/\/www.foodsovereignty.org\/fr\/wp-json\/wp\/v2\/comments?post=1738"}],"version-history":[{"count":1,"href":"https:\/\/www.foodsovereignty.org\/fr\/wp-json\/wp\/v2\/posts\/1738\/revisions"}],"predecessor-version":[{"id":2613,"href":"https:\/\/www.foodsovereignty.org\/fr\/wp-json\/wp\/v2\/posts\/1738\/revisions\/2613"}],"wp:featuredmedia":[{"embeddable":true,"href":"https:\/\/www.foodsovereignty.org\/fr\/wp-json\/wp\/v2\/media\/2317"}],"wp:attachment":[{"href":"https:\/\/www.foodsovereignty.org\/fr\/wp-json\/wp\/v2\/media?parent=1738"}],"wp:term":[{"taxonomy":"category","embeddable":true,"href":"https:\/\/www.foodsovereignty.org\/fr\/wp-json\/wp\/v2\/categories?post=1738"},{"taxonomy":"post_tag","embeddable":true,"href":"https:\/\/www.foodsovereignty.org\/fr\/wp-json\/wp\/v2\/tags?post=1738"}],"curies":[{"name":"wp","href":"https:\/\/api.w.org\/{rel}","templated":true}]}}