{"id":1744,"date":"2021-07-12T12:12:20","date_gmt":"2021-07-12T12:12:20","guid":{"rendered":"https:\/\/www.foodsovereignty.org\/declaration-a-la-suite-de-lassemblee-generale-virtuelle\/"},"modified":"2024-01-30T22:58:21","modified_gmt":"2024-01-30T22:58:21","slug":"declaration-a-la-suite-de-lassemblee-generale-virtuelle","status":"publish","type":"post","link":"https:\/\/www.foodsovereignty.org\/fr\/declaration-a-la-suite-de-lassemblee-generale-virtuelle\/","title":{"rendered":"D\u00e9claration \u00e0 la suite de l&rsquo;Assembl\u00e9e G\u00e9n\u00e9rale Virtuelle"},"content":{"rendered":"<p>\u00c0 la suite de l&rsquo;Assembl\u00e9e G\u00e9n\u00e9rale Virtuelle du Comit\u00e9 international de planification pour la souverainet\u00e9 alimentaire (IPC), tenue num\u00e9riqueme les 21 et 28 avril, 11 et 18 mai 2021, la d\u00e9claration suivante repr\u00e9sente les points de vue des de petits producteurs alimentaires et d\u2019organisations de travailleurs ruraux et de mouvements sociaux de base et communautaires qui font partie de la plate-forme CIP:  &nbsp;  \u00ab\u00a0Nous, les repr\u00e9sentants des paysans et des agriculteurs familiaux, des sans-terres, des femmes et des jeunes ruraux, des p\u00eacheurs et des travailleurs de la p\u00eache, des travailleurs agricoles, des chasseurs et des cueilleurs, des pasteurs et des \u00e9leveurs, des peuples autochtones et des consommateurs d&rsquo;aliments du monde entier qui sont tous membres du CIP, nous nous sommes r\u00e9unis virtuellement pour faire avancer notre lutte pour la souverainet\u00e9 alimentaire et l&rsquo;agro\u00e9cologie.  Cette assembl\u00e9e g\u00e9n\u00e9rale virtuelle a marqu\u00e9 un moment cl\u00e9 de notre engagement.  C&rsquo;\u00e9tait notre premi\u00e8re assembl\u00e9e g\u00e9n\u00e9rale que nous n\u2019avons pas pu c\u00e9l\u00e9brer physiquement avec nos camarades, nos s\u0153urs et nos fr\u00e8res. Ces modalit\u00e9s virtuelles ne sont pas le m\u00e9rite d&rsquo;une technologie innovante, mais la cons\u00e9quence de la pand\u00e9mie catastrophique caus\u00e9e par les abus d\u2019un patriarcat capitaliste et de ses industries extractives sur nos \u00e9cosyst\u00e8mes, nos soci\u00e9t\u00e9s et nos vies.  En ces temps troubl\u00e9s, les institutions du monde financier et industriel, incapables et peu d\u00e9sireuses d&rsquo;apprendre, de r\u00e9cup\u00e9rer et de s\u2019am\u00e9liorer \u00e0 partir de leurs erreurs historiques, criminalisent et r\u00e9priment dans le sang les luttes l\u00e9gitimes des peuples pour l&rsquo;acc\u00e8s aux ressources et pour les droits humains inali\u00e9nables.  Nous, le CIP, savons que derri\u00e8re la pouss\u00e9e grotesque pour plus de num\u00e9risation et plus d&rsquo;innovations, il y a l&rsquo;attaque grossi\u00e8re du secteur financier, priv\u00e9 et industriel pour l&rsquo;accaparement du capital, des ressources, des oc\u00e9ans et des terres.  Il a \u00e9t\u00e9 prouv\u00e9 que les syst\u00e8mes alimentaires locaux r\u00e9silients sont capables de nourrir, de rendre la dignit\u00e9 et de soigner l&rsquo;humanit\u00e9 et la nature, mais au lieu d&rsquo;aller vers la transformation n\u00e9cessaire, les \u00e9lites continuent \u00e0 creuser leur distance avec les vivants. Bien que les classes dirigeantes du capitalisme profitent des in\u00e9galit\u00e9s, de l&rsquo;oppression et de la mort, et qu&rsquo;elles se cachent derri\u00e8re leurs privil\u00e8ges et la cupidit\u00e9 du syst\u00e8me qu&rsquo;elles ont cr\u00e9\u00e9, le chemin vers la transformation n\u00e9cessaire est aussi simple que r\u00e9volutionnaire : redistribution des ressources et de la terre aux peuples, d\u00e9-commodification de la nourriture et respect des droits humains.  Nous savons que nous ne sommes pas les seuls \u00e0 nous opposer \u00e0 ce statu quo mortif\u00e8re. La souverainet\u00e9 alimentaire et l&rsquo;agro\u00e9cologie sont des pratiques transformatrices fondamentales pour des syst\u00e8mes inclusifs, justes et r\u00e9silients. Par cons\u00e9quent, notre lutte pour une transformation syst\u00e9mique progressive doit \u00eatre intersectionnelle et coordonn\u00e9e au sein de forces alli\u00e9es.  Cette premi\u00e8re assembl\u00e9e g\u00e9n\u00e9rale virtuelle est donc devenue l&rsquo;occasion d&rsquo;adopter une nouvelle strat\u00e9gie qui va bien au-del\u00e0 des limites des institutions agricoles et alimentaires et de la lutte pour la souverainet\u00e9 alimentaire et l&rsquo;agro\u00e9cologie elles-m\u00eames.  Dans cette optique, nous lan\u00e7ons un processus de convergence ouvert, inclusif, repr\u00e9sentatif et populaire avec d&rsquo;autres mouvements luttant pour la justice environnementale et sociale. Nous nous engageons dans des strat\u00e9gies collectives pour mettre en avant la Souverainet\u00e9 Alimentaire et une vision renouvel\u00e9e des soci\u00e9t\u00e9s bas\u00e9e sur la souverainet\u00e9 alimentaire et populaire, ainsi que des voies pour un changement transformateur, tout en repoussant le capital global.  Nous revendiquons l&rsquo;espace public comme l&rsquo;espace collectif o\u00f9 nous pouvons nous rencontrer, \u00e9changer, apprendre et nous soutenir mutuellement. Le CIP lance un processus en vue du rassemblement mondial de Ny\u00e9l\u00e9ni pour la souverainet\u00e9 alimentaire sur les solutions de changement transformatif bas\u00e9es sur la souverainet\u00e9 alimentaire, avec nos alli\u00e9s pour la justice sociale et environnementale.  Entre-temps, nous sommes conscients que le financement des mouvements sociaux diminue et que nos espaces institutionnels l\u00e9gitimes de participation se r\u00e9duisent : les entreprises et les fondations philanthropiques accroissent leur influence politique sur les programmes de l&rsquo;ONU et de la FAO, tandis que les \u00c9tats membres abandonnent progressivement leurs fonctions, marginalisant ainsi les institutions multilat\u00e9rales <em>de facto <\/em>et l\u00e9gitimant le passage d&rsquo;un syst\u00e8me de gouvernance multilat\u00e9ral \u00e0 un syst\u00e8me de gouvernance multipartite.  Dans un tel contexte, le CIP souhaite r\u00e9affirmer avec force son engagement \u00e0 travailler en partenariat avec le si\u00e8ge et les bureaux r\u00e9gionaux de la FAO. Les organisations membres du CIP repr\u00e9sentent un atout essentiel pour l&rsquo;expertise de la FAO, le suivi local et la mise en \u0153uvre des programmes, et notre collaboration doit \u00eatre articul\u00e9e dans tous les espaces o\u00f9 nous pouvons et devons avoir l&rsquo;impact le plus pertinent dans sa lutte pour soutenir la souverainet\u00e9 alimentaire, l&rsquo;agro\u00e9cologie et les petits producteurs alimentaires.  &nbsp;  Le CIP exprime son d\u00e9sir de s&rsquo;engager plus fortement dans le cadre de la D\u00e9cennie des Nations Unies pour l&rsquo;agriculture familiale (UNDFF) et r\u00e9affirme son engagement \u00e0 d\u00e9fendre et promouvoir le Comit\u00e9 des Nations Unies sur la s\u00e9curit\u00e9 alimentaire mondiale (CSA) avec son M\u00e9canisme pour la soci\u00e9t\u00e9 civile et les peuples autochtones (MSC), et la Convention sur la diversit\u00e9 biologique (CBD), ainsi que sa volont\u00e9 de travailler avec d&rsquo;autres agences bas\u00e9es \u00e0 Rome (RBAs) et dans d&rsquo;autres espaces institutionnels et strat\u00e9giques.  Dans ce contexte, le CIP s&rsquo;associe au MSC et \u00e0 d&rsquo;autres acteurs critiques contre la menace que repr\u00e9sente le Sommet des Nations Unies sur les syst\u00e8mes alimentaires 2021. Le CIP soutiendra donc le contre-sommet du MSC \u00e0 Rome en juillet 2021 et unira ses forces pour d\u00e9noncer la tentative des entreprises de coopter les espaces internationaux d&rsquo;\u00e9laboration des politiques alimentaires et agricoles, les organisations des mouvements sociaux, les personnes et le langage, et l&rsquo;organisation d&rsquo;espaces priv\u00e9s parall\u00e8les non d\u00e9mocratiques pour nous d\u00e9s\u00e9gr\u00e9guer et subvertir le syst\u00e8me multilat\u00e9ral repr\u00e9sent\u00e9 par les RBAs et le MSC.  De plus, pour que nos voix de la base soient entendues et que nos exp\u00e9riences soient prises en compte dans les d\u00e9cisions, nous combinerons nos luttes au niveau mondial avec une attention accrue \u00e0 la gouvernance aux niveaux local, national et r\u00e9gional. Pour relever ces d\u00e9fis, nous nous engageons \u00e0 am\u00e9liorer la communication dans et entre nos mouvements.  Enfin, nous sommes solidaires et rendons hommage aux luttes et aux souffrances des paysans indiens, du peuple colombien et du peuple palestinien. Nous luttons ensemble contre les oppressions n\u00e9olib\u00e9rales, n\u00e9ocoloniales et racistes, le nettoyage ethnique et toutes les formes de r\u00e9pression brutale auxquels sont confront\u00e9s ces peuples et communaut\u00e9s qui luttent pour leurs droits et pour un avenir juste pour la nature, pour nous et les g\u00e9n\u00e9rations futures.  Pouvoir au peuple et la souverainet\u00e9 alimentaire maintenant!\u00a0\u00bb<\/p>\n","protected":false},"excerpt":{"rendered":"<p>\u00c0 la suite de l&rsquo;Assembl\u00e9e G\u00e9n\u00e9rale Virtuelle du Comit\u00e9 international de planification pour la souverainet\u00e9 alimentaire (IPC), tenue num\u00e9riqueme les 21 et 28 avril, 11 et 18 mai 2021, la d\u00e9claration suivante repr\u00e9sente les points de vue des de petits producteurs alimentaires et d\u2019organisations de travailleurs ruraux et de mouvements sociaux de base et communautaires [&hellip;]<\/p>\n","protected":false},"author":1,"featured_media":2339,"comment_status":"closed","ping_status":"open","sticky":false,"template":"","format":"standard","meta":{"_acf_changed":false,"footnotes":""},"categories":[57],"tags":[],"class_list":["post-1744","post","type-post","status-publish","format-standard","has-post-thumbnail","hentry","category-nouvelles"],"acf":[],"yoast_head":"<!-- This site is optimized with the Yoast SEO plugin v27.4 - https:\/\/yoast.com\/product\/yoast-seo-wordpress\/ -->\n<title>D\u00e9claration \u00e0 la suite de l&#039;Assembl\u00e9e G\u00e9n\u00e9rale Virtuelle - International Planning Committee for Food Sovereignty (IPC)<\/title>\n<meta name=\"robots\" content=\"index, follow, max-snippet:-1, max-image-preview:large, max-video-preview:-1\" \/>\n<link rel=\"canonical\" href=\"https:\/\/www.foodsovereignty.org\/fr\/declaration-a-la-suite-de-lassemblee-generale-virtuelle\/\" \/>\n<meta property=\"og:locale\" content=\"fr_FR\" \/>\n<meta property=\"og:type\" content=\"article\" \/>\n<meta property=\"og:title\" content=\"D\u00e9claration \u00e0 la suite de l&#039;Assembl\u00e9e G\u00e9n\u00e9rale Virtuelle - International Planning Committee for Food Sovereignty (IPC)\" \/>\n<meta property=\"og:description\" content=\"\u00c0 la suite de l&rsquo;Assembl\u00e9e G\u00e9n\u00e9rale Virtuelle du Comit\u00e9 international de planification pour la souverainet\u00e9 alimentaire (IPC), tenue num\u00e9riqueme les 21 et 28 avril, 11 et 18 mai 2021, la d\u00e9claration suivante repr\u00e9sente les points de vue des de petits producteurs alimentaires et d\u2019organisations de travailleurs ruraux et de mouvements sociaux de base et communautaires [&hellip;]\" \/>\n<meta property=\"og:url\" content=\"https:\/\/www.foodsovereignty.org\/fr\/declaration-a-la-suite-de-lassemblee-generale-virtuelle\/\" \/>\n<meta property=\"og:site_name\" content=\"International Planning Committee for Food Sovereignty (IPC)\" \/>\n<meta property=\"article:published_time\" content=\"2021-07-12T12:12:20+00:00\" \/>\n<meta property=\"article:modified_time\" content=\"2024-01-30T22:58:21+00:00\" \/>\n<meta property=\"og:image\" content=\"https:\/\/www.foodsovereignty.org\/wp-content\/uploads\/2024\/01\/VGM-statement-website.png\" \/>\n\t<meta property=\"og:image:width\" content=\"9000\" \/>\n\t<meta property=\"og:image:height\" content=\"3165\" \/>\n\t<meta property=\"og:image:type\" content=\"image\/png\" \/>\n<meta name=\"author\" content=\"ipc_staging\" \/>\n<meta name=\"twitter:card\" content=\"summary_large_image\" \/>\n<meta name=\"twitter:label1\" content=\"\u00c9crit par\" \/>\n\t<meta name=\"twitter:data1\" content=\"ipc_staging\" \/>\n\t<meta name=\"twitter:label2\" content=\"Dur\u00e9e de lecture estim\u00e9e\" \/>\n\t<meta name=\"twitter:data2\" content=\"6 minutes\" \/>\n<script type=\"application\/ld+json\" class=\"yoast-schema-graph\">{\"@context\":\"https:\\\/\\\/schema.org\",\"@graph\":[{\"@type\":\"Article\",\"@id\":\"https:\\\/\\\/www.foodsovereignty.org\\\/fr\\\/declaration-a-la-suite-de-lassemblee-generale-virtuelle\\\/#article\",\"isPartOf\":{\"@id\":\"https:\\\/\\\/www.foodsovereignty.org\\\/fr\\\/declaration-a-la-suite-de-lassemblee-generale-virtuelle\\\/\"},\"author\":{\"name\":\"ipc_staging\",\"@id\":\"https:\\\/\\\/www.foodsovereignty.org\\\/fr\\\/#\\\/schema\\\/person\\\/2022da6fc0f89b23596d0a63d82b61e1\"},\"headline\":\"D\u00e9claration \u00e0 la suite de l&rsquo;Assembl\u00e9e G\u00e9n\u00e9rale Virtuelle\",\"datePublished\":\"2021-07-12T12:12:20+00:00\",\"dateModified\":\"2024-01-30T22:58:21+00:00\",\"mainEntityOfPage\":{\"@id\":\"https:\\\/\\\/www.foodsovereignty.org\\\/fr\\\/declaration-a-la-suite-de-lassemblee-generale-virtuelle\\\/\"},\"wordCount\":1224,\"image\":{\"@id\":\"https:\\\/\\\/www.foodsovereignty.org\\\/fr\\\/declaration-a-la-suite-de-lassemblee-generale-virtuelle\\\/#primaryimage\"},\"thumbnailUrl\":\"https:\\\/\\\/www.foodsovereignty.org\\\/wp-content\\\/uploads\\\/2024\\\/01\\\/VGM-statement-website.png\",\"articleSection\":[\"Nouvelles\"],\"inLanguage\":\"fr-FR\"},{\"@type\":\"WebPage\",\"@id\":\"https:\\\/\\\/www.foodsovereignty.org\\\/fr\\\/declaration-a-la-suite-de-lassemblee-generale-virtuelle\\\/\",\"url\":\"https:\\\/\\\/www.foodsovereignty.org\\\/fr\\\/declaration-a-la-suite-de-lassemblee-generale-virtuelle\\\/\",\"name\":\"D\u00e9claration \u00e0 la suite de l'Assembl\u00e9e G\u00e9n\u00e9rale Virtuelle - International Planning Committee for Food Sovereignty (IPC)\",\"isPartOf\":{\"@id\":\"https:\\\/\\\/www.foodsovereignty.org\\\/fr\\\/#website\"},\"primaryImageOfPage\":{\"@id\":\"https:\\\/\\\/www.foodsovereignty.org\\\/fr\\\/declaration-a-la-suite-de-lassemblee-generale-virtuelle\\\/#primaryimage\"},\"image\":{\"@id\":\"https:\\\/\\\/www.foodsovereignty.org\\\/fr\\\/declaration-a-la-suite-de-lassemblee-generale-virtuelle\\\/#primaryimage\"},\"thumbnailUrl\":\"https:\\\/\\\/www.foodsovereignty.org\\\/wp-content\\\/uploads\\\/2024\\\/01\\\/VGM-statement-website.png\",\"datePublished\":\"2021-07-12T12:12:20+00:00\",\"dateModified\":\"2024-01-30T22:58:21+00:00\",\"author\":{\"@id\":\"https:\\\/\\\/www.foodsovereignty.org\\\/fr\\\/#\\\/schema\\\/person\\\/2022da6fc0f89b23596d0a63d82b61e1\"},\"breadcrumb\":{\"@id\":\"https:\\\/\\\/www.foodsovereignty.org\\\/fr\\\/declaration-a-la-suite-de-lassemblee-generale-virtuelle\\\/#breadcrumb\"},\"inLanguage\":\"fr-FR\",\"potentialAction\":[{\"@type\":\"ReadAction\",\"target\":[\"https:\\\/\\\/www.foodsovereignty.org\\\/fr\\\/declaration-a-la-suite-de-lassemblee-generale-virtuelle\\\/\"]}]},{\"@type\":\"ImageObject\",\"inLanguage\":\"fr-FR\",\"@id\":\"https:\\\/\\\/www.foodsovereignty.org\\\/fr\\\/declaration-a-la-suite-de-lassemblee-generale-virtuelle\\\/#primaryimage\",\"url\":\"https:\\\/\\\/www.foodsovereignty.org\\\/wp-content\\\/uploads\\\/2024\\\/01\\\/VGM-statement-website.png\",\"contentUrl\":\"https:\\\/\\\/www.foodsovereignty.org\\\/wp-content\\\/uploads\\\/2024\\\/01\\\/VGM-statement-website.png\",\"width\":9000,\"height\":3165},{\"@type\":\"BreadcrumbList\",\"@id\":\"https:\\\/\\\/www.foodsovereignty.org\\\/fr\\\/declaration-a-la-suite-de-lassemblee-generale-virtuelle\\\/#breadcrumb\",\"itemListElement\":[{\"@type\":\"ListItem\",\"position\":1,\"name\":\"Home\",\"item\":\"https:\\\/\\\/www.foodsovereignty.org\\\/fr\\\/\"},{\"@type\":\"ListItem\",\"position\":2,\"name\":\"D\u00e9claration \u00e0 la suite de l&rsquo;Assembl\u00e9e G\u00e9n\u00e9rale Virtuelle\"}]},{\"@type\":\"WebSite\",\"@id\":\"https:\\\/\\\/www.foodsovereignty.org\\\/fr\\\/#website\",\"url\":\"https:\\\/\\\/www.foodsovereignty.org\\\/fr\\\/\",\"name\":\"International Planning Committee for Food Sovereignty (IPC)\",\"description\":\"\",\"potentialAction\":[{\"@type\":\"SearchAction\",\"target\":{\"@type\":\"EntryPoint\",\"urlTemplate\":\"https:\\\/\\\/www.foodsovereignty.org\\\/fr\\\/?s={search_term_string}\"},\"query-input\":{\"@type\":\"PropertyValueSpecification\",\"valueRequired\":true,\"valueName\":\"search_term_string\"}}],\"inLanguage\":\"fr-FR\"},{\"@type\":\"Person\",\"@id\":\"https:\\\/\\\/www.foodsovereignty.org\\\/fr\\\/#\\\/schema\\\/person\\\/2022da6fc0f89b23596d0a63d82b61e1\",\"name\":\"ipc_staging\",\"image\":{\"@type\":\"ImageObject\",\"inLanguage\":\"fr-FR\",\"@id\":\"https:\\\/\\\/secure.gravatar.com\\\/avatar\\\/fce93258e0a23ad6ba66052185f81fce65925c41d889b9d1b920a76951c434af?s=96&d=mm&r=g\",\"url\":\"https:\\\/\\\/secure.gravatar.com\\\/avatar\\\/fce93258e0a23ad6ba66052185f81fce65925c41d889b9d1b920a76951c434af?s=96&d=mm&r=g\",\"contentUrl\":\"https:\\\/\\\/secure.gravatar.com\\\/avatar\\\/fce93258e0a23ad6ba66052185f81fce65925c41d889b9d1b920a76951c434af?s=96&d=mm&r=g\",\"caption\":\"ipc_staging\"},\"sameAs\":[\"http:\\\/\\\/_\"],\"url\":\"https:\\\/\\\/www.foodsovereignty.org\\\/fr\\\/author\\\/ipc_staging\\\/\"}]}<\/script>\n<!-- \/ Yoast SEO plugin. -->","yoast_head_json":{"title":"D\u00e9claration \u00e0 la suite de l'Assembl\u00e9e G\u00e9n\u00e9rale Virtuelle - International Planning Committee for Food Sovereignty (IPC)","robots":{"index":"index","follow":"follow","max-snippet":"max-snippet:-1","max-image-preview":"max-image-preview:large","max-video-preview":"max-video-preview:-1"},"canonical":"https:\/\/www.foodsovereignty.org\/fr\/declaration-a-la-suite-de-lassemblee-generale-virtuelle\/","og_locale":"fr_FR","og_type":"article","og_title":"D\u00e9claration \u00e0 la suite de l'Assembl\u00e9e G\u00e9n\u00e9rale Virtuelle - International Planning Committee for Food Sovereignty (IPC)","og_description":"\u00c0 la suite de l&rsquo;Assembl\u00e9e G\u00e9n\u00e9rale Virtuelle du Comit\u00e9 international de planification pour la souverainet\u00e9 alimentaire (IPC), tenue num\u00e9riqueme les 21 et 28 avril, 11 et 18 mai 2021, la d\u00e9claration suivante repr\u00e9sente les points de vue des de petits producteurs alimentaires et d\u2019organisations de travailleurs ruraux et de mouvements sociaux de base et communautaires [&hellip;]","og_url":"https:\/\/www.foodsovereignty.org\/fr\/declaration-a-la-suite-de-lassemblee-generale-virtuelle\/","og_site_name":"International Planning Committee for Food Sovereignty (IPC)","article_published_time":"2021-07-12T12:12:20+00:00","article_modified_time":"2024-01-30T22:58:21+00:00","og_image":[{"width":9000,"height":3165,"url":"https:\/\/www.foodsovereignty.org\/wp-content\/uploads\/2024\/01\/VGM-statement-website.png","type":"image\/png"}],"author":"ipc_staging","twitter_card":"summary_large_image","twitter_misc":{"\u00c9crit par":"ipc_staging","Dur\u00e9e de lecture estim\u00e9e":"6 minutes"},"schema":{"@context":"https:\/\/schema.org","@graph":[{"@type":"Article","@id":"https:\/\/www.foodsovereignty.org\/fr\/declaration-a-la-suite-de-lassemblee-generale-virtuelle\/#article","isPartOf":{"@id":"https:\/\/www.foodsovereignty.org\/fr\/declaration-a-la-suite-de-lassemblee-generale-virtuelle\/"},"author":{"name":"ipc_staging","@id":"https:\/\/www.foodsovereignty.org\/fr\/#\/schema\/person\/2022da6fc0f89b23596d0a63d82b61e1"},"headline":"D\u00e9claration \u00e0 la suite de l&rsquo;Assembl\u00e9e G\u00e9n\u00e9rale Virtuelle","datePublished":"2021-07-12T12:12:20+00:00","dateModified":"2024-01-30T22:58:21+00:00","mainEntityOfPage":{"@id":"https:\/\/www.foodsovereignty.org\/fr\/declaration-a-la-suite-de-lassemblee-generale-virtuelle\/"},"wordCount":1224,"image":{"@id":"https:\/\/www.foodsovereignty.org\/fr\/declaration-a-la-suite-de-lassemblee-generale-virtuelle\/#primaryimage"},"thumbnailUrl":"https:\/\/www.foodsovereignty.org\/wp-content\/uploads\/2024\/01\/VGM-statement-website.png","articleSection":["Nouvelles"],"inLanguage":"fr-FR"},{"@type":"WebPage","@id":"https:\/\/www.foodsovereignty.org\/fr\/declaration-a-la-suite-de-lassemblee-generale-virtuelle\/","url":"https:\/\/www.foodsovereignty.org\/fr\/declaration-a-la-suite-de-lassemblee-generale-virtuelle\/","name":"D\u00e9claration \u00e0 la suite de l'Assembl\u00e9e G\u00e9n\u00e9rale Virtuelle - International Planning Committee for Food Sovereignty (IPC)","isPartOf":{"@id":"https:\/\/www.foodsovereignty.org\/fr\/#website"},"primaryImageOfPage":{"@id":"https:\/\/www.foodsovereignty.org\/fr\/declaration-a-la-suite-de-lassemblee-generale-virtuelle\/#primaryimage"},"image":{"@id":"https:\/\/www.foodsovereignty.org\/fr\/declaration-a-la-suite-de-lassemblee-generale-virtuelle\/#primaryimage"},"thumbnailUrl":"https:\/\/www.foodsovereignty.org\/wp-content\/uploads\/2024\/01\/VGM-statement-website.png","datePublished":"2021-07-12T12:12:20+00:00","dateModified":"2024-01-30T22:58:21+00:00","author":{"@id":"https:\/\/www.foodsovereignty.org\/fr\/#\/schema\/person\/2022da6fc0f89b23596d0a63d82b61e1"},"breadcrumb":{"@id":"https:\/\/www.foodsovereignty.org\/fr\/declaration-a-la-suite-de-lassemblee-generale-virtuelle\/#breadcrumb"},"inLanguage":"fr-FR","potentialAction":[{"@type":"ReadAction","target":["https:\/\/www.foodsovereignty.org\/fr\/declaration-a-la-suite-de-lassemblee-generale-virtuelle\/"]}]},{"@type":"ImageObject","inLanguage":"fr-FR","@id":"https:\/\/www.foodsovereignty.org\/fr\/declaration-a-la-suite-de-lassemblee-generale-virtuelle\/#primaryimage","url":"https:\/\/www.foodsovereignty.org\/wp-content\/uploads\/2024\/01\/VGM-statement-website.png","contentUrl":"https:\/\/www.foodsovereignty.org\/wp-content\/uploads\/2024\/01\/VGM-statement-website.png","width":9000,"height":3165},{"@type":"BreadcrumbList","@id":"https:\/\/www.foodsovereignty.org\/fr\/declaration-a-la-suite-de-lassemblee-generale-virtuelle\/#breadcrumb","itemListElement":[{"@type":"ListItem","position":1,"name":"Home","item":"https:\/\/www.foodsovereignty.org\/fr\/"},{"@type":"ListItem","position":2,"name":"D\u00e9claration \u00e0 la suite de l&rsquo;Assembl\u00e9e G\u00e9n\u00e9rale Virtuelle"}]},{"@type":"WebSite","@id":"https:\/\/www.foodsovereignty.org\/fr\/#website","url":"https:\/\/www.foodsovereignty.org\/fr\/","name":"International Planning Committee for Food Sovereignty (IPC)","description":"","potentialAction":[{"@type":"SearchAction","target":{"@type":"EntryPoint","urlTemplate":"https:\/\/www.foodsovereignty.org\/fr\/?s={search_term_string}"},"query-input":{"@type":"PropertyValueSpecification","valueRequired":true,"valueName":"search_term_string"}}],"inLanguage":"fr-FR"},{"@type":"Person","@id":"https:\/\/www.foodsovereignty.org\/fr\/#\/schema\/person\/2022da6fc0f89b23596d0a63d82b61e1","name":"ipc_staging","image":{"@type":"ImageObject","inLanguage":"fr-FR","@id":"https:\/\/secure.gravatar.com\/avatar\/fce93258e0a23ad6ba66052185f81fce65925c41d889b9d1b920a76951c434af?s=96&d=mm&r=g","url":"https:\/\/secure.gravatar.com\/avatar\/fce93258e0a23ad6ba66052185f81fce65925c41d889b9d1b920a76951c434af?s=96&d=mm&r=g","contentUrl":"https:\/\/secure.gravatar.com\/avatar\/fce93258e0a23ad6ba66052185f81fce65925c41d889b9d1b920a76951c434af?s=96&d=mm&r=g","caption":"ipc_staging"},"sameAs":["http:\/\/_"],"url":"https:\/\/www.foodsovereignty.org\/fr\/author\/ipc_staging\/"}]}},"_links":{"self":[{"href":"https:\/\/www.foodsovereignty.org\/fr\/wp-json\/wp\/v2\/posts\/1744","targetHints":{"allow":["GET"]}}],"collection":[{"href":"https:\/\/www.foodsovereignty.org\/fr\/wp-json\/wp\/v2\/posts"}],"about":[{"href":"https:\/\/www.foodsovereignty.org\/fr\/wp-json\/wp\/v2\/types\/post"}],"author":[{"embeddable":true,"href":"https:\/\/www.foodsovereignty.org\/fr\/wp-json\/wp\/v2\/users\/1"}],"replies":[{"embeddable":true,"href":"https:\/\/www.foodsovereignty.org\/fr\/wp-json\/wp\/v2\/comments?post=1744"}],"version-history":[{"count":1,"href":"https:\/\/www.foodsovereignty.org\/fr\/wp-json\/wp\/v2\/posts\/1744\/revisions"}],"predecessor-version":[{"id":2628,"href":"https:\/\/www.foodsovereignty.org\/fr\/wp-json\/wp\/v2\/posts\/1744\/revisions\/2628"}],"wp:featuredmedia":[{"embeddable":true,"href":"https:\/\/www.foodsovereignty.org\/fr\/wp-json\/wp\/v2\/media\/2339"}],"wp:attachment":[{"href":"https:\/\/www.foodsovereignty.org\/fr\/wp-json\/wp\/v2\/media?parent=1744"}],"wp:term":[{"taxonomy":"category","embeddable":true,"href":"https:\/\/www.foodsovereignty.org\/fr\/wp-json\/wp\/v2\/categories?post=1744"},{"taxonomy":"post_tag","embeddable":true,"href":"https:\/\/www.foodsovereignty.org\/fr\/wp-json\/wp\/v2\/tags?post=1744"}],"curies":[{"name":"wp","href":"https:\/\/api.w.org\/{rel}","templated":true}]}}