{"id":1745,"date":"2021-08-03T15:07:32","date_gmt":"2021-08-03T15:07:32","guid":{"rendered":"https:\/\/www.foodsovereignty.org\/le-mouvement-pour-la-souverainete-alimentaire-perd-lun-de-ses-principaux-promoteurs-mario-ahumada\/"},"modified":"2021-08-03T15:13:40","modified_gmt":"2021-08-03T15:13:40","slug":"le-mouvement-pour-la-souverainete-alimentaire-perd-lun-de-ses-principaux-promoteurs-mario-ahumada","status":"publish","type":"post","link":"https:\/\/www.foodsovereignty.org\/fr\/le-mouvement-pour-la-souverainete-alimentaire-perd-lun-de-ses-principaux-promoteurs-mario-ahumada\/","title":{"rendered":"Le mouvement pour la souverainet\u00e9 alimentaire perd l&rsquo;un de ses principaux promoteurs : Mario Ahumada"},"content":{"rendered":"<p>S\u0153urs et fr\u00e8res, il y a tout juste un mois, notre fr\u00e8re Mario Ahumada nous a \u00e9crit le message suivant \u00e0 l&rsquo;occasion de son anniversaire : <\/p>\n<blockquote><p><em>\u00ab\u00a0A mes amis sp\u00e9ciaux et chers, coll\u00e8gues v\u00e9t\u00e9rinaires, coll\u00e8gues de l&rsquo;Universit\u00e9 du Chili, coll\u00e8gues de travail et \u00e9tudiants de l&rsquo;U. Vi\u00f1a del Mar, ma m\u00e8re et Maru qui sont au ciel, mes s\u0153urs, cousins, cousines, neveux\/ni\u00e8ces, petits-enfants, gendres, belles-filles, beaux-fr\u00e8res et surtout Eduardo, Mario, Jacqueline, Carla, Cami et Bety, merci beaucoup pour le merveilleux jour que vous m&rsquo;avez offert avec vos salutations, attentions et cadeaux. Je me suis sentie tr\u00e8s accompagn\u00e9e malgr\u00e9 les circonstances de sant\u00e9 difficiles que je traverse et que j&rsquo;essaie d&rsquo;assumer et de vivre avec le meilleur esprit, merci, merci, merci, merci, je vous aime beaucoup et votre amour et votre sollicitude m&rsquo;aident beaucoup !!!!!!\u00a0\u00bb. <\/em><\/p><\/blockquote>\n<p> Aujourd&rsquo;hui, nous avons appris son malheureux d\u00e9c\u00e8s. Nous sommes profond\u00e9ment attrist\u00e9s, choqu\u00e9s et afflig\u00e9s par sa perte irr\u00e9parable. Le mouvement pour la souverainet\u00e9 alimentaire perd l&rsquo;un de ses principaux promoteurs. Mario Ahumada a jou\u00e9 un r\u00f4le important dans la construction du Comit\u00e9 international de planification pour la souverainet\u00e9 alimentaire (IPC) et dans la lutte pour l&rsquo;agro\u00e9cologie en Am\u00e9rique latine et dans le monde.  Les graines de r\u00eaves et d&rsquo;espoirs qu&rsquo;il a sem\u00e9es continueront \u00e0 germer dans de nombreuses r\u00e9gions du monde et surtout en Am\u00e9rique latine. <\/p>\n<h3 style=\"text-align: center;\">Adieu camarade Mario Ahumada ! Qu&rsquo;il repose en paix !<\/h3>\n<p> &nbsp;<\/p>\n","protected":false},"excerpt":{"rendered":"<p>S\u0153urs et fr\u00e8res, il y a tout juste un mois, notre fr\u00e8re Mario Ahumada nous a \u00e9crit le message suivant \u00e0 l&rsquo;occasion de son anniversaire : \u00ab\u00a0A mes amis sp\u00e9ciaux et chers, coll\u00e8gues v\u00e9t\u00e9rinaires, coll\u00e8gues de l&rsquo;Universit\u00e9 du Chili, coll\u00e8gues de travail et \u00e9tudiants de l&rsquo;U. Vi\u00f1a del Mar, ma m\u00e8re et Maru qui sont [&hellip;]<\/p>\n","protected":false},"author":1,"featured_media":2343,"comment_status":"closed","ping_status":"open","sticky":false,"template":"","format":"standard","meta":{"_acf_changed":false,"footnotes":""},"categories":[58,57],"tags":[],"class_list":["post-1745","post","type-post","status-publish","format-standard","has-post-thumbnail","hentry","category-evenements","category-nouvelles","regional_processes_tax-latin-america-caribbean"],"acf":[],"yoast_head":"<!-- This site is optimized with the Yoast SEO plugin v27.4 - https:\/\/yoast.com\/product\/yoast-seo-wordpress\/ -->\n<title>Le mouvement pour la souverainet\u00e9 alimentaire perd l&#039;un de ses principaux promoteurs : Mario Ahumada - International Planning Committee for Food Sovereignty (IPC)<\/title>\n<meta name=\"robots\" content=\"index, follow, max-snippet:-1, max-image-preview:large, max-video-preview:-1\" \/>\n<link rel=\"canonical\" href=\"https:\/\/www.foodsovereignty.org\/fr\/le-mouvement-pour-la-souverainete-alimentaire-perd-lun-de-ses-principaux-promoteurs-mario-ahumada\/\" \/>\n<meta property=\"og:locale\" content=\"fr_FR\" \/>\n<meta property=\"og:type\" content=\"article\" \/>\n<meta property=\"og:title\" content=\"Le mouvement pour la souverainet\u00e9 alimentaire perd l&#039;un de ses principaux promoteurs : Mario Ahumada - International Planning Committee for Food Sovereignty (IPC)\" \/>\n<meta property=\"og:description\" content=\"S\u0153urs et fr\u00e8res, il y a tout juste un mois, notre fr\u00e8re Mario Ahumada nous a \u00e9crit le message suivant \u00e0 l&rsquo;occasion de son anniversaire : \u00ab\u00a0A mes amis sp\u00e9ciaux et chers, coll\u00e8gues v\u00e9t\u00e9rinaires, coll\u00e8gues de l&rsquo;Universit\u00e9 du Chili, coll\u00e8gues de travail et \u00e9tudiants de l&rsquo;U. Vi\u00f1a del Mar, ma m\u00e8re et Maru qui sont [&hellip;]\" \/>\n<meta property=\"og:url\" content=\"https:\/\/www.foodsovereignty.org\/fr\/le-mouvement-pour-la-souverainete-alimentaire-perd-lun-de-ses-principaux-promoteurs-mario-ahumada\/\" \/>\n<meta property=\"og:site_name\" content=\"International Planning Committee for Food Sovereignty (IPC)\" \/>\n<meta property=\"article:published_time\" content=\"2021-08-03T15:07:32+00:00\" \/>\n<meta property=\"article:modified_time\" content=\"2021-08-03T15:13:40+00:00\" \/>\n<meta property=\"og:image\" content=\"https:\/\/www.foodsovereignty.org\/wp-content\/uploads\/2024\/01\/candle.jpg\" \/>\n\t<meta property=\"og:image:width\" content=\"612\" \/>\n\t<meta property=\"og:image:height\" content=\"408\" \/>\n\t<meta property=\"og:image:type\" content=\"image\/jpeg\" \/>\n<meta name=\"author\" content=\"ipc_staging\" \/>\n<meta name=\"twitter:card\" content=\"summary_large_image\" \/>\n<meta name=\"twitter:label1\" content=\"\u00c9crit par\" \/>\n\t<meta name=\"twitter:data1\" content=\"ipc_staging\" \/>\n\t<meta name=\"twitter:label2\" content=\"Dur\u00e9e de lecture estim\u00e9e\" \/>\n\t<meta name=\"twitter:data2\" content=\"1 minute\" \/>\n<script type=\"application\/ld+json\" class=\"yoast-schema-graph\">{\"@context\":\"https:\\\/\\\/schema.org\",\"@graph\":[{\"@type\":\"Article\",\"@id\":\"https:\\\/\\\/www.foodsovereignty.org\\\/fr\\\/le-mouvement-pour-la-souverainete-alimentaire-perd-lun-de-ses-principaux-promoteurs-mario-ahumada\\\/#article\",\"isPartOf\":{\"@id\":\"https:\\\/\\\/www.foodsovereignty.org\\\/fr\\\/le-mouvement-pour-la-souverainete-alimentaire-perd-lun-de-ses-principaux-promoteurs-mario-ahumada\\\/\"},\"author\":{\"name\":\"ipc_staging\",\"@id\":\"https:\\\/\\\/www.foodsovereignty.org\\\/fr\\\/#\\\/schema\\\/person\\\/2022da6fc0f89b23596d0a63d82b61e1\"},\"headline\":\"Le mouvement pour la souverainet\u00e9 alimentaire perd l&rsquo;un de ses principaux promoteurs : Mario Ahumada\",\"datePublished\":\"2021-08-03T15:07:32+00:00\",\"dateModified\":\"2021-08-03T15:13:40+00:00\",\"mainEntityOfPage\":{\"@id\":\"https:\\\/\\\/www.foodsovereignty.org\\\/fr\\\/le-mouvement-pour-la-souverainete-alimentaire-perd-lun-de-ses-principaux-promoteurs-mario-ahumada\\\/\"},\"wordCount\":284,\"image\":{\"@id\":\"https:\\\/\\\/www.foodsovereignty.org\\\/fr\\\/le-mouvement-pour-la-souverainete-alimentaire-perd-lun-de-ses-principaux-promoteurs-mario-ahumada\\\/#primaryimage\"},\"thumbnailUrl\":\"https:\\\/\\\/www.foodsovereignty.org\\\/wp-content\\\/uploads\\\/2024\\\/01\\\/candle.jpg\",\"articleSection\":[\"\u00c9v\u00e9nements\",\"Nouvelles\"],\"inLanguage\":\"fr-FR\"},{\"@type\":\"WebPage\",\"@id\":\"https:\\\/\\\/www.foodsovereignty.org\\\/fr\\\/le-mouvement-pour-la-souverainete-alimentaire-perd-lun-de-ses-principaux-promoteurs-mario-ahumada\\\/\",\"url\":\"https:\\\/\\\/www.foodsovereignty.org\\\/fr\\\/le-mouvement-pour-la-souverainete-alimentaire-perd-lun-de-ses-principaux-promoteurs-mario-ahumada\\\/\",\"name\":\"Le mouvement pour la souverainet\u00e9 alimentaire perd l'un de ses principaux promoteurs : Mario Ahumada - International Planning Committee for Food Sovereignty (IPC)\",\"isPartOf\":{\"@id\":\"https:\\\/\\\/www.foodsovereignty.org\\\/fr\\\/#website\"},\"primaryImageOfPage\":{\"@id\":\"https:\\\/\\\/www.foodsovereignty.org\\\/fr\\\/le-mouvement-pour-la-souverainete-alimentaire-perd-lun-de-ses-principaux-promoteurs-mario-ahumada\\\/#primaryimage\"},\"image\":{\"@id\":\"https:\\\/\\\/www.foodsovereignty.org\\\/fr\\\/le-mouvement-pour-la-souverainete-alimentaire-perd-lun-de-ses-principaux-promoteurs-mario-ahumada\\\/#primaryimage\"},\"thumbnailUrl\":\"https:\\\/\\\/www.foodsovereignty.org\\\/wp-content\\\/uploads\\\/2024\\\/01\\\/candle.jpg\",\"datePublished\":\"2021-08-03T15:07:32+00:00\",\"dateModified\":\"2021-08-03T15:13:40+00:00\",\"author\":{\"@id\":\"https:\\\/\\\/www.foodsovereignty.org\\\/fr\\\/#\\\/schema\\\/person\\\/2022da6fc0f89b23596d0a63d82b61e1\"},\"breadcrumb\":{\"@id\":\"https:\\\/\\\/www.foodsovereignty.org\\\/fr\\\/le-mouvement-pour-la-souverainete-alimentaire-perd-lun-de-ses-principaux-promoteurs-mario-ahumada\\\/#breadcrumb\"},\"inLanguage\":\"fr-FR\",\"potentialAction\":[{\"@type\":\"ReadAction\",\"target\":[\"https:\\\/\\\/www.foodsovereignty.org\\\/fr\\\/le-mouvement-pour-la-souverainete-alimentaire-perd-lun-de-ses-principaux-promoteurs-mario-ahumada\\\/\"]}]},{\"@type\":\"ImageObject\",\"inLanguage\":\"fr-FR\",\"@id\":\"https:\\\/\\\/www.foodsovereignty.org\\\/fr\\\/le-mouvement-pour-la-souverainete-alimentaire-perd-lun-de-ses-principaux-promoteurs-mario-ahumada\\\/#primaryimage\",\"url\":\"https:\\\/\\\/www.foodsovereignty.org\\\/wp-content\\\/uploads\\\/2024\\\/01\\\/candle.jpg\",\"contentUrl\":\"https:\\\/\\\/www.foodsovereignty.org\\\/wp-content\\\/uploads\\\/2024\\\/01\\\/candle.jpg\",\"width\":612,\"height\":408},{\"@type\":\"BreadcrumbList\",\"@id\":\"https:\\\/\\\/www.foodsovereignty.org\\\/fr\\\/le-mouvement-pour-la-souverainete-alimentaire-perd-lun-de-ses-principaux-promoteurs-mario-ahumada\\\/#breadcrumb\",\"itemListElement\":[{\"@type\":\"ListItem\",\"position\":1,\"name\":\"Home\",\"item\":\"https:\\\/\\\/www.foodsovereignty.org\\\/fr\\\/\"},{\"@type\":\"ListItem\",\"position\":2,\"name\":\"Le mouvement pour la souverainet\u00e9 alimentaire perd l&#8217;un de ses principaux promoteurs : Mario Ahumada\"}]},{\"@type\":\"WebSite\",\"@id\":\"https:\\\/\\\/www.foodsovereignty.org\\\/fr\\\/#website\",\"url\":\"https:\\\/\\\/www.foodsovereignty.org\\\/fr\\\/\",\"name\":\"International Planning Committee for Food Sovereignty (IPC)\",\"description\":\"\",\"potentialAction\":[{\"@type\":\"SearchAction\",\"target\":{\"@type\":\"EntryPoint\",\"urlTemplate\":\"https:\\\/\\\/www.foodsovereignty.org\\\/fr\\\/?s={search_term_string}\"},\"query-input\":{\"@type\":\"PropertyValueSpecification\",\"valueRequired\":true,\"valueName\":\"search_term_string\"}}],\"inLanguage\":\"fr-FR\"},{\"@type\":\"Person\",\"@id\":\"https:\\\/\\\/www.foodsovereignty.org\\\/fr\\\/#\\\/schema\\\/person\\\/2022da6fc0f89b23596d0a63d82b61e1\",\"name\":\"ipc_staging\",\"image\":{\"@type\":\"ImageObject\",\"inLanguage\":\"fr-FR\",\"@id\":\"https:\\\/\\\/secure.gravatar.com\\\/avatar\\\/fce93258e0a23ad6ba66052185f81fce65925c41d889b9d1b920a76951c434af?s=96&d=mm&r=g\",\"url\":\"https:\\\/\\\/secure.gravatar.com\\\/avatar\\\/fce93258e0a23ad6ba66052185f81fce65925c41d889b9d1b920a76951c434af?s=96&d=mm&r=g\",\"contentUrl\":\"https:\\\/\\\/secure.gravatar.com\\\/avatar\\\/fce93258e0a23ad6ba66052185f81fce65925c41d889b9d1b920a76951c434af?s=96&d=mm&r=g\",\"caption\":\"ipc_staging\"},\"sameAs\":[\"http:\\\/\\\/_\"],\"url\":\"https:\\\/\\\/www.foodsovereignty.org\\\/fr\\\/author\\\/ipc_staging\\\/\"}]}<\/script>\n<!-- \/ Yoast SEO plugin. -->","yoast_head_json":{"title":"Le mouvement pour la souverainet\u00e9 alimentaire perd l'un de ses principaux promoteurs : Mario Ahumada - International Planning Committee for Food Sovereignty (IPC)","robots":{"index":"index","follow":"follow","max-snippet":"max-snippet:-1","max-image-preview":"max-image-preview:large","max-video-preview":"max-video-preview:-1"},"canonical":"https:\/\/www.foodsovereignty.org\/fr\/le-mouvement-pour-la-souverainete-alimentaire-perd-lun-de-ses-principaux-promoteurs-mario-ahumada\/","og_locale":"fr_FR","og_type":"article","og_title":"Le mouvement pour la souverainet\u00e9 alimentaire perd l'un de ses principaux promoteurs : Mario Ahumada - International Planning Committee for Food Sovereignty (IPC)","og_description":"S\u0153urs et fr\u00e8res, il y a tout juste un mois, notre fr\u00e8re Mario Ahumada nous a \u00e9crit le message suivant \u00e0 l&rsquo;occasion de son anniversaire : \u00ab\u00a0A mes amis sp\u00e9ciaux et chers, coll\u00e8gues v\u00e9t\u00e9rinaires, coll\u00e8gues de l&rsquo;Universit\u00e9 du Chili, coll\u00e8gues de travail et \u00e9tudiants de l&rsquo;U. Vi\u00f1a del Mar, ma m\u00e8re et Maru qui sont [&hellip;]","og_url":"https:\/\/www.foodsovereignty.org\/fr\/le-mouvement-pour-la-souverainete-alimentaire-perd-lun-de-ses-principaux-promoteurs-mario-ahumada\/","og_site_name":"International Planning Committee for Food Sovereignty (IPC)","article_published_time":"2021-08-03T15:07:32+00:00","article_modified_time":"2021-08-03T15:13:40+00:00","og_image":[{"width":612,"height":408,"url":"https:\/\/www.foodsovereignty.org\/wp-content\/uploads\/2024\/01\/candle.jpg","type":"image\/jpeg"}],"author":"ipc_staging","twitter_card":"summary_large_image","twitter_misc":{"\u00c9crit par":"ipc_staging","Dur\u00e9e de lecture estim\u00e9e":"1 minute"},"schema":{"@context":"https:\/\/schema.org","@graph":[{"@type":"Article","@id":"https:\/\/www.foodsovereignty.org\/fr\/le-mouvement-pour-la-souverainete-alimentaire-perd-lun-de-ses-principaux-promoteurs-mario-ahumada\/#article","isPartOf":{"@id":"https:\/\/www.foodsovereignty.org\/fr\/le-mouvement-pour-la-souverainete-alimentaire-perd-lun-de-ses-principaux-promoteurs-mario-ahumada\/"},"author":{"name":"ipc_staging","@id":"https:\/\/www.foodsovereignty.org\/fr\/#\/schema\/person\/2022da6fc0f89b23596d0a63d82b61e1"},"headline":"Le mouvement pour la souverainet\u00e9 alimentaire perd l&rsquo;un de ses principaux promoteurs : Mario Ahumada","datePublished":"2021-08-03T15:07:32+00:00","dateModified":"2021-08-03T15:13:40+00:00","mainEntityOfPage":{"@id":"https:\/\/www.foodsovereignty.org\/fr\/le-mouvement-pour-la-souverainete-alimentaire-perd-lun-de-ses-principaux-promoteurs-mario-ahumada\/"},"wordCount":284,"image":{"@id":"https:\/\/www.foodsovereignty.org\/fr\/le-mouvement-pour-la-souverainete-alimentaire-perd-lun-de-ses-principaux-promoteurs-mario-ahumada\/#primaryimage"},"thumbnailUrl":"https:\/\/www.foodsovereignty.org\/wp-content\/uploads\/2024\/01\/candle.jpg","articleSection":["\u00c9v\u00e9nements","Nouvelles"],"inLanguage":"fr-FR"},{"@type":"WebPage","@id":"https:\/\/www.foodsovereignty.org\/fr\/le-mouvement-pour-la-souverainete-alimentaire-perd-lun-de-ses-principaux-promoteurs-mario-ahumada\/","url":"https:\/\/www.foodsovereignty.org\/fr\/le-mouvement-pour-la-souverainete-alimentaire-perd-lun-de-ses-principaux-promoteurs-mario-ahumada\/","name":"Le mouvement pour la souverainet\u00e9 alimentaire perd l'un de ses principaux promoteurs : Mario Ahumada - International Planning Committee for Food Sovereignty (IPC)","isPartOf":{"@id":"https:\/\/www.foodsovereignty.org\/fr\/#website"},"primaryImageOfPage":{"@id":"https:\/\/www.foodsovereignty.org\/fr\/le-mouvement-pour-la-souverainete-alimentaire-perd-lun-de-ses-principaux-promoteurs-mario-ahumada\/#primaryimage"},"image":{"@id":"https:\/\/www.foodsovereignty.org\/fr\/le-mouvement-pour-la-souverainete-alimentaire-perd-lun-de-ses-principaux-promoteurs-mario-ahumada\/#primaryimage"},"thumbnailUrl":"https:\/\/www.foodsovereignty.org\/wp-content\/uploads\/2024\/01\/candle.jpg","datePublished":"2021-08-03T15:07:32+00:00","dateModified":"2021-08-03T15:13:40+00:00","author":{"@id":"https:\/\/www.foodsovereignty.org\/fr\/#\/schema\/person\/2022da6fc0f89b23596d0a63d82b61e1"},"breadcrumb":{"@id":"https:\/\/www.foodsovereignty.org\/fr\/le-mouvement-pour-la-souverainete-alimentaire-perd-lun-de-ses-principaux-promoteurs-mario-ahumada\/#breadcrumb"},"inLanguage":"fr-FR","potentialAction":[{"@type":"ReadAction","target":["https:\/\/www.foodsovereignty.org\/fr\/le-mouvement-pour-la-souverainete-alimentaire-perd-lun-de-ses-principaux-promoteurs-mario-ahumada\/"]}]},{"@type":"ImageObject","inLanguage":"fr-FR","@id":"https:\/\/www.foodsovereignty.org\/fr\/le-mouvement-pour-la-souverainete-alimentaire-perd-lun-de-ses-principaux-promoteurs-mario-ahumada\/#primaryimage","url":"https:\/\/www.foodsovereignty.org\/wp-content\/uploads\/2024\/01\/candle.jpg","contentUrl":"https:\/\/www.foodsovereignty.org\/wp-content\/uploads\/2024\/01\/candle.jpg","width":612,"height":408},{"@type":"BreadcrumbList","@id":"https:\/\/www.foodsovereignty.org\/fr\/le-mouvement-pour-la-souverainete-alimentaire-perd-lun-de-ses-principaux-promoteurs-mario-ahumada\/#breadcrumb","itemListElement":[{"@type":"ListItem","position":1,"name":"Home","item":"https:\/\/www.foodsovereignty.org\/fr\/"},{"@type":"ListItem","position":2,"name":"Le mouvement pour la souverainet\u00e9 alimentaire perd l&#8217;un de ses principaux promoteurs : Mario Ahumada"}]},{"@type":"WebSite","@id":"https:\/\/www.foodsovereignty.org\/fr\/#website","url":"https:\/\/www.foodsovereignty.org\/fr\/","name":"International Planning Committee for Food Sovereignty (IPC)","description":"","potentialAction":[{"@type":"SearchAction","target":{"@type":"EntryPoint","urlTemplate":"https:\/\/www.foodsovereignty.org\/fr\/?s={search_term_string}"},"query-input":{"@type":"PropertyValueSpecification","valueRequired":true,"valueName":"search_term_string"}}],"inLanguage":"fr-FR"},{"@type":"Person","@id":"https:\/\/www.foodsovereignty.org\/fr\/#\/schema\/person\/2022da6fc0f89b23596d0a63d82b61e1","name":"ipc_staging","image":{"@type":"ImageObject","inLanguage":"fr-FR","@id":"https:\/\/secure.gravatar.com\/avatar\/fce93258e0a23ad6ba66052185f81fce65925c41d889b9d1b920a76951c434af?s=96&d=mm&r=g","url":"https:\/\/secure.gravatar.com\/avatar\/fce93258e0a23ad6ba66052185f81fce65925c41d889b9d1b920a76951c434af?s=96&d=mm&r=g","contentUrl":"https:\/\/secure.gravatar.com\/avatar\/fce93258e0a23ad6ba66052185f81fce65925c41d889b9d1b920a76951c434af?s=96&d=mm&r=g","caption":"ipc_staging"},"sameAs":["http:\/\/_"],"url":"https:\/\/www.foodsovereignty.org\/fr\/author\/ipc_staging\/"}]}},"_links":{"self":[{"href":"https:\/\/www.foodsovereignty.org\/fr\/wp-json\/wp\/v2\/posts\/1745","targetHints":{"allow":["GET"]}}],"collection":[{"href":"https:\/\/www.foodsovereignty.org\/fr\/wp-json\/wp\/v2\/posts"}],"about":[{"href":"https:\/\/www.foodsovereignty.org\/fr\/wp-json\/wp\/v2\/types\/post"}],"author":[{"embeddable":true,"href":"https:\/\/www.foodsovereignty.org\/fr\/wp-json\/wp\/v2\/users\/1"}],"replies":[{"embeddable":true,"href":"https:\/\/www.foodsovereignty.org\/fr\/wp-json\/wp\/v2\/comments?post=1745"}],"version-history":[{"count":0,"href":"https:\/\/www.foodsovereignty.org\/fr\/wp-json\/wp\/v2\/posts\/1745\/revisions"}],"wp:featuredmedia":[{"embeddable":true,"href":"https:\/\/www.foodsovereignty.org\/fr\/wp-json\/wp\/v2\/media\/2343"}],"wp:attachment":[{"href":"https:\/\/www.foodsovereignty.org\/fr\/wp-json\/wp\/v2\/media?parent=1745"}],"wp:term":[{"taxonomy":"category","embeddable":true,"href":"https:\/\/www.foodsovereignty.org\/fr\/wp-json\/wp\/v2\/categories?post=1745"},{"taxonomy":"post_tag","embeddable":true,"href":"https:\/\/www.foodsovereignty.org\/fr\/wp-json\/wp\/v2\/tags?post=1745"}],"curies":[{"name":"wp","href":"https:\/\/api.w.org\/{rel}","templated":true}]}}