{"id":1776,"date":"2022-03-09T11:50:53","date_gmt":"2022-03-09T11:50:53","guid":{"rendered":"https:\/\/www.foodsovereignty.org\/le-nouveau-groupe-consultatif-regional-en-amerique-latine-et-dans-les-caraibes\/"},"modified":"2024-01-30T22:58:36","modified_gmt":"2024-01-30T22:58:36","slug":"le-nouveau-groupe-consultatif-regional-en-amerique-latine-et-dans-les-caraibes","status":"publish","type":"post","link":"https:\/\/www.foodsovereignty.org\/fr\/le-nouveau-groupe-consultatif-regional-en-amerique-latine-et-dans-les-caraibes\/","title":{"rendered":"Le nouveau Groupe Consultatif R\u00e9gional en Am\u00e9rique latine et dans les Cara\u00efbes"},"content":{"rendered":"<p><span style=\"font-weight: 400;\">Les Groupes Consultatifs R\u00e9gionaux sont l&rsquo;extension r\u00e9gionale du Groupe Consultatif pour le cadre strat\u00e9gique mondial \u00e0 l&rsquo;appui de la mise en \u0153uvre des Directives PA du FSS (CSM-PA<\/span><span style=\"font-weight: 400;\">), dont la cr\u00e9ation a \u00e9t\u00e9 approuv\u00e9e par le COFI en 2016 pour stimuler la mise en \u0153uvre des Directives PA. \u00c0 cette occasion, le Groupe de Travail du CIP a \u00e9t\u00e9 d\u00e9sign\u00e9 comme Groupe Consultatif mondial, gr\u00e2ce au r\u00f4le cl\u00e9 qu&rsquo;il a jou\u00e9e dans la r\u00e9daction et l&rsquo;approbation des Directives PA en 2014<\/span><span style=\"font-weight: 400;\"> .\u00a0<\/span>  <span style=\"font-weight: 400;\">En 2019, le Groupe Consultatif a exprim\u00e9 sa volont\u00e9 de rapprocher le processus de mise en \u0153uvre des Directives PA des r\u00e9alit\u00e9s r\u00e9gionales, o\u00f9 les gouvernements sont moins enclins \u00e0 lancer un processus de convergence politique et o\u00f9 les r\u00e9seaux d&rsquo;OSC ont plus de difficult\u00e9s \u00e0 se coordonner et \u00e0 faire entendre leur voix. Pour ces raisons, en 2020, le Secr\u00e9tariat du CIP et le groupe de travail de la CIP sur les r\u00e9seaux de p\u00eache ont commenc\u00e9 \u00e0 mettre en place des Groupes Consultatifs R\u00e9gionaux.\u00a0<\/span>  <span style=\"font-weight: 400;\">Ces plateformes r\u00e9gionales ont \u00e9t\u00e9 \u00e9tablies en suivant le syst\u00e8me utilis\u00e9 par le M\u00e9canisme de la soci\u00e9t\u00e9 civile (MSCCSA)<\/span><span style=\"font-weight: 400;\">, car il repr\u00e9sente la volont\u00e9 organisationnelle des OSC et refl\u00e8te la division r\u00e9gionale de la FAO, facilitant ainsi l&rsquo;interaction avec les responsables r\u00e9gionaux de la FAO et, par cons\u00e9quent, la participation des GC r\u00e9gionales aux conf\u00e9rences r\u00e9gionales de la FAO, les processus politiques r\u00e9gionaux les plus importants concernant l&rsquo;alimentation et la nutrition.\u00a0<\/span>  <span style=\"font-weight: 400;\">Jusqu&rsquo;\u00e0 il y a quelques semaines, seules les GA R\u00e9gionales en Afrique et en Asie-Pacifique \u00e9taient pleinement \u00e9tablies et op\u00e9rationnelles, mais le 8 f\u00e9vrier 2022, les membres nouvellement nomm\u00e9s du Groupe Consultatif R\u00e9gional en Am\u00e9rique latine et dans les Cara\u00efbes se sont r\u00e9unis pour la premi\u00e8re fois et ont d\u00e9fini les premi\u00e8res \u00e9tapes du travail du GAR dans la r\u00e9gion.<\/span>  <div id=\"attachment_22928\" style=\"width: 310px\" class=\"wp-caption alignright\"><a href=\"https:\/\/www.foodsovereignty.org\/wp-content\/uploads\/2022\/03\/WhatsApp-Image-2022-03-09-at-11.48.34.jpeg\"><img loading=\"lazy\" decoding=\"async\" aria-describedby=\"caption-attachment-22928\" class=\"wp-image-22928 size-medium\" src=\"https:\/\/www.foodsovereignty.org\/wp-content\/uploads\/2024\/01\/WhatsApp-Image-2022-03-09-at-11.48.34-300x188-3.jpeg\" alt=\"\" width=\"300\" height=\"188\" \/><\/a><p id=\"caption-attachment-22928\" class=\"wp-caption-text\">Image de la derni\u00e8re r\u00e9union virtuelle<\/p><\/div>  <span style=\"font-weight: 400;\">Quant \u00e0 leur r\u00f4le, le mandat des GAR refl\u00e8te le mandat global, permettant aux repr\u00e9sentants r\u00e9gionaux de la PA de d\u00e9velopper des m\u00e9canismes de coordination r\u00e9gionale, de renforcer l&rsquo;efficacit\u00e9 de la soci\u00e9t\u00e9 civile pour diriger la mise en \u0153uvre des Directives PA au niveau national, et de d\u00e9velopper des strat\u00e9gies de plaidoyer pour g\u00e9n\u00e9rer un changement de politique au niveau r\u00e9gional et national. Les plateformes r\u00e9gionales sont \u00e9galement cruciales pour mieux relier les questions locales au niveau mondial et vice-versa. En outre, ces plateformes facilitent les \u00e9changes entre les mouvements sociaux de diff\u00e9rentes r\u00e9gions et travaillant \u00e0 diff\u00e9rents niveaux en partageant les connaissances et en stimulant les discussions pour formuler des positions politiques claires et partag\u00e9es.\u00a0<\/span>  <span style=\"font-weight: 400;\">Dans le nouveau GAR de la r\u00e9gion Am\u00e9rique latine et Cara\u00efbes si\u00e8gent les repr\u00e9sentants r\u00e9gionaux des quatre principaux r\u00e9seaux du Groupe de Travail sur la P\u00eache du CIP, \u00e0 savoir le WFF, le WFFP, l&rsquo;IITC et La Via Campesina. Les membres ont \u00e9t\u00e9 nomm\u00e9s de mani\u00e8re \u00e0 refl\u00e9ter les divisions sous-r\u00e9gionales de la r\u00e9gion Am\u00e9rique latine et Cara\u00efbes : des repr\u00e9sentants du Mexique, du Panama et d&rsquo;Antigua-et-Barbuda pour repr\u00e9senter l&rsquo;Am\u00e9rique centrale et les Cara\u00efbes ; des repr\u00e9sentants du Chili, du P\u00e9rou et de l&rsquo;\u00c9quateur pour la r\u00e9gion andine ; et pour le C\u00f4ne Sud, des membres d&rsquo;Argentine et du Br\u00e9sil.\u00a0<\/span>  <span style=\"font-weight: 400;\">Mais au-del\u00e0 de leur affiliation \u00e0 un r\u00e9seau et de leur provenance sous-r\u00e9gionale, tous les membres du GAR ont un \u00e9l\u00e9ment et un objectif communs : ils repr\u00e9sentent tous des personnes et des communaut\u00e9s de PA dans la r\u00e9gion ALC et veulent avancer la reconnaissance des droits de ces personnes et des peuples autochtones et la mise en \u0153uvre des Directives PA dans leurs propres pays et au niveau r\u00e9gional.<\/span>  <\/p>\n<hr \/>\n<h6>1- <span style=\"font-weight: 400;\">Pour plus d&rsquo;informations, veuillez consulter le site : <\/span><a href=\"https:\/\/www.foodsovereignty.org\/wp-content\/uploads\/2018\/11\/SSF-GSF.pdf\"><span style=\"font-weight: 400;\">https:\/\/www.foodsovereignty.org\/wp-content\/uploads\/2018\/11\/SSF-GSF.pdf<\/span><\/a><span style=\"font-weight: 400;\"> et <\/span><a href=\"https:\/\/www.fao.org\/voluntary-guidelines-small-scale-fisheries\/resources\/detail\/en\/c\/1268316\/\"><span style=\"font-weight: 400;\">https:\/\/www.fao.org\/voluntary-guidelines-small-scale-fisheries\/resources\/detail\/en\/c\/1268316<\/span><\/a><\/h6>\n<h6>2- <span style=\"font-weight: 400;\">Pour plus d&rsquo;informations, veuillez consulter le site\u00a0: <\/span><a href=\"https:\/\/www.foodsovereignty.org\/fr\/working_groups\/fisheries\/\"><span style=\"font-weight: 400;\">https:\/\/www.foodsovereignty.org\/fr\/working_groups\/fisheries\/<\/span><\/a><\/h6>\n<h6>3- <span style=\"font-weight: 400;\">Le M\u00e9canisme de la soci\u00e9t\u00e9 civile a \u00e9t\u00e9 cr\u00e9\u00e9 suite \u00e0 la r\u00e9forme du Comit\u00e9 des Nations Unies sur la s\u00e9curit\u00e9 alimentaire mondiale (CSA) en 2009. Le travail de coordination de la soci\u00e9t\u00e9 civile pour le CSF a donc \u00e9t\u00e9 d\u00e9plac\u00e9 de l&rsquo;IPC vers le CSM nouvellement cr\u00e9\u00e9 et officiellement reconnu. Pour plus d&rsquo;informations, veuillez consulter : <\/span><a href=\"https:\/\/www.csm4cfs.org\/fr\/\"><span style=\"font-weight: 400;\">https:\/\/www.csm4cfs.org\/fr\/<\/span><\/a><\/h6>\n","protected":false},"excerpt":{"rendered":"<p>Les Groupes Consultatifs R\u00e9gionaux sont l&rsquo;extension r\u00e9gionale du Groupe Consultatif pour le cadre strat\u00e9gique mondial \u00e0 l&rsquo;appui de la mise en \u0153uvre des Directives PA du FSS (CSM-PA), dont la cr\u00e9ation a \u00e9t\u00e9 approuv\u00e9e par le COFI en 2016 pour stimuler la mise en \u0153uvre des Directives PA. \u00c0 cette occasion, le Groupe de Travail [&hellip;]<\/p>\n","protected":false},"author":1,"featured_media":2396,"comment_status":"closed","ping_status":"open","sticky":false,"template":"","format":"standard","meta":{"_acf_changed":false,"footnotes":""},"categories":[57],"tags":[282],"class_list":["post-1776","post","type-post","status-publish","format-standard","has-post-thumbnail","hentry","category-nouvelles","tag-alc-amerique-latine-caraibes-cip-fss","regional_processes_tax-latin-america-caribbean","working_groups_tax-fisheries"],"acf":[],"yoast_head":"<!-- This site is optimized with the Yoast SEO plugin v27.4 - https:\/\/yoast.com\/product\/yoast-seo-wordpress\/ -->\n<title>Le nouveau Groupe Consultatif R\u00e9gional en Am\u00e9rique latine et dans les Cara\u00efbes - International Planning Committee for Food Sovereignty (IPC)<\/title>\n<meta name=\"robots\" content=\"index, follow, max-snippet:-1, max-image-preview:large, max-video-preview:-1\" \/>\n<link rel=\"canonical\" href=\"https:\/\/www.foodsovereignty.org\/fr\/le-nouveau-groupe-consultatif-regional-en-amerique-latine-et-dans-les-caraibes\/\" \/>\n<meta property=\"og:locale\" content=\"fr_FR\" \/>\n<meta property=\"og:type\" content=\"article\" \/>\n<meta property=\"og:title\" content=\"Le nouveau Groupe Consultatif R\u00e9gional en Am\u00e9rique latine et dans les Cara\u00efbes - International Planning Committee for Food Sovereignty (IPC)\" \/>\n<meta property=\"og:description\" content=\"Les Groupes Consultatifs R\u00e9gionaux sont l&rsquo;extension r\u00e9gionale du Groupe Consultatif pour le cadre strat\u00e9gique mondial \u00e0 l&rsquo;appui de la mise en \u0153uvre des Directives PA du FSS (CSM-PA), dont la cr\u00e9ation a \u00e9t\u00e9 approuv\u00e9e par le COFI en 2016 pour stimuler la mise en \u0153uvre des Directives PA. \u00c0 cette occasion, le Groupe de Travail [&hellip;]\" \/>\n<meta property=\"og:url\" content=\"https:\/\/www.foodsovereignty.org\/fr\/le-nouveau-groupe-consultatif-regional-en-amerique-latine-et-dans-les-caraibes\/\" \/>\n<meta property=\"og:site_name\" content=\"International Planning Committee for Food Sovereignty (IPC)\" \/>\n<meta property=\"article:published_time\" content=\"2022-03-09T11:50:53+00:00\" \/>\n<meta property=\"article:modified_time\" content=\"2024-01-30T22:58:36+00:00\" \/>\n<meta property=\"og:image\" content=\"https:\/\/www.foodsovereignty.org\/wp-content\/uploads\/2024\/01\/pesca-lac.jpg\" \/>\n\t<meta property=\"og:image:width\" content=\"667\" \/>\n\t<meta property=\"og:image:height\" content=\"375\" \/>\n\t<meta property=\"og:image:type\" content=\"image\/jpeg\" \/>\n<meta name=\"author\" content=\"ipc_staging\" \/>\n<meta name=\"twitter:card\" content=\"summary_large_image\" \/>\n<meta name=\"twitter:label1\" content=\"\u00c9crit par\" \/>\n\t<meta name=\"twitter:data1\" content=\"ipc_staging\" \/>\n\t<meta name=\"twitter:label2\" content=\"Dur\u00e9e de lecture estim\u00e9e\" \/>\n\t<meta name=\"twitter:data2\" content=\"4 minutes\" \/>\n<script type=\"application\/ld+json\" class=\"yoast-schema-graph\">{\"@context\":\"https:\\\/\\\/schema.org\",\"@graph\":[{\"@type\":\"Article\",\"@id\":\"https:\\\/\\\/www.foodsovereignty.org\\\/fr\\\/le-nouveau-groupe-consultatif-regional-en-amerique-latine-et-dans-les-caraibes\\\/#article\",\"isPartOf\":{\"@id\":\"https:\\\/\\\/www.foodsovereignty.org\\\/fr\\\/le-nouveau-groupe-consultatif-regional-en-amerique-latine-et-dans-les-caraibes\\\/\"},\"author\":{\"name\":\"ipc_staging\",\"@id\":\"https:\\\/\\\/www.foodsovereignty.org\\\/fr\\\/#\\\/schema\\\/person\\\/2022da6fc0f89b23596d0a63d82b61e1\"},\"headline\":\"Le nouveau Groupe Consultatif R\u00e9gional en Am\u00e9rique latine et dans les Cara\u00efbes\",\"datePublished\":\"2022-03-09T11:50:53+00:00\",\"dateModified\":\"2024-01-30T22:58:36+00:00\",\"mainEntityOfPage\":{\"@id\":\"https:\\\/\\\/www.foodsovereignty.org\\\/fr\\\/le-nouveau-groupe-consultatif-regional-en-amerique-latine-et-dans-les-caraibes\\\/\"},\"wordCount\":812,\"image\":{\"@id\":\"https:\\\/\\\/www.foodsovereignty.org\\\/fr\\\/le-nouveau-groupe-consultatif-regional-en-amerique-latine-et-dans-les-caraibes\\\/#primaryimage\"},\"thumbnailUrl\":\"https:\\\/\\\/www.foodsovereignty.org\\\/wp-content\\\/uploads\\\/2024\\\/01\\\/pesca-lac.jpg\",\"keywords\":[\"ALC; Am\u00e9rique latine; Caraibes; CIP; FSS\"],\"articleSection\":[\"Nouvelles\"],\"inLanguage\":\"fr-FR\"},{\"@type\":\"WebPage\",\"@id\":\"https:\\\/\\\/www.foodsovereignty.org\\\/fr\\\/le-nouveau-groupe-consultatif-regional-en-amerique-latine-et-dans-les-caraibes\\\/\",\"url\":\"https:\\\/\\\/www.foodsovereignty.org\\\/fr\\\/le-nouveau-groupe-consultatif-regional-en-amerique-latine-et-dans-les-caraibes\\\/\",\"name\":\"Le nouveau Groupe Consultatif R\u00e9gional en Am\u00e9rique latine et dans les Cara\u00efbes - International Planning Committee for Food Sovereignty (IPC)\",\"isPartOf\":{\"@id\":\"https:\\\/\\\/www.foodsovereignty.org\\\/fr\\\/#website\"},\"primaryImageOfPage\":{\"@id\":\"https:\\\/\\\/www.foodsovereignty.org\\\/fr\\\/le-nouveau-groupe-consultatif-regional-en-amerique-latine-et-dans-les-caraibes\\\/#primaryimage\"},\"image\":{\"@id\":\"https:\\\/\\\/www.foodsovereignty.org\\\/fr\\\/le-nouveau-groupe-consultatif-regional-en-amerique-latine-et-dans-les-caraibes\\\/#primaryimage\"},\"thumbnailUrl\":\"https:\\\/\\\/www.foodsovereignty.org\\\/wp-content\\\/uploads\\\/2024\\\/01\\\/pesca-lac.jpg\",\"datePublished\":\"2022-03-09T11:50:53+00:00\",\"dateModified\":\"2024-01-30T22:58:36+00:00\",\"author\":{\"@id\":\"https:\\\/\\\/www.foodsovereignty.org\\\/fr\\\/#\\\/schema\\\/person\\\/2022da6fc0f89b23596d0a63d82b61e1\"},\"breadcrumb\":{\"@id\":\"https:\\\/\\\/www.foodsovereignty.org\\\/fr\\\/le-nouveau-groupe-consultatif-regional-en-amerique-latine-et-dans-les-caraibes\\\/#breadcrumb\"},\"inLanguage\":\"fr-FR\",\"potentialAction\":[{\"@type\":\"ReadAction\",\"target\":[\"https:\\\/\\\/www.foodsovereignty.org\\\/fr\\\/le-nouveau-groupe-consultatif-regional-en-amerique-latine-et-dans-les-caraibes\\\/\"]}]},{\"@type\":\"ImageObject\",\"inLanguage\":\"fr-FR\",\"@id\":\"https:\\\/\\\/www.foodsovereignty.org\\\/fr\\\/le-nouveau-groupe-consultatif-regional-en-amerique-latine-et-dans-les-caraibes\\\/#primaryimage\",\"url\":\"https:\\\/\\\/www.foodsovereignty.org\\\/wp-content\\\/uploads\\\/2024\\\/01\\\/pesca-lac.jpg\",\"contentUrl\":\"https:\\\/\\\/www.foodsovereignty.org\\\/wp-content\\\/uploads\\\/2024\\\/01\\\/pesca-lac.jpg\",\"width\":667,\"height\":375},{\"@type\":\"BreadcrumbList\",\"@id\":\"https:\\\/\\\/www.foodsovereignty.org\\\/fr\\\/le-nouveau-groupe-consultatif-regional-en-amerique-latine-et-dans-les-caraibes\\\/#breadcrumb\",\"itemListElement\":[{\"@type\":\"ListItem\",\"position\":1,\"name\":\"Home\",\"item\":\"https:\\\/\\\/www.foodsovereignty.org\\\/fr\\\/\"},{\"@type\":\"ListItem\",\"position\":2,\"name\":\"Le nouveau Groupe Consultatif R\u00e9gional en Am\u00e9rique latine et dans les Cara\u00efbes\"}]},{\"@type\":\"WebSite\",\"@id\":\"https:\\\/\\\/www.foodsovereignty.org\\\/fr\\\/#website\",\"url\":\"https:\\\/\\\/www.foodsovereignty.org\\\/fr\\\/\",\"name\":\"International Planning Committee for Food Sovereignty (IPC)\",\"description\":\"\",\"potentialAction\":[{\"@type\":\"SearchAction\",\"target\":{\"@type\":\"EntryPoint\",\"urlTemplate\":\"https:\\\/\\\/www.foodsovereignty.org\\\/fr\\\/?s={search_term_string}\"},\"query-input\":{\"@type\":\"PropertyValueSpecification\",\"valueRequired\":true,\"valueName\":\"search_term_string\"}}],\"inLanguage\":\"fr-FR\"},{\"@type\":\"Person\",\"@id\":\"https:\\\/\\\/www.foodsovereignty.org\\\/fr\\\/#\\\/schema\\\/person\\\/2022da6fc0f89b23596d0a63d82b61e1\",\"name\":\"ipc_staging\",\"image\":{\"@type\":\"ImageObject\",\"inLanguage\":\"fr-FR\",\"@id\":\"https:\\\/\\\/secure.gravatar.com\\\/avatar\\\/fce93258e0a23ad6ba66052185f81fce65925c41d889b9d1b920a76951c434af?s=96&d=mm&r=g\",\"url\":\"https:\\\/\\\/secure.gravatar.com\\\/avatar\\\/fce93258e0a23ad6ba66052185f81fce65925c41d889b9d1b920a76951c434af?s=96&d=mm&r=g\",\"contentUrl\":\"https:\\\/\\\/secure.gravatar.com\\\/avatar\\\/fce93258e0a23ad6ba66052185f81fce65925c41d889b9d1b920a76951c434af?s=96&d=mm&r=g\",\"caption\":\"ipc_staging\"},\"sameAs\":[\"http:\\\/\\\/_\"],\"url\":\"https:\\\/\\\/www.foodsovereignty.org\\\/fr\\\/author\\\/ipc_staging\\\/\"}]}<\/script>\n<!-- \/ Yoast SEO plugin. -->","yoast_head_json":{"title":"Le nouveau Groupe Consultatif R\u00e9gional en Am\u00e9rique latine et dans les Cara\u00efbes - International Planning Committee for Food Sovereignty (IPC)","robots":{"index":"index","follow":"follow","max-snippet":"max-snippet:-1","max-image-preview":"max-image-preview:large","max-video-preview":"max-video-preview:-1"},"canonical":"https:\/\/www.foodsovereignty.org\/fr\/le-nouveau-groupe-consultatif-regional-en-amerique-latine-et-dans-les-caraibes\/","og_locale":"fr_FR","og_type":"article","og_title":"Le nouveau Groupe Consultatif R\u00e9gional en Am\u00e9rique latine et dans les Cara\u00efbes - International Planning Committee for Food Sovereignty (IPC)","og_description":"Les Groupes Consultatifs R\u00e9gionaux sont l&rsquo;extension r\u00e9gionale du Groupe Consultatif pour le cadre strat\u00e9gique mondial \u00e0 l&rsquo;appui de la mise en \u0153uvre des Directives PA du FSS (CSM-PA), dont la cr\u00e9ation a \u00e9t\u00e9 approuv\u00e9e par le COFI en 2016 pour stimuler la mise en \u0153uvre des Directives PA. \u00c0 cette occasion, le Groupe de Travail [&hellip;]","og_url":"https:\/\/www.foodsovereignty.org\/fr\/le-nouveau-groupe-consultatif-regional-en-amerique-latine-et-dans-les-caraibes\/","og_site_name":"International Planning Committee for Food Sovereignty (IPC)","article_published_time":"2022-03-09T11:50:53+00:00","article_modified_time":"2024-01-30T22:58:36+00:00","og_image":[{"width":667,"height":375,"url":"https:\/\/www.foodsovereignty.org\/wp-content\/uploads\/2024\/01\/pesca-lac.jpg","type":"image\/jpeg"}],"author":"ipc_staging","twitter_card":"summary_large_image","twitter_misc":{"\u00c9crit par":"ipc_staging","Dur\u00e9e de lecture estim\u00e9e":"4 minutes"},"schema":{"@context":"https:\/\/schema.org","@graph":[{"@type":"Article","@id":"https:\/\/www.foodsovereignty.org\/fr\/le-nouveau-groupe-consultatif-regional-en-amerique-latine-et-dans-les-caraibes\/#article","isPartOf":{"@id":"https:\/\/www.foodsovereignty.org\/fr\/le-nouveau-groupe-consultatif-regional-en-amerique-latine-et-dans-les-caraibes\/"},"author":{"name":"ipc_staging","@id":"https:\/\/www.foodsovereignty.org\/fr\/#\/schema\/person\/2022da6fc0f89b23596d0a63d82b61e1"},"headline":"Le nouveau Groupe Consultatif R\u00e9gional en Am\u00e9rique latine et dans les Cara\u00efbes","datePublished":"2022-03-09T11:50:53+00:00","dateModified":"2024-01-30T22:58:36+00:00","mainEntityOfPage":{"@id":"https:\/\/www.foodsovereignty.org\/fr\/le-nouveau-groupe-consultatif-regional-en-amerique-latine-et-dans-les-caraibes\/"},"wordCount":812,"image":{"@id":"https:\/\/www.foodsovereignty.org\/fr\/le-nouveau-groupe-consultatif-regional-en-amerique-latine-et-dans-les-caraibes\/#primaryimage"},"thumbnailUrl":"https:\/\/www.foodsovereignty.org\/wp-content\/uploads\/2024\/01\/pesca-lac.jpg","keywords":["ALC; Am\u00e9rique latine; Caraibes; CIP; FSS"],"articleSection":["Nouvelles"],"inLanguage":"fr-FR"},{"@type":"WebPage","@id":"https:\/\/www.foodsovereignty.org\/fr\/le-nouveau-groupe-consultatif-regional-en-amerique-latine-et-dans-les-caraibes\/","url":"https:\/\/www.foodsovereignty.org\/fr\/le-nouveau-groupe-consultatif-regional-en-amerique-latine-et-dans-les-caraibes\/","name":"Le nouveau Groupe Consultatif R\u00e9gional en Am\u00e9rique latine et dans les Cara\u00efbes - International Planning Committee for Food Sovereignty (IPC)","isPartOf":{"@id":"https:\/\/www.foodsovereignty.org\/fr\/#website"},"primaryImageOfPage":{"@id":"https:\/\/www.foodsovereignty.org\/fr\/le-nouveau-groupe-consultatif-regional-en-amerique-latine-et-dans-les-caraibes\/#primaryimage"},"image":{"@id":"https:\/\/www.foodsovereignty.org\/fr\/le-nouveau-groupe-consultatif-regional-en-amerique-latine-et-dans-les-caraibes\/#primaryimage"},"thumbnailUrl":"https:\/\/www.foodsovereignty.org\/wp-content\/uploads\/2024\/01\/pesca-lac.jpg","datePublished":"2022-03-09T11:50:53+00:00","dateModified":"2024-01-30T22:58:36+00:00","author":{"@id":"https:\/\/www.foodsovereignty.org\/fr\/#\/schema\/person\/2022da6fc0f89b23596d0a63d82b61e1"},"breadcrumb":{"@id":"https:\/\/www.foodsovereignty.org\/fr\/le-nouveau-groupe-consultatif-regional-en-amerique-latine-et-dans-les-caraibes\/#breadcrumb"},"inLanguage":"fr-FR","potentialAction":[{"@type":"ReadAction","target":["https:\/\/www.foodsovereignty.org\/fr\/le-nouveau-groupe-consultatif-regional-en-amerique-latine-et-dans-les-caraibes\/"]}]},{"@type":"ImageObject","inLanguage":"fr-FR","@id":"https:\/\/www.foodsovereignty.org\/fr\/le-nouveau-groupe-consultatif-regional-en-amerique-latine-et-dans-les-caraibes\/#primaryimage","url":"https:\/\/www.foodsovereignty.org\/wp-content\/uploads\/2024\/01\/pesca-lac.jpg","contentUrl":"https:\/\/www.foodsovereignty.org\/wp-content\/uploads\/2024\/01\/pesca-lac.jpg","width":667,"height":375},{"@type":"BreadcrumbList","@id":"https:\/\/www.foodsovereignty.org\/fr\/le-nouveau-groupe-consultatif-regional-en-amerique-latine-et-dans-les-caraibes\/#breadcrumb","itemListElement":[{"@type":"ListItem","position":1,"name":"Home","item":"https:\/\/www.foodsovereignty.org\/fr\/"},{"@type":"ListItem","position":2,"name":"Le nouveau Groupe Consultatif R\u00e9gional en Am\u00e9rique latine et dans les Cara\u00efbes"}]},{"@type":"WebSite","@id":"https:\/\/www.foodsovereignty.org\/fr\/#website","url":"https:\/\/www.foodsovereignty.org\/fr\/","name":"International Planning Committee for Food Sovereignty (IPC)","description":"","potentialAction":[{"@type":"SearchAction","target":{"@type":"EntryPoint","urlTemplate":"https:\/\/www.foodsovereignty.org\/fr\/?s={search_term_string}"},"query-input":{"@type":"PropertyValueSpecification","valueRequired":true,"valueName":"search_term_string"}}],"inLanguage":"fr-FR"},{"@type":"Person","@id":"https:\/\/www.foodsovereignty.org\/fr\/#\/schema\/person\/2022da6fc0f89b23596d0a63d82b61e1","name":"ipc_staging","image":{"@type":"ImageObject","inLanguage":"fr-FR","@id":"https:\/\/secure.gravatar.com\/avatar\/fce93258e0a23ad6ba66052185f81fce65925c41d889b9d1b920a76951c434af?s=96&d=mm&r=g","url":"https:\/\/secure.gravatar.com\/avatar\/fce93258e0a23ad6ba66052185f81fce65925c41d889b9d1b920a76951c434af?s=96&d=mm&r=g","contentUrl":"https:\/\/secure.gravatar.com\/avatar\/fce93258e0a23ad6ba66052185f81fce65925c41d889b9d1b920a76951c434af?s=96&d=mm&r=g","caption":"ipc_staging"},"sameAs":["http:\/\/_"],"url":"https:\/\/www.foodsovereignty.org\/fr\/author\/ipc_staging\/"}]}},"_links":{"self":[{"href":"https:\/\/www.foodsovereignty.org\/fr\/wp-json\/wp\/v2\/posts\/1776","targetHints":{"allow":["GET"]}}],"collection":[{"href":"https:\/\/www.foodsovereignty.org\/fr\/wp-json\/wp\/v2\/posts"}],"about":[{"href":"https:\/\/www.foodsovereignty.org\/fr\/wp-json\/wp\/v2\/types\/post"}],"author":[{"embeddable":true,"href":"https:\/\/www.foodsovereignty.org\/fr\/wp-json\/wp\/v2\/users\/1"}],"replies":[{"embeddable":true,"href":"https:\/\/www.foodsovereignty.org\/fr\/wp-json\/wp\/v2\/comments?post=1776"}],"version-history":[{"count":1,"href":"https:\/\/www.foodsovereignty.org\/fr\/wp-json\/wp\/v2\/posts\/1776\/revisions"}],"predecessor-version":[{"id":1780,"href":"https:\/\/www.foodsovereignty.org\/fr\/wp-json\/wp\/v2\/posts\/1776\/revisions\/1780"}],"wp:featuredmedia":[{"embeddable":true,"href":"https:\/\/www.foodsovereignty.org\/fr\/wp-json\/wp\/v2\/media\/2396"}],"wp:attachment":[{"href":"https:\/\/www.foodsovereignty.org\/fr\/wp-json\/wp\/v2\/media?parent=1776"}],"wp:term":[{"taxonomy":"category","embeddable":true,"href":"https:\/\/www.foodsovereignty.org\/fr\/wp-json\/wp\/v2\/categories?post=1776"},{"taxonomy":"post_tag","embeddable":true,"href":"https:\/\/www.foodsovereignty.org\/fr\/wp-json\/wp\/v2\/tags?post=1776"}],"curies":[{"name":"wp","href":"https:\/\/api.w.org\/{rel}","templated":true}]}}