{"id":1782,"date":"2022-03-14T10:28:28","date_gmt":"2022-03-14T10:28:28","guid":{"rendered":"https:\/\/www.foodsovereignty.org\/les-negociations-de-lonu-sur-la-biodiversite-reprennent-a-geneve\/"},"modified":"2024-01-30T22:58:37","modified_gmt":"2024-01-30T22:58:37","slug":"les-negociations-de-lonu-sur-la-biodiversite-reprennent-a-geneve","status":"publish","type":"post","link":"https:\/\/www.foodsovereignty.org\/fr\/les-negociations-de-lonu-sur-la-biodiversite-reprennent-a-geneve\/","title":{"rendered":"Les n\u00e9gociations des Nations Unies sur la biodiversit\u00e9 reprennent \u00e0 Gen\u00e8ve"},"content":{"rendered":"<p><em><strong>Par Mariapaola Boselli, facilitateur du groupe de travail du CIP sur l&rsquo;agrobiodiversit\u00e9<\/strong><\/em>  &nbsp; <\/p>\n<h4>16 mars 2022<\/h4>\n<p style=\"text-align: justify;\">L&rsquo;ordre du jour du troisi\u00e8me jour de la r\u00e9union, mercredi 16 mars 2022, a vu la discussion des questions cl\u00e9s pour le groupe de travail du CIP sur la biodiversit\u00e9 agricole.<\/p>\n<p style=\"text-align: justify;\">Le matin, les d\u00e9l\u00e9gu\u00e9s ont discut\u00e9 de la deuxi\u00e8me s\u00e9rie d&rsquo;objectifs du Cadre mondial pour la biodiversit\u00e9, \u00e0 savoir les objectifs 9 \u00e0 13, qui sont cens\u00e9s \u00ab\u00a0<strong>r\u00e9pondre aux besoins des populations par l&rsquo;utilisation durable et le partage des avantages<\/strong>\u00ab\u00a0.<\/p>\n<p style=\"text-align: justify;\">Les objectifs actuels ne sont pas susceptibles de cr\u00e9er les conditions n\u00e9cessaires pour r\u00e9pondre aux besoins des populations, notamment en mati\u00e8re de s\u00e9curit\u00e9 alimentaire.<\/p>\n<p style=\"text-align: justify;\">A cette occasion, <strong>le CIP a \u00e9galement collabor\u00e9 avec de nombreux alli\u00e9s de l&rsquo;Alliance CBD<\/strong>, un groupe qui apporte un grand soutien aux d\u00e9l\u00e9gu\u00e9s de la CIP qui sont toujours confront\u00e9s \u00e0 plusieurs difficult\u00e9s li\u00e9es \u00e0 l&rsquo;absence totale d&rsquo;interpr\u00e9tation dans la plupart des r\u00e9unions. Gr\u00e2ce \u00e0 un excellent travail d&rsquo;\u00e9quipe, la d\u00e9l\u00e9gu\u00e9e d&rsquo;IPC, <strong>Gisela Illescas Palma<\/strong>, une petite productrice mexicaine dont la coop\u00e9rative produit du caf\u00e9 selon <strong>une approche agro-\u00e9cologique et f\u00e9ministe<\/strong>, a fortement exprim\u00e9 les positions d&rsquo;IPC sur la cible 10 de la CDB, concernant l&rsquo;agriculture, l&rsquo;aquaculture et la foresterie.<\/p>\n<p style=\"text-align: justify;\">IPC et les autres organisations de l&rsquo;Alliance ont rappel\u00e9 \u00e0 toutes les parties pr\u00e9sentes que l&rsquo;agriculture, l&rsquo;aquaculture, la p\u00eache et la foresterie doivent \u00eatre g\u00e9r\u00e9es de mani\u00e8re durable. L&rsquo;agro\u00e9cologie doit \u00eatre l&rsquo;approche principale car elle soutient les syst\u00e8mes qui utilisent des semences, des vari\u00e9t\u00e9s et des races indig\u00e8nes, en particulier ceux g\u00e9r\u00e9s par <strong>les petits exploitants, les peuples autochtones et les communaut\u00e9s locales, les femmes et les jeunes<\/strong>. Leurs droits doivent \u00eatre prot\u00e9g\u00e9s, notamment l&rsquo;acc\u00e8s s\u00e9curis\u00e9 \u00e0 la terre, \u00e0 l&rsquo;eau et \u00e0 la mer.<\/p>\n<p style=\"text-align: justify;\">Nous demandons \u00e9galement une r\u00e9duction des surfaces consacr\u00e9es \u00e0 la monoculture et \u00e0 la production industrielle dans l&rsquo;agriculture et la sylviculture, et que le concept d&rsquo;intensification durable ou \u00e9cologique ne soit pas r\u00e9ellement acceptable.<\/p>\n<p style=\"text-align: justify;\">Dans l&rsquo;apr\u00e8s-midi, les d\u00e9l\u00e9gu\u00e9s ont \u00e9t\u00e9 confront\u00e9s \u00e0 une autre discussion importante concernant l&rsquo;agriculture et la biodiversit\u00e9 au sein de l&rsquo;Organe subsidiaire charg\u00e9 de fournir des avis scientifiques, techniques et technologiques (SBSTTA).<\/p>\n<p style=\"text-align: justify;\">Dans ce cas \u00e9galement, la position de la CIP est claire: dans le document que le Secr\u00e9tariat de la CDB a fourni, concernant le plan d&rsquo;action 2020-2030 pour l&rsquo;Initiative internationale pour la conservation et l&rsquo;utilisation durable de la biodiversit\u00e9 des sols, <strong>il n&rsquo;y a aucune mention de l&rsquo;agro\u00e9cologie<\/strong>; d&rsquo;autre part, <strong>les petits producteurs alimentaires<\/strong>, tels qu&rsquo;identifi\u00e9s par l&rsquo;UNDROP, <strong>ne sont pas reconnus<\/strong>.<\/p>\n<p style=\"text-align: justify;\">Le plan d&rsquo;action devrait souligner le r\u00f4le fondamental de l&rsquo;agro\u00e9cologie et de la gestion dynamique des sols, que les petits producteurs et les peuples indig\u00e8nes pratiquent depuis des mill\u00e9naires et qui sont essentiels pour restaurer, maintenir et d\u00e9velopper la biodiversit\u00e9 des sols.<\/p>\n<p style=\"text-align: justify;\"><strong>Demain sera le dernier jour o\u00f9 les d\u00e9l\u00e9gu\u00e9s du CIP seront \u00e0 Gen\u00e8ve pour lutter pour la biodiversit\u00e9<\/strong>, les droits des peuples autochtones et des petits producteurs alimentaires, et la souverainet\u00e9 alimentaire, mais notre travail ne s&rsquo;arr\u00eate pas demain : la r\u00e9union se poursuivra jusqu&rsquo;au 29 mars et nous la suivrons virtuellement, confiants que les camarades avec lesquels nous avons travaill\u00e9 et que nous avons soutenus cette semaine continueront \u00e0 travailler avec nous, m\u00eame si nous sommes de retour dans nos maisons, nos champs et nos bureaux.<\/p>\n<p> &nbsp; <\/p>\n<p style=\"text-align: center;\">***<\/p>\n<p> &nbsp; <\/p>\n<h4>15 Mars 2022<\/h4>\n<p style=\"text-align: justify;\">Le groupe de travail du CIP sur la biodiversit\u00e9 agricole est entr\u00e9 en pleine effervescence dans la derni\u00e8re n\u00e9gociation avant la CdP15 et l&rsquo;approbation du prochain Cadre mondial pour la biodiversit\u00e9 post-2020 qui, pour les 10 prochaines ann\u00e9es, sera l&rsquo;instrument international auquel les Parties devront se r\u00e9f\u00e9rer et qu&rsquo;elles devront mettre en \u0153uvre au niveau national pour atteindre les objectifs mondiaux de protection et de conservation de la biodiversit\u00e9.<\/p>\n<p style=\"text-align: justify;\">D\u00e8s ces premiers jours, certains probl\u00e8mes concernant le processus sont \u00e9vidents: les Parties et les Observateurs se retrouvent \u00e0 n\u00e9gocier un texte qui a \u00e9t\u00e9 pr\u00e9sent\u00e9 par les Co-pr\u00e9sidents du processus au cours des derniers mois et qui a rassembl\u00e9 les diff\u00e9rentes positions que les Parties ont pr\u00e9sent\u00e9es au cours des derniers mois, m\u00eame si elles n&rsquo;ont pas un caract\u00e8re d\u00e9finitif \u00e9tant donn\u00e9 la d\u00e9cision de proc\u00e9der aux v\u00e9ritables n\u00e9gociations uniquement en pr\u00e9sence et non par le biais d&rsquo;outils en ligne qui, en effet, ont profond\u00e9ment limit\u00e9 la participation de nombreuses Parties, en particulier de la r\u00e9gion africaine, et de nombreux observateurs, comme cela s&rsquo;est \u00e9galement produit lors du CIP. Ni le texte ni la m\u00e9thodologie utilis\u00e9e ne peuvent \u00eatre consid\u00e9r\u00e9s comme conformes aux v\u00e9ritables n\u00e9gociations de ces derniers mois.<\/p>\n<p style=\"text-align: justify;\">Comme ce fut le cas il y a deux ans, nous assistons \u00e9galement \u00e0 des <strong>tentatives d\u00e9lib\u00e9r\u00e9es de certaines Parties \u00e0 la Convention de ralentir le processus, afin de ne pas avoir de v\u00e9ritable n\u00e9gociation sur les objectifs<\/strong> et d&rsquo;arriver \u00e0 la COP avec un document qui n&rsquo;a pas vraiment \u00e9t\u00e9 n\u00e9goci\u00e9 et qui, selon toute vraisemblance, refl\u00e9tera les positions des Parties qui, pour des raisons politiques et \u00e9conomiques, ont le pouvoir d&rsquo;orienter les processus dans la direction qui leur est la plus favorable.<\/p>\n<p style=\"text-align: justify;\">Au cours de la r\u00e9union du groupe de contact sur les cibles 1 \u00e0 8 du <strong>Cadre mondial pour la biodiversit\u00e9<\/strong>, certaines questions cruciales ont \u00e9t\u00e9 discut\u00e9es, mais m\u00eame les parties n&rsquo;ont pas eu l&rsquo;occasion de s&rsquo;exprimer, puisque plus de 10 d&rsquo;entre elles ont vu leur droit de parole report\u00e9 \u00e0 la prochaine r\u00e9union du groupe de contact, pr\u00e9vue le samedi 19 mars.<\/p>\n<p style=\"text-align: justify;\">Parmi les questions les plus probl\u00e9matiques qui ont \u00e9t\u00e9 abord\u00e9es hier, nous trouvons la tentative d&rsquo;augmenter le nombre de zones prot\u00e9g\u00e9es, jusqu&rsquo;\u00e0 30% des zones marines ou terrestres plac\u00e9es sous cette protection.<\/p>\n<p style=\"text-align: justify;\">Si cela peut sembler tr\u00e8s positif \u00e0 premi\u00e8re vue, en r\u00e9alit\u00e9 ces zones deviennent souvent des lieux g\u00e9r\u00e9s par l&rsquo;Etat qui, comme c&rsquo;est souvent le cas, utilise ce pr\u00e9texte pour <strong>expulser les Peuples Indig\u00e8nes, les Communaut\u00e9s Locales et les petits producteurs d&rsquo;aliments<\/strong> qui habitent ces zones depuis des mill\u00e9naires et qui ont prot\u00e9g\u00e9 et renforc\u00e9 leur biodiversit\u00e9 gr\u00e2ce \u00e0 leurs syst\u00e8mes de semences et leurs connaissances traditionnelles.<\/p>\n<p style=\"text-align: justify;\">La CIP souhaite nous rappeler qu&rsquo;il est crucial de reconna\u00eetre et de soutenir le r\u00f4le des IPLC en tant que gardiens des \u00e9cosyst\u00e8mes en augmentant la superficie des zones qu&rsquo;ils g\u00e8rent. Il est n\u00e9cessaire d&rsquo;\u00e9tendre les zones g\u00e9r\u00e9es durablement par les IPLC et les communaut\u00e9s locales productrices de nourriture, en veillant \u00e0 ce que leurs droits humains, culturels, sociaux, \u00e9conomiques et environnementaux soient respect\u00e9s et prot\u00e9g\u00e9s. Les zones prot\u00e9g\u00e9es entra\u00eenent souvent l&rsquo;accaparement de terres ou l&rsquo;exclusion de zones qui sont fondamentales pour l&rsquo;approvisionnement alimentaire de nombreuses personnes, comme les zones marines prot\u00e9g\u00e9es qui excluent les p\u00eacheurs \u00e0 petite \u00e9chelle.<\/p>\n<p style=\"text-align: justify;\"><strong>Malheureusement, ni l&rsquo;IPC, ni d&rsquo;autres organisations alli\u00e9es n&rsquo;ont eu l&rsquo;occasion de s&rsquo;exprimer.<\/strong><\/p>\n<p style=\"text-align: justify;\">Nous continuerons \u00e0 \u00e9tablir des relations avec nos alli\u00e9s et les Parties qui nous soutiennent pour continuer \u00e0 faire avancer les positions des petits producteurs alimentaires et des peuples autochtones, qui non seulement ont le droit de continuer \u00e0 vivre l\u00e0 o\u00f9 ils ont toujours v\u00e9cu, mais qui devraient avoir acc\u00e8s \u00e0 des zones suppl\u00e9mentaires en raison de leur r\u00f4le irrempla\u00e7able dans la protection de la biodiversit\u00e9 et, par cons\u00e9quent, de la s\u00e9curit\u00e9 alimentaire mondiale.<\/p>\n<p> &nbsp; <\/p>\n<p style=\"text-align: center;\">***<\/p>\n<p> &nbsp; <\/p>\n<h4>14 Mars 2022<\/h4>\n<p style=\"text-align: justify;\">Cela fait plus de deux ans qu&rsquo;une d\u00e9l\u00e9gation de la CIP ne s&rsquo;est pas r\u00e9unie en personne. C&rsquo;\u00e9tait \u00e0 la fin du mois de f\u00e9vrier 2020, \u00e0 Rome, pour le deuxi\u00e8me groupe de travail sur le Cadre mondial pour la biodiversit\u00e9 (GBF) post-2020, le cadre politique mondial pour la protection de la biodiversit\u00e9 qui doit \u00eatre approuv\u00e9 par les Parties \u00e0 la Convention sur la diversit\u00e9 biologique (CDB) plus tard cette ann\u00e9e, et mis en \u0153uvre dans les politiques nationales pour tenter d&rsquo;enrayer l&rsquo;\u00e9norme perte de biodiversit\u00e9 \u00e0 laquelle nous sommes confront\u00e9s.<\/p>\n<p style=\"text-align: justify;\">Nous, le GT sur la biodiversit\u00e9 agricole, sommes maintenant \u00e0 Gen\u00e8ve, en Suisse, pour assister \u00e0 la troisi\u00e8me r\u00e9union du groupe de travail sur le GBF. Nous assisterons \u00e9galement \u00e0 la 24e r\u00e9union de l&rsquo;Organe subsidiaire charg\u00e9 de fournir des avis scientifiques, techniques et technologiques, un organe subsidiaire charg\u00e9 de fournir des \u00e9valuations sur l&rsquo;\u00e9tat de la biodiversit\u00e9 et la conformit\u00e9 des politiques adopt\u00e9es avec la Convention, et \u00e0 la troisi\u00e8me r\u00e9union de l&rsquo;Organe subsidiaire de mise en \u0153uvre, un organe dont le but est de surveiller la mise en \u0153uvre effective de la Convention et de ses protocoles.<\/p>\n<p style=\"text-align: justify;\">La d\u00e9l\u00e9gation du CIP pour cette premi\u00e8re occasion sera compos\u00e9e principalement de repr\u00e9sentants d&rsquo;organisations paysannes et indig\u00e8nes d&rsquo;Am\u00e9rique latine et des Cara\u00efbes, plus pr\u00e9cis\u00e9ment du Mexique, du Guatemala et du Br\u00e9sil. Malheureusement, les difficult\u00e9s qui affectent encore les d\u00e9placements ont emp\u00each\u00e9 notre d\u00e9l\u00e9gu\u00e9 de la r\u00e9gion africaine (Burundi) de se joindre \u00e0 l&rsquo;\u00e9quipe.<\/p>\n<p style=\"text-align: justify;\">Les enjeux de cette r\u00e9union sont importants : les r\u00e9sultats de ces r\u00e9unions de consultation et d&rsquo;examen seront communiqu\u00e9s \u00e0 la COP15 de la CDB, pr\u00e9vue en ao\u00fbt prochain \u00e0 Kunming, en Chine. Notre d\u00e9l\u00e9gation travaillera d&rsquo;arrache-pied dans les jours \u00e0 venir, notamment avec nos alli\u00e9s, pour obtenir le soutien et les garanties n\u00e9cessaires pour que le prochain cadre mondial pour la biodiversit\u00e9 ne suive pas la voie rat\u00e9e des objectifs d&rsquo;Aichi.<\/p>\n<p style=\"text-align: justify;\">Nous travaillerons sur le Cadre mondial pour la biodiversit\u00e9 afin de garantir que les positions des mouvements paysans et autochtones soient reconnues et prises en compte. Les petits producteurs d&rsquo;aliments et les peuples indig\u00e8nes prot\u00e8gent et am\u00e9liorent la biodiversit\u00e9 mondiale depuis des milliers d&rsquo;ann\u00e9es, alors que nous savons avec certitude que parmi les principaux facteurs de perte de biodiversit\u00e9 figurent l&rsquo;agro-industrie et la p\u00eache industrielle, des activit\u00e9s humaines qui ont non seulement d\u00e9vast\u00e9 la biodiversit\u00e9 mondiale, \u00e9limin\u00e9 des \u00e9cosyst\u00e8mes uniques et pollu\u00e9 la terre et l&rsquo;eau, mais qui sont \u00e9galement \u00e0 l&rsquo;origine de la r\u00e9pression permanente des droits de l&rsquo;homme, du d\u00e9ni et de l&rsquo;appropriation culturelle des peuples indig\u00e8nes et des communaut\u00e9s locales, ainsi que du vol de lieux ancestraux et sacr\u00e9s. En outre, les syst\u00e8mes industriels de production alimentaire ont \u00e9chou\u00e9 dans ce qu&rsquo;ils avaient promis de faire en premier lieu, \u00e0 savoir assurer la s\u00e9curit\u00e9 alimentaire. Au cours des deux derni\u00e8res ann\u00e9es, l&rsquo;industrie de la production alimentaire a d\u00e9montr\u00e9 tous ses d\u00e9fauts, ses limites et ses mensonges, en montrant clairement que les petits producteurs ont non seulement r\u00e9ussi \u00e0 nourrir les communaut\u00e9s, \u00e0 cr\u00e9er des lieux de soutien non seulement pour la nourriture mais aussi pour les personnes, mais qu&rsquo;ils ont \u00e9galement r\u00e9ussi \u00e0 \u00e9tendre la production et la distribution d&rsquo;aliments gr\u00e2ce au soutien de personnes qui, \u00e0 cause des lockdowns, se sont retrouv\u00e9es en mesure de cultiver, comme cela s&rsquo;est produit au Mexique, dans la communaut\u00e9 de Gisela, l&rsquo;une des coordinatrices du GT sur la biodiversit\u00e9 agricole.<\/p>\n<p style=\"text-align: justify;\">L&rsquo;approbation et la mise en \u0153uvre du GBF a d\u00e9j\u00e0 pris un s\u00e9rieux retard en raison des obstacles que la pand\u00e9mie a mis sur la voie des n\u00e9gociations. Pourtant, le texte actuel ne semble pas percevoir la grande urgence que nous vivons actuellement, laissant les objectifs encore vagues et sans aucun engagement pr\u00e9cis sur le calendrier r\u00e9el de mise en \u0153uvre.<\/p>\n<p style=\"text-align: justify;\">Il y a deux ans, le GT sur la biodiversit\u00e9 agricole a rappel\u00e9 \u00e0 une salle bond\u00e9e &#8211; qui ne savait pas encore ce qui allait se passer deux semaines plus tard &#8211; que le GBF et les objectifs des Parties \u00e9taient d\u00e9j\u00e0 en retard, que 2030 \u00e9tait d\u00e9j\u00e0 hier. Deux ann\u00e9es ont pass\u00e9, tr\u00e8s difficiles pour tout le monde. Dans les prochains jours, nous aurons l&rsquo;occasion de voir si l&rsquo;urgence avec laquelle la soci\u00e9t\u00e9 civile demande un changement de cap d\u00e9cisif vers des syst\u00e8mes de production durables qui ne nuisent pas \u00e0 la biodiversit\u00e9 et ne violent pas les droits de l&rsquo;homme a \u00e9t\u00e9 reprise par les Parties \u00e0 la Convention. Si ce n&rsquo;est pas le cas, la vision 2050 de \u00ab\u00a0Vivre en harmonie avec la nature\u00a0\u00bb (avec, ou dans ?) sera tr\u00e8s difficile, voire impossible \u00e0 r\u00e9aliser.<\/p>\n<p> &nbsp; <\/p>\n<ul>\n<li><a href=\"https:\/\/www.foodsovereignty.org\/wp-content\/uploads\/2022\/03\/ENG_IPC-opening-statement_14-march-22_WG-GBF-plenary.pdf\" target=\"_blank\" rel=\"noopener noreferrer\"><strong>LIRE ICI<\/strong><\/a> la d\u00e9claration d&rsquo;ouverture de le CIP<\/li>\n<li><a href=\"https:\/\/www.foodsovereignty.org\/wp-content\/uploads\/2022\/03\/WCUNCBD-Geneva-Joint-Opening.pdf\" target=\"_blank\" rel=\"noopener noreferrer\"><strong>LIRE ICI<\/strong><\/a> la d\u00e9claration d&rsquo;ouverture du groupe des femmes, \u00e0 laquelle nous avons contribu\u00e9<\/li>\n<li><a href=\"https:\/\/www.foodsovereignty.org\/wp-content\/uploads\/2022\/03\/CBDA-OPENING-STATEMENT-.pdf\" target=\"_blank\" rel=\"noopener noreferrer\"><strong>LIRE ICI<\/strong><\/a> la d\u00e9claration d&rsquo;ouverture de l&rsquo;Alliance CBD, \u00e0 laquelle nous avons contribu\u00e9.<\/li>\n<\/ul>\n","protected":false},"excerpt":{"rendered":"<p>Par Mariapaola Boselli, facilitateur du groupe de travail du CIP sur l&rsquo;agrobiodiversit\u00e9 &nbsp; 16 mars 2022 L&rsquo;ordre du jour du troisi\u00e8me jour de la r\u00e9union, mercredi 16 mars 2022, a vu la discussion des questions cl\u00e9s pour le groupe de travail du CIP sur la biodiversit\u00e9 agricole. Le matin, les d\u00e9l\u00e9gu\u00e9s ont discut\u00e9 de la [&hellip;]<\/p>\n","protected":false},"author":1,"featured_media":2404,"comment_status":"closed","ping_status":"open","sticky":false,"template":"","format":"standard","meta":{"_acf_changed":false,"footnotes":""},"categories":[57],"tags":[283,242,118,85],"class_list":["post-1782","post","type-post","status-publish","format-standard","has-post-thumbnail","hentry","category-nouvelles","tag-agrobiodiversite","tag-biodiversite","tag-biodiversity","tag-food-sovereignty","regional_processes_tax-africa","regional_processes_tax-asia-pacific","regional_processes_tax-europe-central-asia","regional_processes_tax-latin-america-caribbean","regional_processes_tax-near-east-north-africa","working_groups_tax-agricultural-biodiversity"],"acf":[],"yoast_head":"<!-- This site is optimized with the Yoast SEO plugin v27.4 - https:\/\/yoast.com\/product\/yoast-seo-wordpress\/ -->\n<title>Les n\u00e9gociations des Nations Unies sur la biodiversit\u00e9 reprennent \u00e0 Gen\u00e8ve - International Planning Committee for Food Sovereignty (IPC)<\/title>\n<meta name=\"robots\" content=\"index, follow, max-snippet:-1, max-image-preview:large, max-video-preview:-1\" \/>\n<link rel=\"canonical\" href=\"https:\/\/www.foodsovereignty.org\/fr\/les-negociations-de-lonu-sur-la-biodiversite-reprennent-a-geneve\/\" \/>\n<meta property=\"og:locale\" content=\"fr_FR\" \/>\n<meta property=\"og:type\" content=\"article\" \/>\n<meta property=\"og:title\" content=\"Les n\u00e9gociations des Nations Unies sur la biodiversit\u00e9 reprennent \u00e0 Gen\u00e8ve - International Planning Committee for Food Sovereignty (IPC)\" \/>\n<meta property=\"og:description\" content=\"Par Mariapaola Boselli, facilitateur du groupe de travail du CIP sur l&rsquo;agrobiodiversit\u00e9 &nbsp; 16 mars 2022 L&rsquo;ordre du jour du troisi\u00e8me jour de la r\u00e9union, mercredi 16 mars 2022, a vu la discussion des questions cl\u00e9s pour le groupe de travail du CIP sur la biodiversit\u00e9 agricole. Le matin, les d\u00e9l\u00e9gu\u00e9s ont discut\u00e9 de la [&hellip;]\" \/>\n<meta property=\"og:url\" content=\"https:\/\/www.foodsovereignty.org\/fr\/les-negociations-de-lonu-sur-la-biodiversite-reprennent-a-geneve\/\" \/>\n<meta property=\"og:site_name\" content=\"International Planning Committee for Food Sovereignty (IPC)\" \/>\n<meta property=\"article:published_time\" content=\"2022-03-14T10:28:28+00:00\" \/>\n<meta property=\"article:modified_time\" content=\"2024-01-30T22:58:37+00:00\" \/>\n<meta property=\"og:image\" content=\"https:\/\/www.foodsovereignty.org\/wp-content\/uploads\/2024\/01\/MariIPC-e1647252954880.jpeg\" \/>\n\t<meta property=\"og:image:width\" content=\"2048\" \/>\n\t<meta property=\"og:image:height\" content=\"1336\" \/>\n\t<meta property=\"og:image:type\" content=\"image\/jpeg\" \/>\n<meta name=\"author\" content=\"ipc_staging\" \/>\n<meta name=\"twitter:card\" content=\"summary_large_image\" \/>\n<meta name=\"twitter:label1\" content=\"\u00c9crit par\" \/>\n\t<meta name=\"twitter:data1\" content=\"ipc_staging\" \/>\n\t<meta name=\"twitter:label2\" content=\"Dur\u00e9e de lecture estim\u00e9e\" \/>\n\t<meta name=\"twitter:data2\" content=\"11 minutes\" \/>\n<script type=\"application\/ld+json\" class=\"yoast-schema-graph\">{\"@context\":\"https:\\\/\\\/schema.org\",\"@graph\":[{\"@type\":\"Article\",\"@id\":\"https:\\\/\\\/www.foodsovereignty.org\\\/fr\\\/les-negociations-de-lonu-sur-la-biodiversite-reprennent-a-geneve\\\/#article\",\"isPartOf\":{\"@id\":\"https:\\\/\\\/www.foodsovereignty.org\\\/fr\\\/les-negociations-de-lonu-sur-la-biodiversite-reprennent-a-geneve\\\/\"},\"author\":{\"name\":\"ipc_staging\",\"@id\":\"https:\\\/\\\/www.foodsovereignty.org\\\/fr\\\/#\\\/schema\\\/person\\\/2022da6fc0f89b23596d0a63d82b61e1\"},\"headline\":\"Les n\u00e9gociations des Nations Unies sur la biodiversit\u00e9 reprennent \u00e0 Gen\u00e8ve\",\"datePublished\":\"2022-03-14T10:28:28+00:00\",\"dateModified\":\"2024-01-30T22:58:37+00:00\",\"mainEntityOfPage\":{\"@id\":\"https:\\\/\\\/www.foodsovereignty.org\\\/fr\\\/les-negociations-de-lonu-sur-la-biodiversite-reprennent-a-geneve\\\/\"},\"wordCount\":2264,\"image\":{\"@id\":\"https:\\\/\\\/www.foodsovereignty.org\\\/fr\\\/les-negociations-de-lonu-sur-la-biodiversite-reprennent-a-geneve\\\/#primaryimage\"},\"thumbnailUrl\":\"https:\\\/\\\/www.foodsovereignty.org\\\/wp-content\\\/uploads\\\/2024\\\/01\\\/MariIPC-e1647252954880.jpeg\",\"keywords\":[\"agrobiodiversit\u00e9\",\"biodiversit\u00e9\",\"Biodiversity\",\"food sovereignty\"],\"articleSection\":[\"Nouvelles\"],\"inLanguage\":\"fr-FR\"},{\"@type\":\"WebPage\",\"@id\":\"https:\\\/\\\/www.foodsovereignty.org\\\/fr\\\/les-negociations-de-lonu-sur-la-biodiversite-reprennent-a-geneve\\\/\",\"url\":\"https:\\\/\\\/www.foodsovereignty.org\\\/fr\\\/les-negociations-de-lonu-sur-la-biodiversite-reprennent-a-geneve\\\/\",\"name\":\"Les n\u00e9gociations des Nations Unies sur la biodiversit\u00e9 reprennent \u00e0 Gen\u00e8ve - International Planning Committee for Food Sovereignty (IPC)\",\"isPartOf\":{\"@id\":\"https:\\\/\\\/www.foodsovereignty.org\\\/fr\\\/#website\"},\"primaryImageOfPage\":{\"@id\":\"https:\\\/\\\/www.foodsovereignty.org\\\/fr\\\/les-negociations-de-lonu-sur-la-biodiversite-reprennent-a-geneve\\\/#primaryimage\"},\"image\":{\"@id\":\"https:\\\/\\\/www.foodsovereignty.org\\\/fr\\\/les-negociations-de-lonu-sur-la-biodiversite-reprennent-a-geneve\\\/#primaryimage\"},\"thumbnailUrl\":\"https:\\\/\\\/www.foodsovereignty.org\\\/wp-content\\\/uploads\\\/2024\\\/01\\\/MariIPC-e1647252954880.jpeg\",\"datePublished\":\"2022-03-14T10:28:28+00:00\",\"dateModified\":\"2024-01-30T22:58:37+00:00\",\"author\":{\"@id\":\"https:\\\/\\\/www.foodsovereignty.org\\\/fr\\\/#\\\/schema\\\/person\\\/2022da6fc0f89b23596d0a63d82b61e1\"},\"breadcrumb\":{\"@id\":\"https:\\\/\\\/www.foodsovereignty.org\\\/fr\\\/les-negociations-de-lonu-sur-la-biodiversite-reprennent-a-geneve\\\/#breadcrumb\"},\"inLanguage\":\"fr-FR\",\"potentialAction\":[{\"@type\":\"ReadAction\",\"target\":[\"https:\\\/\\\/www.foodsovereignty.org\\\/fr\\\/les-negociations-de-lonu-sur-la-biodiversite-reprennent-a-geneve\\\/\"]}]},{\"@type\":\"ImageObject\",\"inLanguage\":\"fr-FR\",\"@id\":\"https:\\\/\\\/www.foodsovereignty.org\\\/fr\\\/les-negociations-de-lonu-sur-la-biodiversite-reprennent-a-geneve\\\/#primaryimage\",\"url\":\"https:\\\/\\\/www.foodsovereignty.org\\\/wp-content\\\/uploads\\\/2024\\\/01\\\/MariIPC-e1647252954880.jpeg\",\"contentUrl\":\"https:\\\/\\\/www.foodsovereignty.org\\\/wp-content\\\/uploads\\\/2024\\\/01\\\/MariIPC-e1647252954880.jpeg\",\"width\":2048,\"height\":1336},{\"@type\":\"BreadcrumbList\",\"@id\":\"https:\\\/\\\/www.foodsovereignty.org\\\/fr\\\/les-negociations-de-lonu-sur-la-biodiversite-reprennent-a-geneve\\\/#breadcrumb\",\"itemListElement\":[{\"@type\":\"ListItem\",\"position\":1,\"name\":\"Home\",\"item\":\"https:\\\/\\\/www.foodsovereignty.org\\\/fr\\\/\"},{\"@type\":\"ListItem\",\"position\":2,\"name\":\"Les n\u00e9gociations des Nations Unies sur la biodiversit\u00e9 reprennent \u00e0 Gen\u00e8ve\"}]},{\"@type\":\"WebSite\",\"@id\":\"https:\\\/\\\/www.foodsovereignty.org\\\/fr\\\/#website\",\"url\":\"https:\\\/\\\/www.foodsovereignty.org\\\/fr\\\/\",\"name\":\"International Planning Committee for Food Sovereignty (IPC)\",\"description\":\"\",\"potentialAction\":[{\"@type\":\"SearchAction\",\"target\":{\"@type\":\"EntryPoint\",\"urlTemplate\":\"https:\\\/\\\/www.foodsovereignty.org\\\/fr\\\/?s={search_term_string}\"},\"query-input\":{\"@type\":\"PropertyValueSpecification\",\"valueRequired\":true,\"valueName\":\"search_term_string\"}}],\"inLanguage\":\"fr-FR\"},{\"@type\":\"Person\",\"@id\":\"https:\\\/\\\/www.foodsovereignty.org\\\/fr\\\/#\\\/schema\\\/person\\\/2022da6fc0f89b23596d0a63d82b61e1\",\"name\":\"ipc_staging\",\"image\":{\"@type\":\"ImageObject\",\"inLanguage\":\"fr-FR\",\"@id\":\"https:\\\/\\\/secure.gravatar.com\\\/avatar\\\/fce93258e0a23ad6ba66052185f81fce65925c41d889b9d1b920a76951c434af?s=96&d=mm&r=g\",\"url\":\"https:\\\/\\\/secure.gravatar.com\\\/avatar\\\/fce93258e0a23ad6ba66052185f81fce65925c41d889b9d1b920a76951c434af?s=96&d=mm&r=g\",\"contentUrl\":\"https:\\\/\\\/secure.gravatar.com\\\/avatar\\\/fce93258e0a23ad6ba66052185f81fce65925c41d889b9d1b920a76951c434af?s=96&d=mm&r=g\",\"caption\":\"ipc_staging\"},\"sameAs\":[\"http:\\\/\\\/_\"],\"url\":\"https:\\\/\\\/www.foodsovereignty.org\\\/fr\\\/author\\\/ipc_staging\\\/\"}]}<\/script>\n<!-- \/ Yoast SEO plugin. -->","yoast_head_json":{"title":"Les n\u00e9gociations des Nations Unies sur la biodiversit\u00e9 reprennent \u00e0 Gen\u00e8ve - International Planning Committee for Food Sovereignty (IPC)","robots":{"index":"index","follow":"follow","max-snippet":"max-snippet:-1","max-image-preview":"max-image-preview:large","max-video-preview":"max-video-preview:-1"},"canonical":"https:\/\/www.foodsovereignty.org\/fr\/les-negociations-de-lonu-sur-la-biodiversite-reprennent-a-geneve\/","og_locale":"fr_FR","og_type":"article","og_title":"Les n\u00e9gociations des Nations Unies sur la biodiversit\u00e9 reprennent \u00e0 Gen\u00e8ve - International Planning Committee for Food Sovereignty (IPC)","og_description":"Par Mariapaola Boselli, facilitateur du groupe de travail du CIP sur l&rsquo;agrobiodiversit\u00e9 &nbsp; 16 mars 2022 L&rsquo;ordre du jour du troisi\u00e8me jour de la r\u00e9union, mercredi 16 mars 2022, a vu la discussion des questions cl\u00e9s pour le groupe de travail du CIP sur la biodiversit\u00e9 agricole. Le matin, les d\u00e9l\u00e9gu\u00e9s ont discut\u00e9 de la [&hellip;]","og_url":"https:\/\/www.foodsovereignty.org\/fr\/les-negociations-de-lonu-sur-la-biodiversite-reprennent-a-geneve\/","og_site_name":"International Planning Committee for Food Sovereignty (IPC)","article_published_time":"2022-03-14T10:28:28+00:00","article_modified_time":"2024-01-30T22:58:37+00:00","og_image":[{"width":2048,"height":1336,"url":"https:\/\/www.foodsovereignty.org\/wp-content\/uploads\/2024\/01\/MariIPC-e1647252954880.jpeg","type":"image\/jpeg"}],"author":"ipc_staging","twitter_card":"summary_large_image","twitter_misc":{"\u00c9crit par":"ipc_staging","Dur\u00e9e de lecture estim\u00e9e":"11 minutes"},"schema":{"@context":"https:\/\/schema.org","@graph":[{"@type":"Article","@id":"https:\/\/www.foodsovereignty.org\/fr\/les-negociations-de-lonu-sur-la-biodiversite-reprennent-a-geneve\/#article","isPartOf":{"@id":"https:\/\/www.foodsovereignty.org\/fr\/les-negociations-de-lonu-sur-la-biodiversite-reprennent-a-geneve\/"},"author":{"name":"ipc_staging","@id":"https:\/\/www.foodsovereignty.org\/fr\/#\/schema\/person\/2022da6fc0f89b23596d0a63d82b61e1"},"headline":"Les n\u00e9gociations des Nations Unies sur la biodiversit\u00e9 reprennent \u00e0 Gen\u00e8ve","datePublished":"2022-03-14T10:28:28+00:00","dateModified":"2024-01-30T22:58:37+00:00","mainEntityOfPage":{"@id":"https:\/\/www.foodsovereignty.org\/fr\/les-negociations-de-lonu-sur-la-biodiversite-reprennent-a-geneve\/"},"wordCount":2264,"image":{"@id":"https:\/\/www.foodsovereignty.org\/fr\/les-negociations-de-lonu-sur-la-biodiversite-reprennent-a-geneve\/#primaryimage"},"thumbnailUrl":"https:\/\/www.foodsovereignty.org\/wp-content\/uploads\/2024\/01\/MariIPC-e1647252954880.jpeg","keywords":["agrobiodiversit\u00e9","biodiversit\u00e9","Biodiversity","food sovereignty"],"articleSection":["Nouvelles"],"inLanguage":"fr-FR"},{"@type":"WebPage","@id":"https:\/\/www.foodsovereignty.org\/fr\/les-negociations-de-lonu-sur-la-biodiversite-reprennent-a-geneve\/","url":"https:\/\/www.foodsovereignty.org\/fr\/les-negociations-de-lonu-sur-la-biodiversite-reprennent-a-geneve\/","name":"Les n\u00e9gociations des Nations Unies sur la biodiversit\u00e9 reprennent \u00e0 Gen\u00e8ve - International Planning Committee for Food Sovereignty (IPC)","isPartOf":{"@id":"https:\/\/www.foodsovereignty.org\/fr\/#website"},"primaryImageOfPage":{"@id":"https:\/\/www.foodsovereignty.org\/fr\/les-negociations-de-lonu-sur-la-biodiversite-reprennent-a-geneve\/#primaryimage"},"image":{"@id":"https:\/\/www.foodsovereignty.org\/fr\/les-negociations-de-lonu-sur-la-biodiversite-reprennent-a-geneve\/#primaryimage"},"thumbnailUrl":"https:\/\/www.foodsovereignty.org\/wp-content\/uploads\/2024\/01\/MariIPC-e1647252954880.jpeg","datePublished":"2022-03-14T10:28:28+00:00","dateModified":"2024-01-30T22:58:37+00:00","author":{"@id":"https:\/\/www.foodsovereignty.org\/fr\/#\/schema\/person\/2022da6fc0f89b23596d0a63d82b61e1"},"breadcrumb":{"@id":"https:\/\/www.foodsovereignty.org\/fr\/les-negociations-de-lonu-sur-la-biodiversite-reprennent-a-geneve\/#breadcrumb"},"inLanguage":"fr-FR","potentialAction":[{"@type":"ReadAction","target":["https:\/\/www.foodsovereignty.org\/fr\/les-negociations-de-lonu-sur-la-biodiversite-reprennent-a-geneve\/"]}]},{"@type":"ImageObject","inLanguage":"fr-FR","@id":"https:\/\/www.foodsovereignty.org\/fr\/les-negociations-de-lonu-sur-la-biodiversite-reprennent-a-geneve\/#primaryimage","url":"https:\/\/www.foodsovereignty.org\/wp-content\/uploads\/2024\/01\/MariIPC-e1647252954880.jpeg","contentUrl":"https:\/\/www.foodsovereignty.org\/wp-content\/uploads\/2024\/01\/MariIPC-e1647252954880.jpeg","width":2048,"height":1336},{"@type":"BreadcrumbList","@id":"https:\/\/www.foodsovereignty.org\/fr\/les-negociations-de-lonu-sur-la-biodiversite-reprennent-a-geneve\/#breadcrumb","itemListElement":[{"@type":"ListItem","position":1,"name":"Home","item":"https:\/\/www.foodsovereignty.org\/fr\/"},{"@type":"ListItem","position":2,"name":"Les n\u00e9gociations des Nations Unies sur la biodiversit\u00e9 reprennent \u00e0 Gen\u00e8ve"}]},{"@type":"WebSite","@id":"https:\/\/www.foodsovereignty.org\/fr\/#website","url":"https:\/\/www.foodsovereignty.org\/fr\/","name":"International Planning Committee for Food Sovereignty (IPC)","description":"","potentialAction":[{"@type":"SearchAction","target":{"@type":"EntryPoint","urlTemplate":"https:\/\/www.foodsovereignty.org\/fr\/?s={search_term_string}"},"query-input":{"@type":"PropertyValueSpecification","valueRequired":true,"valueName":"search_term_string"}}],"inLanguage":"fr-FR"},{"@type":"Person","@id":"https:\/\/www.foodsovereignty.org\/fr\/#\/schema\/person\/2022da6fc0f89b23596d0a63d82b61e1","name":"ipc_staging","image":{"@type":"ImageObject","inLanguage":"fr-FR","@id":"https:\/\/secure.gravatar.com\/avatar\/fce93258e0a23ad6ba66052185f81fce65925c41d889b9d1b920a76951c434af?s=96&d=mm&r=g","url":"https:\/\/secure.gravatar.com\/avatar\/fce93258e0a23ad6ba66052185f81fce65925c41d889b9d1b920a76951c434af?s=96&d=mm&r=g","contentUrl":"https:\/\/secure.gravatar.com\/avatar\/fce93258e0a23ad6ba66052185f81fce65925c41d889b9d1b920a76951c434af?s=96&d=mm&r=g","caption":"ipc_staging"},"sameAs":["http:\/\/_"],"url":"https:\/\/www.foodsovereignty.org\/fr\/author\/ipc_staging\/"}]}},"_links":{"self":[{"href":"https:\/\/www.foodsovereignty.org\/fr\/wp-json\/wp\/v2\/posts\/1782","targetHints":{"allow":["GET"]}}],"collection":[{"href":"https:\/\/www.foodsovereignty.org\/fr\/wp-json\/wp\/v2\/posts"}],"about":[{"href":"https:\/\/www.foodsovereignty.org\/fr\/wp-json\/wp\/v2\/types\/post"}],"author":[{"embeddable":true,"href":"https:\/\/www.foodsovereignty.org\/fr\/wp-json\/wp\/v2\/users\/1"}],"replies":[{"embeddable":true,"href":"https:\/\/www.foodsovereignty.org\/fr\/wp-json\/wp\/v2\/comments?post=1782"}],"version-history":[{"count":1,"href":"https:\/\/www.foodsovereignty.org\/fr\/wp-json\/wp\/v2\/posts\/1782\/revisions"}],"predecessor-version":[{"id":2644,"href":"https:\/\/www.foodsovereignty.org\/fr\/wp-json\/wp\/v2\/posts\/1782\/revisions\/2644"}],"wp:featuredmedia":[{"embeddable":true,"href":"https:\/\/www.foodsovereignty.org\/fr\/wp-json\/wp\/v2\/media\/2404"}],"wp:attachment":[{"href":"https:\/\/www.foodsovereignty.org\/fr\/wp-json\/wp\/v2\/media?parent=1782"}],"wp:term":[{"taxonomy":"category","embeddable":true,"href":"https:\/\/www.foodsovereignty.org\/fr\/wp-json\/wp\/v2\/categories?post=1782"},{"taxonomy":"post_tag","embeddable":true,"href":"https:\/\/www.foodsovereignty.org\/fr\/wp-json\/wp\/v2\/tags?post=1782"}],"curies":[{"name":"wp","href":"https:\/\/api.w.org\/{rel}","templated":true}]}}