{"id":1783,"date":"2022-04-05T17:05:04","date_gmt":"2022-04-05T17:05:04","guid":{"rendered":"https:\/\/www.foodsovereignty.org\/negociations-de-la-cdb-a-geneve-declaration-du-groupe-de-travail-du-cip-sur-la-biodiversite-agricole\/"},"modified":"2024-01-30T22:58:39","modified_gmt":"2024-01-30T22:58:39","slug":"negociations-de-la-cdb-a-geneve-declaration-du-groupe-de-travail-du-cip-sur-la-biodiversite-agricole","status":"publish","type":"post","link":"https:\/\/www.foodsovereignty.org\/fr\/negociations-de-la-cdb-a-geneve-declaration-du-groupe-de-travail-du-cip-sur-la-biodiversite-agricole\/","title":{"rendered":"N\u00e9gociations de la CDB \u00e0 Gen\u00e8ve,  d\u00e9claration du groupe de travail du CIP sur la biodiversit\u00e9 agricole"},"content":{"rendered":"<p><span style=\"font-weight: 400;\">Du 14 au 29 mars 2022, la troisi\u00e8me session du SBI, la 24e SBSTTA et le troisi\u00e8me groupe de travail \u00e0 composition non limit\u00e9e sur le Cadre mondial de la biodiversit\u00e9 (<strong>Global Biodiversity Framework<\/strong>) se sont tenus \u00e0 Gen\u00e8ve, en Suisse.<\/span>  <span style=\"font-weight: 400;\">Le groupe de travail du CIP sur la biodiversit\u00e9 agricole a particip\u00e9 en personne \u00e0 la premi\u00e8re semaine de la r\u00e9union, avec une d\u00e9l\u00e9gation d&rsquo;Am\u00e9rique latine. Plusieurs probl\u00e8mes li\u00e9s \u00e0 la bureaucratie obligatoire ont emp\u00each\u00e9 plusieurs d\u00e9l\u00e9gu\u00e9s de la r\u00e9gion africaine, principalement de la soci\u00e9t\u00e9 civile, d&rsquo;arriver \u00e0 Gen\u00e8ve pour ce qui devait \u00eatre le dernier cycle de n\u00e9gociations avant la CoP15, ce qui a malheureusement nui \u00e0 la d\u00e9l\u00e9gation du CIP.<\/span>  <span style=\"font-weight: 400;\">Les trois semaines de r\u00e9unions ont \u00e9t\u00e9 intenses et ont vu les Parties mais aussi les observateurs &#8211; si possible &#8211; intervenir avec force pour d\u00e9fendre leurs positions apr\u00e8s deux ans de consultations virtuelles au cours desquelles les Parties n&rsquo;ont jamais voulu s&rsquo;exposer avec des d\u00e9clarations d\u00e9finitives en raison des limites impos\u00e9es par le r\u00e9unions virtuelles.<\/span>  <span style=\"font-weight: 400;\"><strong>Nous nous attendions \u00e0 un r\u00e9sultat plus solide de ces trois r\u00e9unions<\/strong>, avec une prise de conscience plus mature de l&rsquo;<strong>urgence de s&rsquo;adresser aux vrais moteurs de l&rsquo;\u00e9rosion de la biodiversit\u00e9<\/strong> afin d\u2019inverser le cours d\u00e9vastateur en marche depuis des d\u00e9cennies.<\/span> <\/p>\n<ul>\n<li><em><strong><a href=\"https:\/\/www.foodsovereignty.org\/wp-content\/uploads\/2022\/04\/Declaration-CBD-FR.pdf\">Lisez la d\u00e9claration compl\u00e8te<\/a><\/strong><\/em><\/li>\n<\/ul>\n","protected":false},"excerpt":{"rendered":"<p>Du 14 au 29 mars 2022, la troisi\u00e8me session du SBI, la 24e SBSTTA et le troisi\u00e8me groupe de travail \u00e0 composition non limit\u00e9e sur le Cadre mondial de la biodiversit\u00e9 (Global Biodiversity Framework) se sont tenus \u00e0 Gen\u00e8ve, en Suisse. Le groupe de travail du CIP sur la biodiversit\u00e9 agricole a particip\u00e9 en personne [&hellip;]<\/p>\n","protected":false},"author":1,"featured_media":2408,"comment_status":"closed","ping_status":"open","sticky":false,"template":"","format":"standard","meta":{"_acf_changed":false,"footnotes":""},"categories":[57],"tags":[87,252,85],"class_list":["post-1783","post","type-post","status-publish","format-standard","has-post-thumbnail","hentry","category-nouvelles","tag-cbd","tag-cip","tag-food-sovereignty","regional_processes_tax-africa","regional_processes_tax-asia-pacific","regional_processes_tax-europe-central-asia","regional_processes_tax-latin-america-caribbean","regional_processes_tax-near-east-north-africa","working_groups_tax-agricultural-biodiversity"],"acf":[],"yoast_head":"<!-- This site is optimized with the Yoast SEO plugin v27.4 - https:\/\/yoast.com\/product\/yoast-seo-wordpress\/ -->\n<title>N\u00e9gociations de la CDB \u00e0 Gen\u00e8ve, d\u00e9claration du groupe de travail du CIP sur la biodiversit\u00e9 agricole - International Planning Committee for Food Sovereignty (IPC)<\/title>\n<meta name=\"robots\" content=\"index, follow, max-snippet:-1, max-image-preview:large, max-video-preview:-1\" \/>\n<link rel=\"canonical\" href=\"https:\/\/www.foodsovereignty.org\/fr\/negociations-de-la-cdb-a-geneve-declaration-du-groupe-de-travail-du-cip-sur-la-biodiversite-agricole\/\" \/>\n<meta property=\"og:locale\" content=\"fr_FR\" \/>\n<meta property=\"og:type\" content=\"article\" \/>\n<meta property=\"og:title\" content=\"N\u00e9gociations de la CDB \u00e0 Gen\u00e8ve, d\u00e9claration du groupe de travail du CIP sur la biodiversit\u00e9 agricole - International Planning Committee for Food Sovereignty (IPC)\" \/>\n<meta property=\"og:description\" content=\"Du 14 au 29 mars 2022, la troisi\u00e8me session du SBI, la 24e SBSTTA et le troisi\u00e8me groupe de travail \u00e0 composition non limit\u00e9e sur le Cadre mondial de la biodiversit\u00e9 (Global Biodiversity Framework) se sont tenus \u00e0 Gen\u00e8ve, en Suisse. Le groupe de travail du CIP sur la biodiversit\u00e9 agricole a particip\u00e9 en personne [&hellip;]\" \/>\n<meta property=\"og:url\" content=\"https:\/\/www.foodsovereignty.org\/fr\/negociations-de-la-cdb-a-geneve-declaration-du-groupe-de-travail-du-cip-sur-la-biodiversite-agricole\/\" \/>\n<meta property=\"og:site_name\" content=\"International Planning Committee for Food Sovereignty (IPC)\" \/>\n<meta property=\"article:published_time\" content=\"2022-04-05T17:05:04+00:00\" \/>\n<meta property=\"article:modified_time\" content=\"2024-01-30T22:58:39+00:00\" \/>\n<meta property=\"og:image\" content=\"https:\/\/www.foodsovereignty.org\/wp-content\/uploads\/2024\/01\/COP-15-Geneva.jpg\" \/>\n\t<meta property=\"og:image:width\" content=\"1000\" \/>\n\t<meta property=\"og:image:height\" content=\"495\" \/>\n\t<meta property=\"og:image:type\" content=\"image\/jpeg\" \/>\n<meta name=\"author\" content=\"ipc_staging\" \/>\n<meta name=\"twitter:card\" content=\"summary_large_image\" \/>\n<meta name=\"twitter:label1\" content=\"\u00c9crit par\" \/>\n\t<meta name=\"twitter:data1\" content=\"ipc_staging\" \/>\n\t<meta name=\"twitter:label2\" content=\"Dur\u00e9e de lecture estim\u00e9e\" \/>\n\t<meta name=\"twitter:data2\" content=\"1 minute\" \/>\n<script type=\"application\/ld+json\" class=\"yoast-schema-graph\">{\"@context\":\"https:\\\/\\\/schema.org\",\"@graph\":[{\"@type\":\"Article\",\"@id\":\"https:\\\/\\\/www.foodsovereignty.org\\\/fr\\\/negociations-de-la-cdb-a-geneve-declaration-du-groupe-de-travail-du-cip-sur-la-biodiversite-agricole\\\/#article\",\"isPartOf\":{\"@id\":\"https:\\\/\\\/www.foodsovereignty.org\\\/fr\\\/negociations-de-la-cdb-a-geneve-declaration-du-groupe-de-travail-du-cip-sur-la-biodiversite-agricole\\\/\"},\"author\":{\"name\":\"ipc_staging\",\"@id\":\"https:\\\/\\\/www.foodsovereignty.org\\\/fr\\\/#\\\/schema\\\/person\\\/2022da6fc0f89b23596d0a63d82b61e1\"},\"headline\":\"N\u00e9gociations de la CDB \u00e0 Gen\u00e8ve, d\u00e9claration du groupe de travail du CIP sur la biodiversit\u00e9 agricole\",\"datePublished\":\"2022-04-05T17:05:04+00:00\",\"dateModified\":\"2024-01-30T22:58:39+00:00\",\"mainEntityOfPage\":{\"@id\":\"https:\\\/\\\/www.foodsovereignty.org\\\/fr\\\/negociations-de-la-cdb-a-geneve-declaration-du-groupe-de-travail-du-cip-sur-la-biodiversite-agricole\\\/\"},\"wordCount\":265,\"image\":{\"@id\":\"https:\\\/\\\/www.foodsovereignty.org\\\/fr\\\/negociations-de-la-cdb-a-geneve-declaration-du-groupe-de-travail-du-cip-sur-la-biodiversite-agricole\\\/#primaryimage\"},\"thumbnailUrl\":\"https:\\\/\\\/www.foodsovereignty.org\\\/wp-content\\\/uploads\\\/2024\\\/01\\\/COP-15-Geneva.jpg\",\"keywords\":[\"CBD\",\"CIP\",\"food sovereignty\"],\"articleSection\":[\"Nouvelles\"],\"inLanguage\":\"fr-FR\"},{\"@type\":\"WebPage\",\"@id\":\"https:\\\/\\\/www.foodsovereignty.org\\\/fr\\\/negociations-de-la-cdb-a-geneve-declaration-du-groupe-de-travail-du-cip-sur-la-biodiversite-agricole\\\/\",\"url\":\"https:\\\/\\\/www.foodsovereignty.org\\\/fr\\\/negociations-de-la-cdb-a-geneve-declaration-du-groupe-de-travail-du-cip-sur-la-biodiversite-agricole\\\/\",\"name\":\"N\u00e9gociations de la CDB \u00e0 Gen\u00e8ve, d\u00e9claration du groupe de travail du CIP sur la biodiversit\u00e9 agricole - International Planning Committee for Food Sovereignty (IPC)\",\"isPartOf\":{\"@id\":\"https:\\\/\\\/www.foodsovereignty.org\\\/fr\\\/#website\"},\"primaryImageOfPage\":{\"@id\":\"https:\\\/\\\/www.foodsovereignty.org\\\/fr\\\/negociations-de-la-cdb-a-geneve-declaration-du-groupe-de-travail-du-cip-sur-la-biodiversite-agricole\\\/#primaryimage\"},\"image\":{\"@id\":\"https:\\\/\\\/www.foodsovereignty.org\\\/fr\\\/negociations-de-la-cdb-a-geneve-declaration-du-groupe-de-travail-du-cip-sur-la-biodiversite-agricole\\\/#primaryimage\"},\"thumbnailUrl\":\"https:\\\/\\\/www.foodsovereignty.org\\\/wp-content\\\/uploads\\\/2024\\\/01\\\/COP-15-Geneva.jpg\",\"datePublished\":\"2022-04-05T17:05:04+00:00\",\"dateModified\":\"2024-01-30T22:58:39+00:00\",\"author\":{\"@id\":\"https:\\\/\\\/www.foodsovereignty.org\\\/fr\\\/#\\\/schema\\\/person\\\/2022da6fc0f89b23596d0a63d82b61e1\"},\"breadcrumb\":{\"@id\":\"https:\\\/\\\/www.foodsovereignty.org\\\/fr\\\/negociations-de-la-cdb-a-geneve-declaration-du-groupe-de-travail-du-cip-sur-la-biodiversite-agricole\\\/#breadcrumb\"},\"inLanguage\":\"fr-FR\",\"potentialAction\":[{\"@type\":\"ReadAction\",\"target\":[\"https:\\\/\\\/www.foodsovereignty.org\\\/fr\\\/negociations-de-la-cdb-a-geneve-declaration-du-groupe-de-travail-du-cip-sur-la-biodiversite-agricole\\\/\"]}]},{\"@type\":\"ImageObject\",\"inLanguage\":\"fr-FR\",\"@id\":\"https:\\\/\\\/www.foodsovereignty.org\\\/fr\\\/negociations-de-la-cdb-a-geneve-declaration-du-groupe-de-travail-du-cip-sur-la-biodiversite-agricole\\\/#primaryimage\",\"url\":\"https:\\\/\\\/www.foodsovereignty.org\\\/wp-content\\\/uploads\\\/2024\\\/01\\\/COP-15-Geneva.jpg\",\"contentUrl\":\"https:\\\/\\\/www.foodsovereignty.org\\\/wp-content\\\/uploads\\\/2024\\\/01\\\/COP-15-Geneva.jpg\",\"width\":1000,\"height\":495},{\"@type\":\"BreadcrumbList\",\"@id\":\"https:\\\/\\\/www.foodsovereignty.org\\\/fr\\\/negociations-de-la-cdb-a-geneve-declaration-du-groupe-de-travail-du-cip-sur-la-biodiversite-agricole\\\/#breadcrumb\",\"itemListElement\":[{\"@type\":\"ListItem\",\"position\":1,\"name\":\"Home\",\"item\":\"https:\\\/\\\/www.foodsovereignty.org\\\/fr\\\/\"},{\"@type\":\"ListItem\",\"position\":2,\"name\":\"N\u00e9gociations de la CDB \u00e0 Gen\u00e8ve, d\u00e9claration du groupe de travail du CIP sur la biodiversit\u00e9 agricole\"}]},{\"@type\":\"WebSite\",\"@id\":\"https:\\\/\\\/www.foodsovereignty.org\\\/fr\\\/#website\",\"url\":\"https:\\\/\\\/www.foodsovereignty.org\\\/fr\\\/\",\"name\":\"International Planning Committee for Food Sovereignty (IPC)\",\"description\":\"\",\"potentialAction\":[{\"@type\":\"SearchAction\",\"target\":{\"@type\":\"EntryPoint\",\"urlTemplate\":\"https:\\\/\\\/www.foodsovereignty.org\\\/fr\\\/?s={search_term_string}\"},\"query-input\":{\"@type\":\"PropertyValueSpecification\",\"valueRequired\":true,\"valueName\":\"search_term_string\"}}],\"inLanguage\":\"fr-FR\"},{\"@type\":\"Person\",\"@id\":\"https:\\\/\\\/www.foodsovereignty.org\\\/fr\\\/#\\\/schema\\\/person\\\/2022da6fc0f89b23596d0a63d82b61e1\",\"name\":\"ipc_staging\",\"image\":{\"@type\":\"ImageObject\",\"inLanguage\":\"fr-FR\",\"@id\":\"https:\\\/\\\/secure.gravatar.com\\\/avatar\\\/fce93258e0a23ad6ba66052185f81fce65925c41d889b9d1b920a76951c434af?s=96&d=mm&r=g\",\"url\":\"https:\\\/\\\/secure.gravatar.com\\\/avatar\\\/fce93258e0a23ad6ba66052185f81fce65925c41d889b9d1b920a76951c434af?s=96&d=mm&r=g\",\"contentUrl\":\"https:\\\/\\\/secure.gravatar.com\\\/avatar\\\/fce93258e0a23ad6ba66052185f81fce65925c41d889b9d1b920a76951c434af?s=96&d=mm&r=g\",\"caption\":\"ipc_staging\"},\"sameAs\":[\"http:\\\/\\\/_\"],\"url\":\"https:\\\/\\\/www.foodsovereignty.org\\\/fr\\\/author\\\/ipc_staging\\\/\"}]}<\/script>\n<!-- \/ Yoast SEO plugin. -->","yoast_head_json":{"title":"N\u00e9gociations de la CDB \u00e0 Gen\u00e8ve, d\u00e9claration du groupe de travail du CIP sur la biodiversit\u00e9 agricole - International Planning Committee for Food Sovereignty (IPC)","robots":{"index":"index","follow":"follow","max-snippet":"max-snippet:-1","max-image-preview":"max-image-preview:large","max-video-preview":"max-video-preview:-1"},"canonical":"https:\/\/www.foodsovereignty.org\/fr\/negociations-de-la-cdb-a-geneve-declaration-du-groupe-de-travail-du-cip-sur-la-biodiversite-agricole\/","og_locale":"fr_FR","og_type":"article","og_title":"N\u00e9gociations de la CDB \u00e0 Gen\u00e8ve, d\u00e9claration du groupe de travail du CIP sur la biodiversit\u00e9 agricole - International Planning Committee for Food Sovereignty (IPC)","og_description":"Du 14 au 29 mars 2022, la troisi\u00e8me session du SBI, la 24e SBSTTA et le troisi\u00e8me groupe de travail \u00e0 composition non limit\u00e9e sur le Cadre mondial de la biodiversit\u00e9 (Global Biodiversity Framework) se sont tenus \u00e0 Gen\u00e8ve, en Suisse. Le groupe de travail du CIP sur la biodiversit\u00e9 agricole a particip\u00e9 en personne [&hellip;]","og_url":"https:\/\/www.foodsovereignty.org\/fr\/negociations-de-la-cdb-a-geneve-declaration-du-groupe-de-travail-du-cip-sur-la-biodiversite-agricole\/","og_site_name":"International Planning Committee for Food Sovereignty (IPC)","article_published_time":"2022-04-05T17:05:04+00:00","article_modified_time":"2024-01-30T22:58:39+00:00","og_image":[{"width":1000,"height":495,"url":"https:\/\/www.foodsovereignty.org\/wp-content\/uploads\/2024\/01\/COP-15-Geneva.jpg","type":"image\/jpeg"}],"author":"ipc_staging","twitter_card":"summary_large_image","twitter_misc":{"\u00c9crit par":"ipc_staging","Dur\u00e9e de lecture estim\u00e9e":"1 minute"},"schema":{"@context":"https:\/\/schema.org","@graph":[{"@type":"Article","@id":"https:\/\/www.foodsovereignty.org\/fr\/negociations-de-la-cdb-a-geneve-declaration-du-groupe-de-travail-du-cip-sur-la-biodiversite-agricole\/#article","isPartOf":{"@id":"https:\/\/www.foodsovereignty.org\/fr\/negociations-de-la-cdb-a-geneve-declaration-du-groupe-de-travail-du-cip-sur-la-biodiversite-agricole\/"},"author":{"name":"ipc_staging","@id":"https:\/\/www.foodsovereignty.org\/fr\/#\/schema\/person\/2022da6fc0f89b23596d0a63d82b61e1"},"headline":"N\u00e9gociations de la CDB \u00e0 Gen\u00e8ve, d\u00e9claration du groupe de travail du CIP sur la biodiversit\u00e9 agricole","datePublished":"2022-04-05T17:05:04+00:00","dateModified":"2024-01-30T22:58:39+00:00","mainEntityOfPage":{"@id":"https:\/\/www.foodsovereignty.org\/fr\/negociations-de-la-cdb-a-geneve-declaration-du-groupe-de-travail-du-cip-sur-la-biodiversite-agricole\/"},"wordCount":265,"image":{"@id":"https:\/\/www.foodsovereignty.org\/fr\/negociations-de-la-cdb-a-geneve-declaration-du-groupe-de-travail-du-cip-sur-la-biodiversite-agricole\/#primaryimage"},"thumbnailUrl":"https:\/\/www.foodsovereignty.org\/wp-content\/uploads\/2024\/01\/COP-15-Geneva.jpg","keywords":["CBD","CIP","food sovereignty"],"articleSection":["Nouvelles"],"inLanguage":"fr-FR"},{"@type":"WebPage","@id":"https:\/\/www.foodsovereignty.org\/fr\/negociations-de-la-cdb-a-geneve-declaration-du-groupe-de-travail-du-cip-sur-la-biodiversite-agricole\/","url":"https:\/\/www.foodsovereignty.org\/fr\/negociations-de-la-cdb-a-geneve-declaration-du-groupe-de-travail-du-cip-sur-la-biodiversite-agricole\/","name":"N\u00e9gociations de la CDB \u00e0 Gen\u00e8ve, d\u00e9claration du groupe de travail du CIP sur la biodiversit\u00e9 agricole - International Planning Committee for Food Sovereignty (IPC)","isPartOf":{"@id":"https:\/\/www.foodsovereignty.org\/fr\/#website"},"primaryImageOfPage":{"@id":"https:\/\/www.foodsovereignty.org\/fr\/negociations-de-la-cdb-a-geneve-declaration-du-groupe-de-travail-du-cip-sur-la-biodiversite-agricole\/#primaryimage"},"image":{"@id":"https:\/\/www.foodsovereignty.org\/fr\/negociations-de-la-cdb-a-geneve-declaration-du-groupe-de-travail-du-cip-sur-la-biodiversite-agricole\/#primaryimage"},"thumbnailUrl":"https:\/\/www.foodsovereignty.org\/wp-content\/uploads\/2024\/01\/COP-15-Geneva.jpg","datePublished":"2022-04-05T17:05:04+00:00","dateModified":"2024-01-30T22:58:39+00:00","author":{"@id":"https:\/\/www.foodsovereignty.org\/fr\/#\/schema\/person\/2022da6fc0f89b23596d0a63d82b61e1"},"breadcrumb":{"@id":"https:\/\/www.foodsovereignty.org\/fr\/negociations-de-la-cdb-a-geneve-declaration-du-groupe-de-travail-du-cip-sur-la-biodiversite-agricole\/#breadcrumb"},"inLanguage":"fr-FR","potentialAction":[{"@type":"ReadAction","target":["https:\/\/www.foodsovereignty.org\/fr\/negociations-de-la-cdb-a-geneve-declaration-du-groupe-de-travail-du-cip-sur-la-biodiversite-agricole\/"]}]},{"@type":"ImageObject","inLanguage":"fr-FR","@id":"https:\/\/www.foodsovereignty.org\/fr\/negociations-de-la-cdb-a-geneve-declaration-du-groupe-de-travail-du-cip-sur-la-biodiversite-agricole\/#primaryimage","url":"https:\/\/www.foodsovereignty.org\/wp-content\/uploads\/2024\/01\/COP-15-Geneva.jpg","contentUrl":"https:\/\/www.foodsovereignty.org\/wp-content\/uploads\/2024\/01\/COP-15-Geneva.jpg","width":1000,"height":495},{"@type":"BreadcrumbList","@id":"https:\/\/www.foodsovereignty.org\/fr\/negociations-de-la-cdb-a-geneve-declaration-du-groupe-de-travail-du-cip-sur-la-biodiversite-agricole\/#breadcrumb","itemListElement":[{"@type":"ListItem","position":1,"name":"Home","item":"https:\/\/www.foodsovereignty.org\/fr\/"},{"@type":"ListItem","position":2,"name":"N\u00e9gociations de la CDB \u00e0 Gen\u00e8ve, d\u00e9claration du groupe de travail du CIP sur la biodiversit\u00e9 agricole"}]},{"@type":"WebSite","@id":"https:\/\/www.foodsovereignty.org\/fr\/#website","url":"https:\/\/www.foodsovereignty.org\/fr\/","name":"International Planning Committee for Food Sovereignty (IPC)","description":"","potentialAction":[{"@type":"SearchAction","target":{"@type":"EntryPoint","urlTemplate":"https:\/\/www.foodsovereignty.org\/fr\/?s={search_term_string}"},"query-input":{"@type":"PropertyValueSpecification","valueRequired":true,"valueName":"search_term_string"}}],"inLanguage":"fr-FR"},{"@type":"Person","@id":"https:\/\/www.foodsovereignty.org\/fr\/#\/schema\/person\/2022da6fc0f89b23596d0a63d82b61e1","name":"ipc_staging","image":{"@type":"ImageObject","inLanguage":"fr-FR","@id":"https:\/\/secure.gravatar.com\/avatar\/fce93258e0a23ad6ba66052185f81fce65925c41d889b9d1b920a76951c434af?s=96&d=mm&r=g","url":"https:\/\/secure.gravatar.com\/avatar\/fce93258e0a23ad6ba66052185f81fce65925c41d889b9d1b920a76951c434af?s=96&d=mm&r=g","contentUrl":"https:\/\/secure.gravatar.com\/avatar\/fce93258e0a23ad6ba66052185f81fce65925c41d889b9d1b920a76951c434af?s=96&d=mm&r=g","caption":"ipc_staging"},"sameAs":["http:\/\/_"],"url":"https:\/\/www.foodsovereignty.org\/fr\/author\/ipc_staging\/"}]}},"_links":{"self":[{"href":"https:\/\/www.foodsovereignty.org\/fr\/wp-json\/wp\/v2\/posts\/1783","targetHints":{"allow":["GET"]}}],"collection":[{"href":"https:\/\/www.foodsovereignty.org\/fr\/wp-json\/wp\/v2\/posts"}],"about":[{"href":"https:\/\/www.foodsovereignty.org\/fr\/wp-json\/wp\/v2\/types\/post"}],"author":[{"embeddable":true,"href":"https:\/\/www.foodsovereignty.org\/fr\/wp-json\/wp\/v2\/users\/1"}],"replies":[{"embeddable":true,"href":"https:\/\/www.foodsovereignty.org\/fr\/wp-json\/wp\/v2\/comments?post=1783"}],"version-history":[{"count":1,"href":"https:\/\/www.foodsovereignty.org\/fr\/wp-json\/wp\/v2\/posts\/1783\/revisions"}],"predecessor-version":[{"id":2648,"href":"https:\/\/www.foodsovereignty.org\/fr\/wp-json\/wp\/v2\/posts\/1783\/revisions\/2648"}],"wp:featuredmedia":[{"embeddable":true,"href":"https:\/\/www.foodsovereignty.org\/fr\/wp-json\/wp\/v2\/media\/2408"}],"wp:attachment":[{"href":"https:\/\/www.foodsovereignty.org\/fr\/wp-json\/wp\/v2\/media?parent=1783"}],"wp:term":[{"taxonomy":"category","embeddable":true,"href":"https:\/\/www.foodsovereignty.org\/fr\/wp-json\/wp\/v2\/categories?post=1783"},{"taxonomy":"post_tag","embeddable":true,"href":"https:\/\/www.foodsovereignty.org\/fr\/wp-json\/wp\/v2\/tags?post=1783"}],"curies":[{"name":"wp","href":"https:\/\/api.w.org\/{rel}","templated":true}]}}