{"id":1791,"date":"2022-09-12T14:02:58","date_gmt":"2022-09-12T14:02:58","guid":{"rendered":"https:\/\/www.foodsovereignty.org\/cofi35_f\/"},"modified":"2024-01-30T22:58:42","modified_gmt":"2024-01-30T22:58:42","slug":"cofi35_f","status":"publish","type":"post","link":"https:\/\/www.foodsovereignty.org\/fr\/cofi35_f\/","title":{"rendered":"Une semaine au COFI: notre travail pour la p\u00eache artisanale"},"content":{"rendered":"<p style=\"text-align: justify;\">Du 5 au 9 septembre 2022, une d\u00e9l\u00e9gation deu CIP a particip\u00e9 \u00e0 la 35\u00e8me session du Comit\u00e9 des p\u00eaches de la FAO \u00e0 Rome.<\/p>\n<p style=\"text-align: justify;\">Cette 35\u00e8me COFI a repr\u00e9sent\u00e9 un moment crucial pour les p\u00eacheurs \u00e0 petite \u00e9chelle et les peuples autochtones, non seulement parce que 2022 est l&rsquo;Ann\u00e9e internationale de la p\u00eache et de l&rsquo;aquaculture artisanales (APAA), mais aussi parce qu&rsquo;apr\u00e8s deux ans de pand\u00e9mie, les d\u00e9l\u00e9gu\u00e9s et observateurs du COFI ont enfin \u00e9t\u00e9 autoris\u00e9s \u00e0 assister aux sessions \u00e0 Rome en pr\u00e9sence, comme c&rsquo;\u00e9tait le cas avant la pand\u00e9mie. Le COFI35 s&rsquo;est d\u00e9roul\u00e9 selon une modalit\u00e9 hybride, permettant la participation en pr\u00e9sence et en ligne des d\u00e9l\u00e9gu\u00e9s du monde entier. Malgr\u00e9 les nombreux d\u00e9fis pos\u00e9s par la pand\u00e9mie, notamment le fait de devoir se connecter via des r\u00e9unions en ligne, le CIP a travaill\u00e9 dur pour renforcer et \u00e9tendre son r\u00e9seau et maintenir la dynamique autour de la mise en \u0153uvre des Directives pour la s\u00e9curisation de la p\u00eache durable \u00e0 petite \u00e9chelle (Directives SSF).<\/p>\n<p style=\"text-align: justify;\">Quatre ans se sont \u00e9coul\u00e9s depuis la derni\u00e8re r\u00e9union en personne du groupe de travail du CIP sur la p\u00eache, la pand\u00e9mie ayant forc\u00e9 une transition d&rsquo;interaction totalement en ligne et ayant eu un impact s\u00e9v\u00e8re sur les actions de plaidoyer des mouvements sociaux SSF au niveau international.<\/p>\n<p style=\"text-align: justify;\">Pour COFI35, une d\u00e9l\u00e9gation de 35 d\u00e9l\u00e9gu\u00e9s du CIP repr\u00e9sentant les 4 principaux r\u00e9seaux du groupe de travail du CIP sur la p\u00eache (WFFP, WFF, IITC et La Via Campesina) s&rsquo;est r\u00e9unie \u00e0 Rome pour la 35\u00e8me session du Comit\u00e9 des p\u00eaches de la FAO. Les r\u00e9unions pr\u00e9paratoires de deux jours avant le COFI ont finalement permis aux d\u00e9l\u00e9gu\u00e9s du CIP de r\u00e9tablir la coh\u00e9sion et la solidarit\u00e9 internes, mises \u00e0 mal par le travail virtuel, et de d\u00e9finir les messages et points communs \u00e0 apporter au COFI.<\/p>\n<p style=\"text-align: justify;\">Du 2 au 4 septembre, les d\u00e9l\u00e9gu\u00e9s du CIP ont contribu\u00e9 \u00e0 la premi\u00e8re \u00e9dition du Sommet SSF, organis\u00e9 avec le soutien de la FAO, de la CGPM et du Hub SSF. A cette occasion, le CIP a organis\u00e9 une journ\u00e9e enti\u00e8re consacr\u00e9e uniquement aux organisations SSF, ce qui a permis de cr\u00e9er un espace de dialogue entre les organisations SSF et d&rsquo;ouvrir la possibilit\u00e9 de collaborer au niveau r\u00e9gional pour assurer la mise en \u0153uvre des directives sur la p\u00eache \u00e0 petite \u00e9chelle.<\/p>\n<p style=\"text-align: justify;\">Au cours de la 35e session du Comit\u00e9 des p\u00eaches de la FAO (COFI), le groupe de travail du CIP sur la p\u00eache a pr\u00e9par\u00e9 ses d\u00e9clarations sur les questions qu&rsquo;il consid\u00e8re comme prioritaires. Le d\u00e9veloppement durable de la p\u00eache et de l&rsquo;aquaculture dans le contexte d&rsquo;un climat changeant, une meilleure utilisation de la biodiversit\u00e9, la garantie d&rsquo;une croissance \u00e9quitable pour les p\u00eacheurs \u00e0 petite \u00e9chelle et l&rsquo;\u00e9limination de la p\u00eache INN, ont \u00e9t\u00e9 parmi les principales questions discut\u00e9es lors de la 35\u00e8me session du COFI.<\/p>\n<p style=\"text-align: justify;\">Les d\u00e9clarations de la CIP r\u00e9it\u00e8rent le manque de reconnaissance des p\u00eacheurs \u00e0 petite \u00e9chelle et des peuples autochtones, les d\u00e9fis auxquels ils sont confront\u00e9s et la marginalisation des femmes travaillant dans le secteur de la p\u00eache qui ne b\u00e9n\u00e9ficient pas de droits \u00e9gaux dans ce secteur. Ces d\u00e9fis continuent d&rsquo;\u00eatre souvent n\u00e9glig\u00e9s, tandis que les p\u00eacheurs artisanaux et les peuples autochtones sont tenus \u00e0 l&rsquo;\u00e9cart des processus d\u00e9cisionnels qui affectent directement leurs vies et leurs moyens de subsistance.<\/p>\n<p style=\"text-align: justify;\">En outre, les p\u00eacheurs artisanaux et les peuples autochtones continuent de perdre l&rsquo;acc\u00e8s aux territoires et aux ressources de p\u00eache, en raison de l&rsquo;expropriation croissante des ressources halieutiques dans les territoires int\u00e9rieurs et marins du monde entier. Une fois de plus, le CIP a invit\u00e9 les \u00c9tats \u00e0 \u00e9viter les fausses solutions, telles que les aires marines prot\u00e9g\u00e9es (AMP) et la planification de l&rsquo;espace marin (PEM), et \u00e0 prendre des mesures efficaces pour r\u00e9tablir les droits d&rsquo;occupation traditionnels, coutumiers ou autochtones l\u00e9gitimes des communaut\u00e9s de p\u00eacheurs et redistribuer ces droits lorsqu&rsquo;ils ont \u00e9t\u00e9 viol\u00e9s.<\/p>\n<p style=\"text-align: justify;\">Comme lors de le pr\u00e9c\u00e9dente COFI34, la discussion en pl\u00e9ni\u00e8re a accord\u00e9 beaucoup d&rsquo;espace et d&rsquo;attention \u00e0 l&rsquo;aquaculture et \u00e0 sa contribution \u00e0 la s\u00e9curit\u00e9 alimentaire et \u00e0 la durabilit\u00e9, affirmant que le CIP n&rsquo;est pas d&rsquo;accord avec l&rsquo;aquaculture orient\u00e9e vers l&rsquo;exportation comme solution \u00e0 la crise alimentaire. Les volumes de poissons de capture sauvages et de produits \u00e0 base de plantes, comme le soja, qui sont n\u00e9cessaires pour nourrir l&rsquo;industrie aquacole en pleine croissance ne sont tout simplement pas durables. Le CIP a donc appel\u00e9 les membres du COFI \u00e0 travailler avec les p\u00eacheurs \u00e0 petite \u00e9chelle et les peuples indig\u00e8nes, afin de soutenir et de faire progresser les cha\u00eenes de valeur localis\u00e9es des produits de la p\u00eache en mer, qui peuvent fournir une alimentation saine et abordable aux communaut\u00e9s.<\/p>\n<p style=\"text-align: justify;\">L&rsquo;existence m\u00eame de nos communaut\u00e9s est \u00e9galement menac\u00e9e par le changement climatique, la destruction de l&rsquo;environnement et la pollution. Le CIP a appel\u00e9 les gouvernements \u00e0 mettre en \u0153uvre des plans et des projets pour la r\u00e9paration et la protection de la nature. Les \u00c9tats doivent faire face aux impacts du changement climatique en se basant sur les connaissances, les informations et les solutions propos\u00e9es par les communaut\u00e9s de p\u00eacheurs, les peuples autochtones et nos organisations.<\/p>\n<p style=\"text-align: justify;\">Au cours de la 35e \u00e9dition du COFI, les \u00c9tats membres ont discut\u00e9 et convenu de proc\u00e9der \u00e0 la cr\u00e9ation d&rsquo;un sous-comit\u00e9 sur la gestion des p\u00eaches, qui comprendra un point permanent \u00e0 l&rsquo;ordre du jour sur la p\u00eache \u00e0 petite \u00e9chelle.<\/p>\n<p style=\"text-align: justify;\">Ce sous-comit\u00e9 ne sera pas en mesure d&rsquo;aborder les questions primordiales li\u00e9es \u00e0 la p\u00eache \u00e0 petite \u00e9chelle, qui ont une port\u00e9e beaucoup plus large. Au lieu de cela, le COFI, en tant que principale plateforme permettant \u00e0 divers acteurs de s&rsquo;engager et de discuter des questions relatives \u00e0 la p\u00eache \u00e0 petite \u00e9chelle, doit \u00eatre renforc\u00e9 et am\u00e9lior\u00e9. Enfin, le CIP a demand\u00e9 aux \u00c9tats de ramener les discussions sur les subventions \u00e0 la p\u00eache \u00e0 la FAO et au COFI, afin de garantir que la question de la p\u00eache ill\u00e9gale, non r\u00e9glement\u00e9e et non d\u00e9clar\u00e9e (INN) soit abord\u00e9e de mani\u00e8re d\u00e9mocratique, et que nous ayons la possibilit\u00e9 de participer aux n\u00e9gociations.<\/p>\n<p style=\"text-align: justify;\">Le CIP s&rsquo;est f\u00e9licit\u00e9e de la d\u00e9cision des gouvernements d&rsquo;organiser un sommet du SSF dans les jours pr\u00e9c\u00e9dant le COFI, une occasion d&rsquo;avoir un espace de discussion et d&rsquo;\u00e9laboration de strat\u00e9gies entre les diff\u00e9rentes organisations du SSF. Cependant, le CIP a exprim\u00e9 sa grande d\u00e9ception face \u00e0 la d\u00e9cision du pr\u00e9sident du COFI de ne pas autoriser les observateurs \u00e0 s&rsquo;exprimer pendant les discussions sur la cr\u00e9ation du sous-comit\u00e9 sur la p\u00eache, la biodiversit\u00e9 et le changement climatique, justifiant ce choix par un manque de temps. Suite \u00e0 cette d\u00e9cision, il n&rsquo;a autoris\u00e9 qu&rsquo;une intervention d&rsquo;une minute, privant une fois de plus les petit p\u00eacheurs et les peuples autochtones de la possibilit\u00e9 de s&rsquo;exprimer, emp\u00eachant ainsi la voix de millions de p\u00eacheurs artisanaux d&rsquo;\u00eatre port\u00e9e \u00e0 l&rsquo;attention des d\u00e9l\u00e9gations gouvernementales.<\/p>\n<p style=\"text-align: justify;\">La d\u00e9l\u00e9gation du CIP a apport\u00e9 sa contribution \u00e0 la discussion en envoyant par e-mail toutes ses d\u00e9clarations pour s&rsquo;assurer qu&rsquo;elles soient t\u00e9l\u00e9charg\u00e9es sur le site du COFI, mais \u00e0 l&rsquo;heure actuelle, seule la d\u00e9claration g\u00e9n\u00e9rale du CIP est disponible.<\/p>\n<p> Vous pouvez trouver toutes nos d\u00e9clarations ci-dessous <\/p>\n<ul>\n<li><a href=\"https:\/\/www.foodsovereignty.org\/wp-content\/uploads\/2022\/09\/Cofi_Biodiversity_FR.pdf\">Sur la biodiversit\u00e9<\/a><\/li>\n<li><a href=\"https:\/\/www.foodsovereignty.org\/wp-content\/uploads\/2022\/09\/Cofi_IUU_FR.pdf\">Sur la p\u00eache INN<\/a><\/li>\n<li><a href=\"https:\/\/www.foodsovereignty.org\/wp-content\/uploads\/2022\/09\/Cofi_ClimateChange_FR.pdf\">Sur le changement climatique<\/a><\/li>\n<li><a href=\"https:\/\/www.foodsovereignty.org\/wp-content\/uploads\/2022\/09\/Cofi_Agenda2030_FR.pdf\">Sur l&rsquo;Agenda 2030<\/a><\/li>\n<li><a href=\"https:\/\/www.foodsovereignty.org\/wp-content\/uploads\/2022\/09\/Cofi_IYAFA_FR.pdf\">Sur l&rsquo;AIPAA<\/a><\/li>\n<li><a href=\"https:\/\/www.foodsovereignty.org\/wp-content\/uploads\/2022\/09\/Cofi_SubCom_FR.pdf\">Sur le sous-comit\u00e9 COFI<\/a><\/li>\n<li><a href=\"https:\/\/www.foodsovereignty.org\/wp-content\/uploads\/2022\/09\/Cofi_General-Statement_FR.pdf\">La d\u00e9claration g\u00e9n\u00e9rale<\/a><\/li>\n<\/ul>\n<p> Vous trouverez <a href=\"https:\/\/www.foodsovereignty.org\/wp-content\/uploads\/2022\/09\/SSF-Summit-2022-Report_EN.pdf\" target=\"_blank\" rel=\"noopener noreferrer\"><strong>ici<\/strong><\/a> notre rapport sur le Sommet de la p\u00eache artisanale<\/p>\n","protected":false},"excerpt":{"rendered":"<p>Du 5 au 9 septembre 2022, une d\u00e9l\u00e9gation deu CIP a particip\u00e9 \u00e0 la 35\u00e8me session du Comit\u00e9 des p\u00eaches de la FAO \u00e0 Rome. Cette 35\u00e8me COFI a repr\u00e9sent\u00e9 un moment crucial pour les p\u00eacheurs \u00e0 petite \u00e9chelle et les peuples autochtones, non seulement parce que 2022 est l&rsquo;Ann\u00e9e internationale de la p\u00eache et [&hellip;]<\/p>\n","protected":false},"author":1,"featured_media":2437,"comment_status":"closed","ping_status":"open","sticky":false,"template":"","format":"standard","meta":{"_acf_changed":false,"footnotes":""},"categories":[57],"tags":[230,79,289,245],"class_list":["post-1791","post","type-post","status-publish","format-standard","has-post-thumbnail","hentry","category-nouvelles","tag-cofi","tag-fao","tag-peche-a-petite-echelle","tag-souverainete-alimentaire","regional_processes_tax-africa","regional_processes_tax-asia-pacific","regional_processes_tax-europe-central-asia","regional_processes_tax-latin-america-caribbean","regional_processes_tax-near-east-north-africa","working_groups_tax-fisheries"],"acf":[],"yoast_head":"<!-- This site is optimized with the Yoast SEO plugin v27.4 - https:\/\/yoast.com\/product\/yoast-seo-wordpress\/ -->\n<title>Une semaine au COFI: notre travail pour la p\u00eache artisanale - International Planning Committee for Food Sovereignty (IPC)<\/title>\n<meta name=\"robots\" content=\"index, follow, max-snippet:-1, max-image-preview:large, max-video-preview:-1\" \/>\n<link rel=\"canonical\" href=\"https:\/\/www.foodsovereignty.org\/fr\/cofi35_f\/\" \/>\n<meta property=\"og:locale\" content=\"fr_FR\" \/>\n<meta property=\"og:type\" content=\"article\" \/>\n<meta property=\"og:title\" content=\"Une semaine au COFI: notre travail pour la p\u00eache artisanale - International Planning Committee for Food Sovereignty (IPC)\" \/>\n<meta property=\"og:description\" content=\"Du 5 au 9 septembre 2022, une d\u00e9l\u00e9gation deu CIP a particip\u00e9 \u00e0 la 35\u00e8me session du Comit\u00e9 des p\u00eaches de la FAO \u00e0 Rome. Cette 35\u00e8me COFI a repr\u00e9sent\u00e9 un moment crucial pour les p\u00eacheurs \u00e0 petite \u00e9chelle et les peuples autochtones, non seulement parce que 2022 est l&rsquo;Ann\u00e9e internationale de la p\u00eache et [&hellip;]\" \/>\n<meta property=\"og:url\" content=\"https:\/\/www.foodsovereignty.org\/fr\/cofi35_f\/\" \/>\n<meta property=\"og:site_name\" content=\"International Planning Committee for Food Sovereignty (IPC)\" \/>\n<meta property=\"article:published_time\" content=\"2022-09-12T14:02:58+00:00\" \/>\n<meta property=\"article:modified_time\" content=\"2024-01-30T22:58:42+00:00\" \/>\n<meta property=\"og:image\" content=\"https:\/\/www.foodsovereignty.org\/wp-content\/uploads\/2024\/01\/COFI_final.jpeg\" \/>\n\t<meta property=\"og:image:width\" content=\"1600\" \/>\n\t<meta property=\"og:image:height\" content=\"1197\" \/>\n\t<meta property=\"og:image:type\" content=\"image\/jpeg\" \/>\n<meta name=\"author\" content=\"ipc_staging\" \/>\n<meta name=\"twitter:card\" content=\"summary_large_image\" \/>\n<meta name=\"twitter:label1\" content=\"\u00c9crit par\" \/>\n\t<meta name=\"twitter:data1\" content=\"ipc_staging\" \/>\n\t<meta name=\"twitter:label2\" content=\"Dur\u00e9e de lecture estim\u00e9e\" \/>\n\t<meta name=\"twitter:data2\" content=\"7 minutes\" \/>\n<script type=\"application\/ld+json\" class=\"yoast-schema-graph\">{\"@context\":\"https:\\\/\\\/schema.org\",\"@graph\":[{\"@type\":\"Article\",\"@id\":\"https:\\\/\\\/www.foodsovereignty.org\\\/fr\\\/cofi35_f\\\/#article\",\"isPartOf\":{\"@id\":\"https:\\\/\\\/www.foodsovereignty.org\\\/fr\\\/cofi35_f\\\/\"},\"author\":{\"name\":\"ipc_staging\",\"@id\":\"https:\\\/\\\/www.foodsovereignty.org\\\/fr\\\/#\\\/schema\\\/person\\\/2022da6fc0f89b23596d0a63d82b61e1\"},\"headline\":\"Une semaine au COFI: notre travail pour la p\u00eache artisanale\",\"datePublished\":\"2022-09-12T14:02:58+00:00\",\"dateModified\":\"2024-01-30T22:58:42+00:00\",\"mainEntityOfPage\":{\"@id\":\"https:\\\/\\\/www.foodsovereignty.org\\\/fr\\\/cofi35_f\\\/\"},\"wordCount\":1403,\"image\":{\"@id\":\"https:\\\/\\\/www.foodsovereignty.org\\\/fr\\\/cofi35_f\\\/#primaryimage\"},\"thumbnailUrl\":\"https:\\\/\\\/www.foodsovereignty.org\\\/wp-content\\\/uploads\\\/2024\\\/01\\\/COFI_final.jpeg\",\"keywords\":[\"COFI\",\"fao\",\"P\u00eache \u00e0 petite echelle\",\"souverainet\u00e9 alimentaire\"],\"articleSection\":[\"Nouvelles\"],\"inLanguage\":\"fr-FR\"},{\"@type\":\"WebPage\",\"@id\":\"https:\\\/\\\/www.foodsovereignty.org\\\/fr\\\/cofi35_f\\\/\",\"url\":\"https:\\\/\\\/www.foodsovereignty.org\\\/fr\\\/cofi35_f\\\/\",\"name\":\"Une semaine au COFI: notre travail pour la p\u00eache artisanale - International Planning Committee for Food Sovereignty (IPC)\",\"isPartOf\":{\"@id\":\"https:\\\/\\\/www.foodsovereignty.org\\\/fr\\\/#website\"},\"primaryImageOfPage\":{\"@id\":\"https:\\\/\\\/www.foodsovereignty.org\\\/fr\\\/cofi35_f\\\/#primaryimage\"},\"image\":{\"@id\":\"https:\\\/\\\/www.foodsovereignty.org\\\/fr\\\/cofi35_f\\\/#primaryimage\"},\"thumbnailUrl\":\"https:\\\/\\\/www.foodsovereignty.org\\\/wp-content\\\/uploads\\\/2024\\\/01\\\/COFI_final.jpeg\",\"datePublished\":\"2022-09-12T14:02:58+00:00\",\"dateModified\":\"2024-01-30T22:58:42+00:00\",\"author\":{\"@id\":\"https:\\\/\\\/www.foodsovereignty.org\\\/fr\\\/#\\\/schema\\\/person\\\/2022da6fc0f89b23596d0a63d82b61e1\"},\"breadcrumb\":{\"@id\":\"https:\\\/\\\/www.foodsovereignty.org\\\/fr\\\/cofi35_f\\\/#breadcrumb\"},\"inLanguage\":\"fr-FR\",\"potentialAction\":[{\"@type\":\"ReadAction\",\"target\":[\"https:\\\/\\\/www.foodsovereignty.org\\\/fr\\\/cofi35_f\\\/\"]}]},{\"@type\":\"ImageObject\",\"inLanguage\":\"fr-FR\",\"@id\":\"https:\\\/\\\/www.foodsovereignty.org\\\/fr\\\/cofi35_f\\\/#primaryimage\",\"url\":\"https:\\\/\\\/www.foodsovereignty.org\\\/wp-content\\\/uploads\\\/2024\\\/01\\\/COFI_final.jpeg\",\"contentUrl\":\"https:\\\/\\\/www.foodsovereignty.org\\\/wp-content\\\/uploads\\\/2024\\\/01\\\/COFI_final.jpeg\",\"width\":1600,\"height\":1197},{\"@type\":\"BreadcrumbList\",\"@id\":\"https:\\\/\\\/www.foodsovereignty.org\\\/fr\\\/cofi35_f\\\/#breadcrumb\",\"itemListElement\":[{\"@type\":\"ListItem\",\"position\":1,\"name\":\"Home\",\"item\":\"https:\\\/\\\/www.foodsovereignty.org\\\/fr\\\/\"},{\"@type\":\"ListItem\",\"position\":2,\"name\":\"Une semaine au COFI: notre travail pour la p\u00eache artisanale\"}]},{\"@type\":\"WebSite\",\"@id\":\"https:\\\/\\\/www.foodsovereignty.org\\\/fr\\\/#website\",\"url\":\"https:\\\/\\\/www.foodsovereignty.org\\\/fr\\\/\",\"name\":\"International Planning Committee for Food Sovereignty (IPC)\",\"description\":\"\",\"potentialAction\":[{\"@type\":\"SearchAction\",\"target\":{\"@type\":\"EntryPoint\",\"urlTemplate\":\"https:\\\/\\\/www.foodsovereignty.org\\\/fr\\\/?s={search_term_string}\"},\"query-input\":{\"@type\":\"PropertyValueSpecification\",\"valueRequired\":true,\"valueName\":\"search_term_string\"}}],\"inLanguage\":\"fr-FR\"},{\"@type\":\"Person\",\"@id\":\"https:\\\/\\\/www.foodsovereignty.org\\\/fr\\\/#\\\/schema\\\/person\\\/2022da6fc0f89b23596d0a63d82b61e1\",\"name\":\"ipc_staging\",\"image\":{\"@type\":\"ImageObject\",\"inLanguage\":\"fr-FR\",\"@id\":\"https:\\\/\\\/secure.gravatar.com\\\/avatar\\\/fce93258e0a23ad6ba66052185f81fce65925c41d889b9d1b920a76951c434af?s=96&d=mm&r=g\",\"url\":\"https:\\\/\\\/secure.gravatar.com\\\/avatar\\\/fce93258e0a23ad6ba66052185f81fce65925c41d889b9d1b920a76951c434af?s=96&d=mm&r=g\",\"contentUrl\":\"https:\\\/\\\/secure.gravatar.com\\\/avatar\\\/fce93258e0a23ad6ba66052185f81fce65925c41d889b9d1b920a76951c434af?s=96&d=mm&r=g\",\"caption\":\"ipc_staging\"},\"sameAs\":[\"http:\\\/\\\/_\"],\"url\":\"https:\\\/\\\/www.foodsovereignty.org\\\/fr\\\/author\\\/ipc_staging\\\/\"}]}<\/script>\n<!-- \/ Yoast SEO plugin. -->","yoast_head_json":{"title":"Une semaine au COFI: notre travail pour la p\u00eache artisanale - International Planning Committee for Food Sovereignty (IPC)","robots":{"index":"index","follow":"follow","max-snippet":"max-snippet:-1","max-image-preview":"max-image-preview:large","max-video-preview":"max-video-preview:-1"},"canonical":"https:\/\/www.foodsovereignty.org\/fr\/cofi35_f\/","og_locale":"fr_FR","og_type":"article","og_title":"Une semaine au COFI: notre travail pour la p\u00eache artisanale - International Planning Committee for Food Sovereignty (IPC)","og_description":"Du 5 au 9 septembre 2022, une d\u00e9l\u00e9gation deu CIP a particip\u00e9 \u00e0 la 35\u00e8me session du Comit\u00e9 des p\u00eaches de la FAO \u00e0 Rome. Cette 35\u00e8me COFI a repr\u00e9sent\u00e9 un moment crucial pour les p\u00eacheurs \u00e0 petite \u00e9chelle et les peuples autochtones, non seulement parce que 2022 est l&rsquo;Ann\u00e9e internationale de la p\u00eache et [&hellip;]","og_url":"https:\/\/www.foodsovereignty.org\/fr\/cofi35_f\/","og_site_name":"International Planning Committee for Food Sovereignty (IPC)","article_published_time":"2022-09-12T14:02:58+00:00","article_modified_time":"2024-01-30T22:58:42+00:00","og_image":[{"width":1600,"height":1197,"url":"https:\/\/www.foodsovereignty.org\/wp-content\/uploads\/2024\/01\/COFI_final.jpeg","type":"image\/jpeg"}],"author":"ipc_staging","twitter_card":"summary_large_image","twitter_misc":{"\u00c9crit par":"ipc_staging","Dur\u00e9e de lecture estim\u00e9e":"7 minutes"},"schema":{"@context":"https:\/\/schema.org","@graph":[{"@type":"Article","@id":"https:\/\/www.foodsovereignty.org\/fr\/cofi35_f\/#article","isPartOf":{"@id":"https:\/\/www.foodsovereignty.org\/fr\/cofi35_f\/"},"author":{"name":"ipc_staging","@id":"https:\/\/www.foodsovereignty.org\/fr\/#\/schema\/person\/2022da6fc0f89b23596d0a63d82b61e1"},"headline":"Une semaine au COFI: notre travail pour la p\u00eache artisanale","datePublished":"2022-09-12T14:02:58+00:00","dateModified":"2024-01-30T22:58:42+00:00","mainEntityOfPage":{"@id":"https:\/\/www.foodsovereignty.org\/fr\/cofi35_f\/"},"wordCount":1403,"image":{"@id":"https:\/\/www.foodsovereignty.org\/fr\/cofi35_f\/#primaryimage"},"thumbnailUrl":"https:\/\/www.foodsovereignty.org\/wp-content\/uploads\/2024\/01\/COFI_final.jpeg","keywords":["COFI","fao","P\u00eache \u00e0 petite echelle","souverainet\u00e9 alimentaire"],"articleSection":["Nouvelles"],"inLanguage":"fr-FR"},{"@type":"WebPage","@id":"https:\/\/www.foodsovereignty.org\/fr\/cofi35_f\/","url":"https:\/\/www.foodsovereignty.org\/fr\/cofi35_f\/","name":"Une semaine au COFI: notre travail pour la p\u00eache artisanale - International Planning Committee for Food Sovereignty (IPC)","isPartOf":{"@id":"https:\/\/www.foodsovereignty.org\/fr\/#website"},"primaryImageOfPage":{"@id":"https:\/\/www.foodsovereignty.org\/fr\/cofi35_f\/#primaryimage"},"image":{"@id":"https:\/\/www.foodsovereignty.org\/fr\/cofi35_f\/#primaryimage"},"thumbnailUrl":"https:\/\/www.foodsovereignty.org\/wp-content\/uploads\/2024\/01\/COFI_final.jpeg","datePublished":"2022-09-12T14:02:58+00:00","dateModified":"2024-01-30T22:58:42+00:00","author":{"@id":"https:\/\/www.foodsovereignty.org\/fr\/#\/schema\/person\/2022da6fc0f89b23596d0a63d82b61e1"},"breadcrumb":{"@id":"https:\/\/www.foodsovereignty.org\/fr\/cofi35_f\/#breadcrumb"},"inLanguage":"fr-FR","potentialAction":[{"@type":"ReadAction","target":["https:\/\/www.foodsovereignty.org\/fr\/cofi35_f\/"]}]},{"@type":"ImageObject","inLanguage":"fr-FR","@id":"https:\/\/www.foodsovereignty.org\/fr\/cofi35_f\/#primaryimage","url":"https:\/\/www.foodsovereignty.org\/wp-content\/uploads\/2024\/01\/COFI_final.jpeg","contentUrl":"https:\/\/www.foodsovereignty.org\/wp-content\/uploads\/2024\/01\/COFI_final.jpeg","width":1600,"height":1197},{"@type":"BreadcrumbList","@id":"https:\/\/www.foodsovereignty.org\/fr\/cofi35_f\/#breadcrumb","itemListElement":[{"@type":"ListItem","position":1,"name":"Home","item":"https:\/\/www.foodsovereignty.org\/fr\/"},{"@type":"ListItem","position":2,"name":"Une semaine au COFI: notre travail pour la p\u00eache artisanale"}]},{"@type":"WebSite","@id":"https:\/\/www.foodsovereignty.org\/fr\/#website","url":"https:\/\/www.foodsovereignty.org\/fr\/","name":"International Planning Committee for Food Sovereignty (IPC)","description":"","potentialAction":[{"@type":"SearchAction","target":{"@type":"EntryPoint","urlTemplate":"https:\/\/www.foodsovereignty.org\/fr\/?s={search_term_string}"},"query-input":{"@type":"PropertyValueSpecification","valueRequired":true,"valueName":"search_term_string"}}],"inLanguage":"fr-FR"},{"@type":"Person","@id":"https:\/\/www.foodsovereignty.org\/fr\/#\/schema\/person\/2022da6fc0f89b23596d0a63d82b61e1","name":"ipc_staging","image":{"@type":"ImageObject","inLanguage":"fr-FR","@id":"https:\/\/secure.gravatar.com\/avatar\/fce93258e0a23ad6ba66052185f81fce65925c41d889b9d1b920a76951c434af?s=96&d=mm&r=g","url":"https:\/\/secure.gravatar.com\/avatar\/fce93258e0a23ad6ba66052185f81fce65925c41d889b9d1b920a76951c434af?s=96&d=mm&r=g","contentUrl":"https:\/\/secure.gravatar.com\/avatar\/fce93258e0a23ad6ba66052185f81fce65925c41d889b9d1b920a76951c434af?s=96&d=mm&r=g","caption":"ipc_staging"},"sameAs":["http:\/\/_"],"url":"https:\/\/www.foodsovereignty.org\/fr\/author\/ipc_staging\/"}]}},"_links":{"self":[{"href":"https:\/\/www.foodsovereignty.org\/fr\/wp-json\/wp\/v2\/posts\/1791","targetHints":{"allow":["GET"]}}],"collection":[{"href":"https:\/\/www.foodsovereignty.org\/fr\/wp-json\/wp\/v2\/posts"}],"about":[{"href":"https:\/\/www.foodsovereignty.org\/fr\/wp-json\/wp\/v2\/types\/post"}],"author":[{"embeddable":true,"href":"https:\/\/www.foodsovereignty.org\/fr\/wp-json\/wp\/v2\/users\/1"}],"replies":[{"embeddable":true,"href":"https:\/\/www.foodsovereignty.org\/fr\/wp-json\/wp\/v2\/comments?post=1791"}],"version-history":[{"count":1,"href":"https:\/\/www.foodsovereignty.org\/fr\/wp-json\/wp\/v2\/posts\/1791\/revisions"}],"predecessor-version":[{"id":2658,"href":"https:\/\/www.foodsovereignty.org\/fr\/wp-json\/wp\/v2\/posts\/1791\/revisions\/2658"}],"wp:featuredmedia":[{"embeddable":true,"href":"https:\/\/www.foodsovereignty.org\/fr\/wp-json\/wp\/v2\/media\/2437"}],"wp:attachment":[{"href":"https:\/\/www.foodsovereignty.org\/fr\/wp-json\/wp\/v2\/media?parent=1791"}],"wp:term":[{"taxonomy":"category","embeddable":true,"href":"https:\/\/www.foodsovereignty.org\/fr\/wp-json\/wp\/v2\/categories?post=1791"},{"taxonomy":"post_tag","embeddable":true,"href":"https:\/\/www.foodsovereignty.org\/fr\/wp-json\/wp\/v2\/tags?post=1791"}],"curies":[{"name":"wp","href":"https:\/\/api.w.org\/{rel}","templated":true}]}}