{"id":1805,"date":"2023-10-16T10:54:18","date_gmt":"2023-10-16T10:54:18","guid":{"rendered":"https:\/\/www.foodsovereignty.org\/wfd23_fr\/"},"modified":"2024-01-30T22:58:52","modified_gmt":"2024-01-30T22:58:52","slug":"wfd23_fr","status":"publish","type":"post","link":"https:\/\/www.foodsovereignty.org\/fr\/wfd23_fr\/","title":{"rendered":"Journ\u00e9e mondiale de l&rsquo;alimentation: Rejoignez le mouvement!"},"content":{"rendered":"<p><span style=\"font-weight: 400;\">Aujourd&rsquo;hui, \u00e0 l&rsquo;occasion de la <strong>Journ\u00e9e mondiale de l&rsquo;alimentation<\/strong>, nous c\u00e9l\u00e9brons le r\u00f4le crucial de l&rsquo;agriculture paysanne, de l&rsquo;agriculture familiale, de la p\u00eache artisanale, des peuples autochtones, des consommateurs et de toutes les formes de production alimentaire qui ont lieu au niveau des communaut\u00e9s et des territoires, pour nourrir le monde.<\/span>  <span style=\"font-weight: 400;\">Nous sommes des <strong>communaut\u00e9s de d\u00e9tenteurs de droits<\/strong>. C&rsquo;est pourquoi nous exprimons notre inqui\u00e9tude face au r\u00e9tr\u00e9cissement des espaces d\u00e9mocratiques au niveau mondial. Nous plaiderons toujours pour que les personnes passent avant les profits et nous nous opposons fermement \u00e0 l&rsquo;approche multipartite favorable \u00e0 l&rsquo;industrie.\u00a0<\/span>  <strong>Nous appelons tous les militants et les mouvements sociaux \u00e0 soutenir la lutte pour la souverainet\u00e9 alimentaire, \u00e0 se mobiliser et \u00e0 s&rsquo;engager aux c\u00f4t\u00e9s du CIP et du mouvement pour la souverainet\u00e9 alimentaire.\u00a0<\/strong>  <span style=\"font-weight: 400;\">Ensemble, nous pouvons construire un programme politique commun, des strat\u00e9gies et des m\u00e9thodes de travail pour transformer le syst\u00e8me mondial vers une justice \u00e9conomique, sociale, de genre, raciale et environnementale afin de r\u00e9aliser la souverainet\u00e9 alimentaire.<\/span>  <span style=\"font-weight: 400;\">C&rsquo;est maintenant ou jamais. Rejoignez le mouvement!<\/span>  &nbsp; <\/p>\n<p style=\"text-align: center;\"><a href=\"https:\/\/www.foodsovereignty.org\/wp-content\/uploads\/2023\/10\/CIP_Appel-a-la-mobilisation_version-finale.pdf\" target=\"_blank\" rel=\"noopener\"><strong>Lire l&rsquo;appel \u00e0 la mobilisation<\/strong><\/a><\/p>\n<p> &nbsp;  https:\/\/youtu.be\/bYTZ75rZnxg<\/p>\n","protected":false},"excerpt":{"rendered":"<p>Aujourd&rsquo;hui, \u00e0 l&rsquo;occasion de la Journ\u00e9e mondiale de l&rsquo;alimentation, nous c\u00e9l\u00e9brons le r\u00f4le crucial de l&rsquo;agriculture paysanne, de l&rsquo;agriculture familiale, de la p\u00eache artisanale, des peuples autochtones, des consommateurs et de toutes les formes de production alimentaire qui ont lieu au niveau des communaut\u00e9s et des territoires, pour nourrir le monde. Nous sommes des communaut\u00e9s [&hellip;]<\/p>\n","protected":false},"author":1,"featured_media":2489,"comment_status":"closed","ping_status":"open","sticky":false,"template":"","format":"standard","meta":{"_acf_changed":false,"footnotes":""},"categories":[57],"tags":[85,293,295,245],"class_list":["post-1805","post","type-post","status-publish","format-standard","has-post-thumbnail","hentry","category-nouvelles","tag-food-sovereignty","tag-journee-mondiale-de-lalimentation","tag-news","tag-souverainete-alimentaire","regional_processes_tax-africa","regional_processes_tax-asia-pacific","regional_processes_tax-europe-central-asia","regional_processes_tax-latin-america-caribbean","regional_processes_tax-near-east-north-africa"],"acf":[],"yoast_head":"<!-- This site is optimized with the Yoast SEO plugin v27.4 - https:\/\/yoast.com\/product\/yoast-seo-wordpress\/ -->\n<title>Journ\u00e9e Mondiale De L&#039;Alimentation: Rejoignez le mouvement!<\/title>\n<meta name=\"description\" content=\"Aujourd&#039;hui, \u00e0 l&#039;occasion de la Journ\u00e9e mondiale de l&#039;alimentation, nous c\u00e9l\u00e9brons le r\u00f4le crucial de l&#039;agriculture paysanne.\" \/>\n<meta name=\"robots\" content=\"index, follow, max-snippet:-1, max-image-preview:large, max-video-preview:-1\" \/>\n<link rel=\"canonical\" href=\"https:\/\/www.foodsovereignty.org\/fr\/wfd23_fr\/\" \/>\n<meta property=\"og:locale\" content=\"fr_FR\" \/>\n<meta property=\"og:type\" content=\"article\" \/>\n<meta property=\"og:title\" content=\"Journ\u00e9e Mondiale De L&#039;Alimentation: Rejoignez le mouvement!\" \/>\n<meta property=\"og:description\" content=\"Aujourd&#039;hui, \u00e0 l&#039;occasion de la Journ\u00e9e mondiale de l&#039;alimentation, nous c\u00e9l\u00e9brons le r\u00f4le crucial de l&#039;agriculture paysanne.\" \/>\n<meta property=\"og:url\" content=\"https:\/\/www.foodsovereignty.org\/fr\/wfd23_fr\/\" \/>\n<meta property=\"og:site_name\" content=\"International Planning Committee for Food Sovereignty (IPC)\" \/>\n<meta property=\"article:published_time\" content=\"2023-10-16T10:54:18+00:00\" \/>\n<meta property=\"article:modified_time\" content=\"2024-01-30T22:58:52+00:00\" \/>\n<meta property=\"og:image\" content=\"https:\/\/www.foodsovereignty.org\/wp-content\/uploads\/2024\/01\/1.png\" \/>\n\t<meta property=\"og:image:width\" content=\"1600\" \/>\n\t<meta property=\"og:image:height\" content=\"900\" \/>\n\t<meta property=\"og:image:type\" content=\"image\/png\" \/>\n<meta name=\"author\" content=\"ipc_staging\" \/>\n<meta name=\"twitter:card\" content=\"summary_large_image\" \/>\n<meta name=\"twitter:label1\" content=\"\u00c9crit par\" \/>\n\t<meta name=\"twitter:data1\" content=\"ipc_staging\" \/>\n\t<meta name=\"twitter:label2\" content=\"Dur\u00e9e de lecture estim\u00e9e\" \/>\n\t<meta name=\"twitter:data2\" content=\"1 minute\" \/>\n<script type=\"application\/ld+json\" class=\"yoast-schema-graph\">{\"@context\":\"https:\\\/\\\/schema.org\",\"@graph\":[{\"@type\":\"Article\",\"@id\":\"https:\\\/\\\/www.foodsovereignty.org\\\/fr\\\/wfd23_fr\\\/#article\",\"isPartOf\":{\"@id\":\"https:\\\/\\\/www.foodsovereignty.org\\\/fr\\\/wfd23_fr\\\/\"},\"author\":{\"name\":\"ipc_staging\",\"@id\":\"https:\\\/\\\/www.foodsovereignty.org\\\/fr\\\/#\\\/schema\\\/person\\\/2022da6fc0f89b23596d0a63d82b61e1\"},\"headline\":\"Journ\u00e9e mondiale de l&rsquo;alimentation: Rejoignez le mouvement!\",\"datePublished\":\"2023-10-16T10:54:18+00:00\",\"dateModified\":\"2024-01-30T22:58:52+00:00\",\"mainEntityOfPage\":{\"@id\":\"https:\\\/\\\/www.foodsovereignty.org\\\/fr\\\/wfd23_fr\\\/\"},\"wordCount\":216,\"image\":{\"@id\":\"https:\\\/\\\/www.foodsovereignty.org\\\/fr\\\/wfd23_fr\\\/#primaryimage\"},\"thumbnailUrl\":\"https:\\\/\\\/www.foodsovereignty.org\\\/wp-content\\\/uploads\\\/2024\\\/01\\\/1.png\",\"keywords\":[\"food sovereignty\",\"Journ\u00e9e Mondiale de l\u2019Alimentation\",\"News\",\"souverainet\u00e9 alimentaire\"],\"articleSection\":[\"Nouvelles\"],\"inLanguage\":\"fr-FR\"},{\"@type\":\"WebPage\",\"@id\":\"https:\\\/\\\/www.foodsovereignty.org\\\/fr\\\/wfd23_fr\\\/\",\"url\":\"https:\\\/\\\/www.foodsovereignty.org\\\/fr\\\/wfd23_fr\\\/\",\"name\":\"Journ\u00e9e Mondiale De L'Alimentation: Rejoignez le mouvement!\",\"isPartOf\":{\"@id\":\"https:\\\/\\\/www.foodsovereignty.org\\\/fr\\\/#website\"},\"primaryImageOfPage\":{\"@id\":\"https:\\\/\\\/www.foodsovereignty.org\\\/fr\\\/wfd23_fr\\\/#primaryimage\"},\"image\":{\"@id\":\"https:\\\/\\\/www.foodsovereignty.org\\\/fr\\\/wfd23_fr\\\/#primaryimage\"},\"thumbnailUrl\":\"https:\\\/\\\/www.foodsovereignty.org\\\/wp-content\\\/uploads\\\/2024\\\/01\\\/1.png\",\"datePublished\":\"2023-10-16T10:54:18+00:00\",\"dateModified\":\"2024-01-30T22:58:52+00:00\",\"author\":{\"@id\":\"https:\\\/\\\/www.foodsovereignty.org\\\/fr\\\/#\\\/schema\\\/person\\\/2022da6fc0f89b23596d0a63d82b61e1\"},\"description\":\"Aujourd'hui, \u00e0 l'occasion de la Journ\u00e9e mondiale de l'alimentation, nous c\u00e9l\u00e9brons le r\u00f4le crucial de l'agriculture paysanne.\",\"breadcrumb\":{\"@id\":\"https:\\\/\\\/www.foodsovereignty.org\\\/fr\\\/wfd23_fr\\\/#breadcrumb\"},\"inLanguage\":\"fr-FR\",\"potentialAction\":[{\"@type\":\"ReadAction\",\"target\":[\"https:\\\/\\\/www.foodsovereignty.org\\\/fr\\\/wfd23_fr\\\/\"]}]},{\"@type\":\"ImageObject\",\"inLanguage\":\"fr-FR\",\"@id\":\"https:\\\/\\\/www.foodsovereignty.org\\\/fr\\\/wfd23_fr\\\/#primaryimage\",\"url\":\"https:\\\/\\\/www.foodsovereignty.org\\\/wp-content\\\/uploads\\\/2024\\\/01\\\/1.png\",\"contentUrl\":\"https:\\\/\\\/www.foodsovereignty.org\\\/wp-content\\\/uploads\\\/2024\\\/01\\\/1.png\",\"width\":1600,\"height\":900},{\"@type\":\"BreadcrumbList\",\"@id\":\"https:\\\/\\\/www.foodsovereignty.org\\\/fr\\\/wfd23_fr\\\/#breadcrumb\",\"itemListElement\":[{\"@type\":\"ListItem\",\"position\":1,\"name\":\"Home\",\"item\":\"https:\\\/\\\/www.foodsovereignty.org\\\/fr\\\/\"},{\"@type\":\"ListItem\",\"position\":2,\"name\":\"Journ\u00e9e mondiale de l&#8217;alimentation: Rejoignez le mouvement!\"}]},{\"@type\":\"WebSite\",\"@id\":\"https:\\\/\\\/www.foodsovereignty.org\\\/fr\\\/#website\",\"url\":\"https:\\\/\\\/www.foodsovereignty.org\\\/fr\\\/\",\"name\":\"International Planning Committee for Food Sovereignty (IPC)\",\"description\":\"\",\"potentialAction\":[{\"@type\":\"SearchAction\",\"target\":{\"@type\":\"EntryPoint\",\"urlTemplate\":\"https:\\\/\\\/www.foodsovereignty.org\\\/fr\\\/?s={search_term_string}\"},\"query-input\":{\"@type\":\"PropertyValueSpecification\",\"valueRequired\":true,\"valueName\":\"search_term_string\"}}],\"inLanguage\":\"fr-FR\"},{\"@type\":\"Person\",\"@id\":\"https:\\\/\\\/www.foodsovereignty.org\\\/fr\\\/#\\\/schema\\\/person\\\/2022da6fc0f89b23596d0a63d82b61e1\",\"name\":\"ipc_staging\",\"image\":{\"@type\":\"ImageObject\",\"inLanguage\":\"fr-FR\",\"@id\":\"https:\\\/\\\/secure.gravatar.com\\\/avatar\\\/fce93258e0a23ad6ba66052185f81fce65925c41d889b9d1b920a76951c434af?s=96&d=mm&r=g\",\"url\":\"https:\\\/\\\/secure.gravatar.com\\\/avatar\\\/fce93258e0a23ad6ba66052185f81fce65925c41d889b9d1b920a76951c434af?s=96&d=mm&r=g\",\"contentUrl\":\"https:\\\/\\\/secure.gravatar.com\\\/avatar\\\/fce93258e0a23ad6ba66052185f81fce65925c41d889b9d1b920a76951c434af?s=96&d=mm&r=g\",\"caption\":\"ipc_staging\"},\"sameAs\":[\"http:\\\/\\\/_\"],\"url\":\"https:\\\/\\\/www.foodsovereignty.org\\\/fr\\\/author\\\/ipc_staging\\\/\"}]}<\/script>\n<!-- \/ Yoast SEO plugin. -->","yoast_head_json":{"title":"Journ\u00e9e Mondiale De L'Alimentation: Rejoignez le mouvement!","description":"Aujourd'hui, \u00e0 l'occasion de la Journ\u00e9e mondiale de l'alimentation, nous c\u00e9l\u00e9brons le r\u00f4le crucial de l'agriculture paysanne.","robots":{"index":"index","follow":"follow","max-snippet":"max-snippet:-1","max-image-preview":"max-image-preview:large","max-video-preview":"max-video-preview:-1"},"canonical":"https:\/\/www.foodsovereignty.org\/fr\/wfd23_fr\/","og_locale":"fr_FR","og_type":"article","og_title":"Journ\u00e9e Mondiale De L'Alimentation: Rejoignez le mouvement!","og_description":"Aujourd'hui, \u00e0 l'occasion de la Journ\u00e9e mondiale de l'alimentation, nous c\u00e9l\u00e9brons le r\u00f4le crucial de l'agriculture paysanne.","og_url":"https:\/\/www.foodsovereignty.org\/fr\/wfd23_fr\/","og_site_name":"International Planning Committee for Food Sovereignty (IPC)","article_published_time":"2023-10-16T10:54:18+00:00","article_modified_time":"2024-01-30T22:58:52+00:00","og_image":[{"width":1600,"height":900,"url":"https:\/\/www.foodsovereignty.org\/wp-content\/uploads\/2024\/01\/1.png","type":"image\/png"}],"author":"ipc_staging","twitter_card":"summary_large_image","twitter_misc":{"\u00c9crit par":"ipc_staging","Dur\u00e9e de lecture estim\u00e9e":"1 minute"},"schema":{"@context":"https:\/\/schema.org","@graph":[{"@type":"Article","@id":"https:\/\/www.foodsovereignty.org\/fr\/wfd23_fr\/#article","isPartOf":{"@id":"https:\/\/www.foodsovereignty.org\/fr\/wfd23_fr\/"},"author":{"name":"ipc_staging","@id":"https:\/\/www.foodsovereignty.org\/fr\/#\/schema\/person\/2022da6fc0f89b23596d0a63d82b61e1"},"headline":"Journ\u00e9e mondiale de l&rsquo;alimentation: Rejoignez le mouvement!","datePublished":"2023-10-16T10:54:18+00:00","dateModified":"2024-01-30T22:58:52+00:00","mainEntityOfPage":{"@id":"https:\/\/www.foodsovereignty.org\/fr\/wfd23_fr\/"},"wordCount":216,"image":{"@id":"https:\/\/www.foodsovereignty.org\/fr\/wfd23_fr\/#primaryimage"},"thumbnailUrl":"https:\/\/www.foodsovereignty.org\/wp-content\/uploads\/2024\/01\/1.png","keywords":["food sovereignty","Journ\u00e9e Mondiale de l\u2019Alimentation","News","souverainet\u00e9 alimentaire"],"articleSection":["Nouvelles"],"inLanguage":"fr-FR"},{"@type":"WebPage","@id":"https:\/\/www.foodsovereignty.org\/fr\/wfd23_fr\/","url":"https:\/\/www.foodsovereignty.org\/fr\/wfd23_fr\/","name":"Journ\u00e9e Mondiale De L'Alimentation: Rejoignez le mouvement!","isPartOf":{"@id":"https:\/\/www.foodsovereignty.org\/fr\/#website"},"primaryImageOfPage":{"@id":"https:\/\/www.foodsovereignty.org\/fr\/wfd23_fr\/#primaryimage"},"image":{"@id":"https:\/\/www.foodsovereignty.org\/fr\/wfd23_fr\/#primaryimage"},"thumbnailUrl":"https:\/\/www.foodsovereignty.org\/wp-content\/uploads\/2024\/01\/1.png","datePublished":"2023-10-16T10:54:18+00:00","dateModified":"2024-01-30T22:58:52+00:00","author":{"@id":"https:\/\/www.foodsovereignty.org\/fr\/#\/schema\/person\/2022da6fc0f89b23596d0a63d82b61e1"},"description":"Aujourd'hui, \u00e0 l'occasion de la Journ\u00e9e mondiale de l'alimentation, nous c\u00e9l\u00e9brons le r\u00f4le crucial de l'agriculture paysanne.","breadcrumb":{"@id":"https:\/\/www.foodsovereignty.org\/fr\/wfd23_fr\/#breadcrumb"},"inLanguage":"fr-FR","potentialAction":[{"@type":"ReadAction","target":["https:\/\/www.foodsovereignty.org\/fr\/wfd23_fr\/"]}]},{"@type":"ImageObject","inLanguage":"fr-FR","@id":"https:\/\/www.foodsovereignty.org\/fr\/wfd23_fr\/#primaryimage","url":"https:\/\/www.foodsovereignty.org\/wp-content\/uploads\/2024\/01\/1.png","contentUrl":"https:\/\/www.foodsovereignty.org\/wp-content\/uploads\/2024\/01\/1.png","width":1600,"height":900},{"@type":"BreadcrumbList","@id":"https:\/\/www.foodsovereignty.org\/fr\/wfd23_fr\/#breadcrumb","itemListElement":[{"@type":"ListItem","position":1,"name":"Home","item":"https:\/\/www.foodsovereignty.org\/fr\/"},{"@type":"ListItem","position":2,"name":"Journ\u00e9e mondiale de l&#8217;alimentation: Rejoignez le mouvement!"}]},{"@type":"WebSite","@id":"https:\/\/www.foodsovereignty.org\/fr\/#website","url":"https:\/\/www.foodsovereignty.org\/fr\/","name":"International Planning Committee for Food Sovereignty (IPC)","description":"","potentialAction":[{"@type":"SearchAction","target":{"@type":"EntryPoint","urlTemplate":"https:\/\/www.foodsovereignty.org\/fr\/?s={search_term_string}"},"query-input":{"@type":"PropertyValueSpecification","valueRequired":true,"valueName":"search_term_string"}}],"inLanguage":"fr-FR"},{"@type":"Person","@id":"https:\/\/www.foodsovereignty.org\/fr\/#\/schema\/person\/2022da6fc0f89b23596d0a63d82b61e1","name":"ipc_staging","image":{"@type":"ImageObject","inLanguage":"fr-FR","@id":"https:\/\/secure.gravatar.com\/avatar\/fce93258e0a23ad6ba66052185f81fce65925c41d889b9d1b920a76951c434af?s=96&d=mm&r=g","url":"https:\/\/secure.gravatar.com\/avatar\/fce93258e0a23ad6ba66052185f81fce65925c41d889b9d1b920a76951c434af?s=96&d=mm&r=g","contentUrl":"https:\/\/secure.gravatar.com\/avatar\/fce93258e0a23ad6ba66052185f81fce65925c41d889b9d1b920a76951c434af?s=96&d=mm&r=g","caption":"ipc_staging"},"sameAs":["http:\/\/_"],"url":"https:\/\/www.foodsovereignty.org\/fr\/author\/ipc_staging\/"}]}},"_links":{"self":[{"href":"https:\/\/www.foodsovereignty.org\/fr\/wp-json\/wp\/v2\/posts\/1805","targetHints":{"allow":["GET"]}}],"collection":[{"href":"https:\/\/www.foodsovereignty.org\/fr\/wp-json\/wp\/v2\/posts"}],"about":[{"href":"https:\/\/www.foodsovereignty.org\/fr\/wp-json\/wp\/v2\/types\/post"}],"author":[{"embeddable":true,"href":"https:\/\/www.foodsovereignty.org\/fr\/wp-json\/wp\/v2\/users\/1"}],"replies":[{"embeddable":true,"href":"https:\/\/www.foodsovereignty.org\/fr\/wp-json\/wp\/v2\/comments?post=1805"}],"version-history":[{"count":1,"href":"https:\/\/www.foodsovereignty.org\/fr\/wp-json\/wp\/v2\/posts\/1805\/revisions"}],"predecessor-version":[{"id":2687,"href":"https:\/\/www.foodsovereignty.org\/fr\/wp-json\/wp\/v2\/posts\/1805\/revisions\/2687"}],"wp:featuredmedia":[{"embeddable":true,"href":"https:\/\/www.foodsovereignty.org\/fr\/wp-json\/wp\/v2\/media\/2489"}],"wp:attachment":[{"href":"https:\/\/www.foodsovereignty.org\/fr\/wp-json\/wp\/v2\/media?parent=1805"}],"wp:term":[{"taxonomy":"category","embeddable":true,"href":"https:\/\/www.foodsovereignty.org\/fr\/wp-json\/wp\/v2\/categories?post=1805"},{"taxonomy":"post_tag","embeddable":true,"href":"https:\/\/www.foodsovereignty.org\/fr\/wp-json\/wp\/v2\/tags?post=1805"}],"curies":[{"name":"wp","href":"https:\/\/api.w.org\/{rel}","templated":true}]}}