{"id":1806,"date":"2023-10-23T09:29:28","date_gmt":"2023-10-23T09:29:28","guid":{"rendered":"https:\/\/www.foodsovereignty.org\/wfd-fr\/"},"modified":"2024-01-30T22:58:58","modified_gmt":"2024-01-30T22:58:58","slug":"wfd-fr","status":"publish","type":"post","link":"https:\/\/www.foodsovereignty.org\/fr\/wfd-fr\/","title":{"rendered":"Au-del\u00e0 de la Journ\u00e9e mondiale de l&rsquo;alimentation: il est temps d&rsquo;unir nos efforts pour atteindre la souverainet\u00e9 alimentaire"},"content":{"rendered":"<p>La <strong>Journ\u00e9e mondiale de l&rsquo;alimentation<\/strong> est l&rsquo;occasion pour les organisations de petits producteurs et productrices alimentaires de c\u00e9l\u00e9brer le r\u00f4le crucial de l&rsquo;agriculture paysanne, de l&rsquo;agriculture familiale, de la p\u00eache artisanale, des syst\u00e8mes alimentaires des Peuples Autochtones, des consommateurs et de toutes les formes de production alimentaire qui ont lieu au niveau communautaire et territorial pour nourrir le monde. <strong>Les communaut\u00e9s rurales, foresti\u00e8res et aquatiques ainsi que les Peuples Autochtones sont titulaires de droits<\/strong> et leurs organisations se sont engag\u00e9es dans un dialogue politique avec les institutions mondiales depuis 1996. Ces dialogues ont abouti \u00e0 des \u00e9tapes importantes pour les droits des Peuples Autochtones, ainsi que pour les droits des petits producteurs de denr\u00e9es alimentaires: le Trait\u00e9 international sur les ressources phytog\u00e9n\u00e9tiques avec le concept de droits des agriculteurs; les Directives volontaires sur le r\u00e9gime foncier (VGGT) et les Directives volontaires sur la p\u00eache artisanale (Directives SSF); La D\u00e9claration des Nations Unies sur les droits des paysans (UNDROP) et la D\u00e9claration sur les droits des peuples autochtones (UNDRIP); les colloques internationaux sur l&rsquo;agro\u00e9cologie, la D\u00e9cennie des Nations Unies pour l&rsquo;agriculture familiale et la r\u00e9solution de l&rsquo;ONU sur l&rsquo;\u00e9conomie sociale et solidaire.  &nbsp; <\/p>\n<p style=\"text-align: center;\"><a href=\"https:\/\/www.foodsovereignty.org\/wp-content\/uploads\/2023\/10\/Communique-CIP-Journee-mondiale-de-lalimentation.pdf\" target=\"_blank\" rel=\"noopener\"><strong>LIRE LA D\u00c9CLARATION COMPL\u00c8TE<\/strong><\/a><\/p>\n","protected":false},"excerpt":{"rendered":"<p>La Journ\u00e9e mondiale de l&rsquo;alimentation est l&rsquo;occasion pour les organisations de petits producteurs et productrices alimentaires de c\u00e9l\u00e9brer le r\u00f4le crucial de l&rsquo;agriculture paysanne, de l&rsquo;agriculture familiale, de la p\u00eache artisanale, des syst\u00e8mes alimentaires des Peuples Autochtones, des consommateurs et de toutes les formes de production alimentaire qui ont lieu au niveau communautaire et territorial [&hellip;]<\/p>\n","protected":false},"author":1,"featured_media":2493,"comment_status":"closed","ping_status":"open","sticky":false,"template":"","format":"standard","meta":{"_acf_changed":false,"footnotes":""},"categories":[57],"tags":[85,293,245],"class_list":["post-1806","post","type-post","status-publish","format-standard","has-post-thumbnail","hentry","category-nouvelles","tag-food-sovereignty","tag-journee-mondiale-de-lalimentation","tag-souverainete-alimentaire","regional_processes_tax-africa","regional_processes_tax-asia-pacific","regional_processes_tax-europe-central-asia","regional_processes_tax-latin-america-caribbean","regional_processes_tax-near-east-north-africa","working_groups_tax-agricultural-biodiversity","working_groups_tax-agroecology","working_groups_tax-fisheries","working_groups_tax-indigenous-peoples","working_groups_tax-jovenes","working_groups_tax-land-forests-water-and-territory"],"acf":[],"yoast_head":"<!-- This site is optimized with the Yoast SEO plugin v27.4 - https:\/\/yoast.com\/product\/yoast-seo-wordpress\/ -->\n<title>Journ\u00e9e mondiale de l&#039;alimentation: la d\u00e9claration du CIP<\/title>\n<meta name=\"description\" content=\"Au-del\u00e0 de la Journ\u00e9e mondiale de l&#039;alimentation: il est temps d&#039;unir nos efforts pour atteindre la souverainet\u00e9 alimentaire\" \/>\n<meta name=\"robots\" content=\"index, follow, max-snippet:-1, max-image-preview:large, max-video-preview:-1\" \/>\n<link rel=\"canonical\" href=\"https:\/\/www.foodsovereignty.org\/fr\/wfd-fr\/\" \/>\n<meta property=\"og:locale\" content=\"fr_FR\" \/>\n<meta property=\"og:type\" content=\"article\" \/>\n<meta property=\"og:title\" content=\"Journ\u00e9e mondiale de l&#039;alimentation: la d\u00e9claration du CIP\" \/>\n<meta property=\"og:description\" content=\"Au-del\u00e0 de la Journ\u00e9e mondiale de l&#039;alimentation: il est temps d&#039;unir nos efforts pour atteindre la souverainet\u00e9 alimentaire\" \/>\n<meta property=\"og:url\" content=\"https:\/\/www.foodsovereignty.org\/fr\/wfd-fr\/\" \/>\n<meta property=\"og:site_name\" content=\"International Planning Committee for Food Sovereignty (IPC)\" \/>\n<meta property=\"article:published_time\" content=\"2023-10-23T09:29:28+00:00\" \/>\n<meta property=\"article:modified_time\" content=\"2024-01-30T22:58:58+00:00\" \/>\n<meta property=\"og:image\" content=\"https:\/\/www.foodsovereignty.org\/wp-content\/uploads\/2024\/01\/World-food-day.png\" \/>\n\t<meta property=\"og:image:width\" content=\"1920\" \/>\n\t<meta property=\"og:image:height\" content=\"1080\" \/>\n\t<meta property=\"og:image:type\" content=\"image\/png\" \/>\n<meta name=\"author\" content=\"ipc_staging\" \/>\n<meta name=\"twitter:card\" content=\"summary_large_image\" \/>\n<meta name=\"twitter:label1\" content=\"\u00c9crit par\" \/>\n\t<meta name=\"twitter:data1\" content=\"ipc_staging\" \/>\n\t<meta name=\"twitter:label2\" content=\"Dur\u00e9e de lecture estim\u00e9e\" \/>\n\t<meta name=\"twitter:data2\" content=\"1 minute\" \/>\n<script type=\"application\/ld+json\" class=\"yoast-schema-graph\">{\"@context\":\"https:\\\/\\\/schema.org\",\"@graph\":[{\"@type\":\"Article\",\"@id\":\"https:\\\/\\\/www.foodsovereignty.org\\\/fr\\\/wfd-fr\\\/#article\",\"isPartOf\":{\"@id\":\"https:\\\/\\\/www.foodsovereignty.org\\\/fr\\\/wfd-fr\\\/\"},\"author\":{\"name\":\"ipc_staging\",\"@id\":\"https:\\\/\\\/www.foodsovereignty.org\\\/fr\\\/#\\\/schema\\\/person\\\/2022da6fc0f89b23596d0a63d82b61e1\"},\"headline\":\"Au-del\u00e0 de la Journ\u00e9e mondiale de l&rsquo;alimentation: il est temps d&rsquo;unir nos efforts pour atteindre la souverainet\u00e9 alimentaire\",\"datePublished\":\"2023-10-23T09:29:28+00:00\",\"dateModified\":\"2024-01-30T22:58:58+00:00\",\"mainEntityOfPage\":{\"@id\":\"https:\\\/\\\/www.foodsovereignty.org\\\/fr\\\/wfd-fr\\\/\"},\"wordCount\":244,\"image\":{\"@id\":\"https:\\\/\\\/www.foodsovereignty.org\\\/fr\\\/wfd-fr\\\/#primaryimage\"},\"thumbnailUrl\":\"https:\\\/\\\/www.foodsovereignty.org\\\/wp-content\\\/uploads\\\/2024\\\/01\\\/World-food-day.png\",\"keywords\":[\"food sovereignty\",\"Journ\u00e9e Mondiale de l\u2019Alimentation\",\"souverainet\u00e9 alimentaire\"],\"articleSection\":[\"Nouvelles\"],\"inLanguage\":\"fr-FR\"},{\"@type\":\"WebPage\",\"@id\":\"https:\\\/\\\/www.foodsovereignty.org\\\/fr\\\/wfd-fr\\\/\",\"url\":\"https:\\\/\\\/www.foodsovereignty.org\\\/fr\\\/wfd-fr\\\/\",\"name\":\"Journ\u00e9e mondiale de l'alimentation: la d\u00e9claration du CIP\",\"isPartOf\":{\"@id\":\"https:\\\/\\\/www.foodsovereignty.org\\\/fr\\\/#website\"},\"primaryImageOfPage\":{\"@id\":\"https:\\\/\\\/www.foodsovereignty.org\\\/fr\\\/wfd-fr\\\/#primaryimage\"},\"image\":{\"@id\":\"https:\\\/\\\/www.foodsovereignty.org\\\/fr\\\/wfd-fr\\\/#primaryimage\"},\"thumbnailUrl\":\"https:\\\/\\\/www.foodsovereignty.org\\\/wp-content\\\/uploads\\\/2024\\\/01\\\/World-food-day.png\",\"datePublished\":\"2023-10-23T09:29:28+00:00\",\"dateModified\":\"2024-01-30T22:58:58+00:00\",\"author\":{\"@id\":\"https:\\\/\\\/www.foodsovereignty.org\\\/fr\\\/#\\\/schema\\\/person\\\/2022da6fc0f89b23596d0a63d82b61e1\"},\"description\":\"Au-del\u00e0 de la Journ\u00e9e mondiale de l'alimentation: il est temps d'unir nos efforts pour atteindre la souverainet\u00e9 alimentaire\",\"breadcrumb\":{\"@id\":\"https:\\\/\\\/www.foodsovereignty.org\\\/fr\\\/wfd-fr\\\/#breadcrumb\"},\"inLanguage\":\"fr-FR\",\"potentialAction\":[{\"@type\":\"ReadAction\",\"target\":[\"https:\\\/\\\/www.foodsovereignty.org\\\/fr\\\/wfd-fr\\\/\"]}]},{\"@type\":\"ImageObject\",\"inLanguage\":\"fr-FR\",\"@id\":\"https:\\\/\\\/www.foodsovereignty.org\\\/fr\\\/wfd-fr\\\/#primaryimage\",\"url\":\"https:\\\/\\\/www.foodsovereignty.org\\\/wp-content\\\/uploads\\\/2024\\\/01\\\/World-food-day.png\",\"contentUrl\":\"https:\\\/\\\/www.foodsovereignty.org\\\/wp-content\\\/uploads\\\/2024\\\/01\\\/World-food-day.png\",\"width\":1920,\"height\":1080},{\"@type\":\"BreadcrumbList\",\"@id\":\"https:\\\/\\\/www.foodsovereignty.org\\\/fr\\\/wfd-fr\\\/#breadcrumb\",\"itemListElement\":[{\"@type\":\"ListItem\",\"position\":1,\"name\":\"Home\",\"item\":\"https:\\\/\\\/www.foodsovereignty.org\\\/fr\\\/\"},{\"@type\":\"ListItem\",\"position\":2,\"name\":\"Au-del\u00e0 de la Journ\u00e9e mondiale de l&#8217;alimentation: il est temps d&#8217;unir nos efforts pour atteindre la souverainet\u00e9 alimentaire\"}]},{\"@type\":\"WebSite\",\"@id\":\"https:\\\/\\\/www.foodsovereignty.org\\\/fr\\\/#website\",\"url\":\"https:\\\/\\\/www.foodsovereignty.org\\\/fr\\\/\",\"name\":\"International Planning Committee for Food Sovereignty (IPC)\",\"description\":\"\",\"potentialAction\":[{\"@type\":\"SearchAction\",\"target\":{\"@type\":\"EntryPoint\",\"urlTemplate\":\"https:\\\/\\\/www.foodsovereignty.org\\\/fr\\\/?s={search_term_string}\"},\"query-input\":{\"@type\":\"PropertyValueSpecification\",\"valueRequired\":true,\"valueName\":\"search_term_string\"}}],\"inLanguage\":\"fr-FR\"},{\"@type\":\"Person\",\"@id\":\"https:\\\/\\\/www.foodsovereignty.org\\\/fr\\\/#\\\/schema\\\/person\\\/2022da6fc0f89b23596d0a63d82b61e1\",\"name\":\"ipc_staging\",\"image\":{\"@type\":\"ImageObject\",\"inLanguage\":\"fr-FR\",\"@id\":\"https:\\\/\\\/secure.gravatar.com\\\/avatar\\\/fce93258e0a23ad6ba66052185f81fce65925c41d889b9d1b920a76951c434af?s=96&d=mm&r=g\",\"url\":\"https:\\\/\\\/secure.gravatar.com\\\/avatar\\\/fce93258e0a23ad6ba66052185f81fce65925c41d889b9d1b920a76951c434af?s=96&d=mm&r=g\",\"contentUrl\":\"https:\\\/\\\/secure.gravatar.com\\\/avatar\\\/fce93258e0a23ad6ba66052185f81fce65925c41d889b9d1b920a76951c434af?s=96&d=mm&r=g\",\"caption\":\"ipc_staging\"},\"sameAs\":[\"http:\\\/\\\/_\"],\"url\":\"https:\\\/\\\/www.foodsovereignty.org\\\/fr\\\/author\\\/ipc_staging\\\/\"}]}<\/script>\n<!-- \/ Yoast SEO plugin. -->","yoast_head_json":{"title":"Journ\u00e9e mondiale de l'alimentation: la d\u00e9claration du CIP","description":"Au-del\u00e0 de la Journ\u00e9e mondiale de l'alimentation: il est temps d'unir nos efforts pour atteindre la souverainet\u00e9 alimentaire","robots":{"index":"index","follow":"follow","max-snippet":"max-snippet:-1","max-image-preview":"max-image-preview:large","max-video-preview":"max-video-preview:-1"},"canonical":"https:\/\/www.foodsovereignty.org\/fr\/wfd-fr\/","og_locale":"fr_FR","og_type":"article","og_title":"Journ\u00e9e mondiale de l'alimentation: la d\u00e9claration du CIP","og_description":"Au-del\u00e0 de la Journ\u00e9e mondiale de l'alimentation: il est temps d'unir nos efforts pour atteindre la souverainet\u00e9 alimentaire","og_url":"https:\/\/www.foodsovereignty.org\/fr\/wfd-fr\/","og_site_name":"International Planning Committee for Food Sovereignty (IPC)","article_published_time":"2023-10-23T09:29:28+00:00","article_modified_time":"2024-01-30T22:58:58+00:00","og_image":[{"width":1920,"height":1080,"url":"https:\/\/www.foodsovereignty.org\/wp-content\/uploads\/2024\/01\/World-food-day.png","type":"image\/png"}],"author":"ipc_staging","twitter_card":"summary_large_image","twitter_misc":{"\u00c9crit par":"ipc_staging","Dur\u00e9e de lecture estim\u00e9e":"1 minute"},"schema":{"@context":"https:\/\/schema.org","@graph":[{"@type":"Article","@id":"https:\/\/www.foodsovereignty.org\/fr\/wfd-fr\/#article","isPartOf":{"@id":"https:\/\/www.foodsovereignty.org\/fr\/wfd-fr\/"},"author":{"name":"ipc_staging","@id":"https:\/\/www.foodsovereignty.org\/fr\/#\/schema\/person\/2022da6fc0f89b23596d0a63d82b61e1"},"headline":"Au-del\u00e0 de la Journ\u00e9e mondiale de l&rsquo;alimentation: il est temps d&rsquo;unir nos efforts pour atteindre la souverainet\u00e9 alimentaire","datePublished":"2023-10-23T09:29:28+00:00","dateModified":"2024-01-30T22:58:58+00:00","mainEntityOfPage":{"@id":"https:\/\/www.foodsovereignty.org\/fr\/wfd-fr\/"},"wordCount":244,"image":{"@id":"https:\/\/www.foodsovereignty.org\/fr\/wfd-fr\/#primaryimage"},"thumbnailUrl":"https:\/\/www.foodsovereignty.org\/wp-content\/uploads\/2024\/01\/World-food-day.png","keywords":["food sovereignty","Journ\u00e9e Mondiale de l\u2019Alimentation","souverainet\u00e9 alimentaire"],"articleSection":["Nouvelles"],"inLanguage":"fr-FR"},{"@type":"WebPage","@id":"https:\/\/www.foodsovereignty.org\/fr\/wfd-fr\/","url":"https:\/\/www.foodsovereignty.org\/fr\/wfd-fr\/","name":"Journ\u00e9e mondiale de l'alimentation: la d\u00e9claration du CIP","isPartOf":{"@id":"https:\/\/www.foodsovereignty.org\/fr\/#website"},"primaryImageOfPage":{"@id":"https:\/\/www.foodsovereignty.org\/fr\/wfd-fr\/#primaryimage"},"image":{"@id":"https:\/\/www.foodsovereignty.org\/fr\/wfd-fr\/#primaryimage"},"thumbnailUrl":"https:\/\/www.foodsovereignty.org\/wp-content\/uploads\/2024\/01\/World-food-day.png","datePublished":"2023-10-23T09:29:28+00:00","dateModified":"2024-01-30T22:58:58+00:00","author":{"@id":"https:\/\/www.foodsovereignty.org\/fr\/#\/schema\/person\/2022da6fc0f89b23596d0a63d82b61e1"},"description":"Au-del\u00e0 de la Journ\u00e9e mondiale de l'alimentation: il est temps d'unir nos efforts pour atteindre la souverainet\u00e9 alimentaire","breadcrumb":{"@id":"https:\/\/www.foodsovereignty.org\/fr\/wfd-fr\/#breadcrumb"},"inLanguage":"fr-FR","potentialAction":[{"@type":"ReadAction","target":["https:\/\/www.foodsovereignty.org\/fr\/wfd-fr\/"]}]},{"@type":"ImageObject","inLanguage":"fr-FR","@id":"https:\/\/www.foodsovereignty.org\/fr\/wfd-fr\/#primaryimage","url":"https:\/\/www.foodsovereignty.org\/wp-content\/uploads\/2024\/01\/World-food-day.png","contentUrl":"https:\/\/www.foodsovereignty.org\/wp-content\/uploads\/2024\/01\/World-food-day.png","width":1920,"height":1080},{"@type":"BreadcrumbList","@id":"https:\/\/www.foodsovereignty.org\/fr\/wfd-fr\/#breadcrumb","itemListElement":[{"@type":"ListItem","position":1,"name":"Home","item":"https:\/\/www.foodsovereignty.org\/fr\/"},{"@type":"ListItem","position":2,"name":"Au-del\u00e0 de la Journ\u00e9e mondiale de l&#8217;alimentation: il est temps d&#8217;unir nos efforts pour atteindre la souverainet\u00e9 alimentaire"}]},{"@type":"WebSite","@id":"https:\/\/www.foodsovereignty.org\/fr\/#website","url":"https:\/\/www.foodsovereignty.org\/fr\/","name":"International Planning Committee for Food Sovereignty (IPC)","description":"","potentialAction":[{"@type":"SearchAction","target":{"@type":"EntryPoint","urlTemplate":"https:\/\/www.foodsovereignty.org\/fr\/?s={search_term_string}"},"query-input":{"@type":"PropertyValueSpecification","valueRequired":true,"valueName":"search_term_string"}}],"inLanguage":"fr-FR"},{"@type":"Person","@id":"https:\/\/www.foodsovereignty.org\/fr\/#\/schema\/person\/2022da6fc0f89b23596d0a63d82b61e1","name":"ipc_staging","image":{"@type":"ImageObject","inLanguage":"fr-FR","@id":"https:\/\/secure.gravatar.com\/avatar\/fce93258e0a23ad6ba66052185f81fce65925c41d889b9d1b920a76951c434af?s=96&d=mm&r=g","url":"https:\/\/secure.gravatar.com\/avatar\/fce93258e0a23ad6ba66052185f81fce65925c41d889b9d1b920a76951c434af?s=96&d=mm&r=g","contentUrl":"https:\/\/secure.gravatar.com\/avatar\/fce93258e0a23ad6ba66052185f81fce65925c41d889b9d1b920a76951c434af?s=96&d=mm&r=g","caption":"ipc_staging"},"sameAs":["http:\/\/_"],"url":"https:\/\/www.foodsovereignty.org\/fr\/author\/ipc_staging\/"}]}},"_links":{"self":[{"href":"https:\/\/www.foodsovereignty.org\/fr\/wp-json\/wp\/v2\/posts\/1806","targetHints":{"allow":["GET"]}}],"collection":[{"href":"https:\/\/www.foodsovereignty.org\/fr\/wp-json\/wp\/v2\/posts"}],"about":[{"href":"https:\/\/www.foodsovereignty.org\/fr\/wp-json\/wp\/v2\/types\/post"}],"author":[{"embeddable":true,"href":"https:\/\/www.foodsovereignty.org\/fr\/wp-json\/wp\/v2\/users\/1"}],"replies":[{"embeddable":true,"href":"https:\/\/www.foodsovereignty.org\/fr\/wp-json\/wp\/v2\/comments?post=1806"}],"version-history":[{"count":1,"href":"https:\/\/www.foodsovereignty.org\/fr\/wp-json\/wp\/v2\/posts\/1806\/revisions"}],"predecessor-version":[{"id":2691,"href":"https:\/\/www.foodsovereignty.org\/fr\/wp-json\/wp\/v2\/posts\/1806\/revisions\/2691"}],"wp:featuredmedia":[{"embeddable":true,"href":"https:\/\/www.foodsovereignty.org\/fr\/wp-json\/wp\/v2\/media\/2493"}],"wp:attachment":[{"href":"https:\/\/www.foodsovereignty.org\/fr\/wp-json\/wp\/v2\/media?parent=1806"}],"wp:term":[{"taxonomy":"category","embeddable":true,"href":"https:\/\/www.foodsovereignty.org\/fr\/wp-json\/wp\/v2\/categories?post=1806"},{"taxonomy":"post_tag","embeddable":true,"href":"https:\/\/www.foodsovereignty.org\/fr\/wp-json\/wp\/v2\/tags?post=1806"}],"curies":[{"name":"wp","href":"https:\/\/api.w.org\/{rel}","templated":true}]}}