{"id":3911,"date":"2024-07-01T12:11:00","date_gmt":"2024-07-01T12:11:00","guid":{"rendered":"https:\/\/www.foodsovereignty.org\/?p=3911"},"modified":"2024-07-01T12:11:03","modified_gmt":"2024-07-01T12:11:03","slug":"declaration-de-lasie-pacifique-vers-nyeleni-2025","status":"publish","type":"post","link":"https:\/\/www.foodsovereignty.org\/fr\/declaration-de-lasie-pacifique-vers-nyeleni-2025\/","title":{"rendered":"D\u00e9claration de l&rsquo;Asie-Pacifique vers Ny\u00e9l\u00e9ni 2025"},"content":{"rendered":"<p class=\"LO-normal\" style=\"text-align: justify;\"><span lang=\"EN-US\" style=\"font-size: 12.0pt; line-height: 107%;\">Du 9 au 12 juin au Sri Lanka, 60 repr\u00e9sentants de 12 pays et de plus de 20 mouvements sociaux et organisations de la soci\u00e9t\u00e9 civile mondiaux et r\u00e9gionaux de toute l&rsquo;Asie et du Pacifique se sont r\u00e9unis pour r\u00e9fl\u00e9chir aux progr\u00e8s r\u00e9alis\u00e9s en mati\u00e8re de souverainet\u00e9 alimentaire et d&rsquo;agro\u00e9cologie depuis la D\u00e9claration historique de Nyeleni (Mali, 2007) et la D\u00e9claration de Nyeleni sur l&rsquo;agro\u00e9cologie (2015), et pour travailler \u00e0 l&rsquo;organisation d&rsquo;un troisi\u00e8me forum mondial de Nyeleni qui se tiendrait en 2025. Le processus de Nyeleni que nous entreprenons se d\u00e9roule \u00e0 un moment o\u00f9 les entreprises se sont empar\u00e9es de la gouvernance jusqu&rsquo;aux Nations Unies, qui ont c\u00e9d\u00e9 leur r\u00f4le aux entreprises et ont permis au Forum \u00e9conomique mondial d&rsquo;organiser d&rsquo;abord le Sommet des Nations Unies sur les syst\u00e8mes alimentaires en 2021, et maintenant le Forum mondial de l&rsquo;alimentation annuel, supplantant ainsi les espaces l\u00e9gitimes pour la prise de d\u00e9cision multilat\u00e9rale. Nous rejetons le multistakeholderisme et exigeons un retour des espaces de gouvernance avec une participation d\u00e9mocratique autod\u00e9termin\u00e9e de la soci\u00e9t\u00e9 civile par nos mouvements de base. Nous repr\u00e9sentons diverses organisations de mouvements nationaux, r\u00e9gionaux et internationaux de petits producteurs alimentaires, y compris des paysans, des peuples autochtones, des p\u00eacheurs, des sans-terre, des agriculteurs familiaux, des travailleurs ruraux, des travailleurs des plantations, des \u00e9leveurs, des habitants des for\u00eats, des femmes, des jeunes, des hommes et des femmes, des pauvres des villes, des sans-abri, des travailleurs domestiques, des vendeurs de rue, des travailleurs non syndiqu\u00e9s, etc. Ensemble, les personnes que nous repr\u00e9sentons produisent 70 % de la nourriture consomm\u00e9e par l&rsquo;humanit\u00e9. Nous avons \u00e9t\u00e9 rejoints au Sri Lanka par des alli\u00e9s invit\u00e9s d&rsquo;autres mouvements mondiaux cl\u00e9s pour la sant\u00e9, la justice en mati\u00e8re de dette, la justice climatique, l&rsquo;\u00e9conomie sociale et solidaire, le travail et la diversit\u00e9 des genres, qui s&rsquo;engagent ensemble dans le processus de Nyeleni.<\/span><\/p>\n<p><a class=\"btn btn-yellow\" href=\"https:\/\/www.foodsovereignty.org\/wp-content\/uploads\/2024\/07\/Declaration-from-Asia-Pacific-Towards-Nyeleni-2025_FR.pdf\">Lisez la d\u00e9claration<\/a><\/p>\n","protected":false},"excerpt":{"rendered":"<p>Du 9 au 12 juin au Sri Lanka, 60 repr\u00e9sentants de 12 pays et de plus de 20 mouvements sociaux et organisations de la soci\u00e9t\u00e9 civile mondiaux et r\u00e9gionaux de toute l&rsquo;Asie et du Pacifique se sont r\u00e9unis pour r\u00e9fl\u00e9chir aux progr\u00e8s r\u00e9alis\u00e9s en mati\u00e8re de souverainet\u00e9 alimentaire et d&rsquo;agro\u00e9cologie depuis la D\u00e9claration historique de [&hellip;]<\/p>\n","protected":false},"author":7,"featured_media":3905,"comment_status":"closed","ping_status":"closed","sticky":false,"template":"","format":"standard","meta":{"_acf_changed":false,"footnotes":""},"categories":[57],"tags":[373,389],"class_list":["post-3911","post","type-post","status-publish","format-standard","has-post-thumbnail","hentry","category-nouvelles","tag-food-sovereignty-fr","tag-nyeleni-fr","regional_processes_tax-asia-pacific","working_groups_tax-agricultural-biodiversity","working_groups_tax-agroecology","working_groups_tax-fisheries","working_groups_tax-indigenous-peoples","working_groups_tax-jovenes","working_groups_tax-land-forests-water-and-territory"],"acf":[],"yoast_head":"<!-- This site is optimized with the Yoast SEO plugin v27.5 - https:\/\/yoast.com\/product\/yoast-seo-wordpress\/ -->\n<title>D\u00e9claration de l&#039;Asie-Pacifique vers Ny\u00e9l\u00e9ni 2025<\/title>\n<meta name=\"description\" content=\"Du 9 au 12 juin 60 repr\u00e9sentants de mouvements sociaux pour la souverainet\u00e9 alimentaire se sont r\u00e9unis pour discuter en vue du Forum Nyeleni.\" \/>\n<meta name=\"robots\" content=\"index, follow, max-snippet:-1, max-image-preview:large, max-video-preview:-1\" \/>\n<link rel=\"canonical\" href=\"https:\/\/www.foodsovereignty.org\/fr\/declaration-de-lasie-pacifique-vers-nyeleni-2025\/\" \/>\n<meta property=\"og:locale\" content=\"fr_FR\" \/>\n<meta property=\"og:type\" content=\"article\" \/>\n<meta property=\"og:title\" content=\"D\u00e9claration de l&#039;Asie-Pacifique vers Ny\u00e9l\u00e9ni 2025\" \/>\n<meta property=\"og:description\" content=\"Du 9 au 12 juin 60 repr\u00e9sentants de mouvements sociaux pour la souverainet\u00e9 alimentaire se sont r\u00e9unis pour discuter en vue du Forum Nyeleni.\" \/>\n<meta property=\"og:url\" content=\"https:\/\/www.foodsovereignty.org\/fr\/declaration-de-lasie-pacifique-vers-nyeleni-2025\/\" \/>\n<meta property=\"og:site_name\" content=\"International Planning Committee for Food Sovereignty (IPC)\" \/>\n<meta property=\"article:published_time\" content=\"2024-07-01T12:11:00+00:00\" \/>\n<meta property=\"article:modified_time\" content=\"2024-07-01T12:11:03+00:00\" \/>\n<meta property=\"og:image\" content=\"https:\/\/www.foodsovereignty.org\/wp-content\/uploads\/2024\/07\/Group-pic-1-1024x683.jpg\" \/>\n\t<meta property=\"og:image:width\" content=\"1024\" \/>\n\t<meta property=\"og:image:height\" content=\"683\" \/>\n\t<meta property=\"og:image:type\" content=\"image\/jpeg\" \/>\n<meta name=\"author\" content=\"IPC comms\" \/>\n<meta name=\"twitter:card\" content=\"summary_large_image\" \/>\n<meta name=\"twitter:label1\" content=\"\u00c9crit par\" \/>\n\t<meta name=\"twitter:data1\" content=\"IPC comms\" \/>\n\t<meta name=\"twitter:label2\" content=\"Dur\u00e9e de lecture estim\u00e9e\" \/>\n\t<meta name=\"twitter:data2\" content=\"2 minutes\" \/>\n<script type=\"application\/ld+json\" class=\"yoast-schema-graph\">{\"@context\":\"https:\\\/\\\/schema.org\",\"@graph\":[{\"@type\":\"Article\",\"@id\":\"https:\\\/\\\/www.foodsovereignty.org\\\/fr\\\/declaration-de-lasie-pacifique-vers-nyeleni-2025\\\/#article\",\"isPartOf\":{\"@id\":\"https:\\\/\\\/www.foodsovereignty.org\\\/fr\\\/declaration-de-lasie-pacifique-vers-nyeleni-2025\\\/\"},\"author\":{\"name\":\"IPC comms\",\"@id\":\"https:\\\/\\\/www.foodsovereignty.org\\\/fr\\\/#\\\/schema\\\/person\\\/c5d86d7101c42543207204332399e87e\"},\"headline\":\"D\u00e9claration de l&rsquo;Asie-Pacifique vers Ny\u00e9l\u00e9ni 2025\",\"datePublished\":\"2024-07-01T12:11:00+00:00\",\"dateModified\":\"2024-07-01T12:11:03+00:00\",\"mainEntityOfPage\":{\"@id\":\"https:\\\/\\\/www.foodsovereignty.org\\\/fr\\\/declaration-de-lasie-pacifique-vers-nyeleni-2025\\\/\"},\"wordCount\":358,\"image\":{\"@id\":\"https:\\\/\\\/www.foodsovereignty.org\\\/fr\\\/declaration-de-lasie-pacifique-vers-nyeleni-2025\\\/#primaryimage\"},\"thumbnailUrl\":\"https:\\\/\\\/www.foodsovereignty.org\\\/wp-content\\\/uploads\\\/2024\\\/07\\\/Group-pic-1-scaled.jpg\",\"keywords\":[\"food sovereignty\",\"Ny\u00e9l\u00e9ni\"],\"articleSection\":[\"Nouvelles\"],\"inLanguage\":\"fr-FR\"},{\"@type\":\"WebPage\",\"@id\":\"https:\\\/\\\/www.foodsovereignty.org\\\/fr\\\/declaration-de-lasie-pacifique-vers-nyeleni-2025\\\/\",\"url\":\"https:\\\/\\\/www.foodsovereignty.org\\\/fr\\\/declaration-de-lasie-pacifique-vers-nyeleni-2025\\\/\",\"name\":\"D\u00e9claration de l'Asie-Pacifique vers Ny\u00e9l\u00e9ni 2025\",\"isPartOf\":{\"@id\":\"https:\\\/\\\/www.foodsovereignty.org\\\/fr\\\/#website\"},\"primaryImageOfPage\":{\"@id\":\"https:\\\/\\\/www.foodsovereignty.org\\\/fr\\\/declaration-de-lasie-pacifique-vers-nyeleni-2025\\\/#primaryimage\"},\"image\":{\"@id\":\"https:\\\/\\\/www.foodsovereignty.org\\\/fr\\\/declaration-de-lasie-pacifique-vers-nyeleni-2025\\\/#primaryimage\"},\"thumbnailUrl\":\"https:\\\/\\\/www.foodsovereignty.org\\\/wp-content\\\/uploads\\\/2024\\\/07\\\/Group-pic-1-scaled.jpg\",\"datePublished\":\"2024-07-01T12:11:00+00:00\",\"dateModified\":\"2024-07-01T12:11:03+00:00\",\"author\":{\"@id\":\"https:\\\/\\\/www.foodsovereignty.org\\\/fr\\\/#\\\/schema\\\/person\\\/c5d86d7101c42543207204332399e87e\"},\"description\":\"Du 9 au 12 juin 60 repr\u00e9sentants de mouvements sociaux pour la souverainet\u00e9 alimentaire se sont r\u00e9unis pour discuter en vue du Forum Nyeleni.\",\"breadcrumb\":{\"@id\":\"https:\\\/\\\/www.foodsovereignty.org\\\/fr\\\/declaration-de-lasie-pacifique-vers-nyeleni-2025\\\/#breadcrumb\"},\"inLanguage\":\"fr-FR\",\"potentialAction\":[{\"@type\":\"ReadAction\",\"target\":[\"https:\\\/\\\/www.foodsovereignty.org\\\/fr\\\/declaration-de-lasie-pacifique-vers-nyeleni-2025\\\/\"]}]},{\"@type\":\"ImageObject\",\"inLanguage\":\"fr-FR\",\"@id\":\"https:\\\/\\\/www.foodsovereignty.org\\\/fr\\\/declaration-de-lasie-pacifique-vers-nyeleni-2025\\\/#primaryimage\",\"url\":\"https:\\\/\\\/www.foodsovereignty.org\\\/wp-content\\\/uploads\\\/2024\\\/07\\\/Group-pic-1-scaled.jpg\",\"contentUrl\":\"https:\\\/\\\/www.foodsovereignty.org\\\/wp-content\\\/uploads\\\/2024\\\/07\\\/Group-pic-1-scaled.jpg\",\"width\":2560,\"height\":1707,\"caption\":\"Nyeleni Asia-Pacific\"},{\"@type\":\"BreadcrumbList\",\"@id\":\"https:\\\/\\\/www.foodsovereignty.org\\\/fr\\\/declaration-de-lasie-pacifique-vers-nyeleni-2025\\\/#breadcrumb\",\"itemListElement\":[{\"@type\":\"ListItem\",\"position\":1,\"name\":\"Home\",\"item\":\"https:\\\/\\\/www.foodsovereignty.org\\\/fr\\\/\"},{\"@type\":\"ListItem\",\"position\":2,\"name\":\"D\u00e9claration de l&#8217;Asie-Pacifique vers Ny\u00e9l\u00e9ni 2025\"}]},{\"@type\":\"WebSite\",\"@id\":\"https:\\\/\\\/www.foodsovereignty.org\\\/fr\\\/#website\",\"url\":\"https:\\\/\\\/www.foodsovereignty.org\\\/fr\\\/\",\"name\":\"International Planning Committee for Food Sovereignty (IPC)\",\"description\":\"\",\"potentialAction\":[{\"@type\":\"SearchAction\",\"target\":{\"@type\":\"EntryPoint\",\"urlTemplate\":\"https:\\\/\\\/www.foodsovereignty.org\\\/fr\\\/?s={search_term_string}\"},\"query-input\":{\"@type\":\"PropertyValueSpecification\",\"valueRequired\":true,\"valueName\":\"search_term_string\"}}],\"inLanguage\":\"fr-FR\"},{\"@type\":\"Person\",\"@id\":\"https:\\\/\\\/www.foodsovereignty.org\\\/fr\\\/#\\\/schema\\\/person\\\/c5d86d7101c42543207204332399e87e\",\"name\":\"IPC comms\",\"image\":{\"@type\":\"ImageObject\",\"inLanguage\":\"fr-FR\",\"@id\":\"https:\\\/\\\/secure.gravatar.com\\\/avatar\\\/383f0d7b56f08da80de57d5d3281a5757594759261b9b8cdeb29616624681e03?s=96&d=mm&r=g\",\"url\":\"https:\\\/\\\/secure.gravatar.com\\\/avatar\\\/383f0d7b56f08da80de57d5d3281a5757594759261b9b8cdeb29616624681e03?s=96&d=mm&r=g\",\"contentUrl\":\"https:\\\/\\\/secure.gravatar.com\\\/avatar\\\/383f0d7b56f08da80de57d5d3281a5757594759261b9b8cdeb29616624681e03?s=96&d=mm&r=g\",\"caption\":\"IPC comms\"},\"url\":\"https:\\\/\\\/www.foodsovereignty.org\\\/fr\\\/author\\\/ipc-comms\\\/\"}]}<\/script>\n<!-- \/ Yoast SEO plugin. -->","yoast_head_json":{"title":"D\u00e9claration de l'Asie-Pacifique vers Ny\u00e9l\u00e9ni 2025","description":"Du 9 au 12 juin 60 repr\u00e9sentants de mouvements sociaux pour la souverainet\u00e9 alimentaire se sont r\u00e9unis pour discuter en vue du Forum Nyeleni.","robots":{"index":"index","follow":"follow","max-snippet":"max-snippet:-1","max-image-preview":"max-image-preview:large","max-video-preview":"max-video-preview:-1"},"canonical":"https:\/\/www.foodsovereignty.org\/fr\/declaration-de-lasie-pacifique-vers-nyeleni-2025\/","og_locale":"fr_FR","og_type":"article","og_title":"D\u00e9claration de l'Asie-Pacifique vers Ny\u00e9l\u00e9ni 2025","og_description":"Du 9 au 12 juin 60 repr\u00e9sentants de mouvements sociaux pour la souverainet\u00e9 alimentaire se sont r\u00e9unis pour discuter en vue du Forum Nyeleni.","og_url":"https:\/\/www.foodsovereignty.org\/fr\/declaration-de-lasie-pacifique-vers-nyeleni-2025\/","og_site_name":"International Planning Committee for Food Sovereignty (IPC)","article_published_time":"2024-07-01T12:11:00+00:00","article_modified_time":"2024-07-01T12:11:03+00:00","og_image":[{"width":1024,"height":683,"url":"https:\/\/www.foodsovereignty.org\/wp-content\/uploads\/2024\/07\/Group-pic-1-1024x683.jpg","type":"image\/jpeg"}],"author":"IPC comms","twitter_card":"summary_large_image","twitter_misc":{"\u00c9crit par":"IPC comms","Dur\u00e9e de lecture estim\u00e9e":"2 minutes"},"schema":{"@context":"https:\/\/schema.org","@graph":[{"@type":"Article","@id":"https:\/\/www.foodsovereignty.org\/fr\/declaration-de-lasie-pacifique-vers-nyeleni-2025\/#article","isPartOf":{"@id":"https:\/\/www.foodsovereignty.org\/fr\/declaration-de-lasie-pacifique-vers-nyeleni-2025\/"},"author":{"name":"IPC comms","@id":"https:\/\/www.foodsovereignty.org\/fr\/#\/schema\/person\/c5d86d7101c42543207204332399e87e"},"headline":"D\u00e9claration de l&rsquo;Asie-Pacifique vers Ny\u00e9l\u00e9ni 2025","datePublished":"2024-07-01T12:11:00+00:00","dateModified":"2024-07-01T12:11:03+00:00","mainEntityOfPage":{"@id":"https:\/\/www.foodsovereignty.org\/fr\/declaration-de-lasie-pacifique-vers-nyeleni-2025\/"},"wordCount":358,"image":{"@id":"https:\/\/www.foodsovereignty.org\/fr\/declaration-de-lasie-pacifique-vers-nyeleni-2025\/#primaryimage"},"thumbnailUrl":"https:\/\/www.foodsovereignty.org\/wp-content\/uploads\/2024\/07\/Group-pic-1-scaled.jpg","keywords":["food sovereignty","Ny\u00e9l\u00e9ni"],"articleSection":["Nouvelles"],"inLanguage":"fr-FR"},{"@type":"WebPage","@id":"https:\/\/www.foodsovereignty.org\/fr\/declaration-de-lasie-pacifique-vers-nyeleni-2025\/","url":"https:\/\/www.foodsovereignty.org\/fr\/declaration-de-lasie-pacifique-vers-nyeleni-2025\/","name":"D\u00e9claration de l'Asie-Pacifique vers Ny\u00e9l\u00e9ni 2025","isPartOf":{"@id":"https:\/\/www.foodsovereignty.org\/fr\/#website"},"primaryImageOfPage":{"@id":"https:\/\/www.foodsovereignty.org\/fr\/declaration-de-lasie-pacifique-vers-nyeleni-2025\/#primaryimage"},"image":{"@id":"https:\/\/www.foodsovereignty.org\/fr\/declaration-de-lasie-pacifique-vers-nyeleni-2025\/#primaryimage"},"thumbnailUrl":"https:\/\/www.foodsovereignty.org\/wp-content\/uploads\/2024\/07\/Group-pic-1-scaled.jpg","datePublished":"2024-07-01T12:11:00+00:00","dateModified":"2024-07-01T12:11:03+00:00","author":{"@id":"https:\/\/www.foodsovereignty.org\/fr\/#\/schema\/person\/c5d86d7101c42543207204332399e87e"},"description":"Du 9 au 12 juin 60 repr\u00e9sentants de mouvements sociaux pour la souverainet\u00e9 alimentaire se sont r\u00e9unis pour discuter en vue du Forum Nyeleni.","breadcrumb":{"@id":"https:\/\/www.foodsovereignty.org\/fr\/declaration-de-lasie-pacifique-vers-nyeleni-2025\/#breadcrumb"},"inLanguage":"fr-FR","potentialAction":[{"@type":"ReadAction","target":["https:\/\/www.foodsovereignty.org\/fr\/declaration-de-lasie-pacifique-vers-nyeleni-2025\/"]}]},{"@type":"ImageObject","inLanguage":"fr-FR","@id":"https:\/\/www.foodsovereignty.org\/fr\/declaration-de-lasie-pacifique-vers-nyeleni-2025\/#primaryimage","url":"https:\/\/www.foodsovereignty.org\/wp-content\/uploads\/2024\/07\/Group-pic-1-scaled.jpg","contentUrl":"https:\/\/www.foodsovereignty.org\/wp-content\/uploads\/2024\/07\/Group-pic-1-scaled.jpg","width":2560,"height":1707,"caption":"Nyeleni Asia-Pacific"},{"@type":"BreadcrumbList","@id":"https:\/\/www.foodsovereignty.org\/fr\/declaration-de-lasie-pacifique-vers-nyeleni-2025\/#breadcrumb","itemListElement":[{"@type":"ListItem","position":1,"name":"Home","item":"https:\/\/www.foodsovereignty.org\/fr\/"},{"@type":"ListItem","position":2,"name":"D\u00e9claration de l&#8217;Asie-Pacifique vers Ny\u00e9l\u00e9ni 2025"}]},{"@type":"WebSite","@id":"https:\/\/www.foodsovereignty.org\/fr\/#website","url":"https:\/\/www.foodsovereignty.org\/fr\/","name":"International Planning Committee for Food Sovereignty (IPC)","description":"","potentialAction":[{"@type":"SearchAction","target":{"@type":"EntryPoint","urlTemplate":"https:\/\/www.foodsovereignty.org\/fr\/?s={search_term_string}"},"query-input":{"@type":"PropertyValueSpecification","valueRequired":true,"valueName":"search_term_string"}}],"inLanguage":"fr-FR"},{"@type":"Person","@id":"https:\/\/www.foodsovereignty.org\/fr\/#\/schema\/person\/c5d86d7101c42543207204332399e87e","name":"IPC comms","image":{"@type":"ImageObject","inLanguage":"fr-FR","@id":"https:\/\/secure.gravatar.com\/avatar\/383f0d7b56f08da80de57d5d3281a5757594759261b9b8cdeb29616624681e03?s=96&d=mm&r=g","url":"https:\/\/secure.gravatar.com\/avatar\/383f0d7b56f08da80de57d5d3281a5757594759261b9b8cdeb29616624681e03?s=96&d=mm&r=g","contentUrl":"https:\/\/secure.gravatar.com\/avatar\/383f0d7b56f08da80de57d5d3281a5757594759261b9b8cdeb29616624681e03?s=96&d=mm&r=g","caption":"IPC comms"},"url":"https:\/\/www.foodsovereignty.org\/fr\/author\/ipc-comms\/"}]}},"_links":{"self":[{"href":"https:\/\/www.foodsovereignty.org\/fr\/wp-json\/wp\/v2\/posts\/3911","targetHints":{"allow":["GET"]}}],"collection":[{"href":"https:\/\/www.foodsovereignty.org\/fr\/wp-json\/wp\/v2\/posts"}],"about":[{"href":"https:\/\/www.foodsovereignty.org\/fr\/wp-json\/wp\/v2\/types\/post"}],"author":[{"embeddable":true,"href":"https:\/\/www.foodsovereignty.org\/fr\/wp-json\/wp\/v2\/users\/7"}],"replies":[{"embeddable":true,"href":"https:\/\/www.foodsovereignty.org\/fr\/wp-json\/wp\/v2\/comments?post=3911"}],"version-history":[{"count":1,"href":"https:\/\/www.foodsovereignty.org\/fr\/wp-json\/wp\/v2\/posts\/3911\/revisions"}],"predecessor-version":[{"id":3915,"href":"https:\/\/www.foodsovereignty.org\/fr\/wp-json\/wp\/v2\/posts\/3911\/revisions\/3915"}],"wp:featuredmedia":[{"embeddable":true,"href":"https:\/\/www.foodsovereignty.org\/fr\/wp-json\/wp\/v2\/media\/3905"}],"wp:attachment":[{"href":"https:\/\/www.foodsovereignty.org\/fr\/wp-json\/wp\/v2\/media?parent=3911"}],"wp:term":[{"taxonomy":"category","embeddable":true,"href":"https:\/\/www.foodsovereignty.org\/fr\/wp-json\/wp\/v2\/categories?post=3911"},{"taxonomy":"post_tag","embeddable":true,"href":"https:\/\/www.foodsovereignty.org\/fr\/wp-json\/wp\/v2\/tags?post=3911"}],"curies":[{"name":"wp","href":"https:\/\/api.w.org\/{rel}","templated":true}]}}