{"id":3940,"date":"2024-07-24T15:06:15","date_gmt":"2024-07-24T15:06:15","guid":{"rendered":"https:\/\/www.foodsovereignty.org\/?p=3940"},"modified":"2024-07-24T15:06:17","modified_gmt":"2024-07-24T15:06:17","slug":"les-representants-de-la-peche-artisanale-font-entendre-leur-voix-a-la-fao","status":"publish","type":"post","link":"https:\/\/www.foodsovereignty.org\/fr\/les-representants-de-la-peche-artisanale-font-entendre-leur-voix-a-la-fao\/","title":{"rendered":"Les repr\u00e9sentants de la p\u00eache artisanale font entendre leur voix \u00e0 la FAO"},"content":{"rendered":"<p class=\"Standard\" style=\"text-align: justify;\"><span lang=\"EN-US\" style=\"font-size: 14.0pt;\">Du 5 au 7 juillet, une centaine de repr\u00e9sentants de la <strong>p\u00eache artisanale<\/strong> du monde entier se sont r\u00e9unis \u00e0 Rome, \u00e0 la FAO, pour la deuxi\u00e8me \u00e9dition du Sommet de la p\u00eache artisanale (SSF Summit). Certains d&rsquo;entre eux ont \u00e9galement particip\u00e9 \u00e0 la 36e session du Comit\u00e9 des p\u00eaches (COFI), qui s&rsquo;est tenue jusqu&rsquo;au 12 juillet. Le groupe de travail sur la p\u00eache du Comit\u00e9 international de planification pour la souverainet\u00e9 alimentaire (CIP) a jou\u00e9 un r\u00f4le important, avec une trentaine de dirigeants repr\u00e9sentant les principales organisations de p\u00eacheurs et les peuples autochtones du monde entier. Les membres du CIP de 19 pays ont saisi cette occasion pour faire progresser les droits de l&rsquo;homme et la souverainet\u00e9 alimentaire de leurs peuples et de leurs communaut\u00e9s.<\/span><\/p>\n<div class=\"media media-iframe\"><iframe loading=\"lazy\" title=\"Michael Fakhri @SSF Summit 2024\" width=\"500\" height=\"281\" src=\"https:\/\/www.youtube.com\/embed\/Im1x71Pmz_8?start=1&#038;feature=oembed\" frameborder=\"0\" allow=\"accelerometer; autoplay; clipboard-write; encrypted-media; gyroscope; picture-in-picture; web-share\" referrerpolicy=\"strict-origin-when-cross-origin\" allowfullscreen><\/iframe><\/div>\n<p class=\"Standard\" style=\"text-align: justify;\"><span lang=\"EN-US\" style=\"font-size: 14.0pt;\">Le CIP a orient\u00e9 le discours politique du sommet par une s\u00e9rie d&rsquo;actions et de pr\u00e9sentations strat\u00e9giques, comme la pr\u00e9sentation des tribunaux des peuples de l&rsquo;\u00e9conomie bleue men\u00e9s par les membres du CIP en Asie, en Afrique du Sud et au Br\u00e9sil. Ces tribunaux ont \u00e9t\u00e9 salu\u00e9s comme des outils participatifs efficaces pour prot\u00e9ger les droits du SSF et d\u00e9noncer les violations des droits. En outre, la pr\u00e9sentation du rapport du rapporteur sp\u00e9cial Michael Fakhri sur le droit \u00e0 l&rsquo;alimentation dans le contexte de la p\u00eache et du changement climatique a renforc\u00e9 les discussions. Cet effort \u00e9tait particuli\u00e8rement significatif, marquant le 10e anniversaire de l&rsquo;adoption des directives SSF. Les contributions de l&rsquo;IPC ont soulign\u00e9 le d\u00e9calage croissant entre ces directives et l&rsquo;escalade de la pauvret\u00e9 et de la faim parmi les communaut\u00e9s de p\u00eacheurs, ainsi que la marginalisation des questions de genre.<\/span><\/p>\n<p class=\"Standard\" style=\"text-align: justify;\"><span lang=\"EN-US\" style=\"font-size: 14.0pt;\">Avec le Sommet de la PPE, le CIP a \u00e9t\u00e9 en mesure d&rsquo;unifier diverses organisations de la SSF dans le monde entier et de cr\u00e9er un espace non technique o\u00f9 elles peuvent \u00eatre entendues par les universit\u00e9s, les ONG, les institutions intergouvernementales et surtout les gouvernements. En effet, le sommet a facilit\u00e9 certaines confrontations et certains dialogues avec des repr\u00e9sentants gouvernementaux avant le COFI36.<\/span><\/p>\n<div class=\"media media-iframe\"><iframe loading=\"lazy\" title=\"Le CIP c\u00e9l\u00e8bre le 10e anniversaire des Directives volontaires pour la p\u00eache artisanale\" width=\"500\" height=\"281\" src=\"https:\/\/www.youtube.com\/embed\/L-qldTEAjCU?start=41&#038;feature=oembed\" frameborder=\"0\" allow=\"accelerometer; autoplay; clipboard-write; encrypted-media; gyroscope; picture-in-picture; web-share\" referrerpolicy=\"strict-origin-when-cross-origin\" allowfullscreen><\/iframe><\/div>\n<p class=\"Standard\" style=\"text-align: justify;\"><span lang=\"EN-US\" style=\"font-size: 14.0pt;\">Le Sommet de la SSF a soulign\u00e9 la n\u00e9cessit\u00e9 pour les gouvernements de reconna\u00eetre les territoires ancestraux de la SSF et des peuples autochtones et d&rsquo;incorporer les droits de propri\u00e9t\u00e9 coutumiers dans les politiques nationales de p\u00eache. Les droits fonciers coutumiers sont souvent mal reconnus, ce qui rend les femmes particuli\u00e8rement vuln\u00e9rables en raison de leur exclusion de ces syst\u00e8mes et de l&rsquo;absence de droits de propri\u00e9t\u00e9 fonci\u00e8re. En outre, le manque permanent de soutien financier, de services de sant\u00e9 et d&rsquo;\u00e9ducation et d&rsquo;infrastructures ad\u00e9quates continue de contribuer \u00e0 la pauvret\u00e9 et \u00e0 la marginalisation des FSS, les emp\u00eachant de r\u00e9aliser pleinement leur potentiel. Nous avons \u00e9galement r\u00e9affirm\u00e9 notre position ferme \u00e0 l&rsquo;\u00e9gard d&rsquo;initiatives telles que l&rsquo;initiative 30&#215;30 sur la crise climatique, que nous consid\u00e9rons comme une fausse solution, et l&rsquo;OMC. Nous avons insist\u00e9 sur le besoin critique de r\u00e9int\u00e9grer le SSF dans l&rsquo;agenda du COFI, en rassemblant les participants autour de cet objectif juste avant le COFI.<\/span><\/p>\n<p class=\"Standard\" style=\"text-align: justify;\"><span lang=\"EN-US\" style=\"font-size: 14.0pt;\">La 36e session du COFI, qui s&rsquo;est tenue du 8 au 12 juillet 2024 et a \u00e9t\u00e9 pr\u00e9sid\u00e9e par l&rsquo;Arabie saoudite, a offert des possibilit\u00e9s limit\u00e9es de participation d&rsquo;observateurs, y compris pour le CIP. <\/span><\/p>\n<p class=\"Standard\" style=\"text-align: justify;\"><span lang=\"EN-US\" style=\"font-size: 14.0pt;\">Malgr\u00e9 le 10e anniversaire des lignes directrices sur la p\u00eache durable, la p\u00eache artisanale n&rsquo;a pas occup\u00e9 une place pr\u00e9pond\u00e9rante dans l&rsquo;ordre du jour. Elles ont \u00e9t\u00e9 mentionn\u00e9es dans plusieurs documents du COFI et dans les discussions en pl\u00e9ni\u00e8re, mais aucun point de l&rsquo;ordre du jour n&rsquo;a \u00e9t\u00e9 consacr\u00e9 sp\u00e9cifiquement \u00e0 la p\u00eache artisanale. C&rsquo;est pourquoi nous demandons instamment aux gouvernements et au bureau du COFI de r\u00e9introduire \u00e0 l&rsquo;ordre du jour un point consacr\u00e9 \u00e0 la p\u00eache artisanale. Les communaut\u00e9s de p\u00eache artisanale et les peuples autochtones constituent l&rsquo;\u00e9pine dorsale des \u00e9cosyst\u00e8mes oc\u00e9aniques et continentaux. La p\u00eache ne doit pas \u00eatre consid\u00e9r\u00e9e uniquement sous l&rsquo;angle \u00e9conomique des stocks de poissons et des syst\u00e8mes ax\u00e9s sur le march\u00e9 tels que l&rsquo;aquaculture. De telles perspectives aboutissent souvent \u00e0 l&rsquo;accaparement de territoires, \u00e0 la dislocation de communaut\u00e9s, \u00e0 l&rsquo;appauvrissement de terres et d&rsquo;eaux et \u00e0 la cr\u00e9ation de populations vuln\u00e9rables. Il s&rsquo;agit fondamentalement des populations et de leur lien profond avec les eaux et les territoires dont elles d\u00e9pendent et pour lesquels elles survivent depuis des g\u00e9n\u00e9rations.<\/span><\/p>\n<div class=\"media media-iframe\"><iframe loading=\"lazy\" title=\"IPC Speakers&#039; Corner at COFI 36\" width=\"500\" height=\"281\" src=\"https:\/\/www.youtube.com\/embed\/3HuiLelKcAE?feature=oembed\" frameborder=\"0\" allow=\"accelerometer; autoplay; clipboard-write; encrypted-media; gyroscope; picture-in-picture; web-share\" referrerpolicy=\"strict-origin-when-cross-origin\" allowfullscreen><\/iframe><\/div>\n<p class=\"Standard\" style=\"text-align: justify;\"><span lang=\"EN-US\" style=\"font-size: 14.0pt;\">Notre travail ne s&rsquo;arr\u00eate pas l\u00e0. Compte tenu de la position marginale actuelle du SSF dans l&rsquo;agenda politique et des d\u00e9cisions prometteuses prises par le COFI36, nous travaillerons dans les ann\u00e9es \u00e0 venir pour attirer \u00e0 nouveau l&rsquo;attention sur le SSF et la mise en \u0153uvre des lignes directrices sur le SSF avant les prochaines sessions des sous-comit\u00e9s et du COFI.<\/span><\/p>\n<p class=\"Standard\" style=\"text-align: justify;\"><span lang=\"EN-US\" style=\"font-size: 14.0pt;\">Nous persisterons dans nos efforts pour cr\u00e9er des espaces d&rsquo;unit\u00e9 et de solidarit\u00e9, o\u00f9 nous pourrons d\u00e9finir nos agendas politiques et continuer \u00e0 lutter pour les droits des communaut\u00e9s de SSF et des peuples autochtones et \u00e0 adopter une position ferme sur les questions de SSF.<\/span><\/p>\n","protected":false},"excerpt":{"rendered":"<p>Du 5 au 7 juillet, une centaine de repr\u00e9sentants de la p\u00eache artisanale du monde entier se sont r\u00e9unis \u00e0 Rome, \u00e0 la FAO, pour la deuxi\u00e8me \u00e9dition du Sommet de la p\u00eache artisanale (SSF Summit). Certains d&rsquo;entre eux ont \u00e9galement particip\u00e9 \u00e0 la 36e session du Comit\u00e9 des p\u00eaches (COFI), qui s&rsquo;est tenue jusqu&rsquo;au [&hellip;]<\/p>\n","protected":false},"author":7,"featured_media":3937,"comment_status":"closed","ping_status":"closed","sticky":false,"template":"","format":"standard","meta":{"_acf_changed":false,"footnotes":""},"categories":[57],"tags":[290],"class_list":["post-3940","post","type-post","status-publish","format-standard","has-post-thumbnail","hentry","category-nouvelles","tag-peche-artisanale","regional_processes_tax-africa","regional_processes_tax-asia-pacific","regional_processes_tax-europe-central-asia","regional_processes_tax-latin-america-caribbean","regional_processes_tax-near-east-north-africa","working_groups_tax-fisheries"],"acf":[],"yoast_head":"<!-- This site is optimized with the Yoast SEO plugin v27.4 - https:\/\/yoast.com\/product\/yoast-seo-wordpress\/ -->\n<title>Les repr\u00e9sentants de la p\u00eache artisanale font entendre leur voix<\/title>\n<meta name=\"description\" content=\"Du 5 au 7 juillet, les repr\u00e9sentants de la p\u00eache artisanale du monde entier se sont r\u00e9unis \u00e0 la FAO pour la deuxi\u00e8me \u00e9dition du Sommet PPE\" \/>\n<meta name=\"robots\" content=\"index, follow, max-snippet:-1, max-image-preview:large, max-video-preview:-1\" \/>\n<link rel=\"canonical\" href=\"https:\/\/www.foodsovereignty.org\/fr\/les-representants-de-la-peche-artisanale-font-entendre-leur-voix-a-la-fao\/\" \/>\n<meta property=\"og:locale\" content=\"fr_FR\" \/>\n<meta property=\"og:type\" content=\"article\" \/>\n<meta property=\"og:title\" content=\"Les repr\u00e9sentants de la p\u00eache artisanale font entendre leur voix\" \/>\n<meta property=\"og:description\" content=\"Du 5 au 7 juillet, les repr\u00e9sentants de la p\u00eache artisanale du monde entier se sont r\u00e9unis \u00e0 la FAO pour la deuxi\u00e8me \u00e9dition du Sommet PPE\" \/>\n<meta property=\"og:url\" content=\"https:\/\/www.foodsovereignty.org\/fr\/les-representants-de-la-peche-artisanale-font-entendre-leur-voix-a-la-fao\/\" \/>\n<meta property=\"og:site_name\" content=\"International Planning Committee for Food Sovereignty (IPC)\" \/>\n<meta property=\"article:published_time\" content=\"2024-07-24T15:06:15+00:00\" \/>\n<meta property=\"article:modified_time\" content=\"2024-07-24T15:06:17+00:00\" \/>\n<meta property=\"og:image\" content=\"https:\/\/www.foodsovereignty.org\/wp-content\/uploads\/2024\/07\/ssf-summit-e1721832706111.jpg\" \/>\n\t<meta property=\"og:image:width\" content=\"2048\" \/>\n\t<meta property=\"og:image:height\" content=\"1536\" \/>\n\t<meta property=\"og:image:type\" content=\"image\/jpeg\" \/>\n<meta name=\"author\" content=\"IPC comms\" \/>\n<meta name=\"twitter:card\" content=\"summary_large_image\" \/>\n<meta name=\"twitter:label1\" content=\"\u00c9crit par\" \/>\n\t<meta name=\"twitter:data1\" content=\"IPC comms\" \/>\n\t<meta name=\"twitter:label2\" content=\"Dur\u00e9e de lecture estim\u00e9e\" \/>\n\t<meta name=\"twitter:data2\" content=\"4 minutes\" \/>\n<script type=\"application\/ld+json\" class=\"yoast-schema-graph\">{\"@context\":\"https:\\\/\\\/schema.org\",\"@graph\":[{\"@type\":\"Article\",\"@id\":\"https:\\\/\\\/www.foodsovereignty.org\\\/fr\\\/les-representants-de-la-peche-artisanale-font-entendre-leur-voix-a-la-fao\\\/#article\",\"isPartOf\":{\"@id\":\"https:\\\/\\\/www.foodsovereignty.org\\\/fr\\\/les-representants-de-la-peche-artisanale-font-entendre-leur-voix-a-la-fao\\\/\"},\"author\":{\"name\":\"IPC comms\",\"@id\":\"https:\\\/\\\/www.foodsovereignty.org\\\/fr\\\/#\\\/schema\\\/person\\\/c5d86d7101c42543207204332399e87e\"},\"headline\":\"Les repr\u00e9sentants de la p\u00eache artisanale font entendre leur voix \u00e0 la FAO\",\"datePublished\":\"2024-07-24T15:06:15+00:00\",\"dateModified\":\"2024-07-24T15:06:17+00:00\",\"mainEntityOfPage\":{\"@id\":\"https:\\\/\\\/www.foodsovereignty.org\\\/fr\\\/les-representants-de-la-peche-artisanale-font-entendre-leur-voix-a-la-fao\\\/\"},\"wordCount\":959,\"image\":{\"@id\":\"https:\\\/\\\/www.foodsovereignty.org\\\/fr\\\/les-representants-de-la-peche-artisanale-font-entendre-leur-voix-a-la-fao\\\/#primaryimage\"},\"thumbnailUrl\":\"https:\\\/\\\/www.foodsovereignty.org\\\/wp-content\\\/uploads\\\/2024\\\/07\\\/ssf-summit-e1721832706111.jpg\",\"keywords\":[\"P\u00eache artisanale\"],\"articleSection\":[\"Nouvelles\"],\"inLanguage\":\"fr-FR\"},{\"@type\":\"WebPage\",\"@id\":\"https:\\\/\\\/www.foodsovereignty.org\\\/fr\\\/les-representants-de-la-peche-artisanale-font-entendre-leur-voix-a-la-fao\\\/\",\"url\":\"https:\\\/\\\/www.foodsovereignty.org\\\/fr\\\/les-representants-de-la-peche-artisanale-font-entendre-leur-voix-a-la-fao\\\/\",\"name\":\"Les repr\u00e9sentants de la p\u00eache artisanale font entendre leur voix\",\"isPartOf\":{\"@id\":\"https:\\\/\\\/www.foodsovereignty.org\\\/fr\\\/#website\"},\"primaryImageOfPage\":{\"@id\":\"https:\\\/\\\/www.foodsovereignty.org\\\/fr\\\/les-representants-de-la-peche-artisanale-font-entendre-leur-voix-a-la-fao\\\/#primaryimage\"},\"image\":{\"@id\":\"https:\\\/\\\/www.foodsovereignty.org\\\/fr\\\/les-representants-de-la-peche-artisanale-font-entendre-leur-voix-a-la-fao\\\/#primaryimage\"},\"thumbnailUrl\":\"https:\\\/\\\/www.foodsovereignty.org\\\/wp-content\\\/uploads\\\/2024\\\/07\\\/ssf-summit-e1721832706111.jpg\",\"datePublished\":\"2024-07-24T15:06:15+00:00\",\"dateModified\":\"2024-07-24T15:06:17+00:00\",\"author\":{\"@id\":\"https:\\\/\\\/www.foodsovereignty.org\\\/fr\\\/#\\\/schema\\\/person\\\/c5d86d7101c42543207204332399e87e\"},\"description\":\"Du 5 au 7 juillet, les repr\u00e9sentants de la p\u00eache artisanale du monde entier se sont r\u00e9unis \u00e0 la FAO pour la deuxi\u00e8me \u00e9dition du Sommet PPE\",\"breadcrumb\":{\"@id\":\"https:\\\/\\\/www.foodsovereignty.org\\\/fr\\\/les-representants-de-la-peche-artisanale-font-entendre-leur-voix-a-la-fao\\\/#breadcrumb\"},\"inLanguage\":\"fr-FR\",\"potentialAction\":[{\"@type\":\"ReadAction\",\"target\":[\"https:\\\/\\\/www.foodsovereignty.org\\\/fr\\\/les-representants-de-la-peche-artisanale-font-entendre-leur-voix-a-la-fao\\\/\"]}]},{\"@type\":\"ImageObject\",\"inLanguage\":\"fr-FR\",\"@id\":\"https:\\\/\\\/www.foodsovereignty.org\\\/fr\\\/les-representants-de-la-peche-artisanale-font-entendre-leur-voix-a-la-fao\\\/#primaryimage\",\"url\":\"https:\\\/\\\/www.foodsovereignty.org\\\/wp-content\\\/uploads\\\/2024\\\/07\\\/ssf-summit-e1721832706111.jpg\",\"contentUrl\":\"https:\\\/\\\/www.foodsovereignty.org\\\/wp-content\\\/uploads\\\/2024\\\/07\\\/ssf-summit-e1721832706111.jpg\",\"width\":2048,\"height\":1536},{\"@type\":\"BreadcrumbList\",\"@id\":\"https:\\\/\\\/www.foodsovereignty.org\\\/fr\\\/les-representants-de-la-peche-artisanale-font-entendre-leur-voix-a-la-fao\\\/#breadcrumb\",\"itemListElement\":[{\"@type\":\"ListItem\",\"position\":1,\"name\":\"Home\",\"item\":\"https:\\\/\\\/www.foodsovereignty.org\\\/fr\\\/\"},{\"@type\":\"ListItem\",\"position\":2,\"name\":\"Les repr\u00e9sentants de la p\u00eache artisanale font entendre leur voix \u00e0 la FAO\"}]},{\"@type\":\"WebSite\",\"@id\":\"https:\\\/\\\/www.foodsovereignty.org\\\/fr\\\/#website\",\"url\":\"https:\\\/\\\/www.foodsovereignty.org\\\/fr\\\/\",\"name\":\"International Planning Committee for Food Sovereignty (IPC)\",\"description\":\"\",\"potentialAction\":[{\"@type\":\"SearchAction\",\"target\":{\"@type\":\"EntryPoint\",\"urlTemplate\":\"https:\\\/\\\/www.foodsovereignty.org\\\/fr\\\/?s={search_term_string}\"},\"query-input\":{\"@type\":\"PropertyValueSpecification\",\"valueRequired\":true,\"valueName\":\"search_term_string\"}}],\"inLanguage\":\"fr-FR\"},{\"@type\":\"Person\",\"@id\":\"https:\\\/\\\/www.foodsovereignty.org\\\/fr\\\/#\\\/schema\\\/person\\\/c5d86d7101c42543207204332399e87e\",\"name\":\"IPC comms\",\"image\":{\"@type\":\"ImageObject\",\"inLanguage\":\"fr-FR\",\"@id\":\"https:\\\/\\\/secure.gravatar.com\\\/avatar\\\/383f0d7b56f08da80de57d5d3281a5757594759261b9b8cdeb29616624681e03?s=96&d=mm&r=g\",\"url\":\"https:\\\/\\\/secure.gravatar.com\\\/avatar\\\/383f0d7b56f08da80de57d5d3281a5757594759261b9b8cdeb29616624681e03?s=96&d=mm&r=g\",\"contentUrl\":\"https:\\\/\\\/secure.gravatar.com\\\/avatar\\\/383f0d7b56f08da80de57d5d3281a5757594759261b9b8cdeb29616624681e03?s=96&d=mm&r=g\",\"caption\":\"IPC comms\"},\"url\":\"https:\\\/\\\/www.foodsovereignty.org\\\/fr\\\/author\\\/ipc-comms\\\/\"}]}<\/script>\n<!-- \/ Yoast SEO plugin. -->","yoast_head_json":{"title":"Les repr\u00e9sentants de la p\u00eache artisanale font entendre leur voix","description":"Du 5 au 7 juillet, les repr\u00e9sentants de la p\u00eache artisanale du monde entier se sont r\u00e9unis \u00e0 la FAO pour la deuxi\u00e8me \u00e9dition du Sommet PPE","robots":{"index":"index","follow":"follow","max-snippet":"max-snippet:-1","max-image-preview":"max-image-preview:large","max-video-preview":"max-video-preview:-1"},"canonical":"https:\/\/www.foodsovereignty.org\/fr\/les-representants-de-la-peche-artisanale-font-entendre-leur-voix-a-la-fao\/","og_locale":"fr_FR","og_type":"article","og_title":"Les repr\u00e9sentants de la p\u00eache artisanale font entendre leur voix","og_description":"Du 5 au 7 juillet, les repr\u00e9sentants de la p\u00eache artisanale du monde entier se sont r\u00e9unis \u00e0 la FAO pour la deuxi\u00e8me \u00e9dition du Sommet PPE","og_url":"https:\/\/www.foodsovereignty.org\/fr\/les-representants-de-la-peche-artisanale-font-entendre-leur-voix-a-la-fao\/","og_site_name":"International Planning Committee for Food Sovereignty (IPC)","article_published_time":"2024-07-24T15:06:15+00:00","article_modified_time":"2024-07-24T15:06:17+00:00","og_image":[{"width":2048,"height":1536,"url":"https:\/\/www.foodsovereignty.org\/wp-content\/uploads\/2024\/07\/ssf-summit-e1721832706111.jpg","type":"image\/jpeg"}],"author":"IPC comms","twitter_card":"summary_large_image","twitter_misc":{"\u00c9crit par":"IPC comms","Dur\u00e9e de lecture estim\u00e9e":"4 minutes"},"schema":{"@context":"https:\/\/schema.org","@graph":[{"@type":"Article","@id":"https:\/\/www.foodsovereignty.org\/fr\/les-representants-de-la-peche-artisanale-font-entendre-leur-voix-a-la-fao\/#article","isPartOf":{"@id":"https:\/\/www.foodsovereignty.org\/fr\/les-representants-de-la-peche-artisanale-font-entendre-leur-voix-a-la-fao\/"},"author":{"name":"IPC comms","@id":"https:\/\/www.foodsovereignty.org\/fr\/#\/schema\/person\/c5d86d7101c42543207204332399e87e"},"headline":"Les repr\u00e9sentants de la p\u00eache artisanale font entendre leur voix \u00e0 la FAO","datePublished":"2024-07-24T15:06:15+00:00","dateModified":"2024-07-24T15:06:17+00:00","mainEntityOfPage":{"@id":"https:\/\/www.foodsovereignty.org\/fr\/les-representants-de-la-peche-artisanale-font-entendre-leur-voix-a-la-fao\/"},"wordCount":959,"image":{"@id":"https:\/\/www.foodsovereignty.org\/fr\/les-representants-de-la-peche-artisanale-font-entendre-leur-voix-a-la-fao\/#primaryimage"},"thumbnailUrl":"https:\/\/www.foodsovereignty.org\/wp-content\/uploads\/2024\/07\/ssf-summit-e1721832706111.jpg","keywords":["P\u00eache artisanale"],"articleSection":["Nouvelles"],"inLanguage":"fr-FR"},{"@type":"WebPage","@id":"https:\/\/www.foodsovereignty.org\/fr\/les-representants-de-la-peche-artisanale-font-entendre-leur-voix-a-la-fao\/","url":"https:\/\/www.foodsovereignty.org\/fr\/les-representants-de-la-peche-artisanale-font-entendre-leur-voix-a-la-fao\/","name":"Les repr\u00e9sentants de la p\u00eache artisanale font entendre leur voix","isPartOf":{"@id":"https:\/\/www.foodsovereignty.org\/fr\/#website"},"primaryImageOfPage":{"@id":"https:\/\/www.foodsovereignty.org\/fr\/les-representants-de-la-peche-artisanale-font-entendre-leur-voix-a-la-fao\/#primaryimage"},"image":{"@id":"https:\/\/www.foodsovereignty.org\/fr\/les-representants-de-la-peche-artisanale-font-entendre-leur-voix-a-la-fao\/#primaryimage"},"thumbnailUrl":"https:\/\/www.foodsovereignty.org\/wp-content\/uploads\/2024\/07\/ssf-summit-e1721832706111.jpg","datePublished":"2024-07-24T15:06:15+00:00","dateModified":"2024-07-24T15:06:17+00:00","author":{"@id":"https:\/\/www.foodsovereignty.org\/fr\/#\/schema\/person\/c5d86d7101c42543207204332399e87e"},"description":"Du 5 au 7 juillet, les repr\u00e9sentants de la p\u00eache artisanale du monde entier se sont r\u00e9unis \u00e0 la FAO pour la deuxi\u00e8me \u00e9dition du Sommet PPE","breadcrumb":{"@id":"https:\/\/www.foodsovereignty.org\/fr\/les-representants-de-la-peche-artisanale-font-entendre-leur-voix-a-la-fao\/#breadcrumb"},"inLanguage":"fr-FR","potentialAction":[{"@type":"ReadAction","target":["https:\/\/www.foodsovereignty.org\/fr\/les-representants-de-la-peche-artisanale-font-entendre-leur-voix-a-la-fao\/"]}]},{"@type":"ImageObject","inLanguage":"fr-FR","@id":"https:\/\/www.foodsovereignty.org\/fr\/les-representants-de-la-peche-artisanale-font-entendre-leur-voix-a-la-fao\/#primaryimage","url":"https:\/\/www.foodsovereignty.org\/wp-content\/uploads\/2024\/07\/ssf-summit-e1721832706111.jpg","contentUrl":"https:\/\/www.foodsovereignty.org\/wp-content\/uploads\/2024\/07\/ssf-summit-e1721832706111.jpg","width":2048,"height":1536},{"@type":"BreadcrumbList","@id":"https:\/\/www.foodsovereignty.org\/fr\/les-representants-de-la-peche-artisanale-font-entendre-leur-voix-a-la-fao\/#breadcrumb","itemListElement":[{"@type":"ListItem","position":1,"name":"Home","item":"https:\/\/www.foodsovereignty.org\/fr\/"},{"@type":"ListItem","position":2,"name":"Les repr\u00e9sentants de la p\u00eache artisanale font entendre leur voix \u00e0 la FAO"}]},{"@type":"WebSite","@id":"https:\/\/www.foodsovereignty.org\/fr\/#website","url":"https:\/\/www.foodsovereignty.org\/fr\/","name":"International Planning Committee for Food Sovereignty (IPC)","description":"","potentialAction":[{"@type":"SearchAction","target":{"@type":"EntryPoint","urlTemplate":"https:\/\/www.foodsovereignty.org\/fr\/?s={search_term_string}"},"query-input":{"@type":"PropertyValueSpecification","valueRequired":true,"valueName":"search_term_string"}}],"inLanguage":"fr-FR"},{"@type":"Person","@id":"https:\/\/www.foodsovereignty.org\/fr\/#\/schema\/person\/c5d86d7101c42543207204332399e87e","name":"IPC comms","image":{"@type":"ImageObject","inLanguage":"fr-FR","@id":"https:\/\/secure.gravatar.com\/avatar\/383f0d7b56f08da80de57d5d3281a5757594759261b9b8cdeb29616624681e03?s=96&d=mm&r=g","url":"https:\/\/secure.gravatar.com\/avatar\/383f0d7b56f08da80de57d5d3281a5757594759261b9b8cdeb29616624681e03?s=96&d=mm&r=g","contentUrl":"https:\/\/secure.gravatar.com\/avatar\/383f0d7b56f08da80de57d5d3281a5757594759261b9b8cdeb29616624681e03?s=96&d=mm&r=g","caption":"IPC comms"},"url":"https:\/\/www.foodsovereignty.org\/fr\/author\/ipc-comms\/"}]}},"_links":{"self":[{"href":"https:\/\/www.foodsovereignty.org\/fr\/wp-json\/wp\/v2\/posts\/3940","targetHints":{"allow":["GET"]}}],"collection":[{"href":"https:\/\/www.foodsovereignty.org\/fr\/wp-json\/wp\/v2\/posts"}],"about":[{"href":"https:\/\/www.foodsovereignty.org\/fr\/wp-json\/wp\/v2\/types\/post"}],"author":[{"embeddable":true,"href":"https:\/\/www.foodsovereignty.org\/fr\/wp-json\/wp\/v2\/users\/7"}],"replies":[{"embeddable":true,"href":"https:\/\/www.foodsovereignty.org\/fr\/wp-json\/wp\/v2\/comments?post=3940"}],"version-history":[{"count":1,"href":"https:\/\/www.foodsovereignty.org\/fr\/wp-json\/wp\/v2\/posts\/3940\/revisions"}],"predecessor-version":[{"id":3941,"href":"https:\/\/www.foodsovereignty.org\/fr\/wp-json\/wp\/v2\/posts\/3940\/revisions\/3941"}],"wp:featuredmedia":[{"embeddable":true,"href":"https:\/\/www.foodsovereignty.org\/fr\/wp-json\/wp\/v2\/media\/3937"}],"wp:attachment":[{"href":"https:\/\/www.foodsovereignty.org\/fr\/wp-json\/wp\/v2\/media?parent=3940"}],"wp:term":[{"taxonomy":"category","embeddable":true,"href":"https:\/\/www.foodsovereignty.org\/fr\/wp-json\/wp\/v2\/categories?post=3940"},{"taxonomy":"post_tag","embeddable":true,"href":"https:\/\/www.foodsovereignty.org\/fr\/wp-json\/wp\/v2\/tags?post=3940"}],"curies":[{"name":"wp","href":"https:\/\/api.w.org\/{rel}","templated":true}]}}