{"id":3993,"date":"2024-08-09T10:21:31","date_gmt":"2024-08-09T10:21:31","guid":{"rendered":"https:\/\/www.foodsovereignty.org\/?p=3993"},"modified":"2024-08-09T10:21:33","modified_gmt":"2024-08-09T10:21:33","slug":"mouvements-dans-la-region-nena-avancent-dans-le-processus-nyeleni","status":"publish","type":"post","link":"https:\/\/www.foodsovereignty.org\/fr\/mouvements-dans-la-region-nena-avancent-dans-le-processus-nyeleni\/","title":{"rendered":"Mouvements dans la r\u00e9gion NENA avancent dans le processus Ny\u00e9l\u00e9ni"},"content":{"rendered":"<p>Les 11 et 12 juin, 18 participants de l&rsquo;Alg\u00e9rie, de la Tunisie, du Maroc, de l&rsquo;\u00c9gypte, de la Palestine, du Liban, de l&rsquo;Iran, de l&rsquo;Irak et du Y\u00e9men se sont r\u00e9unis \u00e0 Istanbul. Les discussions ont \u00e9t\u00e9 lanc\u00e9es sur les besoins de la r\u00e9gion en mati\u00e8re de <span style=\"text-decoration: underline;\"><a href=\"https:\/\/www.foodsovereignty.org\/nyeleni-process\/\">souverainet\u00e9 alimentaire<\/a><\/span>, dans le cadre du <strong>processus Ny\u00e9l\u00e9ni<\/strong> avec la participation de La Via Campesina (Palestine), de la Marche Mondiale des Femmes, de HIC, de l&rsquo;Association \u00c9gyptienne pour les Droits Personnels, de la fondation al Aghsan pour le d\u00e9veloppement agricole et environnemental (Irak), du Centre pour l&rsquo;Environnement et le D\u00e9veloppement Durable (Iran), de l&rsquo;Association Environnement &amp; Protection de l&rsquo;Humain Ensemble (Irak), de Racine de la Terre et Justice Sociale (Tunisie), de l&rsquo;Association Tunisienne de D\u00e9veloppement, de Djazairouna (Alg\u00e9rie), du R\u00e9seau Nord-Africain pour la Souverainet\u00e9 Alimentaire Siyada (Maroc), de la Coop\u00e9rative Knitting Aunties (Liban), de Jeyetna (Liban) et d&rsquo;autres.<\/p>\n<p>La premi\u00e8re journ\u00e9e a \u00e9t\u00e9 marqu\u00e9e par de longues discussions autour des 6 principes Ny\u00e9l\u00e9ni, de leur signification, de leurs applications et de leurs effets sur les diff\u00e9rents contextes de la r\u00e9gion.<\/p>\n<p>Sur un plan plus pratique, la deuxi\u00e8me journ\u00e9e, les participants, divis\u00e9s en trois groupes, ont discut\u00e9 des probl\u00e8mes rencontr\u00e9s et des \u00e9tapes propos\u00e9es : Souverainet\u00e9 Alimentaire, Femmes et Souverainet\u00e9 Alimentaire, et Agenda de D\u00e9veloppement Durable.<\/p>\n<p>Les trois groupes ont propos\u00e9 le plan de travail suivant :<\/p>\n<p>&nbsp;<\/p>\n<h4><strong>Souverainet\u00e9 Alimentaire<\/strong><\/h4>\n<ol>\n<li>Analyse et \u00e9valuation des syst\u00e8mes de production alimentaire urbaine existants<\/li>\n<li>Sensibilisation aux m\u00e9thodes de production alimentaire et au commerce \u00e9quitable, conform\u00e9ment aux principes de souverainet\u00e9 alimentaire<\/li>\n<li>Renforcement des capacit\u00e9s, soutien technique et financier pour les initiatives populaires de production alimentaire durable<\/li>\n<\/ol>\n<p>&nbsp;<\/p>\n<h4><strong>Femmes et Souverainet\u00e9 Alimentaire<\/strong><\/h4>\n<ol>\n<li>Cr\u00e9ation d&rsquo;un r\u00e9seau de femmes r\u00e9unissant les pratiques agricoles et de transformation, bas\u00e9es sur les savoirs traditionnels et h\u00e9rit\u00e9s dans la r\u00e9gion<\/li>\n<li>\u00c9laboration d&rsquo;une carte des maladies li\u00e9es \u00e0 la sant\u00e9 dans le secteur agricole et les syst\u00e8mes alimentaires<\/li>\n<li>\u0152uvrer pour une protection sociale universelle, couvrant sp\u00e9cifiquement les femmes travaillant dans le secteur agricole, les petits agriculteurs et les agriculteurs familiaux.<\/li>\n<\/ol>\n<p>&nbsp;<\/p>\n<h4><strong>Agenda de D\u00e9veloppement Durable<\/strong><\/h4>\n<ol>\n<li>Cr\u00e9ation d&rsquo;un observatoire de la souverainet\u00e9 alimentaire (r\u00e9gional) en tant que forme de coordination.<\/li>\n<li>Surveillance des ravageurs agricoles qui affectent la production et de leur relation avec les syst\u00e8mes alimentaires dans la r\u00e9gion et leur relation avec les multinationales, li\u00e9e au changement climatique, et li\u00e9e aux semences locales indig\u00e8nes.<\/li>\n<li>R\u00e9vision des accords et politiques bilat\u00e9raux internationaux et r\u00e9gionaux en ligne avec la souverainet\u00e9 alimentaire et servant les int\u00e9r\u00eats de la r\u00e9gion.<\/li>\n<\/ol>\n<p>&nbsp;<\/p>\n<p>Enfin, il a \u00e9t\u00e9 convenu de r\u00e9diger une d\u00e9claration sur la guerre contre les peuples et la souverainet\u00e9 alimentaire, \u00e0 Gaza, au Liban, au Y\u00e9men, au Soudan, et il a \u00e9t\u00e9 sugg\u00e9r\u00e9 d&rsquo;avoir une \u00ab\u00a0tente de la Palestine\u00a0\u00bb lors de la r\u00e9union Ny\u00e9l\u00e9ni en Inde, dans laquelle nous pr\u00e9senterons toutes les id\u00e9es mentionn\u00e9es ci-dessus.<\/p>\n","protected":false},"excerpt":{"rendered":"<p>Les 11 et 12 juin, 18 participants de l&rsquo;Alg\u00e9rie, de la Tunisie, du Maroc, de l&rsquo;\u00c9gypte, de la Palestine, du Liban, de l&rsquo;Iran, de l&rsquo;Irak et du Y\u00e9men se sont r\u00e9unis \u00e0 Istanbul. Les discussions ont \u00e9t\u00e9 lanc\u00e9es sur les besoins de la r\u00e9gion en mati\u00e8re de souverainet\u00e9 alimentaire, dans le cadre du processus Ny\u00e9l\u00e9ni [&hellip;]<\/p>\n","protected":false},"author":7,"featured_media":3989,"comment_status":"closed","ping_status":"closed","sticky":false,"template":"","format":"standard","meta":{"_acf_changed":false,"footnotes":""},"categories":[57],"tags":[389],"class_list":["post-3993","post","type-post","status-publish","format-standard","has-post-thumbnail","hentry","category-nouvelles","tag-nyeleni-fr","regional_processes_tax-near-east-north-africa"],"acf":[],"yoast_head":"<!-- This site is optimized with the Yoast SEO plugin v27.5 - https:\/\/yoast.com\/product\/yoast-seo-wordpress\/ -->\n<title>La r\u00e9gion NENA avance dans le processus Ny\u00e9l\u00e9ni<\/title>\n<meta name=\"description\" content=\"18 participants de 9 pays se sont r\u00e9unis pour discuter des besoins de la r\u00e9gion dans le cadre du processus de Ny\u00e9l\u00e9ni.\" \/>\n<meta name=\"robots\" content=\"index, follow, max-snippet:-1, max-image-preview:large, max-video-preview:-1\" \/>\n<link rel=\"canonical\" href=\"https:\/\/www.foodsovereignty.org\/fr\/mouvements-dans-la-region-nena-avancent-dans-le-processus-nyeleni\/\" \/>\n<meta property=\"og:locale\" content=\"fr_FR\" \/>\n<meta property=\"og:type\" content=\"article\" \/>\n<meta property=\"og:title\" content=\"La r\u00e9gion NENA avance dans le processus Ny\u00e9l\u00e9ni\" \/>\n<meta property=\"og:description\" content=\"18 participants de 9 pays se sont r\u00e9unis pour discuter des besoins de la r\u00e9gion dans le cadre du processus de Ny\u00e9l\u00e9ni.\" \/>\n<meta property=\"og:url\" content=\"https:\/\/www.foodsovereignty.org\/fr\/mouvements-dans-la-region-nena-avancent-dans-le-processus-nyeleni\/\" \/>\n<meta property=\"og:site_name\" content=\"International Planning Committee for Food Sovereignty (IPC)\" \/>\n<meta property=\"article:published_time\" content=\"2024-08-09T10:21:31+00:00\" \/>\n<meta property=\"article:modified_time\" content=\"2024-08-09T10:21:33+00:00\" \/>\n<meta property=\"og:image\" content=\"https:\/\/www.foodsovereignty.org\/wp-content\/uploads\/2024\/08\/NENA-Nyeleni-Process-e1723198317586.jpg\" \/>\n\t<meta property=\"og:image:width\" content=\"1600\" \/>\n\t<meta property=\"og:image:height\" content=\"1200\" \/>\n\t<meta property=\"og:image:type\" content=\"image\/jpeg\" \/>\n<meta name=\"author\" content=\"IPC comms\" \/>\n<meta name=\"twitter:card\" content=\"summary_large_image\" \/>\n<meta name=\"twitter:label1\" content=\"\u00c9crit par\" \/>\n\t<meta name=\"twitter:data1\" content=\"IPC comms\" \/>\n\t<meta name=\"twitter:label2\" content=\"Dur\u00e9e de lecture estim\u00e9e\" \/>\n\t<meta name=\"twitter:data2\" content=\"3 minutes\" \/>\n<script type=\"application\/ld+json\" class=\"yoast-schema-graph\">{\"@context\":\"https:\\\/\\\/schema.org\",\"@graph\":[{\"@type\":\"Article\",\"@id\":\"https:\\\/\\\/www.foodsovereignty.org\\\/fr\\\/mouvements-dans-la-region-nena-avancent-dans-le-processus-nyeleni\\\/#article\",\"isPartOf\":{\"@id\":\"https:\\\/\\\/www.foodsovereignty.org\\\/fr\\\/mouvements-dans-la-region-nena-avancent-dans-le-processus-nyeleni\\\/\"},\"author\":{\"name\":\"IPC comms\",\"@id\":\"https:\\\/\\\/www.foodsovereignty.org\\\/fr\\\/#\\\/schema\\\/person\\\/c5d86d7101c42543207204332399e87e\"},\"headline\":\"Mouvements dans la r\u00e9gion NENA avancent dans le processus Ny\u00e9l\u00e9ni\",\"datePublished\":\"2024-08-09T10:21:31+00:00\",\"dateModified\":\"2024-08-09T10:21:33+00:00\",\"mainEntityOfPage\":{\"@id\":\"https:\\\/\\\/www.foodsovereignty.org\\\/fr\\\/mouvements-dans-la-region-nena-avancent-dans-le-processus-nyeleni\\\/\"},\"wordCount\":548,\"image\":{\"@id\":\"https:\\\/\\\/www.foodsovereignty.org\\\/fr\\\/mouvements-dans-la-region-nena-avancent-dans-le-processus-nyeleni\\\/#primaryimage\"},\"thumbnailUrl\":\"https:\\\/\\\/www.foodsovereignty.org\\\/wp-content\\\/uploads\\\/2024\\\/08\\\/NENA-Nyeleni-Process-e1723198317586.jpg\",\"keywords\":[\"Ny\u00e9l\u00e9ni\"],\"articleSection\":[\"Nouvelles\"],\"inLanguage\":\"fr-FR\"},{\"@type\":\"WebPage\",\"@id\":\"https:\\\/\\\/www.foodsovereignty.org\\\/fr\\\/mouvements-dans-la-region-nena-avancent-dans-le-processus-nyeleni\\\/\",\"url\":\"https:\\\/\\\/www.foodsovereignty.org\\\/fr\\\/mouvements-dans-la-region-nena-avancent-dans-le-processus-nyeleni\\\/\",\"name\":\"La r\u00e9gion NENA avance dans le processus Ny\u00e9l\u00e9ni\",\"isPartOf\":{\"@id\":\"https:\\\/\\\/www.foodsovereignty.org\\\/fr\\\/#website\"},\"primaryImageOfPage\":{\"@id\":\"https:\\\/\\\/www.foodsovereignty.org\\\/fr\\\/mouvements-dans-la-region-nena-avancent-dans-le-processus-nyeleni\\\/#primaryimage\"},\"image\":{\"@id\":\"https:\\\/\\\/www.foodsovereignty.org\\\/fr\\\/mouvements-dans-la-region-nena-avancent-dans-le-processus-nyeleni\\\/#primaryimage\"},\"thumbnailUrl\":\"https:\\\/\\\/www.foodsovereignty.org\\\/wp-content\\\/uploads\\\/2024\\\/08\\\/NENA-Nyeleni-Process-e1723198317586.jpg\",\"datePublished\":\"2024-08-09T10:21:31+00:00\",\"dateModified\":\"2024-08-09T10:21:33+00:00\",\"author\":{\"@id\":\"https:\\\/\\\/www.foodsovereignty.org\\\/fr\\\/#\\\/schema\\\/person\\\/c5d86d7101c42543207204332399e87e\"},\"description\":\"18 participants de 9 pays se sont r\u00e9unis pour discuter des besoins de la r\u00e9gion dans le cadre du processus de Ny\u00e9l\u00e9ni.\",\"breadcrumb\":{\"@id\":\"https:\\\/\\\/www.foodsovereignty.org\\\/fr\\\/mouvements-dans-la-region-nena-avancent-dans-le-processus-nyeleni\\\/#breadcrumb\"},\"inLanguage\":\"fr-FR\",\"potentialAction\":[{\"@type\":\"ReadAction\",\"target\":[\"https:\\\/\\\/www.foodsovereignty.org\\\/fr\\\/mouvements-dans-la-region-nena-avancent-dans-le-processus-nyeleni\\\/\"]}]},{\"@type\":\"ImageObject\",\"inLanguage\":\"fr-FR\",\"@id\":\"https:\\\/\\\/www.foodsovereignty.org\\\/fr\\\/mouvements-dans-la-region-nena-avancent-dans-le-processus-nyeleni\\\/#primaryimage\",\"url\":\"https:\\\/\\\/www.foodsovereignty.org\\\/wp-content\\\/uploads\\\/2024\\\/08\\\/NENA-Nyeleni-Process-e1723198317586.jpg\",\"contentUrl\":\"https:\\\/\\\/www.foodsovereignty.org\\\/wp-content\\\/uploads\\\/2024\\\/08\\\/NENA-Nyeleni-Process-e1723198317586.jpg\",\"width\":1600,\"height\":1200,\"caption\":\"NENA Nyeleni Process\"},{\"@type\":\"BreadcrumbList\",\"@id\":\"https:\\\/\\\/www.foodsovereignty.org\\\/fr\\\/mouvements-dans-la-region-nena-avancent-dans-le-processus-nyeleni\\\/#breadcrumb\",\"itemListElement\":[{\"@type\":\"ListItem\",\"position\":1,\"name\":\"Home\",\"item\":\"https:\\\/\\\/www.foodsovereignty.org\\\/fr\\\/\"},{\"@type\":\"ListItem\",\"position\":2,\"name\":\"Mouvements dans la r\u00e9gion NENA avancent dans le processus Ny\u00e9l\u00e9ni\"}]},{\"@type\":\"WebSite\",\"@id\":\"https:\\\/\\\/www.foodsovereignty.org\\\/fr\\\/#website\",\"url\":\"https:\\\/\\\/www.foodsovereignty.org\\\/fr\\\/\",\"name\":\"International Planning Committee for Food Sovereignty (IPC)\",\"description\":\"\",\"potentialAction\":[{\"@type\":\"SearchAction\",\"target\":{\"@type\":\"EntryPoint\",\"urlTemplate\":\"https:\\\/\\\/www.foodsovereignty.org\\\/fr\\\/?s={search_term_string}\"},\"query-input\":{\"@type\":\"PropertyValueSpecification\",\"valueRequired\":true,\"valueName\":\"search_term_string\"}}],\"inLanguage\":\"fr-FR\"},{\"@type\":\"Person\",\"@id\":\"https:\\\/\\\/www.foodsovereignty.org\\\/fr\\\/#\\\/schema\\\/person\\\/c5d86d7101c42543207204332399e87e\",\"name\":\"IPC comms\",\"image\":{\"@type\":\"ImageObject\",\"inLanguage\":\"fr-FR\",\"@id\":\"https:\\\/\\\/secure.gravatar.com\\\/avatar\\\/383f0d7b56f08da80de57d5d3281a5757594759261b9b8cdeb29616624681e03?s=96&d=mm&r=g\",\"url\":\"https:\\\/\\\/secure.gravatar.com\\\/avatar\\\/383f0d7b56f08da80de57d5d3281a5757594759261b9b8cdeb29616624681e03?s=96&d=mm&r=g\",\"contentUrl\":\"https:\\\/\\\/secure.gravatar.com\\\/avatar\\\/383f0d7b56f08da80de57d5d3281a5757594759261b9b8cdeb29616624681e03?s=96&d=mm&r=g\",\"caption\":\"IPC comms\"},\"url\":\"https:\\\/\\\/www.foodsovereignty.org\\\/fr\\\/author\\\/ipc-comms\\\/\"}]}<\/script>\n<!-- \/ Yoast SEO plugin. -->","yoast_head_json":{"title":"La r\u00e9gion NENA avance dans le processus Ny\u00e9l\u00e9ni","description":"18 participants de 9 pays se sont r\u00e9unis pour discuter des besoins de la r\u00e9gion dans le cadre du processus de Ny\u00e9l\u00e9ni.","robots":{"index":"index","follow":"follow","max-snippet":"max-snippet:-1","max-image-preview":"max-image-preview:large","max-video-preview":"max-video-preview:-1"},"canonical":"https:\/\/www.foodsovereignty.org\/fr\/mouvements-dans-la-region-nena-avancent-dans-le-processus-nyeleni\/","og_locale":"fr_FR","og_type":"article","og_title":"La r\u00e9gion NENA avance dans le processus Ny\u00e9l\u00e9ni","og_description":"18 participants de 9 pays se sont r\u00e9unis pour discuter des besoins de la r\u00e9gion dans le cadre du processus de Ny\u00e9l\u00e9ni.","og_url":"https:\/\/www.foodsovereignty.org\/fr\/mouvements-dans-la-region-nena-avancent-dans-le-processus-nyeleni\/","og_site_name":"International Planning Committee for Food Sovereignty (IPC)","article_published_time":"2024-08-09T10:21:31+00:00","article_modified_time":"2024-08-09T10:21:33+00:00","og_image":[{"width":1600,"height":1200,"url":"https:\/\/www.foodsovereignty.org\/wp-content\/uploads\/2024\/08\/NENA-Nyeleni-Process-e1723198317586.jpg","type":"image\/jpeg"}],"author":"IPC comms","twitter_card":"summary_large_image","twitter_misc":{"\u00c9crit par":"IPC comms","Dur\u00e9e de lecture estim\u00e9e":"3 minutes"},"schema":{"@context":"https:\/\/schema.org","@graph":[{"@type":"Article","@id":"https:\/\/www.foodsovereignty.org\/fr\/mouvements-dans-la-region-nena-avancent-dans-le-processus-nyeleni\/#article","isPartOf":{"@id":"https:\/\/www.foodsovereignty.org\/fr\/mouvements-dans-la-region-nena-avancent-dans-le-processus-nyeleni\/"},"author":{"name":"IPC comms","@id":"https:\/\/www.foodsovereignty.org\/fr\/#\/schema\/person\/c5d86d7101c42543207204332399e87e"},"headline":"Mouvements dans la r\u00e9gion NENA avancent dans le processus Ny\u00e9l\u00e9ni","datePublished":"2024-08-09T10:21:31+00:00","dateModified":"2024-08-09T10:21:33+00:00","mainEntityOfPage":{"@id":"https:\/\/www.foodsovereignty.org\/fr\/mouvements-dans-la-region-nena-avancent-dans-le-processus-nyeleni\/"},"wordCount":548,"image":{"@id":"https:\/\/www.foodsovereignty.org\/fr\/mouvements-dans-la-region-nena-avancent-dans-le-processus-nyeleni\/#primaryimage"},"thumbnailUrl":"https:\/\/www.foodsovereignty.org\/wp-content\/uploads\/2024\/08\/NENA-Nyeleni-Process-e1723198317586.jpg","keywords":["Ny\u00e9l\u00e9ni"],"articleSection":["Nouvelles"],"inLanguage":"fr-FR"},{"@type":"WebPage","@id":"https:\/\/www.foodsovereignty.org\/fr\/mouvements-dans-la-region-nena-avancent-dans-le-processus-nyeleni\/","url":"https:\/\/www.foodsovereignty.org\/fr\/mouvements-dans-la-region-nena-avancent-dans-le-processus-nyeleni\/","name":"La r\u00e9gion NENA avance dans le processus Ny\u00e9l\u00e9ni","isPartOf":{"@id":"https:\/\/www.foodsovereignty.org\/fr\/#website"},"primaryImageOfPage":{"@id":"https:\/\/www.foodsovereignty.org\/fr\/mouvements-dans-la-region-nena-avancent-dans-le-processus-nyeleni\/#primaryimage"},"image":{"@id":"https:\/\/www.foodsovereignty.org\/fr\/mouvements-dans-la-region-nena-avancent-dans-le-processus-nyeleni\/#primaryimage"},"thumbnailUrl":"https:\/\/www.foodsovereignty.org\/wp-content\/uploads\/2024\/08\/NENA-Nyeleni-Process-e1723198317586.jpg","datePublished":"2024-08-09T10:21:31+00:00","dateModified":"2024-08-09T10:21:33+00:00","author":{"@id":"https:\/\/www.foodsovereignty.org\/fr\/#\/schema\/person\/c5d86d7101c42543207204332399e87e"},"description":"18 participants de 9 pays se sont r\u00e9unis pour discuter des besoins de la r\u00e9gion dans le cadre du processus de Ny\u00e9l\u00e9ni.","breadcrumb":{"@id":"https:\/\/www.foodsovereignty.org\/fr\/mouvements-dans-la-region-nena-avancent-dans-le-processus-nyeleni\/#breadcrumb"},"inLanguage":"fr-FR","potentialAction":[{"@type":"ReadAction","target":["https:\/\/www.foodsovereignty.org\/fr\/mouvements-dans-la-region-nena-avancent-dans-le-processus-nyeleni\/"]}]},{"@type":"ImageObject","inLanguage":"fr-FR","@id":"https:\/\/www.foodsovereignty.org\/fr\/mouvements-dans-la-region-nena-avancent-dans-le-processus-nyeleni\/#primaryimage","url":"https:\/\/www.foodsovereignty.org\/wp-content\/uploads\/2024\/08\/NENA-Nyeleni-Process-e1723198317586.jpg","contentUrl":"https:\/\/www.foodsovereignty.org\/wp-content\/uploads\/2024\/08\/NENA-Nyeleni-Process-e1723198317586.jpg","width":1600,"height":1200,"caption":"NENA Nyeleni Process"},{"@type":"BreadcrumbList","@id":"https:\/\/www.foodsovereignty.org\/fr\/mouvements-dans-la-region-nena-avancent-dans-le-processus-nyeleni\/#breadcrumb","itemListElement":[{"@type":"ListItem","position":1,"name":"Home","item":"https:\/\/www.foodsovereignty.org\/fr\/"},{"@type":"ListItem","position":2,"name":"Mouvements dans la r\u00e9gion NENA avancent dans le processus Ny\u00e9l\u00e9ni"}]},{"@type":"WebSite","@id":"https:\/\/www.foodsovereignty.org\/fr\/#website","url":"https:\/\/www.foodsovereignty.org\/fr\/","name":"International Planning Committee for Food Sovereignty (IPC)","description":"","potentialAction":[{"@type":"SearchAction","target":{"@type":"EntryPoint","urlTemplate":"https:\/\/www.foodsovereignty.org\/fr\/?s={search_term_string}"},"query-input":{"@type":"PropertyValueSpecification","valueRequired":true,"valueName":"search_term_string"}}],"inLanguage":"fr-FR"},{"@type":"Person","@id":"https:\/\/www.foodsovereignty.org\/fr\/#\/schema\/person\/c5d86d7101c42543207204332399e87e","name":"IPC comms","image":{"@type":"ImageObject","inLanguage":"fr-FR","@id":"https:\/\/secure.gravatar.com\/avatar\/383f0d7b56f08da80de57d5d3281a5757594759261b9b8cdeb29616624681e03?s=96&d=mm&r=g","url":"https:\/\/secure.gravatar.com\/avatar\/383f0d7b56f08da80de57d5d3281a5757594759261b9b8cdeb29616624681e03?s=96&d=mm&r=g","contentUrl":"https:\/\/secure.gravatar.com\/avatar\/383f0d7b56f08da80de57d5d3281a5757594759261b9b8cdeb29616624681e03?s=96&d=mm&r=g","caption":"IPC comms"},"url":"https:\/\/www.foodsovereignty.org\/fr\/author\/ipc-comms\/"}]}},"_links":{"self":[{"href":"https:\/\/www.foodsovereignty.org\/fr\/wp-json\/wp\/v2\/posts\/3993","targetHints":{"allow":["GET"]}}],"collection":[{"href":"https:\/\/www.foodsovereignty.org\/fr\/wp-json\/wp\/v2\/posts"}],"about":[{"href":"https:\/\/www.foodsovereignty.org\/fr\/wp-json\/wp\/v2\/types\/post"}],"author":[{"embeddable":true,"href":"https:\/\/www.foodsovereignty.org\/fr\/wp-json\/wp\/v2\/users\/7"}],"replies":[{"embeddable":true,"href":"https:\/\/www.foodsovereignty.org\/fr\/wp-json\/wp\/v2\/comments?post=3993"}],"version-history":[{"count":1,"href":"https:\/\/www.foodsovereignty.org\/fr\/wp-json\/wp\/v2\/posts\/3993\/revisions"}],"predecessor-version":[{"id":3994,"href":"https:\/\/www.foodsovereignty.org\/fr\/wp-json\/wp\/v2\/posts\/3993\/revisions\/3994"}],"wp:featuredmedia":[{"embeddable":true,"href":"https:\/\/www.foodsovereignty.org\/fr\/wp-json\/wp\/v2\/media\/3989"}],"wp:attachment":[{"href":"https:\/\/www.foodsovereignty.org\/fr\/wp-json\/wp\/v2\/media?parent=3993"}],"wp:term":[{"taxonomy":"category","embeddable":true,"href":"https:\/\/www.foodsovereignty.org\/fr\/wp-json\/wp\/v2\/categories?post=3993"},{"taxonomy":"post_tag","embeddable":true,"href":"https:\/\/www.foodsovereignty.org\/fr\/wp-json\/wp\/v2\/tags?post=3993"}],"curies":[{"name":"wp","href":"https:\/\/api.w.org\/{rel}","templated":true}]}}