{"id":4122,"date":"2024-10-15T16:18:22","date_gmt":"2024-10-15T16:18:22","guid":{"rendered":"https:\/\/www.foodsovereignty.org\/?p=4122"},"modified":"2024-10-15T16:18:23","modified_gmt":"2024-10-15T16:18:23","slug":"participez-au-lancement-du-3e-forum-mondial-de-nyeleni","status":"publish","type":"post","link":"https:\/\/www.foodsovereignty.org\/fr\/participez-au-lancement-du-3e-forum-mondial-de-nyeleni\/","title":{"rendered":"Participez au lancement du 3e Forum mondial de Ny\u00e9l\u00e9ni!"},"content":{"rendered":"<p>Voir les instructions pour participer au lancement mondial du prochain Forum mondial de Ny\u00e9l\u00e9ni !<\/p>\n<p>&nbsp;<\/p>\n<p><strong>Quoi?<\/strong><\/p>\n<p>Lancement du 3\u00e8me Forum Global Ny\u00e9l\u00e9ni : Un \u00e9v\u00e9nement pour raviver l&rsquo;agenda de la souverainet\u00e9 alimentaire et de la justice sociale, rassemblant des secteurs divers luttant pour une transformation syst\u00e9mique.<\/p>\n<p>&nbsp;<\/p>\n<p><strong>O\u00f9?<\/strong><\/p>\n<p>Diffusion en direct sur nos r\u00e9seaux sociaux :<\/p>\n<p>Facebook \u2b95 <a href=\"https:\/\/www.facebook.com\/ipc.foodsovereignty\">@ipc.foodsovereignty<\/a><br \/>\nTwitter \u2b95 <a href=\"https:\/\/x.com\/IPCSovereignty\">@IPCSovereignty<\/a><br \/>\nYouTube \u2b95 <a href=\"https:\/\/www.youtube.com\/@NyeleniGlobalForum\">@NyeleniGlobalForum<\/a><\/p>\n<p>&nbsp;<\/p>\n<p><strong>Quand?<\/strong><\/p>\n<p>16 octobre \u00e0 17h30 UTC. Trouvez votre heure locale <a href=\"https:\/\/www.timeanddate.com\/worldclock\/fixedtime.html?iso=20241016T1730&amp;p1=1440\"><span style=\"text-decoration: underline;\">ici<\/span><\/a>.<\/p>\n<p>&nbsp;<\/p>\n<h3>Le ch\u0153ur pour une &lsquo;transformation syst\u00e9mique&rsquo; s&rsquo;intensifie, \u00e0 l&rsquo;approche de la rencontre la plus diverse au monde de travailleur\u00b7euses et de producteur\u00b7trices alimentaires<\/h3>\n<p>Dans un contexte de crises profondes et interconnect\u00e9es, il est essentiel d\u2019unir nos forces. Ce syst\u00e8me nous a tous fait d\u00e9faut, mais nous avons toujours \u00e9t\u00e9\u2014et continuons d\u2019\u00eatre\u2014la solution. Nous cultivons la diversit\u00e9, prenons soin de la terre et de l\u2019eau, construisons des r\u00e9seaux de solidarit\u00e9 et prot\u00e9geons le climat ainsi que la sant\u00e9 de tous les \u00eatres vivants. Jusqu&rsquo;\u00e0 pr\u00e9sent, le processus Ny\u00e9l\u00e9ni a rassembl\u00e9 des producteur\u00b7trices alimentaires \u00e0 petite \u00e9chelle, y compris des paysan\u00b7nes, des p\u00eacheur\u00b7euses et des pastoralistes, aux c\u00f4t\u00e9s des Peuples Autochtones, des groupes f\u00e9ministes, des communaut\u00e9s racialis\u00e9es et des d\u00e9fenseur\u00b7euses des droits humains \u00e0 travers le monde. Aujourd\u2019hui est le moment de renforcer nos alliances et de faire front commun avec d&rsquo;autres secteurs et tous celleux qui r\u00e9sistent \u00e0 l&rsquo;oppression de ce syst\u00e8me. Nous avons la chance de renverser la situation. Le temps est venu d&rsquo;arr\u00eater cette spirale descendante, et nous ne pouvons plus nous permettre de rester isol\u00e9s dans nos organisations locales ou secteurs et de lutter seul\u00b7es. Nous devons nous unir, apporter nos id\u00e9es \u00e0 la table, et faire entendre notre voix par ceux qui d\u00e9tiennent le pouvoir. Le 3\u00e8me Forum Global Ny\u00e9l\u00e9ni offrira l&rsquo;\u00e9lan et la plateforme n\u00e9cessaires pour rassembler les mouvements sociaux et les luttes du monde entier, afin de construire une agenda politique commun, des strat\u00e9gies et des modes d&rsquo;action visant \u00e0 r\u00e9aliser la justice pour tou\u00b7tes.<br \/>\nLa transformation syst\u00e9mique est MAINTENANT ou JAMAIS!<\/p>\n","protected":false},"excerpt":{"rendered":"<p>Voir les instructions pour participer au lancement mondial du prochain Forum mondial de Ny\u00e9l\u00e9ni ! &nbsp; Quoi? Lancement du 3\u00e8me Forum Global Ny\u00e9l\u00e9ni : Un \u00e9v\u00e9nement pour raviver l&rsquo;agenda de la souverainet\u00e9 alimentaire et de la justice sociale, rassemblant des secteurs divers luttant pour une transformation syst\u00e9mique. &nbsp; O\u00f9? Diffusion en direct sur nos r\u00e9seaux [&hellip;]<\/p>\n","protected":false},"author":7,"featured_media":4119,"comment_status":"closed","ping_status":"closed","sticky":false,"template":"","format":"standard","meta":{"_acf_changed":false,"footnotes":""},"categories":[57],"tags":[392],"class_list":["post-4122","post","type-post","status-publish","format-standard","has-post-thumbnail","hentry","category-nouvelles","tag-forum-mondial-nyeleni","regional_processes_tax-africa","regional_processes_tax-asia-pacific","regional_processes_tax-europe-central-asia","regional_processes_tax-latin-america-caribbean","regional_processes_tax-near-east-north-africa","regional_processes_tax-north-america","working_groups_tax-agricultural-biodiversity","working_groups_tax-agroecology","working_groups_tax-fisheries","working_groups_tax-indigenous-peoples","working_groups_tax-jovenes","working_groups_tax-land-forests-water-and-territory"],"acf":[],"yoast_head":"<!-- This site is optimized with the Yoast SEO plugin v27.4 - https:\/\/yoast.com\/product\/yoast-seo-wordpress\/ -->\n<title>Participez au lancement du 3e Forum mondial de Ny\u00e9l\u00e9ni!<\/title>\n<meta name=\"description\" content=\"Lancement du 3\u00e8me Forum mondial de Ny\u00e9l\u00e9ni : Un \u00e9v\u00e9nement pour relancer l&#039;agenda de la souverainet\u00e9 alimentaire et de la justice sociale\" \/>\n<meta name=\"robots\" content=\"index, follow, max-snippet:-1, max-image-preview:large, max-video-preview:-1\" \/>\n<link rel=\"canonical\" href=\"https:\/\/www.foodsovereignty.org\/fr\/participez-au-lancement-du-3e-forum-mondial-de-nyeleni\/\" \/>\n<meta property=\"og:locale\" content=\"fr_FR\" \/>\n<meta property=\"og:type\" content=\"article\" \/>\n<meta property=\"og:title\" content=\"Participez au lancement du 3e Forum mondial de Ny\u00e9l\u00e9ni!\" \/>\n<meta property=\"og:description\" content=\"Lancement du 3\u00e8me Forum mondial de Ny\u00e9l\u00e9ni : Un \u00e9v\u00e9nement pour relancer l&#039;agenda de la souverainet\u00e9 alimentaire et de la justice sociale\" \/>\n<meta property=\"og:url\" content=\"https:\/\/www.foodsovereignty.org\/fr\/participez-au-lancement-du-3e-forum-mondial-de-nyeleni\/\" \/>\n<meta property=\"og:site_name\" content=\"International Planning Committee for Food Sovereignty (IPC)\" \/>\n<meta property=\"article:published_time\" content=\"2024-10-15T16:18:22+00:00\" \/>\n<meta property=\"article:modified_time\" content=\"2024-10-15T16:18:23+00:00\" \/>\n<meta property=\"og:image\" content=\"https:\/\/www.foodsovereignty.org\/wp-content\/uploads\/2024\/10\/Nyeleni-Pic_India.jpg\" \/>\n\t<meta property=\"og:image:width\" content=\"1280\" \/>\n\t<meta property=\"og:image:height\" content=\"770\" \/>\n\t<meta property=\"og:image:type\" content=\"image\/jpeg\" \/>\n<meta name=\"author\" content=\"IPC comms\" \/>\n<meta name=\"twitter:card\" content=\"summary_large_image\" \/>\n<meta name=\"twitter:label1\" content=\"\u00c9crit par\" \/>\n\t<meta name=\"twitter:data1\" content=\"IPC comms\" \/>\n\t<meta name=\"twitter:label2\" content=\"Dur\u00e9e de lecture estim\u00e9e\" \/>\n\t<meta name=\"twitter:data2\" content=\"2 minutes\" \/>\n<script type=\"application\/ld+json\" class=\"yoast-schema-graph\">{\"@context\":\"https:\\\/\\\/schema.org\",\"@graph\":[{\"@type\":\"Article\",\"@id\":\"https:\\\/\\\/www.foodsovereignty.org\\\/fr\\\/participez-au-lancement-du-3e-forum-mondial-de-nyeleni\\\/#article\",\"isPartOf\":{\"@id\":\"https:\\\/\\\/www.foodsovereignty.org\\\/fr\\\/participez-au-lancement-du-3e-forum-mondial-de-nyeleni\\\/\"},\"author\":{\"name\":\"IPC comms\",\"@id\":\"https:\\\/\\\/www.foodsovereignty.org\\\/fr\\\/#\\\/schema\\\/person\\\/c5d86d7101c42543207204332399e87e\"},\"headline\":\"Participez au lancement du 3e Forum mondial de Ny\u00e9l\u00e9ni!\",\"datePublished\":\"2024-10-15T16:18:22+00:00\",\"dateModified\":\"2024-10-15T16:18:23+00:00\",\"mainEntityOfPage\":{\"@id\":\"https:\\\/\\\/www.foodsovereignty.org\\\/fr\\\/participez-au-lancement-du-3e-forum-mondial-de-nyeleni\\\/\"},\"wordCount\":392,\"image\":{\"@id\":\"https:\\\/\\\/www.foodsovereignty.org\\\/fr\\\/participez-au-lancement-du-3e-forum-mondial-de-nyeleni\\\/#primaryimage\"},\"thumbnailUrl\":\"https:\\\/\\\/www.foodsovereignty.org\\\/wp-content\\\/uploads\\\/2024\\\/10\\\/Nyeleni-Pic_India.jpg\",\"keywords\":[\"forum mondial Ny\u00e9l\u00e9ni\"],\"articleSection\":[\"Nouvelles\"],\"inLanguage\":\"fr-FR\"},{\"@type\":\"WebPage\",\"@id\":\"https:\\\/\\\/www.foodsovereignty.org\\\/fr\\\/participez-au-lancement-du-3e-forum-mondial-de-nyeleni\\\/\",\"url\":\"https:\\\/\\\/www.foodsovereignty.org\\\/fr\\\/participez-au-lancement-du-3e-forum-mondial-de-nyeleni\\\/\",\"name\":\"Participez au lancement du 3e Forum mondial de Ny\u00e9l\u00e9ni!\",\"isPartOf\":{\"@id\":\"https:\\\/\\\/www.foodsovereignty.org\\\/fr\\\/#website\"},\"primaryImageOfPage\":{\"@id\":\"https:\\\/\\\/www.foodsovereignty.org\\\/fr\\\/participez-au-lancement-du-3e-forum-mondial-de-nyeleni\\\/#primaryimage\"},\"image\":{\"@id\":\"https:\\\/\\\/www.foodsovereignty.org\\\/fr\\\/participez-au-lancement-du-3e-forum-mondial-de-nyeleni\\\/#primaryimage\"},\"thumbnailUrl\":\"https:\\\/\\\/www.foodsovereignty.org\\\/wp-content\\\/uploads\\\/2024\\\/10\\\/Nyeleni-Pic_India.jpg\",\"datePublished\":\"2024-10-15T16:18:22+00:00\",\"dateModified\":\"2024-10-15T16:18:23+00:00\",\"author\":{\"@id\":\"https:\\\/\\\/www.foodsovereignty.org\\\/fr\\\/#\\\/schema\\\/person\\\/c5d86d7101c42543207204332399e87e\"},\"description\":\"Lancement du 3\u00e8me Forum mondial de Ny\u00e9l\u00e9ni : Un \u00e9v\u00e9nement pour relancer l'agenda de la souverainet\u00e9 alimentaire et de la justice sociale\",\"breadcrumb\":{\"@id\":\"https:\\\/\\\/www.foodsovereignty.org\\\/fr\\\/participez-au-lancement-du-3e-forum-mondial-de-nyeleni\\\/#breadcrumb\"},\"inLanguage\":\"fr-FR\",\"potentialAction\":[{\"@type\":\"ReadAction\",\"target\":[\"https:\\\/\\\/www.foodsovereignty.org\\\/fr\\\/participez-au-lancement-du-3e-forum-mondial-de-nyeleni\\\/\"]}]},{\"@type\":\"ImageObject\",\"inLanguage\":\"fr-FR\",\"@id\":\"https:\\\/\\\/www.foodsovereignty.org\\\/fr\\\/participez-au-lancement-du-3e-forum-mondial-de-nyeleni\\\/#primaryimage\",\"url\":\"https:\\\/\\\/www.foodsovereignty.org\\\/wp-content\\\/uploads\\\/2024\\\/10\\\/Nyeleni-Pic_India.jpg\",\"contentUrl\":\"https:\\\/\\\/www.foodsovereignty.org\\\/wp-content\\\/uploads\\\/2024\\\/10\\\/Nyeleni-Pic_India.jpg\",\"width\":1280,\"height\":770},{\"@type\":\"BreadcrumbList\",\"@id\":\"https:\\\/\\\/www.foodsovereignty.org\\\/fr\\\/participez-au-lancement-du-3e-forum-mondial-de-nyeleni\\\/#breadcrumb\",\"itemListElement\":[{\"@type\":\"ListItem\",\"position\":1,\"name\":\"Home\",\"item\":\"https:\\\/\\\/www.foodsovereignty.org\\\/fr\\\/\"},{\"@type\":\"ListItem\",\"position\":2,\"name\":\"Participez au lancement du 3e Forum mondial de Ny\u00e9l\u00e9ni!\"}]},{\"@type\":\"WebSite\",\"@id\":\"https:\\\/\\\/www.foodsovereignty.org\\\/fr\\\/#website\",\"url\":\"https:\\\/\\\/www.foodsovereignty.org\\\/fr\\\/\",\"name\":\"International Planning Committee for Food Sovereignty (IPC)\",\"description\":\"\",\"potentialAction\":[{\"@type\":\"SearchAction\",\"target\":{\"@type\":\"EntryPoint\",\"urlTemplate\":\"https:\\\/\\\/www.foodsovereignty.org\\\/fr\\\/?s={search_term_string}\"},\"query-input\":{\"@type\":\"PropertyValueSpecification\",\"valueRequired\":true,\"valueName\":\"search_term_string\"}}],\"inLanguage\":\"fr-FR\"},{\"@type\":\"Person\",\"@id\":\"https:\\\/\\\/www.foodsovereignty.org\\\/fr\\\/#\\\/schema\\\/person\\\/c5d86d7101c42543207204332399e87e\",\"name\":\"IPC comms\",\"image\":{\"@type\":\"ImageObject\",\"inLanguage\":\"fr-FR\",\"@id\":\"https:\\\/\\\/secure.gravatar.com\\\/avatar\\\/383f0d7b56f08da80de57d5d3281a5757594759261b9b8cdeb29616624681e03?s=96&d=mm&r=g\",\"url\":\"https:\\\/\\\/secure.gravatar.com\\\/avatar\\\/383f0d7b56f08da80de57d5d3281a5757594759261b9b8cdeb29616624681e03?s=96&d=mm&r=g\",\"contentUrl\":\"https:\\\/\\\/secure.gravatar.com\\\/avatar\\\/383f0d7b56f08da80de57d5d3281a5757594759261b9b8cdeb29616624681e03?s=96&d=mm&r=g\",\"caption\":\"IPC comms\"},\"url\":\"https:\\\/\\\/www.foodsovereignty.org\\\/fr\\\/author\\\/ipc-comms\\\/\"}]}<\/script>\n<!-- \/ Yoast SEO plugin. -->","yoast_head_json":{"title":"Participez au lancement du 3e Forum mondial de Ny\u00e9l\u00e9ni!","description":"Lancement du 3\u00e8me Forum mondial de Ny\u00e9l\u00e9ni : Un \u00e9v\u00e9nement pour relancer l'agenda de la souverainet\u00e9 alimentaire et de la justice sociale","robots":{"index":"index","follow":"follow","max-snippet":"max-snippet:-1","max-image-preview":"max-image-preview:large","max-video-preview":"max-video-preview:-1"},"canonical":"https:\/\/www.foodsovereignty.org\/fr\/participez-au-lancement-du-3e-forum-mondial-de-nyeleni\/","og_locale":"fr_FR","og_type":"article","og_title":"Participez au lancement du 3e Forum mondial de Ny\u00e9l\u00e9ni!","og_description":"Lancement du 3\u00e8me Forum mondial de Ny\u00e9l\u00e9ni : Un \u00e9v\u00e9nement pour relancer l'agenda de la souverainet\u00e9 alimentaire et de la justice sociale","og_url":"https:\/\/www.foodsovereignty.org\/fr\/participez-au-lancement-du-3e-forum-mondial-de-nyeleni\/","og_site_name":"International Planning Committee for Food Sovereignty (IPC)","article_published_time":"2024-10-15T16:18:22+00:00","article_modified_time":"2024-10-15T16:18:23+00:00","og_image":[{"width":1280,"height":770,"url":"https:\/\/www.foodsovereignty.org\/wp-content\/uploads\/2024\/10\/Nyeleni-Pic_India.jpg","type":"image\/jpeg"}],"author":"IPC comms","twitter_card":"summary_large_image","twitter_misc":{"\u00c9crit par":"IPC comms","Dur\u00e9e de lecture estim\u00e9e":"2 minutes"},"schema":{"@context":"https:\/\/schema.org","@graph":[{"@type":"Article","@id":"https:\/\/www.foodsovereignty.org\/fr\/participez-au-lancement-du-3e-forum-mondial-de-nyeleni\/#article","isPartOf":{"@id":"https:\/\/www.foodsovereignty.org\/fr\/participez-au-lancement-du-3e-forum-mondial-de-nyeleni\/"},"author":{"name":"IPC comms","@id":"https:\/\/www.foodsovereignty.org\/fr\/#\/schema\/person\/c5d86d7101c42543207204332399e87e"},"headline":"Participez au lancement du 3e Forum mondial de Ny\u00e9l\u00e9ni!","datePublished":"2024-10-15T16:18:22+00:00","dateModified":"2024-10-15T16:18:23+00:00","mainEntityOfPage":{"@id":"https:\/\/www.foodsovereignty.org\/fr\/participez-au-lancement-du-3e-forum-mondial-de-nyeleni\/"},"wordCount":392,"image":{"@id":"https:\/\/www.foodsovereignty.org\/fr\/participez-au-lancement-du-3e-forum-mondial-de-nyeleni\/#primaryimage"},"thumbnailUrl":"https:\/\/www.foodsovereignty.org\/wp-content\/uploads\/2024\/10\/Nyeleni-Pic_India.jpg","keywords":["forum mondial Ny\u00e9l\u00e9ni"],"articleSection":["Nouvelles"],"inLanguage":"fr-FR"},{"@type":"WebPage","@id":"https:\/\/www.foodsovereignty.org\/fr\/participez-au-lancement-du-3e-forum-mondial-de-nyeleni\/","url":"https:\/\/www.foodsovereignty.org\/fr\/participez-au-lancement-du-3e-forum-mondial-de-nyeleni\/","name":"Participez au lancement du 3e Forum mondial de Ny\u00e9l\u00e9ni!","isPartOf":{"@id":"https:\/\/www.foodsovereignty.org\/fr\/#website"},"primaryImageOfPage":{"@id":"https:\/\/www.foodsovereignty.org\/fr\/participez-au-lancement-du-3e-forum-mondial-de-nyeleni\/#primaryimage"},"image":{"@id":"https:\/\/www.foodsovereignty.org\/fr\/participez-au-lancement-du-3e-forum-mondial-de-nyeleni\/#primaryimage"},"thumbnailUrl":"https:\/\/www.foodsovereignty.org\/wp-content\/uploads\/2024\/10\/Nyeleni-Pic_India.jpg","datePublished":"2024-10-15T16:18:22+00:00","dateModified":"2024-10-15T16:18:23+00:00","author":{"@id":"https:\/\/www.foodsovereignty.org\/fr\/#\/schema\/person\/c5d86d7101c42543207204332399e87e"},"description":"Lancement du 3\u00e8me Forum mondial de Ny\u00e9l\u00e9ni : Un \u00e9v\u00e9nement pour relancer l'agenda de la souverainet\u00e9 alimentaire et de la justice sociale","breadcrumb":{"@id":"https:\/\/www.foodsovereignty.org\/fr\/participez-au-lancement-du-3e-forum-mondial-de-nyeleni\/#breadcrumb"},"inLanguage":"fr-FR","potentialAction":[{"@type":"ReadAction","target":["https:\/\/www.foodsovereignty.org\/fr\/participez-au-lancement-du-3e-forum-mondial-de-nyeleni\/"]}]},{"@type":"ImageObject","inLanguage":"fr-FR","@id":"https:\/\/www.foodsovereignty.org\/fr\/participez-au-lancement-du-3e-forum-mondial-de-nyeleni\/#primaryimage","url":"https:\/\/www.foodsovereignty.org\/wp-content\/uploads\/2024\/10\/Nyeleni-Pic_India.jpg","contentUrl":"https:\/\/www.foodsovereignty.org\/wp-content\/uploads\/2024\/10\/Nyeleni-Pic_India.jpg","width":1280,"height":770},{"@type":"BreadcrumbList","@id":"https:\/\/www.foodsovereignty.org\/fr\/participez-au-lancement-du-3e-forum-mondial-de-nyeleni\/#breadcrumb","itemListElement":[{"@type":"ListItem","position":1,"name":"Home","item":"https:\/\/www.foodsovereignty.org\/fr\/"},{"@type":"ListItem","position":2,"name":"Participez au lancement du 3e Forum mondial de Ny\u00e9l\u00e9ni!"}]},{"@type":"WebSite","@id":"https:\/\/www.foodsovereignty.org\/fr\/#website","url":"https:\/\/www.foodsovereignty.org\/fr\/","name":"International Planning Committee for Food Sovereignty (IPC)","description":"","potentialAction":[{"@type":"SearchAction","target":{"@type":"EntryPoint","urlTemplate":"https:\/\/www.foodsovereignty.org\/fr\/?s={search_term_string}"},"query-input":{"@type":"PropertyValueSpecification","valueRequired":true,"valueName":"search_term_string"}}],"inLanguage":"fr-FR"},{"@type":"Person","@id":"https:\/\/www.foodsovereignty.org\/fr\/#\/schema\/person\/c5d86d7101c42543207204332399e87e","name":"IPC comms","image":{"@type":"ImageObject","inLanguage":"fr-FR","@id":"https:\/\/secure.gravatar.com\/avatar\/383f0d7b56f08da80de57d5d3281a5757594759261b9b8cdeb29616624681e03?s=96&d=mm&r=g","url":"https:\/\/secure.gravatar.com\/avatar\/383f0d7b56f08da80de57d5d3281a5757594759261b9b8cdeb29616624681e03?s=96&d=mm&r=g","contentUrl":"https:\/\/secure.gravatar.com\/avatar\/383f0d7b56f08da80de57d5d3281a5757594759261b9b8cdeb29616624681e03?s=96&d=mm&r=g","caption":"IPC comms"},"url":"https:\/\/www.foodsovereignty.org\/fr\/author\/ipc-comms\/"}]}},"_links":{"self":[{"href":"https:\/\/www.foodsovereignty.org\/fr\/wp-json\/wp\/v2\/posts\/4122","targetHints":{"allow":["GET"]}}],"collection":[{"href":"https:\/\/www.foodsovereignty.org\/fr\/wp-json\/wp\/v2\/posts"}],"about":[{"href":"https:\/\/www.foodsovereignty.org\/fr\/wp-json\/wp\/v2\/types\/post"}],"author":[{"embeddable":true,"href":"https:\/\/www.foodsovereignty.org\/fr\/wp-json\/wp\/v2\/users\/7"}],"replies":[{"embeddable":true,"href":"https:\/\/www.foodsovereignty.org\/fr\/wp-json\/wp\/v2\/comments?post=4122"}],"version-history":[{"count":4,"href":"https:\/\/www.foodsovereignty.org\/fr\/wp-json\/wp\/v2\/posts\/4122\/revisions"}],"predecessor-version":[{"id":4126,"href":"https:\/\/www.foodsovereignty.org\/fr\/wp-json\/wp\/v2\/posts\/4122\/revisions\/4126"}],"wp:featuredmedia":[{"embeddable":true,"href":"https:\/\/www.foodsovereignty.org\/fr\/wp-json\/wp\/v2\/media\/4119"}],"wp:attachment":[{"href":"https:\/\/www.foodsovereignty.org\/fr\/wp-json\/wp\/v2\/media?parent=4122"}],"wp:term":[{"taxonomy":"category","embeddable":true,"href":"https:\/\/www.foodsovereignty.org\/fr\/wp-json\/wp\/v2\/categories?post=4122"},{"taxonomy":"post_tag","embeddable":true,"href":"https:\/\/www.foodsovereignty.org\/fr\/wp-json\/wp\/v2\/tags?post=4122"}],"curies":[{"name":"wp","href":"https:\/\/api.w.org\/{rel}","templated":true}]}}