{"id":4149,"date":"2024-10-16T11:51:16","date_gmt":"2024-10-16T11:51:16","guid":{"rendered":"https:\/\/www.foodsovereignty.org\/?p=4149"},"modified":"2024-10-24T11:51:44","modified_gmt":"2024-10-24T11:51:44","slug":"journee-internationale-pour-la-souverainete-alimentaire-des-peuples-la-perspective-de-la-region-mena","status":"publish","type":"post","link":"https:\/\/www.foodsovereignty.org\/fr\/journee-internationale-pour-la-souverainete-alimentaire-des-peuples-la-perspective-de-la-region-mena\/","title":{"rendered":"Journ\u00e9e internationale pour la souverainet\u00e9 alimentaire des peuples: la perspective de la r\u00e9gion MENA"},"content":{"rendered":"<p>Alors que la <strong>Journ\u00e9e internationale pour la souverainet\u00e9 alimentaire des peuples<\/strong> et contre les soci\u00e9t\u00e9s transnationales est c\u00e9l\u00e9br\u00e9e le 16 octobre, les mouvements sociaux et politiques mondiaux poursuivent leurs efforts inlassables pour atteindre leurs objectifs de souverainet\u00e9 populaire sur leurs ressources naturelles et leur alimentation, la r\u00e9gion MENA glisse vers une guerre globale qui augmentera les souffrances des communaut\u00e9s rurales traditionnelles, des paysans, des petits agriculteurs, des p\u00eacheurs et des petits producteurs de denr\u00e9es alimentaires en particulier, qui ont \u00e9t\u00e9 confront\u00e9s \u00e0 des d\u00e9placements massifs au cours des derni\u00e8res ann\u00e9es, \u00e0 la perte de leurs terres et de leurs propri\u00e9t\u00e9s, et \u00e0 leur exposition au risque de famine et d&rsquo;inanition syst\u00e9matique, en raison du fl\u00e9au des guerres et des conflits en cours.<\/p>\n<p>Depuis l&rsquo;op\u00e9ration militaire du 7 octobre 2023, le g\u00e9nocide et le nettoyage ethnique contre le peuple palestinien, occup\u00e9 par le colonialisme sioniste depuis plus de 76 ans, se poursuivent, ce qui a entra\u00een\u00e9 jusqu&rsquo;\u00e0 pr\u00e9sent le martyre de plus de 42 000 Palestiniens, dont la majorit\u00e9 sont des enfants et des femmes, et le d\u00e9placement de plus de 1,9 million de Palestiniens dans la bande de Gaza, et de 10 000 Palestiniens en Cisjordanie, en plus des violations quotidiennes pratiqu\u00e9es par l&rsquo;occupation isra\u00e9lienne contre les r\u00e9sidents de J\u00e9rusalem occup\u00e9e.<\/p>\n<p><a class=\"btn btn-yellow\" href=\"https:\/\/www.foodsovereignty.org\/wp-content\/uploads\/2024\/10\/Food_Soverignty_Day_2024fr-en-ar.docx.pdf\" target=\"_blank\" rel=\"noopener\">En savoir plus<\/a><\/p>\n","protected":false},"excerpt":{"rendered":"<p>Alors que la Journ\u00e9e internationale pour la souverainet\u00e9 alimentaire des peuples et contre les soci\u00e9t\u00e9s transnationales est c\u00e9l\u00e9br\u00e9e le 16 octobre, les mouvements sociaux et politiques mondiaux poursuivent leurs efforts inlassables pour atteindre leurs objectifs de souverainet\u00e9 populaire sur leurs ressources naturelles et leur alimentation, la r\u00e9gion MENA glisse vers une guerre globale qui augmentera [&hellip;]<\/p>\n","protected":false},"author":7,"featured_media":4146,"comment_status":"closed","ping_status":"closed","sticky":false,"template":"","format":"standard","meta":{"_acf_changed":false,"footnotes":""},"categories":[57],"tags":[373,245],"class_list":["post-4149","post","type-post","status-publish","format-standard","has-post-thumbnail","hentry","category-nouvelles","tag-food-sovereignty-fr","tag-souverainete-alimentaire","regional_processes_tax-near-east-north-africa","working_groups_tax-agricultural-biodiversity","working_groups_tax-agroecology","working_groups_tax-fisheries","working_groups_tax-indigenous-peoples","working_groups_tax-jovenes","working_groups_tax-land-forests-water-and-territory"],"acf":[],"yoast_head":"<!-- This site is optimized with the Yoast SEO plugin v27.4 - https:\/\/yoast.com\/product\/yoast-seo-wordpress\/ -->\n<title>Journ\u00e9e internationale pour la souverainet\u00e9 alimentaire des peuples: la perspective de la r\u00e9gion MENA<\/title>\n<meta name=\"description\" content=\"Les mouvements de la r\u00e9gion MENA r\u00e9fl\u00e9chissent aux d\u00e9fis auxquels sont confront\u00e9s les petits producteurs alimentaires \u00e0 l&#039;occasion de la Journ\u00e9e internationale pour la souverainet\u00e9 alimentaire des peuples.\" \/>\n<meta name=\"robots\" content=\"index, follow, max-snippet:-1, max-image-preview:large, max-video-preview:-1\" \/>\n<link rel=\"canonical\" href=\"https:\/\/www.foodsovereignty.org\/fr\/journee-internationale-pour-la-souverainete-alimentaire-des-peuples-la-perspective-de-la-region-mena\/\" \/>\n<meta property=\"og:locale\" content=\"fr_FR\" \/>\n<meta property=\"og:type\" content=\"article\" \/>\n<meta property=\"og:title\" content=\"Journ\u00e9e internationale pour la souverainet\u00e9 alimentaire des peuples: la perspective de la r\u00e9gion MENA\" \/>\n<meta property=\"og:description\" content=\"Les mouvements de la r\u00e9gion MENA r\u00e9fl\u00e9chissent aux d\u00e9fis auxquels sont confront\u00e9s les petits producteurs alimentaires \u00e0 l&#039;occasion de la Journ\u00e9e internationale pour la souverainet\u00e9 alimentaire des peuples.\" \/>\n<meta property=\"og:url\" content=\"https:\/\/www.foodsovereignty.org\/fr\/journee-internationale-pour-la-souverainete-alimentaire-des-peuples-la-perspective-de-la-region-mena\/\" \/>\n<meta property=\"og:site_name\" content=\"International Planning Committee for Food Sovereignty (IPC)\" \/>\n<meta property=\"article:published_time\" content=\"2024-10-16T11:51:16+00:00\" \/>\n<meta property=\"article:modified_time\" content=\"2024-10-24T11:51:44+00:00\" \/>\n<meta property=\"og:image\" content=\"https:\/\/www.foodsovereignty.org\/wp-content\/uploads\/2024\/10\/mena-region-1024x576.png\" \/>\n\t<meta property=\"og:image:width\" content=\"1024\" \/>\n\t<meta property=\"og:image:height\" content=\"576\" \/>\n\t<meta property=\"og:image:type\" content=\"image\/png\" \/>\n<meta name=\"author\" content=\"IPC comms\" \/>\n<meta name=\"twitter:card\" content=\"summary_large_image\" \/>\n<meta name=\"twitter:label1\" content=\"\u00c9crit par\" \/>\n\t<meta name=\"twitter:data1\" content=\"IPC comms\" \/>\n\t<meta name=\"twitter:label2\" content=\"Dur\u00e9e de lecture estim\u00e9e\" \/>\n\t<meta name=\"twitter:data2\" content=\"2 minutes\" \/>\n<script type=\"application\/ld+json\" class=\"yoast-schema-graph\">{\"@context\":\"https:\\\/\\\/schema.org\",\"@graph\":[{\"@type\":\"Article\",\"@id\":\"https:\\\/\\\/www.foodsovereignty.org\\\/fr\\\/journee-internationale-pour-la-souverainete-alimentaire-des-peuples-la-perspective-de-la-region-mena\\\/#article\",\"isPartOf\":{\"@id\":\"https:\\\/\\\/www.foodsovereignty.org\\\/fr\\\/journee-internationale-pour-la-souverainete-alimentaire-des-peuples-la-perspective-de-la-region-mena\\\/\"},\"author\":{\"name\":\"IPC comms\",\"@id\":\"https:\\\/\\\/www.foodsovereignty.org\\\/fr\\\/#\\\/schema\\\/person\\\/c5d86d7101c42543207204332399e87e\"},\"headline\":\"Journ\u00e9e internationale pour la souverainet\u00e9 alimentaire des peuples: la perspective de la r\u00e9gion MENA\",\"datePublished\":\"2024-10-16T11:51:16+00:00\",\"dateModified\":\"2024-10-24T11:51:44+00:00\",\"mainEntityOfPage\":{\"@id\":\"https:\\\/\\\/www.foodsovereignty.org\\\/fr\\\/journee-internationale-pour-la-souverainete-alimentaire-des-peuples-la-perspective-de-la-region-mena\\\/\"},\"wordCount\":249,\"image\":{\"@id\":\"https:\\\/\\\/www.foodsovereignty.org\\\/fr\\\/journee-internationale-pour-la-souverainete-alimentaire-des-peuples-la-perspective-de-la-region-mena\\\/#primaryimage\"},\"thumbnailUrl\":\"https:\\\/\\\/www.foodsovereignty.org\\\/wp-content\\\/uploads\\\/2024\\\/10\\\/mena-region.png\",\"keywords\":[\"food sovereignty\",\"souverainet\u00e9 alimentaire\"],\"articleSection\":[\"Nouvelles\"],\"inLanguage\":\"fr-FR\"},{\"@type\":\"WebPage\",\"@id\":\"https:\\\/\\\/www.foodsovereignty.org\\\/fr\\\/journee-internationale-pour-la-souverainete-alimentaire-des-peuples-la-perspective-de-la-region-mena\\\/\",\"url\":\"https:\\\/\\\/www.foodsovereignty.org\\\/fr\\\/journee-internationale-pour-la-souverainete-alimentaire-des-peuples-la-perspective-de-la-region-mena\\\/\",\"name\":\"Journ\u00e9e internationale pour la souverainet\u00e9 alimentaire des peuples: la perspective de la r\u00e9gion MENA\",\"isPartOf\":{\"@id\":\"https:\\\/\\\/www.foodsovereignty.org\\\/fr\\\/#website\"},\"primaryImageOfPage\":{\"@id\":\"https:\\\/\\\/www.foodsovereignty.org\\\/fr\\\/journee-internationale-pour-la-souverainete-alimentaire-des-peuples-la-perspective-de-la-region-mena\\\/#primaryimage\"},\"image\":{\"@id\":\"https:\\\/\\\/www.foodsovereignty.org\\\/fr\\\/journee-internationale-pour-la-souverainete-alimentaire-des-peuples-la-perspective-de-la-region-mena\\\/#primaryimage\"},\"thumbnailUrl\":\"https:\\\/\\\/www.foodsovereignty.org\\\/wp-content\\\/uploads\\\/2024\\\/10\\\/mena-region.png\",\"datePublished\":\"2024-10-16T11:51:16+00:00\",\"dateModified\":\"2024-10-24T11:51:44+00:00\",\"author\":{\"@id\":\"https:\\\/\\\/www.foodsovereignty.org\\\/fr\\\/#\\\/schema\\\/person\\\/c5d86d7101c42543207204332399e87e\"},\"description\":\"Les mouvements de la r\u00e9gion MENA r\u00e9fl\u00e9chissent aux d\u00e9fis auxquels sont confront\u00e9s les petits producteurs alimentaires \u00e0 l'occasion de la Journ\u00e9e internationale pour la souverainet\u00e9 alimentaire des peuples.\",\"breadcrumb\":{\"@id\":\"https:\\\/\\\/www.foodsovereignty.org\\\/fr\\\/journee-internationale-pour-la-souverainete-alimentaire-des-peuples-la-perspective-de-la-region-mena\\\/#breadcrumb\"},\"inLanguage\":\"fr-FR\",\"potentialAction\":[{\"@type\":\"ReadAction\",\"target\":[\"https:\\\/\\\/www.foodsovereignty.org\\\/fr\\\/journee-internationale-pour-la-souverainete-alimentaire-des-peuples-la-perspective-de-la-region-mena\\\/\"]}]},{\"@type\":\"ImageObject\",\"inLanguage\":\"fr-FR\",\"@id\":\"https:\\\/\\\/www.foodsovereignty.org\\\/fr\\\/journee-internationale-pour-la-souverainete-alimentaire-des-peuples-la-perspective-de-la-region-mena\\\/#primaryimage\",\"url\":\"https:\\\/\\\/www.foodsovereignty.org\\\/wp-content\\\/uploads\\\/2024\\\/10\\\/mena-region.png\",\"contentUrl\":\"https:\\\/\\\/www.foodsovereignty.org\\\/wp-content\\\/uploads\\\/2024\\\/10\\\/mena-region.png\",\"width\":1920,\"height\":1080},{\"@type\":\"BreadcrumbList\",\"@id\":\"https:\\\/\\\/www.foodsovereignty.org\\\/fr\\\/journee-internationale-pour-la-souverainete-alimentaire-des-peuples-la-perspective-de-la-region-mena\\\/#breadcrumb\",\"itemListElement\":[{\"@type\":\"ListItem\",\"position\":1,\"name\":\"Home\",\"item\":\"https:\\\/\\\/www.foodsovereignty.org\\\/fr\\\/\"},{\"@type\":\"ListItem\",\"position\":2,\"name\":\"Journ\u00e9e internationale pour la souverainet\u00e9 alimentaire des peuples: la perspective de la r\u00e9gion MENA\"}]},{\"@type\":\"WebSite\",\"@id\":\"https:\\\/\\\/www.foodsovereignty.org\\\/fr\\\/#website\",\"url\":\"https:\\\/\\\/www.foodsovereignty.org\\\/fr\\\/\",\"name\":\"International Planning Committee for Food Sovereignty (IPC)\",\"description\":\"\",\"potentialAction\":[{\"@type\":\"SearchAction\",\"target\":{\"@type\":\"EntryPoint\",\"urlTemplate\":\"https:\\\/\\\/www.foodsovereignty.org\\\/fr\\\/?s={search_term_string}\"},\"query-input\":{\"@type\":\"PropertyValueSpecification\",\"valueRequired\":true,\"valueName\":\"search_term_string\"}}],\"inLanguage\":\"fr-FR\"},{\"@type\":\"Person\",\"@id\":\"https:\\\/\\\/www.foodsovereignty.org\\\/fr\\\/#\\\/schema\\\/person\\\/c5d86d7101c42543207204332399e87e\",\"name\":\"IPC comms\",\"image\":{\"@type\":\"ImageObject\",\"inLanguage\":\"fr-FR\",\"@id\":\"https:\\\/\\\/secure.gravatar.com\\\/avatar\\\/383f0d7b56f08da80de57d5d3281a5757594759261b9b8cdeb29616624681e03?s=96&d=mm&r=g\",\"url\":\"https:\\\/\\\/secure.gravatar.com\\\/avatar\\\/383f0d7b56f08da80de57d5d3281a5757594759261b9b8cdeb29616624681e03?s=96&d=mm&r=g\",\"contentUrl\":\"https:\\\/\\\/secure.gravatar.com\\\/avatar\\\/383f0d7b56f08da80de57d5d3281a5757594759261b9b8cdeb29616624681e03?s=96&d=mm&r=g\",\"caption\":\"IPC comms\"},\"url\":\"https:\\\/\\\/www.foodsovereignty.org\\\/fr\\\/author\\\/ipc-comms\\\/\"}]}<\/script>\n<!-- \/ Yoast SEO plugin. -->","yoast_head_json":{"title":"Journ\u00e9e internationale pour la souverainet\u00e9 alimentaire des peuples: la perspective de la r\u00e9gion MENA","description":"Les mouvements de la r\u00e9gion MENA r\u00e9fl\u00e9chissent aux d\u00e9fis auxquels sont confront\u00e9s les petits producteurs alimentaires \u00e0 l'occasion de la Journ\u00e9e internationale pour la souverainet\u00e9 alimentaire des peuples.","robots":{"index":"index","follow":"follow","max-snippet":"max-snippet:-1","max-image-preview":"max-image-preview:large","max-video-preview":"max-video-preview:-1"},"canonical":"https:\/\/www.foodsovereignty.org\/fr\/journee-internationale-pour-la-souverainete-alimentaire-des-peuples-la-perspective-de-la-region-mena\/","og_locale":"fr_FR","og_type":"article","og_title":"Journ\u00e9e internationale pour la souverainet\u00e9 alimentaire des peuples: la perspective de la r\u00e9gion MENA","og_description":"Les mouvements de la r\u00e9gion MENA r\u00e9fl\u00e9chissent aux d\u00e9fis auxquels sont confront\u00e9s les petits producteurs alimentaires \u00e0 l'occasion de la Journ\u00e9e internationale pour la souverainet\u00e9 alimentaire des peuples.","og_url":"https:\/\/www.foodsovereignty.org\/fr\/journee-internationale-pour-la-souverainete-alimentaire-des-peuples-la-perspective-de-la-region-mena\/","og_site_name":"International Planning Committee for Food Sovereignty (IPC)","article_published_time":"2024-10-16T11:51:16+00:00","article_modified_time":"2024-10-24T11:51:44+00:00","og_image":[{"width":1024,"height":576,"url":"https:\/\/www.foodsovereignty.org\/wp-content\/uploads\/2024\/10\/mena-region-1024x576.png","type":"image\/png"}],"author":"IPC comms","twitter_card":"summary_large_image","twitter_misc":{"\u00c9crit par":"IPC comms","Dur\u00e9e de lecture estim\u00e9e":"2 minutes"},"schema":{"@context":"https:\/\/schema.org","@graph":[{"@type":"Article","@id":"https:\/\/www.foodsovereignty.org\/fr\/journee-internationale-pour-la-souverainete-alimentaire-des-peuples-la-perspective-de-la-region-mena\/#article","isPartOf":{"@id":"https:\/\/www.foodsovereignty.org\/fr\/journee-internationale-pour-la-souverainete-alimentaire-des-peuples-la-perspective-de-la-region-mena\/"},"author":{"name":"IPC comms","@id":"https:\/\/www.foodsovereignty.org\/fr\/#\/schema\/person\/c5d86d7101c42543207204332399e87e"},"headline":"Journ\u00e9e internationale pour la souverainet\u00e9 alimentaire des peuples: la perspective de la r\u00e9gion MENA","datePublished":"2024-10-16T11:51:16+00:00","dateModified":"2024-10-24T11:51:44+00:00","mainEntityOfPage":{"@id":"https:\/\/www.foodsovereignty.org\/fr\/journee-internationale-pour-la-souverainete-alimentaire-des-peuples-la-perspective-de-la-region-mena\/"},"wordCount":249,"image":{"@id":"https:\/\/www.foodsovereignty.org\/fr\/journee-internationale-pour-la-souverainete-alimentaire-des-peuples-la-perspective-de-la-region-mena\/#primaryimage"},"thumbnailUrl":"https:\/\/www.foodsovereignty.org\/wp-content\/uploads\/2024\/10\/mena-region.png","keywords":["food sovereignty","souverainet\u00e9 alimentaire"],"articleSection":["Nouvelles"],"inLanguage":"fr-FR"},{"@type":"WebPage","@id":"https:\/\/www.foodsovereignty.org\/fr\/journee-internationale-pour-la-souverainete-alimentaire-des-peuples-la-perspective-de-la-region-mena\/","url":"https:\/\/www.foodsovereignty.org\/fr\/journee-internationale-pour-la-souverainete-alimentaire-des-peuples-la-perspective-de-la-region-mena\/","name":"Journ\u00e9e internationale pour la souverainet\u00e9 alimentaire des peuples: la perspective de la r\u00e9gion MENA","isPartOf":{"@id":"https:\/\/www.foodsovereignty.org\/fr\/#website"},"primaryImageOfPage":{"@id":"https:\/\/www.foodsovereignty.org\/fr\/journee-internationale-pour-la-souverainete-alimentaire-des-peuples-la-perspective-de-la-region-mena\/#primaryimage"},"image":{"@id":"https:\/\/www.foodsovereignty.org\/fr\/journee-internationale-pour-la-souverainete-alimentaire-des-peuples-la-perspective-de-la-region-mena\/#primaryimage"},"thumbnailUrl":"https:\/\/www.foodsovereignty.org\/wp-content\/uploads\/2024\/10\/mena-region.png","datePublished":"2024-10-16T11:51:16+00:00","dateModified":"2024-10-24T11:51:44+00:00","author":{"@id":"https:\/\/www.foodsovereignty.org\/fr\/#\/schema\/person\/c5d86d7101c42543207204332399e87e"},"description":"Les mouvements de la r\u00e9gion MENA r\u00e9fl\u00e9chissent aux d\u00e9fis auxquels sont confront\u00e9s les petits producteurs alimentaires \u00e0 l'occasion de la Journ\u00e9e internationale pour la souverainet\u00e9 alimentaire des peuples.","breadcrumb":{"@id":"https:\/\/www.foodsovereignty.org\/fr\/journee-internationale-pour-la-souverainete-alimentaire-des-peuples-la-perspective-de-la-region-mena\/#breadcrumb"},"inLanguage":"fr-FR","potentialAction":[{"@type":"ReadAction","target":["https:\/\/www.foodsovereignty.org\/fr\/journee-internationale-pour-la-souverainete-alimentaire-des-peuples-la-perspective-de-la-region-mena\/"]}]},{"@type":"ImageObject","inLanguage":"fr-FR","@id":"https:\/\/www.foodsovereignty.org\/fr\/journee-internationale-pour-la-souverainete-alimentaire-des-peuples-la-perspective-de-la-region-mena\/#primaryimage","url":"https:\/\/www.foodsovereignty.org\/wp-content\/uploads\/2024\/10\/mena-region.png","contentUrl":"https:\/\/www.foodsovereignty.org\/wp-content\/uploads\/2024\/10\/mena-region.png","width":1920,"height":1080},{"@type":"BreadcrumbList","@id":"https:\/\/www.foodsovereignty.org\/fr\/journee-internationale-pour-la-souverainete-alimentaire-des-peuples-la-perspective-de-la-region-mena\/#breadcrumb","itemListElement":[{"@type":"ListItem","position":1,"name":"Home","item":"https:\/\/www.foodsovereignty.org\/fr\/"},{"@type":"ListItem","position":2,"name":"Journ\u00e9e internationale pour la souverainet\u00e9 alimentaire des peuples: la perspective de la r\u00e9gion MENA"}]},{"@type":"WebSite","@id":"https:\/\/www.foodsovereignty.org\/fr\/#website","url":"https:\/\/www.foodsovereignty.org\/fr\/","name":"International Planning Committee for Food Sovereignty (IPC)","description":"","potentialAction":[{"@type":"SearchAction","target":{"@type":"EntryPoint","urlTemplate":"https:\/\/www.foodsovereignty.org\/fr\/?s={search_term_string}"},"query-input":{"@type":"PropertyValueSpecification","valueRequired":true,"valueName":"search_term_string"}}],"inLanguage":"fr-FR"},{"@type":"Person","@id":"https:\/\/www.foodsovereignty.org\/fr\/#\/schema\/person\/c5d86d7101c42543207204332399e87e","name":"IPC comms","image":{"@type":"ImageObject","inLanguage":"fr-FR","@id":"https:\/\/secure.gravatar.com\/avatar\/383f0d7b56f08da80de57d5d3281a5757594759261b9b8cdeb29616624681e03?s=96&d=mm&r=g","url":"https:\/\/secure.gravatar.com\/avatar\/383f0d7b56f08da80de57d5d3281a5757594759261b9b8cdeb29616624681e03?s=96&d=mm&r=g","contentUrl":"https:\/\/secure.gravatar.com\/avatar\/383f0d7b56f08da80de57d5d3281a5757594759261b9b8cdeb29616624681e03?s=96&d=mm&r=g","caption":"IPC comms"},"url":"https:\/\/www.foodsovereignty.org\/fr\/author\/ipc-comms\/"}]}},"_links":{"self":[{"href":"https:\/\/www.foodsovereignty.org\/fr\/wp-json\/wp\/v2\/posts\/4149","targetHints":{"allow":["GET"]}}],"collection":[{"href":"https:\/\/www.foodsovereignty.org\/fr\/wp-json\/wp\/v2\/posts"}],"about":[{"href":"https:\/\/www.foodsovereignty.org\/fr\/wp-json\/wp\/v2\/types\/post"}],"author":[{"embeddable":true,"href":"https:\/\/www.foodsovereignty.org\/fr\/wp-json\/wp\/v2\/users\/7"}],"replies":[{"embeddable":true,"href":"https:\/\/www.foodsovereignty.org\/fr\/wp-json\/wp\/v2\/comments?post=4149"}],"version-history":[{"count":1,"href":"https:\/\/www.foodsovereignty.org\/fr\/wp-json\/wp\/v2\/posts\/4149\/revisions"}],"predecessor-version":[{"id":4150,"href":"https:\/\/www.foodsovereignty.org\/fr\/wp-json\/wp\/v2\/posts\/4149\/revisions\/4150"}],"wp:featuredmedia":[{"embeddable":true,"href":"https:\/\/www.foodsovereignty.org\/fr\/wp-json\/wp\/v2\/media\/4146"}],"wp:attachment":[{"href":"https:\/\/www.foodsovereignty.org\/fr\/wp-json\/wp\/v2\/media?parent=4149"}],"wp:term":[{"taxonomy":"category","embeddable":true,"href":"https:\/\/www.foodsovereignty.org\/fr\/wp-json\/wp\/v2\/categories?post=4149"},{"taxonomy":"post_tag","embeddable":true,"href":"https:\/\/www.foodsovereignty.org\/fr\/wp-json\/wp\/v2\/tags?post=4149"}],"curies":[{"name":"wp","href":"https:\/\/api.w.org\/{rel}","templated":true}]}}