{"id":4491,"date":"2025-04-07T09:47:44","date_gmt":"2025-04-07T09:47:44","guid":{"rendered":"https:\/\/www.foodsovereignty.org\/?p=4491"},"modified":"2025-04-07T12:09:43","modified_gmt":"2025-04-07T12:09:43","slug":"la-sante-pour-tou-tes-est-inextricablement-liee-a-la-souverainete-alimentaire","status":"publish","type":"post","link":"https:\/\/www.foodsovereignty.org\/fr\/la-sante-pour-tou-tes-est-inextricablement-liee-a-la-souverainete-alimentaire\/","title":{"rendered":"La sant\u00e9 pour tou-tes est inextricablement li\u00e9e \u00e0 la souverainet\u00e9 alimentaire"},"content":{"rendered":"<p>Le <a href=\"https:\/\/phmovement.org\/fr\/home-fr\"><strong>Mouvement pour la Sant\u00e9 des Peuples<\/strong><\/a> (PHM) et le mouvement pour la <strong>Souverainet\u00e9 Alimentaire<\/strong> marcheront c\u00f4te \u00e0 c\u00f4te lors du <strong>3e Forum Global Ny\u00e9l\u00e9ni<\/strong>, afin de renforcer leurs liens et d\u00e9montrer au monde qu\u2019il ne peut y avoir de sant\u00e9 mondiale sans souverainet\u00e9 alimentaire, tout comme les syst\u00e8mes alimentaires doivent \u00eatre fond\u00e9s sur le soin pour lib\u00e9rer leur potentiel transformateur. Dans cette interview avec <strong>Marcos Filardi<\/strong>, <strong>Roman Vega<\/strong>, <strong>David Legge<\/strong> et <strong>Lauren Paremoer<\/strong>, du MSP, nous explorons les interconnexions entre deux des mouvements mondiaux qui convergent dans ce <a href=\"https:\/\/www.foodsovereignty.org\/fr\/nyeleni-process\/\"><strong>Processus Ny\u00e9l\u00e9ni<\/strong><\/a>.<\/p>\n<h4 class=\"wp-block-heading\"><em><strong>Quels sont les principaux enjeux que le Mouvement pour la Sant\u00e9 des Peuples souhaite mettre en avant \u00e0 l\u2019occasion de la Journ\u00e9e de la Sant\u00e9 des Peuples cette ann\u00e9e?<\/strong><\/em><\/h4>\n<p>Le MSP attire l\u2019attention du monde sur trois crises interd\u00e9pendantes engendr\u00e9es par l\u2019imp\u00e9rialisme, quatre d\u00e9cennies de capitalisme n\u00e9olib\u00e9ral, et le contexte g\u00e9opolitique mondial actuel : des in\u00e9galit\u00e9s galopantes (en termes de revenus, de richesses et de ressources) ; un effondrement environnemental (crise climatique, perte de biodiversit\u00e9, extinction des esp\u00e8ces, et d\u00e9gradation des \u00e9cosyst\u00e8mes) ; des guerres, des occupations, des conflits et des d\u00e9placements forc\u00e9s (avec un nombre croissant de personnes du Sud global cherchant refuge face \u00e0 ces crises) ; et une mont\u00e9e du conservatisme accompagn\u00e9e d\u2019un recul des droits durement acquis par les femmes. \u00c0 cela s\u2019ajoutent la commercialisation et la privatisation des syst\u00e8mes de sant\u00e9, qui entravent la r\u00e9alisation de l\u2019objectif \u00ab\u00a0Sant\u00e9 pour tou\u00b7tes\u00a0\u00bb d\u00e9fendu par le MPS.<\/p>\n<p>Cette polycrise aggrave la sant\u00e9 de l\u2019humanit\u00e9 et de la plan\u00e8te, rendant insoutenable l\u2019espoir d\u2019existence durable pour tous les \u00eatres, en particulier dans le Sud global, ainsi que pour les personnes qui vivent \u2013 ou tombent de plus en plus \u2013 dans des situations de vuln\u00e9rabilit\u00e9 sociale, \u00e9conomique, alimentaire et environnementale.<\/p>\n<p>C\u2019est pourquoi, lors de notre derni\u00e8re r\u00e9union du Conseil de coordination, nous avons lanc\u00e9 un appel \u00e0 tous les peuples du monde, et en particulier aux mouvements sociaux, aux gouvernements, ainsi qu\u2019aux forces politiques progressistes et de gauche, pour redoubler d\u2019efforts dans la lutte pour un monde plus \u00e9quitable, \u00e9cologiquement soutenable, d\u00e9colonis\u00e9 et pacifique, dans lequel une vie en bonne sant\u00e9 pour toutes et tous soit une r\u00e9alit\u00e9. Un monde qui respecte la diversit\u00e9 et c\u00e9l\u00e8bre toute forme de vie en harmonie avec la nature ; un monde o\u00f9 l\u2019on valorise les capacit\u00e9s d\u2019enrichissement mutuel ; un monde dans lequel les voix des peuples et les approches centr\u00e9es sur les communaut\u00e9s guident les d\u00e9cisions qui fa\u00e7onnent nos vies.<\/p>\n<p>Cela ne pourra se faire que par l\u2019action collective, la d\u00e9fense de la justice sociale et climatique, et la remise en question des syst\u00e8mes oppressifs qui perp\u00e9tuent les in\u00e9galit\u00e9s. En s\u2019unissant en tant que communaut\u00e9 mondiale, nous pouvons construire un avenir meilleur pour tous les \u00eatres de cette plan\u00e8te. En pla\u00e7ant le\u00a0<strong>Buen Vivir<\/strong>\u00a0des communaut\u00e9s marginalis\u00e9es et vuln\u00e9rables au centre, et en s\u2019attaquant aux causes profondes des injustices syst\u00e9miques, nous pouvons ouvrir la voie \u00e0 un monde plus \u00e9quitable et inclusif, dans lequel chaque personne pourra s\u2019\u00e9panouir et contribuer \u00e0 un avenir plus lumineux et transformateur pour les g\u00e9n\u00e9rations \u00e0 venir.<\/p>\n<h4 class=\"wp-block-heading\"><em><strong>Que pensez-vous de l\u2019approche \u00ab Une seule sant\u00e9 \u00bb (One Health) propos\u00e9e par l\u2019OMS et d\u00e9sormais reprise par toutes les grandes agences onusiennes et au-del\u00e0?<\/strong><\/em><\/h4>\n<p>Le discours de One Health a le m\u00e9rite de reconna\u00eetre l\u2019interd\u00e9pendance entre la sant\u00e9 humaine, la sant\u00e9 animale et la durabilit\u00e9 environnementale. Cette reconnaissance du lien \u00e9vident n\u2019est pas une grande avanc\u00e9e en soi, mais il est vrai que les paradigmes pr\u00e9existants de la sant\u00e9 publique orthodoxe avaient largement ignor\u00e9 ces liens. Gr\u00e2ce \u00e0 la mont\u00e9e du discours One Health, les institutions \u00e9tablies de sant\u00e9 publique commencent (lentement) \u00e0 int\u00e9grer ces connexions dans leurs politiques et pratiques. Pour celles et ceux qui s\u2019engagent dans la lutte contre la r\u00e9sistance aux antimicrobiens, l\u2019essor de One Health est une aubaine, car il ouvre la voie \u00e0 des politiques et programmes globaux pour y faire face.<\/p>\n<p>Cependant, malgr\u00e9 les progr\u00e8s r\u00e9alis\u00e9s dans le discours officiel de One Health, plusieurs questions cruciales li\u00e9es \u00e0 ces interd\u00e9pendances n\u2019ont pas \u00e9t\u00e9 abord\u00e9es \u2013 voire ont \u00e9t\u00e9 sciemment \u00e9vit\u00e9es \u2013 afin de faire avancer certaines r\u00e9formes dans la sant\u00e9 publique orthodoxe. Parmi ces angles morts : le f\u00e9tichisme de la croissance propre au capitalisme, les in\u00e9galit\u00e9s criantes d\u2019acc\u00e8s \u00e0 l\u2019alimentation et les empreintes environnementales diff\u00e9renci\u00e9es, ou encore les in\u00e9galit\u00e9s et brutalit\u00e9s du pouvoir qui soutiennent ce mod\u00e8le de croissance ainsi que les in\u00e9galit\u00e9s environnementales, \u00e9conomiques et politiques.<\/p>\n<p>Par exemple, l\u2019approche conventionnelle de One Health omet le r\u00f4le des circuits transnationaux du capital dans la perturbation des paysages \u00e9cologiques et agro\u00e9cologiques. Il est courant que des forces politiques radicales entrent dans les d\u00e9bats avec les orthodoxies dominantes, mais elles doivent le faire avec une analyse claire du contexte global qui encadre ces d\u00e9bats, et structurer leur intervention dans le cadre d\u2019un programme plus large visant \u00e0 une r\u00e9forme structurelle profonde. Cela pourrait signifier participer aux discussions sur la r\u00e9sistance antimicrobienne, tout en les liant \u00e0 une remise en cause du capitalisme de croissance, des in\u00e9galit\u00e9s alimentaires et environnementales, et des structures qui les reproduisent.<\/p>\n<p>D\u2019un autre point de vue, il convient de rappeler que le soutien officiel des \u00c9tats-Unis \u00e0 One Health s\u2019explique en partie par l\u2019espace qu\u2019il ouvrait pour une rh\u00e9torique anti-chinoise. Ce contexte \u00e9claire davantage (et sugg\u00e8re) l\u2019\u00e9vitement d\u00e9lib\u00e9r\u00e9, dans une grande partie du discours One Health, des questions de croissance et d\u2019in\u00e9galit\u00e9s.<\/p>\n<h4 class=\"wp-block-heading\"><em><strong>Il semble que de nombreux pays d\u00e9laissent les approches de pr\u00e9caution et de pr\u00e9vention pour une nouvelle id\u00e9e de \u00ab pr\u00e9paration \u00bb. Cela pourrait-il entra\u00eener un changement de paradigme en sant\u00e9 mondiale?<\/strong><\/em><\/h4>\n<p>La pand\u00e9mie de Covid-19 a renforc\u00e9 une tendance d\u00e9j\u00e0 existante vers une approche centr\u00e9e sur la s\u00e9curit\u00e9 sanitaire. Par exemple, la r\u00e9ponse du G8 \u00e0 la pand\u00e9mie de VIH\/SIDA dans les ann\u00e9es 2000 \u00e9tait d\u00e9j\u00e0 motiv\u00e9e par la peur de menaces s\u00e9curitaires li\u00e9es \u00e0 cette crise. On observe aujourd\u2019hui cette logique de s\u00e9curit\u00e9 \u00e9galement adopt\u00e9e dans le Sud global : la proposition du CDC Afrique de cr\u00e9er un nouvel ordre de sant\u00e9 publique en est une illustration, puisqu\u2019elle consid\u00e8re la sant\u00e9 comme une menace s\u00e9curitaire.<\/p>\n<p>Nous pensons que l\u2019id\u00e9e de \u00ab pr\u00e9paration \u00bb aux pand\u00e9mies sera d\u00e9finie par les rapports de force \u00e0 l\u2019\u0153uvre. On peut en observer les pr\u00e9mices dans les n\u00e9gociations autour du Trait\u00e9 sur les pand\u00e9mies. Si les propositions du Nord global l\u2019emportent, la pr\u00e9paration pourrait se concentrer sur le d\u00e9veloppement d\u2019infrastructures de surveillance, au d\u00e9triment, par exemple, d\u2019une production diversifi\u00e9e de produits li\u00e9s aux pand\u00e9mies. Si les pays du Sud global parviennent \u00e0 faire valoir leurs revendications, la tendance pourrait s\u2019inverser : la pr\u00e9paration mettrait moins l\u2019accent sur la surveillance g\u00e9n\u00e9ralis\u00e9e de tous les agents pathog\u00e8nes, et davantage sur la diversification de la production, le renforcement des syst\u00e8mes de sant\u00e9 et l\u2019all\u00e8gement de la dette. Au final, le changement de paradigme d\u00e9pendra plus des dynamiques de pouvoir dans les diff\u00e9rents espaces de d\u00e9cision que de la d\u00e9finition du terme \u00ab pr\u00e9paration \u00bb en elle-m\u00eame.<\/p>\n<h4 class=\"wp-block-heading\"><em><strong>Pourquoi pensez-vous qu\u2019il est important pour le MSP de se connecter au mouvement pour la souverainet\u00e9 alimentaire dans le cadre du processus Ny\u00e9l\u00e9ni? Que peut-on attendre de cette alliance?<\/strong><\/em><\/h4>\n<p>La souverainet\u00e9 alimentaire est un pilier central de la campagne \u00ab Sant\u00e9 pour toutes et tous \u00bb port\u00e9e par le MSP. Lors de la quatri\u00e8me Assembl\u00e9e mondiale pour la sant\u00e9 des peuples (PHA4), qui s\u2019est tenue au Bangladesh, nous avons cr\u00e9\u00e9 un Cercle mondial permanent sur la nutrition et la souverainet\u00e9 alimentaire, avec des militant\u00b7es du monde entier. Nous participons \u00e9galement activement au M\u00e9canisme de la soci\u00e9t\u00e9 civile et des peuples autochtones (MSC) du Comit\u00e9 des Nations Unies sur la s\u00e9curit\u00e9 alimentaire mondiale (CSA).<br \/>\nNous avons accueilli avec enthousiasme l\u2019invitation du Comit\u00e9 international de planification pour la souverainet\u00e9 alimentaire (CIP) \u00e0 rejoindre le troisi\u00e8me processus Ny\u00e9l\u00e9ni. Dans notre Appel \u00e0 l\u2019action de la PHA5, tenue en 2024 \u00e0 Mar del Plata, en Argentine, nous avons engag\u00e9 l\u2019ensemble du mouvement \u00e0 participer activement \u00e0 ce processus.<\/p>\n<p>Nous sommes convaincus qu\u2019un changement syst\u00e9mique radical est n\u00e9cessaire et urgent, et que cela ne sera possible que si nous renfor\u00e7ons les r\u00e9seaux et construisons un pouvoir populaire avec d\u2019autres mouvements mondiaux.<\/p>\n<p>Le troisi\u00e8me processus Ny\u00e9l\u00e9ni est une plateforme unique pour rassembler les mouvements sociaux mondiaux, mobiliser les diff\u00e9rentes bases, exp\u00e9riences et luttes, construire une confiance politique entre mouvements, et convenir ensemble d\u2019un agenda politique commun pour un changement syst\u00e9mique radical.<\/p>\n<p>Dans cette crise de civilisation que nous traversons, le troisi\u00e8me processus Ny\u00e9l\u00e9ni nous lance un immense d\u00e9fi : construire collectivement un chemin vers le\u00a0<strong>Buen Vivir<\/strong>\u00a0pour toutes et tous. Et depuis le PHM, nous sommes reconnaissant\u00b7es et enthousiastes d\u2019en faire partie.<\/p>\n","protected":false},"excerpt":{"rendered":"<p>Le Mouvement pour la Sant\u00e9 des Peuples (PHM) et le mouvement pour la Souverainet\u00e9 Alimentaire marcheront c\u00f4te \u00e0 c\u00f4te lors du 3e Forum Global Ny\u00e9l\u00e9ni, afin de renforcer leurs liens et d\u00e9montrer au monde qu\u2019il ne peut y avoir de sant\u00e9 mondiale sans souverainet\u00e9 alimentaire, tout comme les syst\u00e8mes alimentaires doivent \u00eatre fond\u00e9s sur le [&hellip;]<\/p>\n","protected":false},"author":7,"featured_media":4492,"comment_status":"closed","ping_status":"closed","sticky":false,"template":"","format":"standard","meta":{"_acf_changed":false,"footnotes":""},"categories":[57],"tags":[389,245],"class_list":["post-4491","post","type-post","status-publish","format-standard","has-post-thumbnail","hentry","category-nouvelles","tag-nyeleni-fr","tag-souverainete-alimentaire","regional_processes_tax-africa","regional_processes_tax-asia-pacific","regional_processes_tax-europe-central-asia","regional_processes_tax-latin-america-caribbean","regional_processes_tax-near-east-north-africa","regional_processes_tax-north-america"],"acf":[],"yoast_head":"<!-- This site is optimized with the Yoast SEO plugin v27.4 - https:\/\/yoast.com\/product\/yoast-seo-wordpress\/ -->\n<title>La sant\u00e9 pour tou-tes est li\u00e9e \u00e0 la souverainet\u00e9 alimentaire<\/title>\n<meta name=\"description\" content=\"Le Mouvement pour la Sant\u00e9 des Peuples et le mouvement pour la Souverainet\u00e9 Alimentaire marcheront c\u00f4te \u00e0 c\u00f4te lors du 3e Forum Global Ny\u00e9l\u00e9ni\" \/>\n<meta name=\"robots\" content=\"index, follow, max-snippet:-1, max-image-preview:large, max-video-preview:-1\" \/>\n<link rel=\"canonical\" href=\"https:\/\/www.foodsovereignty.org\/fr\/la-sante-pour-tou-tes-est-inextricablement-liee-a-la-souverainete-alimentaire\/\" \/>\n<meta property=\"og:locale\" content=\"fr_FR\" \/>\n<meta property=\"og:type\" content=\"article\" \/>\n<meta property=\"og:title\" content=\"La sant\u00e9 pour tou-tes est li\u00e9e \u00e0 la souverainet\u00e9 alimentaire\" \/>\n<meta property=\"og:description\" content=\"Le Mouvement pour la Sant\u00e9 des Peuples et le mouvement pour la Souverainet\u00e9 Alimentaire marcheront c\u00f4te \u00e0 c\u00f4te lors du 3e Forum Global Ny\u00e9l\u00e9ni\" \/>\n<meta property=\"og:url\" content=\"https:\/\/www.foodsovereignty.org\/fr\/la-sante-pour-tou-tes-est-inextricablement-liee-a-la-souverainete-alimentaire\/\" \/>\n<meta property=\"og:site_name\" content=\"International Planning Committee for Food Sovereignty (IPC)\" \/>\n<meta property=\"article:published_time\" content=\"2025-04-07T09:47:44+00:00\" \/>\n<meta property=\"article:modified_time\" content=\"2025-04-07T12:09:43+00:00\" \/>\n<meta property=\"og:image\" content=\"https:\/\/www.foodsovereignty.org\/wp-content\/uploads\/2025\/04\/FR_Salud-de-los-pueblos_website.png\" \/>\n\t<meta property=\"og:image:width\" content=\"1200\" \/>\n\t<meta property=\"og:image:height\" content=\"800\" \/>\n\t<meta property=\"og:image:type\" content=\"image\/png\" \/>\n<meta name=\"author\" content=\"IPC comms\" \/>\n<meta name=\"twitter:card\" content=\"summary_large_image\" \/>\n<meta name=\"twitter:label1\" content=\"\u00c9crit par\" \/>\n\t<meta name=\"twitter:data1\" content=\"IPC comms\" \/>\n\t<meta name=\"twitter:label2\" content=\"Dur\u00e9e de lecture estim\u00e9e\" \/>\n\t<meta name=\"twitter:data2\" content=\"7 minutes\" \/>\n<script type=\"application\/ld+json\" class=\"yoast-schema-graph\">{\"@context\":\"https:\\\/\\\/schema.org\",\"@graph\":[{\"@type\":\"Article\",\"@id\":\"https:\\\/\\\/www.foodsovereignty.org\\\/fr\\\/la-sante-pour-tou-tes-est-inextricablement-liee-a-la-souverainete-alimentaire\\\/#article\",\"isPartOf\":{\"@id\":\"https:\\\/\\\/www.foodsovereignty.org\\\/fr\\\/la-sante-pour-tou-tes-est-inextricablement-liee-a-la-souverainete-alimentaire\\\/\"},\"author\":{\"name\":\"IPC comms\",\"@id\":\"https:\\\/\\\/www.foodsovereignty.org\\\/fr\\\/#\\\/schema\\\/person\\\/c5d86d7101c42543207204332399e87e\"},\"headline\":\"La sant\u00e9 pour tou-tes est inextricablement li\u00e9e \u00e0 la souverainet\u00e9 alimentaire\",\"datePublished\":\"2025-04-07T09:47:44+00:00\",\"dateModified\":\"2025-04-07T12:09:43+00:00\",\"mainEntityOfPage\":{\"@id\":\"https:\\\/\\\/www.foodsovereignty.org\\\/fr\\\/la-sante-pour-tou-tes-est-inextricablement-liee-a-la-souverainete-alimentaire\\\/\"},\"wordCount\":1624,\"image\":{\"@id\":\"https:\\\/\\\/www.foodsovereignty.org\\\/fr\\\/la-sante-pour-tou-tes-est-inextricablement-liee-a-la-souverainete-alimentaire\\\/#primaryimage\"},\"thumbnailUrl\":\"https:\\\/\\\/www.foodsovereignty.org\\\/wp-content\\\/uploads\\\/2025\\\/04\\\/FR_Salud-de-los-pueblos_website.png\",\"keywords\":[\"Ny\u00e9l\u00e9ni\",\"souverainet\u00e9 alimentaire\"],\"articleSection\":[\"Nouvelles\"],\"inLanguage\":\"fr-FR\"},{\"@type\":\"WebPage\",\"@id\":\"https:\\\/\\\/www.foodsovereignty.org\\\/fr\\\/la-sante-pour-tou-tes-est-inextricablement-liee-a-la-souverainete-alimentaire\\\/\",\"url\":\"https:\\\/\\\/www.foodsovereignty.org\\\/fr\\\/la-sante-pour-tou-tes-est-inextricablement-liee-a-la-souverainete-alimentaire\\\/\",\"name\":\"La sant\u00e9 pour tou-tes est li\u00e9e \u00e0 la souverainet\u00e9 alimentaire\",\"isPartOf\":{\"@id\":\"https:\\\/\\\/www.foodsovereignty.org\\\/fr\\\/#website\"},\"primaryImageOfPage\":{\"@id\":\"https:\\\/\\\/www.foodsovereignty.org\\\/fr\\\/la-sante-pour-tou-tes-est-inextricablement-liee-a-la-souverainete-alimentaire\\\/#primaryimage\"},\"image\":{\"@id\":\"https:\\\/\\\/www.foodsovereignty.org\\\/fr\\\/la-sante-pour-tou-tes-est-inextricablement-liee-a-la-souverainete-alimentaire\\\/#primaryimage\"},\"thumbnailUrl\":\"https:\\\/\\\/www.foodsovereignty.org\\\/wp-content\\\/uploads\\\/2025\\\/04\\\/FR_Salud-de-los-pueblos_website.png\",\"datePublished\":\"2025-04-07T09:47:44+00:00\",\"dateModified\":\"2025-04-07T12:09:43+00:00\",\"author\":{\"@id\":\"https:\\\/\\\/www.foodsovereignty.org\\\/fr\\\/#\\\/schema\\\/person\\\/c5d86d7101c42543207204332399e87e\"},\"description\":\"Le Mouvement pour la Sant\u00e9 des Peuples et le mouvement pour la Souverainet\u00e9 Alimentaire marcheront c\u00f4te \u00e0 c\u00f4te lors du 3e Forum Global Ny\u00e9l\u00e9ni\",\"breadcrumb\":{\"@id\":\"https:\\\/\\\/www.foodsovereignty.org\\\/fr\\\/la-sante-pour-tou-tes-est-inextricablement-liee-a-la-souverainete-alimentaire\\\/#breadcrumb\"},\"inLanguage\":\"fr-FR\",\"potentialAction\":[{\"@type\":\"ReadAction\",\"target\":[\"https:\\\/\\\/www.foodsovereignty.org\\\/fr\\\/la-sante-pour-tou-tes-est-inextricablement-liee-a-la-souverainete-alimentaire\\\/\"]}]},{\"@type\":\"ImageObject\",\"inLanguage\":\"fr-FR\",\"@id\":\"https:\\\/\\\/www.foodsovereignty.org\\\/fr\\\/la-sante-pour-tou-tes-est-inextricablement-liee-a-la-souverainete-alimentaire\\\/#primaryimage\",\"url\":\"https:\\\/\\\/www.foodsovereignty.org\\\/wp-content\\\/uploads\\\/2025\\\/04\\\/FR_Salud-de-los-pueblos_website.png\",\"contentUrl\":\"https:\\\/\\\/www.foodsovereignty.org\\\/wp-content\\\/uploads\\\/2025\\\/04\\\/FR_Salud-de-los-pueblos_website.png\",\"width\":1200,\"height\":800},{\"@type\":\"BreadcrumbList\",\"@id\":\"https:\\\/\\\/www.foodsovereignty.org\\\/fr\\\/la-sante-pour-tou-tes-est-inextricablement-liee-a-la-souverainete-alimentaire\\\/#breadcrumb\",\"itemListElement\":[{\"@type\":\"ListItem\",\"position\":1,\"name\":\"Home\",\"item\":\"https:\\\/\\\/www.foodsovereignty.org\\\/fr\\\/\"},{\"@type\":\"ListItem\",\"position\":2,\"name\":\"La sant\u00e9 pour tou-tes est inextricablement li\u00e9e \u00e0 la souverainet\u00e9 alimentaire\"}]},{\"@type\":\"WebSite\",\"@id\":\"https:\\\/\\\/www.foodsovereignty.org\\\/fr\\\/#website\",\"url\":\"https:\\\/\\\/www.foodsovereignty.org\\\/fr\\\/\",\"name\":\"International Planning Committee for Food Sovereignty (IPC)\",\"description\":\"\",\"potentialAction\":[{\"@type\":\"SearchAction\",\"target\":{\"@type\":\"EntryPoint\",\"urlTemplate\":\"https:\\\/\\\/www.foodsovereignty.org\\\/fr\\\/?s={search_term_string}\"},\"query-input\":{\"@type\":\"PropertyValueSpecification\",\"valueRequired\":true,\"valueName\":\"search_term_string\"}}],\"inLanguage\":\"fr-FR\"},{\"@type\":\"Person\",\"@id\":\"https:\\\/\\\/www.foodsovereignty.org\\\/fr\\\/#\\\/schema\\\/person\\\/c5d86d7101c42543207204332399e87e\",\"name\":\"IPC comms\",\"image\":{\"@type\":\"ImageObject\",\"inLanguage\":\"fr-FR\",\"@id\":\"https:\\\/\\\/secure.gravatar.com\\\/avatar\\\/383f0d7b56f08da80de57d5d3281a5757594759261b9b8cdeb29616624681e03?s=96&d=mm&r=g\",\"url\":\"https:\\\/\\\/secure.gravatar.com\\\/avatar\\\/383f0d7b56f08da80de57d5d3281a5757594759261b9b8cdeb29616624681e03?s=96&d=mm&r=g\",\"contentUrl\":\"https:\\\/\\\/secure.gravatar.com\\\/avatar\\\/383f0d7b56f08da80de57d5d3281a5757594759261b9b8cdeb29616624681e03?s=96&d=mm&r=g\",\"caption\":\"IPC comms\"},\"url\":\"https:\\\/\\\/www.foodsovereignty.org\\\/fr\\\/author\\\/ipc-comms\\\/\"}]}<\/script>\n<!-- \/ Yoast SEO plugin. -->","yoast_head_json":{"title":"La sant\u00e9 pour tou-tes est li\u00e9e \u00e0 la souverainet\u00e9 alimentaire","description":"Le Mouvement pour la Sant\u00e9 des Peuples et le mouvement pour la Souverainet\u00e9 Alimentaire marcheront c\u00f4te \u00e0 c\u00f4te lors du 3e Forum Global Ny\u00e9l\u00e9ni","robots":{"index":"index","follow":"follow","max-snippet":"max-snippet:-1","max-image-preview":"max-image-preview:large","max-video-preview":"max-video-preview:-1"},"canonical":"https:\/\/www.foodsovereignty.org\/fr\/la-sante-pour-tou-tes-est-inextricablement-liee-a-la-souverainete-alimentaire\/","og_locale":"fr_FR","og_type":"article","og_title":"La sant\u00e9 pour tou-tes est li\u00e9e \u00e0 la souverainet\u00e9 alimentaire","og_description":"Le Mouvement pour la Sant\u00e9 des Peuples et le mouvement pour la Souverainet\u00e9 Alimentaire marcheront c\u00f4te \u00e0 c\u00f4te lors du 3e Forum Global Ny\u00e9l\u00e9ni","og_url":"https:\/\/www.foodsovereignty.org\/fr\/la-sante-pour-tou-tes-est-inextricablement-liee-a-la-souverainete-alimentaire\/","og_site_name":"International Planning Committee for Food Sovereignty (IPC)","article_published_time":"2025-04-07T09:47:44+00:00","article_modified_time":"2025-04-07T12:09:43+00:00","og_image":[{"width":1200,"height":800,"url":"https:\/\/www.foodsovereignty.org\/wp-content\/uploads\/2025\/04\/FR_Salud-de-los-pueblos_website.png","type":"image\/png"}],"author":"IPC comms","twitter_card":"summary_large_image","twitter_misc":{"\u00c9crit par":"IPC comms","Dur\u00e9e de lecture estim\u00e9e":"7 minutes"},"schema":{"@context":"https:\/\/schema.org","@graph":[{"@type":"Article","@id":"https:\/\/www.foodsovereignty.org\/fr\/la-sante-pour-tou-tes-est-inextricablement-liee-a-la-souverainete-alimentaire\/#article","isPartOf":{"@id":"https:\/\/www.foodsovereignty.org\/fr\/la-sante-pour-tou-tes-est-inextricablement-liee-a-la-souverainete-alimentaire\/"},"author":{"name":"IPC comms","@id":"https:\/\/www.foodsovereignty.org\/fr\/#\/schema\/person\/c5d86d7101c42543207204332399e87e"},"headline":"La sant\u00e9 pour tou-tes est inextricablement li\u00e9e \u00e0 la souverainet\u00e9 alimentaire","datePublished":"2025-04-07T09:47:44+00:00","dateModified":"2025-04-07T12:09:43+00:00","mainEntityOfPage":{"@id":"https:\/\/www.foodsovereignty.org\/fr\/la-sante-pour-tou-tes-est-inextricablement-liee-a-la-souverainete-alimentaire\/"},"wordCount":1624,"image":{"@id":"https:\/\/www.foodsovereignty.org\/fr\/la-sante-pour-tou-tes-est-inextricablement-liee-a-la-souverainete-alimentaire\/#primaryimage"},"thumbnailUrl":"https:\/\/www.foodsovereignty.org\/wp-content\/uploads\/2025\/04\/FR_Salud-de-los-pueblos_website.png","keywords":["Ny\u00e9l\u00e9ni","souverainet\u00e9 alimentaire"],"articleSection":["Nouvelles"],"inLanguage":"fr-FR"},{"@type":"WebPage","@id":"https:\/\/www.foodsovereignty.org\/fr\/la-sante-pour-tou-tes-est-inextricablement-liee-a-la-souverainete-alimentaire\/","url":"https:\/\/www.foodsovereignty.org\/fr\/la-sante-pour-tou-tes-est-inextricablement-liee-a-la-souverainete-alimentaire\/","name":"La sant\u00e9 pour tou-tes est li\u00e9e \u00e0 la souverainet\u00e9 alimentaire","isPartOf":{"@id":"https:\/\/www.foodsovereignty.org\/fr\/#website"},"primaryImageOfPage":{"@id":"https:\/\/www.foodsovereignty.org\/fr\/la-sante-pour-tou-tes-est-inextricablement-liee-a-la-souverainete-alimentaire\/#primaryimage"},"image":{"@id":"https:\/\/www.foodsovereignty.org\/fr\/la-sante-pour-tou-tes-est-inextricablement-liee-a-la-souverainete-alimentaire\/#primaryimage"},"thumbnailUrl":"https:\/\/www.foodsovereignty.org\/wp-content\/uploads\/2025\/04\/FR_Salud-de-los-pueblos_website.png","datePublished":"2025-04-07T09:47:44+00:00","dateModified":"2025-04-07T12:09:43+00:00","author":{"@id":"https:\/\/www.foodsovereignty.org\/fr\/#\/schema\/person\/c5d86d7101c42543207204332399e87e"},"description":"Le Mouvement pour la Sant\u00e9 des Peuples et le mouvement pour la Souverainet\u00e9 Alimentaire marcheront c\u00f4te \u00e0 c\u00f4te lors du 3e Forum Global Ny\u00e9l\u00e9ni","breadcrumb":{"@id":"https:\/\/www.foodsovereignty.org\/fr\/la-sante-pour-tou-tes-est-inextricablement-liee-a-la-souverainete-alimentaire\/#breadcrumb"},"inLanguage":"fr-FR","potentialAction":[{"@type":"ReadAction","target":["https:\/\/www.foodsovereignty.org\/fr\/la-sante-pour-tou-tes-est-inextricablement-liee-a-la-souverainete-alimentaire\/"]}]},{"@type":"ImageObject","inLanguage":"fr-FR","@id":"https:\/\/www.foodsovereignty.org\/fr\/la-sante-pour-tou-tes-est-inextricablement-liee-a-la-souverainete-alimentaire\/#primaryimage","url":"https:\/\/www.foodsovereignty.org\/wp-content\/uploads\/2025\/04\/FR_Salud-de-los-pueblos_website.png","contentUrl":"https:\/\/www.foodsovereignty.org\/wp-content\/uploads\/2025\/04\/FR_Salud-de-los-pueblos_website.png","width":1200,"height":800},{"@type":"BreadcrumbList","@id":"https:\/\/www.foodsovereignty.org\/fr\/la-sante-pour-tou-tes-est-inextricablement-liee-a-la-souverainete-alimentaire\/#breadcrumb","itemListElement":[{"@type":"ListItem","position":1,"name":"Home","item":"https:\/\/www.foodsovereignty.org\/fr\/"},{"@type":"ListItem","position":2,"name":"La sant\u00e9 pour tou-tes est inextricablement li\u00e9e \u00e0 la souverainet\u00e9 alimentaire"}]},{"@type":"WebSite","@id":"https:\/\/www.foodsovereignty.org\/fr\/#website","url":"https:\/\/www.foodsovereignty.org\/fr\/","name":"International Planning Committee for Food Sovereignty (IPC)","description":"","potentialAction":[{"@type":"SearchAction","target":{"@type":"EntryPoint","urlTemplate":"https:\/\/www.foodsovereignty.org\/fr\/?s={search_term_string}"},"query-input":{"@type":"PropertyValueSpecification","valueRequired":true,"valueName":"search_term_string"}}],"inLanguage":"fr-FR"},{"@type":"Person","@id":"https:\/\/www.foodsovereignty.org\/fr\/#\/schema\/person\/c5d86d7101c42543207204332399e87e","name":"IPC comms","image":{"@type":"ImageObject","inLanguage":"fr-FR","@id":"https:\/\/secure.gravatar.com\/avatar\/383f0d7b56f08da80de57d5d3281a5757594759261b9b8cdeb29616624681e03?s=96&d=mm&r=g","url":"https:\/\/secure.gravatar.com\/avatar\/383f0d7b56f08da80de57d5d3281a5757594759261b9b8cdeb29616624681e03?s=96&d=mm&r=g","contentUrl":"https:\/\/secure.gravatar.com\/avatar\/383f0d7b56f08da80de57d5d3281a5757594759261b9b8cdeb29616624681e03?s=96&d=mm&r=g","caption":"IPC comms"},"url":"https:\/\/www.foodsovereignty.org\/fr\/author\/ipc-comms\/"}]}},"_links":{"self":[{"href":"https:\/\/www.foodsovereignty.org\/fr\/wp-json\/wp\/v2\/posts\/4491","targetHints":{"allow":["GET"]}}],"collection":[{"href":"https:\/\/www.foodsovereignty.org\/fr\/wp-json\/wp\/v2\/posts"}],"about":[{"href":"https:\/\/www.foodsovereignty.org\/fr\/wp-json\/wp\/v2\/types\/post"}],"author":[{"embeddable":true,"href":"https:\/\/www.foodsovereignty.org\/fr\/wp-json\/wp\/v2\/users\/7"}],"replies":[{"embeddable":true,"href":"https:\/\/www.foodsovereignty.org\/fr\/wp-json\/wp\/v2\/comments?post=4491"}],"version-history":[{"count":2,"href":"https:\/\/www.foodsovereignty.org\/fr\/wp-json\/wp\/v2\/posts\/4491\/revisions"}],"predecessor-version":[{"id":4502,"href":"https:\/\/www.foodsovereignty.org\/fr\/wp-json\/wp\/v2\/posts\/4491\/revisions\/4502"}],"wp:featuredmedia":[{"embeddable":true,"href":"https:\/\/www.foodsovereignty.org\/fr\/wp-json\/wp\/v2\/media\/4492"}],"wp:attachment":[{"href":"https:\/\/www.foodsovereignty.org\/fr\/wp-json\/wp\/v2\/media?parent=4491"}],"wp:term":[{"taxonomy":"category","embeddable":true,"href":"https:\/\/www.foodsovereignty.org\/fr\/wp-json\/wp\/v2\/categories?post=4491"},{"taxonomy":"post_tag","embeddable":true,"href":"https:\/\/www.foodsovereignty.org\/fr\/wp-json\/wp\/v2\/tags?post=4491"}],"curies":[{"name":"wp","href":"https:\/\/api.w.org\/{rel}","templated":true}]}}