{"id":4550,"date":"2025-05-21T11:52:46","date_gmt":"2025-05-21T11:52:46","guid":{"rendered":"https:\/\/www.foodsovereignty.org\/?p=4550"},"modified":"2025-05-21T11:52:46","modified_gmt":"2025-05-21T11:52:46","slug":"vers-la-deuxieme-conference-internationale-sur-la-reforme-agraire-et-le-developpement-rural-icarrd20","status":"publish","type":"post","link":"https:\/\/www.foodsovereignty.org\/fr\/vers-la-deuxieme-conference-internationale-sur-la-reforme-agraire-et-le-developpement-rural-icarrd20\/","title":{"rendered":"Vers la deuxi\u00e8me Conf\u00e9rence internationale sur la r\u00e9forme agraire et le d\u00e9veloppement rural (ICARRD+20)"},"content":{"rendered":"<p><em>Le <strong>Groupe de travail du CIP sur les terres, les for\u00eats, l&rsquo;eau et les territoires<\/strong> a particip\u00e9 au lancement officiel de <strong>CIRADR+20<\/strong>, qui aura lieu <strong>en Colombie en f\u00e9vrier 2026<\/strong>. Le coordinateur du groupe de travail, Nury Mart\u00ednez, a soulign\u00e9 l&rsquo;importance de la conf\u00e9rence pour r\u00e9soudre les probl\u00e8mes urgents d&rsquo;accaparement et de concentration des terres, et pour progresser vers la souverainet\u00e9 alimentaire.<\/em><\/p>\n<p>Le 28 avril 2025, le gouvernement colombien a officiellement lanc\u00e9 le processus de pr\u00e9paration de la deuxi\u00e8me <strong>Conf\u00e9rence internationale sur la r\u00e9forme agraire et le d\u00e9veloppement rural<\/strong> (CIRADR+20), qui se tiendra \u00e0 Cartagena du 24 au 26 f\u00e9vrier 2026. L&rsquo;\u00e9v\u00e9nement a r\u00e9uni des repr\u00e9sentants de haut niveau du Br\u00e9sil, du Mexique, du Honduras, de l&rsquo;Afrique du Sud et de l&rsquo;Organisation des Nations unies pour l&rsquo;alimentation et l&rsquo;agriculture (FAO). Il a fait suite \u00e0 l&rsquo;approbation, par le Comit\u00e9 des Nations unies sur la s\u00e9curit\u00e9 alimentaire mondiale et le Conseil de la FAO, de la proposition de la Colombie d&rsquo;organiser une nouvelle conf\u00e9rence, 20 ans apr\u00e8s la CIRADR de 2006 \u00e0 Porto Alegre.<\/p>\n<p>Le groupe de travail du CIP sur les terres, les for\u00eats, l&rsquo;eau et les territoires s&rsquo;est f\u00e9licit\u00e9 de ce lancement, apr\u00e8s avoir demand\u00e9 l&rsquo;organisation d&rsquo;une telle conf\u00e9rence depuis 2022, afin de fournir un espace multilat\u00e9ral n\u00e9cessaire et urgent pour \u00e9valuer les progr\u00e8s r\u00e9alis\u00e9s en mati\u00e8re de gouvernance responsable des terres, des p\u00eaches et des for\u00eats, et pour coordonner des politiques publiques efficaces visant \u00e0 r\u00e9soudre les probl\u00e8mes urgents li\u00e9s aux terres et aux autres ressources naturelles, notamment : l&rsquo;accaparement des terres et des ressources ; la concentration croissante des terres ; le changement climatique, la d\u00e9gradation des terres et la perte de biodiversit\u00e9 ; la violence \u00e0 l&rsquo;encontre des d\u00e9fenseurs des droits fonciers ; la discrimination \u00e0 l&rsquo;encontre des femmes et des filles ; et les conflits, l&rsquo;occupation et les guerres.<\/p>\n<p>S&rsquo;exprimant lors de l&rsquo;\u00e9v\u00e9nement, la co-coordinatrice du groupe de travail IPC, Nury Mart\u00ednez, a soulign\u00e9 la n\u00e9cessit\u00e9 pour la CIRADR+20 de redynamiser les efforts multilat\u00e9raux visant \u00e0 garantir une gouvernance responsable des terres et des ressources naturelles, fond\u00e9e sur les droits de l&rsquo;homme, la souverainet\u00e9 alimentaire et la justice sociale et environnementale. Plus pr\u00e9cis\u00e9ment, elle a d\u00e9clar\u00e9 que le groupe de travail du CIP attendait de la CIRADR+20 qu&rsquo;elle serve d&rsquo;espace critique pour :<\/p>\n<ul>\n<li>Analyser la situation mondiale dramatique de la d\u00e9possession des communaut\u00e9s, de l&rsquo;accaparement des terres et des ressources naturelles, de la destruction des \u00e9cosyst\u00e8mes par l&rsquo;extractivisme et de la concentration croissante des terres entre les mains du secteur des affaires et de l&rsquo;\u00e9lite qui lui est associ\u00e9e, les ultra-riches.<br \/>\nR\u00e9aliser une \u00e9valuation factuelle et participative des progr\u00e8s et des reculs en mati\u00e8re de respect, de protection et de promotion du droit \u00e0 la terre et aux territoires des paysans, des petits producteurs de denr\u00e9es alimentaires, des peuples autochtones, des communaut\u00e9s et des travailleurs depuis le premier CIRADR, l&rsquo;adoption des Directives sur la tenure et l&rsquo;adoption d&rsquo;instruments normatifs tels que la D\u00e9claration des Nations unies sur les droits des peuples autochtones (UNDRIP), la D\u00e9claration des Nations unies sur les droits des paysans et autres personnes travaillant dans les zones rurales (UNDROP) et la Recommandation g\u00e9n\u00e9rale n\u00b0 34 sur les droits des femmes rurales par le Conseil des ministres de l&rsquo;UE. 34 sur les droits des femmes rurales du Comit\u00e9 des Nations unies pour l&rsquo;\u00e9limination de la discrimination \u00e0 l&rsquo;\u00e9gard des femmes (CEDAW).<br \/>\nPromouvoir et soutenir les processus de politiques publiques nationales participatives pour r\u00e9pondre aux r\u00e9alit\u00e9s du terrain, en tenant compte de la diversit\u00e9 des contextes historiques et socioculturels. La CIRADR+20 devrait fournir une conception actualis\u00e9e de la r\u00e9forme agraire et de la r\u00e9alisation du droit \u00e0 la terre et aux territoires, ainsi qu&rsquo;un engagement clair des gouvernements \u00e0 faire progresser la r\u00e9alisation des droits de l&rsquo;homme, de la souverainet\u00e9 alimentaire et de l&rsquo;agro\u00e9cologie.<br \/>\nD\u00e9finir des mesures concr\u00e8tes pour assurer la mise en \u0153uvre des r\u00e9sultats de la CIRADR+20 par le biais de m\u00e9canismes institutionnels, y compris dans les espaces multilat\u00e9raux mondiaux tels que la FAO et le CSA, et les espaces r\u00e9gionaux de coordination multilat\u00e9rale. Plus pr\u00e9cis\u00e9ment, ces m\u00e9canismes devraient soutenir les processus nationaux et r\u00e9gionaux visant \u00e0 faire progresser les r\u00e9formes agraires et les politiques fonci\u00e8res, \u00e0 promouvoir la responsabilit\u00e9 et \u00e0 mettre en place des m\u00e9canismes pour assurer le suivi et le contr\u00f4le du respect par les \u00c9tats de leurs engagements et obligations au titre du droit international des droits de l&rsquo;homme et du droit de l&rsquo;environnement.<\/li>\n<\/ul>\n<p>&nbsp;<\/p>\n<p>Le groupe de travail du CIP sur les terres, les for\u00eats, l&rsquo;eau et les territoires r\u00e9it\u00e8re son engagement envers la CIRADR+20 et appelle les \u00c9tats, la FAO et les autres agences des Nations Unies, ainsi que les mouvements sociaux, les organisations de base et les peuples autochtones, \u00e0 soutenir et \u00e0 s&rsquo;engager dans ce processus crucial.<\/p>\n<p>Le texte int\u00e9gral de l&rsquo;intervention de Nury Mart\u00ednez est disponible <a href=\"https:\/\/viacampesina.org\/en\/wp-content\/uploads\/sites\/2\/2025\/05\/Puntos_Lanzamiento_CIRADR20_28-abril-2025-1.pdf\"><strong>ici<\/strong><\/a>.<\/p>\n","protected":false},"excerpt":{"rendered":"<p>Le Groupe de travail du CIP sur les terres, les for\u00eats, l&rsquo;eau et les territoires a particip\u00e9 au lancement officiel de CIRADR+20, qui aura lieu en Colombie en f\u00e9vrier 2026. Le coordinateur du groupe de travail, Nury Mart\u00ednez, a soulign\u00e9 l&rsquo;importance de la conf\u00e9rence pour r\u00e9soudre les probl\u00e8mes urgents d&rsquo;accaparement et de concentration des terres, [&hellip;]<\/p>\n","protected":false},"author":7,"featured_media":4544,"comment_status":"closed","ping_status":"closed","sticky":false,"template":"","format":"standard","meta":{"_acf_changed":false,"footnotes":""},"categories":[57],"tags":[428,427],"class_list":["post-4550","post","type-post","status-publish","format-standard","has-post-thumbnail","hentry","category-nouvelles","tag-ciradr20-fr","tag-icarrd20-fr","regional_processes_tax-africa","regional_processes_tax-asia-pacific","regional_processes_tax-europe-central-asia","regional_processes_tax-latin-america-caribbean","regional_processes_tax-near-east-north-africa","regional_processes_tax-north-america","working_groups_tax-land-forests-water-and-territory"],"acf":[],"yoast_head":"<!-- This site is optimized with the Yoast SEO plugin v27.5 - https:\/\/yoast.com\/product\/yoast-seo-wordpress\/ -->\n<title>Vers la deuxi\u00e8me Conf\u00e9rence internationale sur la r\u00e9forme agraire<\/title>\n<meta name=\"description\" content=\"Le Groupe de travail du CIP sur les terres, les for\u00eats, l&#039;eau et les territoires a particip\u00e9 au lancement officiel de CIRADR+20\" \/>\n<meta name=\"robots\" content=\"index, follow, max-snippet:-1, max-image-preview:large, max-video-preview:-1\" \/>\n<link rel=\"canonical\" href=\"https:\/\/www.foodsovereignty.org\/fr\/vers-la-deuxieme-conference-internationale-sur-la-reforme-agraire-et-le-developpement-rural-icarrd20\/\" \/>\n<meta property=\"og:locale\" content=\"fr_FR\" \/>\n<meta property=\"og:type\" content=\"article\" \/>\n<meta property=\"og:title\" content=\"Vers la deuxi\u00e8me Conf\u00e9rence internationale sur la r\u00e9forme agraire\" \/>\n<meta property=\"og:description\" content=\"Le Groupe de travail du CIP sur les terres, les for\u00eats, l&#039;eau et les territoires a particip\u00e9 au lancement officiel de CIRADR+20\" \/>\n<meta property=\"og:url\" content=\"https:\/\/www.foodsovereignty.org\/fr\/vers-la-deuxieme-conference-internationale-sur-la-reforme-agraire-et-le-developpement-rural-icarrd20\/\" \/>\n<meta property=\"og:site_name\" content=\"International Planning Committee for Food Sovereignty (IPC)\" \/>\n<meta property=\"article:published_time\" content=\"2025-05-21T11:52:46+00:00\" \/>\n<meta property=\"og:image\" content=\"https:\/\/www.foodsovereignty.org\/wp-content\/uploads\/2025\/05\/Foto-lanzamiento.jpg\" \/>\n\t<meta property=\"og:image:width\" content=\"960\" \/>\n\t<meta property=\"og:image:height\" content=\"434\" \/>\n\t<meta property=\"og:image:type\" content=\"image\/jpeg\" \/>\n<meta name=\"author\" content=\"IPC comms\" \/>\n<meta name=\"twitter:card\" content=\"summary_large_image\" \/>\n<meta name=\"twitter:label1\" content=\"\u00c9crit par\" \/>\n\t<meta name=\"twitter:data1\" content=\"IPC comms\" \/>\n\t<meta name=\"twitter:label2\" content=\"Dur\u00e9e de lecture estim\u00e9e\" \/>\n\t<meta name=\"twitter:data2\" content=\"4 minutes\" \/>\n<script type=\"application\/ld+json\" class=\"yoast-schema-graph\">{\"@context\":\"https:\\\/\\\/schema.org\",\"@graph\":[{\"@type\":\"Article\",\"@id\":\"https:\\\/\\\/www.foodsovereignty.org\\\/fr\\\/vers-la-deuxieme-conference-internationale-sur-la-reforme-agraire-et-le-developpement-rural-icarrd20\\\/#article\",\"isPartOf\":{\"@id\":\"https:\\\/\\\/www.foodsovereignty.org\\\/fr\\\/vers-la-deuxieme-conference-internationale-sur-la-reforme-agraire-et-le-developpement-rural-icarrd20\\\/\"},\"author\":{\"name\":\"IPC comms\",\"@id\":\"https:\\\/\\\/www.foodsovereignty.org\\\/fr\\\/#\\\/schema\\\/person\\\/c5d86d7101c42543207204332399e87e\"},\"headline\":\"Vers la deuxi\u00e8me Conf\u00e9rence internationale sur la r\u00e9forme agraire et le d\u00e9veloppement rural (ICARRD+20)\",\"datePublished\":\"2025-05-21T11:52:46+00:00\",\"mainEntityOfPage\":{\"@id\":\"https:\\\/\\\/www.foodsovereignty.org\\\/fr\\\/vers-la-deuxieme-conference-internationale-sur-la-reforme-agraire-et-le-developpement-rural-icarrd20\\\/\"},\"wordCount\":913,\"image\":{\"@id\":\"https:\\\/\\\/www.foodsovereignty.org\\\/fr\\\/vers-la-deuxieme-conference-internationale-sur-la-reforme-agraire-et-le-developpement-rural-icarrd20\\\/#primaryimage\"},\"thumbnailUrl\":\"https:\\\/\\\/www.foodsovereignty.org\\\/wp-content\\\/uploads\\\/2025\\\/05\\\/Foto-lanzamiento.jpg\",\"keywords\":[\"CIRADR+20\",\"ICARRD+20\"],\"articleSection\":[\"Nouvelles\"],\"inLanguage\":\"fr-FR\"},{\"@type\":\"WebPage\",\"@id\":\"https:\\\/\\\/www.foodsovereignty.org\\\/fr\\\/vers-la-deuxieme-conference-internationale-sur-la-reforme-agraire-et-le-developpement-rural-icarrd20\\\/\",\"url\":\"https:\\\/\\\/www.foodsovereignty.org\\\/fr\\\/vers-la-deuxieme-conference-internationale-sur-la-reforme-agraire-et-le-developpement-rural-icarrd20\\\/\",\"name\":\"Vers la deuxi\u00e8me Conf\u00e9rence internationale sur la r\u00e9forme agraire\",\"isPartOf\":{\"@id\":\"https:\\\/\\\/www.foodsovereignty.org\\\/fr\\\/#website\"},\"primaryImageOfPage\":{\"@id\":\"https:\\\/\\\/www.foodsovereignty.org\\\/fr\\\/vers-la-deuxieme-conference-internationale-sur-la-reforme-agraire-et-le-developpement-rural-icarrd20\\\/#primaryimage\"},\"image\":{\"@id\":\"https:\\\/\\\/www.foodsovereignty.org\\\/fr\\\/vers-la-deuxieme-conference-internationale-sur-la-reforme-agraire-et-le-developpement-rural-icarrd20\\\/#primaryimage\"},\"thumbnailUrl\":\"https:\\\/\\\/www.foodsovereignty.org\\\/wp-content\\\/uploads\\\/2025\\\/05\\\/Foto-lanzamiento.jpg\",\"datePublished\":\"2025-05-21T11:52:46+00:00\",\"author\":{\"@id\":\"https:\\\/\\\/www.foodsovereignty.org\\\/fr\\\/#\\\/schema\\\/person\\\/c5d86d7101c42543207204332399e87e\"},\"description\":\"Le Groupe de travail du CIP sur les terres, les for\u00eats, l'eau et les territoires a particip\u00e9 au lancement officiel de CIRADR+20\",\"breadcrumb\":{\"@id\":\"https:\\\/\\\/www.foodsovereignty.org\\\/fr\\\/vers-la-deuxieme-conference-internationale-sur-la-reforme-agraire-et-le-developpement-rural-icarrd20\\\/#breadcrumb\"},\"inLanguage\":\"fr-FR\",\"potentialAction\":[{\"@type\":\"ReadAction\",\"target\":[\"https:\\\/\\\/www.foodsovereignty.org\\\/fr\\\/vers-la-deuxieme-conference-internationale-sur-la-reforme-agraire-et-le-developpement-rural-icarrd20\\\/\"]}]},{\"@type\":\"ImageObject\",\"inLanguage\":\"fr-FR\",\"@id\":\"https:\\\/\\\/www.foodsovereignty.org\\\/fr\\\/vers-la-deuxieme-conference-internationale-sur-la-reforme-agraire-et-le-developpement-rural-icarrd20\\\/#primaryimage\",\"url\":\"https:\\\/\\\/www.foodsovereignty.org\\\/wp-content\\\/uploads\\\/2025\\\/05\\\/Foto-lanzamiento.jpg\",\"contentUrl\":\"https:\\\/\\\/www.foodsovereignty.org\\\/wp-content\\\/uploads\\\/2025\\\/05\\\/Foto-lanzamiento.jpg\",\"width\":960,\"height\":434},{\"@type\":\"BreadcrumbList\",\"@id\":\"https:\\\/\\\/www.foodsovereignty.org\\\/fr\\\/vers-la-deuxieme-conference-internationale-sur-la-reforme-agraire-et-le-developpement-rural-icarrd20\\\/#breadcrumb\",\"itemListElement\":[{\"@type\":\"ListItem\",\"position\":1,\"name\":\"Home\",\"item\":\"https:\\\/\\\/www.foodsovereignty.org\\\/fr\\\/\"},{\"@type\":\"ListItem\",\"position\":2,\"name\":\"Vers la deuxi\u00e8me Conf\u00e9rence internationale sur la r\u00e9forme agraire et le d\u00e9veloppement rural (ICARRD+20)\"}]},{\"@type\":\"WebSite\",\"@id\":\"https:\\\/\\\/www.foodsovereignty.org\\\/fr\\\/#website\",\"url\":\"https:\\\/\\\/www.foodsovereignty.org\\\/fr\\\/\",\"name\":\"International Planning Committee for Food Sovereignty (IPC)\",\"description\":\"\",\"potentialAction\":[{\"@type\":\"SearchAction\",\"target\":{\"@type\":\"EntryPoint\",\"urlTemplate\":\"https:\\\/\\\/www.foodsovereignty.org\\\/fr\\\/?s={search_term_string}\"},\"query-input\":{\"@type\":\"PropertyValueSpecification\",\"valueRequired\":true,\"valueName\":\"search_term_string\"}}],\"inLanguage\":\"fr-FR\"},{\"@type\":\"Person\",\"@id\":\"https:\\\/\\\/www.foodsovereignty.org\\\/fr\\\/#\\\/schema\\\/person\\\/c5d86d7101c42543207204332399e87e\",\"name\":\"IPC comms\",\"image\":{\"@type\":\"ImageObject\",\"inLanguage\":\"fr-FR\",\"@id\":\"https:\\\/\\\/secure.gravatar.com\\\/avatar\\\/383f0d7b56f08da80de57d5d3281a5757594759261b9b8cdeb29616624681e03?s=96&d=mm&r=g\",\"url\":\"https:\\\/\\\/secure.gravatar.com\\\/avatar\\\/383f0d7b56f08da80de57d5d3281a5757594759261b9b8cdeb29616624681e03?s=96&d=mm&r=g\",\"contentUrl\":\"https:\\\/\\\/secure.gravatar.com\\\/avatar\\\/383f0d7b56f08da80de57d5d3281a5757594759261b9b8cdeb29616624681e03?s=96&d=mm&r=g\",\"caption\":\"IPC comms\"},\"url\":\"https:\\\/\\\/www.foodsovereignty.org\\\/fr\\\/author\\\/ipc-comms\\\/\"}]}<\/script>\n<!-- \/ Yoast SEO plugin. -->","yoast_head_json":{"title":"Vers la deuxi\u00e8me Conf\u00e9rence internationale sur la r\u00e9forme agraire","description":"Le Groupe de travail du CIP sur les terres, les for\u00eats, l'eau et les territoires a particip\u00e9 au lancement officiel de CIRADR+20","robots":{"index":"index","follow":"follow","max-snippet":"max-snippet:-1","max-image-preview":"max-image-preview:large","max-video-preview":"max-video-preview:-1"},"canonical":"https:\/\/www.foodsovereignty.org\/fr\/vers-la-deuxieme-conference-internationale-sur-la-reforme-agraire-et-le-developpement-rural-icarrd20\/","og_locale":"fr_FR","og_type":"article","og_title":"Vers la deuxi\u00e8me Conf\u00e9rence internationale sur la r\u00e9forme agraire","og_description":"Le Groupe de travail du CIP sur les terres, les for\u00eats, l'eau et les territoires a particip\u00e9 au lancement officiel de CIRADR+20","og_url":"https:\/\/www.foodsovereignty.org\/fr\/vers-la-deuxieme-conference-internationale-sur-la-reforme-agraire-et-le-developpement-rural-icarrd20\/","og_site_name":"International Planning Committee for Food Sovereignty (IPC)","article_published_time":"2025-05-21T11:52:46+00:00","og_image":[{"width":960,"height":434,"url":"https:\/\/www.foodsovereignty.org\/wp-content\/uploads\/2025\/05\/Foto-lanzamiento.jpg","type":"image\/jpeg"}],"author":"IPC comms","twitter_card":"summary_large_image","twitter_misc":{"\u00c9crit par":"IPC comms","Dur\u00e9e de lecture estim\u00e9e":"4 minutes"},"schema":{"@context":"https:\/\/schema.org","@graph":[{"@type":"Article","@id":"https:\/\/www.foodsovereignty.org\/fr\/vers-la-deuxieme-conference-internationale-sur-la-reforme-agraire-et-le-developpement-rural-icarrd20\/#article","isPartOf":{"@id":"https:\/\/www.foodsovereignty.org\/fr\/vers-la-deuxieme-conference-internationale-sur-la-reforme-agraire-et-le-developpement-rural-icarrd20\/"},"author":{"name":"IPC comms","@id":"https:\/\/www.foodsovereignty.org\/fr\/#\/schema\/person\/c5d86d7101c42543207204332399e87e"},"headline":"Vers la deuxi\u00e8me Conf\u00e9rence internationale sur la r\u00e9forme agraire et le d\u00e9veloppement rural (ICARRD+20)","datePublished":"2025-05-21T11:52:46+00:00","mainEntityOfPage":{"@id":"https:\/\/www.foodsovereignty.org\/fr\/vers-la-deuxieme-conference-internationale-sur-la-reforme-agraire-et-le-developpement-rural-icarrd20\/"},"wordCount":913,"image":{"@id":"https:\/\/www.foodsovereignty.org\/fr\/vers-la-deuxieme-conference-internationale-sur-la-reforme-agraire-et-le-developpement-rural-icarrd20\/#primaryimage"},"thumbnailUrl":"https:\/\/www.foodsovereignty.org\/wp-content\/uploads\/2025\/05\/Foto-lanzamiento.jpg","keywords":["CIRADR+20","ICARRD+20"],"articleSection":["Nouvelles"],"inLanguage":"fr-FR"},{"@type":"WebPage","@id":"https:\/\/www.foodsovereignty.org\/fr\/vers-la-deuxieme-conference-internationale-sur-la-reforme-agraire-et-le-developpement-rural-icarrd20\/","url":"https:\/\/www.foodsovereignty.org\/fr\/vers-la-deuxieme-conference-internationale-sur-la-reforme-agraire-et-le-developpement-rural-icarrd20\/","name":"Vers la deuxi\u00e8me Conf\u00e9rence internationale sur la r\u00e9forme agraire","isPartOf":{"@id":"https:\/\/www.foodsovereignty.org\/fr\/#website"},"primaryImageOfPage":{"@id":"https:\/\/www.foodsovereignty.org\/fr\/vers-la-deuxieme-conference-internationale-sur-la-reforme-agraire-et-le-developpement-rural-icarrd20\/#primaryimage"},"image":{"@id":"https:\/\/www.foodsovereignty.org\/fr\/vers-la-deuxieme-conference-internationale-sur-la-reforme-agraire-et-le-developpement-rural-icarrd20\/#primaryimage"},"thumbnailUrl":"https:\/\/www.foodsovereignty.org\/wp-content\/uploads\/2025\/05\/Foto-lanzamiento.jpg","datePublished":"2025-05-21T11:52:46+00:00","author":{"@id":"https:\/\/www.foodsovereignty.org\/fr\/#\/schema\/person\/c5d86d7101c42543207204332399e87e"},"description":"Le Groupe de travail du CIP sur les terres, les for\u00eats, l'eau et les territoires a particip\u00e9 au lancement officiel de CIRADR+20","breadcrumb":{"@id":"https:\/\/www.foodsovereignty.org\/fr\/vers-la-deuxieme-conference-internationale-sur-la-reforme-agraire-et-le-developpement-rural-icarrd20\/#breadcrumb"},"inLanguage":"fr-FR","potentialAction":[{"@type":"ReadAction","target":["https:\/\/www.foodsovereignty.org\/fr\/vers-la-deuxieme-conference-internationale-sur-la-reforme-agraire-et-le-developpement-rural-icarrd20\/"]}]},{"@type":"ImageObject","inLanguage":"fr-FR","@id":"https:\/\/www.foodsovereignty.org\/fr\/vers-la-deuxieme-conference-internationale-sur-la-reforme-agraire-et-le-developpement-rural-icarrd20\/#primaryimage","url":"https:\/\/www.foodsovereignty.org\/wp-content\/uploads\/2025\/05\/Foto-lanzamiento.jpg","contentUrl":"https:\/\/www.foodsovereignty.org\/wp-content\/uploads\/2025\/05\/Foto-lanzamiento.jpg","width":960,"height":434},{"@type":"BreadcrumbList","@id":"https:\/\/www.foodsovereignty.org\/fr\/vers-la-deuxieme-conference-internationale-sur-la-reforme-agraire-et-le-developpement-rural-icarrd20\/#breadcrumb","itemListElement":[{"@type":"ListItem","position":1,"name":"Home","item":"https:\/\/www.foodsovereignty.org\/fr\/"},{"@type":"ListItem","position":2,"name":"Vers la deuxi\u00e8me Conf\u00e9rence internationale sur la r\u00e9forme agraire et le d\u00e9veloppement rural (ICARRD+20)"}]},{"@type":"WebSite","@id":"https:\/\/www.foodsovereignty.org\/fr\/#website","url":"https:\/\/www.foodsovereignty.org\/fr\/","name":"International Planning Committee for Food Sovereignty (IPC)","description":"","potentialAction":[{"@type":"SearchAction","target":{"@type":"EntryPoint","urlTemplate":"https:\/\/www.foodsovereignty.org\/fr\/?s={search_term_string}"},"query-input":{"@type":"PropertyValueSpecification","valueRequired":true,"valueName":"search_term_string"}}],"inLanguage":"fr-FR"},{"@type":"Person","@id":"https:\/\/www.foodsovereignty.org\/fr\/#\/schema\/person\/c5d86d7101c42543207204332399e87e","name":"IPC comms","image":{"@type":"ImageObject","inLanguage":"fr-FR","@id":"https:\/\/secure.gravatar.com\/avatar\/383f0d7b56f08da80de57d5d3281a5757594759261b9b8cdeb29616624681e03?s=96&d=mm&r=g","url":"https:\/\/secure.gravatar.com\/avatar\/383f0d7b56f08da80de57d5d3281a5757594759261b9b8cdeb29616624681e03?s=96&d=mm&r=g","contentUrl":"https:\/\/secure.gravatar.com\/avatar\/383f0d7b56f08da80de57d5d3281a5757594759261b9b8cdeb29616624681e03?s=96&d=mm&r=g","caption":"IPC comms"},"url":"https:\/\/www.foodsovereignty.org\/fr\/author\/ipc-comms\/"}]}},"_links":{"self":[{"href":"https:\/\/www.foodsovereignty.org\/fr\/wp-json\/wp\/v2\/posts\/4550","targetHints":{"allow":["GET"]}}],"collection":[{"href":"https:\/\/www.foodsovereignty.org\/fr\/wp-json\/wp\/v2\/posts"}],"about":[{"href":"https:\/\/www.foodsovereignty.org\/fr\/wp-json\/wp\/v2\/types\/post"}],"author":[{"embeddable":true,"href":"https:\/\/www.foodsovereignty.org\/fr\/wp-json\/wp\/v2\/users\/7"}],"replies":[{"embeddable":true,"href":"https:\/\/www.foodsovereignty.org\/fr\/wp-json\/wp\/v2\/comments?post=4550"}],"version-history":[{"count":1,"href":"https:\/\/www.foodsovereignty.org\/fr\/wp-json\/wp\/v2\/posts\/4550\/revisions"}],"predecessor-version":[{"id":4551,"href":"https:\/\/www.foodsovereignty.org\/fr\/wp-json\/wp\/v2\/posts\/4550\/revisions\/4551"}],"wp:featuredmedia":[{"embeddable":true,"href":"https:\/\/www.foodsovereignty.org\/fr\/wp-json\/wp\/v2\/media\/4544"}],"wp:attachment":[{"href":"https:\/\/www.foodsovereignty.org\/fr\/wp-json\/wp\/v2\/media?parent=4550"}],"wp:term":[{"taxonomy":"category","embeddable":true,"href":"https:\/\/www.foodsovereignty.org\/fr\/wp-json\/wp\/v2\/categories?post=4550"},{"taxonomy":"post_tag","embeddable":true,"href":"https:\/\/www.foodsovereignty.org\/fr\/wp-json\/wp\/v2\/tags?post=4550"}],"curies":[{"name":"wp","href":"https:\/\/api.w.org\/{rel}","templated":true}]}}