{"id":4801,"date":"2025-09-18T10:54:17","date_gmt":"2025-09-18T10:54:17","guid":{"rendered":"https:\/\/www.foodsovereignty.org\/?p=4801"},"modified":"2025-09-18T10:54:18","modified_gmt":"2025-09-18T10:54:18","slug":"les-mouvements-appellent-a-une-transformation-systemique-alors-que-le-forum-mondial-nyeleni-se-conclut","status":"publish","type":"post","link":"https:\/\/www.foodsovereignty.org\/fr\/les-mouvements-appellent-a-une-transformation-systemique-alors-que-le-forum-mondial-nyeleni-se-conclut\/","title":{"rendered":"Les mouvements appellent \u00e0 une transformation syst\u00e9mique alors que le Forum Mondial Ny\u00e9l\u00e9ni se conclut"},"content":{"rendered":"<p data-start=\"2031\" data-end=\"2189\">Apr\u00e8s deux semaines au Sri Lanka, o\u00f9 le CIP a collabor\u00e9 \u00e0 l\u2019organisation du <strong>3e Forum Mondial Ny\u00e9l\u00e9ni<\/strong>, les repr\u00e9sentants des mouvements sont rentr\u00e9s chez eux.<\/p>\n<p data-start=\"2191\" data-end=\"2783\">Ce furent des journ\u00e9es intenses de travail acharn\u00e9 et d\u2019\u00e9motions fortes. Plus de 700 personnes, dont 420 d\u00e9l\u00e9gu\u00e9s de mouvements de base de toutes les r\u00e9gions du monde, se sont r\u00e9unies pour \u00e9laborer un <strong>Agenda Politique d\u2019Action Commun<\/strong>. Les discussions \u00e0 l\u2019Institut National de D\u00e9veloppement Coop\u00e9ratif de Kandy ont conduit \u00e0 une liste d\u2019actions prioritaires et d\u2019\u00e9ch\u00e9ances pour lancer ou renforcer conjointement des campagnes mondiales et des mobilisations par la base. Une <strong>d\u00e9claration conjointe<\/strong>, lue en plusieurs langues par des membres du Comit\u00e9 de Coordination Global, a cl\u00f4tur\u00e9 le Forum.<\/p>\n<p data-start=\"2785\" data-end=\"2988\">Ce processus a \u00e9t\u00e9 rendu possible gr\u00e2ce au travail de centaines de personnes du staff et de voluntaires qui se sont consacr\u00e9s aux finances, \u00e0 la communication, \u00e0 la logistique et au soin des espaces.<\/p>\n<p data-start=\"2990\" data-end=\"3535\"><strong>Il reste beaucoup \u00e0 faire pour mettre en \u0153uvre les propositions qui ont \u00e9merg\u00e9<\/strong>. Pour la premi\u00e8re fois, le mouvement pour la souverainet\u00e9 alimentaire s\u2019est ouvert \u00e0 des luttes alli\u00e9es mais diff\u00e9rentes, notamment les mouvements pour la sant\u00e9 pour tous, la justice climatique et l\u2019\u00e9conomie sociale et solidaire. Cette diversit\u00e9 s\u2019est \u00e9galement refl\u00e9t\u00e9e dans l\u2019\u00e9l\u00e9ment cl\u00e9 de convergence : si en 2007 l\u2019accent \u00e9tait mis sur la <strong>souverainet\u00e9 alimentaire<\/strong>, et en 2015 sur l\u2019<strong>agro\u00e9cologie<\/strong>, en 2025 l\u2019appel unificateur a \u00e9t\u00e9 la <strong>transformation syst\u00e9mique<\/strong>.<\/p>\n<p data-start=\"3537\" data-end=\"3817\">Transformer cette vision en r\u00e9alit\u00e9 sera une mission difficile, mais que nous sommes d\u00e9termin\u00e9s \u00e0 poursuivre ensemble. L\u2019Agenda Politique d\u2019Action Commun et la D\u00e9claration seront finalis\u00e9s dans les prochaines semaines, en int\u00e9grant les contributions recueillies durant le Forum.<\/p>\n<p data-start=\"3819\" data-end=\"4101\">Nous, le CIP, continuerons \u00e0 faire notre part dans la construction de r\u00e9ponses collectives aux crises d\u2019une plan\u00e8te qui se r\u00e9chauffe, entra\u00een\u00e9es par la violente rationalit\u00e9 n\u00e9olib\u00e9rale et par des guerres contre les peuples, comme le montre tragiquement le g\u00e9nocide en cours \u00e0 Gaza.<\/p>\n","protected":false},"excerpt":{"rendered":"<p>Apr\u00e8s deux semaines au Sri Lanka, o\u00f9 le CIP a collabor\u00e9 \u00e0 l\u2019organisation du 3e Forum Mondial Ny\u00e9l\u00e9ni, les repr\u00e9sentants des mouvements sont rentr\u00e9s chez eux. Ce furent des journ\u00e9es intenses de travail acharn\u00e9 et d\u2019\u00e9motions fortes. Plus de 700 personnes, dont 420 d\u00e9l\u00e9gu\u00e9s de mouvements de base de toutes les r\u00e9gions du monde, se [&hellip;]<\/p>\n","protected":false},"author":7,"featured_media":4798,"comment_status":"closed","ping_status":"closed","sticky":false,"template":"","format":"standard","meta":{"_acf_changed":false,"footnotes":""},"categories":[57],"tags":[389],"class_list":["post-4801","post","type-post","status-publish","format-standard","has-post-thumbnail","hentry","category-nouvelles","tag-nyeleni-fr","regional_processes_tax-africa","regional_processes_tax-asia-pacific","regional_processes_tax-europe-central-asia","regional_processes_tax-latin-america-caribbean","regional_processes_tax-near-east-north-africa","regional_processes_tax-north-america"],"acf":[],"yoast_head":"<!-- This site is optimized with the Yoast SEO plugin v27.4 - https:\/\/yoast.com\/product\/yoast-seo-wordpress\/ -->\n<title>Forum Mondial Ny\u00e9l\u00e9ni: vers la transformation syst\u00e9mique<\/title>\n<meta name=\"description\" content=\"De la souverainet\u00e9 alimentaire \u00e0 l\u2019agro\u00e9cologie, une nouvelle \u00e9tape du Forum Mondial Ny\u00e9l\u00e9ni a commenc\u00e9 en Sri Lanka\" \/>\n<meta name=\"robots\" content=\"index, follow, max-snippet:-1, max-image-preview:large, max-video-preview:-1\" \/>\n<link rel=\"canonical\" href=\"https:\/\/www.foodsovereignty.org\/fr\/les-mouvements-appellent-a-une-transformation-systemique-alors-que-le-forum-mondial-nyeleni-se-conclut\/\" \/>\n<meta property=\"og:locale\" content=\"fr_FR\" \/>\n<meta property=\"og:type\" content=\"article\" \/>\n<meta property=\"og:title\" content=\"Forum Mondial Ny\u00e9l\u00e9ni: vers la transformation syst\u00e9mique\" \/>\n<meta property=\"og:description\" content=\"De la souverainet\u00e9 alimentaire \u00e0 l\u2019agro\u00e9cologie, une nouvelle \u00e9tape du Forum Mondial Ny\u00e9l\u00e9ni a commenc\u00e9 en Sri Lanka\" \/>\n<meta property=\"og:url\" content=\"https:\/\/www.foodsovereignty.org\/fr\/les-mouvements-appellent-a-une-transformation-systemique-alors-que-le-forum-mondial-nyeleni-se-conclut\/\" \/>\n<meta property=\"og:site_name\" content=\"International Planning Committee for Food Sovereignty (IPC)\" \/>\n<meta property=\"article:published_time\" content=\"2025-09-18T10:54:17+00:00\" \/>\n<meta property=\"article:modified_time\" content=\"2025-09-18T10:54:18+00:00\" \/>\n<meta property=\"og:image\" content=\"https:\/\/www.foodsovereignty.org\/wp-content\/uploads\/2025\/09\/Nyeleni-3-e1758191665856.jpg\" \/>\n\t<meta property=\"og:image:width\" content=\"2048\" \/>\n\t<meta property=\"og:image:height\" content=\"1363\" \/>\n\t<meta property=\"og:image:type\" content=\"image\/jpeg\" \/>\n<meta name=\"author\" content=\"IPC comms\" \/>\n<meta name=\"twitter:card\" content=\"summary_large_image\" \/>\n<meta name=\"twitter:label1\" content=\"\u00c9crit par\" \/>\n\t<meta name=\"twitter:data1\" content=\"IPC comms\" \/>\n\t<meta name=\"twitter:label2\" content=\"Dur\u00e9e de lecture estim\u00e9e\" \/>\n\t<meta name=\"twitter:data2\" content=\"2 minutes\" \/>\n<script type=\"application\/ld+json\" class=\"yoast-schema-graph\">{\"@context\":\"https:\\\/\\\/schema.org\",\"@graph\":[{\"@type\":\"Article\",\"@id\":\"https:\\\/\\\/www.foodsovereignty.org\\\/fr\\\/les-mouvements-appellent-a-une-transformation-systemique-alors-que-le-forum-mondial-nyeleni-se-conclut\\\/#article\",\"isPartOf\":{\"@id\":\"https:\\\/\\\/www.foodsovereignty.org\\\/fr\\\/les-mouvements-appellent-a-une-transformation-systemique-alors-que-le-forum-mondial-nyeleni-se-conclut\\\/\"},\"author\":{\"name\":\"IPC comms\",\"@id\":\"https:\\\/\\\/www.foodsovereignty.org\\\/fr\\\/#\\\/schema\\\/person\\\/c5d86d7101c42543207204332399e87e\"},\"headline\":\"Les mouvements appellent \u00e0 une transformation syst\u00e9mique alors que le Forum Mondial Ny\u00e9l\u00e9ni se conclut\",\"datePublished\":\"2025-09-18T10:54:17+00:00\",\"dateModified\":\"2025-09-18T10:54:18+00:00\",\"mainEntityOfPage\":{\"@id\":\"https:\\\/\\\/www.foodsovereignty.org\\\/fr\\\/les-mouvements-appellent-a-une-transformation-systemique-alors-que-le-forum-mondial-nyeleni-se-conclut\\\/\"},\"wordCount\":373,\"image\":{\"@id\":\"https:\\\/\\\/www.foodsovereignty.org\\\/fr\\\/les-mouvements-appellent-a-une-transformation-systemique-alors-que-le-forum-mondial-nyeleni-se-conclut\\\/#primaryimage\"},\"thumbnailUrl\":\"https:\\\/\\\/www.foodsovereignty.org\\\/wp-content\\\/uploads\\\/2025\\\/09\\\/Nyeleni-3-e1758191665856.jpg\",\"keywords\":[\"Ny\u00e9l\u00e9ni\"],\"articleSection\":[\"Nouvelles\"],\"inLanguage\":\"fr-FR\"},{\"@type\":\"WebPage\",\"@id\":\"https:\\\/\\\/www.foodsovereignty.org\\\/fr\\\/les-mouvements-appellent-a-une-transformation-systemique-alors-que-le-forum-mondial-nyeleni-se-conclut\\\/\",\"url\":\"https:\\\/\\\/www.foodsovereignty.org\\\/fr\\\/les-mouvements-appellent-a-une-transformation-systemique-alors-que-le-forum-mondial-nyeleni-se-conclut\\\/\",\"name\":\"Forum Mondial Ny\u00e9l\u00e9ni: vers la transformation syst\u00e9mique\",\"isPartOf\":{\"@id\":\"https:\\\/\\\/www.foodsovereignty.org\\\/fr\\\/#website\"},\"primaryImageOfPage\":{\"@id\":\"https:\\\/\\\/www.foodsovereignty.org\\\/fr\\\/les-mouvements-appellent-a-une-transformation-systemique-alors-que-le-forum-mondial-nyeleni-se-conclut\\\/#primaryimage\"},\"image\":{\"@id\":\"https:\\\/\\\/www.foodsovereignty.org\\\/fr\\\/les-mouvements-appellent-a-une-transformation-systemique-alors-que-le-forum-mondial-nyeleni-se-conclut\\\/#primaryimage\"},\"thumbnailUrl\":\"https:\\\/\\\/www.foodsovereignty.org\\\/wp-content\\\/uploads\\\/2025\\\/09\\\/Nyeleni-3-e1758191665856.jpg\",\"datePublished\":\"2025-09-18T10:54:17+00:00\",\"dateModified\":\"2025-09-18T10:54:18+00:00\",\"author\":{\"@id\":\"https:\\\/\\\/www.foodsovereignty.org\\\/fr\\\/#\\\/schema\\\/person\\\/c5d86d7101c42543207204332399e87e\"},\"description\":\"De la souverainet\u00e9 alimentaire \u00e0 l\u2019agro\u00e9cologie, une nouvelle \u00e9tape du Forum Mondial Ny\u00e9l\u00e9ni a commenc\u00e9 en Sri Lanka\",\"breadcrumb\":{\"@id\":\"https:\\\/\\\/www.foodsovereignty.org\\\/fr\\\/les-mouvements-appellent-a-une-transformation-systemique-alors-que-le-forum-mondial-nyeleni-se-conclut\\\/#breadcrumb\"},\"inLanguage\":\"fr-FR\",\"potentialAction\":[{\"@type\":\"ReadAction\",\"target\":[\"https:\\\/\\\/www.foodsovereignty.org\\\/fr\\\/les-mouvements-appellent-a-une-transformation-systemique-alors-que-le-forum-mondial-nyeleni-se-conclut\\\/\"]}]},{\"@type\":\"ImageObject\",\"inLanguage\":\"fr-FR\",\"@id\":\"https:\\\/\\\/www.foodsovereignty.org\\\/fr\\\/les-mouvements-appellent-a-une-transformation-systemique-alors-que-le-forum-mondial-nyeleni-se-conclut\\\/#primaryimage\",\"url\":\"https:\\\/\\\/www.foodsovereignty.org\\\/wp-content\\\/uploads\\\/2025\\\/09\\\/Nyeleni-3-e1758191665856.jpg\",\"contentUrl\":\"https:\\\/\\\/www.foodsovereignty.org\\\/wp-content\\\/uploads\\\/2025\\\/09\\\/Nyeleni-3-e1758191665856.jpg\",\"width\":2048,\"height\":1363},{\"@type\":\"BreadcrumbList\",\"@id\":\"https:\\\/\\\/www.foodsovereignty.org\\\/fr\\\/les-mouvements-appellent-a-une-transformation-systemique-alors-que-le-forum-mondial-nyeleni-se-conclut\\\/#breadcrumb\",\"itemListElement\":[{\"@type\":\"ListItem\",\"position\":1,\"name\":\"Home\",\"item\":\"https:\\\/\\\/www.foodsovereignty.org\\\/fr\\\/\"},{\"@type\":\"ListItem\",\"position\":2,\"name\":\"Les mouvements appellent \u00e0 une transformation syst\u00e9mique alors que le Forum Mondial Ny\u00e9l\u00e9ni se conclut\"}]},{\"@type\":\"WebSite\",\"@id\":\"https:\\\/\\\/www.foodsovereignty.org\\\/fr\\\/#website\",\"url\":\"https:\\\/\\\/www.foodsovereignty.org\\\/fr\\\/\",\"name\":\"International Planning Committee for Food Sovereignty (IPC)\",\"description\":\"\",\"potentialAction\":[{\"@type\":\"SearchAction\",\"target\":{\"@type\":\"EntryPoint\",\"urlTemplate\":\"https:\\\/\\\/www.foodsovereignty.org\\\/fr\\\/?s={search_term_string}\"},\"query-input\":{\"@type\":\"PropertyValueSpecification\",\"valueRequired\":true,\"valueName\":\"search_term_string\"}}],\"inLanguage\":\"fr-FR\"},{\"@type\":\"Person\",\"@id\":\"https:\\\/\\\/www.foodsovereignty.org\\\/fr\\\/#\\\/schema\\\/person\\\/c5d86d7101c42543207204332399e87e\",\"name\":\"IPC comms\",\"image\":{\"@type\":\"ImageObject\",\"inLanguage\":\"fr-FR\",\"@id\":\"https:\\\/\\\/secure.gravatar.com\\\/avatar\\\/383f0d7b56f08da80de57d5d3281a5757594759261b9b8cdeb29616624681e03?s=96&d=mm&r=g\",\"url\":\"https:\\\/\\\/secure.gravatar.com\\\/avatar\\\/383f0d7b56f08da80de57d5d3281a5757594759261b9b8cdeb29616624681e03?s=96&d=mm&r=g\",\"contentUrl\":\"https:\\\/\\\/secure.gravatar.com\\\/avatar\\\/383f0d7b56f08da80de57d5d3281a5757594759261b9b8cdeb29616624681e03?s=96&d=mm&r=g\",\"caption\":\"IPC comms\"},\"url\":\"https:\\\/\\\/www.foodsovereignty.org\\\/fr\\\/author\\\/ipc-comms\\\/\"}]}<\/script>\n<!-- \/ Yoast SEO plugin. -->","yoast_head_json":{"title":"Forum Mondial Ny\u00e9l\u00e9ni: vers la transformation syst\u00e9mique","description":"De la souverainet\u00e9 alimentaire \u00e0 l\u2019agro\u00e9cologie, une nouvelle \u00e9tape du Forum Mondial Ny\u00e9l\u00e9ni a commenc\u00e9 en Sri Lanka","robots":{"index":"index","follow":"follow","max-snippet":"max-snippet:-1","max-image-preview":"max-image-preview:large","max-video-preview":"max-video-preview:-1"},"canonical":"https:\/\/www.foodsovereignty.org\/fr\/les-mouvements-appellent-a-une-transformation-systemique-alors-que-le-forum-mondial-nyeleni-se-conclut\/","og_locale":"fr_FR","og_type":"article","og_title":"Forum Mondial Ny\u00e9l\u00e9ni: vers la transformation syst\u00e9mique","og_description":"De la souverainet\u00e9 alimentaire \u00e0 l\u2019agro\u00e9cologie, une nouvelle \u00e9tape du Forum Mondial Ny\u00e9l\u00e9ni a commenc\u00e9 en Sri Lanka","og_url":"https:\/\/www.foodsovereignty.org\/fr\/les-mouvements-appellent-a-une-transformation-systemique-alors-que-le-forum-mondial-nyeleni-se-conclut\/","og_site_name":"International Planning Committee for Food Sovereignty (IPC)","article_published_time":"2025-09-18T10:54:17+00:00","article_modified_time":"2025-09-18T10:54:18+00:00","og_image":[{"width":2048,"height":1363,"url":"https:\/\/www.foodsovereignty.org\/wp-content\/uploads\/2025\/09\/Nyeleni-3-e1758191665856.jpg","type":"image\/jpeg"}],"author":"IPC comms","twitter_card":"summary_large_image","twitter_misc":{"\u00c9crit par":"IPC comms","Dur\u00e9e de lecture estim\u00e9e":"2 minutes"},"schema":{"@context":"https:\/\/schema.org","@graph":[{"@type":"Article","@id":"https:\/\/www.foodsovereignty.org\/fr\/les-mouvements-appellent-a-une-transformation-systemique-alors-que-le-forum-mondial-nyeleni-se-conclut\/#article","isPartOf":{"@id":"https:\/\/www.foodsovereignty.org\/fr\/les-mouvements-appellent-a-une-transformation-systemique-alors-que-le-forum-mondial-nyeleni-se-conclut\/"},"author":{"name":"IPC comms","@id":"https:\/\/www.foodsovereignty.org\/fr\/#\/schema\/person\/c5d86d7101c42543207204332399e87e"},"headline":"Les mouvements appellent \u00e0 une transformation syst\u00e9mique alors que le Forum Mondial Ny\u00e9l\u00e9ni se conclut","datePublished":"2025-09-18T10:54:17+00:00","dateModified":"2025-09-18T10:54:18+00:00","mainEntityOfPage":{"@id":"https:\/\/www.foodsovereignty.org\/fr\/les-mouvements-appellent-a-une-transformation-systemique-alors-que-le-forum-mondial-nyeleni-se-conclut\/"},"wordCount":373,"image":{"@id":"https:\/\/www.foodsovereignty.org\/fr\/les-mouvements-appellent-a-une-transformation-systemique-alors-que-le-forum-mondial-nyeleni-se-conclut\/#primaryimage"},"thumbnailUrl":"https:\/\/www.foodsovereignty.org\/wp-content\/uploads\/2025\/09\/Nyeleni-3-e1758191665856.jpg","keywords":["Ny\u00e9l\u00e9ni"],"articleSection":["Nouvelles"],"inLanguage":"fr-FR"},{"@type":"WebPage","@id":"https:\/\/www.foodsovereignty.org\/fr\/les-mouvements-appellent-a-une-transformation-systemique-alors-que-le-forum-mondial-nyeleni-se-conclut\/","url":"https:\/\/www.foodsovereignty.org\/fr\/les-mouvements-appellent-a-une-transformation-systemique-alors-que-le-forum-mondial-nyeleni-se-conclut\/","name":"Forum Mondial Ny\u00e9l\u00e9ni: vers la transformation syst\u00e9mique","isPartOf":{"@id":"https:\/\/www.foodsovereignty.org\/fr\/#website"},"primaryImageOfPage":{"@id":"https:\/\/www.foodsovereignty.org\/fr\/les-mouvements-appellent-a-une-transformation-systemique-alors-que-le-forum-mondial-nyeleni-se-conclut\/#primaryimage"},"image":{"@id":"https:\/\/www.foodsovereignty.org\/fr\/les-mouvements-appellent-a-une-transformation-systemique-alors-que-le-forum-mondial-nyeleni-se-conclut\/#primaryimage"},"thumbnailUrl":"https:\/\/www.foodsovereignty.org\/wp-content\/uploads\/2025\/09\/Nyeleni-3-e1758191665856.jpg","datePublished":"2025-09-18T10:54:17+00:00","dateModified":"2025-09-18T10:54:18+00:00","author":{"@id":"https:\/\/www.foodsovereignty.org\/fr\/#\/schema\/person\/c5d86d7101c42543207204332399e87e"},"description":"De la souverainet\u00e9 alimentaire \u00e0 l\u2019agro\u00e9cologie, une nouvelle \u00e9tape du Forum Mondial Ny\u00e9l\u00e9ni a commenc\u00e9 en Sri Lanka","breadcrumb":{"@id":"https:\/\/www.foodsovereignty.org\/fr\/les-mouvements-appellent-a-une-transformation-systemique-alors-que-le-forum-mondial-nyeleni-se-conclut\/#breadcrumb"},"inLanguage":"fr-FR","potentialAction":[{"@type":"ReadAction","target":["https:\/\/www.foodsovereignty.org\/fr\/les-mouvements-appellent-a-une-transformation-systemique-alors-que-le-forum-mondial-nyeleni-se-conclut\/"]}]},{"@type":"ImageObject","inLanguage":"fr-FR","@id":"https:\/\/www.foodsovereignty.org\/fr\/les-mouvements-appellent-a-une-transformation-systemique-alors-que-le-forum-mondial-nyeleni-se-conclut\/#primaryimage","url":"https:\/\/www.foodsovereignty.org\/wp-content\/uploads\/2025\/09\/Nyeleni-3-e1758191665856.jpg","contentUrl":"https:\/\/www.foodsovereignty.org\/wp-content\/uploads\/2025\/09\/Nyeleni-3-e1758191665856.jpg","width":2048,"height":1363},{"@type":"BreadcrumbList","@id":"https:\/\/www.foodsovereignty.org\/fr\/les-mouvements-appellent-a-une-transformation-systemique-alors-que-le-forum-mondial-nyeleni-se-conclut\/#breadcrumb","itemListElement":[{"@type":"ListItem","position":1,"name":"Home","item":"https:\/\/www.foodsovereignty.org\/fr\/"},{"@type":"ListItem","position":2,"name":"Les mouvements appellent \u00e0 une transformation syst\u00e9mique alors que le Forum Mondial Ny\u00e9l\u00e9ni se conclut"}]},{"@type":"WebSite","@id":"https:\/\/www.foodsovereignty.org\/fr\/#website","url":"https:\/\/www.foodsovereignty.org\/fr\/","name":"International Planning Committee for Food Sovereignty (IPC)","description":"","potentialAction":[{"@type":"SearchAction","target":{"@type":"EntryPoint","urlTemplate":"https:\/\/www.foodsovereignty.org\/fr\/?s={search_term_string}"},"query-input":{"@type":"PropertyValueSpecification","valueRequired":true,"valueName":"search_term_string"}}],"inLanguage":"fr-FR"},{"@type":"Person","@id":"https:\/\/www.foodsovereignty.org\/fr\/#\/schema\/person\/c5d86d7101c42543207204332399e87e","name":"IPC comms","image":{"@type":"ImageObject","inLanguage":"fr-FR","@id":"https:\/\/secure.gravatar.com\/avatar\/383f0d7b56f08da80de57d5d3281a5757594759261b9b8cdeb29616624681e03?s=96&d=mm&r=g","url":"https:\/\/secure.gravatar.com\/avatar\/383f0d7b56f08da80de57d5d3281a5757594759261b9b8cdeb29616624681e03?s=96&d=mm&r=g","contentUrl":"https:\/\/secure.gravatar.com\/avatar\/383f0d7b56f08da80de57d5d3281a5757594759261b9b8cdeb29616624681e03?s=96&d=mm&r=g","caption":"IPC comms"},"url":"https:\/\/www.foodsovereignty.org\/fr\/author\/ipc-comms\/"}]}},"_links":{"self":[{"href":"https:\/\/www.foodsovereignty.org\/fr\/wp-json\/wp\/v2\/posts\/4801","targetHints":{"allow":["GET"]}}],"collection":[{"href":"https:\/\/www.foodsovereignty.org\/fr\/wp-json\/wp\/v2\/posts"}],"about":[{"href":"https:\/\/www.foodsovereignty.org\/fr\/wp-json\/wp\/v2\/types\/post"}],"author":[{"embeddable":true,"href":"https:\/\/www.foodsovereignty.org\/fr\/wp-json\/wp\/v2\/users\/7"}],"replies":[{"embeddable":true,"href":"https:\/\/www.foodsovereignty.org\/fr\/wp-json\/wp\/v2\/comments?post=4801"}],"version-history":[{"count":1,"href":"https:\/\/www.foodsovereignty.org\/fr\/wp-json\/wp\/v2\/posts\/4801\/revisions"}],"predecessor-version":[{"id":4802,"href":"https:\/\/www.foodsovereignty.org\/fr\/wp-json\/wp\/v2\/posts\/4801\/revisions\/4802"}],"wp:featuredmedia":[{"embeddable":true,"href":"https:\/\/www.foodsovereignty.org\/fr\/wp-json\/wp\/v2\/media\/4798"}],"wp:attachment":[{"href":"https:\/\/www.foodsovereignty.org\/fr\/wp-json\/wp\/v2\/media?parent=4801"}],"wp:term":[{"taxonomy":"category","embeddable":true,"href":"https:\/\/www.foodsovereignty.org\/fr\/wp-json\/wp\/v2\/categories?post=4801"},{"taxonomy":"post_tag","embeddable":true,"href":"https:\/\/www.foodsovereignty.org\/fr\/wp-json\/wp\/v2\/tags?post=4801"}],"curies":[{"name":"wp","href":"https:\/\/api.w.org\/{rel}","templated":true}]}}