{"id":4842,"date":"2025-11-05T12:27:44","date_gmt":"2025-11-05T12:27:44","guid":{"rendered":"https:\/\/www.foodsovereignty.org\/?p=4842"},"modified":"2025-11-05T12:27:44","modified_gmt":"2025-11-05T12:27:44","slug":"les-femmes-des-vagues-celebrons-la-journee-internationale-des-femmes-pecheuses","status":"publish","type":"post","link":"https:\/\/www.foodsovereignty.org\/fr\/les-femmes-des-vagues-celebrons-la-journee-internationale-des-femmes-pecheuses\/","title":{"rendered":"Les femmes des vagues: c\u00e9l\u00e9brons  la Journ\u00e9e internationale des femmes p\u00eacheuses"},"content":{"rendered":"<h4>Ancr\u00e9es dans la lutte, unies dans la solidarit\u00e9<\/h4>\n<p>Le long des c\u00f4tes, des rivi\u00e8res, des lacs et des deltas du monde entier, des millions de femmes soutiennent la p\u00eache, non seulement en tant que travailleuses, mais aussi en tant que gardiennes des \u00e9cosyst\u00e8mes, d\u00e9tentrices de connaissances et leaders communautaires. Elles sont les mains invisibles qui maintiennent les eaux en vie, les ancrages silencieux des \u00e9conomies locales et les d\u00e9fenseuses des biens communs \u00e0 une \u00e9poque de restrictions.<\/p>\n<p>La Journ\u00e9e internationale des femmes p\u00eacheuses (IFWD), c\u00e9l\u00e9br\u00e9e chaque ann\u00e9e le 5 novembre, est n\u00e9e de cette histoire de lutte et de solidarit\u00e9. Elle a \u00e9t\u00e9 proclam\u00e9e pour la premi\u00e8re fois lors de l&rsquo;Assembl\u00e9e des femmes p\u00eacheuses de l&rsquo;Inde en 2024, puis soutenue par le Forum mondial des peuples p\u00eacheurs (WFFP) lors de sa 8e Assembl\u00e9e g\u00e9n\u00e9rale au Br\u00e9sil, et r\u00e9affirm\u00e9e lors de l&rsquo;Assembl\u00e9e mondiale des femmes p\u00eacheuses \u00e0 Hat Yai, en Tha\u00eflande (ao\u00fbt 2025), la premi\u00e8re assembl\u00e9e mondiale ind\u00e9pendante enti\u00e8rement dirig\u00e9e par des femmes p\u00eacheuses.<\/p>\n<p>Cette journ\u00e9e symbolise la longue lutte pour la justice de genre, les droits de subsistance et l&rsquo;int\u00e9grit\u00e9 environnementale dans le cadre de la p\u00eache traditionnelle et durable, et appelle le monde \u00e0 reconna\u00eetre les femmes qui ont toujours \u00e9t\u00e9 au c\u0153ur de la mer.<\/p>\n<h4>Panorama mondial : les femmes dans la p\u00eache<\/h4>\n<p>Selon le rapport de la FAO sur la situation mondiale de la p\u00eache et de l&rsquo;aquaculture, les femmes repr\u00e9sentent pr\u00e8s de 28 % de la main-d&rsquo;\u0153uvre mondiale consacr\u00e9e \u00e0 la p\u00eache et \u00e0 l&rsquo;aquaculture, et plus de 50 % de l&rsquo;ensemble de la main-d&rsquo;\u0153uvre consacr\u00e9e \u00e0 la p\u00eache artisanale, si l&rsquo;on inclut les activit\u00e9s en amont et en aval de la capture. Dans le seul secteur de la transformation et de la commercialisation, les femmes repr\u00e9sentent plus de 90 % des emplois dans certaines r\u00e9gions.<\/p>\n<p>Plus de 60 millions de femmes travaillent dans le secteur de la p\u00eache et de l&rsquo;aquaculture \u00e0 travers le monde, mais moins de 15 % d&rsquo;entre elles sont officiellement reconnues comme p\u00eacheuses ou travailleuses. Leur travail non r\u00e9mun\u00e9r\u00e9 \u2014 qui va de la r\u00e9paration et du tri des filets au s\u00e9chage, au fumage et \u00e0 la vente \u2014 constitue l&rsquo;\u00e9pine dorsale des syst\u00e8mes alimentaires et de la r\u00e9silience des communaut\u00e9s.<\/p>\n<p>Cependant, l&rsquo;invisibilit\u00e9 politique persiste. L&rsquo;examen par le genre de la FAO des Directives volontaires pour la p\u00eache artisanale durable montre que l&rsquo;acc\u00e8s des femmes aux ressources, \u00e0 la prise de d\u00e9cision et aux services financiers reste tr\u00e8s limit\u00e9 dans la plupart des cadres nationaux de p\u00eache. L&rsquo;International Collective in Support of Fishworkers (ICSF) observe que, malgr\u00e9 des d\u00e9cennies de plaidoyer, les femmes qui travaillent dans le secteur de la p\u00eache restent marginalis\u00e9es dans la l\u00e9gislation, les donn\u00e9es et la repr\u00e9sentation, alors qu&rsquo;elles supportent la plus grande partie de la charge du maintien de la p\u00eache et des m\u00e9nages.<\/p>\n<h4>Des marges au mouvement<\/h4>\n<p>Les origines de l&rsquo;IFWD remontent \u00e0 des d\u00e9cennies d&rsquo;organisation de collectifs de femmes p\u00eacheuses en Asie, en Afrique, en Am\u00e9rique latine et en Europe, depuis les sangams c\u00f4tiers du Sri Lanka et les coop\u00e9ratives de transformation du S\u00e9n\u00e9gal jusqu&rsquo;aux syndicats de femmes cueilleuses d&rsquo;algues du Chili et aux cueilleuses de fruits de mer des \u00eeles du Pacifique.<\/p>\n<p>Avant leur d\u00e9claration mondiale, des assembl\u00e9es r\u00e9gionales de femmes p\u00eacheuses ont \u00e9t\u00e9 organis\u00e9es en Afrique du Sud, au Pakistan, au Sri Lanka, en Indon\u00e9sie, en Tha\u00eflande, aux Philippines et en Inde, r\u00e9unissant des luttes diff\u00e9rentes en termes de localisation g\u00e9ographique, mais unies dans leur objectif. Chaque r\u00e9union a affirm\u00e9 que le r\u00f4le des femmes n&rsquo;est pas un \u00ab r\u00f4le de soutien \u00bb, mais un travail essentiel et irrempla\u00e7able qui maintient en vie les communaut\u00e9s, les cultures et les \u00e9cosyst\u00e8mes.<\/p>\n<p>Au fil des si\u00e8cles, les femmes ont :<\/p>\n<ul>\n<li>G\u00e9r\u00e9 les march\u00e9s aux poissons et les r\u00e9seaux commerciaux<\/li>\n<li>Pr\u00e9serv\u00e9 les traditions artisanales de transformation : salaison, s\u00e9chage, fumage<\/li>\n<li>Transmis des connaissances \u00e9cologiques sur les mar\u00e9es, le comportement des poissons et la biodiversit\u00e9 marine.<\/li>\n<li>G\u00e9r\u00e9 les \u00e9conomies domestiques li\u00e9es aux cycles<\/li>\n<li>Cr\u00e9\u00e9 des syst\u00e8mes de solidarit\u00e9, d&rsquo;entraide et de cr\u00e9dit informel<\/li>\n<li>D\u00e9fense des c\u00f4tes, des mangroves, des rivi\u00e8res et des zones humides face \u00e0 l&rsquo;avanc\u00e9e des forces corporatives et \u00e9tatiques<\/li>\n<\/ul>\n<p>&nbsp;<\/p>\n<p>Leur contribution n&rsquo;est pas marginale, mais fondamentale pour la p\u00eache durable et la gestion c\u00f4ti\u00e8re.<\/p>\n<h4>Les d\u00e9fis auxquels elles sont confront\u00e9es<\/h4>\n<p>Cependant, \u00e0 mesure que l&rsquo;\u00e9conomie bleue, l&rsquo;aquaculture industrielle, l&rsquo;exploitation mini\u00e8re en eaux profondes et les projets d&rsquo;infrastructure c\u00f4ti\u00e8re se d\u00e9veloppent, les espaces dans lesquels les femmes travaillent et jouent un r\u00f4le de premier plan se r\u00e9duisent. Les biens communs marins et continentaux sont privatis\u00e9s ; les terres c\u00f4ti\u00e8res sont acquises pour des projets touristiques, portuaires et \u00e9nerg\u00e9tiques ; et les \u00ab solutions climatiques \u00bb reproduisent souvent les in\u00e9galit\u00e9s anciennes.<\/p>\n<p>Les femmes sont confront\u00e9es \u00e0 une discrimination multiple : en tant que travailleuses dans l&rsquo;\u00e9conomie informelle, en tant que dispensatrices de soins sans protection sociale et en tant que voix exclues des processus d\u00e9cisionnels. Les catastrophes climatiques les touchent plus durement : elles sont les premi\u00e8res \u00e0 perdre leur maison, leurs moyens de subsistance et leurs march\u00e9s, et les derni\u00e8res \u00e0 recevoir des compensations ou \u00e0 b\u00e9n\u00e9ficier de mesures de r\u00e9habilitation.<\/p>\n<p>Comme le souligne le WFFP, une perspective f\u00e9ministe dans le domaine de la p\u00eache ne se limite pas \u00e0 la visibilit\u00e9. Elle remet en question la logique extractive de la croissance industrielle et exige un changement vers le contr\u00f4le communautaire, la gestion \u00e9cologique et la justice de genre.<\/p>\n<h4>Revendications des femmes des eaux<\/h4>\n<p><strong>\u00a0<\/strong>Au c\u0153ur de l&rsquo;IFWD se trouve une charte de revendications claire et compl\u00e8te, articul\u00e9e par l&rsquo;Assembl\u00e9e des femmes du WFFP et soutenue au niveau mondial :<\/p>\n<ol>\n<li>Repr\u00e9sentation et leadership \u00e9gaux des femmes p\u00eacheuses dans tous les organismes gouvernementaux, coop\u00e9ratives et institutions communautaires.<\/li>\n<li>Reconnaissance des femmes comme titulaires de droits \u00e0 part enti\u00e8re dans toutes les lois, politiques et statistiques officielles relatives \u00e0 la p\u00eache.<\/li>\n<li>Protection des droits continentaux, c\u00f4tiers et maritimes, garantissant un acc\u00e8s s\u00fbr aux eaux, aux c\u00f4tes et aux ressources.<\/li>\n<li>Non \u00e0 l&rsquo;acquisition forc\u00e9e de terres ou de c\u00f4tes au nom du d\u00e9veloppement ou de la<\/li>\n<li>Inclusion dans tous les m\u00e9canismes d&rsquo;indemnisation en cas de catastrophe et de changement climatique, en reconnaissant le travail et les pertes subies par les<\/li>\n<li>Protection sociale compl\u00e8te, y compris assurance accident, prestations de maternit\u00e9 et soins de sant\u00e9.<\/li>\n<li>March\u00e9s \u00e9quitables, droits de premi\u00e8re vente et acc\u00e8s au cr\u00e9dit, en \u00e9liminant l&rsquo;exploitation des interm\u00e9diaires.<\/li>\n<li>Programmes d&rsquo;\u00e9ducation et de sensibilisation \u00e0 la justice de genre, impliquant \u00e0 la fois les femmes et les hommes.<\/li>\n<li>Interdiction totale de l&rsquo;aquaculture destructive, de l&rsquo;exploitation mini\u00e8re en eaux profondes et de la militarisation c\u00f4ti\u00e8re.<\/li>\n<li>Reconnaissance des connaissances traditionnelles et de la conservation communautaire, sous la direction des femmes.<\/li>\n<li>Contr\u00f4le communautaire des c\u00f4tes, des for\u00eats et des mers, r\u00e9affirmant la propri\u00e9t\u00e9 collective des biens communs.<\/li>\n<\/ol>\n<p>&nbsp;<\/p>\n<h4>La campagne mondiale<\/h4>\n<p>Afin de mettre en \u0153uvre ces principes, la WFFP lance une campagne mondiale de cinq semaines, du 5 novembre au 10 d\u00e9cembre 2025, qui relie trois dates cl\u00e9s :<\/p>\n<ul>\n<li>5 novembre : Journ\u00e9e internationale des femmes p\u00eacheuses (IFWD)<\/li>\n<li>21 novembre : Journ\u00e9e mondiale des p\u00eacheurs<\/li>\n<li>10 d\u00e9cembre : Journ\u00e9e internationale des droits de l&rsquo;homme<\/li>\n<\/ul>\n<p>&nbsp;<\/p>\n<p>Chaque semaine, un th\u00e8me commun sera mis en avant, allant des droits li\u00e9s au genre et \u00e0 la libert\u00e9 face \u00e0 la violence aux droits des p\u00eacheurs en tant que droits humains, afin de promouvoir l&rsquo;unit\u00e9 entre les continents et de relier les luttes des femmes des zones c\u00f4ti\u00e8res et int\u00e9rieures aux luttes plus larges pour la souverainet\u00e9 alimentaire, la justice climatique et les droits humains.<\/p>\n<h4>Pourquoi l&rsquo;IFWD est-elle importante ?<\/h4>\n<p><strong>\u00a0<\/strong>La Journ\u00e9e internationale des femmes p\u00eacheuses n&rsquo;est pas seulement une c\u00e9l\u00e9bration. C&rsquo;est une d\u00e9claration politique : l&rsquo;avenir de la p\u00eache, des syst\u00e8mes alimentaires et de la biodiversit\u00e9 aquatique d\u00e9pend de la reconnaissance des femmes en tant que gestionnaires \u00e0 part enti\u00e8re des eaux de la plan\u00e8te.<\/p>\n<p>Pour le Comit\u00e9 international de planification de la souverainet\u00e9 alimentaire (CIP-FAO) et les r\u00e9seaux alli\u00e9s, cette journ\u00e9e est une invitation \u00e0 approfondir les alliances avec les mouvements de femmes p\u00eacheuses, \u00e0 renforcer les politiques d&rsquo;\u00e9galit\u00e9 des sexes et \u00e0 garantir que les cadres mondiaux \u2014 des directives de la FAO sur la p\u00eache artisanale ( ) aux ODD \u2014 refl\u00e8tent les r\u00e9alit\u00e9s de celles et ceux qui vivent et travaillent dans les eaux du monde entier.<\/p>\n<p>Car lorsque la mar\u00e9e monte, ce sont les femmes des vagues qui maintiennent le cap, avec r\u00e9silience, solidarit\u00e9 et volont\u00e9 de transformation.<\/p>\n<p>&nbsp;<\/p>\n<p><em>Par Aashima Subberwal et Jesu Rethinam <\/em><\/p>\n<p><em>Au nom de l&rsquo;\u00e9quipe de coordination de l&rsquo;Assembl\u00e9e des femmes,<\/em><\/p>\n<p><em>Forum mondial des p\u00eacheurs (WFFP)<\/em><\/p>\n","protected":false},"excerpt":{"rendered":"<p>Ancr\u00e9es dans la lutte, unies dans la solidarit\u00e9 Le long des c\u00f4tes, des rivi\u00e8res, des lacs et des deltas du monde entier, des millions de femmes soutiennent la p\u00eache, non seulement en tant que travailleuses, mais aussi en tant que gardiennes des \u00e9cosyst\u00e8mes, d\u00e9tentrices de connaissances et leaders communautaires. Elles sont les mains invisibles qui [&hellip;]<\/p>\n","protected":false},"author":7,"featured_media":4839,"comment_status":"closed","ping_status":"closed","sticky":false,"template":"","format":"standard","meta":{"_acf_changed":false,"footnotes":""},"categories":[57],"tags":[289],"class_list":["post-4842","post","type-post","status-publish","format-standard","has-post-thumbnail","hentry","category-nouvelles","tag-peche-a-petite-echelle","working_groups_tax-fisheries"],"acf":[],"yoast_head":"<!-- This site is optimized with the Yoast SEO plugin v27.4 - https:\/\/yoast.com\/product\/yoast-seo-wordpress\/ -->\n<title>Journ\u00e9e internationale des femmes p\u00eacheuses: participez!<\/title>\n<meta name=\"description\" content=\"La Journ\u00e9e internationale des femmes p\u00eacheuses n&#039;est pas seulement une c\u00e9l\u00e9bration. C&#039;est une d\u00e9claration politique\" \/>\n<meta name=\"robots\" content=\"index, follow, max-snippet:-1, max-image-preview:large, max-video-preview:-1\" \/>\n<link rel=\"canonical\" href=\"https:\/\/www.foodsovereignty.org\/fr\/les-femmes-des-vagues-celebrons-la-journee-internationale-des-femmes-pecheuses\/\" \/>\n<meta property=\"og:locale\" content=\"fr_FR\" \/>\n<meta property=\"og:type\" content=\"article\" \/>\n<meta property=\"og:title\" content=\"Journ\u00e9e internationale des femmes p\u00eacheuses: participez!\" \/>\n<meta property=\"og:description\" content=\"La Journ\u00e9e internationale des femmes p\u00eacheuses n&#039;est pas seulement une c\u00e9l\u00e9bration. C&#039;est une d\u00e9claration politique\" \/>\n<meta property=\"og:url\" content=\"https:\/\/www.foodsovereignty.org\/fr\/les-femmes-des-vagues-celebrons-la-journee-internationale-des-femmes-pecheuses\/\" \/>\n<meta property=\"og:site_name\" content=\"International Planning Committee for Food Sovereignty (IPC)\" \/>\n<meta property=\"article:published_time\" content=\"2025-11-05T12:27:44+00:00\" \/>\n<meta property=\"og:image\" content=\"https:\/\/www.foodsovereignty.org\/wp-content\/uploads\/2025\/11\/Fishers-women-day-1024x576.png\" \/>\n\t<meta property=\"og:image:width\" content=\"1024\" \/>\n\t<meta property=\"og:image:height\" content=\"576\" \/>\n\t<meta property=\"og:image:type\" content=\"image\/png\" \/>\n<meta name=\"author\" content=\"IPC comms\" \/>\n<meta name=\"twitter:card\" content=\"summary_large_image\" \/>\n<meta name=\"twitter:label1\" content=\"\u00c9crit par\" \/>\n\t<meta name=\"twitter:data1\" content=\"IPC comms\" \/>\n\t<meta name=\"twitter:label2\" content=\"Dur\u00e9e de lecture estim\u00e9e\" \/>\n\t<meta name=\"twitter:data2\" content=\"7 minutes\" \/>\n<script type=\"application\/ld+json\" class=\"yoast-schema-graph\">{\"@context\":\"https:\\\/\\\/schema.org\",\"@graph\":[{\"@type\":\"Article\",\"@id\":\"https:\\\/\\\/www.foodsovereignty.org\\\/fr\\\/les-femmes-des-vagues-celebrons-la-journee-internationale-des-femmes-pecheuses\\\/#article\",\"isPartOf\":{\"@id\":\"https:\\\/\\\/www.foodsovereignty.org\\\/fr\\\/les-femmes-des-vagues-celebrons-la-journee-internationale-des-femmes-pecheuses\\\/\"},\"author\":{\"name\":\"IPC comms\",\"@id\":\"https:\\\/\\\/www.foodsovereignty.org\\\/fr\\\/#\\\/schema\\\/person\\\/c5d86d7101c42543207204332399e87e\"},\"headline\":\"Les femmes des vagues: c\u00e9l\u00e9brons la Journ\u00e9e internationale des femmes p\u00eacheuses\",\"datePublished\":\"2025-11-05T12:27:44+00:00\",\"mainEntityOfPage\":{\"@id\":\"https:\\\/\\\/www.foodsovereignty.org\\\/fr\\\/les-femmes-des-vagues-celebrons-la-journee-internationale-des-femmes-pecheuses\\\/\"},\"wordCount\":1612,\"image\":{\"@id\":\"https:\\\/\\\/www.foodsovereignty.org\\\/fr\\\/les-femmes-des-vagues-celebrons-la-journee-internationale-des-femmes-pecheuses\\\/#primaryimage\"},\"thumbnailUrl\":\"https:\\\/\\\/www.foodsovereignty.org\\\/wp-content\\\/uploads\\\/2025\\\/11\\\/Fishers-women-day.png\",\"keywords\":[\"P\u00eache \u00e0 petite echelle\"],\"articleSection\":[\"Nouvelles\"],\"inLanguage\":\"fr-FR\"},{\"@type\":\"WebPage\",\"@id\":\"https:\\\/\\\/www.foodsovereignty.org\\\/fr\\\/les-femmes-des-vagues-celebrons-la-journee-internationale-des-femmes-pecheuses\\\/\",\"url\":\"https:\\\/\\\/www.foodsovereignty.org\\\/fr\\\/les-femmes-des-vagues-celebrons-la-journee-internationale-des-femmes-pecheuses\\\/\",\"name\":\"Journ\u00e9e internationale des femmes p\u00eacheuses: participez!\",\"isPartOf\":{\"@id\":\"https:\\\/\\\/www.foodsovereignty.org\\\/fr\\\/#website\"},\"primaryImageOfPage\":{\"@id\":\"https:\\\/\\\/www.foodsovereignty.org\\\/fr\\\/les-femmes-des-vagues-celebrons-la-journee-internationale-des-femmes-pecheuses\\\/#primaryimage\"},\"image\":{\"@id\":\"https:\\\/\\\/www.foodsovereignty.org\\\/fr\\\/les-femmes-des-vagues-celebrons-la-journee-internationale-des-femmes-pecheuses\\\/#primaryimage\"},\"thumbnailUrl\":\"https:\\\/\\\/www.foodsovereignty.org\\\/wp-content\\\/uploads\\\/2025\\\/11\\\/Fishers-women-day.png\",\"datePublished\":\"2025-11-05T12:27:44+00:00\",\"author\":{\"@id\":\"https:\\\/\\\/www.foodsovereignty.org\\\/fr\\\/#\\\/schema\\\/person\\\/c5d86d7101c42543207204332399e87e\"},\"description\":\"La Journ\u00e9e internationale des femmes p\u00eacheuses n'est pas seulement une c\u00e9l\u00e9bration. C'est une d\u00e9claration politique\",\"breadcrumb\":{\"@id\":\"https:\\\/\\\/www.foodsovereignty.org\\\/fr\\\/les-femmes-des-vagues-celebrons-la-journee-internationale-des-femmes-pecheuses\\\/#breadcrumb\"},\"inLanguage\":\"fr-FR\",\"potentialAction\":[{\"@type\":\"ReadAction\",\"target\":[\"https:\\\/\\\/www.foodsovereignty.org\\\/fr\\\/les-femmes-des-vagues-celebrons-la-journee-internationale-des-femmes-pecheuses\\\/\"]}]},{\"@type\":\"ImageObject\",\"inLanguage\":\"fr-FR\",\"@id\":\"https:\\\/\\\/www.foodsovereignty.org\\\/fr\\\/les-femmes-des-vagues-celebrons-la-journee-internationale-des-femmes-pecheuses\\\/#primaryimage\",\"url\":\"https:\\\/\\\/www.foodsovereignty.org\\\/wp-content\\\/uploads\\\/2025\\\/11\\\/Fishers-women-day.png\",\"contentUrl\":\"https:\\\/\\\/www.foodsovereignty.org\\\/wp-content\\\/uploads\\\/2025\\\/11\\\/Fishers-women-day.png\",\"width\":1920,\"height\":1080},{\"@type\":\"BreadcrumbList\",\"@id\":\"https:\\\/\\\/www.foodsovereignty.org\\\/fr\\\/les-femmes-des-vagues-celebrons-la-journee-internationale-des-femmes-pecheuses\\\/#breadcrumb\",\"itemListElement\":[{\"@type\":\"ListItem\",\"position\":1,\"name\":\"Home\",\"item\":\"https:\\\/\\\/www.foodsovereignty.org\\\/fr\\\/\"},{\"@type\":\"ListItem\",\"position\":2,\"name\":\"Les femmes des vagues: c\u00e9l\u00e9brons la Journ\u00e9e internationale des femmes p\u00eacheuses\"}]},{\"@type\":\"WebSite\",\"@id\":\"https:\\\/\\\/www.foodsovereignty.org\\\/fr\\\/#website\",\"url\":\"https:\\\/\\\/www.foodsovereignty.org\\\/fr\\\/\",\"name\":\"International Planning Committee for Food Sovereignty (IPC)\",\"description\":\"\",\"potentialAction\":[{\"@type\":\"SearchAction\",\"target\":{\"@type\":\"EntryPoint\",\"urlTemplate\":\"https:\\\/\\\/www.foodsovereignty.org\\\/fr\\\/?s={search_term_string}\"},\"query-input\":{\"@type\":\"PropertyValueSpecification\",\"valueRequired\":true,\"valueName\":\"search_term_string\"}}],\"inLanguage\":\"fr-FR\"},{\"@type\":\"Person\",\"@id\":\"https:\\\/\\\/www.foodsovereignty.org\\\/fr\\\/#\\\/schema\\\/person\\\/c5d86d7101c42543207204332399e87e\",\"name\":\"IPC comms\",\"image\":{\"@type\":\"ImageObject\",\"inLanguage\":\"fr-FR\",\"@id\":\"https:\\\/\\\/secure.gravatar.com\\\/avatar\\\/383f0d7b56f08da80de57d5d3281a5757594759261b9b8cdeb29616624681e03?s=96&d=mm&r=g\",\"url\":\"https:\\\/\\\/secure.gravatar.com\\\/avatar\\\/383f0d7b56f08da80de57d5d3281a5757594759261b9b8cdeb29616624681e03?s=96&d=mm&r=g\",\"contentUrl\":\"https:\\\/\\\/secure.gravatar.com\\\/avatar\\\/383f0d7b56f08da80de57d5d3281a5757594759261b9b8cdeb29616624681e03?s=96&d=mm&r=g\",\"caption\":\"IPC comms\"},\"url\":\"https:\\\/\\\/www.foodsovereignty.org\\\/fr\\\/author\\\/ipc-comms\\\/\"}]}<\/script>\n<!-- \/ Yoast SEO plugin. -->","yoast_head_json":{"title":"Journ\u00e9e internationale des femmes p\u00eacheuses: participez!","description":"La Journ\u00e9e internationale des femmes p\u00eacheuses n'est pas seulement une c\u00e9l\u00e9bration. C'est une d\u00e9claration politique","robots":{"index":"index","follow":"follow","max-snippet":"max-snippet:-1","max-image-preview":"max-image-preview:large","max-video-preview":"max-video-preview:-1"},"canonical":"https:\/\/www.foodsovereignty.org\/fr\/les-femmes-des-vagues-celebrons-la-journee-internationale-des-femmes-pecheuses\/","og_locale":"fr_FR","og_type":"article","og_title":"Journ\u00e9e internationale des femmes p\u00eacheuses: participez!","og_description":"La Journ\u00e9e internationale des femmes p\u00eacheuses n'est pas seulement une c\u00e9l\u00e9bration. C'est une d\u00e9claration politique","og_url":"https:\/\/www.foodsovereignty.org\/fr\/les-femmes-des-vagues-celebrons-la-journee-internationale-des-femmes-pecheuses\/","og_site_name":"International Planning Committee for Food Sovereignty (IPC)","article_published_time":"2025-11-05T12:27:44+00:00","og_image":[{"width":1024,"height":576,"url":"https:\/\/www.foodsovereignty.org\/wp-content\/uploads\/2025\/11\/Fishers-women-day-1024x576.png","type":"image\/png"}],"author":"IPC comms","twitter_card":"summary_large_image","twitter_misc":{"\u00c9crit par":"IPC comms","Dur\u00e9e de lecture estim\u00e9e":"7 minutes"},"schema":{"@context":"https:\/\/schema.org","@graph":[{"@type":"Article","@id":"https:\/\/www.foodsovereignty.org\/fr\/les-femmes-des-vagues-celebrons-la-journee-internationale-des-femmes-pecheuses\/#article","isPartOf":{"@id":"https:\/\/www.foodsovereignty.org\/fr\/les-femmes-des-vagues-celebrons-la-journee-internationale-des-femmes-pecheuses\/"},"author":{"name":"IPC comms","@id":"https:\/\/www.foodsovereignty.org\/fr\/#\/schema\/person\/c5d86d7101c42543207204332399e87e"},"headline":"Les femmes des vagues: c\u00e9l\u00e9brons la Journ\u00e9e internationale des femmes p\u00eacheuses","datePublished":"2025-11-05T12:27:44+00:00","mainEntityOfPage":{"@id":"https:\/\/www.foodsovereignty.org\/fr\/les-femmes-des-vagues-celebrons-la-journee-internationale-des-femmes-pecheuses\/"},"wordCount":1612,"image":{"@id":"https:\/\/www.foodsovereignty.org\/fr\/les-femmes-des-vagues-celebrons-la-journee-internationale-des-femmes-pecheuses\/#primaryimage"},"thumbnailUrl":"https:\/\/www.foodsovereignty.org\/wp-content\/uploads\/2025\/11\/Fishers-women-day.png","keywords":["P\u00eache \u00e0 petite echelle"],"articleSection":["Nouvelles"],"inLanguage":"fr-FR"},{"@type":"WebPage","@id":"https:\/\/www.foodsovereignty.org\/fr\/les-femmes-des-vagues-celebrons-la-journee-internationale-des-femmes-pecheuses\/","url":"https:\/\/www.foodsovereignty.org\/fr\/les-femmes-des-vagues-celebrons-la-journee-internationale-des-femmes-pecheuses\/","name":"Journ\u00e9e internationale des femmes p\u00eacheuses: participez!","isPartOf":{"@id":"https:\/\/www.foodsovereignty.org\/fr\/#website"},"primaryImageOfPage":{"@id":"https:\/\/www.foodsovereignty.org\/fr\/les-femmes-des-vagues-celebrons-la-journee-internationale-des-femmes-pecheuses\/#primaryimage"},"image":{"@id":"https:\/\/www.foodsovereignty.org\/fr\/les-femmes-des-vagues-celebrons-la-journee-internationale-des-femmes-pecheuses\/#primaryimage"},"thumbnailUrl":"https:\/\/www.foodsovereignty.org\/wp-content\/uploads\/2025\/11\/Fishers-women-day.png","datePublished":"2025-11-05T12:27:44+00:00","author":{"@id":"https:\/\/www.foodsovereignty.org\/fr\/#\/schema\/person\/c5d86d7101c42543207204332399e87e"},"description":"La Journ\u00e9e internationale des femmes p\u00eacheuses n'est pas seulement une c\u00e9l\u00e9bration. C'est une d\u00e9claration politique","breadcrumb":{"@id":"https:\/\/www.foodsovereignty.org\/fr\/les-femmes-des-vagues-celebrons-la-journee-internationale-des-femmes-pecheuses\/#breadcrumb"},"inLanguage":"fr-FR","potentialAction":[{"@type":"ReadAction","target":["https:\/\/www.foodsovereignty.org\/fr\/les-femmes-des-vagues-celebrons-la-journee-internationale-des-femmes-pecheuses\/"]}]},{"@type":"ImageObject","inLanguage":"fr-FR","@id":"https:\/\/www.foodsovereignty.org\/fr\/les-femmes-des-vagues-celebrons-la-journee-internationale-des-femmes-pecheuses\/#primaryimage","url":"https:\/\/www.foodsovereignty.org\/wp-content\/uploads\/2025\/11\/Fishers-women-day.png","contentUrl":"https:\/\/www.foodsovereignty.org\/wp-content\/uploads\/2025\/11\/Fishers-women-day.png","width":1920,"height":1080},{"@type":"BreadcrumbList","@id":"https:\/\/www.foodsovereignty.org\/fr\/les-femmes-des-vagues-celebrons-la-journee-internationale-des-femmes-pecheuses\/#breadcrumb","itemListElement":[{"@type":"ListItem","position":1,"name":"Home","item":"https:\/\/www.foodsovereignty.org\/fr\/"},{"@type":"ListItem","position":2,"name":"Les femmes des vagues: c\u00e9l\u00e9brons la Journ\u00e9e internationale des femmes p\u00eacheuses"}]},{"@type":"WebSite","@id":"https:\/\/www.foodsovereignty.org\/fr\/#website","url":"https:\/\/www.foodsovereignty.org\/fr\/","name":"International Planning Committee for Food Sovereignty (IPC)","description":"","potentialAction":[{"@type":"SearchAction","target":{"@type":"EntryPoint","urlTemplate":"https:\/\/www.foodsovereignty.org\/fr\/?s={search_term_string}"},"query-input":{"@type":"PropertyValueSpecification","valueRequired":true,"valueName":"search_term_string"}}],"inLanguage":"fr-FR"},{"@type":"Person","@id":"https:\/\/www.foodsovereignty.org\/fr\/#\/schema\/person\/c5d86d7101c42543207204332399e87e","name":"IPC comms","image":{"@type":"ImageObject","inLanguage":"fr-FR","@id":"https:\/\/secure.gravatar.com\/avatar\/383f0d7b56f08da80de57d5d3281a5757594759261b9b8cdeb29616624681e03?s=96&d=mm&r=g","url":"https:\/\/secure.gravatar.com\/avatar\/383f0d7b56f08da80de57d5d3281a5757594759261b9b8cdeb29616624681e03?s=96&d=mm&r=g","contentUrl":"https:\/\/secure.gravatar.com\/avatar\/383f0d7b56f08da80de57d5d3281a5757594759261b9b8cdeb29616624681e03?s=96&d=mm&r=g","caption":"IPC comms"},"url":"https:\/\/www.foodsovereignty.org\/fr\/author\/ipc-comms\/"}]}},"_links":{"self":[{"href":"https:\/\/www.foodsovereignty.org\/fr\/wp-json\/wp\/v2\/posts\/4842","targetHints":{"allow":["GET"]}}],"collection":[{"href":"https:\/\/www.foodsovereignty.org\/fr\/wp-json\/wp\/v2\/posts"}],"about":[{"href":"https:\/\/www.foodsovereignty.org\/fr\/wp-json\/wp\/v2\/types\/post"}],"author":[{"embeddable":true,"href":"https:\/\/www.foodsovereignty.org\/fr\/wp-json\/wp\/v2\/users\/7"}],"replies":[{"embeddable":true,"href":"https:\/\/www.foodsovereignty.org\/fr\/wp-json\/wp\/v2\/comments?post=4842"}],"version-history":[{"count":2,"href":"https:\/\/www.foodsovereignty.org\/fr\/wp-json\/wp\/v2\/posts\/4842\/revisions"}],"predecessor-version":[{"id":4844,"href":"https:\/\/www.foodsovereignty.org\/fr\/wp-json\/wp\/v2\/posts\/4842\/revisions\/4844"}],"wp:featuredmedia":[{"embeddable":true,"href":"https:\/\/www.foodsovereignty.org\/fr\/wp-json\/wp\/v2\/media\/4839"}],"wp:attachment":[{"href":"https:\/\/www.foodsovereignty.org\/fr\/wp-json\/wp\/v2\/media?parent=4842"}],"wp:term":[{"taxonomy":"category","embeddable":true,"href":"https:\/\/www.foodsovereignty.org\/fr\/wp-json\/wp\/v2\/categories?post=4842"},{"taxonomy":"post_tag","embeddable":true,"href":"https:\/\/www.foodsovereignty.org\/fr\/wp-json\/wp\/v2\/tags?post=4842"}],"curies":[{"name":"wp","href":"https:\/\/api.w.org\/{rel}","templated":true}]}}