{"id":4932,"date":"2025-11-25T20:06:35","date_gmt":"2025-11-25T20:06:35","guid":{"rendered":"https:\/\/www.foodsovereignty.org\/?p=4932"},"modified":"2025-11-25T20:06:52","modified_gmt":"2025-11-25T20:06:52","slug":"le-wffp-afrique-a-tenu-sa-premiere-reunion-regionale-et-celebre-la-journee-mondiale-de-la-peche","status":"publish","type":"post","link":"https:\/\/www.foodsovereignty.org\/fr\/le-wffp-afrique-a-tenu-sa-premiere-reunion-regionale-et-celebre-la-journee-mondiale-de-la-peche\/","title":{"rendered":"Le WFFP Afrique a tenu sa premi\u00e8re r\u00e9union r\u00e9gionale et c\u00e9l\u00e9br\u00e9 la Journ\u00e9e mondiale de la p\u00eache"},"content":{"rendered":"<p>Du 17 au 22 novembre, le <strong>Forum mondial des peuple p\u00eacheurs<\/strong> (WFFP), membre actif du Comit\u00e9 international de planification pour la souverainet\u00e9 alimentaire, a tenu sa premi\u00e8re r\u00e9union r\u00e9gionale historique en Afrique, au S\u00e9n\u00e9gal \u2014 une \u00e9tape importante vers le renforcement de la voix et de l&rsquo;influence des p\u00eacheurs \u00e0 travers le continent. Le facilitateur du groupe de travail sur la p\u00eache du CIP a \u00e9t\u00e9 invit\u00e9 \u00e0 participer, apportant son exp\u00e9rience pr\u00e9cieuse et contribuant \u00e0 approfondir la compr\u00e9hension collective et les strat\u00e9gies pour s&rsquo;engager dans des espaces politiques cl\u00e9s tels que la FAO et, en particulier, le COFI et ses organes directeurs. Pendant quatre jours, les d\u00e9l\u00e9gu\u00e9s ont travaill\u00e9 ensemble pour \u00e9tablir une compr\u00e9hension commune de la mission du WFFP, approfondir la solidarit\u00e9 entre les organisations membres et \u00e9tendre la pr\u00e9sence du mouvement \u00e0 travers l&rsquo;Afrique.<\/p>\n<p>La r\u00e9union s&rsquo;est concentr\u00e9e sur la lutte contre les menaces croissantes pos\u00e9es par le d\u00e9veloppement men\u00e9 par les entreprises, de l&rsquo;accaparement des oc\u00e9ans \u00e0 l&rsquo;aquaculture industrielle et aux programmes de conservation ax\u00e9s sur le march\u00e9 tels que l&rsquo;initiative 30&#215;30. Les participants ont r\u00e9affirm\u00e9 leur engagement \u00e0 d\u00e9fendre les droits humains, les territoires, les eaux, les lacs, les rivi\u00e8res et les terres des peuples p\u00eacheurs et \u00e0 promouvoir la souverainet\u00e9 alimentaire. Ces luttes sont particuli\u00e8rement urgentes pour les femmes p\u00eacheuses, qui sont confront\u00e9es \u00e0 un acc\u00e8s r\u00e9duit aux eaux, \u00e0 une aggravation de la pauvret\u00e9 et \u00e0 une augmentation de la violence, ainsi que pour les jeunes qui sont pouss\u00e9s \u00e0 abandonner la p\u00eache en raison de la criminalisation et de la militarisation.<\/p>\n<p>Le 21 novembre, nous nous sommes r\u00e9unis pour c\u00e9l\u00e9brer chaleureusement la <strong>Journ\u00e9e mondiale de la p\u00eache<\/strong> sur le site de d\u00e9barquement de Mbour, en hommage \u00e0 l&rsquo;h\u00e9ritage du membre fondateur du CNPS S\u00e9n\u00e9gal. Nous nous sommes r\u00e9unis avec de nombreuses communaut\u00e9s locales de p\u00eacheurs, de femmes, de r\u00e9coltants et de jeunes. Ce rassemblement a renforc\u00e9 les revendications collectives adress\u00e9es aux gouvernements, les exhortant \u00e0 reconna\u00eetre les p\u00eacheurs comme des d\u00e9tenteurs de droits et \u00e0 \u00e9laborer des solutions concr\u00e8tes. Les participants ont appel\u00e9 \u00e0 la mise en \u0153uvre compl\u00e8te et authentique des lignes directrices pour la p\u00eache artisanale, \u00e0 ce que les petits p\u00eacheurs restent au centre des programmes r\u00e9gionaux du COFI et de la FAO, et \u00e0 ce que l&rsquo;Union africaine aligne ses politiques sur les lignes directrices pour la p\u00eache artisanale tout en garantissant une participation significative des communaut\u00e9s de p\u00eacheurs. La FAO a \u00e9galement \u00e9t\u00e9 encourag\u00e9e \u00e0 continuer de soutenir le SSF-GSF, en reconnaissant les petits p\u00eacheurs comme de v\u00e9ritables agents du changement.<\/p>\n<p>&nbsp;<\/p>\n<h4>Une Afrique unie des peuples p\u00eacheurs est en train de se lever, forte, r\u00e9siliente et d\u00e9termin\u00e9e.<\/h4>\n","protected":false},"excerpt":{"rendered":"<p>Du 17 au 22 novembre, le Forum mondial des peuple p\u00eacheurs (WFFP), membre actif du Comit\u00e9 international de planification pour la souverainet\u00e9 alimentaire, a tenu sa premi\u00e8re r\u00e9union r\u00e9gionale historique en Afrique, au S\u00e9n\u00e9gal \u2014 une \u00e9tape importante vers le renforcement de la voix et de l&rsquo;influence des p\u00eacheurs \u00e0 travers le continent. Le facilitateur [&hellip;]<\/p>\n","protected":false},"author":7,"featured_media":4927,"comment_status":"closed","ping_status":"closed","sticky":false,"template":"","format":"standard","meta":{"_acf_changed":false,"footnotes":""},"categories":[57],"tags":[454],"class_list":["post-4932","post","type-post","status-publish","format-standard","has-post-thumbnail","hentry","category-nouvelles","tag-journee-mondiale-de-la-peche","regional_processes_tax-africa","working_groups_tax-fisheries"],"acf":[],"yoast_head":"<!-- This site is optimized with the Yoast SEO plugin v27.4 - https:\/\/yoast.com\/product\/yoast-seo-wordpress\/ -->\n<title>Le WFFP Afrique a c\u00e9l\u00e9br\u00e9 la Journ\u00e9e mondiale de la p\u00eache<\/title>\n<meta name=\"robots\" content=\"index, follow, max-snippet:-1, max-image-preview:large, max-video-preview:-1\" \/>\n<link rel=\"canonical\" href=\"https:\/\/www.foodsovereignty.org\/fr\/le-wffp-afrique-a-tenu-sa-premiere-reunion-regionale-et-celebre-la-journee-mondiale-de-la-peche\/\" \/>\n<meta property=\"og:locale\" content=\"fr_FR\" \/>\n<meta property=\"og:type\" content=\"article\" \/>\n<meta property=\"og:title\" content=\"Le WFFP Afrique a c\u00e9l\u00e9br\u00e9 la Journ\u00e9e mondiale de la p\u00eache\" \/>\n<meta property=\"og:description\" content=\"Du 17 au 22 novembre, le Forum mondial des peuple p\u00eacheurs (WFFP), membre actif du Comit\u00e9 international de planification pour la souverainet\u00e9 alimentaire, a tenu sa premi\u00e8re r\u00e9union r\u00e9gionale historique en Afrique, au S\u00e9n\u00e9gal \u2014 une \u00e9tape importante vers le renforcement de la voix et de l&rsquo;influence des p\u00eacheurs \u00e0 travers le continent. Le facilitateur [&hellip;]\" \/>\n<meta property=\"og:url\" content=\"https:\/\/www.foodsovereignty.org\/fr\/le-wffp-afrique-a-tenu-sa-premiere-reunion-regionale-et-celebre-la-journee-mondiale-de-la-peche\/\" \/>\n<meta property=\"og:site_name\" content=\"International Planning Committee for Food Sovereignty (IPC)\" \/>\n<meta property=\"article:published_time\" content=\"2025-11-25T20:06:35+00:00\" \/>\n<meta property=\"article:modified_time\" content=\"2025-11-25T20:06:52+00:00\" \/>\n<meta property=\"og:image\" content=\"https:\/\/www.foodsovereignty.org\/wp-content\/uploads\/2025\/11\/WhatsApp-Image-2025-11-25-at-08.25.28.jpeg\" \/>\n\t<meta property=\"og:image:width\" content=\"1600\" \/>\n\t<meta property=\"og:image:height\" content=\"900\" \/>\n\t<meta property=\"og:image:type\" content=\"image\/jpeg\" \/>\n<meta name=\"author\" content=\"IPC comms\" \/>\n<meta name=\"twitter:card\" content=\"summary_large_image\" \/>\n<meta name=\"twitter:label1\" content=\"\u00c9crit par\" \/>\n\t<meta name=\"twitter:data1\" content=\"IPC comms\" \/>\n\t<meta name=\"twitter:label2\" content=\"Dur\u00e9e de lecture estim\u00e9e\" \/>\n\t<meta name=\"twitter:data2\" content=\"3 minutes\" \/>\n<script type=\"application\/ld+json\" class=\"yoast-schema-graph\">{\"@context\":\"https:\\\/\\\/schema.org\",\"@graph\":[{\"@type\":\"Article\",\"@id\":\"https:\\\/\\\/www.foodsovereignty.org\\\/fr\\\/le-wffp-afrique-a-tenu-sa-premiere-reunion-regionale-et-celebre-la-journee-mondiale-de-la-peche\\\/#article\",\"isPartOf\":{\"@id\":\"https:\\\/\\\/www.foodsovereignty.org\\\/fr\\\/le-wffp-afrique-a-tenu-sa-premiere-reunion-regionale-et-celebre-la-journee-mondiale-de-la-peche\\\/\"},\"author\":{\"name\":\"IPC comms\",\"@id\":\"https:\\\/\\\/www.foodsovereignty.org\\\/fr\\\/#\\\/schema\\\/person\\\/c5d86d7101c42543207204332399e87e\"},\"headline\":\"Le WFFP Afrique a tenu sa premi\u00e8re r\u00e9union r\u00e9gionale et c\u00e9l\u00e9br\u00e9 la Journ\u00e9e mondiale de la p\u00eache\",\"datePublished\":\"2025-11-25T20:06:35+00:00\",\"dateModified\":\"2025-11-25T20:06:52+00:00\",\"mainEntityOfPage\":{\"@id\":\"https:\\\/\\\/www.foodsovereignty.org\\\/fr\\\/le-wffp-afrique-a-tenu-sa-premiere-reunion-regionale-et-celebre-la-journee-mondiale-de-la-peche\\\/\"},\"wordCount\":519,\"image\":{\"@id\":\"https:\\\/\\\/www.foodsovereignty.org\\\/fr\\\/le-wffp-afrique-a-tenu-sa-premiere-reunion-regionale-et-celebre-la-journee-mondiale-de-la-peche\\\/#primaryimage\"},\"thumbnailUrl\":\"https:\\\/\\\/www.foodsovereignty.org\\\/wp-content\\\/uploads\\\/2025\\\/11\\\/WhatsApp-Image-2025-11-25-at-08.25.28.jpeg\",\"keywords\":[\"journ\u00e9e Mondiale de la Peche\"],\"articleSection\":[\"Nouvelles\"],\"inLanguage\":\"fr-FR\"},{\"@type\":\"WebPage\",\"@id\":\"https:\\\/\\\/www.foodsovereignty.org\\\/fr\\\/le-wffp-afrique-a-tenu-sa-premiere-reunion-regionale-et-celebre-la-journee-mondiale-de-la-peche\\\/\",\"url\":\"https:\\\/\\\/www.foodsovereignty.org\\\/fr\\\/le-wffp-afrique-a-tenu-sa-premiere-reunion-regionale-et-celebre-la-journee-mondiale-de-la-peche\\\/\",\"name\":\"Le WFFP Afrique a c\u00e9l\u00e9br\u00e9 la Journ\u00e9e mondiale de la p\u00eache\",\"isPartOf\":{\"@id\":\"https:\\\/\\\/www.foodsovereignty.org\\\/fr\\\/#website\"},\"primaryImageOfPage\":{\"@id\":\"https:\\\/\\\/www.foodsovereignty.org\\\/fr\\\/le-wffp-afrique-a-tenu-sa-premiere-reunion-regionale-et-celebre-la-journee-mondiale-de-la-peche\\\/#primaryimage\"},\"image\":{\"@id\":\"https:\\\/\\\/www.foodsovereignty.org\\\/fr\\\/le-wffp-afrique-a-tenu-sa-premiere-reunion-regionale-et-celebre-la-journee-mondiale-de-la-peche\\\/#primaryimage\"},\"thumbnailUrl\":\"https:\\\/\\\/www.foodsovereignty.org\\\/wp-content\\\/uploads\\\/2025\\\/11\\\/WhatsApp-Image-2025-11-25-at-08.25.28.jpeg\",\"datePublished\":\"2025-11-25T20:06:35+00:00\",\"dateModified\":\"2025-11-25T20:06:52+00:00\",\"author\":{\"@id\":\"https:\\\/\\\/www.foodsovereignty.org\\\/fr\\\/#\\\/schema\\\/person\\\/c5d86d7101c42543207204332399e87e\"},\"breadcrumb\":{\"@id\":\"https:\\\/\\\/www.foodsovereignty.org\\\/fr\\\/le-wffp-afrique-a-tenu-sa-premiere-reunion-regionale-et-celebre-la-journee-mondiale-de-la-peche\\\/#breadcrumb\"},\"inLanguage\":\"fr-FR\",\"potentialAction\":[{\"@type\":\"ReadAction\",\"target\":[\"https:\\\/\\\/www.foodsovereignty.org\\\/fr\\\/le-wffp-afrique-a-tenu-sa-premiere-reunion-regionale-et-celebre-la-journee-mondiale-de-la-peche\\\/\"]}]},{\"@type\":\"ImageObject\",\"inLanguage\":\"fr-FR\",\"@id\":\"https:\\\/\\\/www.foodsovereignty.org\\\/fr\\\/le-wffp-afrique-a-tenu-sa-premiere-reunion-regionale-et-celebre-la-journee-mondiale-de-la-peche\\\/#primaryimage\",\"url\":\"https:\\\/\\\/www.foodsovereignty.org\\\/wp-content\\\/uploads\\\/2025\\\/11\\\/WhatsApp-Image-2025-11-25-at-08.25.28.jpeg\",\"contentUrl\":\"https:\\\/\\\/www.foodsovereignty.org\\\/wp-content\\\/uploads\\\/2025\\\/11\\\/WhatsApp-Image-2025-11-25-at-08.25.28.jpeg\",\"width\":1600,\"height\":900},{\"@type\":\"BreadcrumbList\",\"@id\":\"https:\\\/\\\/www.foodsovereignty.org\\\/fr\\\/le-wffp-afrique-a-tenu-sa-premiere-reunion-regionale-et-celebre-la-journee-mondiale-de-la-peche\\\/#breadcrumb\",\"itemListElement\":[{\"@type\":\"ListItem\",\"position\":1,\"name\":\"Home\",\"item\":\"https:\\\/\\\/www.foodsovereignty.org\\\/fr\\\/\"},{\"@type\":\"ListItem\",\"position\":2,\"name\":\"Le WFFP Afrique a tenu sa premi\u00e8re r\u00e9union r\u00e9gionale et c\u00e9l\u00e9br\u00e9 la Journ\u00e9e mondiale de la p\u00eache\"}]},{\"@type\":\"WebSite\",\"@id\":\"https:\\\/\\\/www.foodsovereignty.org\\\/fr\\\/#website\",\"url\":\"https:\\\/\\\/www.foodsovereignty.org\\\/fr\\\/\",\"name\":\"International Planning Committee for Food Sovereignty (IPC)\",\"description\":\"\",\"potentialAction\":[{\"@type\":\"SearchAction\",\"target\":{\"@type\":\"EntryPoint\",\"urlTemplate\":\"https:\\\/\\\/www.foodsovereignty.org\\\/fr\\\/?s={search_term_string}\"},\"query-input\":{\"@type\":\"PropertyValueSpecification\",\"valueRequired\":true,\"valueName\":\"search_term_string\"}}],\"inLanguage\":\"fr-FR\"},{\"@type\":\"Person\",\"@id\":\"https:\\\/\\\/www.foodsovereignty.org\\\/fr\\\/#\\\/schema\\\/person\\\/c5d86d7101c42543207204332399e87e\",\"name\":\"IPC comms\",\"image\":{\"@type\":\"ImageObject\",\"inLanguage\":\"fr-FR\",\"@id\":\"https:\\\/\\\/secure.gravatar.com\\\/avatar\\\/383f0d7b56f08da80de57d5d3281a5757594759261b9b8cdeb29616624681e03?s=96&d=mm&r=g\",\"url\":\"https:\\\/\\\/secure.gravatar.com\\\/avatar\\\/383f0d7b56f08da80de57d5d3281a5757594759261b9b8cdeb29616624681e03?s=96&d=mm&r=g\",\"contentUrl\":\"https:\\\/\\\/secure.gravatar.com\\\/avatar\\\/383f0d7b56f08da80de57d5d3281a5757594759261b9b8cdeb29616624681e03?s=96&d=mm&r=g\",\"caption\":\"IPC comms\"},\"url\":\"https:\\\/\\\/www.foodsovereignty.org\\\/fr\\\/author\\\/ipc-comms\\\/\"}]}<\/script>\n<!-- \/ Yoast SEO plugin. -->","yoast_head_json":{"title":"Le WFFP Afrique a c\u00e9l\u00e9br\u00e9 la Journ\u00e9e mondiale de la p\u00eache","robots":{"index":"index","follow":"follow","max-snippet":"max-snippet:-1","max-image-preview":"max-image-preview:large","max-video-preview":"max-video-preview:-1"},"canonical":"https:\/\/www.foodsovereignty.org\/fr\/le-wffp-afrique-a-tenu-sa-premiere-reunion-regionale-et-celebre-la-journee-mondiale-de-la-peche\/","og_locale":"fr_FR","og_type":"article","og_title":"Le WFFP Afrique a c\u00e9l\u00e9br\u00e9 la Journ\u00e9e mondiale de la p\u00eache","og_description":"Du 17 au 22 novembre, le Forum mondial des peuple p\u00eacheurs (WFFP), membre actif du Comit\u00e9 international de planification pour la souverainet\u00e9 alimentaire, a tenu sa premi\u00e8re r\u00e9union r\u00e9gionale historique en Afrique, au S\u00e9n\u00e9gal \u2014 une \u00e9tape importante vers le renforcement de la voix et de l&rsquo;influence des p\u00eacheurs \u00e0 travers le continent. Le facilitateur [&hellip;]","og_url":"https:\/\/www.foodsovereignty.org\/fr\/le-wffp-afrique-a-tenu-sa-premiere-reunion-regionale-et-celebre-la-journee-mondiale-de-la-peche\/","og_site_name":"International Planning Committee for Food Sovereignty (IPC)","article_published_time":"2025-11-25T20:06:35+00:00","article_modified_time":"2025-11-25T20:06:52+00:00","og_image":[{"width":1600,"height":900,"url":"https:\/\/www.foodsovereignty.org\/wp-content\/uploads\/2025\/11\/WhatsApp-Image-2025-11-25-at-08.25.28.jpeg","type":"image\/jpeg"}],"author":"IPC comms","twitter_card":"summary_large_image","twitter_misc":{"\u00c9crit par":"IPC comms","Dur\u00e9e de lecture estim\u00e9e":"3 minutes"},"schema":{"@context":"https:\/\/schema.org","@graph":[{"@type":"Article","@id":"https:\/\/www.foodsovereignty.org\/fr\/le-wffp-afrique-a-tenu-sa-premiere-reunion-regionale-et-celebre-la-journee-mondiale-de-la-peche\/#article","isPartOf":{"@id":"https:\/\/www.foodsovereignty.org\/fr\/le-wffp-afrique-a-tenu-sa-premiere-reunion-regionale-et-celebre-la-journee-mondiale-de-la-peche\/"},"author":{"name":"IPC comms","@id":"https:\/\/www.foodsovereignty.org\/fr\/#\/schema\/person\/c5d86d7101c42543207204332399e87e"},"headline":"Le WFFP Afrique a tenu sa premi\u00e8re r\u00e9union r\u00e9gionale et c\u00e9l\u00e9br\u00e9 la Journ\u00e9e mondiale de la p\u00eache","datePublished":"2025-11-25T20:06:35+00:00","dateModified":"2025-11-25T20:06:52+00:00","mainEntityOfPage":{"@id":"https:\/\/www.foodsovereignty.org\/fr\/le-wffp-afrique-a-tenu-sa-premiere-reunion-regionale-et-celebre-la-journee-mondiale-de-la-peche\/"},"wordCount":519,"image":{"@id":"https:\/\/www.foodsovereignty.org\/fr\/le-wffp-afrique-a-tenu-sa-premiere-reunion-regionale-et-celebre-la-journee-mondiale-de-la-peche\/#primaryimage"},"thumbnailUrl":"https:\/\/www.foodsovereignty.org\/wp-content\/uploads\/2025\/11\/WhatsApp-Image-2025-11-25-at-08.25.28.jpeg","keywords":["journ\u00e9e Mondiale de la Peche"],"articleSection":["Nouvelles"],"inLanguage":"fr-FR"},{"@type":"WebPage","@id":"https:\/\/www.foodsovereignty.org\/fr\/le-wffp-afrique-a-tenu-sa-premiere-reunion-regionale-et-celebre-la-journee-mondiale-de-la-peche\/","url":"https:\/\/www.foodsovereignty.org\/fr\/le-wffp-afrique-a-tenu-sa-premiere-reunion-regionale-et-celebre-la-journee-mondiale-de-la-peche\/","name":"Le WFFP Afrique a c\u00e9l\u00e9br\u00e9 la Journ\u00e9e mondiale de la p\u00eache","isPartOf":{"@id":"https:\/\/www.foodsovereignty.org\/fr\/#website"},"primaryImageOfPage":{"@id":"https:\/\/www.foodsovereignty.org\/fr\/le-wffp-afrique-a-tenu-sa-premiere-reunion-regionale-et-celebre-la-journee-mondiale-de-la-peche\/#primaryimage"},"image":{"@id":"https:\/\/www.foodsovereignty.org\/fr\/le-wffp-afrique-a-tenu-sa-premiere-reunion-regionale-et-celebre-la-journee-mondiale-de-la-peche\/#primaryimage"},"thumbnailUrl":"https:\/\/www.foodsovereignty.org\/wp-content\/uploads\/2025\/11\/WhatsApp-Image-2025-11-25-at-08.25.28.jpeg","datePublished":"2025-11-25T20:06:35+00:00","dateModified":"2025-11-25T20:06:52+00:00","author":{"@id":"https:\/\/www.foodsovereignty.org\/fr\/#\/schema\/person\/c5d86d7101c42543207204332399e87e"},"breadcrumb":{"@id":"https:\/\/www.foodsovereignty.org\/fr\/le-wffp-afrique-a-tenu-sa-premiere-reunion-regionale-et-celebre-la-journee-mondiale-de-la-peche\/#breadcrumb"},"inLanguage":"fr-FR","potentialAction":[{"@type":"ReadAction","target":["https:\/\/www.foodsovereignty.org\/fr\/le-wffp-afrique-a-tenu-sa-premiere-reunion-regionale-et-celebre-la-journee-mondiale-de-la-peche\/"]}]},{"@type":"ImageObject","inLanguage":"fr-FR","@id":"https:\/\/www.foodsovereignty.org\/fr\/le-wffp-afrique-a-tenu-sa-premiere-reunion-regionale-et-celebre-la-journee-mondiale-de-la-peche\/#primaryimage","url":"https:\/\/www.foodsovereignty.org\/wp-content\/uploads\/2025\/11\/WhatsApp-Image-2025-11-25-at-08.25.28.jpeg","contentUrl":"https:\/\/www.foodsovereignty.org\/wp-content\/uploads\/2025\/11\/WhatsApp-Image-2025-11-25-at-08.25.28.jpeg","width":1600,"height":900},{"@type":"BreadcrumbList","@id":"https:\/\/www.foodsovereignty.org\/fr\/le-wffp-afrique-a-tenu-sa-premiere-reunion-regionale-et-celebre-la-journee-mondiale-de-la-peche\/#breadcrumb","itemListElement":[{"@type":"ListItem","position":1,"name":"Home","item":"https:\/\/www.foodsovereignty.org\/fr\/"},{"@type":"ListItem","position":2,"name":"Le WFFP Afrique a tenu sa premi\u00e8re r\u00e9union r\u00e9gionale et c\u00e9l\u00e9br\u00e9 la Journ\u00e9e mondiale de la p\u00eache"}]},{"@type":"WebSite","@id":"https:\/\/www.foodsovereignty.org\/fr\/#website","url":"https:\/\/www.foodsovereignty.org\/fr\/","name":"International Planning Committee for Food Sovereignty (IPC)","description":"","potentialAction":[{"@type":"SearchAction","target":{"@type":"EntryPoint","urlTemplate":"https:\/\/www.foodsovereignty.org\/fr\/?s={search_term_string}"},"query-input":{"@type":"PropertyValueSpecification","valueRequired":true,"valueName":"search_term_string"}}],"inLanguage":"fr-FR"},{"@type":"Person","@id":"https:\/\/www.foodsovereignty.org\/fr\/#\/schema\/person\/c5d86d7101c42543207204332399e87e","name":"IPC comms","image":{"@type":"ImageObject","inLanguage":"fr-FR","@id":"https:\/\/secure.gravatar.com\/avatar\/383f0d7b56f08da80de57d5d3281a5757594759261b9b8cdeb29616624681e03?s=96&d=mm&r=g","url":"https:\/\/secure.gravatar.com\/avatar\/383f0d7b56f08da80de57d5d3281a5757594759261b9b8cdeb29616624681e03?s=96&d=mm&r=g","contentUrl":"https:\/\/secure.gravatar.com\/avatar\/383f0d7b56f08da80de57d5d3281a5757594759261b9b8cdeb29616624681e03?s=96&d=mm&r=g","caption":"IPC comms"},"url":"https:\/\/www.foodsovereignty.org\/fr\/author\/ipc-comms\/"}]}},"_links":{"self":[{"href":"https:\/\/www.foodsovereignty.org\/fr\/wp-json\/wp\/v2\/posts\/4932","targetHints":{"allow":["GET"]}}],"collection":[{"href":"https:\/\/www.foodsovereignty.org\/fr\/wp-json\/wp\/v2\/posts"}],"about":[{"href":"https:\/\/www.foodsovereignty.org\/fr\/wp-json\/wp\/v2\/types\/post"}],"author":[{"embeddable":true,"href":"https:\/\/www.foodsovereignty.org\/fr\/wp-json\/wp\/v2\/users\/7"}],"replies":[{"embeddable":true,"href":"https:\/\/www.foodsovereignty.org\/fr\/wp-json\/wp\/v2\/comments?post=4932"}],"version-history":[{"count":1,"href":"https:\/\/www.foodsovereignty.org\/fr\/wp-json\/wp\/v2\/posts\/4932\/revisions"}],"predecessor-version":[{"id":4933,"href":"https:\/\/www.foodsovereignty.org\/fr\/wp-json\/wp\/v2\/posts\/4932\/revisions\/4933"}],"wp:featuredmedia":[{"embeddable":true,"href":"https:\/\/www.foodsovereignty.org\/fr\/wp-json\/wp\/v2\/media\/4927"}],"wp:attachment":[{"href":"https:\/\/www.foodsovereignty.org\/fr\/wp-json\/wp\/v2\/media?parent=4932"}],"wp:term":[{"taxonomy":"category","embeddable":true,"href":"https:\/\/www.foodsovereignty.org\/fr\/wp-json\/wp\/v2\/categories?post=4932"},{"taxonomy":"post_tag","embeddable":true,"href":"https:\/\/www.foodsovereignty.org\/fr\/wp-json\/wp\/v2\/tags?post=4932"}],"curies":[{"name":"wp","href":"https:\/\/api.w.org\/{rel}","templated":true}]}}